{"id":205399,"date":"2026-03-09T18:25:00","date_gmt":"2026-03-09T21:25:00","guid":{"rendered":"https:\/\/www.correiobraziliense.com.br\/cbradar\/?p=205399"},"modified":"2026-03-09T09:23:48","modified_gmt":"2026-03-09T12:23:48","slug":"o-antioxidante-mais-importante-para-manter-a-pele-hidratada-e-firme","status":"publish","type":"post","link":"https:\/\/www.correiobraziliense.com.br\/cbradar\/o-antioxidante-mais-importante-para-manter-a-pele-hidratada-e-firme\/","title":{"rendered":"O antioxidante mais importante para manter a pele hidratada e firme"},"content":{"rendered":"\n<p>A vitamina E \u00e9 reconhecida por seu potencial para proteger a pele contra o ressecamento e o envelhecimento precoce. Atuando como um poderoso antioxidante lipossol\u00favel, ela ajuda a neutralizar radicais livres gerados pela exposi\u00e7\u00e3o ao sol, polui\u00e7\u00e3o e metabolismo natural, preservando a hidrata\u00e7\u00e3o, a elasticidade e a firmeza da pele.<\/p>\n\n\n\n<h2 class=\"wp-block-heading\">Como a vitamina E auxilia na hidrata\u00e7\u00e3o e na barreira cut\u00e2nea?<\/h2>\n\n\n\n<p>Naturalmente presente no sebo, a oleosidade produzida pela pele, a vitamina E funciona como uma camada protetora que impede a perda excessiva de \u00e1gua. Com o envelhecimento e a exposi\u00e7\u00e3o intensa ao sol, seus n\u00edveis cut\u00e2neos diminuem, comprometendo a barreira da pele e favorecendo o ressecamento e a sensibilidade.<\/p>\n\n\n\n<p>A reposi\u00e7\u00e3o de vitamina E, por meio de produtos t\u00f3picos ou da alimenta\u00e7\u00e3o, fortalece essa <a href=\"https:\/\/pubmed.ncbi.nlm.nih.gov\/27559512\/\" target=\"_blank\" rel=\"noreferrer noopener\">barreira protetora<\/a>, deixando a pele mais macia e menos propensa \u00e0 descama\u00e7\u00e3o. Em dermocosm\u00e9ticos, costuma ser encontrada como tocoferol ou acetato de tocoferila, muitas vezes associada a outros ativos hidratantes.<\/p>\n\n\n\n<h2 class=\"wp-block-heading\">Como a vitamina E combate o envelhecimento da pele?<\/h2>\n\n\n\n<p>O envelhecimento cut\u00e2neo \u00e9 influenciado pela a\u00e7\u00e3o de radicais livres, que podem danificar col\u00e1geno e fibras de elastina, estruturas respons\u00e1veis pela sustenta\u00e7\u00e3o da pele. A vitamina E ajuda a interromper essa a\u00e7\u00e3o, reduzindo o estresse oxidativo e colaborando para uma apar\u00eancia mais firme, uniforme e luminosa.<\/p>\n\n\n\n<p>Al\u00e9m da prote\u00e7\u00e3o antioxidante, a vitamina E apoia a renova\u00e7\u00e3o celular e a s\u00edntese de col\u00e1geno, especialmente quando associada \u00e0 vitamina C. Essa combina\u00e7\u00e3o potencializa a defesa contra danos da radia\u00e7\u00e3o solar e polui\u00e7\u00e3o, sendo comum em s\u00e9runs antioxidantes de uso di\u00e1rio.<\/p>\n\n\n\n<p>Para compreender melhor para que serve a <strong>vitamina E<\/strong>, onde ela pode ser encontrada e sua rela\u00e7\u00e3o com o envelhecimento celular, assista ao v\u00eddeo a seguir, no qual o especialista explica o assunto de forma clara e did\u00e1tica no canal <strong>M\u00e9dico para toda vida<\/strong>.<\/p>\n\n\n\n<iframe loading=\"lazy\" width=\"1396\" height=\"785\" src=\"https:\/\/www.youtube.com\/embed\/CCSbxMn6PpE\" title=\"VITAMINA E: para que serve? Onde encontrar vitamina E? A vitamina E previne envelhecimento celular?\" frameborder=\"0\" allow=\"accelerometer; autoplay; clipboard-write; encrypted-media; gyroscope; picture-in-picture; web-share\" referrerpolicy=\"strict-origin-when-cross-origin\" allowfullscreen><\/iframe>\n\n\n\n<h2 class=\"wp-block-heading\">Quais alimentos s\u00e3o fontes importantes de vitamina E?<\/h2>\n\n\n\n<p>Garantir a ingest\u00e3o adequada de vitamina E pela alimenta\u00e7\u00e3o \u00e9 uma forma segura e eficaz de manter bons n\u00edveis desse nutriente no organismo. Sementes de girassol e seu \u00f3leo, al\u00e9m de oleaginosas como am\u00eandoas e nozes, s\u00e3o fontes ricas e pr\u00e1ticas para o consumo di\u00e1rio.<\/p>\n\n\n\n<p>O abacate se destaca por fornecer gorduras saud\u00e1veis e boa quantidade de vitamina E, enquanto vegetais verde-escuros, como espinafre e br\u00f3colis, e o azeite extravirgem tamb\u00e9m contribuem para a ingest\u00e3o. Variar essas fontes ao longo da semana ajuda a manter um aporte regular do antioxidante.<\/p>\n\n\n<div class=\"wp-block-image\">\n<figure class=\"aligncenter size-large\"><img decoding=\"async\" width=\"1024\" height=\"576\" src=\"https:\/\/www.correiobraziliense.com.br\/cbradar\/wp-content\/uploads\/2025\/08\/vitamina-E_1754315071650-1024x576.jpg\" alt=\"\" class=\"wp-image-80637\" srcset=\"https:\/\/www.correiobraziliense.com.br\/cbradar\/wp-content\/uploads\/2025\/08\/vitamina-E_1754315071650-1024x576.jpg 1024w, https:\/\/www.correiobraziliense.com.br\/cbradar\/wp-content\/uploads\/2025\/08\/vitamina-E_1754315071650-300x169.jpg 300w, https:\/\/www.correiobraziliense.com.br\/cbradar\/wp-content\/uploads\/2025\/08\/vitamina-E_1754315071650-768x432.jpg 768w, https:\/\/www.correiobraziliense.com.br\/cbradar\/wp-content\/uploads\/2025\/08\/vitamina-E_1754315071650-750x422.jpg 750w, https:\/\/www.correiobraziliense.com.br\/cbradar\/wp-content\/uploads\/2025\/08\/vitamina-E_1754315071650-1140x641.jpg 1140w, https:\/\/www.correiobraziliense.com.br\/cbradar\/wp-content\/uploads\/2025\/08\/vitamina-E_1754315071650.jpg 1280w\" sizes=\"(max-width: 1024px) 100vw, 1024px\" \/><figcaption class=\"wp-element-caption\">Vitamina E &#8211; Cr\u00e9ditos: depositphotos.com \/ elena.hramova<\/figcaption><\/figure><\/div>\n\n\n<h2 class=\"wp-block-heading\">Quais cuidados s\u00e3o necess\u00e1rios ao usar vitamina E?<\/h2>\n\n\n\n<p>A vitamina E \u00e9 geralmente segura, mas seu uso requer alguns cuidados, sobretudo em forma de suplemento ou em peles oleosas e acneicas. Em doses elevadas, suplementos podem interferir na coagula\u00e7\u00e3o do sangue e interagir com medicamentos anticoagulantes, exigindo sempre acompanhamento profissional.<\/p>\n\n\n\n<p>Para orientar melhor o uso no dia a dia, alguns pontos merecem aten\u00e7\u00e3o especial:<\/p>\n\n\n\n\n<style>\n  .make-wrap{\n    max-width: 760px;\n    margin: 26px auto;\n    padding: 18px;\n    border-radius: 18px;\n    background: linear-gradient(135deg,#fff7fb 0%,#f6f2ff 100%);\n    border: 1px solid #f7d4ea;\n    box-shadow: 0 8px 20px rgba(236,72,153,.12);\n    font-family: system-ui, -apple-system, Segoe UI, Roboto, Helvetica, Arial, sans-serif;\n  }\n\n  .make-title{\n    display:flex; \n    align-items:center; \n    gap:10px;\n    margin:0 0 12px 4px;\n    font-size:1.2rem; \n    font-weight:900; \n    color:#9d174d;\n  }\n\n  .make-table{\n    width:100%;\n    border-collapse:separate;\n    border-spacing:0;\n    overflow:hidden;\n    border-radius:16px;\n    border:1px solid #f7d4ea;\n    background:#fff;\n    font-size:.92rem;\n  }\n\n  .make-table thead th{\n    background:linear-gradient(90deg,#fde7f3 0%,#f8e9ff 100%);\n    padding:12px;\n    color:#7a1e63;\n    font-weight:800;\n    text-align:left;\n    border-bottom:1px solid #f7d4ea;\n  }\n\n  .make-table tbody td{\n    padding:12px;\n    color:#374151;\n    vertical-align:top;\n    border-bottom:1px dashed #f7d4ea;\n  }\n\n  .make-table tbody tr:nth-child(odd){\n    background:#fffaff;\n  }\n\n  .price{\n    display:inline-flex;\n    align-items:center;\n    background:#fff7ed;\n    color:#b45309;\n    padding:6px 10px;\n    border-radius:10px;\n    border:1px solid #fed7aa;\n    font-weight:700;\n    white-space:nowrap;\n  }\n\n  .badge{\n    display:inline-block;\n    background:#fde7f3;\n    color:#c026d3;\n    border:1px solid #fecdd3;\n    padding:4px 10px;\n    border-radius:999px;\n    font-weight:700;\n    font-size:.78rem;\n  }\n\n  @media (max-width:720px){\n    .make-table thead{display:none}\n    .make-table, .make-table tbody, .make-table tr, .make-table td{\n      display:block; \n      width:100%;\n    }\n    .make-table tr{\n      margin-bottom:12px;\n      border:1px solid #f7d4ea;\n      border-radius:14px;\n      overflow:hidden;\n      background:#fff;\n    }\n    .make-table td[data-label]:before{\n      content:attr(data-label);\n      display:block;\n      font-weight:800;\n      color:#7a1e63;\n      margin-bottom:4px;\n    }\n    .make-table tbody td:last-child{border-bottom:none}\n  }\n<\/style>\n\n<div class=\"make-wrap\">\n  <h3 class=\"make-title\">\ud83d\udc8a\u2728 Cuidados ao Usar Vitamina E para a Pele<\/h3>\n\n  <table class=\"make-table\">\n    <thead>\n      <tr>\n        <th>Cuidados<\/th>\n        <th>Orienta\u00e7\u00e3o<\/th>\n      <\/tr>\n    <\/thead>\n    <tbody>\n      <tr>\n        <td data-label=\"Cuidados\"><span class=\"badge\">Suplementa\u00e7\u00e3o<\/span><\/td>\n        <td data-label=\"Orienta\u00e7\u00e3o\">A suplementa\u00e7\u00e3o deve ser feita com orienta\u00e7\u00e3o de um profissional de sa\u00fade.<\/td>\n      <\/tr>\n      <tr>\n        <td data-label=\"Cuidados\"><span class=\"badge\">Intera\u00e7\u00f5es medicamentosas<\/span><\/td>\n        <td data-label=\"Orienta\u00e7\u00e3o\">\u00c9 importante aten\u00e7\u00e3o \u00e0s poss\u00edveis intera\u00e7\u00f5es com medicamentos, como anticoagulantes.<\/td>\n      <\/tr>\n      <tr>\n        <td data-label=\"Cuidados\"><span class=\"badge\">Tipo de pele<\/span><\/td>\n        <td data-label=\"Orienta\u00e7\u00e3o\">Escolher produtos adequados ao tipo de pele, evitando f\u00f3rmulas muito oleosas em peles acneicas.<\/td>\n      <\/tr>\n      <tr>\n        <td data-label=\"Cuidados\"><span class=\"badge\">Prote\u00e7\u00e3o solar<\/span><\/td>\n        <td data-label=\"Orienta\u00e7\u00e3o\">Manter o uso cont\u00ednuo de protetor solar, pois a vitamina E n\u00e3o substitui filtros solares.<\/td>\n      <\/tr>\n    <\/tbody>\n  <\/table>\n\n  <p style=\"margin-top:14px; color:#6b7280; font-size:.9rem;\">\n    \ud83d\udca1 <strong>Dica:<\/strong> A vitamina E pode ajudar na sa\u00fade da pele, mas deve sempre ser usada com equil\u00edbrio e orienta\u00e7\u00e3o adequada.\n  <\/p>\n<\/div>\n\n\n\n\n<p>Antes de iniciar qualquer suplementa\u00e7\u00e3o ou alterar rotinas de cuidados com a pele, \u00e9 recomendada a consulta com um dermatologista ou nutricionista. Esse acompanhamento permite ajustar doses, formas de uso (t\u00f3pica ou oral) e combina\u00e7\u00f5es com outros ativos, garantindo maior efic\u00e1cia e seguran\u00e7a.<\/p>\n\n\n<a href=\"https:\/\/www.instagram.com\/dra.annaluisabf\/\" target=\"_blank\" rel=\"noopener\" style=\"text-decoration: none; color: inherit;\">\n    <span style=\"display: inline-block; border: 1px solid #ccc; border-radius: 10px; padding: 15px; max-width: 550px; font-family: sans-serif; box-shadow: 0 2px 5px rgba(0,0,0,0.1); width: 100%;\">\n\n      <!-- T\u00edtulo -->\n      <span style=\"display: block; margin: 0 0 15px 0; font-weight: bold; color: #2c3e50; text-align: center;\">\n        Entre em contato:\n      <\/span>\n\n      <!-- Linha do perfil -->\n      <span style=\"display: flex; align-items: center; gap: 15px;\">\n        <img decoding=\"async\"\n          src=\"https:\/\/www.correiobraziliense.com.br\/cbradar\/wp-content\/uploads\/2025\/08\/dra_anna_luisa.jpeg\"\n          alt=\"Foto da Dra. Anna Lu\u00edsa\"\n          style=\"border-radius: 50%; width: 80px; height: 80px; object-fit: cover;\"\n        \/>\n        <span style=\"display: flex; flex-direction: column;\">\n          <span style=\"font-size: 18px; font-weight: 700; color: #2c3e50;\">Dra. Anna Lu\u00edsa Barbosa Fernandes<\/span>\n          <span style=\"color: #555;\">CRM-GO 33.271<\/span>\n        <\/span>\n      <\/span>\n\n      <!-- Redes -->\n      <span style=\"display: flex; align-items: center; gap: 10px; margin-top: 12px;\">\n        <img decoding=\"async\" src=\"https:\/\/cdn-icons-png.flaticon.com\/24\/1384\/1384063.png\" alt=\"Instagram\" width=\"24\" height=\"24\" \/>\n        <span style=\"text-decoration: underline; color: #2c3e50;\">@dra.annaluisabf<\/span>\n      <\/span>\n\n    <\/span>\n  <\/a>","protected":false},"excerpt":{"rendered":"<p>A vitamina E \u00e9 reconhecida por seu potencial para proteger a pele contra o ressecamento e o envelhecimento precoce. Atuando como um poderoso antioxidante lipossol\u00favel, ela ajuda a neutralizar radicais livres gerados pela exposi\u00e7\u00e3o ao sol, polui\u00e7\u00e3o e metabolismo natural, preservando a hidrata\u00e7\u00e3o, a elasticidade e a firmeza da pele. Como a vitamina E auxilia [&hellip;]<\/p>\n","protected":false},"author":14,"featured_media":80638,"comment_status":"open","ping_status":"open","sticky":false,"template":"","format":"standard","meta":{"_yoast_wpseo_focuskw":"Vitamina E","_yoast_wpseo_title":"","_yoast_wpseo_metadesc":"Vitamina E pode ajudar a proteger a pele do ressecamento e do envelhecimento precoce. Descubra como ela atua.","jnews-multi-image_gallery":[],"jnews_single_post":{"format":"standard"},"jnews_primary_category":[],"jnews_social_meta":[],"jnews_override_counter":[],"footnotes":""},"categories":[4404],"post_tag":[120,247,1318],"class_list":["post-205399","post","type-post","status-publish","format-standard","has-post-thumbnail","hentry","category-saude","tag-bem-estar","tag-qualidade-de-vida","tag-saude-2"],"yoast_head":"<!-- This site is optimized with the Yoast SEO plugin v24.6 - https:\/\/yoast.com\/wordpress\/plugins\/seo\/ -->\n<title>O antioxidante mais importante para manter a pele hidratada e firme - Correio Braziliense - Radar<\/title>\n<meta name=\"description\" content=\"Vitamina E pode ajudar a proteger a pele do ressecamento e do envelhecimento precoce. Descubra como ela atua.\" \/>\n<meta name=\"robots\" content=\"index, follow, max-snippet:-1, max-image-preview:large, max-video-preview:-1\" \/>\n<link rel=\"canonical\" href=\"https:\/\/www.correiobraziliense.com.br\/cbradar\/o-antioxidante-mais-importante-para-manter-a-pele-hidratada-e-firme\/\" \/>\n<meta property=\"og:locale\" content=\"pt_BR\" \/>\n<meta property=\"og:type\" content=\"article\" \/>\n<meta property=\"og:title\" content=\"O antioxidante mais importante para manter a pele hidratada e firme - Correio Braziliense - Radar\" \/>\n<meta property=\"og:description\" content=\"Vitamina E pode ajudar a proteger a pele do ressecamento e do envelhecimento precoce. Descubra como ela atua.\" \/>\n<meta property=\"og:url\" content=\"https:\/\/www.correiobraziliense.com.br\/cbradar\/o-antioxidante-mais-importante-para-manter-a-pele-hidratada-e-firme\/\" \/>\n<meta property=\"og:site_name\" content=\"Correio Braziliense - Radar\" \/>\n<meta property=\"article:published_time\" content=\"2026-03-09T21:25:00+00:00\" \/>\n<meta property=\"og:image\" content=\"https:\/\/www.correiobraziliense.com.br\/cbradar\/wp-content\/uploads\/2025\/08\/vitamina-E_1754315097934.jpg\" \/>\n\t<meta property=\"og:image:width\" content=\"1280\" \/>\n\t<meta property=\"og:image:height\" content=\"720\" \/>\n\t<meta property=\"og:image:type\" content=\"image\/jpeg\" \/>\n<meta name=\"author\" content=\"guilherme_saude\" \/>\n<meta name=\"twitter:card\" content=\"summary_large_image\" \/>\n<meta name=\"twitter:label1\" content=\"Escrito por\" \/>\n\t<meta name=\"twitter:data1\" content=\"guilherme_saude\" \/>\n\t<meta name=\"twitter:label2\" content=\"Est. tempo de leitura\" \/>\n\t<meta name=\"twitter:data2\" content=\"5 minutos\" \/>\n<!-- \/ Yoast SEO plugin. -->","yoast_head_json":{"title":"O antioxidante mais importante para manter a pele hidratada e firme - Correio Braziliense - Radar","description":"Vitamina E pode ajudar a proteger a pele do ressecamento e do envelhecimento precoce. Descubra como ela atua.","robots":{"index":"index","follow":"follow","max-snippet":"max-snippet:-1","max-image-preview":"max-image-preview:large","max-video-preview":"max-video-preview:-1"},"canonical":"https:\/\/www.correiobraziliense.com.br\/cbradar\/o-antioxidante-mais-importante-para-manter-a-pele-hidratada-e-firme\/","og_locale":"pt_BR","og_type":"article","og_title":"O antioxidante mais importante para manter a pele hidratada e firme - Correio Braziliense - Radar","og_description":"Vitamina E pode ajudar a proteger a pele do ressecamento e do envelhecimento precoce. Descubra como ela atua.","og_url":"https:\/\/www.correiobraziliense.com.br\/cbradar\/o-antioxidante-mais-importante-para-manter-a-pele-hidratada-e-firme\/","og_site_name":"Correio Braziliense - Radar","article_published_time":"2026-03-09T21:25:00+00:00","og_image":[{"width":1280,"height":720,"url":"https:\/\/www.correiobraziliense.com.br\/cbradar\/wp-content\/uploads\/2025\/08\/vitamina-E_1754315097934.jpg","type":"image\/jpeg"}],"author":"guilherme_saude","twitter_card":"summary_large_image","twitter_misc":{"Escrito por":"guilherme_saude","Est. tempo de leitura":"5 minutos"},"schema":{"@context":"https:\/\/schema.org","@graph":[{"@type":"WebPage","@id":"https:\/\/www.correiobraziliense.com.br\/cbradar\/o-antioxidante-mais-importante-para-manter-a-pele-hidratada-e-firme\/","url":"https:\/\/www.correiobraziliense.com.br\/cbradar\/o-antioxidante-mais-importante-para-manter-a-pele-hidratada-e-firme\/","name":"O antioxidante mais importante para manter a pele hidratada e firme - Correio Braziliense - Radar","isPartOf":{"@id":"https:\/\/www.correiobraziliense.com.br\/cbradar\/#website"},"primaryImageOfPage":{"@id":"https:\/\/www.correiobraziliense.com.br\/cbradar\/o-antioxidante-mais-importante-para-manter-a-pele-hidratada-e-firme\/#primaryimage"},"image":{"@id":"https:\/\/www.correiobraziliense.com.br\/cbradar\/o-antioxidante-mais-importante-para-manter-a-pele-hidratada-e-firme\/#primaryimage"},"thumbnailUrl":"https:\/\/www.correiobraziliense.com.br\/cbradar\/wp-content\/uploads\/2025\/08\/vitamina-E_1754315097934.jpg","datePublished":"2026-03-09T21:25:00+00:00","author":{"@id":"https:\/\/www.correiobraziliense.com.br\/cbradar\/#\/schema\/person\/5aa4bf3c8fa699c267933611de12978b"},"description":"Vitamina E pode ajudar a proteger a pele do ressecamento e do envelhecimento precoce. Descubra como ela atua.","breadcrumb":{"@id":"https:\/\/www.correiobraziliense.com.br\/cbradar\/o-antioxidante-mais-importante-para-manter-a-pele-hidratada-e-firme\/#breadcrumb"},"inLanguage":"pt-BR","potentialAction":[{"@type":"ReadAction","target":["https:\/\/www.correiobraziliense.com.br\/cbradar\/o-antioxidante-mais-importante-para-manter-a-pele-hidratada-e-firme\/"]}]},{"@type":"ImageObject","inLanguage":"pt-BR","@id":"https:\/\/www.correiobraziliense.com.br\/cbradar\/o-antioxidante-mais-importante-para-manter-a-pele-hidratada-e-firme\/#primaryimage","url":"https:\/\/www.correiobraziliense.com.br\/cbradar\/wp-content\/uploads\/2025\/08\/vitamina-E_1754315097934.jpg","contentUrl":"https:\/\/www.correiobraziliense.com.br\/cbradar\/wp-content\/uploads\/2025\/08\/vitamina-E_1754315097934.jpg","width":1280,"height":720,"caption":"Vitamina E - Cr\u00e9ditos: depositphotos.com \/ yulianny"},{"@type":"BreadcrumbList","@id":"https:\/\/www.correiobraziliense.com.br\/cbradar\/o-antioxidante-mais-importante-para-manter-a-pele-hidratada-e-firme\/#breadcrumb","itemListElement":[{"@type":"ListItem","position":1,"name":"In\u00edcio","item":"https:\/\/www.correiobraziliense.com.br\/cbradar\/"},{"@type":"ListItem","position":2,"name":"O antioxidante mais importante para manter a pele hidratada e firme"}]},{"@type":"WebSite","@id":"https:\/\/www.correiobraziliense.com.br\/cbradar\/#website","url":"https:\/\/www.correiobraziliense.com.br\/cbradar\/","name":"Correio Braziliense - Radar","description":"Acompanhe as \u00faltimas not\u00edcias e fique bem informado sobre tudo o que acontece no Brasil e no mundo.","potentialAction":[{"@type":"SearchAction","target":{"@type":"EntryPoint","urlTemplate":"https:\/\/www.correiobraziliense.com.br\/cbradar\/?s={search_term_string}"},"query-input":{"@type":"PropertyValueSpecification","valueRequired":true,"valueName":"search_term_string"}}],"inLanguage":"pt-BR"},{"@type":"Person","@id":"https:\/\/www.correiobraziliense.com.br\/cbradar\/#\/schema\/person\/5aa4bf3c8fa699c267933611de12978b","name":"guilherme_saude","image":{"@type":"ImageObject","inLanguage":"pt-BR","@id":"https:\/\/www.correiobraziliense.com.br\/cbradar\/#\/schema\/person\/image\/","url":"https:\/\/secure.gravatar.com\/avatar\/df9adfb835d344bc0af109d41756253f?s=96&d=mm&r=g","contentUrl":"https:\/\/secure.gravatar.com\/avatar\/df9adfb835d344bc0af109d41756253f?s=96&d=mm&r=g","caption":"guilherme_saude"},"url":"https:\/\/www.correiobraziliense.com.br\/cbradar\/author\/guilherme_saude\/"}]}},"_links":{"self":[{"href":"https:\/\/www.correiobraziliense.com.br\/cbradar\/wp-json\/wp\/v2\/posts\/205399","targetHints":{"allow":["GET"]}}],"collection":[{"href":"https:\/\/www.correiobraziliense.com.br\/cbradar\/wp-json\/wp\/v2\/posts"}],"about":[{"href":"https:\/\/www.correiobraziliense.com.br\/cbradar\/wp-json\/wp\/v2\/types\/post"}],"author":[{"embeddable":true,"href":"https:\/\/www.correiobraziliense.com.br\/cbradar\/wp-json\/wp\/v2\/users\/14"}],"replies":[{"embeddable":true,"href":"https:\/\/www.correiobraziliense.com.br\/cbradar\/wp-json\/wp\/v2\/comments?post=205399"}],"version-history":[{"count":1,"href":"https:\/\/www.correiobraziliense.com.br\/cbradar\/wp-json\/wp\/v2\/posts\/205399\/revisions"}],"predecessor-version":[{"id":205402,"href":"https:\/\/www.correiobraziliense.com.br\/cbradar\/wp-json\/wp\/v2\/posts\/205399\/revisions\/205402"}],"wp:featuredmedia":[{"embeddable":true,"href":"https:\/\/www.correiobraziliense.com.br\/cbradar\/wp-json\/wp\/v2\/media\/80638"}],"wp:attachment":[{"href":"https:\/\/www.correiobraziliense.com.br\/cbradar\/wp-json\/wp\/v2\/media?parent=205399"}],"wp:term":[{"taxonomy":"category","embeddable":true,"href":"https:\/\/www.correiobraziliense.com.br\/cbradar\/wp-json\/wp\/v2\/categories?post=205399"},{"taxonomy":"post_tag","embeddable":true,"href":"https:\/\/www.correiobraziliense.com.br\/cbradar\/wp-json\/wp\/v2\/post_tag?post=205399"}],"curies":[{"name":"wp","href":"https:\/\/api.w.org\/{rel}","templated":true}]}}