{"id":205420,"date":"2026-03-11T10:15:00","date_gmt":"2026-03-11T13:15:00","guid":{"rendered":"https:\/\/www.correiobraziliense.com.br\/cbradar\/?p=205420"},"modified":"2026-03-10T15:09:10","modified_gmt":"2026-03-10T18:09:10","slug":"adeus-aos-armarios-superiores-a-nova-tendencia-de-prateleiras-abertas-que-amplia-o-espaco-da-cozinha","status":"publish","type":"post","link":"https:\/\/www.correiobraziliense.com.br\/cbradar\/adeus-aos-armarios-superiores-a-nova-tendencia-de-prateleiras-abertas-que-amplia-o-espaco-da-cozinha\/","title":{"rendered":"Adeus aos arm\u00e1rios superiores: a nova tend\u00eancia de prateleiras abertas que amplia o espa\u00e7o da cozinha"},"content":{"rendered":"\n<p>A <strong>nova tend\u00eancia de prateleiras abertas<\/strong> revoluciona os projetos residenciais ao eliminar m\u00f3dulos de marcenaria pesados na altura dos olhos. Essa substitui\u00e7\u00e3o arquitet\u00f4nica inteligente clareia todo o c\u00f4modo e cria uma sensa\u00e7\u00e3o imediata de amplitude espacial na sua rotina di\u00e1ria.<\/p>\n\n\n\n<h2 class=\"wp-block-heading\">Por que abandonar os m\u00f3dulos fechados tradicionais?<\/h2>\n\n\n\n<p>Projetos convencionais de marcenaria utilizam caixas de madeira imensas que bloqueiam a propaga\u00e7\u00e3o natural da claridade. Ao retirar esses blocos volumosos e escuros das paredes, o morador ganha um respiro visual instant\u00e2neo e permite que a ilumina\u00e7\u00e3o natural flua livremente por toda a \u00e1rea de preparo das refei\u00e7\u00f5es.<\/p>\n\n\n\n<p>Essa filosofia baseada no minimalismo ganha muita for\u00e7a atrav\u00e9s de refer\u00eancias do <a href=\"https:\/\/pt.wikipedia.org\/wiki\/Design_de_interiores\" target=\"_blank\" rel=\"noreferrer noopener\"><strong>Design de Interiores<\/strong><\/a> em diversos pa\u00edses. A aus\u00eancia de portas fechadas moderniza profundamente a est\u00e9tica do im\u00f3vel e facilita bastante o acesso r\u00e1pido aos temperos mais usados por quem cozinha com frequ\u00eancia.<\/p>\n\n\n<div class=\"wp-block-image\">\n<figure class=\"aligncenter size-full\"><img decoding=\"async\" width=\"1280\" height=\"720\" src=\"https:\/\/www.correiobraziliense.com.br\/cbradar\/wp-content\/uploads\/2026\/03\/imagem_2026-03-09_093728110.png\" alt=\"Mulher sorridente admirando suas novas prateleiras abertas de madeira em uma cozinha brasileira iluminada pelo sol.\" class=\"wp-image-205428\" srcset=\"https:\/\/www.correiobraziliense.com.br\/cbradar\/wp-content\/uploads\/2026\/03\/imagem_2026-03-09_093728110.png 1280w, https:\/\/www.correiobraziliense.com.br\/cbradar\/wp-content\/uploads\/2026\/03\/imagem_2026-03-09_093728110-300x169.png 300w, https:\/\/www.correiobraziliense.com.br\/cbradar\/wp-content\/uploads\/2026\/03\/imagem_2026-03-09_093728110-768x432.png 768w, https:\/\/www.correiobraziliense.com.br\/cbradar\/wp-content\/uploads\/2026\/03\/imagem_2026-03-09_093728110-750x422.png 750w, https:\/\/www.correiobraziliense.com.br\/cbradar\/wp-content\/uploads\/2026\/03\/imagem_2026-03-09_093728110-1140x641.png 1140w\" sizes=\"(max-width: 1280px) 100vw, 1280px\" \/><figcaption class=\"wp-element-caption\">Mulher sorridente admirando suas novas prateleiras abertas de madeira em uma cozinha brasileira iluminada pelo sol.<\/figcaption><\/figure><\/div>\n\n\n<h2 class=\"wp-block-heading\">Como organizar os itens sem gerar polui\u00e7\u00e3o visual?<\/h2>\n\n\n\n<p>O segredo do sucesso est\u00e9tico reside na rigorosa padroniza\u00e7\u00e3o dos objetos expostos. Profissionais registrados no <strong>Conselho de Arquitetura e Urbanismo<\/strong> (<a href=\"https:\/\/www.caubr.gov.br\/\" target=\"_blank\" rel=\"noreferrer noopener\">CAU<\/a>) recomendam sempre agrupar pe\u00e7as com tamanhos semelhantes e transferir todos os mantimentos b\u00e1sicos de embalagens pl\u00e1sticas comerciais para recipientes transparentes muito mais dur\u00e1veis.<\/p>\n\n\n\n<p>A manuten\u00e7\u00e3o de uma est\u00e9tica limpa e funcional exige m\u00e9todo e comprometimento. Anote as regras essenciais de arruma\u00e7\u00e3o di\u00e1ria para aplicar em casa:<\/p>\n\n\n\n<ul class=\"wp-block-list\">\n<li>Agrupe pratos, pires e tigelas utilizando uma paleta de cor semelhante.<\/li>\n\n\n\n<li>Alterne conjuntos pesados de lou\u00e7as com vasos de plantas pendentes.<\/li>\n\n\n\n<li>Mantenha as ta\u00e7as finas de cristal posicionadas nas bordas superiores.<\/li>\n\n\n\n<li>Acomode os copos de \u00e1gua e x\u00edcaras de caf\u00e9 na altura exata das m\u00e3os.<\/li>\n<\/ul>\n\n\n<div class=\"wp-block-image\">\n<figure class=\"aligncenter size-full\"><img decoding=\"async\" width=\"1280\" height=\"720\" src=\"https:\/\/www.correiobraziliense.com.br\/cbradar\/wp-content\/uploads\/2026\/03\/imagem_2026-03-09_093734329.png\" alt=\"M\u00e3os alcan\u00e7ando um pote de vidro com temperos em uma prateleira r\u00fastica de madeira com plantas ao fundo.\" class=\"wp-image-205431\" srcset=\"https:\/\/www.correiobraziliense.com.br\/cbradar\/wp-content\/uploads\/2026\/03\/imagem_2026-03-09_093734329.png 1280w, https:\/\/www.correiobraziliense.com.br\/cbradar\/wp-content\/uploads\/2026\/03\/imagem_2026-03-09_093734329-300x169.png 300w, https:\/\/www.correiobraziliense.com.br\/cbradar\/wp-content\/uploads\/2026\/03\/imagem_2026-03-09_093734329-768x432.png 768w, https:\/\/www.correiobraziliense.com.br\/cbradar\/wp-content\/uploads\/2026\/03\/imagem_2026-03-09_093734329-750x422.png 750w, https:\/\/www.correiobraziliense.com.br\/cbradar\/wp-content\/uploads\/2026\/03\/imagem_2026-03-09_093734329-1140x641.png 1140w\" sizes=\"(max-width: 1280px) 100vw, 1280px\" \/><figcaption class=\"wp-element-caption\">M\u00e3os alcan\u00e7ando um pote de vidro com temperos em uma prateleira r\u00fastica de madeira com plantas ao fundo.<\/figcaption><\/figure><\/div>\n\n\n<h3 class=\"wp-block-heading\">Quais objetos merecem destaque na decora\u00e7\u00e3o?<\/h3>\n\n\n\n<p>Pe\u00e7as com <a href=\"https:\/\/www.correiobraziliense.com.br\/cbradar\/decoracao-barata-que-transforma-qualquer-casa-rapidamente\/\">alt\u00edssimo valor est\u00e9tico <\/a>devem assumir o protagonismo imediato na exposi\u00e7\u00e3o di\u00e1ria. Panelas de ferro esmaltado fabricadas pela <strong>Le Creuset<\/strong>, cer\u00e2micas modeladas por artes\u00e3os locais e t\u00e1buas r\u00fasticas de madeira maci\u00e7a adicionam texturas ricas e aquecem a temperatura visual de um ambiente originalmente frio.<\/p>\n\n\n\n<h2 class=\"wp-block-heading\">Qual o impacto dessa mudan\u00e7a na limpeza di\u00e1ria?<\/h2>\n\n\n\n<p>O ac\u00famulo cont\u00ednuo de gordura preocupa bastante os moradores que decidem abandonar as portas protetoras de madeira. O vapor gerado diariamente pelo fog\u00e3o carrega part\u00edculas pesadas de \u00f3leo que aderem rapidamente aos pratos delicados e aos copos posicionados nas t\u00e1buas mais pr\u00f3ximas da zona quente de coc\u00e7\u00e3o.<\/p>\n\n\n\n<p>A instala\u00e7\u00e3o t\u00e9cnica de uma coifa potente equipada com filtro de carv\u00e3o ativado resolve grande parte do problema. Lavar as pe\u00e7as menos utilizadas em um intervalo de <strong>15 dias<\/strong> tamb\u00e9m garante que todo o seu acervo permane\u00e7a impecavelmente limpo e pronto para o uso sem surpresas desagrad\u00e1veis.<\/p>\n\n\n<div class=\"wp-block-image\">\n<figure class=\"aligncenter size-full\"><img decoding=\"async\" width=\"1280\" height=\"720\" src=\"https:\/\/www.correiobraziliense.com.br\/cbradar\/wp-content\/uploads\/2026\/03\/imagem_2026-03-09_093742797.png\" alt=\"Homem organizando uma panela de ferro vermelha e cer\u00e2micas artesanais em uma prateleira aberta bem iluminada.\" class=\"wp-image-205429\" srcset=\"https:\/\/www.correiobraziliense.com.br\/cbradar\/wp-content\/uploads\/2026\/03\/imagem_2026-03-09_093742797.png 1280w, https:\/\/www.correiobraziliense.com.br\/cbradar\/wp-content\/uploads\/2026\/03\/imagem_2026-03-09_093742797-300x169.png 300w, https:\/\/www.correiobraziliense.com.br\/cbradar\/wp-content\/uploads\/2026\/03\/imagem_2026-03-09_093742797-768x432.png 768w, https:\/\/www.correiobraziliense.com.br\/cbradar\/wp-content\/uploads\/2026\/03\/imagem_2026-03-09_093742797-750x422.png 750w, https:\/\/www.correiobraziliense.com.br\/cbradar\/wp-content\/uploads\/2026\/03\/imagem_2026-03-09_093742797-1140x641.png 1140w\" sizes=\"(max-width: 1280px) 100vw, 1280px\" \/><figcaption class=\"wp-element-caption\">Homem organizando uma panela de ferro vermelha e cer\u00e2micas artesanais em uma prateleira aberta bem iluminada.<\/figcaption><\/figure><\/div>\n\n\n<h2 class=\"wp-block-heading\">Quais materiais combinam com diferentes estilos de casa?<\/h2>\n\n\n\n<p>A escolha correta do suporte dita a verdadeira personalidade do projeto de reforma. T\u00e1buas espessas de carvalho ou pinus lixado trazem um tom r\u00fastico extremamente acolhedor, sendo a op\u00e7\u00e3o perfeita para moradores que buscam uma forte inspira\u00e7\u00e3o arquitet\u00f4nica em casas de campo ou em fazendas centen\u00e1rias brasileiras.<\/p>\n\n\n\n<p>Apartamentos urbanos localizados em grandes capitais, como <strong>S\u00e3o Paulo<\/strong> ou <strong>Rio de Janeiro<\/strong>, pedem estruturas met\u00e1licas finas pintadas com tinta preta fosca. Essa mistura equilibrada de ferro frio com bases de vidro transparente refor\u00e7a o estilo industrial e suporta facilmente o peso elevado de lou\u00e7as robustas.<\/p>\n\n\n\n<h3 class=\"wp-block-heading\">Como fixar as estruturas com total seguran\u00e7a?<\/h3>\n\n\n\n<p>Pilhas completas de pratos pesam v\u00e1rias dezenas de quilos. A instala\u00e7\u00e3o profissional exige o uso de buchas espec\u00edficas para paredes antigas de alvenaria estrutural ou a inser\u00e7\u00e3o de refor\u00e7os internos de madeira em divis\u00f3rias de <strong>Drywall<\/strong>, garantindo que a base principal n\u00e3o ceda de forma acidental.<\/p>\n\n\n<div class=\"wp-block-image\">\n<figure class=\"aligncenter size-full\"><img decoding=\"async\" width=\"1280\" height=\"720\" src=\"https:\/\/www.correiobraziliense.com.br\/cbradar\/wp-content\/uploads\/2026\/03\/imagem_2026-03-09_093752920.png\" alt=\"Vis\u00e3o em primeira pessoa admirando uma prateleira industrial de metal preto com pratos e copos robustos organizados.\" class=\"wp-image-205430\" srcset=\"https:\/\/www.correiobraziliense.com.br\/cbradar\/wp-content\/uploads\/2026\/03\/imagem_2026-03-09_093752920.png 1280w, https:\/\/www.correiobraziliense.com.br\/cbradar\/wp-content\/uploads\/2026\/03\/imagem_2026-03-09_093752920-300x169.png 300w, https:\/\/www.correiobraziliense.com.br\/cbradar\/wp-content\/uploads\/2026\/03\/imagem_2026-03-09_093752920-768x432.png 768w, https:\/\/www.correiobraziliense.com.br\/cbradar\/wp-content\/uploads\/2026\/03\/imagem_2026-03-09_093752920-750x422.png 750w, https:\/\/www.correiobraziliense.com.br\/cbradar\/wp-content\/uploads\/2026\/03\/imagem_2026-03-09_093752920-1140x641.png 1140w\" sizes=\"(max-width: 1280px) 100vw, 1280px\" \/><figcaption class=\"wp-element-caption\">Vis\u00e3o em primeira pessoa admirando uma prateleira industrial de metal preto com pratos e copos robustos organizados.<\/figcaption><\/figure><\/div>\n\n\n<h2 class=\"wp-block-heading\">Vale a pena investir nessa transforma\u00e7\u00e3o radical?<\/h2>\n\n\n\n<p>Eliminar a marcenaria superior planejada reduz de maneira dr\u00e1stica o or\u00e7amento total previsto para a obra. O custo financeiro de r\u00e9guas soltas de madeira natural e ferragens b\u00e1sicas de fixa\u00e7\u00e3o representa uma fra\u00e7\u00e3o muito pequena do valor cobrado por caixas de <strong>MDF<\/strong> desenvolvidas totalmente sob medida.<\/p>\n\n\n\n<p>A transi\u00e7\u00e3o de estilo exige uma pequena adapta\u00e7\u00e3o comportamental nos primeiros meses, mas a sensa\u00e7\u00e3o libertadora de cozinhar em um lugar muito bem iluminado compensa todo o esfor\u00e7o. Avalie sua rotina culin\u00e1ria, doe potes velhos sem tampa e transforme a sua casa em um ref\u00fagio moderno e altamente receptivo.<\/p>\n","protected":false},"excerpt":{"rendered":"<p>A nova tend\u00eancia de prateleiras abertas revoluciona os projetos residenciais ao eliminar m\u00f3dulos de marcenaria pesados na altura dos olhos. Essa substitui\u00e7\u00e3o arquitet\u00f4nica inteligente clareia todo o c\u00f4modo e cria uma sensa\u00e7\u00e3o imediata de amplitude espacial na sua rotina di\u00e1ria. Por que abandonar os m\u00f3dulos fechados tradicionais? Projetos convencionais de marcenaria utilizam caixas de madeira [&hellip;]<\/p>\n","protected":false},"author":11,"featured_media":206274,"comment_status":"open","ping_status":"open","sticky":false,"template":"","format":"standard","meta":{"_yoast_wpseo_focuskw":"nova tend\u00eancia de prateleiras abertas","_yoast_wpseo_title":"","_yoast_wpseo_metadesc":"Cansou da sensa\u00e7\u00e3o de aperto na sua casa? Trocar os m\u00f3dulos fechados por apoios vis\u00edveis transforma totalmente o ambiente. Leia e aplique a mudan\u00e7a.","jnews-multi-image_gallery":[],"jnews_single_post":{"format":"standard"},"jnews_primary_category":[],"jnews_social_meta":[],"jnews_override_counter":[],"footnotes":""},"categories":[143],"post_tag":[13715,15180],"class_list":["post-205420","post","type-post","status-publish","format-standard","has-post-thumbnail","hentry","category-casa-e-decoracao","tag-armario-2","tag-prateleira"],"yoast_head":"<!-- This site is optimized with the Yoast SEO plugin v24.6 - https:\/\/yoast.com\/wordpress\/plugins\/seo\/ -->\n<title>Adeus aos arm\u00e1rios superiores: a nova tend\u00eancia de prateleiras abertas que amplia o espa\u00e7o da cozinha - Correio Braziliense - Radar<\/title>\n<meta name=\"description\" content=\"Cansou da sensa\u00e7\u00e3o de aperto na sua casa? Trocar os m\u00f3dulos fechados por apoios vis\u00edveis transforma totalmente o ambiente. Leia e aplique a mudan\u00e7a.\" \/>\n<meta name=\"robots\" content=\"index, follow, max-snippet:-1, max-image-preview:large, max-video-preview:-1\" \/>\n<link rel=\"canonical\" href=\"https:\/\/www.correiobraziliense.com.br\/cbradar\/adeus-aos-armarios-superiores-a-nova-tendencia-de-prateleiras-abertas-que-amplia-o-espaco-da-cozinha\/\" \/>\n<meta property=\"og:locale\" content=\"pt_BR\" \/>\n<meta property=\"og:type\" content=\"article\" \/>\n<meta property=\"og:title\" content=\"Adeus aos arm\u00e1rios superiores: a nova tend\u00eancia de prateleiras abertas que amplia o espa\u00e7o da cozinha - Correio Braziliense - Radar\" \/>\n<meta property=\"og:description\" content=\"Cansou da sensa\u00e7\u00e3o de aperto na sua casa? Trocar os m\u00f3dulos fechados por apoios vis\u00edveis transforma totalmente o ambiente. Leia e aplique a mudan\u00e7a.\" \/>\n<meta property=\"og:url\" content=\"https:\/\/www.correiobraziliense.com.br\/cbradar\/adeus-aos-armarios-superiores-a-nova-tendencia-de-prateleiras-abertas-que-amplia-o-espaco-da-cozinha\/\" \/>\n<meta property=\"og:site_name\" content=\"Correio Braziliense - Radar\" \/>\n<meta property=\"article:published_time\" content=\"2026-03-11T13:15:00+00:00\" \/>\n<meta property=\"og:image\" content=\"https:\/\/www.correiobraziliense.com.br\/cbradar\/wp-content\/uploads\/2026\/03\/freepik__prompt-cozinha-brasileira-bem-iluminada-pelo-sol-c__97646.jpeg\" \/>\n\t<meta property=\"og:image:width\" content=\"1280\" \/>\n\t<meta property=\"og:image:height\" content=\"720\" \/>\n\t<meta property=\"og:image:type\" content=\"image\/jpeg\" \/>\n<meta name=\"author\" content=\"Paulo Custodio\" \/>\n<meta name=\"twitter:card\" content=\"summary_large_image\" \/>\n<meta name=\"twitter:label1\" content=\"Escrito por\" \/>\n\t<meta name=\"twitter:data1\" content=\"Paulo Custodio\" \/>\n\t<meta name=\"twitter:label2\" content=\"Est. tempo de leitura\" \/>\n\t<meta name=\"twitter:data2\" content=\"5 minutos\" \/>\n<!-- \/ Yoast SEO plugin. -->","yoast_head_json":{"title":"Adeus aos arm\u00e1rios superiores: a nova tend\u00eancia de prateleiras abertas que amplia o espa\u00e7o da cozinha - Correio Braziliense - Radar","description":"Cansou da sensa\u00e7\u00e3o de aperto na sua casa? Trocar os m\u00f3dulos fechados por apoios vis\u00edveis transforma totalmente o ambiente. Leia e aplique a mudan\u00e7a.","robots":{"index":"index","follow":"follow","max-snippet":"max-snippet:-1","max-image-preview":"max-image-preview:large","max-video-preview":"max-video-preview:-1"},"canonical":"https:\/\/www.correiobraziliense.com.br\/cbradar\/adeus-aos-armarios-superiores-a-nova-tendencia-de-prateleiras-abertas-que-amplia-o-espaco-da-cozinha\/","og_locale":"pt_BR","og_type":"article","og_title":"Adeus aos arm\u00e1rios superiores: a nova tend\u00eancia de prateleiras abertas que amplia o espa\u00e7o da cozinha - Correio Braziliense - Radar","og_description":"Cansou da sensa\u00e7\u00e3o de aperto na sua casa? Trocar os m\u00f3dulos fechados por apoios vis\u00edveis transforma totalmente o ambiente. Leia e aplique a mudan\u00e7a.","og_url":"https:\/\/www.correiobraziliense.com.br\/cbradar\/adeus-aos-armarios-superiores-a-nova-tendencia-de-prateleiras-abertas-que-amplia-o-espaco-da-cozinha\/","og_site_name":"Correio Braziliense - Radar","article_published_time":"2026-03-11T13:15:00+00:00","og_image":[{"width":1280,"height":720,"url":"https:\/\/www.correiobraziliense.com.br\/cbradar\/wp-content\/uploads\/2026\/03\/freepik__prompt-cozinha-brasileira-bem-iluminada-pelo-sol-c__97646.jpeg","type":"image\/jpeg"}],"author":"Paulo Custodio","twitter_card":"summary_large_image","twitter_misc":{"Escrito por":"Paulo Custodio","Est. tempo de leitura":"5 minutos"},"schema":{"@context":"https:\/\/schema.org","@graph":[{"@type":"WebPage","@id":"https:\/\/www.correiobraziliense.com.br\/cbradar\/adeus-aos-armarios-superiores-a-nova-tendencia-de-prateleiras-abertas-que-amplia-o-espaco-da-cozinha\/","url":"https:\/\/www.correiobraziliense.com.br\/cbradar\/adeus-aos-armarios-superiores-a-nova-tendencia-de-prateleiras-abertas-que-amplia-o-espaco-da-cozinha\/","name":"Adeus aos arm\u00e1rios superiores: a nova tend\u00eancia de prateleiras abertas que amplia o espa\u00e7o da cozinha - Correio Braziliense - Radar","isPartOf":{"@id":"https:\/\/www.correiobraziliense.com.br\/cbradar\/#website"},"primaryImageOfPage":{"@id":"https:\/\/www.correiobraziliense.com.br\/cbradar\/adeus-aos-armarios-superiores-a-nova-tendencia-de-prateleiras-abertas-que-amplia-o-espaco-da-cozinha\/#primaryimage"},"image":{"@id":"https:\/\/www.correiobraziliense.com.br\/cbradar\/adeus-aos-armarios-superiores-a-nova-tendencia-de-prateleiras-abertas-que-amplia-o-espaco-da-cozinha\/#primaryimage"},"thumbnailUrl":"https:\/\/www.correiobraziliense.com.br\/cbradar\/wp-content\/uploads\/2026\/03\/freepik__prompt-cozinha-brasileira-bem-iluminada-pelo-sol-c__97646.jpeg","datePublished":"2026-03-11T13:15:00+00:00","author":{"@id":"https:\/\/www.correiobraziliense.com.br\/cbradar\/#\/schema\/person\/4cec7857301a9a1a2ef249893cd908d3"},"description":"Cansou da sensa\u00e7\u00e3o de aperto na sua casa? Trocar os m\u00f3dulos fechados por apoios vis\u00edveis transforma totalmente o ambiente. Leia e aplique a mudan\u00e7a.","breadcrumb":{"@id":"https:\/\/www.correiobraziliense.com.br\/cbradar\/adeus-aos-armarios-superiores-a-nova-tendencia-de-prateleiras-abertas-que-amplia-o-espaco-da-cozinha\/#breadcrumb"},"inLanguage":"pt-BR","potentialAction":[{"@type":"ReadAction","target":["https:\/\/www.correiobraziliense.com.br\/cbradar\/adeus-aos-armarios-superiores-a-nova-tendencia-de-prateleiras-abertas-que-amplia-o-espaco-da-cozinha\/"]}]},{"@type":"ImageObject","inLanguage":"pt-BR","@id":"https:\/\/www.correiobraziliense.com.br\/cbradar\/adeus-aos-armarios-superiores-a-nova-tendencia-de-prateleiras-abertas-que-amplia-o-espaco-da-cozinha\/#primaryimage","url":"https:\/\/www.correiobraziliense.com.br\/cbradar\/wp-content\/uploads\/2026\/03\/freepik__prompt-cozinha-brasileira-bem-iluminada-pelo-sol-c__97646.jpeg","contentUrl":"https:\/\/www.correiobraziliense.com.br\/cbradar\/wp-content\/uploads\/2026\/03\/freepik__prompt-cozinha-brasileira-bem-iluminada-pelo-sol-c__97646.jpeg","width":1280,"height":720,"caption":"Prateleiras abertas s\u00e3o usadas para deixar cozinhas e salas visualmente mais leves"},{"@type":"BreadcrumbList","@id":"https:\/\/www.correiobraziliense.com.br\/cbradar\/adeus-aos-armarios-superiores-a-nova-tendencia-de-prateleiras-abertas-que-amplia-o-espaco-da-cozinha\/#breadcrumb","itemListElement":[{"@type":"ListItem","position":1,"name":"In\u00edcio","item":"https:\/\/www.correiobraziliense.com.br\/cbradar\/"},{"@type":"ListItem","position":2,"name":"Adeus aos arm\u00e1rios superiores: a nova tend\u00eancia de prateleiras abertas que amplia o espa\u00e7o da cozinha"}]},{"@type":"WebSite","@id":"https:\/\/www.correiobraziliense.com.br\/cbradar\/#website","url":"https:\/\/www.correiobraziliense.com.br\/cbradar\/","name":"Correio Braziliense - Radar","description":"Acompanhe as \u00faltimas not\u00edcias e fique bem informado sobre tudo o que acontece no Brasil e no mundo.","potentialAction":[{"@type":"SearchAction","target":{"@type":"EntryPoint","urlTemplate":"https:\/\/www.correiobraziliense.com.br\/cbradar\/?s={search_term_string}"},"query-input":{"@type":"PropertyValueSpecification","valueRequired":true,"valueName":"search_term_string"}}],"inLanguage":"pt-BR"},{"@type":"Person","@id":"https:\/\/www.correiobraziliense.com.br\/cbradar\/#\/schema\/person\/4cec7857301a9a1a2ef249893cd908d3","name":"Paulo Custodio","image":{"@type":"ImageObject","inLanguage":"pt-BR","@id":"https:\/\/www.correiobraziliense.com.br\/cbradar\/#\/schema\/person\/image\/","url":"https:\/\/secure.gravatar.com\/avatar\/bcd67168d1534e8fcf4f45c726a87cea?s=96&d=mm&r=g","contentUrl":"https:\/\/secure.gravatar.com\/avatar\/bcd67168d1534e8fcf4f45c726a87cea?s=96&d=mm&r=g","caption":"Paulo Custodio"},"sameAs":["https:\/\/www.correiobraziliense.com.br\/cbradar"],"url":"https:\/\/www.correiobraziliense.com.br\/cbradar\/author\/paulomyth\/"}]}},"_links":{"self":[{"href":"https:\/\/www.correiobraziliense.com.br\/cbradar\/wp-json\/wp\/v2\/posts\/205420","targetHints":{"allow":["GET"]}}],"collection":[{"href":"https:\/\/www.correiobraziliense.com.br\/cbradar\/wp-json\/wp\/v2\/posts"}],"about":[{"href":"https:\/\/www.correiobraziliense.com.br\/cbradar\/wp-json\/wp\/v2\/types\/post"}],"author":[{"embeddable":true,"href":"https:\/\/www.correiobraziliense.com.br\/cbradar\/wp-json\/wp\/v2\/users\/11"}],"replies":[{"embeddable":true,"href":"https:\/\/www.correiobraziliense.com.br\/cbradar\/wp-json\/wp\/v2\/comments?post=205420"}],"version-history":[{"count":1,"href":"https:\/\/www.correiobraziliense.com.br\/cbradar\/wp-json\/wp\/v2\/posts\/205420\/revisions"}],"predecessor-version":[{"id":205434,"href":"https:\/\/www.correiobraziliense.com.br\/cbradar\/wp-json\/wp\/v2\/posts\/205420\/revisions\/205434"}],"wp:featuredmedia":[{"embeddable":true,"href":"https:\/\/www.correiobraziliense.com.br\/cbradar\/wp-json\/wp\/v2\/media\/206274"}],"wp:attachment":[{"href":"https:\/\/www.correiobraziliense.com.br\/cbradar\/wp-json\/wp\/v2\/media?parent=205420"}],"wp:term":[{"taxonomy":"category","embeddable":true,"href":"https:\/\/www.correiobraziliense.com.br\/cbradar\/wp-json\/wp\/v2\/categories?post=205420"},{"taxonomy":"post_tag","embeddable":true,"href":"https:\/\/www.correiobraziliense.com.br\/cbradar\/wp-json\/wp\/v2\/post_tag?post=205420"}],"curies":[{"name":"wp","href":"https:\/\/api.w.org\/{rel}","templated":true}]}}