{"id":205444,"date":"2026-03-11T16:05:00","date_gmt":"2026-03-11T19:05:00","guid":{"rendered":"https:\/\/www.correiobraziliense.com.br\/cbradar\/?p=205444"},"modified":"2026-03-10T15:11:42","modified_gmt":"2026-03-10T18:11:42","slug":"a-fruta-mais-antioxidante-da-natureza-que-ajuda-a-proteger-as-celulas-contra-o-cancer","status":"publish","type":"post","link":"https:\/\/www.correiobraziliense.com.br\/cbradar\/a-fruta-mais-antioxidante-da-natureza-que-ajuda-a-proteger-as-celulas-contra-o-cancer\/","title":{"rendered":"A fruta mais antioxidante da natureza que ajuda a proteger as c\u00e9lulas contra o c\u00e2ncer"},"content":{"rendered":"\n<p>A busca por <strong>a fruta mais antioxidante da natureza que ajuda a proteger as c\u00e9lulas contra o c\u00e2ncer<\/strong> termina com o mirtilo. Esse pequeno alimento bloqueia os danos diretos do estresse oxidativo e preserva o seu DNA diariamente.<\/p>\n\n\n\n<h2 class=\"wp-block-heading\">Por que o mirtilo lidera o ranking de prote\u00e7\u00e3o celular?<\/h2>\n\n\n\n<p>A colora\u00e7\u00e3o azul profunda da casca indica uma concentra\u00e7\u00e3o alt\u00edssima de <a href=\"https:\/\/pt.wikipedia.org\/wiki\/Antocianina\" target=\"_blank\" rel=\"noreferrer noopener\">antocianinas<\/a>. Esse pigmento natural age como um escudo biol\u00f3gico extremamente potente, neutralizando os radicais livres antes que eles consigam penetrar e danificar a estrutura das c\u00e9lulas saud\u00e1veis.<\/p>\n\n\n\n<p>Estudos laboratoriais constantes do <strong>Instituto Nacional de C\u00e2ncer<\/strong>, o <strong>INCA<\/strong>, refor\u00e7am que dietas ricas nesse composto reduzem marcadores inflamat\u00f3rios graves. A fruta supera facilmente as ma\u00e7\u00e3s e os morangos quando os cientistas medem a capacidade total de absor\u00e7\u00e3o de radicais de oxig\u00eanio.<\/p>\n\n\n<div class=\"wp-block-image\">\n<figure class=\"aligncenter size-full\"><img decoding=\"async\" width=\"1280\" height=\"720\" src=\"https:\/\/www.correiobraziliense.com.br\/cbradar\/wp-content\/uploads\/2026\/03\/imagem_2026-03-09_100334771.png\" alt=\"Mulher Brasileira sorridente segurando uma tigela de mirtilos frescos em uma cozinha iluminada pelo sol.\" class=\"wp-image-205447\" srcset=\"https:\/\/www.correiobraziliense.com.br\/cbradar\/wp-content\/uploads\/2026\/03\/imagem_2026-03-09_100334771.png 1280w, https:\/\/www.correiobraziliense.com.br\/cbradar\/wp-content\/uploads\/2026\/03\/imagem_2026-03-09_100334771-300x169.png 300w, https:\/\/www.correiobraziliense.com.br\/cbradar\/wp-content\/uploads\/2026\/03\/imagem_2026-03-09_100334771-768x432.png 768w, https:\/\/www.correiobraziliense.com.br\/cbradar\/wp-content\/uploads\/2026\/03\/imagem_2026-03-09_100334771-750x422.png 750w, https:\/\/www.correiobraziliense.com.br\/cbradar\/wp-content\/uploads\/2026\/03\/imagem_2026-03-09_100334771-1140x641.png 1140w\" sizes=\"(max-width: 1280px) 100vw, 1280px\" \/><figcaption class=\"wp-element-caption\">Mulher Brasileira sorridente segurando uma tigela de mirtilos frescos em uma cozinha iluminada pelo sol.<\/figcaption><\/figure><\/div>\n\n\n<h2 class=\"wp-block-heading\">Como os compostos atuam na preven\u00e7\u00e3o de tumores?<\/h2>\n\n\n\n<p>O desenvolvimento de tecidos malignos come\u00e7a quando o material gen\u00e9tico sofre muta\u00e7\u00f5es repetidas ao longo dos anos. Os fitoqu\u00edmicos presentes na polpa interferem diretamente nesse processo silencioso de falha celular, estimulando a limpeza de estruturas comprometidas.<\/p>\n\n\n\n<p>Eles causam a apoptose, que \u00e9 a autodestrui\u00e7\u00e3o programada de c\u00e9lulas defeituosas antes da sua multiplica\u00e7\u00e3o descontrolada. Pesquisadores da plataforma m\u00e9dica <strong>PubMed<\/strong> publicam frequentemente <a href=\"https:\/\/pmc.ncbi.nlm.nih.gov\/articles\/PMC8798728\/#:~:text=Most%20studies%20report%20the%20multiple,in-depth%20in%20the%20future.\" target=\"_blank\" rel=\"noreferrer noopener\">an\u00e1lises rigorosas sobre o impacto dos polifen\u00f3is<\/a> na inibi\u00e7\u00e3o da chamada angiog\u00eanese tumoral.<\/p>\n\n\n\n<h3 class=\"wp-block-heading\">O que a ci\u00eancia diz sobre os vasos sangu\u00edneos?<\/h3>\n\n\n\n<p>A angiog\u00eanese \u00e9 um mecanismo biol\u00f3gico utilizado pelas c\u00e9lulas malignas para criar novos vasos sangu\u00edneos. Sem essa rede estruturada de nutri\u00e7\u00e3o vascular vascular, um tumor em est\u00e1gio inicial de forma\u00e7\u00e3o perde rapidamente sua principal fonte de alimenta\u00e7\u00e3o org\u00e2nica e oxig\u00eanio.<\/p>\n\n\n\n<p>Consequentemente, as c\u00e9lulas invasoras atrofiam e morrem de inani\u00e7\u00e3o qu\u00edmica celular. Essa interrup\u00e7\u00e3o cir\u00fargica demonstra a for\u00e7a biol\u00f3gica oculta de uma alimenta\u00e7\u00e3o voltada exclusivamente para a preserva\u00e7\u00e3o gen\u00e9tica e para a longevidade funcional plena do corpo humano moderno.<\/p>\n\n\n<div class=\"wp-block-image\">\n<figure class=\"aligncenter size-full\"><img decoding=\"async\" width=\"1280\" height=\"720\" src=\"https:\/\/www.correiobraziliense.com.br\/cbradar\/wp-content\/uploads\/2026\/03\/imagem_2026-03-09_100343762.png\" alt=\"Close macro de mirtilos com gotas de \u00e1gua destacando a textura da casca azul profunda.\" class=\"wp-image-205448\" srcset=\"https:\/\/www.correiobraziliense.com.br\/cbradar\/wp-content\/uploads\/2026\/03\/imagem_2026-03-09_100343762.png 1280w, https:\/\/www.correiobraziliense.com.br\/cbradar\/wp-content\/uploads\/2026\/03\/imagem_2026-03-09_100343762-300x169.png 300w, https:\/\/www.correiobraziliense.com.br\/cbradar\/wp-content\/uploads\/2026\/03\/imagem_2026-03-09_100343762-768x432.png 768w, https:\/\/www.correiobraziliense.com.br\/cbradar\/wp-content\/uploads\/2026\/03\/imagem_2026-03-09_100343762-750x422.png 750w, https:\/\/www.correiobraziliense.com.br\/cbradar\/wp-content\/uploads\/2026\/03\/imagem_2026-03-09_100343762-1140x641.png 1140w\" sizes=\"(max-width: 1280px) 100vw, 1280px\" \/><figcaption class=\"wp-element-caption\">Close macro de mirtilos com gotas de \u00e1gua destacando a textura da casca azul profunda.<\/figcaption><\/figure><\/div>\n\n\n<h2 class=\"wp-block-heading\">Qual a quantidade di\u00e1ria recomendada pelos m\u00e9dicos?<\/h2>\n\n\n\n<p>N\u00e3o existe uma prescri\u00e7\u00e3o universal r\u00edgida para todos os pacientes, mas especialistas em nutri\u00e7\u00e3o oncol\u00f3gica sugerem o consumo de <strong>75 gramas<\/strong> a <strong>100 gramas<\/strong> di\u00e1rias. Essa por\u00e7\u00e3o pequena entrega a dosagem protetora necess\u00e1ria sem elevar o \u00edndice glic\u00eamico do sangue.<\/p>\n\n\n\n<p>O consumo das unidades in natura sempre ser\u00e1 a op\u00e7\u00e3o terap\u00eautica mais segura e nutritiva. Os sucos superprocessados vendidos em supermercados perdem as fibras essenciais para o intestino e concentram doses prejudiciais de a\u00e7\u00facares brancos refinados e conservantes industriais.<\/p>\n\n\n\n<p>No v\u00eddeo a seguir, com mais de 1,7 milh\u00f5es de seguidores,o <strong><em>Dr. J\u00falio\u2002Luchmann<\/em><\/strong>, fala um pouco dos benef\u00edcios do mirtilo:<\/p>\n\n\n\n<blockquote class=\"tiktok-embed\" cite=\"https:\/\/www.tiktok.com\/@julioluchmann\/video\/7359925873799122182\" data-video-id=\"7359925873799122182\" style=\"max-width: 605px;min-width: 325px;\" > <section> <a target=\"_blank\" title=\"@julioluchmann\" href=\"https:\/\/www.tiktok.com\/@julioluchmann?refer=embed\">@julioluchmann<\/a> <a title=\"coracao\" target=\"_blank\" href=\"https:\/\/www.tiktok.com\/tag\/coracao?refer=embed\">#coracao<\/a> <a title=\"cerebro\" target=\"_blank\" href=\"https:\/\/www.tiktok.com\/tag\/cerebro?refer=embed\">#cerebro<\/a> <a title=\"antioxidante\" target=\"_blank\" href=\"https:\/\/www.tiktok.com\/tag\/antioxidante?refer=embed\">#antioxidante<\/a> <a title=\"julioluchmann\" target=\"_blank\" href=\"https:\/\/www.tiktok.com\/tag\/julioluchmann?refer=embed\">#julioluchmann<\/a> <a target=\"_blank\" title=\"\u266c som original - J\u00falio\u2002luchmann\" href=\"https:\/\/www.tiktok.com\/music\/som-original-7359925917231500037?refer=embed\">\u266c som original &#8211; J\u00falio\u2002luchmann<\/a> <\/section> <\/blockquote> <script async src=\"https:\/\/www.tiktok.com\/embed.js\"><\/script>\n\n\n\n<h3 class=\"wp-block-heading\">Como incluir a fruta na sua rotina alimentar?<\/h3>\n\n\n\n<p>A versatilidade desse <a href=\"https:\/\/www.correiobraziliense.com.br\/cbradar\/mirtilo-no-jardim-pode-trazer-beneficios-surpreendentes\/\">pequeno ingrediente roxo<\/a> facilita bastante a manuten\u00e7\u00e3o do novo h\u00e1bito no longo prazo. Misturar o alimento gelado com boas fontes de lip\u00eddios otimiza a absor\u00e7\u00e3o imediata dos nutrientes pela parede intestinal.<\/p>\n\n\n\n<p>Anote as combina\u00e7\u00f5es pr\u00e1ticas e r\u00e1pidas para o seu dia a dia agitado:<\/p>\n\n\n\n<ul class=\"wp-block-list\">\n<li>Adicione por\u00e7\u00f5es frescas e lavadas sobre o iogurte natural no caf\u00e9 da manh\u00e3.<\/li>\n\n\n\n<li>Bata as unidades congeladas com leite vegetal e prote\u00edna isolada para um lanche.<\/li>\n\n\n\n<li>Incorpore os frutos inteiros e macios em saladas refrescantes de folhas verdes escuras.<\/li>\n\n\n\n<li>Consuma o alimento puro em uma pequena tigela durante o hor\u00e1rio de trabalho.<\/li>\n<\/ul>\n\n\n<div class=\"wp-block-image\">\n<figure class=\"aligncenter size-full\"><img decoding=\"async\" width=\"1280\" height=\"720\" src=\"https:\/\/www.correiobraziliense.com.br\/cbradar\/wp-content\/uploads\/2026\/03\/imagem_2026-03-09_100349938.png\" alt=\"Homem preparando caf\u00e9 da manh\u00e3 com mirtilos em um apartamento moderno sob a luz do p\u00f4r do sol.\" class=\"wp-image-205445\" srcset=\"https:\/\/www.correiobraziliense.com.br\/cbradar\/wp-content\/uploads\/2026\/03\/imagem_2026-03-09_100349938.png 1280w, https:\/\/www.correiobraziliense.com.br\/cbradar\/wp-content\/uploads\/2026\/03\/imagem_2026-03-09_100349938-300x169.png 300w, https:\/\/www.correiobraziliense.com.br\/cbradar\/wp-content\/uploads\/2026\/03\/imagem_2026-03-09_100349938-768x432.png 768w, https:\/\/www.correiobraziliense.com.br\/cbradar\/wp-content\/uploads\/2026\/03\/imagem_2026-03-09_100349938-750x422.png 750w, https:\/\/www.correiobraziliense.com.br\/cbradar\/wp-content\/uploads\/2026\/03\/imagem_2026-03-09_100349938-1140x641.png 1140w\" sizes=\"(max-width: 1280px) 100vw, 1280px\" \/><figcaption class=\"wp-element-caption\">Homem preparando caf\u00e9 da manh\u00e3 com mirtilos em um apartamento moderno sob a luz do p\u00f4r do sol.<\/figcaption><\/figure><\/div>\n\n\n<h2 class=\"wp-block-heading\">Existem contraindica\u00e7\u00f5es perigosas no consumo di\u00e1rio?<\/h2>\n\n\n\n<p>Indiv\u00edduos perfeitamente saud\u00e1veis processam o alimento sem apresentar qualquer dificuldade digestiva aguda ou efeito colateral org\u00e2nico. Por\u00e9m, pacientes idosos que utilizam drogas anticoagulantes como a <strong>Varfarina<\/strong> precisam monitorar a ingest\u00e3o total de <strong>Vitamina K<\/strong> semanalmente.<\/p>\n\n\n\n<p>Homens e mulheres com hist\u00f3rico doloroso de c\u00e1lculos renais tamb\u00e9m devem ter cautela constante com o excesso de oxalatos naturais. O acompanhamento personalizado de um bom nutricionista cl\u00ednico garante que a nova dieta atenda aos objetivos preventivos estabelecidos sem causar novos danos urin\u00e1rios.<\/p>\n\n\n<div class=\"wp-block-image\">\n<figure class=\"aligncenter size-full\"><img decoding=\"async\" width=\"1280\" height=\"720\" src=\"https:\/\/www.correiobraziliense.com.br\/cbradar\/wp-content\/uploads\/2026\/03\/imagem_2026-03-09_100355976.png\" alt=\"Vis\u00e3o em primeira pessoa segurando uma tigela de mirtilos sobre uma mesa de trabalho.\" class=\"wp-image-205446\" srcset=\"https:\/\/www.correiobraziliense.com.br\/cbradar\/wp-content\/uploads\/2026\/03\/imagem_2026-03-09_100355976.png 1280w, https:\/\/www.correiobraziliense.com.br\/cbradar\/wp-content\/uploads\/2026\/03\/imagem_2026-03-09_100355976-300x169.png 300w, https:\/\/www.correiobraziliense.com.br\/cbradar\/wp-content\/uploads\/2026\/03\/imagem_2026-03-09_100355976-768x432.png 768w, https:\/\/www.correiobraziliense.com.br\/cbradar\/wp-content\/uploads\/2026\/03\/imagem_2026-03-09_100355976-750x422.png 750w, https:\/\/www.correiobraziliense.com.br\/cbradar\/wp-content\/uploads\/2026\/03\/imagem_2026-03-09_100355976-1140x641.png 1140w\" sizes=\"(max-width: 1280px) 100vw, 1280px\" \/><figcaption class=\"wp-element-caption\">Vis\u00e3o em primeira pessoa segurando uma tigela de mirtilos sobre uma mesa de trabalho.<\/figcaption><\/figure><\/div>\n\n\n<h2 class=\"wp-block-heading\">A dieta substitui os tratamentos m\u00e9dicos tradicionais?<\/h2>\n\n\n\n<p>A ci\u00eancia diet\u00e9tica atua sempre como uma barreira preventiva inicial ou como uma terapia de base complementar para fortificar o paciente. Nenhum alimento isolado no mundo possui o poder cl\u00ednico validado de curar ou reverter um diagn\u00f3stico severo estabelecido por m\u00e9dicos oncologistas em hospitais credenciados.<\/p>\n\n\n\n<p>Os procedimentos de cirurgia de remo\u00e7\u00e3o, quimioterapia venosa e radioterapia intensiva continuam sendo as \u00fanicas ferramentas aprovadas pelos conselhos de medicina no <strong>Brasil<\/strong>. Manter uma hidrata\u00e7\u00e3o alta e consumir frutas antioxidantes eleva a resposta imunol\u00f3gica e garante mais resili\u00eancia org\u00e2nica durante os meses de recupera\u00e7\u00e3o pesada.<\/p>\n","protected":false},"excerpt":{"rendered":"<p>A busca por a fruta mais antioxidante da natureza que ajuda a proteger as c\u00e9lulas contra o c\u00e2ncer termina com o mirtilo. Esse pequeno alimento bloqueia os danos diretos do estresse oxidativo e preserva o seu DNA diariamente. Por que o mirtilo lidera o ranking de prote\u00e7\u00e3o celular? A colora\u00e7\u00e3o azul profunda da casca indica [&hellip;]<\/p>\n","protected":false},"author":11,"featured_media":206271,"comment_status":"open","ping_status":"open","sticky":false,"template":"","format":"standard","meta":{"_yoast_wpseo_focuskw":"fruta mais antioxidante","_yoast_wpseo_title":"","_yoast_wpseo_metadesc":"uer proteger seu organismo atrav\u00e9s da alimenta\u00e7\u00e3o di\u00e1ria? A fruta mais antioxidante da natureza que ajuda a proteger as c\u00e9lulas contra o c\u00e2ncer \u00e9 acess\u00edvel e saborosa.","jnews-multi-image_gallery":[],"jnews_single_post":{"format":"standard"},"jnews_primary_category":[],"jnews_social_meta":[],"jnews_override_counter":[],"footnotes":""},"categories":[119],"post_tag":[615,7169],"class_list":["post-205444","post","type-post","status-publish","format-standard","has-post-thumbnail","hentry","category-bem-estar","tag-fruta","tag-mirtilo"],"yoast_head":"<!-- This site is optimized with the Yoast SEO plugin v24.6 - https:\/\/yoast.com\/wordpress\/plugins\/seo\/ -->\n<title>A fruta mais antioxidante da natureza que ajuda a proteger as c\u00e9lulas contra o c\u00e2ncer - Correio Braziliense - Radar<\/title>\n<meta name=\"description\" content=\"uer proteger seu organismo atrav\u00e9s da alimenta\u00e7\u00e3o di\u00e1ria? A fruta mais antioxidante da natureza que ajuda a proteger as c\u00e9lulas contra o c\u00e2ncer \u00e9 acess\u00edvel e saborosa.\" \/>\n<meta name=\"robots\" content=\"index, follow, max-snippet:-1, max-image-preview:large, max-video-preview:-1\" \/>\n<link rel=\"canonical\" href=\"https:\/\/www.correiobraziliense.com.br\/cbradar\/a-fruta-mais-antioxidante-da-natureza-que-ajuda-a-proteger-as-celulas-contra-o-cancer\/\" \/>\n<meta property=\"og:locale\" content=\"pt_BR\" \/>\n<meta property=\"og:type\" content=\"article\" \/>\n<meta property=\"og:title\" content=\"A fruta mais antioxidante da natureza que ajuda a proteger as c\u00e9lulas contra o c\u00e2ncer - Correio Braziliense - Radar\" \/>\n<meta property=\"og:description\" content=\"uer proteger seu organismo atrav\u00e9s da alimenta\u00e7\u00e3o di\u00e1ria? A fruta mais antioxidante da natureza que ajuda a proteger as c\u00e9lulas contra o c\u00e2ncer \u00e9 acess\u00edvel e saborosa.\" \/>\n<meta property=\"og:url\" content=\"https:\/\/www.correiobraziliense.com.br\/cbradar\/a-fruta-mais-antioxidante-da-natureza-que-ajuda-a-proteger-as-celulas-contra-o-cancer\/\" \/>\n<meta property=\"og:site_name\" content=\"Correio Braziliense - Radar\" \/>\n<meta property=\"article:published_time\" content=\"2026-03-11T19:05:00+00:00\" \/>\n<meta property=\"og:image\" content=\"https:\/\/www.correiobraziliense.com.br\/cbradar\/wp-content\/uploads\/2026\/03\/freepik__tigela-simples-cheia-de-mirtilos-frescos-bem-escur__97649.jpeg\" \/>\n\t<meta property=\"og:image:width\" content=\"1280\" \/>\n\t<meta property=\"og:image:height\" content=\"720\" \/>\n\t<meta property=\"og:image:type\" content=\"image\/jpeg\" \/>\n<meta name=\"author\" content=\"Paulo Custodio\" \/>\n<meta name=\"twitter:card\" content=\"summary_large_image\" \/>\n<meta name=\"twitter:label1\" content=\"Escrito por\" \/>\n\t<meta name=\"twitter:data1\" content=\"Paulo Custodio\" \/>\n\t<meta name=\"twitter:label2\" content=\"Est. tempo de leitura\" \/>\n\t<meta name=\"twitter:data2\" content=\"5 minutos\" \/>\n<!-- \/ Yoast SEO plugin. -->","yoast_head_json":{"title":"A fruta mais antioxidante da natureza que ajuda a proteger as c\u00e9lulas contra o c\u00e2ncer - Correio Braziliense - Radar","description":"uer proteger seu organismo atrav\u00e9s da alimenta\u00e7\u00e3o di\u00e1ria? A fruta mais antioxidante da natureza que ajuda a proteger as c\u00e9lulas contra o c\u00e2ncer \u00e9 acess\u00edvel e saborosa.","robots":{"index":"index","follow":"follow","max-snippet":"max-snippet:-1","max-image-preview":"max-image-preview:large","max-video-preview":"max-video-preview:-1"},"canonical":"https:\/\/www.correiobraziliense.com.br\/cbradar\/a-fruta-mais-antioxidante-da-natureza-que-ajuda-a-proteger-as-celulas-contra-o-cancer\/","og_locale":"pt_BR","og_type":"article","og_title":"A fruta mais antioxidante da natureza que ajuda a proteger as c\u00e9lulas contra o c\u00e2ncer - Correio Braziliense - Radar","og_description":"uer proteger seu organismo atrav\u00e9s da alimenta\u00e7\u00e3o di\u00e1ria? A fruta mais antioxidante da natureza que ajuda a proteger as c\u00e9lulas contra o c\u00e2ncer \u00e9 acess\u00edvel e saborosa.","og_url":"https:\/\/www.correiobraziliense.com.br\/cbradar\/a-fruta-mais-antioxidante-da-natureza-que-ajuda-a-proteger-as-celulas-contra-o-cancer\/","og_site_name":"Correio Braziliense - Radar","article_published_time":"2026-03-11T19:05:00+00:00","og_image":[{"width":1280,"height":720,"url":"https:\/\/www.correiobraziliense.com.br\/cbradar\/wp-content\/uploads\/2026\/03\/freepik__tigela-simples-cheia-de-mirtilos-frescos-bem-escur__97649.jpeg","type":"image\/jpeg"}],"author":"Paulo Custodio","twitter_card":"summary_large_image","twitter_misc":{"Escrito por":"Paulo Custodio","Est. tempo de leitura":"5 minutos"},"schema":{"@context":"https:\/\/schema.org","@graph":[{"@type":"WebPage","@id":"https:\/\/www.correiobraziliense.com.br\/cbradar\/a-fruta-mais-antioxidante-da-natureza-que-ajuda-a-proteger-as-celulas-contra-o-cancer\/","url":"https:\/\/www.correiobraziliense.com.br\/cbradar\/a-fruta-mais-antioxidante-da-natureza-que-ajuda-a-proteger-as-celulas-contra-o-cancer\/","name":"A fruta mais antioxidante da natureza que ajuda a proteger as c\u00e9lulas contra o c\u00e2ncer - Correio Braziliense - Radar","isPartOf":{"@id":"https:\/\/www.correiobraziliense.com.br\/cbradar\/#website"},"primaryImageOfPage":{"@id":"https:\/\/www.correiobraziliense.com.br\/cbradar\/a-fruta-mais-antioxidante-da-natureza-que-ajuda-a-proteger-as-celulas-contra-o-cancer\/#primaryimage"},"image":{"@id":"https:\/\/www.correiobraziliense.com.br\/cbradar\/a-fruta-mais-antioxidante-da-natureza-que-ajuda-a-proteger-as-celulas-contra-o-cancer\/#primaryimage"},"thumbnailUrl":"https:\/\/www.correiobraziliense.com.br\/cbradar\/wp-content\/uploads\/2026\/03\/freepik__tigela-simples-cheia-de-mirtilos-frescos-bem-escur__97649.jpeg","datePublished":"2026-03-11T19:05:00+00:00","author":{"@id":"https:\/\/www.correiobraziliense.com.br\/cbradar\/#\/schema\/person\/4cec7857301a9a1a2ef249893cd908d3"},"description":"uer proteger seu organismo atrav\u00e9s da alimenta\u00e7\u00e3o di\u00e1ria? A fruta mais antioxidante da natureza que ajuda a proteger as c\u00e9lulas contra o c\u00e2ncer \u00e9 acess\u00edvel e saborosa.","breadcrumb":{"@id":"https:\/\/www.correiobraziliense.com.br\/cbradar\/a-fruta-mais-antioxidante-da-natureza-que-ajuda-a-proteger-as-celulas-contra-o-cancer\/#breadcrumb"},"inLanguage":"pt-BR","potentialAction":[{"@type":"ReadAction","target":["https:\/\/www.correiobraziliense.com.br\/cbradar\/a-fruta-mais-antioxidante-da-natureza-que-ajuda-a-proteger-as-celulas-contra-o-cancer\/"]}]},{"@type":"ImageObject","inLanguage":"pt-BR","@id":"https:\/\/www.correiobraziliense.com.br\/cbradar\/a-fruta-mais-antioxidante-da-natureza-que-ajuda-a-proteger-as-celulas-contra-o-cancer\/#primaryimage","url":"https:\/\/www.correiobraziliense.com.br\/cbradar\/wp-content\/uploads\/2026\/03\/freepik__tigela-simples-cheia-de-mirtilos-frescos-bem-escur__97649.jpeg","contentUrl":"https:\/\/www.correiobraziliense.com.br\/cbradar\/wp-content\/uploads\/2026\/03\/freepik__tigela-simples-cheia-de-mirtilos-frescos-bem-escur__97649.jpeg","width":1280,"height":720,"caption":"O mirtilo \u00e9 rico em antocianinas, antioxidantes associados \u00e0 prote\u00e7\u00e3o das c\u00e9lulas"},{"@type":"BreadcrumbList","@id":"https:\/\/www.correiobraziliense.com.br\/cbradar\/a-fruta-mais-antioxidante-da-natureza-que-ajuda-a-proteger-as-celulas-contra-o-cancer\/#breadcrumb","itemListElement":[{"@type":"ListItem","position":1,"name":"In\u00edcio","item":"https:\/\/www.correiobraziliense.com.br\/cbradar\/"},{"@type":"ListItem","position":2,"name":"A fruta mais antioxidante da natureza que ajuda a proteger as c\u00e9lulas contra o c\u00e2ncer"}]},{"@type":"WebSite","@id":"https:\/\/www.correiobraziliense.com.br\/cbradar\/#website","url":"https:\/\/www.correiobraziliense.com.br\/cbradar\/","name":"Correio Braziliense - Radar","description":"Acompanhe as \u00faltimas not\u00edcias e fique bem informado sobre tudo o que acontece no Brasil e no mundo.","potentialAction":[{"@type":"SearchAction","target":{"@type":"EntryPoint","urlTemplate":"https:\/\/www.correiobraziliense.com.br\/cbradar\/?s={search_term_string}"},"query-input":{"@type":"PropertyValueSpecification","valueRequired":true,"valueName":"search_term_string"}}],"inLanguage":"pt-BR"},{"@type":"Person","@id":"https:\/\/www.correiobraziliense.com.br\/cbradar\/#\/schema\/person\/4cec7857301a9a1a2ef249893cd908d3","name":"Paulo Custodio","image":{"@type":"ImageObject","inLanguage":"pt-BR","@id":"https:\/\/www.correiobraziliense.com.br\/cbradar\/#\/schema\/person\/image\/","url":"https:\/\/secure.gravatar.com\/avatar\/bcd67168d1534e8fcf4f45c726a87cea?s=96&d=mm&r=g","contentUrl":"https:\/\/secure.gravatar.com\/avatar\/bcd67168d1534e8fcf4f45c726a87cea?s=96&d=mm&r=g","caption":"Paulo Custodio"},"sameAs":["https:\/\/www.correiobraziliense.com.br\/cbradar"],"url":"https:\/\/www.correiobraziliense.com.br\/cbradar\/author\/paulomyth\/"}]}},"_links":{"self":[{"href":"https:\/\/www.correiobraziliense.com.br\/cbradar\/wp-json\/wp\/v2\/posts\/205444","targetHints":{"allow":["GET"]}}],"collection":[{"href":"https:\/\/www.correiobraziliense.com.br\/cbradar\/wp-json\/wp\/v2\/posts"}],"about":[{"href":"https:\/\/www.correiobraziliense.com.br\/cbradar\/wp-json\/wp\/v2\/types\/post"}],"author":[{"embeddable":true,"href":"https:\/\/www.correiobraziliense.com.br\/cbradar\/wp-json\/wp\/v2\/users\/11"}],"replies":[{"embeddable":true,"href":"https:\/\/www.correiobraziliense.com.br\/cbradar\/wp-json\/wp\/v2\/comments?post=205444"}],"version-history":[{"count":1,"href":"https:\/\/www.correiobraziliense.com.br\/cbradar\/wp-json\/wp\/v2\/posts\/205444\/revisions"}],"predecessor-version":[{"id":205449,"href":"https:\/\/www.correiobraziliense.com.br\/cbradar\/wp-json\/wp\/v2\/posts\/205444\/revisions\/205449"}],"wp:featuredmedia":[{"embeddable":true,"href":"https:\/\/www.correiobraziliense.com.br\/cbradar\/wp-json\/wp\/v2\/media\/206271"}],"wp:attachment":[{"href":"https:\/\/www.correiobraziliense.com.br\/cbradar\/wp-json\/wp\/v2\/media?parent=205444"}],"wp:term":[{"taxonomy":"category","embeddable":true,"href":"https:\/\/www.correiobraziliense.com.br\/cbradar\/wp-json\/wp\/v2\/categories?post=205444"},{"taxonomy":"post_tag","embeddable":true,"href":"https:\/\/www.correiobraziliense.com.br\/cbradar\/wp-json\/wp\/v2\/post_tag?post=205444"}],"curies":[{"name":"wp","href":"https:\/\/api.w.org\/{rel}","templated":true}]}}