{"id":205455,"date":"2026-03-11T20:55:00","date_gmt":"2026-03-11T23:55:00","guid":{"rendered":"https:\/\/www.correiobraziliense.com.br\/cbradar\/?p=205455"},"modified":"2026-03-10T15:29:49","modified_gmt":"2026-03-10T18:29:49","slug":"5-plantas-aromaticas-que-ajudam-a-afastar-mosquitos-e-deixam-o-quintal-mais-agradavel","status":"publish","type":"post","link":"https:\/\/www.correiobraziliense.com.br\/cbradar\/5-plantas-aromaticas-que-ajudam-a-afastar-mosquitos-e-deixam-o-quintal-mais-agradavel\/","title":{"rendered":"5 plantas arom\u00e1ticas que ajudam a afastar mosquitos e deixam o quintal mais agrad\u00e1vel"},"content":{"rendered":"\n<p>Cultivar <strong>plantas arom\u00e1ticas que ajudam a afastar mosquitos<\/strong> \u00e9 a melhor alternativa ecol\u00f3gica para proteger a sua casa. O perfume cont\u00ednuo emitido por essas folhas cria uma barreira bot\u00e2nica altamente eficiente contra os insetos indesejados durante todo o ano.<\/p>\n\n\n\n<h2 class=\"wp-block-heading\">Por que os insetos fogem desses aromas naturais?<\/h2>\n\n\n\n<p>As esp\u00e9cies vegetais desenvolvem \u00f3leos essenciais muito fortes como um mecanismo de defesa biol\u00f3gica instintiva ao longo da evolu\u00e7\u00e3o natural. Subst\u00e2ncias qu\u00edmicas vol\u00e1teis, como o <a href=\"https:\/\/pt.wikipedia.org\/wiki\/Citronelal\" target=\"_blank\" rel=\"noreferrer noopener\">citronelal<\/a>, confundem completamente os pequenos receptores sensoriais dos insetos voadores.<\/p>\n\n\n\n<p>O odor intenso exalado mascara os rastros biol\u00f3gicos de g\u00e1s carb\u00f4nico e de \u00e1cido l\u00e1tico que os seres humanos emitem diariamente. Sem conseguir localizar o alvo humano, os mosquitos desistem rapidamente da \u00e1rea e buscam outros ambientes para sobreviver.<\/p>\n\n\n<div class=\"wp-block-image\">\n<figure class=\"aligncenter size-full\"><img decoding=\"async\" width=\"1280\" height=\"720\" src=\"https:\/\/www.correiobraziliense.com.br\/cbradar\/wp-content\/uploads\/2026\/03\/imagem_2026-03-09_102457017.png\" alt=\"Mulher brasileira relaxando em um quintal perfumado ao lado de um vaso de Citronela sob a luz do p\u00f4r do sol.\" class=\"wp-image-205462\" srcset=\"https:\/\/www.correiobraziliense.com.br\/cbradar\/wp-content\/uploads\/2026\/03\/imagem_2026-03-09_102457017.png 1280w, https:\/\/www.correiobraziliense.com.br\/cbradar\/wp-content\/uploads\/2026\/03\/imagem_2026-03-09_102457017-300x169.png 300w, https:\/\/www.correiobraziliense.com.br\/cbradar\/wp-content\/uploads\/2026\/03\/imagem_2026-03-09_102457017-768x432.png 768w, https:\/\/www.correiobraziliense.com.br\/cbradar\/wp-content\/uploads\/2026\/03\/imagem_2026-03-09_102457017-750x422.png 750w, https:\/\/www.correiobraziliense.com.br\/cbradar\/wp-content\/uploads\/2026\/03\/imagem_2026-03-09_102457017-1140x641.png 1140w\" sizes=\"(max-width: 1280px) 100vw, 1280px\" \/><figcaption class=\"wp-element-caption\">Mulher brasileira relaxando em um quintal perfumado ao lado de um vaso de Citronela sob a luz do p\u00f4r do sol.<\/figcaption><\/figure><\/div>\n\n\n<h2 class=\"wp-block-heading\">O que as autoridades de sa\u00fade recomendam?<\/h2>\n\n\n\n<p>O <a href=\"https:\/\/www.itariri.sp.gov.br\/portal\/noticias\/0\/3\/864\/como-fazer-a-prevencao-da-dengue\" target=\"_blank\" rel=\"noreferrer noopener\"><strong>Minist\u00e9rio da Sa\u00fade<\/strong> alerta constantemente que o uso combinado de redes mosquiteiras<\/a> e repelentes naturais previne severas doen\u00e7as tropicais. A estrat\u00e9gia verde protege os moradores de infec\u00e7\u00f5es graves e perigosas para o organismo humano, como a febre dengue.<\/p>\n\n\n\n<p>Essa barreira org\u00e2nica tamb\u00e9m diminui a necessidade di\u00e1ria de aplicar aeross\u00f3is t\u00f3xicos industriais no ambiente dom\u00e9stico completamente fechado. \u00c9 uma atitude extremamente ben\u00e9fica para resid\u00eancias que possuem animais de estima\u00e7\u00e3o sens\u00edveis e crian\u00e7as rec\u00e9m-nascidas.<\/p>\n\n\n\n<h2 class=\"wp-block-heading\">Quais s\u00e3o as melhores esp\u00e9cies para o jardim?<\/h2>\n\n\n\n<p>A escolha correta da vegeta\u00e7\u00e3o garante um quintal intensamente perfumado e sempre livre de pragas urbanas voadoras. Algumas mudas exigem pouca manuten\u00e7\u00e3o h\u00eddrica e crescem velozmente em pequenos vasos r\u00fasticos posicionados nas varandas exteriores.<\/p>\n\n\n<div class=\"wp-block-image\">\n<figure class=\"aligncenter size-full\"><img decoding=\"async\" width=\"1280\" height=\"720\" src=\"https:\/\/www.correiobraziliense.com.br\/cbradar\/wp-content\/uploads\/2026\/03\/imagem_2026-03-09_102504006.png\" alt=\"Close macro de folhas de Hortel\u00e3 e Alecrim com gotas de orvalho sob o sol da manh\u00e3.\" class=\"wp-image-205463\" srcset=\"https:\/\/www.correiobraziliense.com.br\/cbradar\/wp-content\/uploads\/2026\/03\/imagem_2026-03-09_102504006.png 1280w, https:\/\/www.correiobraziliense.com.br\/cbradar\/wp-content\/uploads\/2026\/03\/imagem_2026-03-09_102504006-300x169.png 300w, https:\/\/www.correiobraziliense.com.br\/cbradar\/wp-content\/uploads\/2026\/03\/imagem_2026-03-09_102504006-768x432.png 768w, https:\/\/www.correiobraziliense.com.br\/cbradar\/wp-content\/uploads\/2026\/03\/imagem_2026-03-09_102504006-750x422.png 750w, https:\/\/www.correiobraziliense.com.br\/cbradar\/wp-content\/uploads\/2026\/03\/imagem_2026-03-09_102504006-1140x641.png 1140w\" sizes=\"(max-width: 1280px) 100vw, 1280px\" \/><figcaption class=\"wp-element-caption\">Close macro de folhas de Hortel\u00e3 e Alecrim com gotas de orvalho sob o sol da manh\u00e3.<\/figcaption><\/figure><\/div>\n\n\n<p>Analise as principais caracter\u00edsticas e necessidades de cultivo para cada folhagem:<\/p>\n\n\n\n<div class=\"google-auto-ads-ignore\" id=\"botanical-list-system\" style=\"box-sizing: border-box; font-family: 'Segoe UI', Roboto, sans-serif; background-color: #1a222c; color: #e6f7ff; padding: 35px; border-radius: 12px; box-shadow: 0 10px 30px rgba(0,0,0,0.6); max-width: 800px; margin: 40px auto; border: 1px solid rgba(255,255,255,0.08); position: relative; z-index: 5;\">\n\n  <style>\n    #botanical-list-system .header-section {\n      text-align: left;\n      margin-bottom: 30px;\n      padding-bottom: 15px;\n      border-bottom: 2px solid rgba(56, 158, 13, 0.4);\n    }\n    #botanical-list-system .title-text {\n      color: #389e0d;\n      font-size: 1.6rem;\n      font-weight: 700;\n      margin: 0 0 8px 0;\n      letter-spacing: 0.5px;\n    }\n    #botanical-list-system .subtitle-text {\n      color: #94a3b8;\n      font-size: 1rem;\n      line-height: 1.5;\n    }\n    #botanical-list-system .list-wrapper {\n      display: flex;\n      flex-direction: column;\n      gap: 15px;\n    }\n    #botanical-list-system .list-item {\n      background-color: #242e3b;\n      border-radius: 6px;\n      padding: 20px;\n      display: flex;\n      flex-wrap: wrap;\n      align-items: center;\n      gap: 20px;\n      border-left: 4px solid transparent;\n      transition: all 0.2s ease;\n    }\n    #botanical-list-system .list-item:hover {\n      background-color: #2c3847;\n      border-left-color: #389e0d;\n      box-shadow: 0 4px 12px rgba(0,0,0,0.2);\n    }\n    #botanical-list-system .item-name {\n      flex: 1 1 150px;\n      color: #e6f7ff;\n      font-size: 1.25rem;\n      font-weight: bold;\n      display: flex;\n      align-items: center;\n      gap: 10px;\n    }\n    #botanical-list-system .item-details {\n      flex: 3 1 400px;\n      display: flex;\n      flex-direction: column;\n      gap: 10px;\n    }\n    #botanical-list-system .detail-row {\n      display: flex;\n      gap: 8px;\n      align-items: baseline;\n    }\n    #botanical-list-system .detail-label {\n      color: #94a3b8;\n      font-size: 0.85rem;\n      font-weight: 600;\n      text-transform: uppercase;\n      letter-spacing: 0.5px;\n      min-width: 140px;\n    }\n    #botanical-list-system .detail-value {\n      color: #e6f7ff;\n      font-size: 0.95rem;\n    }\n    #botanical-list-system .highlight-action {\n      color: #389e0d;\n      font-weight: 600;\n    }\n    @media (max-width: 600px) {\n      #botanical-list-system .detail-row {\n        flex-direction: column;\n        gap: 2px;\n      }\n      #botanical-list-system .detail-label {\n        min-width: auto;\n      }\n    }\n  <\/style>\n\n  <div class=\"header-section\">\n    <div class=\"title-text\">Lista de plantas com a\u00e7\u00e3o repelente<\/div>\n    <div class=\"subtitle-text\">Esp\u00e9cies arom\u00e1ticas indicadas para a defesa e prote\u00e7\u00e3o do ambiente dom\u00e9stico.<\/div>\n  <\/div>\n\n  <div class=\"list-wrapper\">\n    \n    <div class=\"list-item\">\n      <div class=\"item-name\">\ud83c\udf3f Citronela<\/div>\n      <div class=\"item-details\">\n        <div class=\"detail-row\">\n          <span class=\"detail-label\">Aroma emitido<\/span>\n          <span class=\"detail-value\">C\u00edtrico intenso<\/span>\n        <\/div>\n        <div class=\"detail-row\">\n          <span class=\"detail-label\">Indica\u00e7\u00e3o de cultivo<\/span>\n          <span class=\"detail-value\">Luz direta e regas di\u00e1rias<\/span>\n        <\/div>\n        <div class=\"detail-row\">\n          <span class=\"detail-label\">A\u00e7\u00e3o principal<\/span>\n          <span class=\"detail-value highlight-action\">Bloqueia o mosquito transmissor da dengue<\/span>\n        <\/div>\n      <\/div>\n    <\/div>\n\n    <div class=\"list-item\">\n      <div class=\"item-name\">\ud83c\udf3f Hortel\u00e3<\/div>\n      <div class=\"item-details\">\n        <div class=\"detail-row\">\n          <span class=\"detail-label\">Aroma emitido<\/span>\n          <span class=\"detail-value\">Mentolado fresco<\/span>\n        <\/div>\n        <div class=\"detail-row\">\n          <span class=\"detail-label\">Indica\u00e7\u00e3o de cultivo<\/span>\n          <span class=\"detail-value\">Locais com sombra parcial<\/span>\n        <\/div>\n        <div class=\"detail-row\">\n          <span class=\"detail-label\">A\u00e7\u00e3o principal<\/span>\n          <span class=\"detail-value highlight-action\">Afasta formigas terrestres e melgas<\/span>\n        <\/div>\n      <\/div>\n    <\/div>\n\n    <div class=\"list-item\">\n      <div class=\"item-name\">\ud83c\udf3f Alecrim<\/div>\n      <div class=\"item-details\">\n        <div class=\"detail-row\">\n          <span class=\"detail-label\">Aroma emitido<\/span>\n          <span class=\"detail-value\">Amadeirado forte<\/span>\n        <\/div>\n        <div class=\"detail-row\">\n          <span class=\"detail-label\">Indica\u00e7\u00e3o de cultivo<\/span>\n          <span class=\"detail-value\">Exposi\u00e7\u00e3o solar e terra seca<\/span>\n        <\/div>\n        <div class=\"detail-row\">\n          <span class=\"detail-label\">A\u00e7\u00e3o principal<\/span>\n          <span class=\"detail-value highlight-action\">Inibe a aproxima\u00e7\u00e3o constante de moscas<\/span>\n        <\/div>\n      <\/div>\n    <\/div>\n\n    <div class=\"list-item\">\n      <div class=\"item-name\">\ud83c\udf3f Lavanda<\/div>\n      <div class=\"item-details\">\n        <div class=\"detail-row\">\n          <span class=\"detail-label\">Aroma emitido<\/span>\n          <span class=\"detail-value\">Floral adocicado<\/span>\n        <\/div>\n        <div class=\"detail-row\">\n          <span class=\"detail-label\">Indica\u00e7\u00e3o de cultivo<\/span>\n          <span class=\"detail-value\">Sol pleno e solo bem drenado<\/span>\n        <\/div>\n        <div class=\"detail-row\">\n          <span class=\"detail-label\">A\u00e7\u00e3o principal<\/span>\n          <span class=\"detail-value highlight-action\">Desorienta os insetos noturnos voadores<\/span>\n        <\/div>\n      <\/div>\n    <\/div>\n\n    <div class=\"list-item\">\n      <div class=\"item-name\">\ud83c\udf3f Manjeric\u00e3o<\/div>\n      <div class=\"item-details\">\n        <div class=\"detail-row\">\n          <span class=\"detail-label\">Aroma emitido<\/span>\n          <span class=\"detail-value\">Especiaria marcante<\/span>\n        <\/div>\n        <div class=\"detail-row\">\n          <span class=\"detail-label\">Indica\u00e7\u00e3o de cultivo<\/span>\n          <span class=\"detail-value\">Rega frequente apenas na raiz<\/span>\n        <\/div>\n        <div class=\"detail-row\">\n          <span class=\"detail-label\">A\u00e7\u00e3o principal<\/span>\n          <span class=\"detail-value highlight-action\">Protege as hortas org\u00e2nicas de predadores<\/span>\n        <\/div>\n      <\/div>\n    <\/div>\n\n  <\/div>\n<\/div>\n\n\n\n<h2 class=\"wp-block-heading\">Como a citronela atua na prote\u00e7\u00e3o do lar?<\/h2>\n\n\n\n<p>A <strong>Citronela de Java<\/strong> \u00e9 a esp\u00e9cie mais comercializada quando o assunto \u00e9 o paisagismo voltado para a jardinagem funcional. As suas folhas longas parecem fisicamente com o capim-lim\u00e3o, mas abrigam uma concentra\u00e7\u00e3o alt\u00edssima de agentes qu\u00edmicos repelentes.<\/p>\n\n\n\n<p>Esse arbusto verde atua como um verdadeiro escudo invis\u00edvel no quintal de casa. Plantar algumas touceiras volumosas perto das janelas dos quartos cria uma zona de prote\u00e7\u00e3o atmosf\u00e9rica cont\u00ednua para resguardar o sono tranquilo de toda a fam\u00edlia.<\/p>\n\n\n\n<h3 class=\"wp-block-heading\">Quais os resultados das pesquisas agr\u00edcolas?<\/h3>\n\n\n\n<p>Pesquisadores renomados da <a href=\"https:\/\/www.embrapa.br\/busca-de-noticias\/-\/noticia\/55951081\/pesquisa-ira-criar-biodefensivos-de-uso-topico-para-controle-de-plantas-daninhas-insetos-praga-e-doencas-para-as-principais-culturas-agricolas#:~:text=Pesquisa%20ir\u00e1%20criar%20biodefensivos%20de,principais%20culturas%20agr\u00edcolas%20-%20Portal%20Embrapa\" target=\"_blank\" rel=\"noreferrer noopener\"><strong>Empresa Brasileira de Pesquisa Agropecu\u00e1ria<\/strong> (Embrapa)<\/a> estudam vigorosamente os extratos puros desta gram\u00ednea asi\u00e1tica. O grande objetivo t\u00e9cnico \u00e9 desenvolver biodefensivos agr\u00edcolas modernos que n\u00e3o poluam os len\u00e7\u00f3is fre\u00e1ticos.<\/p>\n\n\n\n<p>O absoluto sucesso laboratorial atesta a for\u00e7a org\u00e2nica da planta contra o vetor transmissor de viroses letais. Ter essa esp\u00e9cie cultivada significa possuir uma farm\u00e1cia natural preventiva a funcionar durante vinte e quatro horas por dia.<\/p>\n\n\n<div class=\"wp-block-image\">\n<figure class=\"aligncenter size-full\"><img decoding=\"async\" width=\"1280\" height=\"720\" src=\"https:\/\/www.correiobraziliense.com.br\/cbradar\/wp-content\/uploads\/2026\/03\/imagem_2026-03-09_102511225.png\" alt=\"Homem organizando vasos de plantas arom\u00e1ticas em um p\u00e1tio brasileiro ensolarado\" class=\"wp-image-205460\" srcset=\"https:\/\/www.correiobraziliense.com.br\/cbradar\/wp-content\/uploads\/2026\/03\/imagem_2026-03-09_102511225.png 1280w, https:\/\/www.correiobraziliense.com.br\/cbradar\/wp-content\/uploads\/2026\/03\/imagem_2026-03-09_102511225-300x169.png 300w, https:\/\/www.correiobraziliense.com.br\/cbradar\/wp-content\/uploads\/2026\/03\/imagem_2026-03-09_102511225-768x432.png 768w, https:\/\/www.correiobraziliense.com.br\/cbradar\/wp-content\/uploads\/2026\/03\/imagem_2026-03-09_102511225-750x422.png 750w, https:\/\/www.correiobraziliense.com.br\/cbradar\/wp-content\/uploads\/2026\/03\/imagem_2026-03-09_102511225-1140x641.png 1140w\" sizes=\"(max-width: 1280px) 100vw, 1280px\" \/><figcaption class=\"wp-element-caption\">Homem organizando vasos de plantas arom\u00e1ticas em um p\u00e1tio brasileiro ensolarado<\/figcaption><\/figure><\/div>\n\n\n<h2 class=\"wp-block-heading\">Onde posicionar os vasos para ter mais efic\u00e1cia?<\/h2>\n\n\n\n<p>O vento natural atua como o seu principal aliado org\u00e2nico na dispers\u00e3o cont\u00ednua dos odores protetores pelas \u00e1reas de conviv\u00eancia. Posicionar as floreiras em varandas bem ventiladas garante que as correntes empurrem o aroma fresco para dentro da resid\u00eancia.<\/p>\n\n\n\n<p>Observe os locais estrat\u00e9gicos mais indicados para espalhar os seus vasos:<\/p>\n\n\n\n<ul class=\"wp-block-list\">\n<li>Parapeitos de janelas antigas que recebem correntes de ar diretas.<\/li>\n\n\n\n<li>Pr\u00f3ximo \u00e0s portas principais de entrada da sala de estar.<\/li>\n\n\n\n<li>Ao redor da \u00e1rea da churrasqueira ou do forno a lenha.<\/li>\n\n\n\n<li>Perto dos ralos externos que costumam acumular humidade di\u00e1ria.<\/li>\n<\/ul>\n\n\n<div class=\"wp-block-image\">\n<figure class=\"aligncenter size-full\"><img decoding=\"async\" width=\"1280\" height=\"720\" src=\"https:\/\/www.correiobraziliense.com.br\/cbradar\/wp-content\/uploads\/2026\/03\/imagem_2026-03-09_102519127.png\" alt=\"Vis\u00e3o em primeira pessoa cuidando de Lavanda e Alecrim no parapeito de uma janela ensolarada\" class=\"wp-image-205461\" srcset=\"https:\/\/www.correiobraziliense.com.br\/cbradar\/wp-content\/uploads\/2026\/03\/imagem_2026-03-09_102519127.png 1280w, https:\/\/www.correiobraziliense.com.br\/cbradar\/wp-content\/uploads\/2026\/03\/imagem_2026-03-09_102519127-300x169.png 300w, https:\/\/www.correiobraziliense.com.br\/cbradar\/wp-content\/uploads\/2026\/03\/imagem_2026-03-09_102519127-768x432.png 768w, https:\/\/www.correiobraziliense.com.br\/cbradar\/wp-content\/uploads\/2026\/03\/imagem_2026-03-09_102519127-750x422.png 750w, https:\/\/www.correiobraziliense.com.br\/cbradar\/wp-content\/uploads\/2026\/03\/imagem_2026-03-09_102519127-1140x641.png 1140w\" sizes=\"(max-width: 1280px) 100vw, 1280px\" \/><figcaption class=\"wp-element-caption\">Vis\u00e3o em primeira pessoa cuidando de Lavanda e Alecrim no parapeito de uma janela ensolarada<\/figcaption><\/figure><\/div>\n\n\n<h2 class=\"wp-block-heading\">Quais cuidados garantem a sobreviv\u00eancia das mudas?<\/h2>\n\n\n\n<p>A grande maioria destas ervas arom\u00e1ticas protetoras exige banhos de luz solar direta por pelo menos quatro horas di\u00e1rias. Solos constantemente encharcados apodrecem as fr\u00e1geis ra\u00edzes rapidamente, exigindo terra bem drenada e vasos devidamente furados no fundo.<\/p>\n\n\n\n<p>A aduba\u00e7\u00e3o org\u00e2nica mensal feita com h\u00famus de minhoca fortalece as estruturas bot\u00e2nicas e intensifica muito o perfume libertado. Com dedica\u00e7\u00e3o b\u00e1sica cont\u00ednua, o seu quintal transformar-se-\u00e1 num ref\u00fagio acolhedor, altamente blindado contra pragas e perfeito para relaxar em seguran\u00e7a.<\/p>\n","protected":false},"excerpt":{"rendered":"<p>Cultivar plantas arom\u00e1ticas que ajudam a afastar mosquitos \u00e9 a melhor alternativa ecol\u00f3gica para proteger a sua casa. O perfume cont\u00ednuo emitido por essas folhas cria uma barreira bot\u00e2nica altamente eficiente contra os insetos indesejados durante todo o ano. Por que os insetos fogem desses aromas naturais? As esp\u00e9cies vegetais desenvolvem \u00f3leos essenciais muito fortes [&hellip;]<\/p>\n","protected":false},"author":11,"featured_media":206282,"comment_status":"open","ping_status":"open","sticky":false,"template":"","format":"standard","meta":{"_yoast_wpseo_focuskw":"plantas arom\u00e1ticas que ajudam a afastar mosquitos","_yoast_wpseo_title":"","_yoast_wpseo_metadesc":"Cansado das picadas de insetos no fim da tarde? Algumas esp\u00e9cies bot\u00e2nicas atuam como repelentes naturais e ainda perfumam o seu jardim de forma ecol\u00f3gica.","jnews-multi-image_gallery":[],"jnews_single_post":{"format":"standard"},"jnews_primary_category":[],"jnews_social_meta":[],"jnews_override_counter":[],"footnotes":""},"categories":[143],"post_tag":[5379,6446,866],"class_list":["post-205455","post","type-post","status-publish","format-standard","has-post-thumbnail","hentry","category-casa-e-decoracao","tag-aromas","tag-mosquitos","tag-planta"],"yoast_head":"<!-- This site is optimized with the Yoast SEO plugin v24.6 - https:\/\/yoast.com\/wordpress\/plugins\/seo\/ -->\n<title>5 plantas arom\u00e1ticas que ajudam a afastar mosquitos e deixam o quintal mais agrad\u00e1vel - Correio Braziliense - Radar<\/title>\n<meta name=\"description\" content=\"Cansado das picadas de insetos no fim da tarde? Algumas esp\u00e9cies bot\u00e2nicas atuam como repelentes naturais e ainda perfumam o seu jardim de forma ecol\u00f3gica.\" \/>\n<meta name=\"robots\" content=\"index, follow, max-snippet:-1, max-image-preview:large, max-video-preview:-1\" \/>\n<link rel=\"canonical\" href=\"https:\/\/www.correiobraziliense.com.br\/cbradar\/5-plantas-aromaticas-que-ajudam-a-afastar-mosquitos-e-deixam-o-quintal-mais-agradavel\/\" \/>\n<meta property=\"og:locale\" content=\"pt_BR\" \/>\n<meta property=\"og:type\" content=\"article\" \/>\n<meta property=\"og:title\" content=\"5 plantas arom\u00e1ticas que ajudam a afastar mosquitos e deixam o quintal mais agrad\u00e1vel - Correio Braziliense - Radar\" \/>\n<meta property=\"og:description\" content=\"Cansado das picadas de insetos no fim da tarde? Algumas esp\u00e9cies bot\u00e2nicas atuam como repelentes naturais e ainda perfumam o seu jardim de forma ecol\u00f3gica.\" \/>\n<meta property=\"og:url\" content=\"https:\/\/www.correiobraziliense.com.br\/cbradar\/5-plantas-aromaticas-que-ajudam-a-afastar-mosquitos-e-deixam-o-quintal-mais-agradavel\/\" \/>\n<meta property=\"og:site_name\" content=\"Correio Braziliense - Radar\" \/>\n<meta property=\"article:published_time\" content=\"2026-03-11T23:55:00+00:00\" \/>\n<meta property=\"og:image\" content=\"https:\/\/www.correiobraziliense.com.br\/cbradar\/wp-content\/uploads\/2026\/03\/freepik__prompt-vaso-de-citronela-bem-verde-colocado-prximo__97654.jpeg\" \/>\n\t<meta property=\"og:image:width\" content=\"1280\" \/>\n\t<meta property=\"og:image:height\" content=\"720\" \/>\n\t<meta property=\"og:image:type\" content=\"image\/jpeg\" \/>\n<meta name=\"author\" content=\"Paulo Custodio\" \/>\n<meta name=\"twitter:card\" content=\"summary_large_image\" \/>\n<meta name=\"twitter:label1\" content=\"Escrito por\" \/>\n\t<meta name=\"twitter:data1\" content=\"Paulo Custodio\" \/>\n\t<meta name=\"twitter:label2\" content=\"Est. tempo de leitura\" \/>\n\t<meta name=\"twitter:data2\" content=\"6 minutos\" \/>\n<!-- \/ Yoast SEO plugin. -->","yoast_head_json":{"title":"5 plantas arom\u00e1ticas que ajudam a afastar mosquitos e deixam o quintal mais agrad\u00e1vel - Correio Braziliense - Radar","description":"Cansado das picadas de insetos no fim da tarde? Algumas esp\u00e9cies bot\u00e2nicas atuam como repelentes naturais e ainda perfumam o seu jardim de forma ecol\u00f3gica.","robots":{"index":"index","follow":"follow","max-snippet":"max-snippet:-1","max-image-preview":"max-image-preview:large","max-video-preview":"max-video-preview:-1"},"canonical":"https:\/\/www.correiobraziliense.com.br\/cbradar\/5-plantas-aromaticas-que-ajudam-a-afastar-mosquitos-e-deixam-o-quintal-mais-agradavel\/","og_locale":"pt_BR","og_type":"article","og_title":"5 plantas arom\u00e1ticas que ajudam a afastar mosquitos e deixam o quintal mais agrad\u00e1vel - Correio Braziliense - Radar","og_description":"Cansado das picadas de insetos no fim da tarde? Algumas esp\u00e9cies bot\u00e2nicas atuam como repelentes naturais e ainda perfumam o seu jardim de forma ecol\u00f3gica.","og_url":"https:\/\/www.correiobraziliense.com.br\/cbradar\/5-plantas-aromaticas-que-ajudam-a-afastar-mosquitos-e-deixam-o-quintal-mais-agradavel\/","og_site_name":"Correio Braziliense - Radar","article_published_time":"2026-03-11T23:55:00+00:00","og_image":[{"width":1280,"height":720,"url":"https:\/\/www.correiobraziliense.com.br\/cbradar\/wp-content\/uploads\/2026\/03\/freepik__prompt-vaso-de-citronela-bem-verde-colocado-prximo__97654.jpeg","type":"image\/jpeg"}],"author":"Paulo Custodio","twitter_card":"summary_large_image","twitter_misc":{"Escrito por":"Paulo Custodio","Est. tempo de leitura":"6 minutos"},"schema":{"@context":"https:\/\/schema.org","@graph":[{"@type":"WebPage","@id":"https:\/\/www.correiobraziliense.com.br\/cbradar\/5-plantas-aromaticas-que-ajudam-a-afastar-mosquitos-e-deixam-o-quintal-mais-agradavel\/","url":"https:\/\/www.correiobraziliense.com.br\/cbradar\/5-plantas-aromaticas-que-ajudam-a-afastar-mosquitos-e-deixam-o-quintal-mais-agradavel\/","name":"5 plantas arom\u00e1ticas que ajudam a afastar mosquitos e deixam o quintal mais agrad\u00e1vel - Correio Braziliense - Radar","isPartOf":{"@id":"https:\/\/www.correiobraziliense.com.br\/cbradar\/#website"},"primaryImageOfPage":{"@id":"https:\/\/www.correiobraziliense.com.br\/cbradar\/5-plantas-aromaticas-que-ajudam-a-afastar-mosquitos-e-deixam-o-quintal-mais-agradavel\/#primaryimage"},"image":{"@id":"https:\/\/www.correiobraziliense.com.br\/cbradar\/5-plantas-aromaticas-que-ajudam-a-afastar-mosquitos-e-deixam-o-quintal-mais-agradavel\/#primaryimage"},"thumbnailUrl":"https:\/\/www.correiobraziliense.com.br\/cbradar\/wp-content\/uploads\/2026\/03\/freepik__prompt-vaso-de-citronela-bem-verde-colocado-prximo__97654.jpeg","datePublished":"2026-03-11T23:55:00+00:00","author":{"@id":"https:\/\/www.correiobraziliense.com.br\/cbradar\/#\/schema\/person\/4cec7857301a9a1a2ef249893cd908d3"},"description":"Cansado das picadas de insetos no fim da tarde? Algumas esp\u00e9cies bot\u00e2nicas atuam como repelentes naturais e ainda perfumam o seu jardim de forma ecol\u00f3gica.","breadcrumb":{"@id":"https:\/\/www.correiobraziliense.com.br\/cbradar\/5-plantas-aromaticas-que-ajudam-a-afastar-mosquitos-e-deixam-o-quintal-mais-agradavel\/#breadcrumb"},"inLanguage":"pt-BR","potentialAction":[{"@type":"ReadAction","target":["https:\/\/www.correiobraziliense.com.br\/cbradar\/5-plantas-aromaticas-que-ajudam-a-afastar-mosquitos-e-deixam-o-quintal-mais-agradavel\/"]}]},{"@type":"ImageObject","inLanguage":"pt-BR","@id":"https:\/\/www.correiobraziliense.com.br\/cbradar\/5-plantas-aromaticas-que-ajudam-a-afastar-mosquitos-e-deixam-o-quintal-mais-agradavel\/#primaryimage","url":"https:\/\/www.correiobraziliense.com.br\/cbradar\/wp-content\/uploads\/2026\/03\/freepik__prompt-vaso-de-citronela-bem-verde-colocado-prximo__97654.jpeg","contentUrl":"https:\/\/www.correiobraziliense.com.br\/cbradar\/wp-content\/uploads\/2026\/03\/freepik__prompt-vaso-de-citronela-bem-verde-colocado-prximo__97654.jpeg","width":1280,"height":720,"caption":"Algumas plantas arom\u00e1ticas liberam compostos naturais que ajudam a afastar mosquitos"},{"@type":"BreadcrumbList","@id":"https:\/\/www.correiobraziliense.com.br\/cbradar\/5-plantas-aromaticas-que-ajudam-a-afastar-mosquitos-e-deixam-o-quintal-mais-agradavel\/#breadcrumb","itemListElement":[{"@type":"ListItem","position":1,"name":"In\u00edcio","item":"https:\/\/www.correiobraziliense.com.br\/cbradar\/"},{"@type":"ListItem","position":2,"name":"5 plantas arom\u00e1ticas que ajudam a afastar mosquitos e deixam o quintal mais agrad\u00e1vel"}]},{"@type":"WebSite","@id":"https:\/\/www.correiobraziliense.com.br\/cbradar\/#website","url":"https:\/\/www.correiobraziliense.com.br\/cbradar\/","name":"Correio Braziliense - Radar","description":"Acompanhe as \u00faltimas not\u00edcias e fique bem informado sobre tudo o que acontece no Brasil e no mundo.","potentialAction":[{"@type":"SearchAction","target":{"@type":"EntryPoint","urlTemplate":"https:\/\/www.correiobraziliense.com.br\/cbradar\/?s={search_term_string}"},"query-input":{"@type":"PropertyValueSpecification","valueRequired":true,"valueName":"search_term_string"}}],"inLanguage":"pt-BR"},{"@type":"Person","@id":"https:\/\/www.correiobraziliense.com.br\/cbradar\/#\/schema\/person\/4cec7857301a9a1a2ef249893cd908d3","name":"Paulo Custodio","image":{"@type":"ImageObject","inLanguage":"pt-BR","@id":"https:\/\/www.correiobraziliense.com.br\/cbradar\/#\/schema\/person\/image\/","url":"https:\/\/secure.gravatar.com\/avatar\/bcd67168d1534e8fcf4f45c726a87cea?s=96&d=mm&r=g","contentUrl":"https:\/\/secure.gravatar.com\/avatar\/bcd67168d1534e8fcf4f45c726a87cea?s=96&d=mm&r=g","caption":"Paulo Custodio"},"sameAs":["https:\/\/www.correiobraziliense.com.br\/cbradar"],"url":"https:\/\/www.correiobraziliense.com.br\/cbradar\/author\/paulomyth\/"}]}},"_links":{"self":[{"href":"https:\/\/www.correiobraziliense.com.br\/cbradar\/wp-json\/wp\/v2\/posts\/205455","targetHints":{"allow":["GET"]}}],"collection":[{"href":"https:\/\/www.correiobraziliense.com.br\/cbradar\/wp-json\/wp\/v2\/posts"}],"about":[{"href":"https:\/\/www.correiobraziliense.com.br\/cbradar\/wp-json\/wp\/v2\/types\/post"}],"author":[{"embeddable":true,"href":"https:\/\/www.correiobraziliense.com.br\/cbradar\/wp-json\/wp\/v2\/users\/11"}],"replies":[{"embeddable":true,"href":"https:\/\/www.correiobraziliense.com.br\/cbradar\/wp-json\/wp\/v2\/comments?post=205455"}],"version-history":[{"count":1,"href":"https:\/\/www.correiobraziliense.com.br\/cbradar\/wp-json\/wp\/v2\/posts\/205455\/revisions"}],"predecessor-version":[{"id":205474,"href":"https:\/\/www.correiobraziliense.com.br\/cbradar\/wp-json\/wp\/v2\/posts\/205455\/revisions\/205474"}],"wp:featuredmedia":[{"embeddable":true,"href":"https:\/\/www.correiobraziliense.com.br\/cbradar\/wp-json\/wp\/v2\/media\/206282"}],"wp:attachment":[{"href":"https:\/\/www.correiobraziliense.com.br\/cbradar\/wp-json\/wp\/v2\/media?parent=205455"}],"wp:term":[{"taxonomy":"category","embeddable":true,"href":"https:\/\/www.correiobraziliense.com.br\/cbradar\/wp-json\/wp\/v2\/categories?post=205455"},{"taxonomy":"post_tag","embeddable":true,"href":"https:\/\/www.correiobraziliense.com.br\/cbradar\/wp-json\/wp\/v2\/post_tag?post=205455"}],"curies":[{"name":"wp","href":"https:\/\/api.w.org\/{rel}","templated":true}]}}