{"id":205457,"date":"2026-03-10T06:45:00","date_gmt":"2026-03-10T09:45:00","guid":{"rendered":"https:\/\/www.correiobraziliense.com.br\/cbradar\/?p=205457"},"modified":"2026-03-09T12:15:54","modified_gmt":"2026-03-09T15:15:54","slug":"nomes-de-meninas-dos-anos-70-que-voltaram-a-aparecer-entre-bebes-no-brasil","status":"publish","type":"post","link":"https:\/\/www.correiobraziliense.com.br\/cbradar\/nomes-de-meninas-dos-anos-70-que-voltaram-a-aparecer-entre-bebes-no-brasil\/","title":{"rendered":"Nomes de meninas dos anos 70 que voltaram a aparecer entre beb\u00eas no Brasil"},"content":{"rendered":"\n<p>A escolha de nomes para beb\u00eas costuma seguir ciclos geracionais que resgatam tend\u00eancias de d\u00e9cadas passadas com uma nova roupagem moderna. Atualmente, muitos pais buscam inspira\u00e7\u00e3o nos anos 70 para encontrar op\u00e7\u00f5es que transmitem for\u00e7a e tradi\u00e7\u00e3o. Entender esse fen\u00f4meno ajuda a compreender como a identidade brasileira se renova constantemente atrav\u00e9s das gera\u00e7\u00f5es.<\/p>\n\n\n\n<h2 class=\"wp-block-heading\">Por que nomes de d\u00e9cadas passadas est\u00e3o conquistando os pais modernos?<\/h2>\n\n\n\n<p>A tend\u00eancia de reviver nomes que foram populares h\u00e1 cinquenta anos reflete um desejo profundo de conex\u00e3o com as ra\u00edzes familiares. Muitos casais buscam homenagear av\u00f3s ou figuras marcantes de sua inf\u00e2ncia, trazendo de volta sonoridades que evocam nostalgia e seguran\u00e7a. Esse resgate cultural fortalece os la\u00e7os afetivos e cria uma ponte importante entre o passado e o presente.<\/p>\n\n\n\n<p>Al\u00e9m do fator emocional, a busca por nomes que fogem das modas passageiras e americanizadas impulsiona essa nova onda de escolhas. Nomes cl\u00e1ssicos dos anos 70 oferecem uma alternativa s\u00f3lida para quem deseja originalidade sem abrir m\u00e3o da simplicidade e da eleg\u00e2ncia. Essa est\u00e9tica retr\u00f4 garante que a crian\u00e7a tenha um nome reconhec\u00edvel, mas que ainda soe atual e sofisticado.<\/p>\n\n\n\n<figure class=\"wp-block-image size-full\"><img decoding=\"async\" width=\"1280\" height=\"720\" src=\"https:\/\/www.correiobraziliense.com.br\/cbradar\/wp-content\/uploads\/2026\/03\/Gemini_Generated_Image_gc4swbgc4swbgc4s-1-1.png\" alt=\"Nomes de meninas dos anos 70 que voltaram a aparecer entre beb\u00eas no Brasil\" class=\"wp-image-205469\" srcset=\"https:\/\/www.correiobraziliense.com.br\/cbradar\/wp-content\/uploads\/2026\/03\/Gemini_Generated_Image_gc4swbgc4swbgc4s-1-1.png 1280w, https:\/\/www.correiobraziliense.com.br\/cbradar\/wp-content\/uploads\/2026\/03\/Gemini_Generated_Image_gc4swbgc4swbgc4s-1-1-300x169.png 300w, https:\/\/www.correiobraziliense.com.br\/cbradar\/wp-content\/uploads\/2026\/03\/Gemini_Generated_Image_gc4swbgc4swbgc4s-1-1-768x432.png 768w, https:\/\/www.correiobraziliense.com.br\/cbradar\/wp-content\/uploads\/2026\/03\/Gemini_Generated_Image_gc4swbgc4swbgc4s-1-1-750x422.png 750w, https:\/\/www.correiobraziliense.com.br\/cbradar\/wp-content\/uploads\/2026\/03\/Gemini_Generated_Image_gc4swbgc4swbgc4s-1-1-1140x641.png 1140w\" sizes=\"(max-width: 1280px) 100vw, 1280px\" \/><figcaption class=\"wp-element-caption\">Nomes femininos dos anos 70 voltam aos registros e mostram for\u00e7a da nostalgia nas fam\u00edlias<\/figcaption><\/figure>\n\n\n\n<h2 class=\"wp-block-heading\">Como a nostalgia influencia a escolha da identidade da nova gera\u00e7\u00e3o?<\/h2>\n\n\n\n<p>A influ\u00eancia da m\u00eddia e de produ\u00e7\u00f5es audiovisuais de \u00e9poca tamb\u00e9m desempenha um papel fundamental nesse comportamento social recorrente no Brasil. S\u00e9ries e novelas ambientadas nas d\u00e9cadas anteriores despertam o interesse por nomes que estavam esquecidos ou guardados apenas em certas lembran\u00e7as de fam\u00edlia. Assim, o ciclo da moda se fecha, transformando o antigo em algo inovador e muito desejado.<\/p>\n\n\n\n<p>A percep\u00e7\u00e3o de que nomes tradicionais possuem um significado mais denso e hist\u00f3rico atrai fam\u00edlias que valorizam a continuidade das hist\u00f3rias pessoais. Optar por uma nomenclatura que j\u00e1 atravessou gera\u00e7\u00f5es confere uma sensa\u00e7\u00e3o de perenidade em um mundo cada vez mais vol\u00e1til e digital. Essa escolha consciente reflete a busca por valores s\u00f3lidos e por uma identidade cultural brasileira bem preservada.<\/p>\n\n\n\n<h2 class=\"wp-block-heading\">Quais s\u00e3o as op\u00e7\u00f5es que mais se destacam nos registros atuais?<\/h2>\n\n\n\n<p>Diversas op\u00e7\u00f5es que dominaram as certid\u00f5es de nascimento nas d\u00e9cadas passadas agora reaparecem com for\u00e7a total nos cart\u00f3rios de todo o pa\u00eds. Esses nomes trazem uma sonoridade que combina perfeitamente com sobrenomes brasileiros, facilitando a aceita\u00e7\u00e3o social e a pron\u00fancia correta em qualquer ambiente. \u00c9 fascinante observar como a popularidade de certas escolhas consegue se reinventar ap\u00f3s tantos anos de sil\u00eancio.<\/p>\n\n\n\n<p>Para compreender melhor quais s\u00e3o os nomes femininos que voltaram a brilhar e est\u00e3o no topo das prefer\u00eancias das novas fam\u00edlias brasileiras:<\/p>\n\n\n\n<ul class=\"wp-block-list\">\n<li><strong>Helena<\/strong><\/li>\n\n\n\n<li><strong>Helo\u00edsa<\/strong><\/li>\n\n\n\n<li><strong>Alice<\/strong><\/li>\n\n\n\n<li><strong>Beatriz<\/strong><\/li>\n\n\n\n<li><strong>Mariana<\/strong><\/li>\n<\/ul>\n\n\n\n<h2 class=\"wp-block-heading\">O estilo vintage realmente combina com as tend\u00eancias contempor\u00e2neas?<\/h2>\n\n\n\n<p>Combinar a sonoridade cl\u00e1ssica de nomes antigos com apelidos modernos \u00e9 uma estrat\u00e9gia que muitos pais utilizam para atualizar a escolha. Essa flexibilidade permite que o nome seja formal quando necess\u00e1rio, mas mantenha uma leveza juvenil no cotidiano escolar e familiar da crian\u00e7a. O equil\u00edbrio entre o tradicional e o moderno \u00e9 o que define o sucesso dessas nomenclaturas hoje em dia.<\/p>\n\n\n\n<p>Especialistas em comportamento afirmam que a c\u00edclica dos nomes \u00e9 um fen\u00f4meno global que atinge diversas camadas da sociedade de forma simult\u00e2nea. Quando um nome atinge seu ponto mais baixo de popularidade, ele se torna <strong>fresco novamente<\/strong> para as novas gera\u00e7\u00f5es que n\u00e3o o associam a pessoas idosas. Assim, a renova\u00e7\u00e3o acontece naturalmente, mantendo a rica diversidade cultural do pa\u00eds sempre viva.<\/p>\n\n\n\n<p>No v\u00eddeo abaixo do TikTok <strong><em>Nomesesiginificados<\/em><\/strong>, que conta com mais de <strong><em>175 mil <\/em><\/strong>seguidores,  cita os nomes femininos antigos que n\u00e3o existem mais:<\/p>\n\n\n\n<blockquote class=\"tiktok-embed\" cite=\"https:\/\/www.tiktok.com\/@nomesesiginificados\/video\/7407115193081269510\" data-video-id=\"7407115193081269510\" style=\"max-width: 605px;min-width: 325px;\" > <section> <a target=\"_blank\" title=\"@nomesesiginificados\" href=\"https:\/\/www.tiktok.com\/@nomesesiginificados?refer=embed\">@nomesesiginificados<\/a> nomes antigos <a title=\"nomesdemeninosbonitos\" target=\"_blank\" href=\"https:\/\/www.tiktok.com\/tag\/nomesdemeninosbonitos?refer=embed\">#nomesdemeninosbonitos<\/a> <a title=\"nomesdemeninas\" target=\"_blank\" href=\"https:\/\/www.tiktok.com\/tag\/nomesdemeninas?refer=embed\">#nomesdemeninas<\/a> <a title=\"bebes\" target=\"_blank\" href=\"https:\/\/www.tiktok.com\/tag\/bebes?refer=embed\">#bebes<\/a> <a title=\"cute\" target=\"_blank\" href=\"https:\/\/www.tiktok.com\/tag\/cute?refer=embed\">#cute<\/a> <a title=\"nomesdebebes\" target=\"_blank\" href=\"https:\/\/www.tiktok.com\/tag\/nomesdebebes?refer=embed\">#nomesdebebes<\/a> <a title=\"anos80\" target=\"_blank\" href=\"https:\/\/www.tiktok.com\/tag\/anos80?refer=embed\">#anos80<\/a> <a title=\"anos90\" target=\"_blank\" href=\"https:\/\/www.tiktok.com\/tag\/anos90?refer=embed\">#anos90<\/a> <a title=\"anos70anos80anos90\" target=\"_blank\" href=\"https:\/\/www.tiktok.com\/tag\/anos70anos80anos90?refer=embed\">#anos70anos80anos90<\/a> <a title=\"foryou\" target=\"_blank\" href=\"https:\/\/www.tiktok.com\/tag\/foryou?refer=embed\">#foryou<\/a>  <a title=\"liveoutlandish\" target=\"_blank\" href=\"https:\/\/www.tiktok.com\/tag\/liveoutlandish?refer=embed\">#LiveOutlandish<\/a> <a target=\"_blank\" title=\"\u266c Rock and Roll Session - Canal Records JP\" href=\"https:\/\/www.tiktok.com\/music\/Rock-and-Roll-Session-6817422635597563905?refer=embed\">\u266c Rock and Roll Session &#8211; Canal Records JP<\/a> <\/section> <\/blockquote> <script async src=\"https:\/\/www.tiktok.com\/embed.js\"><\/script>\n\n\n\n<p>Leia tamb\u00e9m: <a href=\"https:\/\/www.correiobraziliense.com.br\/cbradar\/5-nomes-femininos-com-a-letra-s-e-os-significados-que-tornam-cada-um-especial\/\" target=\"_blank\" rel=\"noreferrer noopener\">5 nomes femininos com a letra S e os significados que tornam cada um especial<\/a><\/p>\n\n\n\n<h2 class=\"wp-block-heading\">Qual \u00e9 o melhor caminho para verificar a popularidade dos nomes no pa\u00eds?<\/h2>\n\n\n\n<p>Consultar dados estat\u00edsticos precisos \u00e9 fundamental para quem deseja entender as reais tend\u00eancias de registro civil em territ\u00f3rio nacional ao longo do tempo. O portal oficial da transpar\u00eancia dos cart\u00f3rios oferece uma vis\u00e3o detalhada sobre quais nomes est\u00e3o em ascens\u00e3o e quais perderam o interesse do grande p\u00fablico. Basear sua decis\u00e3o em n\u00fameros reais garante uma <strong>escolha consciente<\/strong>, s\u00f3lida e muito bem fundamentada.<\/p>\n\n\n\n<p>O <strong>Portal da Transpar\u00eancia do Registro Civil<\/strong> permite que qualquer cidad\u00e3o verifique o ranking de nomes mais registrados em diferentes estados e munic\u00edpios brasileiros. Essa ferramenta \u00e9 essencial para quem busca originalidade e deseja evitar nomes que j\u00e1 estejam saturados no mercado atual de registros infantis. Para explorar o ranking detalhado e oficial, visite o site do <a href=\"https:\/\/transparencia.registrocivil.org.br\/inicio\" target=\"_blank\" rel=\"noreferrer noopener\">Registro Civil<\/a> e verifique as estat\u00edsticas atualizadas.<\/p>\n","protected":false},"excerpt":{"rendered":"<p>A escolha de nomes para beb\u00eas costuma seguir ciclos geracionais que resgatam tend\u00eancias de d\u00e9cadas passadas com uma nova roupagem moderna. Atualmente, muitos pais buscam inspira\u00e7\u00e3o nos anos 70 para encontrar op\u00e7\u00f5es que transmitem for\u00e7a e tradi\u00e7\u00e3o. Entender esse fen\u00f4meno ajuda a compreender como a identidade brasileira se renova constantemente atrav\u00e9s das gera\u00e7\u00f5es. Por que [&hellip;]<\/p>\n","protected":false},"author":21,"featured_media":205464,"comment_status":"open","ping_status":"open","sticky":false,"template":"","format":"standard","meta":{"_yoast_wpseo_focuskw":"nomes femininos dos anos 70","_yoast_wpseo_title":"","_yoast_wpseo_metadesc":"Nomes femininos populares nos anos 70 voltam aos registros atuais e revelam um movimento que mistura nostalgia, tradi\u00e7\u00e3o e novas prefer\u00eancias","jnews-multi-image_gallery":[],"jnews_single_post":{"format":"standard"},"jnews_primary_category":[],"jnews_social_meta":[],"jnews_override_counter":[],"footnotes":""},"categories":[112],"post_tag":[5901,5202,11783,11480],"class_list":["post-205457","post","type-post","status-publish","format-standard","has-post-thumbnail","hentry","category-curiosidades","tag-bebes","tag-nomes","tag-nomes-de-bebes","tag-nomes-de-meninas"],"yoast_head":"<!-- This site is optimized with the Yoast SEO plugin v24.6 - https:\/\/yoast.com\/wordpress\/plugins\/seo\/ -->\n<title>Nomes de meninas dos anos 70 que voltaram a aparecer entre beb\u00eas no Brasil - Correio Braziliense - Radar<\/title>\n<meta name=\"description\" content=\"Nomes femininos populares nos anos 70 voltam aos registros atuais e revelam um movimento que mistura nostalgia, tradi\u00e7\u00e3o e novas prefer\u00eancias\" \/>\n<meta name=\"robots\" content=\"index, follow, max-snippet:-1, max-image-preview:large, max-video-preview:-1\" \/>\n<link rel=\"canonical\" href=\"https:\/\/www.correiobraziliense.com.br\/cbradar\/nomes-de-meninas-dos-anos-70-que-voltaram-a-aparecer-entre-bebes-no-brasil\/\" \/>\n<meta property=\"og:locale\" content=\"pt_BR\" \/>\n<meta property=\"og:type\" content=\"article\" \/>\n<meta property=\"og:title\" content=\"Nomes de meninas dos anos 70 que voltaram a aparecer entre beb\u00eas no Brasil - Correio Braziliense - Radar\" \/>\n<meta property=\"og:description\" content=\"Nomes femininos populares nos anos 70 voltam aos registros atuais e revelam um movimento que mistura nostalgia, tradi\u00e7\u00e3o e novas prefer\u00eancias\" \/>\n<meta property=\"og:url\" content=\"https:\/\/www.correiobraziliense.com.br\/cbradar\/nomes-de-meninas-dos-anos-70-que-voltaram-a-aparecer-entre-bebes-no-brasil\/\" \/>\n<meta property=\"og:site_name\" content=\"Correio Braziliense - Radar\" \/>\n<meta property=\"article:published_time\" content=\"2026-03-10T09:45:00+00:00\" \/>\n<meta property=\"og:image\" content=\"https:\/\/www.correiobraziliense.com.br\/cbradar\/wp-content\/uploads\/2026\/03\/Gemini_Generated_Image_rm5liqrm5liqrm5l-1-1.png\" \/>\n\t<meta property=\"og:image:width\" content=\"1280\" \/>\n\t<meta property=\"og:image:height\" content=\"720\" \/>\n\t<meta property=\"og:image:type\" content=\"image\/png\" \/>\n<meta name=\"author\" content=\"Patrick Silva\" \/>\n<meta name=\"twitter:card\" content=\"summary_large_image\" \/>\n<meta name=\"twitter:label1\" content=\"Escrito por\" \/>\n\t<meta name=\"twitter:data1\" content=\"Patrick Silva\" \/>\n\t<meta name=\"twitter:label2\" content=\"Est. tempo de leitura\" \/>\n\t<meta name=\"twitter:data2\" content=\"5 minutos\" \/>\n<!-- \/ Yoast SEO plugin. -->","yoast_head_json":{"title":"Nomes de meninas dos anos 70 que voltaram a aparecer entre beb\u00eas no Brasil - Correio Braziliense - Radar","description":"Nomes femininos populares nos anos 70 voltam aos registros atuais e revelam um movimento que mistura nostalgia, tradi\u00e7\u00e3o e novas prefer\u00eancias","robots":{"index":"index","follow":"follow","max-snippet":"max-snippet:-1","max-image-preview":"max-image-preview:large","max-video-preview":"max-video-preview:-1"},"canonical":"https:\/\/www.correiobraziliense.com.br\/cbradar\/nomes-de-meninas-dos-anos-70-que-voltaram-a-aparecer-entre-bebes-no-brasil\/","og_locale":"pt_BR","og_type":"article","og_title":"Nomes de meninas dos anos 70 que voltaram a aparecer entre beb\u00eas no Brasil - Correio Braziliense - Radar","og_description":"Nomes femininos populares nos anos 70 voltam aos registros atuais e revelam um movimento que mistura nostalgia, tradi\u00e7\u00e3o e novas prefer\u00eancias","og_url":"https:\/\/www.correiobraziliense.com.br\/cbradar\/nomes-de-meninas-dos-anos-70-que-voltaram-a-aparecer-entre-bebes-no-brasil\/","og_site_name":"Correio Braziliense - Radar","article_published_time":"2026-03-10T09:45:00+00:00","og_image":[{"width":1280,"height":720,"url":"https:\/\/www.correiobraziliense.com.br\/cbradar\/wp-content\/uploads\/2026\/03\/Gemini_Generated_Image_rm5liqrm5liqrm5l-1-1.png","type":"image\/png"}],"author":"Patrick Silva","twitter_card":"summary_large_image","twitter_misc":{"Escrito por":"Patrick Silva","Est. tempo de leitura":"5 minutos"},"schema":{"@context":"https:\/\/schema.org","@graph":[{"@type":"WebPage","@id":"https:\/\/www.correiobraziliense.com.br\/cbradar\/nomes-de-meninas-dos-anos-70-que-voltaram-a-aparecer-entre-bebes-no-brasil\/","url":"https:\/\/www.correiobraziliense.com.br\/cbradar\/nomes-de-meninas-dos-anos-70-que-voltaram-a-aparecer-entre-bebes-no-brasil\/","name":"Nomes de meninas dos anos 70 que voltaram a aparecer entre beb\u00eas no Brasil - Correio Braziliense - Radar","isPartOf":{"@id":"https:\/\/www.correiobraziliense.com.br\/cbradar\/#website"},"primaryImageOfPage":{"@id":"https:\/\/www.correiobraziliense.com.br\/cbradar\/nomes-de-meninas-dos-anos-70-que-voltaram-a-aparecer-entre-bebes-no-brasil\/#primaryimage"},"image":{"@id":"https:\/\/www.correiobraziliense.com.br\/cbradar\/nomes-de-meninas-dos-anos-70-que-voltaram-a-aparecer-entre-bebes-no-brasil\/#primaryimage"},"thumbnailUrl":"https:\/\/www.correiobraziliense.com.br\/cbradar\/wp-content\/uploads\/2026\/03\/Gemini_Generated_Image_rm5liqrm5liqrm5l-1-1.png","datePublished":"2026-03-10T09:45:00+00:00","author":{"@id":"https:\/\/www.correiobraziliense.com.br\/cbradar\/#\/schema\/person\/5440b72be9c7eb74f446c846479dc4da"},"description":"Nomes femininos populares nos anos 70 voltam aos registros atuais e revelam um movimento que mistura nostalgia, tradi\u00e7\u00e3o e novas prefer\u00eancias","breadcrumb":{"@id":"https:\/\/www.correiobraziliense.com.br\/cbradar\/nomes-de-meninas-dos-anos-70-que-voltaram-a-aparecer-entre-bebes-no-brasil\/#breadcrumb"},"inLanguage":"pt-BR","potentialAction":[{"@type":"ReadAction","target":["https:\/\/www.correiobraziliense.com.br\/cbradar\/nomes-de-meninas-dos-anos-70-que-voltaram-a-aparecer-entre-bebes-no-brasil\/"]}]},{"@type":"ImageObject","inLanguage":"pt-BR","@id":"https:\/\/www.correiobraziliense.com.br\/cbradar\/nomes-de-meninas-dos-anos-70-que-voltaram-a-aparecer-entre-bebes-no-brasil\/#primaryimage","url":"https:\/\/www.correiobraziliense.com.br\/cbradar\/wp-content\/uploads\/2026\/03\/Gemini_Generated_Image_rm5liqrm5liqrm5l-1-1.png","contentUrl":"https:\/\/www.correiobraziliense.com.br\/cbradar\/wp-content\/uploads\/2026\/03\/Gemini_Generated_Image_rm5liqrm5liqrm5l-1-1.png","width":1280,"height":720,"caption":"Nomes femininos dos anos 70 voltam aos registros e mostram for\u00e7a da nostalgia nas fam\u00edlias"},{"@type":"BreadcrumbList","@id":"https:\/\/www.correiobraziliense.com.br\/cbradar\/nomes-de-meninas-dos-anos-70-que-voltaram-a-aparecer-entre-bebes-no-brasil\/#breadcrumb","itemListElement":[{"@type":"ListItem","position":1,"name":"In\u00edcio","item":"https:\/\/www.correiobraziliense.com.br\/cbradar\/"},{"@type":"ListItem","position":2,"name":"Nomes de meninas dos anos 70 que voltaram a aparecer entre beb\u00eas no Brasil"}]},{"@type":"WebSite","@id":"https:\/\/www.correiobraziliense.com.br\/cbradar\/#website","url":"https:\/\/www.correiobraziliense.com.br\/cbradar\/","name":"Correio Braziliense - Radar","description":"Acompanhe as \u00faltimas not\u00edcias e fique bem informado sobre tudo o que acontece no Brasil e no mundo.","potentialAction":[{"@type":"SearchAction","target":{"@type":"EntryPoint","urlTemplate":"https:\/\/www.correiobraziliense.com.br\/cbradar\/?s={search_term_string}"},"query-input":{"@type":"PropertyValueSpecification","valueRequired":true,"valueName":"search_term_string"}}],"inLanguage":"pt-BR"},{"@type":"Person","@id":"https:\/\/www.correiobraziliense.com.br\/cbradar\/#\/schema\/person\/5440b72be9c7eb74f446c846479dc4da","name":"Patrick Silva","image":{"@type":"ImageObject","inLanguage":"pt-BR","@id":"https:\/\/www.correiobraziliense.com.br\/cbradar\/#\/schema\/person\/image\/","url":"https:\/\/secure.gravatar.com\/avatar\/944109df296fc087785c9715fd5f80b2?s=96&d=mm&r=g","contentUrl":"https:\/\/secure.gravatar.com\/avatar\/944109df296fc087785c9715fd5f80b2?s=96&d=mm&r=g","caption":"Patrick Silva"},"sameAs":["https:\/\/www.correiobraziliense.com.br\/cbradar\/"],"url":"https:\/\/www.correiobraziliense.com.br\/cbradar\/author\/patrick-silva\/"}]}},"_links":{"self":[{"href":"https:\/\/www.correiobraziliense.com.br\/cbradar\/wp-json\/wp\/v2\/posts\/205457","targetHints":{"allow":["GET"]}}],"collection":[{"href":"https:\/\/www.correiobraziliense.com.br\/cbradar\/wp-json\/wp\/v2\/posts"}],"about":[{"href":"https:\/\/www.correiobraziliense.com.br\/cbradar\/wp-json\/wp\/v2\/types\/post"}],"author":[{"embeddable":true,"href":"https:\/\/www.correiobraziliense.com.br\/cbradar\/wp-json\/wp\/v2\/users\/21"}],"replies":[{"embeddable":true,"href":"https:\/\/www.correiobraziliense.com.br\/cbradar\/wp-json\/wp\/v2\/comments?post=205457"}],"version-history":[{"count":1,"href":"https:\/\/www.correiobraziliense.com.br\/cbradar\/wp-json\/wp\/v2\/posts\/205457\/revisions"}],"predecessor-version":[{"id":205470,"href":"https:\/\/www.correiobraziliense.com.br\/cbradar\/wp-json\/wp\/v2\/posts\/205457\/revisions\/205470"}],"wp:featuredmedia":[{"embeddable":true,"href":"https:\/\/www.correiobraziliense.com.br\/cbradar\/wp-json\/wp\/v2\/media\/205464"}],"wp:attachment":[{"href":"https:\/\/www.correiobraziliense.com.br\/cbradar\/wp-json\/wp\/v2\/media?parent=205457"}],"wp:term":[{"taxonomy":"category","embeddable":true,"href":"https:\/\/www.correiobraziliense.com.br\/cbradar\/wp-json\/wp\/v2\/categories?post=205457"},{"taxonomy":"post_tag","embeddable":true,"href":"https:\/\/www.correiobraziliense.com.br\/cbradar\/wp-json\/wp\/v2\/post_tag?post=205457"}],"curies":[{"name":"wp","href":"https:\/\/api.w.org\/{rel}","templated":true}]}}