{"id":205477,"date":"2026-03-11T09:05:00","date_gmt":"2026-03-11T12:05:00","guid":{"rendered":"https:\/\/www.correiobraziliense.com.br\/cbradar\/?p=205477"},"modified":"2026-03-10T15:08:30","modified_gmt":"2026-03-10T18:08:30","slug":"os-sinais-silenciosos-que-o-corpo-emite-quando-ha-falta-de-magnesio-nos-musculos","status":"publish","type":"post","link":"https:\/\/www.correiobraziliense.com.br\/cbradar\/os-sinais-silenciosos-que-o-corpo-emite-quando-ha-falta-de-magnesio-nos-musculos\/","title":{"rendered":"Os sinais silenciosos que o corpo emite quando h\u00e1 falta de magn\u00e9sio nos m\u00fasculos"},"content":{"rendered":"\n<p class=\"wp-embed-aspect-16-9 wp-has-aspect-ratio\">Identificar <strong>os sinais silenciosos que o corpo emite quando h\u00e1 falta de magn\u00e9sio nos m\u00fasculos<\/strong> previne dores articulares severas. Esse nutriente vital controla o relaxamento das fibras biol\u00f3gicas e a sua aus\u00eancia constante gera espasmos dolorosos e noites muito mal dormidas.<\/p>\n\n\n\n<h2 class=\"wp-block-heading wp-embed-aspect-16-9 wp-has-aspect-ratio\">Por que o mineral \u00e9 necess\u00e1rio para o corpo humano?<\/h2>\n\n\n\n<p class=\"wp-embed-aspect-16-9 wp-has-aspect-ratio\">O <a href=\"https:\/\/pt.wikipedia.org\/wiki\/Magn%C3%A9sio\" target=\"_blank\" rel=\"noreferrer noopener\">magn\u00e9sio<\/a> atua como um maestro silencioso dentro do sistema nervoso central e perif\u00e9rico. Ele regula os delicados impulsos el\u00e9tricos nervosos e garante que a musculatura relaxe adequadamente logo ap\u00f3s qualquer contra\u00e7\u00e3o f\u00edsica intensa ou mesmo ap\u00f3s um movimento rotineiro.<\/p>\n\n\n\n<p class=\"wp-embed-aspect-16-9 wp-has-aspect-ratio\">Sem uma quantidade adequada circulando na corrente sangu\u00ednea, as c\u00e9lulas nervosas disparam sinais qu\u00edmicos de forma totalmente descontrolada. Essa hiperatividade biol\u00f3gica resulta em tens\u00f5es musculares involunt\u00e1rias que afetam diretamente a mobilidade do paciente e a sua qualidade de vida di\u00e1ria.<\/p>\n\n\n\n<figure class=\"wp-block-embed is-type-video is-provider-youtube wp-block-embed-youtube wp-embed-aspect-16-9 wp-has-aspect-ratio\"><div class=\"wp-block-embed__wrapper\">\n<div class=\"jeg_video_container jeg_video_content\"><iframe loading=\"lazy\" title=\"Magn\u00e9sio serve para C\u00e2imbras Musculares? Aprenda mais!\" width=\"500\" height=\"281\" src=\"https:\/\/www.youtube.com\/embed\/834Nj0Nq3zM?feature=oembed\" frameborder=\"0\" allow=\"accelerometer; autoplay; clipboard-write; encrypted-media; gyroscope; picture-in-picture; web-share\" referrerpolicy=\"strict-origin-when-cross-origin\" allowfullscreen><\/iframe><\/div>\n<\/div><\/figure>\n\n\n\n<h2 class=\"wp-block-heading wp-embed-aspect-16-9 wp-has-aspect-ratio\">Quais s\u00e3o os primeiros sintomas na regi\u00e3o dos olhos?<\/h2>\n\n\n\n<p class=\"wp-embed-aspect-16-9 wp-has-aspect-ratio\">Um dos alertas iniciais mais comuns ocorre diretamente nas p\u00e1lpebras, manifestando-se como um tremor r\u00e1pido e bastante inc\u00f4modo. Essa pequena contra\u00e7\u00e3o ocular repetitiva, chamada clinicamente de mioquimia, sinaliza que os finos nervos faciais est\u00e3o operando sob extrema fadiga celular.<\/p>\n\n\n\n<p class=\"wp-embed-aspect-16-9 wp-has-aspect-ratio\">O problema costuma aparecer durante per\u00edodos de trabalho exaustivo ou ap\u00f3s o consumo excessivo de x\u00edcaras de caf\u00e9 ao longo da tarde. Ignorar esse aviso prim\u00e1rio permite que a defici\u00eancia nutricional avance agressivamente para grupos musculares maiores e muito mais complexos.<\/p>\n\n\n\n<figure class=\"wp-block-embed is-type-video is-provider-youtube wp-block-embed-youtube wp-embed-aspect-16-9 wp-has-aspect-ratio\"><div class=\"wp-block-embed__wrapper\">\n<div class=\"jeg_video_container jeg_video_content\"><iframe loading=\"lazy\" title=\"Magn\u00e9sio serve para C\u00e2imbras Musculares? Aprenda mais!\" width=\"500\" height=\"281\" src=\"https:\/\/www.youtube.com\/embed\/834Nj0Nq3zM?feature=oembed\" frameborder=\"0\" allow=\"accelerometer; autoplay; clipboard-write; encrypted-media; gyroscope; picture-in-picture; web-share\" referrerpolicy=\"strict-origin-when-cross-origin\" allowfullscreen><\/iframe><\/div>\n<\/div><\/figure>\n\n\n\n<h2 class=\"wp-block-heading wp-embed-aspect-16-9 wp-has-aspect-ratio\">Como a defici\u00eancia afeta as pernas durante a noite?<\/h2>\n\n\n\n<p class=\"wp-embed-aspect-16-9 wp-has-aspect-ratio\">Durante o per\u00edodo de repouso, o corpo tenta reparar ativamente as microles\u00f5es geradas ao longo da rotina agitada. Contudo, n\u00edveis baixos do mineral provocam repuxamentos violentos nas panturrilhas, interrompendo o sono com epis\u00f3dios de dor aguda e imobilidade tempor\u00e1ria assustadora.<\/p>\n\n\n\n<p class=\"wp-embed-aspect-16-9 wp-has-aspect-ratio\">Especialistas e pesquisadores do <strong>National Institutes of Health<\/strong> alertam que a <a href=\"https:\/\/ods.od.nih.gov\/factsheets\/Magnesium-HealthProfessional\/\" target=\"_blank\" rel=\"noreferrer noopener\">car\u00eancia desse eletr\u00f3lito agrava as contra\u00e7\u00f5es noturnas<\/a> severas em adultos saud\u00e1veis. A dor local persistente no dia seguinte indica que o tecido esquel\u00e9tico n\u00e3o conseguiu desativar as suas fibras corretamente.<\/p>\n\n\n\n<h3 class=\"wp-block-heading wp-embed-aspect-16-9 wp-has-aspect-ratio\">Qual a rela\u00e7\u00e3o qu\u00edmica com o ac\u00famulo de c\u00e1lcio?<\/h3>\n\n\n\n<p class=\"wp-embed-aspect-16-9 wp-has-aspect-ratio\">O c\u00e1lcio e o magn\u00e9sio competem rigorosamente pelos mesmos receptores de membrana dentro da estrutura celular. Quando o corpo sofre um d\u00e9ficit cr\u00f4nico, o c\u00e1lcio inunda as fibras livres sem nenhuma resist\u00eancia org\u00e2nica, causando a terr\u00edvel c\u00e3ibra sustentada e muito dolorosa.<\/p>\n\n\n\n<p class=\"wp-embed-aspect-16-9 wp-has-aspect-ratio\">No v\u00eddeo a seguir, o <strong><em>Dr. Hong Jin Pai &#8211; Dor, Fisiatria e Acupuntura<\/em><\/strong>, com mais de 90 mil inscritos, fala um pouco sobre a rela\u00e7\u00e3o do magn\u00e9sio com c\u00e2imbras:<\/p>\n\n\n\n<figure class=\"wp-block-embed is-type-video is-provider-youtube wp-block-embed-youtube wp-embed-aspect-16-9 wp-has-aspect-ratio\"><div class=\"wp-block-embed__wrapper\">\n<div class=\"jeg_video_container jeg_video_content\"><iframe loading=\"lazy\" title=\"Magn\u00e9sio serve para C\u00e2imbras Musculares? Aprenda mais!\" width=\"500\" height=\"281\" src=\"https:\/\/www.youtube.com\/embed\/834Nj0Nq3zM?feature=oembed\" frameborder=\"0\" allow=\"accelerometer; autoplay; clipboard-write; encrypted-media; gyroscope; picture-in-picture; web-share\" referrerpolicy=\"strict-origin-when-cross-origin\" allowfullscreen><\/iframe><\/div>\n<\/div><\/figure>\n\n\n\n<h2 class=\"wp-block-heading wp-embed-aspect-16-9 wp-has-aspect-ratio\">O que o sono revela sobre os n\u00edveis nutricionais?<\/h2>\n\n\n\n<p class=\"wp-embed-aspect-16-9 wp-has-aspect-ratio\">A incapacidade rotineira de atingir o est\u00e1gio de sono profundo e reparador sinaliza uma forte desregula\u00e7\u00e3o qu\u00edmica no c\u00e9rebro do paciente. O nutriente auxilia na produ\u00e7\u00e3o natural de melatonina e ajuda a silenciar os pensamentos acelerados que geram a ins\u00f4nia cr\u00f4nica.<\/p>\n\n\n\n<p class=\"wp-embed-aspect-16-9 wp-has-aspect-ratio\">Pessoas que acordam fisicamente exaustas frequentemente apresentam baixas reservas energ\u00e9ticas desse composto vital. Restaurar o pleno equil\u00edbrio qu\u00edmico interno \u00e9 o primeiro passo terap\u00eautico validado pelos m\u00e9dicos especialistas para devolver o descanso cont\u00ednuo que todo o organismo adulto necessita.<\/p>\n\n\n\n<figure class=\"wp-block-embed is-type-video is-provider-youtube wp-block-embed-youtube wp-embed-aspect-16-9 wp-has-aspect-ratio\"><div class=\"wp-block-embed__wrapper\">\n<div class=\"jeg_video_container jeg_video_content\"><iframe loading=\"lazy\" title=\"Magn\u00e9sio serve para C\u00e2imbras Musculares? Aprenda mais!\" width=\"500\" height=\"281\" src=\"https:\/\/www.youtube.com\/embed\/834Nj0Nq3zM?feature=oembed\" frameborder=\"0\" allow=\"accelerometer; autoplay; clipboard-write; encrypted-media; gyroscope; picture-in-picture; web-share\" referrerpolicy=\"strict-origin-when-cross-origin\" allowfullscreen><\/iframe><\/div>\n<\/div><\/figure>\n\n\n\n<h2 class=\"wp-block-heading wp-embed-aspect-16-9 wp-has-aspect-ratio\">Onde encontrar as melhores fontes alimentares di\u00e1rias?<\/h2>\n\n\n\n<p class=\"wp-embed-aspect-16-9 wp-has-aspect-ratio\">A base s\u00f3lida de uma dieta rica e altamente protetora come\u00e7a nas bancas da feira livre da sua pr\u00f3pria cidade. O solo do <strong>Brasil<\/strong> oferece op\u00e7\u00f5es extremamente acess\u00edveis e baratas para repor os estoques minerais atrav\u00e9s das refei\u00e7\u00f5es saud\u00e1veis feitas na cozinha de casa.<\/p>\n\n\n\n<p class=\"wp-embed-aspect-16-9 wp-has-aspect-ratio\">Nutricionistas cl\u00ednicos e esportivos recomendam a inclus\u00e3o rigorosa de sementes cruas e folhas verdes escuras no prato principal. Anote os alimentos terap\u00eauticos mais potentes para compor a sua pr\u00f3xima lista de compras semanal e melhorar a nutri\u00e7\u00e3o familiar:<\/p>\n\n\n\n<ul class=\"wp-block-list wp-embed-aspect-16-9 wp-has-aspect-ratio\">\n<li><strong>Sementes de ab\u00f3bora<\/strong>: entregam doses maci\u00e7as do eletr\u00f3lito essencial e gorduras boas.<\/li>\n\n\n\n<li><strong>Espinafre<\/strong>: concentra alt\u00edssimas vitaminas complexas e \u00e1gua em suas folhas espessas.<\/li>\n\n\n\n<li><strong>Castanha-do-par\u00e1<\/strong>: fornece energia limpa e estimula fortemente a imunidade celular.<\/li>\n\n\n\n<li><strong>Cacau puro<\/strong>: age rapidamente no metabolismo como um relaxante org\u00e2nico de excel\u00eancia.<\/li>\n<\/ul>\n\n\n\n<figure class=\"wp-block-embed is-type-video is-provider-youtube wp-block-embed-youtube wp-embed-aspect-16-9 wp-has-aspect-ratio\"><div class=\"wp-block-embed__wrapper\">\n<div class=\"jeg_video_container jeg_video_content\"><iframe loading=\"lazy\" title=\"Magn\u00e9sio serve para C\u00e2imbras Musculares? Aprenda mais!\" width=\"500\" height=\"281\" src=\"https:\/\/www.youtube.com\/embed\/834Nj0Nq3zM?feature=oembed\" frameborder=\"0\" allow=\"accelerometer; autoplay; clipboard-write; encrypted-media; gyroscope; picture-in-picture; web-share\" referrerpolicy=\"strict-origin-when-cross-origin\" allowfullscreen><\/iframe><\/div>\n<\/div><\/figure>\n\n\n\n<h2 class=\"wp-block-heading wp-embed-aspect-16-9 wp-has-aspect-ratio\">Quando a suplementa\u00e7\u00e3o em c\u00e1psulas torna-se indispens\u00e1vel?<\/h2>\n\n\n\n<p class=\"wp-embed-aspect-16-9 wp-has-aspect-ratio\">Mudan\u00e7as exclusivas na base da alimenta\u00e7\u00e3o alimentar nem sempre revertem quadros j\u00e1 muito avan\u00e7ados de esgotamento f\u00edsico e mental. Popula\u00e7\u00f5es idosas e atletas profissionais frequentemente necessitam de interven\u00e7\u00f5es isoladas com o mineral em formato quelato para garantir a r\u00e1pida absor\u00e7\u00e3o intestinal.<\/p>\n\n\n\n<p class=\"wp-embed-aspect-16-9 wp-has-aspect-ratio\">A <strong>Organiza\u00e7\u00e3o Mundial da Sa\u00fade<\/strong> preconiza que todo tratamento medicamentoso exige extrema cautela e supervis\u00e3o m\u00e9dica laboratorial frequente. Relate os espasmos persistentes ao seu cl\u00ednico geral de confian\u00e7a para estruturar uma prescri\u00e7\u00e3o suplementar perfeitamente ajustada \u00e0 sua rotina biol\u00f3gica individual.<\/p>\n","protected":false},"excerpt":{"rendered":"<p>Identificar os sinais silenciosos que o corpo emite quando h\u00e1 falta de magn\u00e9sio nos m\u00fasculos previne dores articulares severas. Esse nutriente vital controla o relaxamento das fibras biol\u00f3gicas e a sua aus\u00eancia constante gera espasmos dolorosos e noites muito mal dormidas. Por que o mineral \u00e9 necess\u00e1rio para o corpo humano? O magn\u00e9sio atua como [&hellip;]<\/p>\n","protected":false},"author":11,"featured_media":206272,"comment_status":"open","ping_status":"open","sticky":false,"template":"","format":"standard","meta":{"_yoast_wpseo_focuskw":"falta de magn\u00e9sio","_yoast_wpseo_title":"","_yoast_wpseo_metadesc":"Sente tremores cont\u00ednuos nos olhos ou sofre com c\u00e3ibras noturnas? O seu organismo pode estar pedindo ajuda. Leia sobre os sintomas silenciosos de alerta.","jnews-multi-image_gallery":[],"jnews_single_post":{"format":"standard"},"jnews_primary_category":[],"jnews_social_meta":[],"jnews_override_counter":[],"footnotes":""},"categories":[119],"tags":[9282,8550],"class_list":["post-205477","post","type-post","status-publish","format-standard","has-post-thumbnail","hentry","category-bem-estar","tag-magnesio-2","tag-musculos-2"],"yoast_head":"<!-- This site is optimized with the Yoast SEO plugin v24.6 - https:\/\/yoast.com\/wordpress\/plugins\/seo\/ -->\n<title>Os sinais silenciosos que o corpo emite quando h\u00e1 falta de magn\u00e9sio nos m\u00fasculos - Correio Braziliense - Radar<\/title>\n<meta name=\"description\" content=\"Sente tremores cont\u00ednuos nos olhos ou sofre com c\u00e3ibras noturnas? O seu organismo pode estar pedindo ajuda. Leia sobre os sintomas silenciosos de alerta.\" \/>\n<meta name=\"robots\" content=\"index, follow, max-snippet:-1, max-image-preview:large, max-video-preview:-1\" \/>\n<link rel=\"canonical\" href=\"https:\/\/www.correiobraziliense.com.br\/cbradar\/os-sinais-silenciosos-que-o-corpo-emite-quando-ha-falta-de-magnesio-nos-musculos\/\" \/>\n<meta property=\"og:locale\" content=\"pt_BR\" \/>\n<meta property=\"og:type\" content=\"article\" \/>\n<meta property=\"og:title\" content=\"Os sinais silenciosos que o corpo emite quando h\u00e1 falta de magn\u00e9sio nos m\u00fasculos - Correio Braziliense - Radar\" \/>\n<meta property=\"og:description\" content=\"Sente tremores cont\u00ednuos nos olhos ou sofre com c\u00e3ibras noturnas? O seu organismo pode estar pedindo ajuda. Leia sobre os sintomas silenciosos de alerta.\" \/>\n<meta property=\"og:url\" content=\"https:\/\/www.correiobraziliense.com.br\/cbradar\/os-sinais-silenciosos-que-o-corpo-emite-quando-ha-falta-de-magnesio-nos-musculos\/\" \/>\n<meta property=\"og:site_name\" content=\"Correio Braziliense - Radar\" \/>\n<meta property=\"article:published_time\" content=\"2026-03-11T12:05:00+00:00\" \/>\n<meta property=\"og:image\" content=\"https:\/\/www.correiobraziliense.com.br\/cbradar\/wp-content\/uploads\/2026\/03\/freepik__close-realista-de-uma-panturrilha-humana-contrada-__97645.jpeg\" \/>\n\t<meta property=\"og:image:width\" content=\"1280\" \/>\n\t<meta property=\"og:image:height\" content=\"720\" \/>\n\t<meta property=\"og:image:type\" content=\"image\/jpeg\" \/>\n<meta name=\"author\" content=\"Paulo Custodio\" \/>\n<meta name=\"twitter:card\" content=\"summary_large_image\" \/>\n<meta name=\"twitter:label1\" content=\"Escrito por\" \/>\n\t<meta name=\"twitter:data1\" content=\"Paulo Custodio\" \/>\n\t<meta name=\"twitter:label2\" content=\"Est. tempo de leitura\" \/>\n\t<meta name=\"twitter:data2\" content=\"4 minutos\" \/>\n<!-- \/ Yoast SEO plugin. -->","yoast_head_json":{"title":"Os sinais silenciosos que o corpo emite quando h\u00e1 falta de magn\u00e9sio nos m\u00fasculos - Correio Braziliense - Radar","description":"Sente tremores cont\u00ednuos nos olhos ou sofre com c\u00e3ibras noturnas? O seu organismo pode estar pedindo ajuda. Leia sobre os sintomas silenciosos de alerta.","robots":{"index":"index","follow":"follow","max-snippet":"max-snippet:-1","max-image-preview":"max-image-preview:large","max-video-preview":"max-video-preview:-1"},"canonical":"https:\/\/www.correiobraziliense.com.br\/cbradar\/os-sinais-silenciosos-que-o-corpo-emite-quando-ha-falta-de-magnesio-nos-musculos\/","og_locale":"pt_BR","og_type":"article","og_title":"Os sinais silenciosos que o corpo emite quando h\u00e1 falta de magn\u00e9sio nos m\u00fasculos - Correio Braziliense - Radar","og_description":"Sente tremores cont\u00ednuos nos olhos ou sofre com c\u00e3ibras noturnas? O seu organismo pode estar pedindo ajuda. Leia sobre os sintomas silenciosos de alerta.","og_url":"https:\/\/www.correiobraziliense.com.br\/cbradar\/os-sinais-silenciosos-que-o-corpo-emite-quando-ha-falta-de-magnesio-nos-musculos\/","og_site_name":"Correio Braziliense - Radar","article_published_time":"2026-03-11T12:05:00+00:00","og_image":[{"width":1280,"height":720,"url":"https:\/\/www.correiobraziliense.com.br\/cbradar\/wp-content\/uploads\/2026\/03\/freepik__close-realista-de-uma-panturrilha-humana-contrada-__97645.jpeg","type":"image\/jpeg"}],"author":"Paulo Custodio","twitter_card":"summary_large_image","twitter_misc":{"Escrito por":"Paulo Custodio","Est. tempo de leitura":"4 minutos"},"schema":{"@context":"https:\/\/schema.org","@graph":[{"@type":"WebPage","@id":"https:\/\/www.correiobraziliense.com.br\/cbradar\/os-sinais-silenciosos-que-o-corpo-emite-quando-ha-falta-de-magnesio-nos-musculos\/","url":"https:\/\/www.correiobraziliense.com.br\/cbradar\/os-sinais-silenciosos-que-o-corpo-emite-quando-ha-falta-de-magnesio-nos-musculos\/","name":"Os sinais silenciosos que o corpo emite quando h\u00e1 falta de magn\u00e9sio nos m\u00fasculos - Correio Braziliense - Radar","isPartOf":{"@id":"https:\/\/www.correiobraziliense.com.br\/cbradar\/#website"},"primaryImageOfPage":{"@id":"https:\/\/www.correiobraziliense.com.br\/cbradar\/os-sinais-silenciosos-que-o-corpo-emite-quando-ha-falta-de-magnesio-nos-musculos\/#primaryimage"},"image":{"@id":"https:\/\/www.correiobraziliense.com.br\/cbradar\/os-sinais-silenciosos-que-o-corpo-emite-quando-ha-falta-de-magnesio-nos-musculos\/#primaryimage"},"thumbnailUrl":"https:\/\/www.correiobraziliense.com.br\/cbradar\/wp-content\/uploads\/2026\/03\/freepik__close-realista-de-uma-panturrilha-humana-contrada-__97645.jpeg","datePublished":"2026-03-11T12:05:00+00:00","author":{"@id":"https:\/\/www.correiobraziliense.com.br\/cbradar\/#\/schema\/person\/4cec7857301a9a1a2ef249893cd908d3"},"description":"Sente tremores cont\u00ednuos nos olhos ou sofre com c\u00e3ibras noturnas? O seu organismo pode estar pedindo ajuda. Leia sobre os sintomas silenciosos de alerta.","breadcrumb":{"@id":"https:\/\/www.correiobraziliense.com.br\/cbradar\/os-sinais-silenciosos-que-o-corpo-emite-quando-ha-falta-de-magnesio-nos-musculos\/#breadcrumb"},"inLanguage":"pt-BR","potentialAction":[{"@type":"ReadAction","target":["https:\/\/www.correiobraziliense.com.br\/cbradar\/os-sinais-silenciosos-que-o-corpo-emite-quando-ha-falta-de-magnesio-nos-musculos\/"]}]},{"@type":"ImageObject","inLanguage":"pt-BR","@id":"https:\/\/www.correiobraziliense.com.br\/cbradar\/os-sinais-silenciosos-que-o-corpo-emite-quando-ha-falta-de-magnesio-nos-musculos\/#primaryimage","url":"https:\/\/www.correiobraziliense.com.br\/cbradar\/wp-content\/uploads\/2026\/03\/freepik__close-realista-de-uma-panturrilha-humana-contrada-__97645.jpeg","contentUrl":"https:\/\/www.correiobraziliense.com.br\/cbradar\/wp-content\/uploads\/2026\/03\/freepik__close-realista-de-uma-panturrilha-humana-contrada-__97645.jpeg","width":1280,"height":720,"caption":"A defici\u00eancia de magn\u00e9sio pode causar c\u00e3ibras e espasmos musculares frequentes"},{"@type":"BreadcrumbList","@id":"https:\/\/www.correiobraziliense.com.br\/cbradar\/os-sinais-silenciosos-que-o-corpo-emite-quando-ha-falta-de-magnesio-nos-musculos\/#breadcrumb","itemListElement":[{"@type":"ListItem","position":1,"name":"In\u00edcio","item":"https:\/\/www.correiobraziliense.com.br\/cbradar\/"},{"@type":"ListItem","position":2,"name":"Os sinais silenciosos que o corpo emite quando h\u00e1 falta de magn\u00e9sio nos m\u00fasculos"}]},{"@type":"WebSite","@id":"https:\/\/www.correiobraziliense.com.br\/cbradar\/#website","url":"https:\/\/www.correiobraziliense.com.br\/cbradar\/","name":"Correio Braziliense - Radar","description":"Acompanhe as \u00faltimas not\u00edcias e fique bem informado sobre tudo o que acontece no Brasil e no mundo.","potentialAction":[{"@type":"SearchAction","target":{"@type":"EntryPoint","urlTemplate":"https:\/\/www.correiobraziliense.com.br\/cbradar\/?s={search_term_string}"},"query-input":{"@type":"PropertyValueSpecification","valueRequired":true,"valueName":"search_term_string"}}],"inLanguage":"pt-BR"},{"@type":"Person","@id":"https:\/\/www.correiobraziliense.com.br\/cbradar\/#\/schema\/person\/4cec7857301a9a1a2ef249893cd908d3","name":"Paulo Custodio","image":{"@type":"ImageObject","inLanguage":"pt-BR","@id":"https:\/\/www.correiobraziliense.com.br\/cbradar\/#\/schema\/person\/image\/","url":"https:\/\/secure.gravatar.com\/avatar\/bcd67168d1534e8fcf4f45c726a87cea?s=96&d=mm&r=g","contentUrl":"https:\/\/secure.gravatar.com\/avatar\/bcd67168d1534e8fcf4f45c726a87cea?s=96&d=mm&r=g","caption":"Paulo Custodio"},"sameAs":["https:\/\/www.correiobraziliense.com.br\/cbradar"],"url":"https:\/\/www.correiobraziliense.com.br\/cbradar\/author\/paulomyth\/"}]}},"_links":{"self":[{"href":"https:\/\/www.correiobraziliense.com.br\/cbradar\/wp-json\/wp\/v2\/posts\/205477","targetHints":{"allow":["GET"]}}],"collection":[{"href":"https:\/\/www.correiobraziliense.com.br\/cbradar\/wp-json\/wp\/v2\/posts"}],"about":[{"href":"https:\/\/www.correiobraziliense.com.br\/cbradar\/wp-json\/wp\/v2\/types\/post"}],"author":[{"embeddable":true,"href":"https:\/\/www.correiobraziliense.com.br\/cbradar\/wp-json\/wp\/v2\/users\/11"}],"replies":[{"embeddable":true,"href":"https:\/\/www.correiobraziliense.com.br\/cbradar\/wp-json\/wp\/v2\/comments?post=205477"}],"version-history":[{"count":3,"href":"https:\/\/www.correiobraziliense.com.br\/cbradar\/wp-json\/wp\/v2\/posts\/205477\/revisions"}],"predecessor-version":[{"id":206276,"href":"https:\/\/www.correiobraziliense.com.br\/cbradar\/wp-json\/wp\/v2\/posts\/205477\/revisions\/206276"}],"wp:featuredmedia":[{"embeddable":true,"href":"https:\/\/www.correiobraziliense.com.br\/cbradar\/wp-json\/wp\/v2\/media\/206272"}],"wp:attachment":[{"href":"https:\/\/www.correiobraziliense.com.br\/cbradar\/wp-json\/wp\/v2\/media?parent=205477"}],"wp:term":[{"taxonomy":"category","embeddable":true,"href":"https:\/\/www.correiobraziliense.com.br\/cbradar\/wp-json\/wp\/v2\/categories?post=205477"},{"taxonomy":"post_tag","embeddable":true,"href":"https:\/\/www.correiobraziliense.com.br\/cbradar\/wp-json\/wp\/v2\/tags?post=205477"}],"curies":[{"name":"wp","href":"https:\/\/api.w.org\/{rel}","templated":true}]}}