{"id":205483,"date":"2026-03-11T13:25:00","date_gmt":"2026-03-11T16:25:00","guid":{"rendered":"https:\/\/www.correiobraziliense.com.br\/cbradar\/?p=205483"},"modified":"2026-03-10T15:11:07","modified_gmt":"2026-03-10T18:11:07","slug":"o-significado-oculto-de-manter-aquele-objeto-de-marcar-as-horas-parado-na-parede-da-cozinha","status":"publish","type":"post","link":"https:\/\/www.correiobraziliense.com.br\/cbradar\/o-significado-oculto-de-manter-aquele-objeto-de-marcar-as-horas-parado-na-parede-da-cozinha\/","title":{"rendered":"O significado oculto de manter aquele objeto de marcar as horas parado na parede da cozinha"},"content":{"rendered":"\n<p>Compreender <strong>o significado oculto de manter aquele objeto de marcar as horas parado na parede da cozinha<\/strong> transforma a energia do seu lar. Segundo especialistas em harmoniza\u00e7\u00e3o de ambientes residenciais, um rel\u00f3gio sem pilha representa a estagna\u00e7\u00e3o profunda do tempo e trava o andamento cont\u00ednuo dos projetos familiares.<\/p>\n\n\n\n<h2 class=\"wp-block-heading\">Por que esse item afeta a energia do ambiente?<\/h2>\n\n\n\n<p>A cozinha atua como o cora\u00e7\u00e3o pulsante da resid\u00eancia, sendo o local exato onde a nutri\u00e7\u00e3o e a conviv\u00eancia di\u00e1ria acontecem. Ter um marcador de tempo quebrado ou danificado nesse espa\u00e7o central emite uma perigosa mensagem subconsciente de paralisa\u00e7\u00e3o cont\u00ednua para o c\u00e9rebro humano.<\/p>\n\n\n\n<p>A antiga filosofia oriental do <a href=\"https:\/\/pt.wikipedia.org\/wiki\/Feng_shui\" target=\"_blank\" rel=\"noreferrer noopener\"><strong>Feng Shui<\/strong><\/a>, voltada para a harmoniza\u00e7\u00e3o de espa\u00e7os, aponta que aparelhos defeituosos bloqueiam o fluxo vital org\u00e2nico. A presen\u00e7a constante de engrenagens im\u00f3veis reflete diretamente na motiva\u00e7\u00e3o matinal dos moradores e atrasa a rotina de trabalho.<\/p>\n\n\n<div class=\"wp-block-image\">\n<figure class=\"aligncenter size-full\"><img decoding=\"async\" width=\"1280\" height=\"720\" src=\"https:\/\/www.correiobraziliense.com.br\/cbradar\/wp-content\/uploads\/2026\/03\/imagem_2026-03-09_105921294.png\" alt=\"Homem pendurando rel\u00f3gio consertado em parede de alvenaria com cozinha ao fundo\" class=\"wp-image-205513\" srcset=\"https:\/\/www.correiobraziliense.com.br\/cbradar\/wp-content\/uploads\/2026\/03\/imagem_2026-03-09_105921294.png 1280w, https:\/\/www.correiobraziliense.com.br\/cbradar\/wp-content\/uploads\/2026\/03\/imagem_2026-03-09_105921294-300x169.png 300w, https:\/\/www.correiobraziliense.com.br\/cbradar\/wp-content\/uploads\/2026\/03\/imagem_2026-03-09_105921294-768x432.png 768w, https:\/\/www.correiobraziliense.com.br\/cbradar\/wp-content\/uploads\/2026\/03\/imagem_2026-03-09_105921294-750x422.png 750w, https:\/\/www.correiobraziliense.com.br\/cbradar\/wp-content\/uploads\/2026\/03\/imagem_2026-03-09_105921294-1140x641.png 1140w\" sizes=\"(max-width: 1280px) 100vw, 1280px\" \/><figcaption class=\"wp-element-caption\">Homem pendurando rel\u00f3gio consertado em parede de alvenaria com cozinha ao fundo<\/figcaption><\/figure><\/div>\n\n\n<h2 class=\"wp-block-heading\">Como a psicologia ambiental enxerga esse h\u00e1bito?<\/h2>\n\n\n\n<p>Deixar itens estragados \u00e0 vista cria um poderoso gatilho mental de procrastina\u00e7\u00e3o e de grave neglig\u00eancia com a pr\u00f3pria casa. A mente humana associa a imagem triste dos ponteiros congelados a tarefas inacabadas, gerando um cansa\u00e7o inexplic\u00e1vel logo ao acordar para o dia.<\/p>\n\n\n\n<p>Espa\u00e7os mal conservados e desorganizados elevam a ansiedade. Consertar a pe\u00e7a danificada devolve o senso de controle espacial e traz movimento constante para a din\u00e2mica familiar.<\/p>\n\n\n\n<h2 class=\"wp-block-heading\">Quais \u00e1reas da vida s\u00e3o impactadas pela estagna\u00e7\u00e3o?<\/h2>\n\n\n\n<p>A sensa\u00e7\u00e3o persistente de atraso cr\u00f4nico \u00e9 a principal queixa emocional de quem convive com esse cen\u00e1rio de falha decorativa. <a href=\"https:\/\/www.correiobraziliense.com.br\/cbradar\/a-reforma-de-banheiro-que-dura-menos-de-1-dia-e-precisa-de-poucos-materiais\/\">Projetos profissionais<\/a> inovadores e resolu\u00e7\u00f5es de pequenos problemas dom\u00e9sticos parecem n\u00e3o avan\u00e7ar adequadamente quando a no\u00e7\u00e3o de tempo est\u00e1 totalmente corrompida.<\/p>\n\n\n\n<p>Anote os principais setores da rotina afetados negativamente pela falta de manuten\u00e7\u00e3o preventiva no seu pr\u00f3prio im\u00f3vel:<\/p>\n\n\n\n<ul class=\"wp-block-list\">\n<li><strong>Finan\u00e7as pessoais<\/strong>: o fluxo de dinheiro abundante exige movimento cont\u00ednuo, algo que a paralisa\u00e7\u00e3o afasta rapidamente.<\/li>\n\n\n\n<li><strong>Relacionamentos \u00edntimos<\/strong>: a toler\u00e2ncia diminui quando todos sentem que a rotina do im\u00f3vel est\u00e1 pesada e sem vida.<\/li>\n\n\n\n<li><strong>Sa\u00fade mental<\/strong>: olhar fixamente para um ponteiro est\u00e1tico gera pressa invis\u00edvel e um estresse totalmente desnecess\u00e1rio para a mente.<\/li>\n<\/ul>\n\n\n\n<h3 class=\"wp-block-heading\">O que fazer com pe\u00e7as herdadas ou hist\u00f3ricas?<\/h3>\n\n\n\n<p>Muitas pessoas guardam rel\u00f3gios antiqu\u00edssimos de familiares falecidos por um apego emocional extremamente intenso e justificado. Se o mecanismo anal\u00f3gico original n\u00e3o possui conserto vi\u00e1vel, a melhor sa\u00edda est\u00e9tica \u00e9 retirar o motor traseiro e utiliz\u00e1-lo apenas como uma bela escultura de parede.<\/p>\n\n\n\n<p>O <strong>Conselho de Arquitetura e Urbanismo<\/strong> (<strong><a href=\"https:\/\/www.caubr.gov.br\/\" target=\"_blank\" rel=\"noreferrer noopener\">CAU<\/a>)<\/strong> apoia abertamente projetos arquitet\u00f4nicos que priorizam o bem-estar psicol\u00f3gico e a funcionalidade est\u00e9tica de cada c\u00f4modo. Transformar a pe\u00e7a de heran\u00e7a em um adorno intencional desfaz o bloqueio energ\u00e9tico do tempo travado e honra os seus antepassados.<\/p>\n\n\n<div class=\"wp-block-image\">\n<figure class=\"aligncenter size-full\"><img decoding=\"async\" width=\"1280\" height=\"720\" src=\"https:\/\/www.correiobraziliense.com.br\/cbradar\/wp-content\/uploads\/2026\/03\/imagem_2026-03-09_105929988.png\" alt=\"Vis\u00e3o em primeira pessoa tomando caf\u00e9 e olhando o rel\u00f3gio na parede da cozinha\" class=\"wp-image-205514\" srcset=\"https:\/\/www.correiobraziliense.com.br\/cbradar\/wp-content\/uploads\/2026\/03\/imagem_2026-03-09_105929988.png 1280w, https:\/\/www.correiobraziliense.com.br\/cbradar\/wp-content\/uploads\/2026\/03\/imagem_2026-03-09_105929988-300x169.png 300w, https:\/\/www.correiobraziliense.com.br\/cbradar\/wp-content\/uploads\/2026\/03\/imagem_2026-03-09_105929988-768x432.png 768w, https:\/\/www.correiobraziliense.com.br\/cbradar\/wp-content\/uploads\/2026\/03\/imagem_2026-03-09_105929988-750x422.png 750w, https:\/\/www.correiobraziliense.com.br\/cbradar\/wp-content\/uploads\/2026\/03\/imagem_2026-03-09_105929988-1140x641.png 1140w\" sizes=\"(max-width: 1280px) 100vw, 1280px\" \/><figcaption class=\"wp-element-caption\">Vis\u00e3o em primeira pessoa tomando caf\u00e9 e olhando o rel\u00f3gio na parede da cozinha<\/figcaption><\/figure><\/div>\n\n\n<h2 class=\"wp-block-heading\">Qual a melhor posi\u00e7\u00e3o para reinstalar o maquin\u00e1rio?<\/h2>\n\n\n\n<p>Ap\u00f3s trocar as pilhas vazias ou consertar as finas engrenagens, o posicionamento correto dita a harmonia da sua \u00e1rea culin\u00e1ria. Evite instalar o mostrador exatamente acima das bocas quentes do fog\u00e3o, pois o calor extremo e os vapores densos derretem os componentes internos.<\/p>\n\n\n\n<p>Fixe a pe\u00e7a em uma parede livre e lateral, de f\u00e1cil e r\u00e1pida visualiza\u00e7\u00e3o a partir da grande bancada de refei\u00e7\u00f5es. Esse truque inteligente facilita o acompanhamento do hor\u00e1rio exato durante o caf\u00e9 da manh\u00e3 sem gerar ansiedade ou mastiga\u00e7\u00e3o acelerada por medo de atrasos.<\/p>\n\n\n\n<h3 class=\"wp-block-heading\">Vale a pena comprar mostradores digitais?<\/h3>\n\n\n\n<p>Os modelos modernos com ilumina\u00e7\u00e3o de <strong>LED<\/strong> funcionam perfeitamente para substituir antigas vers\u00f5es mec\u00e2nicas que quebram com alt\u00edssima frequ\u00eancia. Eles n\u00e3o emitem o barulho r\u00edtmico de tique-taque durante a madrugada e mant\u00eam a precis\u00e3o exata das horas sem demandar manuten\u00e7\u00f5es complexas ou limpezas dif\u00edceis.<\/p>\n\n\n\n<p>Outro ponto altamente positivo \u00e9 a conex\u00e3o direta e constante com a rede el\u00e9trica, eliminando o uso poluidor de pilhas alcalinas convencionais. Essa escolha tecnol\u00f3gica atualizada garante que o ritmo cronol\u00f3gico da fam\u00edlia nunca mais seja interrompido por falta de carga energ\u00e9tica nas pequenas baterias.<\/p>\n\n\n\n<h2 class=\"wp-block-heading\">Existem outros objetos que travam o seu lar?<\/h2>\n\n\n\n<p>Al\u00e9m do cron\u00f4metro circular paralisado, pratos trincados e eletrodom\u00e9sticos antigos queimados no fundo do arm\u00e1rio escuro tamb\u00e9m drenam a for\u00e7a vital. A organiza\u00e7\u00e3o eficaz e funcional da resid\u00eancia exige uma revis\u00e3o semestral muito rigorosa de absolutamente tudo que perdeu a sua utilidade pr\u00e1tica ou est\u00e9tica.<\/p>\n\n\n\n<p>Manter o lar fluindo em perfeito estado f\u00edsico reflete instantaneamente na sua disposi\u00e7\u00e3o emocional di\u00e1ria e na prosperidade de toda a fam\u00edlia. Analise os seus espa\u00e7os hoje mesmo, troque aquela bateria esquecida na gaveta e sinta a leveza. Qual parede da sua casa receber\u00e1 essa pequena manuten\u00e7\u00e3o reparadora hoje?<\/p>\n","protected":false},"excerpt":{"rendered":"<p>Compreender o significado oculto de manter aquele objeto de marcar as horas parado na parede da cozinha transforma a energia do seu lar. Segundo especialistas em harmoniza\u00e7\u00e3o de ambientes residenciais, um rel\u00f3gio sem pilha representa a estagna\u00e7\u00e3o profunda do tempo e trava o andamento cont\u00ednuo dos projetos familiares. Por que esse item afeta a energia [&hellip;]<\/p>\n","protected":false},"author":11,"featured_media":206270,"comment_status":"open","ping_status":"open","sticky":false,"template":"","format":"standard","meta":{"_yoast_wpseo_focuskw":"marcar as horas","_yoast_wpseo_title":"","_yoast_wpseo_metadesc":"Tem um rel\u00f3gio sem pilha perto do fog\u00e3o? Essa pequena falha na decora\u00e7\u00e3o trava a rotina da casa e gera sensa\u00e7\u00e3o de estagna\u00e7\u00e3o.","jnews-multi-image_gallery":[],"jnews_single_post":{"format":"standard"},"jnews_primary_category":[],"jnews_social_meta":[],"jnews_override_counter":[],"footnotes":""},"categories":[143],"post_tag":[687,15900],"class_list":["post-205483","post","type-post","status-publish","format-standard","has-post-thumbnail","hentry","category-casa-e-decoracao","tag-cozinha","tag-relogio-2"],"yoast_head":"<!-- This site is optimized with the Yoast SEO plugin v24.6 - https:\/\/yoast.com\/wordpress\/plugins\/seo\/ -->\n<title>O significado oculto de manter aquele objeto de marcar as horas parado na parede da cozinha - Correio Braziliense - Radar<\/title>\n<meta name=\"description\" content=\"Tem um rel\u00f3gio sem pilha perto do fog\u00e3o? Essa pequena falha na decora\u00e7\u00e3o trava a rotina da casa e gera sensa\u00e7\u00e3o de estagna\u00e7\u00e3o.\" \/>\n<meta name=\"robots\" content=\"index, follow, max-snippet:-1, max-image-preview:large, max-video-preview:-1\" \/>\n<link rel=\"canonical\" href=\"https:\/\/www.correiobraziliense.com.br\/cbradar\/o-significado-oculto-de-manter-aquele-objeto-de-marcar-as-horas-parado-na-parede-da-cozinha\/\" \/>\n<meta property=\"og:locale\" content=\"pt_BR\" \/>\n<meta property=\"og:type\" content=\"article\" \/>\n<meta property=\"og:title\" content=\"O significado oculto de manter aquele objeto de marcar as horas parado na parede da cozinha - Correio Braziliense - Radar\" \/>\n<meta property=\"og:description\" content=\"Tem um rel\u00f3gio sem pilha perto do fog\u00e3o? Essa pequena falha na decora\u00e7\u00e3o trava a rotina da casa e gera sensa\u00e7\u00e3o de estagna\u00e7\u00e3o.\" \/>\n<meta property=\"og:url\" content=\"https:\/\/www.correiobraziliense.com.br\/cbradar\/o-significado-oculto-de-manter-aquele-objeto-de-marcar-as-horas-parado-na-parede-da-cozinha\/\" \/>\n<meta property=\"og:site_name\" content=\"Correio Braziliense - Radar\" \/>\n<meta property=\"article:published_time\" content=\"2026-03-11T16:25:00+00:00\" \/>\n<meta property=\"og:image\" content=\"https:\/\/www.correiobraziliense.com.br\/cbradar\/wp-content\/uploads\/2026\/03\/freepik__prompt-relgio-de-parede-redondo-funcionando-com-po__97648.jpeg\" \/>\n\t<meta property=\"og:image:width\" content=\"1280\" \/>\n\t<meta property=\"og:image:height\" content=\"720\" \/>\n\t<meta property=\"og:image:type\" content=\"image\/jpeg\" \/>\n<meta name=\"author\" content=\"Paulo Custodio\" \/>\n<meta name=\"twitter:card\" content=\"summary_large_image\" \/>\n<meta name=\"twitter:label1\" content=\"Escrito por\" \/>\n\t<meta name=\"twitter:data1\" content=\"Paulo Custodio\" \/>\n\t<meta name=\"twitter:label2\" content=\"Est. tempo de leitura\" \/>\n\t<meta name=\"twitter:data2\" content=\"5 minutos\" \/>\n<!-- \/ Yoast SEO plugin. -->","yoast_head_json":{"title":"O significado oculto de manter aquele objeto de marcar as horas parado na parede da cozinha - Correio Braziliense - Radar","description":"Tem um rel\u00f3gio sem pilha perto do fog\u00e3o? Essa pequena falha na decora\u00e7\u00e3o trava a rotina da casa e gera sensa\u00e7\u00e3o de estagna\u00e7\u00e3o.","robots":{"index":"index","follow":"follow","max-snippet":"max-snippet:-1","max-image-preview":"max-image-preview:large","max-video-preview":"max-video-preview:-1"},"canonical":"https:\/\/www.correiobraziliense.com.br\/cbradar\/o-significado-oculto-de-manter-aquele-objeto-de-marcar-as-horas-parado-na-parede-da-cozinha\/","og_locale":"pt_BR","og_type":"article","og_title":"O significado oculto de manter aquele objeto de marcar as horas parado na parede da cozinha - Correio Braziliense - Radar","og_description":"Tem um rel\u00f3gio sem pilha perto do fog\u00e3o? Essa pequena falha na decora\u00e7\u00e3o trava a rotina da casa e gera sensa\u00e7\u00e3o de estagna\u00e7\u00e3o.","og_url":"https:\/\/www.correiobraziliense.com.br\/cbradar\/o-significado-oculto-de-manter-aquele-objeto-de-marcar-as-horas-parado-na-parede-da-cozinha\/","og_site_name":"Correio Braziliense - Radar","article_published_time":"2026-03-11T16:25:00+00:00","og_image":[{"width":1280,"height":720,"url":"https:\/\/www.correiobraziliense.com.br\/cbradar\/wp-content\/uploads\/2026\/03\/freepik__prompt-relgio-de-parede-redondo-funcionando-com-po__97648.jpeg","type":"image\/jpeg"}],"author":"Paulo Custodio","twitter_card":"summary_large_image","twitter_misc":{"Escrito por":"Paulo Custodio","Est. tempo de leitura":"5 minutos"},"schema":{"@context":"https:\/\/schema.org","@graph":[{"@type":"WebPage","@id":"https:\/\/www.correiobraziliense.com.br\/cbradar\/o-significado-oculto-de-manter-aquele-objeto-de-marcar-as-horas-parado-na-parede-da-cozinha\/","url":"https:\/\/www.correiobraziliense.com.br\/cbradar\/o-significado-oculto-de-manter-aquele-objeto-de-marcar-as-horas-parado-na-parede-da-cozinha\/","name":"O significado oculto de manter aquele objeto de marcar as horas parado na parede da cozinha - Correio Braziliense - Radar","isPartOf":{"@id":"https:\/\/www.correiobraziliense.com.br\/cbradar\/#website"},"primaryImageOfPage":{"@id":"https:\/\/www.correiobraziliense.com.br\/cbradar\/o-significado-oculto-de-manter-aquele-objeto-de-marcar-as-horas-parado-na-parede-da-cozinha\/#primaryimage"},"image":{"@id":"https:\/\/www.correiobraziliense.com.br\/cbradar\/o-significado-oculto-de-manter-aquele-objeto-de-marcar-as-horas-parado-na-parede-da-cozinha\/#primaryimage"},"thumbnailUrl":"https:\/\/www.correiobraziliense.com.br\/cbradar\/wp-content\/uploads\/2026\/03\/freepik__prompt-relgio-de-parede-redondo-funcionando-com-po__97648.jpeg","datePublished":"2026-03-11T16:25:00+00:00","author":{"@id":"https:\/\/www.correiobraziliense.com.br\/cbradar\/#\/schema\/person\/4cec7857301a9a1a2ef249893cd908d3"},"description":"Tem um rel\u00f3gio sem pilha perto do fog\u00e3o? Essa pequena falha na decora\u00e7\u00e3o trava a rotina da casa e gera sensa\u00e7\u00e3o de estagna\u00e7\u00e3o.","breadcrumb":{"@id":"https:\/\/www.correiobraziliense.com.br\/cbradar\/o-significado-oculto-de-manter-aquele-objeto-de-marcar-as-horas-parado-na-parede-da-cozinha\/#breadcrumb"},"inLanguage":"pt-BR","potentialAction":[{"@type":"ReadAction","target":["https:\/\/www.correiobraziliense.com.br\/cbradar\/o-significado-oculto-de-manter-aquele-objeto-de-marcar-as-horas-parado-na-parede-da-cozinha\/"]}]},{"@type":"ImageObject","inLanguage":"pt-BR","@id":"https:\/\/www.correiobraziliense.com.br\/cbradar\/o-significado-oculto-de-manter-aquele-objeto-de-marcar-as-horas-parado-na-parede-da-cozinha\/#primaryimage","url":"https:\/\/www.correiobraziliense.com.br\/cbradar\/wp-content\/uploads\/2026\/03\/freepik__prompt-relgio-de-parede-redondo-funcionando-com-po__97648.jpeg","contentUrl":"https:\/\/www.correiobraziliense.com.br\/cbradar\/wp-content\/uploads\/2026\/03\/freepik__prompt-relgio-de-parede-redondo-funcionando-com-po__97648.jpeg","width":1280,"height":720,"caption":"m rel\u00f3gio parado pode ser interpretado simbolicamente como estagna\u00e7\u00e3o ou interrup\u00e7\u00e3o de ciclos"},{"@type":"BreadcrumbList","@id":"https:\/\/www.correiobraziliense.com.br\/cbradar\/o-significado-oculto-de-manter-aquele-objeto-de-marcar-as-horas-parado-na-parede-da-cozinha\/#breadcrumb","itemListElement":[{"@type":"ListItem","position":1,"name":"In\u00edcio","item":"https:\/\/www.correiobraziliense.com.br\/cbradar\/"},{"@type":"ListItem","position":2,"name":"O significado oculto de manter aquele objeto de marcar as horas parado na parede da cozinha"}]},{"@type":"WebSite","@id":"https:\/\/www.correiobraziliense.com.br\/cbradar\/#website","url":"https:\/\/www.correiobraziliense.com.br\/cbradar\/","name":"Correio Braziliense - Radar","description":"Acompanhe as \u00faltimas not\u00edcias e fique bem informado sobre tudo o que acontece no Brasil e no mundo.","potentialAction":[{"@type":"SearchAction","target":{"@type":"EntryPoint","urlTemplate":"https:\/\/www.correiobraziliense.com.br\/cbradar\/?s={search_term_string}"},"query-input":{"@type":"PropertyValueSpecification","valueRequired":true,"valueName":"search_term_string"}}],"inLanguage":"pt-BR"},{"@type":"Person","@id":"https:\/\/www.correiobraziliense.com.br\/cbradar\/#\/schema\/person\/4cec7857301a9a1a2ef249893cd908d3","name":"Paulo Custodio","image":{"@type":"ImageObject","inLanguage":"pt-BR","@id":"https:\/\/www.correiobraziliense.com.br\/cbradar\/#\/schema\/person\/image\/","url":"https:\/\/secure.gravatar.com\/avatar\/bcd67168d1534e8fcf4f45c726a87cea?s=96&d=mm&r=g","contentUrl":"https:\/\/secure.gravatar.com\/avatar\/bcd67168d1534e8fcf4f45c726a87cea?s=96&d=mm&r=g","caption":"Paulo Custodio"},"sameAs":["https:\/\/www.correiobraziliense.com.br\/cbradar"],"url":"https:\/\/www.correiobraziliense.com.br\/cbradar\/author\/paulomyth\/"}]}},"_links":{"self":[{"href":"https:\/\/www.correiobraziliense.com.br\/cbradar\/wp-json\/wp\/v2\/posts\/205483","targetHints":{"allow":["GET"]}}],"collection":[{"href":"https:\/\/www.correiobraziliense.com.br\/cbradar\/wp-json\/wp\/v2\/posts"}],"about":[{"href":"https:\/\/www.correiobraziliense.com.br\/cbradar\/wp-json\/wp\/v2\/types\/post"}],"author":[{"embeddable":true,"href":"https:\/\/www.correiobraziliense.com.br\/cbradar\/wp-json\/wp\/v2\/users\/11"}],"replies":[{"embeddable":true,"href":"https:\/\/www.correiobraziliense.com.br\/cbradar\/wp-json\/wp\/v2\/comments?post=205483"}],"version-history":[{"count":1,"href":"https:\/\/www.correiobraziliense.com.br\/cbradar\/wp-json\/wp\/v2\/posts\/205483\/revisions"}],"predecessor-version":[{"id":205516,"href":"https:\/\/www.correiobraziliense.com.br\/cbradar\/wp-json\/wp\/v2\/posts\/205483\/revisions\/205516"}],"wp:featuredmedia":[{"embeddable":true,"href":"https:\/\/www.correiobraziliense.com.br\/cbradar\/wp-json\/wp\/v2\/media\/206270"}],"wp:attachment":[{"href":"https:\/\/www.correiobraziliense.com.br\/cbradar\/wp-json\/wp\/v2\/media?parent=205483"}],"wp:term":[{"taxonomy":"category","embeddable":true,"href":"https:\/\/www.correiobraziliense.com.br\/cbradar\/wp-json\/wp\/v2\/categories?post=205483"},{"taxonomy":"post_tag","embeddable":true,"href":"https:\/\/www.correiobraziliense.com.br\/cbradar\/wp-json\/wp\/v2\/post_tag?post=205483"}],"curies":[{"name":"wp","href":"https:\/\/api.w.org\/{rel}","templated":true}]}}