{"id":205484,"date":"2026-03-11T16:55:00","date_gmt":"2026-03-11T19:55:00","guid":{"rendered":"https:\/\/www.correiobraziliense.com.br\/cbradar\/?p=205484"},"modified":"2026-03-10T15:28:11","modified_gmt":"2026-03-10T18:28:11","slug":"o-verdadeiro-significado-de-esconder-um-potinho-com-cristais-brancos-de-tempero-atras-da-porta","status":"publish","type":"post","link":"https:\/\/www.correiobraziliense.com.br\/cbradar\/o-verdadeiro-significado-de-esconder-um-potinho-com-cristais-brancos-de-tempero-atras-da-porta\/","title":{"rendered":"O verdadeiro significado de esconder um potinho com cristais brancos de tempero atr\u00e1s da porta"},"content":{"rendered":"\n<p>O verdadeiro significado de esconder um potinho com cristais brancos de tempero atr\u00e1s da porta envolve f\u00edsica e qu\u00edmica b\u00e1sica. Esse h\u00e1bito popular utiliza as propriedades naturais do sal para controlar a umidade excessiva e proteger a integridade dos m\u00f3veis de madeira.<\/p>\n\n\n\n<h2 class=\"wp-block-heading\">Por que esse h\u00e1bito \u00e9 t\u00e3o comum em casas brasileiras?<\/h2>\n\n\n\n<p>O costume atravessa gera\u00e7\u00f5es e costuma estar ligado a cren\u00e7as sobre prote\u00e7\u00e3o espiritual e limpeza energ\u00e9tica. Muitas fam\u00edlias acreditam que o mineral atua como um para-raios para vibra\u00e7\u00f5es pesadas que entram pela porta principal da resid\u00eancia. Esse pensamento m\u00edstico \u00e9 muito difundido em diversas regi\u00f5es do <strong>Brasil<\/strong>.<\/p>\n\n\n\n<p>No entanto, a sabedoria popular muitas vezes camufla uma utilidade pr\u00e1tica que os antigos observavam no cotidiano. Manter um recipiente com cristais em locais estrat\u00e9gicos ajudava a preservar a casa em \u00e9pocas onde n\u00e3o existiam aparelhos eletr\u00f4nicos modernos para o controle ambiental e t\u00e9rmico do lar.<\/p>\n\n\n<div class=\"wp-block-image\">\n<figure class=\"aligncenter size-full\"><img decoding=\"async\" width=\"1280\" height=\"720\" src=\"https:\/\/www.correiobraziliense.com.br\/cbradar\/wp-content\/uploads\/2026\/03\/imagem_2026-03-09_110623032.png\" alt=\"Macro de cristais de sal atraindo umidade em um pote de vidro.\" class=\"wp-image-205529\" srcset=\"https:\/\/www.correiobraziliense.com.br\/cbradar\/wp-content\/uploads\/2026\/03\/imagem_2026-03-09_110623032.png 1280w, https:\/\/www.correiobraziliense.com.br\/cbradar\/wp-content\/uploads\/2026\/03\/imagem_2026-03-09_110623032-300x169.png 300w, https:\/\/www.correiobraziliense.com.br\/cbradar\/wp-content\/uploads\/2026\/03\/imagem_2026-03-09_110623032-768x432.png 768w, https:\/\/www.correiobraziliense.com.br\/cbradar\/wp-content\/uploads\/2026\/03\/imagem_2026-03-09_110623032-750x422.png 750w, https:\/\/www.correiobraziliense.com.br\/cbradar\/wp-content\/uploads\/2026\/03\/imagem_2026-03-09_110623032-1140x641.png 1140w\" sizes=\"(max-width: 1280px) 100vw, 1280px\" \/><figcaption class=\"wp-element-caption\">Macro de cristais de sal atraindo umidade em um pote de vidro.<\/figcaption><\/figure><\/div>\n\n\n<h2 class=\"wp-block-heading\">Qual a fun\u00e7\u00e3o cient\u00edfica por tr\u00e1s dessa pr\u00e1tica antiga?<\/h2>\n\n\n\n<p>A explica\u00e7\u00e3o t\u00e9cnica reside no fato de o mineral ser uma subst\u00e2ncia com alta capacidade de <a href=\"https:\/\/pt.wikipedia.org\/wiki\/Higroscopia\" target=\"_blank\" rel=\"noreferrer noopener\">higroscopia<\/a>. Isso significa que os cristais possuem a habilidade natural de atrair e reter as mol\u00e9culas de \u00e1gua presentes no ar em suspens\u00e3o ao seu redor.<\/p>\n\n\n\n<h3 class=\"wp-block-heading\">Como funciona o processo de absor\u00e7\u00e3o no mineral?<\/h3>\n\n\n\n<p>O <strong><a href=\"https:\/\/www.correiobraziliense.com.br\/cbradar\/voce-sabe-distinguir-sal-sodio-e-bicarbonato\/\">cloreto de s\u00f3dio<\/a><\/strong> atrai o vapor de \u00e1gua para a sua superf\u00edcie cristalina at\u00e9 que ocorra a dissolu\u00e7\u00e3o completa. Esse fen\u00f4meno qu\u00edmico transforma o mineral s\u00f3lido em uma solu\u00e7\u00e3o l\u00edquida salina, retirando a umidade prejudicial do ambiente dom\u00e9stico de forma silenciosa e constante durante todo o dia.<\/p>\n\n\n\n<h2 class=\"wp-block-heading\">O sal realmente consegue evitar o cheiro de mofo?<\/h2>\n\n\n\n<p>Sim, a efic\u00e1cia contra o odor caracter\u00edstico de arm\u00e1rios fechados \u00e9 real e comprovada pela experi\u00eancia dom\u00e9stica. Ao secar o ar, o ingrediente impede a prolifera\u00e7\u00e3o de fungos e col\u00f4nias de bact\u00e9rias que causam aquele cheiro desagrad\u00e1vel de guardado, protegendo a sa\u00fade de toda a sua fam\u00edlia.<\/p>\n\n\n\n<p>Manter o ambiente seco \u00e9 o primeiro passo para garantir a conserva\u00e7\u00e3o de tecidos e pap\u00e9is importantes. Acompanhe as principais vantagens desta t\u00e9cnica caseira:<\/p>\n\n\n\n<ul class=\"wp-block-list\">\n<li>Redu\u00e7\u00e3o dr\u00e1stica da umidade relativa em cantos mortos do im\u00f3vel.<\/li>\n\n\n\n<li>Prote\u00e7\u00e3o de dobradi\u00e7as met\u00e1licas contra a oxida\u00e7\u00e3o e ferrugem precoce.<\/li>\n\n\n\n<li>Elimina\u00e7\u00e3o de focos de bolor em paredes de alvenaria e gesso.<\/li>\n\n\n\n<li>Baixo investimento financeiro para realizar a manuten\u00e7\u00e3o mensal do pote.<\/li>\n<\/ul>\n\n\n<div class=\"wp-block-image\">\n<figure class=\"aligncenter size-full\"><img decoding=\"async\" width=\"1280\" height=\"720\" src=\"https:\/\/www.correiobraziliense.com.br\/cbradar\/wp-content\/uploads\/2026\/03\/imagem_2026-03-09_110656910.png\" alt=\"M\u00e3os trocando o sal de um pote para combater a umidade do lar.\" class=\"wp-image-205530\" srcset=\"https:\/\/www.correiobraziliense.com.br\/cbradar\/wp-content\/uploads\/2026\/03\/imagem_2026-03-09_110656910.png 1280w, https:\/\/www.correiobraziliense.com.br\/cbradar\/wp-content\/uploads\/2026\/03\/imagem_2026-03-09_110656910-300x169.png 300w, https:\/\/www.correiobraziliense.com.br\/cbradar\/wp-content\/uploads\/2026\/03\/imagem_2026-03-09_110656910-768x432.png 768w, https:\/\/www.correiobraziliense.com.br\/cbradar\/wp-content\/uploads\/2026\/03\/imagem_2026-03-09_110656910-750x422.png 750w, https:\/\/www.correiobraziliense.com.br\/cbradar\/wp-content\/uploads\/2026\/03\/imagem_2026-03-09_110656910-1140x641.png 1140w\" sizes=\"(max-width: 1280px) 100vw, 1280px\" \/><figcaption class=\"wp-element-caption\">M\u00e3os trocando o sal de um pote para combater a umidade do lar.<\/figcaption><\/figure><\/div>\n\n\n<h2 class=\"wp-block-heading\">Quais s\u00e3o os melhores locais para posicionar o recipiente?<\/h2>\n\n\n\n<p>O posicionamento estrat\u00e9gico faz toda a diferen\u00e7a na efici\u00eancia da absor\u00e7\u00e3o h\u00eddrica do material. Cantos escuros, \u00e1reas atr\u00e1s de cortinas pesadas e o espa\u00e7o entre a porta e o batente s\u00e3o os pontos cr\u00edticos onde ocorre a maior condensa\u00e7\u00e3o de vapor de \u00e1gua na resid\u00eancia.<\/p>\n\n\n\n<p>Especialistas em conserva\u00e7\u00e3o de acervos da <strong>Biblioteca Nacional<\/strong> recomendam o controle rigoroso da temperatura para evitar danos irrevers\u00edveis. O uso de recipientes abertos facilita o contato do ar \u00famido com a superf\u00edcie dos cristais brancos, agilizando o processo de secagem natural da parede e dos m\u00f3veis.<\/p>\n\n\n\n<h2 class=\"wp-block-heading\">Como fazer a manuten\u00e7\u00e3o correta desse desumidificador caseiro?<\/h2>\n\n\n\n<p>Pesquisadores da <strong>Embrapa<\/strong> estudam como a <a href=\"https:\/\/www.embrapa.br\/busca-de-publicacoes\/-\/publicacao\/489060\/umidade-e-sua-influencia-na-conservacao-de-graos\" target=\"_blank\" rel=\"noreferrer noopener\">umidade influencia na conserva\u00e7\u00e3o<\/a> de diversos materiais org\u00e2nicos. Com o tempo, o sal atinge o seu ponto de satura\u00e7\u00e3o m\u00e1ximo e come\u00e7a a derreter, perdendo totalmente a fun\u00e7\u00e3o de filtro ambiental.<\/p>\n\n\n\n<p>A troca do conte\u00fado deve ser feita a cada <strong>30 dias<\/strong> ou sempre que o pote apresentar ac\u00famulo de \u00e1gua no fundo. Repor os cristais garante que o seu lar permane\u00e7a sempre seco, perfumado e livre de microrganismos prejudiciais, unindo a tradi\u00e7\u00e3o popular com o benef\u00edcio direto da ci\u00eancia pr\u00e1tica.<\/p>\n","protected":false},"excerpt":{"rendered":"<p>O verdadeiro significado de esconder um potinho com cristais brancos de tempero atr\u00e1s da porta envolve f\u00edsica e qu\u00edmica b\u00e1sica. Esse h\u00e1bito popular utiliza as propriedades naturais do sal para controlar a umidade excessiva e proteger a integridade dos m\u00f3veis de madeira. Por que esse h\u00e1bito \u00e9 t\u00e3o comum em casas brasileiras? O costume atravessa [&hellip;]<\/p>\n","protected":false},"author":11,"featured_media":206284,"comment_status":"open","ping_status":"open","sticky":false,"template":"","format":"standard","meta":{"_yoast_wpseo_focuskw":"potinho com cristais brancos","_yoast_wpseo_title":"","_yoast_wpseo_metadesc":"Por que colocar um pote de sal atr\u00e1s da porta? A ci\u00eancia explica como esse mineral ajuda a secar a umidade e eliminar o mofo da sua cozinha.","jnews-multi-image_gallery":[],"jnews_single_post":{"format":"standard"},"jnews_primary_category":[],"jnews_social_meta":[],"jnews_override_counter":[],"footnotes":""},"categories":[143],"post_tag":[13450,6662],"class_list":["post-205484","post","type-post","status-publish","format-standard","has-post-thumbnail","hentry","category-casa-e-decoracao","tag-pote","tag-sal-grosso"],"yoast_head":"<!-- This site is optimized with the Yoast SEO plugin v24.6 - https:\/\/yoast.com\/wordpress\/plugins\/seo\/ -->\n<title>O verdadeiro significado de esconder um potinho com cristais brancos de tempero atr\u00e1s da porta - Correio Braziliense - Radar<\/title>\n<meta name=\"description\" content=\"Por que colocar um pote de sal atr\u00e1s da porta? A ci\u00eancia explica como esse mineral ajuda a secar a umidade e eliminar o mofo da sua cozinha.\" \/>\n<meta name=\"robots\" content=\"index, follow, max-snippet:-1, max-image-preview:large, max-video-preview:-1\" \/>\n<link rel=\"canonical\" href=\"https:\/\/www.correiobraziliense.com.br\/cbradar\/o-verdadeiro-significado-de-esconder-um-potinho-com-cristais-brancos-de-tempero-atras-da-porta\/\" \/>\n<meta property=\"og:locale\" content=\"pt_BR\" \/>\n<meta property=\"og:type\" content=\"article\" \/>\n<meta property=\"og:title\" content=\"O verdadeiro significado de esconder um potinho com cristais brancos de tempero atr\u00e1s da porta - Correio Braziliense - Radar\" \/>\n<meta property=\"og:description\" content=\"Por que colocar um pote de sal atr\u00e1s da porta? A ci\u00eancia explica como esse mineral ajuda a secar a umidade e eliminar o mofo da sua cozinha.\" \/>\n<meta property=\"og:url\" content=\"https:\/\/www.correiobraziliense.com.br\/cbradar\/o-verdadeiro-significado-de-esconder-um-potinho-com-cristais-brancos-de-tempero-atras-da-porta\/\" \/>\n<meta property=\"og:site_name\" content=\"Correio Braziliense - Radar\" \/>\n<meta property=\"article:published_time\" content=\"2026-03-11T19:55:00+00:00\" \/>\n<meta property=\"og:image\" content=\"https:\/\/www.correiobraziliense.com.br\/cbradar\/wp-content\/uploads\/2026\/03\/freepik__pequeno-pote-de-vidro-com-cristais-grossos-de-sal-__97652.jpeg\" \/>\n\t<meta property=\"og:image:width\" content=\"1280\" \/>\n\t<meta property=\"og:image:height\" content=\"720\" \/>\n\t<meta property=\"og:image:type\" content=\"image\/jpeg\" \/>\n<meta name=\"author\" content=\"Paulo Custodio\" \/>\n<meta name=\"twitter:card\" content=\"summary_large_image\" \/>\n<meta name=\"twitter:label1\" content=\"Escrito por\" \/>\n\t<meta name=\"twitter:data1\" content=\"Paulo Custodio\" \/>\n\t<meta name=\"twitter:label2\" content=\"Est. tempo de leitura\" \/>\n\t<meta name=\"twitter:data2\" content=\"4 minutos\" \/>\n<!-- \/ Yoast SEO plugin. -->","yoast_head_json":{"title":"O verdadeiro significado de esconder um potinho com cristais brancos de tempero atr\u00e1s da porta - Correio Braziliense - Radar","description":"Por que colocar um pote de sal atr\u00e1s da porta? A ci\u00eancia explica como esse mineral ajuda a secar a umidade e eliminar o mofo da sua cozinha.","robots":{"index":"index","follow":"follow","max-snippet":"max-snippet:-1","max-image-preview":"max-image-preview:large","max-video-preview":"max-video-preview:-1"},"canonical":"https:\/\/www.correiobraziliense.com.br\/cbradar\/o-verdadeiro-significado-de-esconder-um-potinho-com-cristais-brancos-de-tempero-atras-da-porta\/","og_locale":"pt_BR","og_type":"article","og_title":"O verdadeiro significado de esconder um potinho com cristais brancos de tempero atr\u00e1s da porta - Correio Braziliense - Radar","og_description":"Por que colocar um pote de sal atr\u00e1s da porta? A ci\u00eancia explica como esse mineral ajuda a secar a umidade e eliminar o mofo da sua cozinha.","og_url":"https:\/\/www.correiobraziliense.com.br\/cbradar\/o-verdadeiro-significado-de-esconder-um-potinho-com-cristais-brancos-de-tempero-atras-da-porta\/","og_site_name":"Correio Braziliense - Radar","article_published_time":"2026-03-11T19:55:00+00:00","og_image":[{"width":1280,"height":720,"url":"https:\/\/www.correiobraziliense.com.br\/cbradar\/wp-content\/uploads\/2026\/03\/freepik__pequeno-pote-de-vidro-com-cristais-grossos-de-sal-__97652.jpeg","type":"image\/jpeg"}],"author":"Paulo Custodio","twitter_card":"summary_large_image","twitter_misc":{"Escrito por":"Paulo Custodio","Est. tempo de leitura":"4 minutos"},"schema":{"@context":"https:\/\/schema.org","@graph":[{"@type":"WebPage","@id":"https:\/\/www.correiobraziliense.com.br\/cbradar\/o-verdadeiro-significado-de-esconder-um-potinho-com-cristais-brancos-de-tempero-atras-da-porta\/","url":"https:\/\/www.correiobraziliense.com.br\/cbradar\/o-verdadeiro-significado-de-esconder-um-potinho-com-cristais-brancos-de-tempero-atras-da-porta\/","name":"O verdadeiro significado de esconder um potinho com cristais brancos de tempero atr\u00e1s da porta - Correio Braziliense - Radar","isPartOf":{"@id":"https:\/\/www.correiobraziliense.com.br\/cbradar\/#website"},"primaryImageOfPage":{"@id":"https:\/\/www.correiobraziliense.com.br\/cbradar\/o-verdadeiro-significado-de-esconder-um-potinho-com-cristais-brancos-de-tempero-atras-da-porta\/#primaryimage"},"image":{"@id":"https:\/\/www.correiobraziliense.com.br\/cbradar\/o-verdadeiro-significado-de-esconder-um-potinho-com-cristais-brancos-de-tempero-atras-da-porta\/#primaryimage"},"thumbnailUrl":"https:\/\/www.correiobraziliense.com.br\/cbradar\/wp-content\/uploads\/2026\/03\/freepik__pequeno-pote-de-vidro-com-cristais-grossos-de-sal-__97652.jpeg","datePublished":"2026-03-11T19:55:00+00:00","author":{"@id":"https:\/\/www.correiobraziliense.com.br\/cbradar\/#\/schema\/person\/4cec7857301a9a1a2ef249893cd908d3"},"description":"Por que colocar um pote de sal atr\u00e1s da porta? A ci\u00eancia explica como esse mineral ajuda a secar a umidade e eliminar o mofo da sua cozinha.","breadcrumb":{"@id":"https:\/\/www.correiobraziliense.com.br\/cbradar\/o-verdadeiro-significado-de-esconder-um-potinho-com-cristais-brancos-de-tempero-atras-da-porta\/#breadcrumb"},"inLanguage":"pt-BR","potentialAction":[{"@type":"ReadAction","target":["https:\/\/www.correiobraziliense.com.br\/cbradar\/o-verdadeiro-significado-de-esconder-um-potinho-com-cristais-brancos-de-tempero-atras-da-porta\/"]}]},{"@type":"ImageObject","inLanguage":"pt-BR","@id":"https:\/\/www.correiobraziliense.com.br\/cbradar\/o-verdadeiro-significado-de-esconder-um-potinho-com-cristais-brancos-de-tempero-atras-da-porta\/#primaryimage","url":"https:\/\/www.correiobraziliense.com.br\/cbradar\/wp-content\/uploads\/2026\/03\/freepik__pequeno-pote-de-vidro-com-cristais-grossos-de-sal-__97652.jpeg","contentUrl":"https:\/\/www.correiobraziliense.com.br\/cbradar\/wp-content\/uploads\/2026\/03\/freepik__pequeno-pote-de-vidro-com-cristais-grossos-de-sal-__97652.jpeg","width":1280,"height":720,"caption":"O sal possui alta capacidade de absorver umidade do ar devido \u00e0s suas propriedades higrosc\u00f3picas"},{"@type":"BreadcrumbList","@id":"https:\/\/www.correiobraziliense.com.br\/cbradar\/o-verdadeiro-significado-de-esconder-um-potinho-com-cristais-brancos-de-tempero-atras-da-porta\/#breadcrumb","itemListElement":[{"@type":"ListItem","position":1,"name":"In\u00edcio","item":"https:\/\/www.correiobraziliense.com.br\/cbradar\/"},{"@type":"ListItem","position":2,"name":"O verdadeiro significado de esconder um potinho com cristais brancos de tempero atr\u00e1s da porta"}]},{"@type":"WebSite","@id":"https:\/\/www.correiobraziliense.com.br\/cbradar\/#website","url":"https:\/\/www.correiobraziliense.com.br\/cbradar\/","name":"Correio Braziliense - Radar","description":"Acompanhe as \u00faltimas not\u00edcias e fique bem informado sobre tudo o que acontece no Brasil e no mundo.","potentialAction":[{"@type":"SearchAction","target":{"@type":"EntryPoint","urlTemplate":"https:\/\/www.correiobraziliense.com.br\/cbradar\/?s={search_term_string}"},"query-input":{"@type":"PropertyValueSpecification","valueRequired":true,"valueName":"search_term_string"}}],"inLanguage":"pt-BR"},{"@type":"Person","@id":"https:\/\/www.correiobraziliense.com.br\/cbradar\/#\/schema\/person\/4cec7857301a9a1a2ef249893cd908d3","name":"Paulo Custodio","image":{"@type":"ImageObject","inLanguage":"pt-BR","@id":"https:\/\/www.correiobraziliense.com.br\/cbradar\/#\/schema\/person\/image\/","url":"https:\/\/secure.gravatar.com\/avatar\/bcd67168d1534e8fcf4f45c726a87cea?s=96&d=mm&r=g","contentUrl":"https:\/\/secure.gravatar.com\/avatar\/bcd67168d1534e8fcf4f45c726a87cea?s=96&d=mm&r=g","caption":"Paulo Custodio"},"sameAs":["https:\/\/www.correiobraziliense.com.br\/cbradar"],"url":"https:\/\/www.correiobraziliense.com.br\/cbradar\/author\/paulomyth\/"}]}},"_links":{"self":[{"href":"https:\/\/www.correiobraziliense.com.br\/cbradar\/wp-json\/wp\/v2\/posts\/205484","targetHints":{"allow":["GET"]}}],"collection":[{"href":"https:\/\/www.correiobraziliense.com.br\/cbradar\/wp-json\/wp\/v2\/posts"}],"about":[{"href":"https:\/\/www.correiobraziliense.com.br\/cbradar\/wp-json\/wp\/v2\/types\/post"}],"author":[{"embeddable":true,"href":"https:\/\/www.correiobraziliense.com.br\/cbradar\/wp-json\/wp\/v2\/users\/11"}],"replies":[{"embeddable":true,"href":"https:\/\/www.correiobraziliense.com.br\/cbradar\/wp-json\/wp\/v2\/comments?post=205484"}],"version-history":[{"count":1,"href":"https:\/\/www.correiobraziliense.com.br\/cbradar\/wp-json\/wp\/v2\/posts\/205484\/revisions"}],"predecessor-version":[{"id":205532,"href":"https:\/\/www.correiobraziliense.com.br\/cbradar\/wp-json\/wp\/v2\/posts\/205484\/revisions\/205532"}],"wp:featuredmedia":[{"embeddable":true,"href":"https:\/\/www.correiobraziliense.com.br\/cbradar\/wp-json\/wp\/v2\/media\/206284"}],"wp:attachment":[{"href":"https:\/\/www.correiobraziliense.com.br\/cbradar\/wp-json\/wp\/v2\/media?parent=205484"}],"wp:term":[{"taxonomy":"category","embeddable":true,"href":"https:\/\/www.correiobraziliense.com.br\/cbradar\/wp-json\/wp\/v2\/categories?post=205484"},{"taxonomy":"post_tag","embeddable":true,"href":"https:\/\/www.correiobraziliense.com.br\/cbradar\/wp-json\/wp\/v2\/post_tag?post=205484"}],"curies":[{"name":"wp","href":"https:\/\/api.w.org\/{rel}","templated":true}]}}