{"id":205506,"date":"2026-03-10T10:55:09","date_gmt":"2026-03-10T13:55:09","guid":{"rendered":"https:\/\/www.correiobraziliense.com.br\/cbradar\/?p=205506"},"modified":"2026-03-09T12:22:30","modified_gmt":"2026-03-09T15:22:30","slug":"quais-sao-os-alimentos-vegetais-que-podem-ter-mais-proteina-que-os-ovos","status":"publish","type":"post","link":"https:\/\/www.correiobraziliense.com.br\/cbradar\/quais-sao-os-alimentos-vegetais-que-podem-ter-mais-proteina-que-os-ovos\/","title":{"rendered":"Quais s\u00e3o os alimentos vegetais que podem ter mais prote\u00edna que os ovos"},"content":{"rendered":"\n<p>Muitas pessoas buscam alternativas vegetais para aumentar a ingest\u00e3o proteica di\u00e1ria sem depender exclusivamente de produtos de origem animal. Substituir o ovo por fontes de plantas exige conhecimento sobre a densidade nutricional de cada ingrediente. Entender essas equival\u00eancias permite criar dietas equilibradas que promovem ganho muscular e sa\u00fade de maneira sustent\u00e1vel.<\/p>\n\n\n\n<h2 class=\"wp-block-heading\">Por que a prote\u00edna vegetal est\u00e1 ganhando tanto destaque nas dietas modernas?<\/h2>\n\n\n\n<p>A transi\u00e7\u00e3o para uma alimenta\u00e7\u00e3o baseada em plantas ocorre devido ao desejo de reduzir gorduras saturadas e aumentar a ingest\u00e3o de fibras naturais ben\u00e9ficas. Fontes vegetais oferecem micronutrientes essenciais que auxiliam na digest\u00e3o e no controle do colesterol de forma muito eficaz. Manter o corpo bem nutrido com esses alimentos garante uma <strong>energia duradoura e constante<\/strong>.<\/p>\n\n\n\n<p>Al\u00e9m dos benef\u00edcios f\u00edsicos, a escolha por prote\u00ednas de origem vegetal contribui para um estilo de vida mais sustent\u00e1vel e \u00e9tico. Atletas de alto rendimento comprovam que \u00e9 poss\u00edvel manter a massa muscular utilizando apenas gr\u00e3os e sementes ricos em amino\u00e1cidos essenciais. Essa mudan\u00e7a alimentar representa uma <strong>revolu\u00e7\u00e3o na nutri\u00e7\u00e3o contempor\u00e2nea<\/strong> e no bem-estar humano.<\/p>\n\n\n\n<figure class=\"wp-block-image size-full\"><img decoding=\"async\" width=\"1280\" height=\"720\" src=\"https:\/\/www.correiobraziliense.com.br\/cbradar\/wp-content\/uploads\/2026\/03\/Gemini_Generated_Image_x4ufrlx4ufrlx4uf-1-1.png\" alt=\"Quais s\u00e3o os alimentos vegetais que podem ter mais prote\u00edna que os ovos\" class=\"wp-image-205533\" srcset=\"https:\/\/www.correiobraziliense.com.br\/cbradar\/wp-content\/uploads\/2026\/03\/Gemini_Generated_Image_x4ufrlx4ufrlx4uf-1-1.png 1280w, https:\/\/www.correiobraziliense.com.br\/cbradar\/wp-content\/uploads\/2026\/03\/Gemini_Generated_Image_x4ufrlx4ufrlx4uf-1-1-300x169.png 300w, https:\/\/www.correiobraziliense.com.br\/cbradar\/wp-content\/uploads\/2026\/03\/Gemini_Generated_Image_x4ufrlx4ufrlx4uf-1-1-768x432.png 768w, https:\/\/www.correiobraziliense.com.br\/cbradar\/wp-content\/uploads\/2026\/03\/Gemini_Generated_Image_x4ufrlx4ufrlx4uf-1-1-750x422.png 750w, https:\/\/www.correiobraziliense.com.br\/cbradar\/wp-content\/uploads\/2026\/03\/Gemini_Generated_Image_x4ufrlx4ufrlx4uf-1-1-1140x641.png 1140w\" sizes=\"(max-width: 1280px) 100vw, 1280px\" \/><figcaption class=\"wp-element-caption\">Alguns alimentos vegetais surpreendem ao oferecer mais prote\u00edna que o ovo por por\u00e7\u00e3o<\/figcaption><\/figure>\n\n\n\n<h2 class=\"wp-block-heading\">Como comparar o valor proteico entre o ovo e os gr\u00e3os?<\/h2>\n\n\n\n<p>Um ovo m\u00e9dio cont\u00e9m aproximadamente seis gramas de prote\u00edna de alta qualidade biol\u00f3gica, servindo como uma base de compara\u00e7\u00e3o comum. No entanto, diversos gr\u00e3os e leguminosas superam essa marca quando analisamos por\u00e7\u00f5es equivalentes em gramas ou calorias totais ingeridas. Saber identificar essas substitui\u00e7\u00f5es \u00e9 fundamental para quem deseja manter uma <strong>dieta proteica eficiente e variada<\/strong>.<\/p>\n\n\n\n<p>A an\u00e1lise nutricional deve considerar n\u00e3o apenas a quantidade, mas tamb\u00e9m a presen\u00e7a de outros nutrientes que facilitam a absor\u00e7\u00e3o proteica. Vegetais como lentilhas e gr\u00e3o-de-bico oferecem vantagens adicionais, como carboidratos de baixo \u00edndice glic\u00eamico e minerais importantes para o metabolismo. Equilibrar esses fatores garante que o organismo receba um <strong>suporte biol\u00f3gico completo e nutritivo<\/strong>.<\/p>\n\n\n\n<h2 class=\"wp-block-heading\">Quais ingredientes oferecem a maior densidade proteica por por\u00e7\u00e3o consumida?<\/h2>\n\n\n\n<p>Integrar uma variedade de sementes e leguminosas nas refei\u00e7\u00f5es principais garante que a meta di\u00e1ria de amino\u00e1cidos seja atingida com facilidade. Muitos desses alimentos podem ser preparados de formas criativas, tornando a dieta mais prazerosa e menos mon\u00f3tona para o praticante. Veja como as plantas superam as expectativas tradicionais com seu <strong>poder nutricional surpreendente e vers\u00e1til<\/strong>:<\/p>\n\n\n\n<ul class=\"wp-block-list\">\n<li>Soja cozida.<\/li>\n\n\n\n<li>Lentilhas verdes.<\/li>\n\n\n\n<li>Sementes de ab\u00f3bora.<\/li>\n\n\n\n<li>Quinoa em gr\u00e3os.<\/li>\n\n\n\n<li>Am\u00eandoas torradas.<\/li>\n<\/ul>\n\n\n\n<h2 class=\"wp-block-heading\">Existe algum truque para melhorar a absor\u00e7\u00e3o das prote\u00ednas de plantas?<\/h2>\n\n\n\n<p>Combinar diferentes grupos de vegetais, como cereais e leguminosas, cria um perfil de amino\u00e1cidos completo semelhante ao das prote\u00ednas animais. O cl\u00e1ssico arroz com feij\u00e3o \u00e9 um exemplo perfeito de como a sabedoria popular garante uma nutri\u00e7\u00e3o de alta performance sem complica\u00e7\u00f5es. Essa sinergia alimentar \u00e9 a <strong>chave para o sucesso<\/strong> de qualquer plano nutricional focado em plantas.<\/p>\n\n\n\n<p>O consumo de vitamina C junto \u00e0s fontes de prote\u00edna vegetal aumenta a biodisponibilidade de minerais como o ferro e o c\u00e1lcio. Adicionar lim\u00e3o \u00e0s saladas ou consumir frutas c\u00edtricas ap\u00f3s as refei\u00e7\u00f5es melhora significativamente a resposta do organismo aos nutrientes. Pr\u00e1ticas simples transformam ingredientes comuns em uma <strong>verdadeira fonte de vitalidade<\/strong> e for\u00e7a f\u00edsica extraordin\u00e1ria.<\/p>\n\n\n\n<p>No v\u00eddeo abaixo do TikTok <strong><em>Vanessagaudiano<\/em><\/strong>, que conta com mais de <em><strong>513 mil<\/strong><\/em> seguidores, ela cita o alimento vegetal que possui mais prote\u00edna que ovo:<\/p>\n\n\n\n<blockquote class=\"tiktok-embed\" cite=\"https:\/\/www.tiktok.com\/@vanessagaudiano\/video\/7452825811226234117\" data-video-id=\"7452825811226234117\" style=\"max-width: 605px;min-width: 325px;\" > <section> <a target=\"_blank\" title=\"@vanessagaudiano\" href=\"https:\/\/www.tiktok.com\/@vanessagaudiano?refer=embed\">@vanessagaudiano<\/a> Pois, na cidade de Davi, vos nasceu hoje o Salvador, que \u00e9 Cristo , o Senhor.Lucas 2:11 APROVEITA E SALVA O V\u00cdDEO  <a title=\"menopausa\" target=\"_blank\" href=\"https:\/\/www.tiktok.com\/tag\/menopausa?refer=embed\">#menopausa<\/a> <a title=\"artrite\" target=\"_blank\" href=\"https:\/\/www.tiktok.com\/tag\/artrite?refer=embed\">#artrite<\/a> <a title=\"artritereumatoide\" target=\"_blank\" href=\"https:\/\/www.tiktok.com\/tag\/artritereumatoide?refer=embed\">#artritereumatoide<\/a> <a title=\"fibromialgia\" target=\"_blank\" href=\"https:\/\/www.tiktok.com\/tag\/fibromialgia?refer=embed\">#fibromialgia<\/a> <a title=\"artrose\" target=\"_blank\" href=\"https:\/\/www.tiktok.com\/tag\/artrose?refer=embed\">#artrose<\/a> <a title=\"lipedema\" target=\"_blank\" href=\"https:\/\/www.tiktok.com\/tag\/lipedema?refer=embed\">#lipedema<\/a> <a title=\"desinchar\" target=\"_blank\" href=\"https:\/\/www.tiktok.com\/tag\/desinchar?refer=embed\">#desinchar<\/a> <a title=\"desinflamar\" target=\"_blank\" href=\"https:\/\/www.tiktok.com\/tag\/desinflamar?refer=embed\">#desinflamar<\/a> <a title=\"oleodeabobora\" target=\"_blank\" href=\"https:\/\/www.tiktok.com\/tag\/oleodeabobora?refer=embed\">#oleodeabobora<\/a> <a title=\"oleodeab\u00f3bora\ud83c\udf83\" target=\"_blank\" href=\"https:\/\/www.tiktok.com\/tag\/oleodeab%C3%B3bora%F0%9F%8E%83?refer=embed\">#oleodeab\u00f3bora\ud83c\udf83<\/a> <a title=\"massamagra\" target=\"_blank\" href=\"https:\/\/www.tiktok.com\/tag\/massamagra?refer=embed\">#MASSAmagra<\/a> <a title=\"alimentocomproteina\" target=\"_blank\" href=\"https:\/\/www.tiktok.com\/tag\/alimentocomproteina?refer=embed\">#alimentocomproteina<\/a> <a title=\"proteina\" target=\"_blank\" href=\"https:\/\/www.tiktok.com\/tag\/proteina?refer=embed\">#proteina<\/a> <a title=\"proteinavegetal\" target=\"_blank\" href=\"https:\/\/www.tiktok.com\/tag\/proteinavegetal?refer=embed\">#proteinavegetal<\/a> <a target=\"_blank\" title=\"\u266c som original - Vanessa Gaudiano\" href=\"https:\/\/www.tiktok.com\/music\/som-original-7452825847018162950?refer=embed\">\u266c som original &#8211; Vanessa Gaudiano<\/a> <\/section> <\/blockquote> <script async src=\"https:\/\/www.tiktok.com\/embed.js\"><\/script>\n\n\n\n<p>Leia tamb\u00e9m: <a href=\"https:\/\/www.correiobraziliense.com.br\/cbradar\/por-que-o-alho-e-considerado-um-dos-alimentos-mais-poderosos-para-a-saude\/\" target=\"_blank\" rel=\"noreferrer noopener\">Por que o alho \u00e9 considerado um dos alimentos mais poderosos para a sa\u00fade<\/a><\/p>\n\n\n\n<h2 class=\"wp-block-heading\">O que as organiza\u00e7\u00f5es de sa\u00fade recomendam sobre o consumo vegetal?<\/h2>\n\n\n\n<p>Grandes institui\u00e7\u00f5es internacionais defendem que uma dieta rica em plantas reduz o risco de doen\u00e7as cr\u00f4nicas e melhora a longevidade. A substitui\u00e7\u00e3o parcial ou total de prote\u00ednas animais por vegetais \u00e9 vista como uma medida preventiva essencial para a sa\u00fade p\u00fablica global. Seguir essas diretrizes garante que o seu corpo funcione com a <strong>m\u00e1xima efici\u00eancia metab\u00f3lica poss\u00edvel<\/strong>.<\/p>\n\n\n\n<p>A <strong>Harvard School of Public Health<\/strong> ressalta que prote\u00ednas vegetais s\u00e3o op\u00e7\u00f5es excelentes para manter o cora\u00e7\u00e3o saud\u00e1vel e o peso sob controle. Optar por lentilhas em vez de carnes processadas traz benef\u00edcios imediatos para a circula\u00e7\u00e3o e o sistema imunol\u00f3gico. Saiba mais detalhes no portal da <a target=\"_blank\" rel=\"noreferrer noopener\" href=\"https:\/\/www.hsph.harvard.edu\/nutritionsource\/what-should-you-eat\/protein\/\">Harvard T.H. Chan<\/a> para planejar sua dieta com <strong>total seguran\u00e7a e precis\u00e3o<\/strong>.<\/p>\n","protected":false},"excerpt":{"rendered":"<p>Muitas pessoas buscam alternativas vegetais para aumentar a ingest\u00e3o proteica di\u00e1ria sem depender exclusivamente de produtos de origem animal. Substituir o ovo por fontes de plantas exige conhecimento sobre a densidade nutricional de cada ingrediente. Entender essas equival\u00eancias permite criar dietas equilibradas que promovem ganho muscular e sa\u00fade de maneira sustent\u00e1vel. Por que a prote\u00edna [&hellip;]<\/p>\n","protected":false},"author":21,"featured_media":205527,"comment_status":"open","ping_status":"open","sticky":false,"template":"","format":"standard","meta":{"_yoast_wpseo_focuskw":"alimentos com mais prote\u00edna que o ovo","_yoast_wpseo_title":"","_yoast_wpseo_metadesc":"Alguns alimentos vegetais oferecem mais prote\u00edna que o ovo por por\u00e7\u00e3o e surpreendem quem busca uma dieta rica em nutrientes","jnews-multi-image_gallery":[],"jnews_single_post":{"format":"standard"},"jnews_primary_category":[],"jnews_social_meta":[],"jnews_override_counter":[],"footnotes":""},"categories":[119],"post_tag":[281,194,6811,1318],"class_list":["post-205506","post","type-post","status-publish","format-standard","has-post-thumbnail","hentry","category-bem-estar","tag-alimentacao","tag-beneficios","tag-proteina-2","tag-saude-2"],"yoast_head":"<!-- This site is optimized with the Yoast SEO plugin v24.6 - https:\/\/yoast.com\/wordpress\/plugins\/seo\/ -->\n<title>Quais s\u00e3o os alimentos vegetais que podem ter mais prote\u00edna que os ovos - Correio Braziliense - Radar<\/title>\n<meta name=\"description\" content=\"Alguns alimentos vegetais oferecem mais prote\u00edna que o ovo por por\u00e7\u00e3o e surpreendem quem busca uma dieta rica em nutrientes\" \/>\n<meta name=\"robots\" content=\"index, follow, max-snippet:-1, max-image-preview:large, max-video-preview:-1\" \/>\n<link rel=\"canonical\" href=\"https:\/\/www.correiobraziliense.com.br\/cbradar\/quais-sao-os-alimentos-vegetais-que-podem-ter-mais-proteina-que-os-ovos\/\" \/>\n<meta property=\"og:locale\" content=\"pt_BR\" \/>\n<meta property=\"og:type\" content=\"article\" \/>\n<meta property=\"og:title\" content=\"Quais s\u00e3o os alimentos vegetais que podem ter mais prote\u00edna que os ovos - Correio Braziliense - Radar\" \/>\n<meta property=\"og:description\" content=\"Alguns alimentos vegetais oferecem mais prote\u00edna que o ovo por por\u00e7\u00e3o e surpreendem quem busca uma dieta rica em nutrientes\" \/>\n<meta property=\"og:url\" content=\"https:\/\/www.correiobraziliense.com.br\/cbradar\/quais-sao-os-alimentos-vegetais-que-podem-ter-mais-proteina-que-os-ovos\/\" \/>\n<meta property=\"og:site_name\" content=\"Correio Braziliense - Radar\" \/>\n<meta property=\"article:published_time\" content=\"2026-03-10T13:55:09+00:00\" \/>\n<meta property=\"og:image\" content=\"https:\/\/www.correiobraziliense.com.br\/cbradar\/wp-content\/uploads\/2026\/03\/Gemini_Generated_Image_6cod4q6cod4q6cod-1-1.png\" \/>\n\t<meta property=\"og:image:width\" content=\"1280\" \/>\n\t<meta property=\"og:image:height\" content=\"720\" \/>\n\t<meta property=\"og:image:type\" content=\"image\/png\" \/>\n<meta name=\"author\" content=\"Patrick Silva\" \/>\n<meta name=\"twitter:card\" content=\"summary_large_image\" \/>\n<meta name=\"twitter:label1\" content=\"Escrito por\" \/>\n\t<meta name=\"twitter:data1\" content=\"Patrick Silva\" \/>\n\t<meta name=\"twitter:label2\" content=\"Est. tempo de leitura\" \/>\n\t<meta name=\"twitter:data2\" content=\"5 minutos\" \/>\n<!-- \/ Yoast SEO plugin. -->","yoast_head_json":{"title":"Quais s\u00e3o os alimentos vegetais que podem ter mais prote\u00edna que os ovos - Correio Braziliense - Radar","description":"Alguns alimentos vegetais oferecem mais prote\u00edna que o ovo por por\u00e7\u00e3o e surpreendem quem busca uma dieta rica em nutrientes","robots":{"index":"index","follow":"follow","max-snippet":"max-snippet:-1","max-image-preview":"max-image-preview:large","max-video-preview":"max-video-preview:-1"},"canonical":"https:\/\/www.correiobraziliense.com.br\/cbradar\/quais-sao-os-alimentos-vegetais-que-podem-ter-mais-proteina-que-os-ovos\/","og_locale":"pt_BR","og_type":"article","og_title":"Quais s\u00e3o os alimentos vegetais que podem ter mais prote\u00edna que os ovos - Correio Braziliense - Radar","og_description":"Alguns alimentos vegetais oferecem mais prote\u00edna que o ovo por por\u00e7\u00e3o e surpreendem quem busca uma dieta rica em nutrientes","og_url":"https:\/\/www.correiobraziliense.com.br\/cbradar\/quais-sao-os-alimentos-vegetais-que-podem-ter-mais-proteina-que-os-ovos\/","og_site_name":"Correio Braziliense - Radar","article_published_time":"2026-03-10T13:55:09+00:00","og_image":[{"width":1280,"height":720,"url":"https:\/\/www.correiobraziliense.com.br\/cbradar\/wp-content\/uploads\/2026\/03\/Gemini_Generated_Image_6cod4q6cod4q6cod-1-1.png","type":"image\/png"}],"author":"Patrick Silva","twitter_card":"summary_large_image","twitter_misc":{"Escrito por":"Patrick Silva","Est. tempo de leitura":"5 minutos"},"schema":{"@context":"https:\/\/schema.org","@graph":[{"@type":"WebPage","@id":"https:\/\/www.correiobraziliense.com.br\/cbradar\/quais-sao-os-alimentos-vegetais-que-podem-ter-mais-proteina-que-os-ovos\/","url":"https:\/\/www.correiobraziliense.com.br\/cbradar\/quais-sao-os-alimentos-vegetais-que-podem-ter-mais-proteina-que-os-ovos\/","name":"Quais s\u00e3o os alimentos vegetais que podem ter mais prote\u00edna que os ovos - Correio Braziliense - Radar","isPartOf":{"@id":"https:\/\/www.correiobraziliense.com.br\/cbradar\/#website"},"primaryImageOfPage":{"@id":"https:\/\/www.correiobraziliense.com.br\/cbradar\/quais-sao-os-alimentos-vegetais-que-podem-ter-mais-proteina-que-os-ovos\/#primaryimage"},"image":{"@id":"https:\/\/www.correiobraziliense.com.br\/cbradar\/quais-sao-os-alimentos-vegetais-que-podem-ter-mais-proteina-que-os-ovos\/#primaryimage"},"thumbnailUrl":"https:\/\/www.correiobraziliense.com.br\/cbradar\/wp-content\/uploads\/2026\/03\/Gemini_Generated_Image_6cod4q6cod4q6cod-1-1.png","datePublished":"2026-03-10T13:55:09+00:00","author":{"@id":"https:\/\/www.correiobraziliense.com.br\/cbradar\/#\/schema\/person\/5440b72be9c7eb74f446c846479dc4da"},"description":"Alguns alimentos vegetais oferecem mais prote\u00edna que o ovo por por\u00e7\u00e3o e surpreendem quem busca uma dieta rica em nutrientes","breadcrumb":{"@id":"https:\/\/www.correiobraziliense.com.br\/cbradar\/quais-sao-os-alimentos-vegetais-que-podem-ter-mais-proteina-que-os-ovos\/#breadcrumb"},"inLanguage":"pt-BR","potentialAction":[{"@type":"ReadAction","target":["https:\/\/www.correiobraziliense.com.br\/cbradar\/quais-sao-os-alimentos-vegetais-que-podem-ter-mais-proteina-que-os-ovos\/"]}]},{"@type":"ImageObject","inLanguage":"pt-BR","@id":"https:\/\/www.correiobraziliense.com.br\/cbradar\/quais-sao-os-alimentos-vegetais-que-podem-ter-mais-proteina-que-os-ovos\/#primaryimage","url":"https:\/\/www.correiobraziliense.com.br\/cbradar\/wp-content\/uploads\/2026\/03\/Gemini_Generated_Image_6cod4q6cod4q6cod-1-1.png","contentUrl":"https:\/\/www.correiobraziliense.com.br\/cbradar\/wp-content\/uploads\/2026\/03\/Gemini_Generated_Image_6cod4q6cod4q6cod-1-1.png","width":1280,"height":720,"caption":"Alguns alimentos vegetais oferecem mais prote\u00edna que o ovo por por\u00e7\u00e3o e surpreendem quem busca uma dieta rica em nutrientes"},{"@type":"BreadcrumbList","@id":"https:\/\/www.correiobraziliense.com.br\/cbradar\/quais-sao-os-alimentos-vegetais-que-podem-ter-mais-proteina-que-os-ovos\/#breadcrumb","itemListElement":[{"@type":"ListItem","position":1,"name":"In\u00edcio","item":"https:\/\/www.correiobraziliense.com.br\/cbradar\/"},{"@type":"ListItem","position":2,"name":"Quais s\u00e3o os alimentos vegetais que podem ter mais prote\u00edna que os ovos"}]},{"@type":"WebSite","@id":"https:\/\/www.correiobraziliense.com.br\/cbradar\/#website","url":"https:\/\/www.correiobraziliense.com.br\/cbradar\/","name":"Correio Braziliense - Radar","description":"Acompanhe as \u00faltimas not\u00edcias e fique bem informado sobre tudo o que acontece no Brasil e no mundo.","potentialAction":[{"@type":"SearchAction","target":{"@type":"EntryPoint","urlTemplate":"https:\/\/www.correiobraziliense.com.br\/cbradar\/?s={search_term_string}"},"query-input":{"@type":"PropertyValueSpecification","valueRequired":true,"valueName":"search_term_string"}}],"inLanguage":"pt-BR"},{"@type":"Person","@id":"https:\/\/www.correiobraziliense.com.br\/cbradar\/#\/schema\/person\/5440b72be9c7eb74f446c846479dc4da","name":"Patrick Silva","image":{"@type":"ImageObject","inLanguage":"pt-BR","@id":"https:\/\/www.correiobraziliense.com.br\/cbradar\/#\/schema\/person\/image\/","url":"https:\/\/secure.gravatar.com\/avatar\/944109df296fc087785c9715fd5f80b2?s=96&d=mm&r=g","contentUrl":"https:\/\/secure.gravatar.com\/avatar\/944109df296fc087785c9715fd5f80b2?s=96&d=mm&r=g","caption":"Patrick Silva"},"sameAs":["https:\/\/www.correiobraziliense.com.br\/cbradar\/"],"url":"https:\/\/www.correiobraziliense.com.br\/cbradar\/author\/patrick-silva\/"}]}},"_links":{"self":[{"href":"https:\/\/www.correiobraziliense.com.br\/cbradar\/wp-json\/wp\/v2\/posts\/205506","targetHints":{"allow":["GET"]}}],"collection":[{"href":"https:\/\/www.correiobraziliense.com.br\/cbradar\/wp-json\/wp\/v2\/posts"}],"about":[{"href":"https:\/\/www.correiobraziliense.com.br\/cbradar\/wp-json\/wp\/v2\/types\/post"}],"author":[{"embeddable":true,"href":"https:\/\/www.correiobraziliense.com.br\/cbradar\/wp-json\/wp\/v2\/users\/21"}],"replies":[{"embeddable":true,"href":"https:\/\/www.correiobraziliense.com.br\/cbradar\/wp-json\/wp\/v2\/comments?post=205506"}],"version-history":[{"count":1,"href":"https:\/\/www.correiobraziliense.com.br\/cbradar\/wp-json\/wp\/v2\/posts\/205506\/revisions"}],"predecessor-version":[{"id":205534,"href":"https:\/\/www.correiobraziliense.com.br\/cbradar\/wp-json\/wp\/v2\/posts\/205506\/revisions\/205534"}],"wp:featuredmedia":[{"embeddable":true,"href":"https:\/\/www.correiobraziliense.com.br\/cbradar\/wp-json\/wp\/v2\/media\/205527"}],"wp:attachment":[{"href":"https:\/\/www.correiobraziliense.com.br\/cbradar\/wp-json\/wp\/v2\/media?parent=205506"}],"wp:term":[{"taxonomy":"category","embeddable":true,"href":"https:\/\/www.correiobraziliense.com.br\/cbradar\/wp-json\/wp\/v2\/categories?post=205506"},{"taxonomy":"post_tag","embeddable":true,"href":"https:\/\/www.correiobraziliense.com.br\/cbradar\/wp-json\/wp\/v2\/post_tag?post=205506"}],"curies":[{"name":"wp","href":"https:\/\/api.w.org\/{rel}","templated":true}]}}