{"id":205512,"date":"2026-03-11T09:45:00","date_gmt":"2026-03-11T12:45:00","guid":{"rendered":"https:\/\/www.correiobraziliense.com.br\/cbradar\/?p=205512"},"modified":"2026-03-09T11:10:04","modified_gmt":"2026-03-09T14:10:04","slug":"a-psicologia-sugere-que-quem-demora-a-reagir-em-situacoes-dificeis-costuma-ter-maior-controle-emocional","status":"publish","type":"post","link":"https:\/\/www.correiobraziliense.com.br\/cbradar\/a-psicologia-sugere-que-quem-demora-a-reagir-em-situacoes-dificeis-costuma-ter-maior-controle-emocional\/","title":{"rendered":"A psicologia sugere que quem demora a reagir em situa\u00e7\u00f5es dif\u00edceis costuma ter maior controle emocional"},"content":{"rendered":"\n<p>Reagir com calma diante de conflitos inesperados sinaliza uma capacidade superior de processamento cognitivo e regula\u00e7\u00e3o das emo\u00e7\u00f5es internas. Em vez de ceder ao impulso imediato do sistema l\u00edmbico, indiv\u00edduos resilientes utilizam o tempo como uma ferramenta estrat\u00e9gica de an\u00e1lise. Essa pausa deliberada evita arrependimentos profundos e fortalece as rela\u00e7\u00f5es interpessoais.<\/p>\n\n\n\n<h2 class=\"wp-block-heading\">Por que a pausa reflexiva \u00e9 um sinal de for\u00e7a mental?<\/h2>\n\n\n\n<p>Quando algu\u00e9m demora a responder em situa\u00e7\u00f5es de alta press\u00e3o, o c\u00e9rebro est\u00e1 ativando o c\u00f3rtex pr\u00e9-frontal para avaliar as consequ\u00eancias l\u00f3gicas das a\u00e7\u00f5es futuras. Esse atraso intencional permite que a intensidade emocional diminua, garantindo que a resposta final seja pautada pela raz\u00e3o e n\u00e3o pelo medo instintivo ou pela raiva moment\u00e2nea, destrutiva e cega que costuma surgir repentinamente.<\/p>\n\n\n\n<p>Indiv\u00edduos que dominam essa t\u00e9cnica de controle costumam ser vistos como l\u00edderes est\u00e1veis e confi\u00e1veis em ambientes corporativos ou familiares extremamente estressantes. Eles n\u00e3o se deixam levar por provoca\u00e7\u00f5es superficiais, mantendo a integridade do car\u00e1ter mesmo sob ataques diretos. Ter <strong>autodom\u00ednio emocional<\/strong> \u00e9 a marca registrada de personalidades que alcan\u00e7am o sucesso duradouro na vida adulta.<\/p>\n\n\n\n<figure class=\"wp-block-image size-full\"><img decoding=\"async\" width=\"1280\" height=\"720\" src=\"https:\/\/www.correiobraziliense.com.br\/cbradar\/wp-content\/uploads\/2026\/03\/Gemini_Generated_Image_5q3hnh5q3hnh5q3h-1-1.png\" alt=\"A psicologia sugere que quem demora a reagir em situa\u00e7\u00f5es dif\u00edceis costuma ter maior controle emocional\" class=\"wp-image-205522\" srcset=\"https:\/\/www.correiobraziliense.com.br\/cbradar\/wp-content\/uploads\/2026\/03\/Gemini_Generated_Image_5q3hnh5q3hnh5q3h-1-1.png 1280w, https:\/\/www.correiobraziliense.com.br\/cbradar\/wp-content\/uploads\/2026\/03\/Gemini_Generated_Image_5q3hnh5q3hnh5q3h-1-1-300x169.png 300w, https:\/\/www.correiobraziliense.com.br\/cbradar\/wp-content\/uploads\/2026\/03\/Gemini_Generated_Image_5q3hnh5q3hnh5q3h-1-1-768x432.png 768w, https:\/\/www.correiobraziliense.com.br\/cbradar\/wp-content\/uploads\/2026\/03\/Gemini_Generated_Image_5q3hnh5q3hnh5q3h-1-1-750x422.png 750w, https:\/\/www.correiobraziliense.com.br\/cbradar\/wp-content\/uploads\/2026\/03\/Gemini_Generated_Image_5q3hnh5q3hnh5q3h-1-1-1140x641.png 1140w\" sizes=\"(max-width: 1280px) 100vw, 1280px\" \/><figcaption class=\"wp-element-caption\">Por que responder com calma em conflitos revela for\u00e7a emocional e maturidade psicol\u00f3gica<\/figcaption><\/figure>\n\n\n\n<h2 class=\"wp-block-heading\">Como o c\u00e9rebro processa o estresse sem explodir?<\/h2>\n\n\n\n<p>O processamento de informa\u00e7\u00f5es complexas exige que o sistema nervoso central filtre os est\u00edmulos externos antes de gerar uma rea\u00e7\u00e3o f\u00edsica ou verbal definitiva. Quem reage tardiamente est\u00e1, na verdade, organizando os pensamentos para oferecer uma solu\u00e7\u00e3o construtiva para o problema enfrentado no momento presente. Essa <strong>maturidade psicol\u00f3gica<\/strong> evita que pequenos conflitos se transformem em crises descontroladas.<\/p>\n\n\n\n<p>A ci\u00eancia comportamental sugere que a demora na rea\u00e7\u00e3o est\u00e1 ligada a uma maior capacidade de empatia e compreens\u00e3o do contexto geral da situa\u00e7\u00e3o. Ao n\u00e3o atacar de volta imediatamente, voc\u00ea demonstra que possui o controle total sobre seus pr\u00f3prios impulsos biol\u00f3gicos prim\u00e1rios. Esse comportamento promove um ambiente de <strong>paz e seguran\u00e7a<\/strong> para todos os envolvidos no di\u00e1logo.<\/p>\n\n\n\n<h2 class=\"wp-block-heading\">Quais as vantagens de n\u00e3o agir pelo impulso inicial?<\/h2>\n\n\n\n<p>Evitar a impulsividade reduz drasticamente os n\u00edveis de cortisol circulantes no sangue, protegendo o cora\u00e7\u00e3o contra os efeitos nocivos do estresse cr\u00f4nico acumulado. Al\u00e9m disso, a clareza mental obtida atrav\u00e9s do sil\u00eancio estrat\u00e9gico permite identificar oportunidades que seriam ignoradas em meio ao caos emocional. Manter a calma \u00e9 uma vantagem competitiva poderosa em qualquer cen\u00e1rio de negocia\u00e7\u00e3o complexa.<\/p>\n\n\n\n<p>Para aprimorar sua intelig\u00eancia e garantir que suas respostas sejam sempre pautadas pelo equil\u00edbrio e pela lucidez em momentos cr\u00edticos, considere adotar estas pr\u00e1ticas mentais:<\/p>\n\n\n\n<ul class=\"wp-block-list\">\n<li>Respira\u00e7\u00e3o profunda e consciente.<\/li>\n\n\n\n<li>Observa\u00e7\u00e3o neutra dos fatos.<\/li>\n\n\n\n<li>Escuta ativa sem julgamentos.<\/li>\n\n\n\n<li>Contagem mental de dez segundos.<\/li>\n\n\n\n<li>Foco na resolu\u00e7\u00e3o do conflito.<\/li>\n<\/ul>\n\n\n\n<h2 class=\"wp-block-heading\">O sil\u00eancio pode ser uma arma de prote\u00e7\u00e3o eficaz?<\/h2>\n\n\n\n<p>Utilizar o sil\u00eancio como resposta inicial desarma o agressor e retira o combust\u00edvel de discuss\u00f5es infrut\u00edferas que apenas geram desgaste gratuito e desnecess\u00e1rio. Quem cala para pensar est\u00e1, na verdade, ocupando uma posi\u00e7\u00e3o de poder simb\u00f3lico e autoridade moral inquestion\u00e1vel diante dos seus oponentes. O sil\u00eancio comunica <strong>seguran\u00e7a e sabedoria<\/strong> em n\u00edveis que as palavras jamais poderiam alcan\u00e7ar sozinhas.<\/p>\n\n\n\n<p>Aprender a observar antes de falar protege sua reputa\u00e7\u00e3o pessoal e profissional contra interpreta\u00e7\u00f5es equivocadas ou declara\u00e7\u00f5es infelizes feitas no calor do momento. <strong><a href=\"https:\/\/www.correiobraziliense.com.br\/cbradar\/a-psicologia-diz-que-a-razao-pela-qual-muitas-pessoas-nao-conseguem-ser-felizes-nao-e-a-falta-de-sucesso-e-que-elas-aprenderam-a-medir-seu-valor-apenas-pela-aprovacao-dos-outros\/\" target=\"_blank\" rel=\"noreferrer noopener\">Pessoas <\/a><\/strong>que falam menos costumam ser ouvidas com muito mais aten\u00e7\u00e3o quando finalmente decidem expressar suas opini\u00f5es fundamentadas. A <strong>economia verbal<\/strong> \u00e9 uma estrat\u00e9gia de ouro para quem busca respeito e admira\u00e7\u00e3o sincera dos outros.<\/p>\n\n\n\n<figure class=\"wp-block-image size-full\"><img decoding=\"async\" width=\"1280\" height=\"720\" src=\"https:\/\/www.correiobraziliense.com.br\/cbradar\/wp-content\/uploads\/2026\/03\/Gemini_Generated_Image_r9rmzwr9rmzwr9rm-1-1.png\" alt=\"A psicologia sugere que quem demora a reagir em situa\u00e7\u00f5es dif\u00edceis costuma ter maior controle emocional\" class=\"wp-image-205526\" srcset=\"https:\/\/www.correiobraziliense.com.br\/cbradar\/wp-content\/uploads\/2026\/03\/Gemini_Generated_Image_r9rmzwr9rmzwr9rm-1-1.png 1280w, https:\/\/www.correiobraziliense.com.br\/cbradar\/wp-content\/uploads\/2026\/03\/Gemini_Generated_Image_r9rmzwr9rmzwr9rm-1-1-300x169.png 300w, https:\/\/www.correiobraziliense.com.br\/cbradar\/wp-content\/uploads\/2026\/03\/Gemini_Generated_Image_r9rmzwr9rmzwr9rm-1-1-768x432.png 768w, https:\/\/www.correiobraziliense.com.br\/cbradar\/wp-content\/uploads\/2026\/03\/Gemini_Generated_Image_r9rmzwr9rmzwr9rm-1-1-750x422.png 750w, https:\/\/www.correiobraziliense.com.br\/cbradar\/wp-content\/uploads\/2026\/03\/Gemini_Generated_Image_r9rmzwr9rmzwr9rm-1-1-1140x641.png 1140w\" sizes=\"(max-width: 1280px) 100vw, 1280px\" \/><figcaption class=\"wp-element-caption\">Por que responder com calma em conflitos revela for\u00e7a emocional e maturidade psicol\u00f3gica<\/figcaption><\/figure>\n\n\n\n<h2 class=\"wp-block-heading\">O que os especialistas dizem sobre a regula\u00e7\u00e3o emocional?<\/h2>\n\n\n\n<p>A capacidade de regular as pr\u00f3prias emo\u00e7\u00f5es \u00e9 considerada uma das habilidades mais importantes para a sa\u00fade mental e a longevidade nas rela\u00e7\u00f5es sociais. Especialistas afirmam que o treino da paci\u00eancia reconfigura as vias neurais, tornando o indiv\u00edduo menos reativo aos gatilhos externos negativos e estressantes. Investir no <strong>autoconhecimento profundo<\/strong> \u00e9 o caminho mais seguro para uma vida plena e feliz.<\/p>\n\n\n\n<p>Segundo as diretrizes da <strong>American Psychological Association<\/strong>, a regula\u00e7\u00e3o emocional eficaz reduz o risco de transtornos de ansiedade e melhora a qualidade do conv\u00edvio social. Voc\u00ea pode acessar os estudos detalhados sobre como gerenciar o estresse e as emo\u00e7\u00f5es no portal da <strong><a href=\"https:\/\/www.apa.org\/topics\/mental-health\" target=\"_blank\" rel=\"noreferrer noopener\">APA<\/a><\/strong>. Seguir m\u00e9todos validados pela ci\u00eancia garante resultados reais e um <strong>equil\u00edbrio ps\u00edquico<\/strong> inabal\u00e1vel diante das adversidades di\u00e1rias.<\/p>\n","protected":false},"excerpt":{"rendered":"<p>Reagir com calma diante de conflitos inesperados sinaliza uma capacidade superior de processamento cognitivo e regula\u00e7\u00e3o das emo\u00e7\u00f5es internas. Em vez de ceder ao impulso imediato do sistema l\u00edmbico, indiv\u00edduos resilientes utilizam o tempo como uma ferramenta estrat\u00e9gica de an\u00e1lise. Essa pausa deliberada evita arrependimentos profundos e fortalece as rela\u00e7\u00f5es interpessoais. Por que a pausa [&hellip;]<\/p>\n","protected":false},"author":21,"featured_media":205528,"comment_status":"open","ping_status":"open","sticky":false,"template":"","format":"standard","meta":{"_yoast_wpseo_focuskw":"controle emocional diante de conflitos","_yoast_wpseo_title":"","_yoast_wpseo_metadesc":"Demorar a reagir em momentos de conflito pode revelar um n\u00edvel elevado de controle emocional e intelig\u00eancia mental.","jnews-multi-image_gallery":[],"jnews_single_post":{"format":"standard"},"jnews_primary_category":[],"jnews_social_meta":[],"jnews_override_counter":[],"footnotes":""},"categories":[112],"tags":[8251,15901,9177,404],"class_list":["post-205512","post","type-post","status-publish","format-standard","has-post-thumbnail","hentry","category-curiosidades","tag-calma","tag-controle-emocional","tag-mental","tag-psicologia"],"yoast_head":"<!-- This site is optimized with the Yoast SEO plugin v24.6 - https:\/\/yoast.com\/wordpress\/plugins\/seo\/ -->\n<title>A psicologia sugere que quem demora a reagir em situa\u00e7\u00f5es dif\u00edceis costuma ter maior controle emocional - Correio Braziliense - Radar<\/title>\n<meta name=\"description\" content=\"Demorar a reagir em momentos de conflito pode revelar um n\u00edvel elevado de controle emocional e intelig\u00eancia mental.\" \/>\n<meta name=\"robots\" content=\"index, follow, max-snippet:-1, max-image-preview:large, max-video-preview:-1\" \/>\n<link rel=\"canonical\" href=\"https:\/\/www.correiobraziliense.com.br\/cbradar\/a-psicologia-sugere-que-quem-demora-a-reagir-em-situacoes-dificeis-costuma-ter-maior-controle-emocional\/\" \/>\n<meta property=\"og:locale\" content=\"pt_BR\" \/>\n<meta property=\"og:type\" content=\"article\" \/>\n<meta property=\"og:title\" content=\"A psicologia sugere que quem demora a reagir em situa\u00e7\u00f5es dif\u00edceis costuma ter maior controle emocional - Correio Braziliense - Radar\" \/>\n<meta property=\"og:description\" content=\"Demorar a reagir em momentos de conflito pode revelar um n\u00edvel elevado de controle emocional e intelig\u00eancia mental.\" \/>\n<meta property=\"og:url\" content=\"https:\/\/www.correiobraziliense.com.br\/cbradar\/a-psicologia-sugere-que-quem-demora-a-reagir-em-situacoes-dificeis-costuma-ter-maior-controle-emocional\/\" \/>\n<meta property=\"og:site_name\" content=\"Correio Braziliense - Radar\" \/>\n<meta property=\"article:published_time\" content=\"2026-03-11T12:45:00+00:00\" \/>\n<meta property=\"og:image\" content=\"https:\/\/www.correiobraziliense.com.br\/cbradar\/wp-content\/uploads\/2026\/03\/Gemini_Generated_Image_lcqv9glcqv9glcqv-1-1.png\" \/>\n\t<meta property=\"og:image:width\" content=\"1280\" \/>\n\t<meta property=\"og:image:height\" content=\"720\" \/>\n\t<meta property=\"og:image:type\" content=\"image\/png\" \/>\n<meta name=\"author\" content=\"Patrick Silva\" \/>\n<meta name=\"twitter:card\" content=\"summary_large_image\" \/>\n<meta name=\"twitter:label1\" content=\"Escrito por\" \/>\n\t<meta name=\"twitter:data1\" content=\"Patrick Silva\" \/>\n\t<meta name=\"twitter:label2\" content=\"Est. tempo de leitura\" \/>\n\t<meta name=\"twitter:data2\" content=\"5 minutos\" \/>\n<!-- \/ Yoast SEO plugin. -->","yoast_head_json":{"title":"A psicologia sugere que quem demora a reagir em situa\u00e7\u00f5es dif\u00edceis costuma ter maior controle emocional - Correio Braziliense - Radar","description":"Demorar a reagir em momentos de conflito pode revelar um n\u00edvel elevado de controle emocional e intelig\u00eancia mental.","robots":{"index":"index","follow":"follow","max-snippet":"max-snippet:-1","max-image-preview":"max-image-preview:large","max-video-preview":"max-video-preview:-1"},"canonical":"https:\/\/www.correiobraziliense.com.br\/cbradar\/a-psicologia-sugere-que-quem-demora-a-reagir-em-situacoes-dificeis-costuma-ter-maior-controle-emocional\/","og_locale":"pt_BR","og_type":"article","og_title":"A psicologia sugere que quem demora a reagir em situa\u00e7\u00f5es dif\u00edceis costuma ter maior controle emocional - Correio Braziliense - Radar","og_description":"Demorar a reagir em momentos de conflito pode revelar um n\u00edvel elevado de controle emocional e intelig\u00eancia mental.","og_url":"https:\/\/www.correiobraziliense.com.br\/cbradar\/a-psicologia-sugere-que-quem-demora-a-reagir-em-situacoes-dificeis-costuma-ter-maior-controle-emocional\/","og_site_name":"Correio Braziliense - Radar","article_published_time":"2026-03-11T12:45:00+00:00","og_image":[{"width":1280,"height":720,"url":"https:\/\/www.correiobraziliense.com.br\/cbradar\/wp-content\/uploads\/2026\/03\/Gemini_Generated_Image_lcqv9glcqv9glcqv-1-1.png","type":"image\/png"}],"author":"Patrick Silva","twitter_card":"summary_large_image","twitter_misc":{"Escrito por":"Patrick Silva","Est. tempo de leitura":"5 minutos"},"schema":{"@context":"https:\/\/schema.org","@graph":[{"@type":"WebPage","@id":"https:\/\/www.correiobraziliense.com.br\/cbradar\/a-psicologia-sugere-que-quem-demora-a-reagir-em-situacoes-dificeis-costuma-ter-maior-controle-emocional\/","url":"https:\/\/www.correiobraziliense.com.br\/cbradar\/a-psicologia-sugere-que-quem-demora-a-reagir-em-situacoes-dificeis-costuma-ter-maior-controle-emocional\/","name":"A psicologia sugere que quem demora a reagir em situa\u00e7\u00f5es dif\u00edceis costuma ter maior controle emocional - Correio Braziliense - Radar","isPartOf":{"@id":"https:\/\/www.correiobraziliense.com.br\/cbradar\/#website"},"primaryImageOfPage":{"@id":"https:\/\/www.correiobraziliense.com.br\/cbradar\/a-psicologia-sugere-que-quem-demora-a-reagir-em-situacoes-dificeis-costuma-ter-maior-controle-emocional\/#primaryimage"},"image":{"@id":"https:\/\/www.correiobraziliense.com.br\/cbradar\/a-psicologia-sugere-que-quem-demora-a-reagir-em-situacoes-dificeis-costuma-ter-maior-controle-emocional\/#primaryimage"},"thumbnailUrl":"https:\/\/www.correiobraziliense.com.br\/cbradar\/wp-content\/uploads\/2026\/03\/Gemini_Generated_Image_lcqv9glcqv9glcqv-1-1.png","datePublished":"2026-03-11T12:45:00+00:00","author":{"@id":"https:\/\/www.correiobraziliense.com.br\/cbradar\/#\/schema\/person\/5440b72be9c7eb74f446c846479dc4da"},"description":"Demorar a reagir em momentos de conflito pode revelar um n\u00edvel elevado de controle emocional e intelig\u00eancia mental.","breadcrumb":{"@id":"https:\/\/www.correiobraziliense.com.br\/cbradar\/a-psicologia-sugere-que-quem-demora-a-reagir-em-situacoes-dificeis-costuma-ter-maior-controle-emocional\/#breadcrumb"},"inLanguage":"pt-BR","potentialAction":[{"@type":"ReadAction","target":["https:\/\/www.correiobraziliense.com.br\/cbradar\/a-psicologia-sugere-que-quem-demora-a-reagir-em-situacoes-dificeis-costuma-ter-maior-controle-emocional\/"]}]},{"@type":"ImageObject","inLanguage":"pt-BR","@id":"https:\/\/www.correiobraziliense.com.br\/cbradar\/a-psicologia-sugere-que-quem-demora-a-reagir-em-situacoes-dificeis-costuma-ter-maior-controle-emocional\/#primaryimage","url":"https:\/\/www.correiobraziliense.com.br\/cbradar\/wp-content\/uploads\/2026\/03\/Gemini_Generated_Image_lcqv9glcqv9glcqv-1-1.png","contentUrl":"https:\/\/www.correiobraziliense.com.br\/cbradar\/wp-content\/uploads\/2026\/03\/Gemini_Generated_Image_lcqv9glcqv9glcqv-1-1.png","width":1280,"height":720,"caption":"Por que responder com calma em conflitos revela for\u00e7a emocional e maturidade psicol\u00f3gica"},{"@type":"BreadcrumbList","@id":"https:\/\/www.correiobraziliense.com.br\/cbradar\/a-psicologia-sugere-que-quem-demora-a-reagir-em-situacoes-dificeis-costuma-ter-maior-controle-emocional\/#breadcrumb","itemListElement":[{"@type":"ListItem","position":1,"name":"In\u00edcio","item":"https:\/\/www.correiobraziliense.com.br\/cbradar\/"},{"@type":"ListItem","position":2,"name":"A psicologia sugere que quem demora a reagir em situa\u00e7\u00f5es dif\u00edceis costuma ter maior controle emocional"}]},{"@type":"WebSite","@id":"https:\/\/www.correiobraziliense.com.br\/cbradar\/#website","url":"https:\/\/www.correiobraziliense.com.br\/cbradar\/","name":"Correio Braziliense - Radar","description":"Acompanhe as \u00faltimas not\u00edcias e fique bem informado sobre tudo o que acontece no Brasil e no mundo.","potentialAction":[{"@type":"SearchAction","target":{"@type":"EntryPoint","urlTemplate":"https:\/\/www.correiobraziliense.com.br\/cbradar\/?s={search_term_string}"},"query-input":{"@type":"PropertyValueSpecification","valueRequired":true,"valueName":"search_term_string"}}],"inLanguage":"pt-BR"},{"@type":"Person","@id":"https:\/\/www.correiobraziliense.com.br\/cbradar\/#\/schema\/person\/5440b72be9c7eb74f446c846479dc4da","name":"Patrick Silva","image":{"@type":"ImageObject","inLanguage":"pt-BR","@id":"https:\/\/www.correiobraziliense.com.br\/cbradar\/#\/schema\/person\/image\/","url":"https:\/\/secure.gravatar.com\/avatar\/944109df296fc087785c9715fd5f80b2?s=96&d=mm&r=g","contentUrl":"https:\/\/secure.gravatar.com\/avatar\/944109df296fc087785c9715fd5f80b2?s=96&d=mm&r=g","caption":"Patrick Silva"},"sameAs":["https:\/\/www.correiobraziliense.com.br\/cbradar\/"],"url":"https:\/\/www.correiobraziliense.com.br\/cbradar\/author\/patrick-silva\/"}]}},"_links":{"self":[{"href":"https:\/\/www.correiobraziliense.com.br\/cbradar\/wp-json\/wp\/v2\/posts\/205512","targetHints":{"allow":["GET"]}}],"collection":[{"href":"https:\/\/www.correiobraziliense.com.br\/cbradar\/wp-json\/wp\/v2\/posts"}],"about":[{"href":"https:\/\/www.correiobraziliense.com.br\/cbradar\/wp-json\/wp\/v2\/types\/post"}],"author":[{"embeddable":true,"href":"https:\/\/www.correiobraziliense.com.br\/cbradar\/wp-json\/wp\/v2\/users\/21"}],"replies":[{"embeddable":true,"href":"https:\/\/www.correiobraziliense.com.br\/cbradar\/wp-json\/wp\/v2\/comments?post=205512"}],"version-history":[{"count":5,"href":"https:\/\/www.correiobraziliense.com.br\/cbradar\/wp-json\/wp\/v2\/posts\/205512\/revisions"}],"predecessor-version":[{"id":205531,"href":"https:\/\/www.correiobraziliense.com.br\/cbradar\/wp-json\/wp\/v2\/posts\/205512\/revisions\/205531"}],"wp:featuredmedia":[{"embeddable":true,"href":"https:\/\/www.correiobraziliense.com.br\/cbradar\/wp-json\/wp\/v2\/media\/205528"}],"wp:attachment":[{"href":"https:\/\/www.correiobraziliense.com.br\/cbradar\/wp-json\/wp\/v2\/media?parent=205512"}],"wp:term":[{"taxonomy":"category","embeddable":true,"href":"https:\/\/www.correiobraziliense.com.br\/cbradar\/wp-json\/wp\/v2\/categories?post=205512"},{"taxonomy":"post_tag","embeddable":true,"href":"https:\/\/www.correiobraziliense.com.br\/cbradar\/wp-json\/wp\/v2\/tags?post=205512"}],"curies":[{"name":"wp","href":"https:\/\/api.w.org\/{rel}","templated":true}]}}