{"id":205535,"date":"2026-03-11T13:45:00","date_gmt":"2026-03-11T16:45:00","guid":{"rendered":"https:\/\/www.correiobraziliense.com.br\/cbradar\/?p=205535"},"modified":"2026-03-09T11:25:28","modified_gmt":"2026-03-09T14:25:28","slug":"criancas-nascidas-nesses-meses-tendem-a-desenvolver-melhor-capacidade-de-aprendizado-aponta-estudo-em-psicologia","status":"publish","type":"post","link":"https:\/\/www.correiobraziliense.com.br\/cbradar\/criancas-nascidas-nesses-meses-tendem-a-desenvolver-melhor-capacidade-de-aprendizado-aponta-estudo-em-psicologia\/","title":{"rendered":"Crian\u00e7as nascidas nesses meses tendem a desenvolver melhor capacidade de aprendizado, aponta estudo em psicologia"},"content":{"rendered":"\n<p>A influ\u00eancia do m\u00eas de nascimento no desenvolvimento cognitivo infantil \u00e9 um tema recorrente em pesquisas de psicologia comportamental moderna. Estudos sugerem que fatores sazonais, como exposi\u00e7\u00e3o solar e nutrientes, moldam a capacidade de aprendizado desde cedo. Entender essas varia\u00e7\u00f5es ajuda pais e educadores a potencializar o talento natural de cada crian\u00e7a.<\/p>\n\n\n\n<h2 class=\"wp-block-heading\">Como a esta\u00e7\u00e3o do nascimento impacta o c\u00e9rebro?<\/h2>\n\n\n\n<p>O ambiente uterino sofre varia\u00e7\u00f5es significativas dependendo da esta\u00e7\u00e3o do ano em que a gesta\u00e7\u00e3o ocorre em sua fase final. Crian\u00e7as que nascem em per\u00edodos com maior incid\u00eancia de luz solar recebem n\u00edveis elevados de <strong>vitamina D<\/strong> via materna. Esse nutriente \u00e9 essencial para a forma\u00e7\u00e3o de conex\u00f5es neurais complexas que facilitam a absor\u00e7\u00e3o de novos conhecimentos.<\/p>\n\n\n\n<p>A exposi\u00e7\u00e3o a diferentes temperaturas e nutrientes sazonais influencia a qu\u00edmica cerebral do feto de maneira profunda e duradoura. Beb\u00eas que iniciam a vida em climas moderados costumam apresentar maior <strong>estabilidade emocional<\/strong>, fator que contribui diretamente para o foco escolar. A biologia humana utiliza esses est\u00edmulos externos para programar o ritmo de desenvolvimento cognitivo de cada indiv\u00edduo.<\/p>\n\n\n\n<figure class=\"wp-block-image size-full\"><img decoding=\"async\" width=\"1280\" height=\"720\" src=\"https:\/\/www.correiobraziliense.com.br\/cbradar\/wp-content\/uploads\/2026\/03\/Gemini_Generated_Image_dncxstdncxstdncx-1-1-1.png\" alt=\"Crian\u00e7as nascidas nesses meses tendem a desenvolver melhor capacidade de aprendizado, aponta estudo em psicologia\" class=\"wp-image-205543\" srcset=\"https:\/\/www.correiobraziliense.com.br\/cbradar\/wp-content\/uploads\/2026\/03\/Gemini_Generated_Image_dncxstdncxstdncx-1-1-1.png 1280w, https:\/\/www.correiobraziliense.com.br\/cbradar\/wp-content\/uploads\/2026\/03\/Gemini_Generated_Image_dncxstdncxstdncx-1-1-1-300x169.png 300w, https:\/\/www.correiobraziliense.com.br\/cbradar\/wp-content\/uploads\/2026\/03\/Gemini_Generated_Image_dncxstdncxstdncx-1-1-1-768x432.png 768w, https:\/\/www.correiobraziliense.com.br\/cbradar\/wp-content\/uploads\/2026\/03\/Gemini_Generated_Image_dncxstdncxstdncx-1-1-1-750x422.png 750w, https:\/\/www.correiobraziliense.com.br\/cbradar\/wp-content\/uploads\/2026\/03\/Gemini_Generated_Image_dncxstdncxstdncx-1-1-1-1140x641.png 1140w\" sizes=\"(max-width: 1280px) 100vw, 1280px\" \/><figcaption class=\"wp-element-caption\">Como o m\u00eas de nascimento pode influenciar aprendizado maturidade escolar e desenvolvimento cognitivo<\/figcaption><\/figure>\n\n\n\n<h2 class=\"wp-block-heading\">Existe um per\u00edodo ideal para o desenvolvimento cognitivo?<\/h2>\n\n\n\n<p>Pesquisadores observam que alunos nascidos no in\u00edcio do ano letivo <strong><a href=\"https:\/\/www.correiobraziliense.com.br\/cbradar\/a-psicologia-diz-que-a-razao-pela-qual-muitas-pessoas-nao-conseguem-ser-felizes-nao-e-a-falta-de-sucesso-e-que-elas-aprenderam-a-medir-seu-valor-apenas-pela-aprovacao-dos-outros\/\" target=\"_blank\" rel=\"noreferrer noopener\">costumam <\/a><\/strong>ter uma vantagem maturacional sobre seus colegas de classe. Essa diferen\u00e7a de poucos meses permite que a crian\u00e7a processe informa\u00e7\u00f5es de forma mais madura e segura durante as atividades pedag\u00f3gicas. O amadurecimento biol\u00f3gico precoce reflete em melhores notas e maior facilidade na resolu\u00e7\u00e3o de problemas l\u00f3gicos.<\/p>\n\n\n\n<p>Al\u00e9m da idade cronol\u00f3gica, a sazonalidade influencia a produ\u00e7\u00e3o de neurotransmissores ligados ao aprendizado e \u00e0 mem\u00f3ria de longo prazo. Crian\u00e7as nascidas em meses ensolarados tendem a ser mais ativas intelectualmente, buscando novos desafios com entusiasmo constante e vigor. Essa curiosidade natural \u00e9 um motor potente para o <strong>sucesso acad\u00eamico<\/strong> e para a constru\u00e7\u00e3o de uma carreira s\u00f3lida.<\/p>\n\n\n\n<h2 class=\"wp-block-heading\">Quais meses concentram os pequenos prod\u00edgios?<\/h2>\n\n\n\n<p>Embora todas as crian\u00e7as possuam potencial infinito, alguns per\u00edodos do calend\u00e1rio parecem favorecer a organiza\u00e7\u00e3o mental e a disciplina nos estudos. A combina\u00e7\u00e3o de fatores gen\u00e9ticos e ambientais cria uma janela de oportunidade \u00fanica para o desenvolvimento de compet\u00eancias raras e valiosas. Identificar essas tend\u00eancias ajuda a direcionar est\u00edmulos corretos para cada fase da inf\u00e2ncia em sua casa.<\/p>\n\n\n\n<p>Para identificar as janelas temporais em que a facilidade de absor\u00e7\u00e3o de conte\u00fados pedag\u00f3gicos e a organiza\u00e7\u00e3o l\u00f3gica costumam se manifestar com maior clareza biol\u00f3gica:<\/p>\n\n\n\n<ul class=\"wp-block-list\">\n<li>Setembro e a maturidade escolar.<\/li>\n\n\n\n<li>Outubro e a organiza\u00e7\u00e3o l\u00f3gica.<\/li>\n\n\n\n<li>Janeiro e a lideran\u00e7a cognitiva.<\/li>\n\n\n\n<li>Mar\u00e7o e a criatividade anal\u00edtica.<\/li>\n\n\n\n<li>Agosto e a persist\u00eancia mental.<\/li>\n<\/ul>\n\n\n\n<h2 class=\"wp-block-heading\">Por que a maturidade escolar faz tanta diferen\u00e7a?<\/h2>\n\n\n\n<p>Estar entre os mais velhos da turma proporciona uma confian\u00e7a adicional que impulsiona o desempenho em tarefas complexas e sociais. Essa lideran\u00e7a natural permite que a crian\u00e7a explore novos conceitos sem o medo paralisante do erro ou da reprova\u00e7\u00e3o externa imediata. O fortalecimento da autoestima \u00e9 um dos pilares que sustentam o aprendizado acelerado na fase escolar.<\/p>\n\n\n\n<p>O desenvolvimento das fun\u00e7\u00f5es executivas, como o controle inibit\u00f3rio e a mem\u00f3ria de trabalho, ocorre de forma mais fluida em crian\u00e7as maduras. Elas conseguem manter o foco por per\u00edodos prolongados, ignorando distra\u00e7\u00f5es que costumam prejudicar o rendimento de alunos mais jovens. Essa capacidade de concentra\u00e7\u00e3o \u00e9 o que define o sucesso em ambientes de ensino altamente competitivos.<\/p>\n\n\n\n<figure class=\"wp-block-image size-full\"><img decoding=\"async\" width=\"1280\" height=\"720\" src=\"https:\/\/www.correiobraziliense.com.br\/cbradar\/wp-content\/uploads\/2026\/03\/Gemini_Generated_Image_s5drtms5drtms5dr-1-1.png\" alt=\"Crian\u00e7as nascidas nesses meses tendem a desenvolver melhor capacidade de aprendizado, aponta estudo em psicologia\" class=\"wp-image-205545\" srcset=\"https:\/\/www.correiobraziliense.com.br\/cbradar\/wp-content\/uploads\/2026\/03\/Gemini_Generated_Image_s5drtms5drtms5dr-1-1.png 1280w, https:\/\/www.correiobraziliense.com.br\/cbradar\/wp-content\/uploads\/2026\/03\/Gemini_Generated_Image_s5drtms5drtms5dr-1-1-300x169.png 300w, https:\/\/www.correiobraziliense.com.br\/cbradar\/wp-content\/uploads\/2026\/03\/Gemini_Generated_Image_s5drtms5drtms5dr-1-1-768x432.png 768w, https:\/\/www.correiobraziliense.com.br\/cbradar\/wp-content\/uploads\/2026\/03\/Gemini_Generated_Image_s5drtms5drtms5dr-1-1-750x422.png 750w, https:\/\/www.correiobraziliense.com.br\/cbradar\/wp-content\/uploads\/2026\/03\/Gemini_Generated_Image_s5drtms5drtms5dr-1-1-1140x641.png 1140w\" sizes=\"(max-width: 1280px) 100vw, 1280px\" \/><figcaption class=\"wp-element-caption\">Como o m\u00eas de nascimento pode influenciar aprendizado maturidade escolar e desenvolvimento cognitivo<\/figcaption><\/figure>\n\n\n\n<h2 class=\"wp-block-heading\">O que os dados cient\u00edficos revelam sobre o futuro?<\/h2>\n\n\n\n<p>As evid\u00eancias demonstram que o suporte educacional adequado pode nivelar as diferen\u00e7as causadas pelo m\u00eas de nascimento em poucos anos. O acompanhamento pedag\u00f3gico personalizado \u00e9 a ferramenta mais eficaz para garantir que todos os alunos alcancem seu potencial m\u00e1ximo de aprendizado. Valorizar a <strong>individualidade biol\u00f3gica<\/strong> \u00e9 o caminho para uma educa\u00e7\u00e3o inclusiva e verdadeiramente transformadora para a sociedade.<\/p>\n\n\n\n<p>Estudos publicados pela <strong>National Institutes of Health<\/strong> indicam que a idade relativa na escola influencia o diagn\u00f3stico de dificuldades de aprendizado. Voc\u00ea pode consultar os detalhes cient\u00edficos sobre o impacto do m\u00eas de nascimento no desenvolvimento infantil diretamente no portal da <strong><a target=\"_blank\" rel=\"noreferrer noopener\" href=\"https:\/\/www.ncbi.nlm.nih.gov\/pmc\/articles\/PMC6682226\/\">NIH<\/a><\/strong>. Seguir orienta\u00e7\u00f5es baseadas em evid\u00eancias s\u00f3lidas garante resultados reais para o futuro acad\u00eamico de todas as crian\u00e7as hoje.<\/p>\n","protected":false},"excerpt":{"rendered":"<p>A influ\u00eancia do m\u00eas de nascimento no desenvolvimento cognitivo infantil \u00e9 um tema recorrente em pesquisas de psicologia comportamental moderna. Estudos sugerem que fatores sazonais, como exposi\u00e7\u00e3o solar e nutrientes, moldam a capacidade de aprendizado desde cedo. Entender essas varia\u00e7\u00f5es ajuda pais e educadores a potencializar o talento natural de cada crian\u00e7a. Como a esta\u00e7\u00e3o [&hellip;]<\/p>\n","protected":false},"author":21,"featured_media":205555,"comment_status":"open","ping_status":"open","sticky":false,"template":"","format":"standard","meta":{"_yoast_wpseo_focuskw":"m\u00eas de nascimento e desempenho escolar","_yoast_wpseo_title":"","_yoast_wpseo_metadesc":"Pesquisas indicam que o m\u00eas de nascimento pode influenciar a maturidade escolar, aprendizado e desenvolvimento cognitivo.","jnews-multi-image_gallery":[],"jnews_single_post":{"format":"standard"},"jnews_primary_category":[],"jnews_social_meta":[],"jnews_override_counter":[],"footnotes":""},"categories":[112],"post_tag":[3687,13559,6956],"class_list":["post-205535","post","type-post","status-publish","format-standard","has-post-thumbnail","hentry","category-curiosidades","tag-aprendizado","tag-mes-de-nascimento-2","tag-psciologia"],"yoast_head":"<!-- This site is optimized with the Yoast SEO plugin v24.6 - https:\/\/yoast.com\/wordpress\/plugins\/seo\/ -->\n<title>Crian\u00e7as nascidas nesses meses tendem a desenvolver melhor capacidade de aprendizado, aponta estudo em psicologia - Correio Braziliense - Radar<\/title>\n<meta name=\"description\" content=\"Pesquisas indicam que o m\u00eas de nascimento pode influenciar a maturidade escolar, aprendizado e desenvolvimento cognitivo.\" \/>\n<meta name=\"robots\" content=\"index, follow, max-snippet:-1, max-image-preview:large, max-video-preview:-1\" \/>\n<link rel=\"canonical\" href=\"https:\/\/www.correiobraziliense.com.br\/cbradar\/criancas-nascidas-nesses-meses-tendem-a-desenvolver-melhor-capacidade-de-aprendizado-aponta-estudo-em-psicologia\/\" \/>\n<meta property=\"og:locale\" content=\"pt_BR\" \/>\n<meta property=\"og:type\" content=\"article\" \/>\n<meta property=\"og:title\" content=\"Crian\u00e7as nascidas nesses meses tendem a desenvolver melhor capacidade de aprendizado, aponta estudo em psicologia - Correio Braziliense - Radar\" \/>\n<meta property=\"og:description\" content=\"Pesquisas indicam que o m\u00eas de nascimento pode influenciar a maturidade escolar, aprendizado e desenvolvimento cognitivo.\" \/>\n<meta property=\"og:url\" content=\"https:\/\/www.correiobraziliense.com.br\/cbradar\/criancas-nascidas-nesses-meses-tendem-a-desenvolver-melhor-capacidade-de-aprendizado-aponta-estudo-em-psicologia\/\" \/>\n<meta property=\"og:site_name\" content=\"Correio Braziliense - Radar\" \/>\n<meta property=\"article:published_time\" content=\"2026-03-11T16:45:00+00:00\" \/>\n<meta property=\"og:image\" content=\"https:\/\/www.correiobraziliense.com.br\/cbradar\/wp-content\/uploads\/2026\/03\/Gemini_Generated_Image_ph1wxcph1wxcph1w-1-1.png\" \/>\n\t<meta property=\"og:image:width\" content=\"1280\" \/>\n\t<meta property=\"og:image:height\" content=\"720\" \/>\n\t<meta property=\"og:image:type\" content=\"image\/png\" \/>\n<meta name=\"author\" content=\"Patrick Silva\" \/>\n<meta name=\"twitter:card\" content=\"summary_large_image\" \/>\n<meta name=\"twitter:label1\" content=\"Escrito por\" \/>\n\t<meta name=\"twitter:data1\" content=\"Patrick Silva\" \/>\n\t<meta name=\"twitter:label2\" content=\"Est. tempo de leitura\" \/>\n\t<meta name=\"twitter:data2\" content=\"5 minutos\" \/>\n<!-- \/ Yoast SEO plugin. -->","yoast_head_json":{"title":"Crian\u00e7as nascidas nesses meses tendem a desenvolver melhor capacidade de aprendizado, aponta estudo em psicologia - Correio Braziliense - Radar","description":"Pesquisas indicam que o m\u00eas de nascimento pode influenciar a maturidade escolar, aprendizado e desenvolvimento cognitivo.","robots":{"index":"index","follow":"follow","max-snippet":"max-snippet:-1","max-image-preview":"max-image-preview:large","max-video-preview":"max-video-preview:-1"},"canonical":"https:\/\/www.correiobraziliense.com.br\/cbradar\/criancas-nascidas-nesses-meses-tendem-a-desenvolver-melhor-capacidade-de-aprendizado-aponta-estudo-em-psicologia\/","og_locale":"pt_BR","og_type":"article","og_title":"Crian\u00e7as nascidas nesses meses tendem a desenvolver melhor capacidade de aprendizado, aponta estudo em psicologia - Correio Braziliense - Radar","og_description":"Pesquisas indicam que o m\u00eas de nascimento pode influenciar a maturidade escolar, aprendizado e desenvolvimento cognitivo.","og_url":"https:\/\/www.correiobraziliense.com.br\/cbradar\/criancas-nascidas-nesses-meses-tendem-a-desenvolver-melhor-capacidade-de-aprendizado-aponta-estudo-em-psicologia\/","og_site_name":"Correio Braziliense - Radar","article_published_time":"2026-03-11T16:45:00+00:00","og_image":[{"width":1280,"height":720,"url":"https:\/\/www.correiobraziliense.com.br\/cbradar\/wp-content\/uploads\/2026\/03\/Gemini_Generated_Image_ph1wxcph1wxcph1w-1-1.png","type":"image\/png"}],"author":"Patrick Silva","twitter_card":"summary_large_image","twitter_misc":{"Escrito por":"Patrick Silva","Est. tempo de leitura":"5 minutos"},"schema":{"@context":"https:\/\/schema.org","@graph":[{"@type":"WebPage","@id":"https:\/\/www.correiobraziliense.com.br\/cbradar\/criancas-nascidas-nesses-meses-tendem-a-desenvolver-melhor-capacidade-de-aprendizado-aponta-estudo-em-psicologia\/","url":"https:\/\/www.correiobraziliense.com.br\/cbradar\/criancas-nascidas-nesses-meses-tendem-a-desenvolver-melhor-capacidade-de-aprendizado-aponta-estudo-em-psicologia\/","name":"Crian\u00e7as nascidas nesses meses tendem a desenvolver melhor capacidade de aprendizado, aponta estudo em psicologia - Correio Braziliense - Radar","isPartOf":{"@id":"https:\/\/www.correiobraziliense.com.br\/cbradar\/#website"},"primaryImageOfPage":{"@id":"https:\/\/www.correiobraziliense.com.br\/cbradar\/criancas-nascidas-nesses-meses-tendem-a-desenvolver-melhor-capacidade-de-aprendizado-aponta-estudo-em-psicologia\/#primaryimage"},"image":{"@id":"https:\/\/www.correiobraziliense.com.br\/cbradar\/criancas-nascidas-nesses-meses-tendem-a-desenvolver-melhor-capacidade-de-aprendizado-aponta-estudo-em-psicologia\/#primaryimage"},"thumbnailUrl":"https:\/\/www.correiobraziliense.com.br\/cbradar\/wp-content\/uploads\/2026\/03\/Gemini_Generated_Image_ph1wxcph1wxcph1w-1-1.png","datePublished":"2026-03-11T16:45:00+00:00","author":{"@id":"https:\/\/www.correiobraziliense.com.br\/cbradar\/#\/schema\/person\/5440b72be9c7eb74f446c846479dc4da"},"description":"Pesquisas indicam que o m\u00eas de nascimento pode influenciar a maturidade escolar, aprendizado e desenvolvimento cognitivo.","breadcrumb":{"@id":"https:\/\/www.correiobraziliense.com.br\/cbradar\/criancas-nascidas-nesses-meses-tendem-a-desenvolver-melhor-capacidade-de-aprendizado-aponta-estudo-em-psicologia\/#breadcrumb"},"inLanguage":"pt-BR","potentialAction":[{"@type":"ReadAction","target":["https:\/\/www.correiobraziliense.com.br\/cbradar\/criancas-nascidas-nesses-meses-tendem-a-desenvolver-melhor-capacidade-de-aprendizado-aponta-estudo-em-psicologia\/"]}]},{"@type":"ImageObject","inLanguage":"pt-BR","@id":"https:\/\/www.correiobraziliense.com.br\/cbradar\/criancas-nascidas-nesses-meses-tendem-a-desenvolver-melhor-capacidade-de-aprendizado-aponta-estudo-em-psicologia\/#primaryimage","url":"https:\/\/www.correiobraziliense.com.br\/cbradar\/wp-content\/uploads\/2026\/03\/Gemini_Generated_Image_ph1wxcph1wxcph1w-1-1.png","contentUrl":"https:\/\/www.correiobraziliense.com.br\/cbradar\/wp-content\/uploads\/2026\/03\/Gemini_Generated_Image_ph1wxcph1wxcph1w-1-1.png","width":1280,"height":720,"caption":"Como o m\u00eas de nascimento pode influenciar aprendizado maturidade escolar e desenvolvimento cognitivo"},{"@type":"BreadcrumbList","@id":"https:\/\/www.correiobraziliense.com.br\/cbradar\/criancas-nascidas-nesses-meses-tendem-a-desenvolver-melhor-capacidade-de-aprendizado-aponta-estudo-em-psicologia\/#breadcrumb","itemListElement":[{"@type":"ListItem","position":1,"name":"In\u00edcio","item":"https:\/\/www.correiobraziliense.com.br\/cbradar\/"},{"@type":"ListItem","position":2,"name":"Crian\u00e7as nascidas nesses meses tendem a desenvolver melhor capacidade de aprendizado, aponta estudo em psicologia"}]},{"@type":"WebSite","@id":"https:\/\/www.correiobraziliense.com.br\/cbradar\/#website","url":"https:\/\/www.correiobraziliense.com.br\/cbradar\/","name":"Correio Braziliense - Radar","description":"Acompanhe as \u00faltimas not\u00edcias e fique bem informado sobre tudo o que acontece no Brasil e no mundo.","potentialAction":[{"@type":"SearchAction","target":{"@type":"EntryPoint","urlTemplate":"https:\/\/www.correiobraziliense.com.br\/cbradar\/?s={search_term_string}"},"query-input":{"@type":"PropertyValueSpecification","valueRequired":true,"valueName":"search_term_string"}}],"inLanguage":"pt-BR"},{"@type":"Person","@id":"https:\/\/www.correiobraziliense.com.br\/cbradar\/#\/schema\/person\/5440b72be9c7eb74f446c846479dc4da","name":"Patrick Silva","image":{"@type":"ImageObject","inLanguage":"pt-BR","@id":"https:\/\/www.correiobraziliense.com.br\/cbradar\/#\/schema\/person\/image\/","url":"https:\/\/secure.gravatar.com\/avatar\/944109df296fc087785c9715fd5f80b2?s=96&d=mm&r=g","contentUrl":"https:\/\/secure.gravatar.com\/avatar\/944109df296fc087785c9715fd5f80b2?s=96&d=mm&r=g","caption":"Patrick Silva"},"sameAs":["https:\/\/www.correiobraziliense.com.br\/cbradar\/"],"url":"https:\/\/www.correiobraziliense.com.br\/cbradar\/author\/patrick-silva\/"}]}},"_links":{"self":[{"href":"https:\/\/www.correiobraziliense.com.br\/cbradar\/wp-json\/wp\/v2\/posts\/205535","targetHints":{"allow":["GET"]}}],"collection":[{"href":"https:\/\/www.correiobraziliense.com.br\/cbradar\/wp-json\/wp\/v2\/posts"}],"about":[{"href":"https:\/\/www.correiobraziliense.com.br\/cbradar\/wp-json\/wp\/v2\/types\/post"}],"author":[{"embeddable":true,"href":"https:\/\/www.correiobraziliense.com.br\/cbradar\/wp-json\/wp\/v2\/users\/21"}],"replies":[{"embeddable":true,"href":"https:\/\/www.correiobraziliense.com.br\/cbradar\/wp-json\/wp\/v2\/comments?post=205535"}],"version-history":[{"count":3,"href":"https:\/\/www.correiobraziliense.com.br\/cbradar\/wp-json\/wp\/v2\/posts\/205535\/revisions"}],"predecessor-version":[{"id":205549,"href":"https:\/\/www.correiobraziliense.com.br\/cbradar\/wp-json\/wp\/v2\/posts\/205535\/revisions\/205549"}],"wp:featuredmedia":[{"embeddable":true,"href":"https:\/\/www.correiobraziliense.com.br\/cbradar\/wp-json\/wp\/v2\/media\/205555"}],"wp:attachment":[{"href":"https:\/\/www.correiobraziliense.com.br\/cbradar\/wp-json\/wp\/v2\/media?parent=205535"}],"wp:term":[{"taxonomy":"category","embeddable":true,"href":"https:\/\/www.correiobraziliense.com.br\/cbradar\/wp-json\/wp\/v2\/categories?post=205535"},{"taxonomy":"post_tag","embeddable":true,"href":"https:\/\/www.correiobraziliense.com.br\/cbradar\/wp-json\/wp\/v2\/post_tag?post=205535"}],"curies":[{"name":"wp","href":"https:\/\/api.w.org\/{rel}","templated":true}]}}