{"id":205537,"date":"2026-03-10T18:35:00","date_gmt":"2026-03-10T21:35:00","guid":{"rendered":"https:\/\/www.correiobraziliense.com.br\/cbradar\/?p=205537"},"modified":"2026-03-09T12:24:35","modified_gmt":"2026-03-09T15:24:35","slug":"as-tres-bebidas-naturais-que-ajudam-a-hidratar-o-corpo-e-apoiar-a-saude-do-figado","status":"publish","type":"post","link":"https:\/\/www.correiobraziliense.com.br\/cbradar\/as-tres-bebidas-naturais-que-ajudam-a-hidratar-o-corpo-e-apoiar-a-saude-do-figado\/","title":{"rendered":"As tr\u00eas bebidas naturais que ajudam a hidratar o corpo e apoiar a sa\u00fade do f\u00edgado"},"content":{"rendered":"\n<p>Manter o corpo bem hidratado \u00e9 fundamental para garantir que o f\u00edgado consiga processar toxinas com m\u00e1xima efici\u00eancia todos os dias. Algumas bebidas naturais oferecem benef\u00edcios espec\u00edficos que v\u00e3o al\u00e9m da hidrata\u00e7\u00e3o b\u00e1sica, fornecendo antioxidantes poderosos para o organismo. Entender quais l\u00edquidos priorizar ajuda a manter a sa\u00fade hep\u00e1tica e f\u00edsica sempre protegida.<\/p>\n\n\n\n<h2 class=\"wp-block-heading\">Por que a \u00e1gua com lim\u00e3o \u00e9 t\u00e3o citada por especialistas?<\/h2>\n\n\n\n<p>O consumo de \u00e1gua com lim\u00e3o pela manh\u00e3 estimula a produ\u00e7\u00e3o de enzimas fundamentais para o processo de desintoxica\u00e7\u00e3o natural do organismo humano. A presen\u00e7a de vitamina C e antioxidantes ajuda a combater os radicais livres que podem danificar as c\u00e9lulas do f\u00edgado ao longo do tempo. Essa pr\u00e1tica simples promove uma <strong>limpeza interna constante<\/strong> e muito saud\u00e1vel.<\/p>\n\n\n\n<p>Al\u00e9m de hidratar profundamente os tecidos, essa mistura c\u00edtrica auxilia na digest\u00e3o de gorduras pesadas, aliviando a carga de trabalho do seu f\u00edgado. O h\u00e1bito regular evita o ac\u00famulo de subst\u00e2ncias prejudiciais, garantindo que o metabolismo funcione de forma equilibrada e sem sobrecargas desnecess\u00e1rias. \u00c9 uma solu\u00e7\u00e3o pr\u00e1tica, barata e acess\u00edvel para qualquer pessoa que busca qualidade.<\/p>\n\n\n\n<figure class=\"wp-block-image size-full\"><img decoding=\"async\" width=\"1280\" height=\"720\" src=\"https:\/\/www.correiobraziliense.com.br\/cbradar\/wp-content\/uploads\/2026\/03\/Gemini_Generated_Image_roh37groh37groh3-1-1.png\" alt=\"As tr\u00eas bebidas naturais que ajudam a hidratar o corpo e apoiar a sa\u00fade do f\u00edgado\" class=\"wp-image-205554\" srcset=\"https:\/\/www.correiobraziliense.com.br\/cbradar\/wp-content\/uploads\/2026\/03\/Gemini_Generated_Image_roh37groh37groh3-1-1.png 1280w, https:\/\/www.correiobraziliense.com.br\/cbradar\/wp-content\/uploads\/2026\/03\/Gemini_Generated_Image_roh37groh37groh3-1-1-300x169.png 300w, https:\/\/www.correiobraziliense.com.br\/cbradar\/wp-content\/uploads\/2026\/03\/Gemini_Generated_Image_roh37groh37groh3-1-1-768x432.png 768w, https:\/\/www.correiobraziliense.com.br\/cbradar\/wp-content\/uploads\/2026\/03\/Gemini_Generated_Image_roh37groh37groh3-1-1-750x422.png 750w, https:\/\/www.correiobraziliense.com.br\/cbradar\/wp-content\/uploads\/2026\/03\/Gemini_Generated_Image_roh37groh37groh3-1-1-1140x641.png 1140w\" sizes=\"(max-width: 1280px) 100vw, 1280px\" \/><figcaption class=\"wp-element-caption\">Bebidas naturais podem ajudar a apoiar a sa\u00fade do f\u00edgado e melhorar a hidrata\u00e7\u00e3o<\/figcaption><\/figure>\n\n\n\n<h2 class=\"wp-block-heading\">Quais s\u00e3o as propriedades do ch\u00e1 verde para o bem-estar hep\u00e1tico?<\/h2>\n\n\n\n<p>O ch\u00e1 verde \u00e9 amplamente reconhecido pela alta concentra\u00e7\u00e3o de catequinas, subst\u00e2ncias que ajudam a reduzir a gordura acumulada no f\u00edgado de forma eficiente. Beber essa infus\u00e3o regularmente melhora a fun\u00e7\u00e3o hep\u00e1tica e protege contra inflama\u00e7\u00f5es causadas pelo estresse oxidativo di\u00e1rio. Essa bebida natural \u00e9 um <strong>suporte valioso<\/strong> para manter a vitalidade e a energia corporal.<\/p>\n\n\n\n<p>Estudos sugerem que o consumo moderado pode prevenir o desenvolvimento de condi\u00e7\u00f5es severas que afetam o desempenho metab\u00f3lico do sistema digestivo ao longo dos anos. A hidrata\u00e7\u00e3o fornecida pelo ch\u00e1 verde, aliada aos seus compostos bioativos, cria uma barreira protetora para o seu organismo. Manter o equil\u00edbrio \u00e9 a chave para colher todos os benef\u00edcios dessa bebida milenar.<\/p>\n\n\n\n<h2 class=\"wp-block-heading\">Como o suco de beterraba pode purificar o seu organismo?<\/h2>\n\n\n\n<p>O suco de beterraba cont\u00e9m betala\u00ednas, que s\u00e3o pigmentos naturais com propriedades anti-inflamat\u00f3rias poderosas para o suporte da sa\u00fade do f\u00edgado e do sangue. Essa bebida aumenta a produ\u00e7\u00e3o de enzimas que protegem os hepat\u00f3citos contra danos qu\u00edmicos externos e facilitam a filtragem sangu\u00ednea di\u00e1ria. Incorporar esse suco na rotina nutricional promove uma <strong>melhora vis\u00edvel<\/strong> na sua disposi\u00e7\u00e3o.<\/p>\n\n\n\n<p>Para que voc\u00ea possa escolher a melhor forma de preparar essas bebidas e aproveitar cada nutriente essencial para o bom funcionamento do seu metabolismo de maneira pr\u00e1tica e eficiente, considere adotar os seguintes crit\u00e9rios fundamentais para garantir que sua hidrata\u00e7\u00e3o di\u00e1ria seja realmente transformadora e traga resultados positivos duradouros para sua sa\u00fade interna:<\/p>\n\n\n\n<ul class=\"wp-block-list\">\n<li>\u00c1gua mineral em temperatura ambiente.<\/li>\n\n\n\n<li>Lim\u00e3o espremido na hora do consumo.<\/li>\n\n\n\n<li>Infus\u00e3o de ch\u00e1 verde sem a\u00e7\u00facar.<\/li>\n\n\n\n<li>Beterraba fresca batida com \u00e1gua pura.<\/li>\n\n\n\n<li>Consumo regular ao longo de todo dia.<\/li>\n<\/ul>\n\n\n\n<h2 class=\"wp-block-heading\">Existe alguma restri\u00e7\u00e3o para o consumo dessas bebidas naturais?<\/h2>\n\n\n\n<p>Embora sejam naturais, algumas bebidas como o ch\u00e1 verde cont\u00eam cafe\u00edna, o que pode n\u00e3o ser recomendado para pessoas com alta sensibilidade nervosa. \u00c9 importante observar como o seu corpo reage a cada novo l\u00edquido introduzido na sua dieta alimentar cotidiana. O <strong>equil\u00edbrio e a modera\u00e7\u00e3o<\/strong> s\u00e3o fundamentais para garantir que os benef\u00edcios superem qualquer risco potencial.<\/p>\n\n\n\n<p>Pessoas com condi\u00e7\u00f5es m\u00e9dicas espec\u00edficas devem sempre procurar orienta\u00e7\u00e3o profissional antes de realizar mudan\u00e7as dr\u00e1sticas no consumo de sucos concentrados ou ch\u00e1s medicinais fortes. Cada organismo possui necessidades \u00fanicas que devem ser respeitadas para evitar desconfortos digestivos ou intera\u00e7\u00f5es medicamentosas indesejadas. A seguran\u00e7a alimentar deve ser sua prioridade m\u00e1xima ao buscar uma vida mais leve e saud\u00e1vel.<\/p>\n\n\n\n<p>No v\u00eddeo abaixo do TikTok<strong><em> Formasaude.agora<\/em><\/strong>, que conta com mais de <em><strong>783 mil<\/strong><\/em> de seguidores, ele ensina o melhor suco detox para a sa\u00fade:<\/p>\n\n\n\n<blockquote class=\"tiktok-embed\" cite=\"https:\/\/www.tiktok.com\/@formasaude.agora\/video\/7319524499903253765\" data-video-id=\"7319524499903253765\" style=\"max-width: 605px;min-width: 325px;\" > <section> <a target=\"_blank\" title=\"@formasaude.agora\" href=\"https:\/\/www.tiktok.com\/@formasaude.agora?refer=embed\">@formasaude.agora<\/a> Esse suco \u00e9 um potente detox para o corpo!  \ud83d\udde3\ufe0f Dr. Dayan Siebra no \ud83c\udf99\ufe0f Caf\u00e9 Da Tarde! <a title=\"saude\" target=\"_blank\" href=\"https:\/\/www.tiktok.com\/tag\/saude?refer=embed\">#saude<\/a> <a title=\"saudavel\" target=\"_blank\" href=\"https:\/\/www.tiktok.com\/tag\/saudavel?refer=embed\">#saudavel<\/a> <a title=\"alimentacaosaudavel\" target=\"_blank\" href=\"https:\/\/www.tiktok.com\/tag\/alimentacaosaudavel?refer=embed\">#alimentacaosaudavel<\/a> <a title=\"dayansiebra\" target=\"_blank\" href=\"https:\/\/www.tiktok.com\/tag\/dayansiebra?refer=embed\">#dayansiebra<\/a> <a title=\"detox\" target=\"_blank\" href=\"https:\/\/www.tiktok.com\/tag\/detox?refer=embed\">#detox<\/a> <a title=\"sucodetox\" target=\"_blank\" href=\"https:\/\/www.tiktok.com\/tag\/sucodetox?refer=embed\">#sucodetox<\/a> <a target=\"_blank\" title=\"\u266c Mysterious and sad BGM(1120058) - S and N\" href=\"https:\/\/www.tiktok.com\/music\/Mysterious-and-sad-BGM-1120058-7021220308539410434?refer=embed\">\u266c Mysterious and sad BGM(1120058) &#8211; S and N<\/a> <\/section> <\/blockquote> <script async src=\"https:\/\/www.tiktok.com\/embed.js\"><\/script>\n\n\n\n<p>Leia tamb\u00e9m: <a href=\"https:\/\/www.correiobraziliense.com.br\/cbradar\/por-que-o-alho-e-considerado-um-dos-alimentos-mais-poderosos-para-a-saude\/\" target=\"_blank\" rel=\"noreferrer noopener\">Por que o alho \u00e9 considerado um dos alimentos mais poderosos para a sa\u00fade<\/a><\/p>\n\n\n\n<h2 class=\"wp-block-heading\">O que as grandes entidades dizem sobre a sa\u00fade hep\u00e1tica?<\/h2>\n\n\n\n<p>Manter o f\u00edgado saud\u00e1vel \u00e9 uma das <strong>melhores estrat\u00e9gias<\/strong> para prevenir doen\u00e7as metab\u00f3licas cr\u00f4nicas que afetam milh\u00f5es de brasileiros todos os anos de forma silenciosa. A hidrata\u00e7\u00e3o correta aliada a uma alimenta\u00e7\u00e3o rica em antioxidantes naturais forma a base para um envelhecimento ativo e livre de complica\u00e7\u00f5es. Adotar h\u00e1bitos preventivos hoje garante uma longevidade f\u00edsica e mental extraordin\u00e1ria.<\/p>\n\n\n\n<p>A <strong>Johns Hopkins Medicine<\/strong> refor\u00e7a que o consumo equilibrado de l\u00edquidos e uma dieta balanceada s\u00e3o pilares essenciais para evitar o ac\u00famulo de gordura no f\u00edgado. Seguir orienta\u00e7\u00f5es de institui\u00e7\u00f5es renomadas ajuda a manter seu metabolismo funcionando perfeitamente bem. Para entender mais sobre o funcionamento desse \u00f3rg\u00e3o vital, acesse o guia oficial da <a target=\"_blank\" rel=\"noreferrer noopener\" href=\"https:\/\/www.hopkinsmedicine.org\/health\/conditions-and-diseases\/liver-health\">Johns Hopkins Medicine<\/a> e cuide melhor da sua sa\u00fade.<\/p>\n","protected":false},"excerpt":{"rendered":"<p>Manter o corpo bem hidratado \u00e9 fundamental para garantir que o f\u00edgado consiga processar toxinas com m\u00e1xima efici\u00eancia todos os dias. Algumas bebidas naturais oferecem benef\u00edcios espec\u00edficos que v\u00e3o al\u00e9m da hidrata\u00e7\u00e3o b\u00e1sica, fornecendo antioxidantes poderosos para o organismo. Entender quais l\u00edquidos priorizar ajuda a manter a sa\u00fade hep\u00e1tica e f\u00edsica sempre protegida. Por que [&hellip;]<\/p>\n","protected":false},"author":21,"featured_media":205553,"comment_status":"open","ping_status":"open","sticky":false,"template":"","format":"standard","meta":{"_yoast_wpseo_focuskw":"bebidas que ajudam o f\u00edgado","_yoast_wpseo_title":"","_yoast_wpseo_metadesc":"Algumas bebidas naturais ajudam a apoiar a sa\u00fade do f\u00edgado e melhorar a hidrata\u00e7\u00e3o com antioxidantes e nutrientes essenciais","jnews-multi-image_gallery":[],"jnews_single_post":{"format":"standard"},"jnews_primary_category":[],"jnews_social_meta":[],"jnews_override_counter":[],"footnotes":""},"categories":[119],"tags":[5839,4167,4885,1318],"class_list":["post-205537","post","type-post","status-publish","format-standard","has-post-thumbnail","hentry","category-bem-estar","tag-bebidas","tag-figado","tag-natural","tag-saude-2"],"yoast_head":"<!-- This site is optimized with the Yoast SEO plugin v24.6 - https:\/\/yoast.com\/wordpress\/plugins\/seo\/ -->\n<title>As tr\u00eas bebidas naturais que ajudam a hidratar o corpo e apoiar a sa\u00fade do f\u00edgado - Correio Braziliense - Radar<\/title>\n<meta name=\"description\" content=\"Algumas bebidas naturais ajudam a apoiar a sa\u00fade do f\u00edgado e melhorar a hidrata\u00e7\u00e3o com antioxidantes e nutrientes essenciais\" \/>\n<meta name=\"robots\" content=\"index, follow, max-snippet:-1, max-image-preview:large, max-video-preview:-1\" \/>\n<link rel=\"canonical\" href=\"https:\/\/www.correiobraziliense.com.br\/cbradar\/as-tres-bebidas-naturais-que-ajudam-a-hidratar-o-corpo-e-apoiar-a-saude-do-figado\/\" \/>\n<meta property=\"og:locale\" content=\"pt_BR\" \/>\n<meta property=\"og:type\" content=\"article\" \/>\n<meta property=\"og:title\" content=\"As tr\u00eas bebidas naturais que ajudam a hidratar o corpo e apoiar a sa\u00fade do f\u00edgado - Correio Braziliense - Radar\" \/>\n<meta property=\"og:description\" content=\"Algumas bebidas naturais ajudam a apoiar a sa\u00fade do f\u00edgado e melhorar a hidrata\u00e7\u00e3o com antioxidantes e nutrientes essenciais\" \/>\n<meta property=\"og:url\" content=\"https:\/\/www.correiobraziliense.com.br\/cbradar\/as-tres-bebidas-naturais-que-ajudam-a-hidratar-o-corpo-e-apoiar-a-saude-do-figado\/\" \/>\n<meta property=\"og:site_name\" content=\"Correio Braziliense - Radar\" \/>\n<meta property=\"article:published_time\" content=\"2026-03-10T21:35:00+00:00\" \/>\n<meta property=\"og:image\" content=\"https:\/\/www.correiobraziliense.com.br\/cbradar\/wp-content\/uploads\/2026\/03\/Gemini_Generated_Image_t1ixvnt1ixvnt1ix-1-1.png\" \/>\n\t<meta property=\"og:image:width\" content=\"1280\" \/>\n\t<meta property=\"og:image:height\" content=\"720\" \/>\n\t<meta property=\"og:image:type\" content=\"image\/png\" \/>\n<meta name=\"author\" content=\"Patrick Silva\" \/>\n<meta name=\"twitter:card\" content=\"summary_large_image\" \/>\n<meta name=\"twitter:label1\" content=\"Escrito por\" \/>\n\t<meta name=\"twitter:data1\" content=\"Patrick Silva\" \/>\n\t<meta name=\"twitter:label2\" content=\"Est. tempo de leitura\" \/>\n\t<meta name=\"twitter:data2\" content=\"5 minutos\" \/>\n<!-- \/ Yoast SEO plugin. -->","yoast_head_json":{"title":"As tr\u00eas bebidas naturais que ajudam a hidratar o corpo e apoiar a sa\u00fade do f\u00edgado - Correio Braziliense - Radar","description":"Algumas bebidas naturais ajudam a apoiar a sa\u00fade do f\u00edgado e melhorar a hidrata\u00e7\u00e3o com antioxidantes e nutrientes essenciais","robots":{"index":"index","follow":"follow","max-snippet":"max-snippet:-1","max-image-preview":"max-image-preview:large","max-video-preview":"max-video-preview:-1"},"canonical":"https:\/\/www.correiobraziliense.com.br\/cbradar\/as-tres-bebidas-naturais-que-ajudam-a-hidratar-o-corpo-e-apoiar-a-saude-do-figado\/","og_locale":"pt_BR","og_type":"article","og_title":"As tr\u00eas bebidas naturais que ajudam a hidratar o corpo e apoiar a sa\u00fade do f\u00edgado - Correio Braziliense - Radar","og_description":"Algumas bebidas naturais ajudam a apoiar a sa\u00fade do f\u00edgado e melhorar a hidrata\u00e7\u00e3o com antioxidantes e nutrientes essenciais","og_url":"https:\/\/www.correiobraziliense.com.br\/cbradar\/as-tres-bebidas-naturais-que-ajudam-a-hidratar-o-corpo-e-apoiar-a-saude-do-figado\/","og_site_name":"Correio Braziliense - Radar","article_published_time":"2026-03-10T21:35:00+00:00","og_image":[{"width":1280,"height":720,"url":"https:\/\/www.correiobraziliense.com.br\/cbradar\/wp-content\/uploads\/2026\/03\/Gemini_Generated_Image_t1ixvnt1ixvnt1ix-1-1.png","type":"image\/png"}],"author":"Patrick Silva","twitter_card":"summary_large_image","twitter_misc":{"Escrito por":"Patrick Silva","Est. tempo de leitura":"5 minutos"},"schema":{"@context":"https:\/\/schema.org","@graph":[{"@type":"WebPage","@id":"https:\/\/www.correiobraziliense.com.br\/cbradar\/as-tres-bebidas-naturais-que-ajudam-a-hidratar-o-corpo-e-apoiar-a-saude-do-figado\/","url":"https:\/\/www.correiobraziliense.com.br\/cbradar\/as-tres-bebidas-naturais-que-ajudam-a-hidratar-o-corpo-e-apoiar-a-saude-do-figado\/","name":"As tr\u00eas bebidas naturais que ajudam a hidratar o corpo e apoiar a sa\u00fade do f\u00edgado - Correio Braziliense - Radar","isPartOf":{"@id":"https:\/\/www.correiobraziliense.com.br\/cbradar\/#website"},"primaryImageOfPage":{"@id":"https:\/\/www.correiobraziliense.com.br\/cbradar\/as-tres-bebidas-naturais-que-ajudam-a-hidratar-o-corpo-e-apoiar-a-saude-do-figado\/#primaryimage"},"image":{"@id":"https:\/\/www.correiobraziliense.com.br\/cbradar\/as-tres-bebidas-naturais-que-ajudam-a-hidratar-o-corpo-e-apoiar-a-saude-do-figado\/#primaryimage"},"thumbnailUrl":"https:\/\/www.correiobraziliense.com.br\/cbradar\/wp-content\/uploads\/2026\/03\/Gemini_Generated_Image_t1ixvnt1ixvnt1ix-1-1.png","datePublished":"2026-03-10T21:35:00+00:00","author":{"@id":"https:\/\/www.correiobraziliense.com.br\/cbradar\/#\/schema\/person\/5440b72be9c7eb74f446c846479dc4da"},"description":"Algumas bebidas naturais ajudam a apoiar a sa\u00fade do f\u00edgado e melhorar a hidrata\u00e7\u00e3o com antioxidantes e nutrientes essenciais","breadcrumb":{"@id":"https:\/\/www.correiobraziliense.com.br\/cbradar\/as-tres-bebidas-naturais-que-ajudam-a-hidratar-o-corpo-e-apoiar-a-saude-do-figado\/#breadcrumb"},"inLanguage":"pt-BR","potentialAction":[{"@type":"ReadAction","target":["https:\/\/www.correiobraziliense.com.br\/cbradar\/as-tres-bebidas-naturais-que-ajudam-a-hidratar-o-corpo-e-apoiar-a-saude-do-figado\/"]}]},{"@type":"ImageObject","inLanguage":"pt-BR","@id":"https:\/\/www.correiobraziliense.com.br\/cbradar\/as-tres-bebidas-naturais-que-ajudam-a-hidratar-o-corpo-e-apoiar-a-saude-do-figado\/#primaryimage","url":"https:\/\/www.correiobraziliense.com.br\/cbradar\/wp-content\/uploads\/2026\/03\/Gemini_Generated_Image_t1ixvnt1ixvnt1ix-1-1.png","contentUrl":"https:\/\/www.correiobraziliense.com.br\/cbradar\/wp-content\/uploads\/2026\/03\/Gemini_Generated_Image_t1ixvnt1ixvnt1ix-1-1.png","width":1280,"height":720,"caption":"Bebidas naturais podem ajudar a apoiar a sa\u00fade do f\u00edgado e melhorar a hidrata\u00e7\u00e3o"},{"@type":"BreadcrumbList","@id":"https:\/\/www.correiobraziliense.com.br\/cbradar\/as-tres-bebidas-naturais-que-ajudam-a-hidratar-o-corpo-e-apoiar-a-saude-do-figado\/#breadcrumb","itemListElement":[{"@type":"ListItem","position":1,"name":"In\u00edcio","item":"https:\/\/www.correiobraziliense.com.br\/cbradar\/"},{"@type":"ListItem","position":2,"name":"As tr\u00eas bebidas naturais que ajudam a hidratar o corpo e apoiar a sa\u00fade do f\u00edgado"}]},{"@type":"WebSite","@id":"https:\/\/www.correiobraziliense.com.br\/cbradar\/#website","url":"https:\/\/www.correiobraziliense.com.br\/cbradar\/","name":"Correio Braziliense - Radar","description":"Acompanhe as \u00faltimas not\u00edcias e fique bem informado sobre tudo o que acontece no Brasil e no mundo.","potentialAction":[{"@type":"SearchAction","target":{"@type":"EntryPoint","urlTemplate":"https:\/\/www.correiobraziliense.com.br\/cbradar\/?s={search_term_string}"},"query-input":{"@type":"PropertyValueSpecification","valueRequired":true,"valueName":"search_term_string"}}],"inLanguage":"pt-BR"},{"@type":"Person","@id":"https:\/\/www.correiobraziliense.com.br\/cbradar\/#\/schema\/person\/5440b72be9c7eb74f446c846479dc4da","name":"Patrick Silva","image":{"@type":"ImageObject","inLanguage":"pt-BR","@id":"https:\/\/www.correiobraziliense.com.br\/cbradar\/#\/schema\/person\/image\/","url":"https:\/\/secure.gravatar.com\/avatar\/944109df296fc087785c9715fd5f80b2?s=96&d=mm&r=g","contentUrl":"https:\/\/secure.gravatar.com\/avatar\/944109df296fc087785c9715fd5f80b2?s=96&d=mm&r=g","caption":"Patrick Silva"},"sameAs":["https:\/\/www.correiobraziliense.com.br\/cbradar\/"],"url":"https:\/\/www.correiobraziliense.com.br\/cbradar\/author\/patrick-silva\/"}]}},"_links":{"self":[{"href":"https:\/\/www.correiobraziliense.com.br\/cbradar\/wp-json\/wp\/v2\/posts\/205537","targetHints":{"allow":["GET"]}}],"collection":[{"href":"https:\/\/www.correiobraziliense.com.br\/cbradar\/wp-json\/wp\/v2\/posts"}],"about":[{"href":"https:\/\/www.correiobraziliense.com.br\/cbradar\/wp-json\/wp\/v2\/types\/post"}],"author":[{"embeddable":true,"href":"https:\/\/www.correiobraziliense.com.br\/cbradar\/wp-json\/wp\/v2\/users\/21"}],"replies":[{"embeddable":true,"href":"https:\/\/www.correiobraziliense.com.br\/cbradar\/wp-json\/wp\/v2\/comments?post=205537"}],"version-history":[{"count":1,"href":"https:\/\/www.correiobraziliense.com.br\/cbradar\/wp-json\/wp\/v2\/posts\/205537\/revisions"}],"predecessor-version":[{"id":205557,"href":"https:\/\/www.correiobraziliense.com.br\/cbradar\/wp-json\/wp\/v2\/posts\/205537\/revisions\/205557"}],"wp:featuredmedia":[{"embeddable":true,"href":"https:\/\/www.correiobraziliense.com.br\/cbradar\/wp-json\/wp\/v2\/media\/205553"}],"wp:attachment":[{"href":"https:\/\/www.correiobraziliense.com.br\/cbradar\/wp-json\/wp\/v2\/media?parent=205537"}],"wp:term":[{"taxonomy":"category","embeddable":true,"href":"https:\/\/www.correiobraziliense.com.br\/cbradar\/wp-json\/wp\/v2\/categories?post=205537"},{"taxonomy":"post_tag","embeddable":true,"href":"https:\/\/www.correiobraziliense.com.br\/cbradar\/wp-json\/wp\/v2\/tags?post=205537"}],"curies":[{"name":"wp","href":"https:\/\/api.w.org\/{rel}","templated":true}]}}