{"id":205542,"date":"2026-03-10T20:15:00","date_gmt":"2026-03-10T23:15:00","guid":{"rendered":"https:\/\/www.correiobraziliense.com.br\/cbradar\/?p=205542"},"modified":"2026-03-09T12:25:17","modified_gmt":"2026-03-09T15:25:17","slug":"qual-e-a-quantidade-ideal-de-pao-no-cafe-da-manha-para-manter-uma-dieta-equilibrada","status":"publish","type":"post","link":"https:\/\/www.correiobraziliense.com.br\/cbradar\/qual-e-a-quantidade-ideal-de-pao-no-cafe-da-manha-para-manter-uma-dieta-equilibrada\/","title":{"rendered":"Qual \u00e9 a quantidade ideal de p\u00e3o no caf\u00e9 da manh\u00e3 para manter uma dieta equilibrada"},"content":{"rendered":"\n<p>Consumir p\u00e3o no caf\u00e9 da manh\u00e3 \u00e9 uma tradi\u00e7\u00e3o brasileira que pode perfeitamente fazer parte de uma rotina alimentar saud\u00e1vel e muito bem equilibrada. O segredo para n\u00e3o prejudicar a dieta reside no controle das por\u00e7\u00f5es e na escolha correta dos acompanhamentos. Aprender a dosar esse carboidrato garante energia constante e saciedade por mais tempo.<\/p>\n\n\n\n<h2 class=\"wp-block-heading\">Como saber se voc\u00ea est\u00e1 exagerando na primeira refei\u00e7\u00e3o?<\/h2>\n\n\n\n<p>Identificar a quantidade correta depende muito do seu n\u00edvel de atividade f\u00edsica di\u00e1ria e das metas cal\u00f3ricas estabelecidas. Especialistas sugerem que uma ou duas fatias de p\u00e3o integral costumam ser suficientes para fornecer o combust\u00edvel inicial necess\u00e1rio sem causar picos glic\u00eamicos indesejados hoje.<\/p>\n\n\n\n<p>Muitas pessoas cometem o erro de consumir grandes quantidades de p\u00e3o branco refinado, o que pode levar ao ganho de peso. Substituir por vers\u00f5es multigr\u00e3os aumenta a ingest\u00e3o de fibras, promovendo uma digest\u00e3o mais lenta e mantendo o foco mental durante a manh\u00e3 toda.<\/p>\n\n\n\n<figure class=\"wp-block-image size-full\"><img decoding=\"async\" width=\"1280\" height=\"720\" src=\"https:\/\/www.correiobraziliense.com.br\/cbradar\/wp-content\/uploads\/2026\/03\/Gemini_Generated_Image_xz6xh4xz6xh4xz6x-1-1.png\" alt=\"Qual \u00e9 a quantidade ideal de p\u00e3o no caf\u00e9 da manh\u00e3 para manter uma dieta equilibrada\" class=\"wp-image-205560\" srcset=\"https:\/\/www.correiobraziliense.com.br\/cbradar\/wp-content\/uploads\/2026\/03\/Gemini_Generated_Image_xz6xh4xz6xh4xz6x-1-1.png 1280w, https:\/\/www.correiobraziliense.com.br\/cbradar\/wp-content\/uploads\/2026\/03\/Gemini_Generated_Image_xz6xh4xz6xh4xz6x-1-1-300x169.png 300w, https:\/\/www.correiobraziliense.com.br\/cbradar\/wp-content\/uploads\/2026\/03\/Gemini_Generated_Image_xz6xh4xz6xh4xz6x-1-1-768x432.png 768w, https:\/\/www.correiobraziliense.com.br\/cbradar\/wp-content\/uploads\/2026\/03\/Gemini_Generated_Image_xz6xh4xz6xh4xz6x-1-1-750x422.png 750w, https:\/\/www.correiobraziliense.com.br\/cbradar\/wp-content\/uploads\/2026\/03\/Gemini_Generated_Image_xz6xh4xz6xh4xz6x-1-1-1140x641.png 1140w\" sizes=\"(max-width: 1280px) 100vw, 1280px\" \/><figcaption class=\"wp-element-caption\">Consumir p\u00e3o no caf\u00e9 da manh\u00e3 pode ser saud\u00e1vel com por\u00e7\u00f5es equilibradas<\/figcaption><\/figure>\n\n\n\n<h2 class=\"wp-block-heading\">Qual o papel dos acompanhamentos na constru\u00e7\u00e3o do prato?<\/h2>\n\n\n\n<p>O p\u00e3o raramente \u00e9 o \u00fanico vil\u00e3o da dieta, pois o problema real costuma estar no excesso de gorduras saturadas. Evitar o uso exagerado de margarinas ou geleias a\u00e7ucaradas ajuda a manter a contagem de calorias dentro de um limite aceit\u00e1vel e muito saud\u00e1vel.<\/p>\n\n\n\n<p>Adicionar prote\u00ednas magras, como ovos ou queijos brancos, transforma o simples p\u00e3o em uma refei\u00e7\u00e3o completa e nutritiva. Essa combina\u00e7\u00e3o reduz a velocidade de absor\u00e7\u00e3o dos carboidratos, garantindo que voc\u00ea se sinta satisfeito at\u00e9 a hora do almo\u00e7o com muita facilidade e disposi\u00e7\u00e3o.<\/p>\n\n\n\n<h2 class=\"wp-block-heading\">Quais s\u00e3o as melhores escolhas para diversificar o card\u00e1pio?<\/h2>\n\n\n\n<p>Variar os tipos de p\u00e3es \u00e9 fundamental para evitar a monotonia alimentar e garantir diferentes nutrientes para o organismo. Priorizar ingredientes naturais e fermenta\u00e7\u00e3o lenta contribui para uma melhor sa\u00fade intestinal, reduzindo a sensa\u00e7\u00e3o de incha\u00e7o ap\u00f3s o consumo desses alimentos t\u00e3o populares e saborosos.<\/p>\n\n\n\n<p>Para que sua refei\u00e7\u00e3o seja equilibrada e ofere\u00e7a todos os benef\u00edcios nutricionais esperados, considere priorizar estas op\u00e7\u00f5es de consumo:<\/p>\n\n\n\n<ul class=\"wp-block-list\">\n<li>P\u00e3o integral com sementes.<\/li>\n\n\n\n<li>P\u00e3o de centeio artesanal.<\/li>\n\n\n\n<li>Vers\u00e3o de fermenta\u00e7\u00e3o natural.<\/li>\n\n\n\n<li>P\u00e3o de aveia caseiro.<\/li>\n\n\n\n<li>Torradas de gr\u00e3os inteiros.<\/li>\n<\/ul>\n\n\n\n<h2 class=\"wp-block-heading\">Ser\u00e1 que o p\u00e3o franc\u00eas deve ser totalmente exclu\u00eddo?<\/h2>\n\n\n\n<p>N\u00e3o existe a necessidade de eliminar completamente o p\u00e3o franc\u00eas se voc\u00ea souber ajustar o restante do dia. O equil\u00edbrio nutricional permite pequenos prazeres, desde que a base da alimenta\u00e7\u00e3o seja composta por frutas, vegetais e fontes de gorduras boas e muito naturais.<\/p>\n\n\n\n<p>Retirar o miolo do p\u00e3o \u00e9 uma t\u00e9cnica simples para reduzir a densidade cal\u00f3rica sem perder o sabor caracter\u00edstico. Essa pequena mudan\u00e7a permite que voc\u00ea aproveite a refei\u00e7\u00e3o com menos culpa, mantendo a disciplina necess\u00e1ria para atingir seus objetivos de sa\u00fade pessoal hoje.<\/p>\n\n\n\n<p>No v\u00eddeo abaixo do TikTok<strong><em> Nutrijoao<\/em><\/strong>, que conta com mais de <em><strong>2.7 mil<\/strong><\/em><strong><em>h\u00f5es <\/em><\/strong>de seguidores, ele explica sobre a quantidade ideal de p\u00e3o no caf\u00e9 da manh\u00e3:<\/p>\n\n\n\n<blockquote class=\"tiktok-embed\" cite=\"https:\/\/www.tiktok.com\/@nutrijoao\/video\/7264688276181748998\" data-video-id=\"7264688276181748998\" style=\"max-width: 605px;min-width: 325px;\" > <section> <a target=\"_blank\" title=\"@nutrijoao\" href=\"https:\/\/www.tiktok.com\/@nutrijoao?refer=embed\">@nutrijoao<\/a> <a title=\"dieta\" target=\"_blank\" href=\"https:\/\/www.tiktok.com\/tag\/dieta?refer=embed\">#dieta<\/a> <a title=\"nutricao\" target=\"_blank\" href=\"https:\/\/www.tiktok.com\/tag\/nutricao?refer=embed\">#nutricao<\/a> <a title=\"emagrecimento\" target=\"_blank\" href=\"https:\/\/www.tiktok.com\/tag\/emagrecimento?refer=embed\">#emagrecimento<\/a> <a title=\"joaomuzzy\" target=\"_blank\" href=\"https:\/\/www.tiktok.com\/tag\/joaomuzzy?refer=embed\">#joaomuzzy<\/a> <a title=\"paocomovo\" target=\"_blank\" href=\"https:\/\/www.tiktok.com\/tag\/paocomovo?refer=embed\">#paocomovo<\/a> <a target=\"_blank\" title=\"\u266c som original - Nutri Jo\u00e3o Muzzy\" href=\"https:\/\/www.tiktok.com\/music\/som-original-7264688288702663429?refer=embed\">\u266c som original &#8211; Nutri Jo\u00e3o Muzzy<\/a> <\/section> <\/blockquote> <script async src=\"https:\/\/www.tiktok.com\/embed.js\"><\/script>\n\n\n\n<p>Leia tamb\u00e9m: <a href=\"https:\/\/www.correiobraziliense.com.br\/cbradar\/por-que-o-alho-e-considerado-um-dos-alimentos-mais-poderosos-para-a-saude\/\" target=\"_blank\" rel=\"noreferrer noopener\">Por que o alho \u00e9 considerado um dos alimentos mais poderosos para a sa\u00fade<\/a><\/p>\n\n\n\n<h2 class=\"wp-block-heading\">O que a ci\u00eancia diz sobre os carboidratos complexos?<\/h2>\n\n\n\n<p>Estudos indicam que carboidratos integrais s\u00e3o essenciais para proteger o cora\u00e7\u00e3o e controlar os n\u00edveis de a\u00e7\u00facar no sangue. Optar por esses alimentos reduz o risco de inflama\u00e7\u00f5es sist\u00eamicas, sendo uma escolha inteligente para quem busca longevidade e qualidade de vida constante agora.<\/p>\n\n\n\n<p>A <strong>Harvard Health Publishing<\/strong> recomenda que metade dos gr\u00e3os consumidos diariamente sejam integrais para garantir os benef\u00edcios das fibras. Acesse as diretrizes completas no portal oficial da <a href=\"https:\/\/www.health.harvard.edu\/staying-healthy\/how-important-are-whole-grains-in-my-diet\" target=\"_blank\" rel=\"noreferrer noopener\">Harvard University<\/a> para entender como estruturar suas refei\u00e7\u00f5es de forma cient\u00edfica, segura e muito nutritiva sempre.<\/p>\n","protected":false},"excerpt":{"rendered":"<p>Consumir p\u00e3o no caf\u00e9 da manh\u00e3 \u00e9 uma tradi\u00e7\u00e3o brasileira que pode perfeitamente fazer parte de uma rotina alimentar saud\u00e1vel e muito bem equilibrada. O segredo para n\u00e3o prejudicar a dieta reside no controle das por\u00e7\u00f5es e na escolha correta dos acompanhamentos. Aprender a dosar esse carboidrato garante energia constante e saciedade por mais tempo. [&hellip;]<\/p>\n","protected":false},"author":21,"featured_media":205558,"comment_status":"open","ping_status":"open","sticky":false,"template":"","format":"standard","meta":{"_yoast_wpseo_focuskw":"p\u00e3o no caf\u00e9 da manh\u00e3","_yoast_wpseo_title":"","_yoast_wpseo_metadesc":"Consumir p\u00e3o no caf\u00e9 da manh\u00e3 pode fazer parte de uma dieta equilibrada quando h\u00e1 controle de por\u00e7\u00f5es e escolhas inteligentes","jnews-multi-image_gallery":[],"jnews_single_post":{"format":"standard"},"jnews_primary_category":[],"jnews_social_meta":[],"jnews_override_counter":[],"footnotes":""},"categories":[119],"tags":[281,4319,1488,4185],"class_list":["post-205542","post","type-post","status-publish","format-standard","has-post-thumbnail","hentry","category-bem-estar","tag-alimentacao","tag-cafe-da-manha","tag-dieta","tag-pao"],"yoast_head":"<!-- This site is optimized with the Yoast SEO plugin v24.6 - https:\/\/yoast.com\/wordpress\/plugins\/seo\/ -->\n<title>Qual \u00e9 a quantidade ideal de p\u00e3o no caf\u00e9 da manh\u00e3 para manter uma dieta equilibrada - Correio Braziliense - Radar<\/title>\n<meta name=\"description\" content=\"Consumir p\u00e3o no caf\u00e9 da manh\u00e3 pode fazer parte de uma dieta equilibrada quando h\u00e1 controle de por\u00e7\u00f5es e escolhas inteligentes\" \/>\n<meta name=\"robots\" content=\"index, follow, max-snippet:-1, max-image-preview:large, max-video-preview:-1\" \/>\n<link rel=\"canonical\" href=\"https:\/\/www.correiobraziliense.com.br\/cbradar\/qual-e-a-quantidade-ideal-de-pao-no-cafe-da-manha-para-manter-uma-dieta-equilibrada\/\" \/>\n<meta property=\"og:locale\" content=\"pt_BR\" \/>\n<meta property=\"og:type\" content=\"article\" \/>\n<meta property=\"og:title\" content=\"Qual \u00e9 a quantidade ideal de p\u00e3o no caf\u00e9 da manh\u00e3 para manter uma dieta equilibrada - Correio Braziliense - Radar\" \/>\n<meta property=\"og:description\" content=\"Consumir p\u00e3o no caf\u00e9 da manh\u00e3 pode fazer parte de uma dieta equilibrada quando h\u00e1 controle de por\u00e7\u00f5es e escolhas inteligentes\" \/>\n<meta property=\"og:url\" content=\"https:\/\/www.correiobraziliense.com.br\/cbradar\/qual-e-a-quantidade-ideal-de-pao-no-cafe-da-manha-para-manter-uma-dieta-equilibrada\/\" \/>\n<meta property=\"og:site_name\" content=\"Correio Braziliense - Radar\" \/>\n<meta property=\"article:published_time\" content=\"2026-03-10T23:15:00+00:00\" \/>\n<meta property=\"og:image\" content=\"https:\/\/www.correiobraziliense.com.br\/cbradar\/wp-content\/uploads\/2026\/03\/Gemini_Generated_Image_wuvj7awuvj7awuvj-1-1.png\" \/>\n\t<meta property=\"og:image:width\" content=\"1280\" \/>\n\t<meta property=\"og:image:height\" content=\"720\" \/>\n\t<meta property=\"og:image:type\" content=\"image\/png\" \/>\n<meta name=\"author\" content=\"Patrick Silva\" \/>\n<meta name=\"twitter:card\" content=\"summary_large_image\" \/>\n<meta name=\"twitter:label1\" content=\"Escrito por\" \/>\n\t<meta name=\"twitter:data1\" content=\"Patrick Silva\" \/>\n\t<meta name=\"twitter:label2\" content=\"Est. tempo de leitura\" \/>\n\t<meta name=\"twitter:data2\" content=\"4 minutos\" \/>\n<!-- \/ Yoast SEO plugin. -->","yoast_head_json":{"title":"Qual \u00e9 a quantidade ideal de p\u00e3o no caf\u00e9 da manh\u00e3 para manter uma dieta equilibrada - Correio Braziliense - Radar","description":"Consumir p\u00e3o no caf\u00e9 da manh\u00e3 pode fazer parte de uma dieta equilibrada quando h\u00e1 controle de por\u00e7\u00f5es e escolhas inteligentes","robots":{"index":"index","follow":"follow","max-snippet":"max-snippet:-1","max-image-preview":"max-image-preview:large","max-video-preview":"max-video-preview:-1"},"canonical":"https:\/\/www.correiobraziliense.com.br\/cbradar\/qual-e-a-quantidade-ideal-de-pao-no-cafe-da-manha-para-manter-uma-dieta-equilibrada\/","og_locale":"pt_BR","og_type":"article","og_title":"Qual \u00e9 a quantidade ideal de p\u00e3o no caf\u00e9 da manh\u00e3 para manter uma dieta equilibrada - Correio Braziliense - Radar","og_description":"Consumir p\u00e3o no caf\u00e9 da manh\u00e3 pode fazer parte de uma dieta equilibrada quando h\u00e1 controle de por\u00e7\u00f5es e escolhas inteligentes","og_url":"https:\/\/www.correiobraziliense.com.br\/cbradar\/qual-e-a-quantidade-ideal-de-pao-no-cafe-da-manha-para-manter-uma-dieta-equilibrada\/","og_site_name":"Correio Braziliense - Radar","article_published_time":"2026-03-10T23:15:00+00:00","og_image":[{"width":1280,"height":720,"url":"https:\/\/www.correiobraziliense.com.br\/cbradar\/wp-content\/uploads\/2026\/03\/Gemini_Generated_Image_wuvj7awuvj7awuvj-1-1.png","type":"image\/png"}],"author":"Patrick Silva","twitter_card":"summary_large_image","twitter_misc":{"Escrito por":"Patrick Silva","Est. tempo de leitura":"4 minutos"},"schema":{"@context":"https:\/\/schema.org","@graph":[{"@type":"WebPage","@id":"https:\/\/www.correiobraziliense.com.br\/cbradar\/qual-e-a-quantidade-ideal-de-pao-no-cafe-da-manha-para-manter-uma-dieta-equilibrada\/","url":"https:\/\/www.correiobraziliense.com.br\/cbradar\/qual-e-a-quantidade-ideal-de-pao-no-cafe-da-manha-para-manter-uma-dieta-equilibrada\/","name":"Qual \u00e9 a quantidade ideal de p\u00e3o no caf\u00e9 da manh\u00e3 para manter uma dieta equilibrada - Correio Braziliense - Radar","isPartOf":{"@id":"https:\/\/www.correiobraziliense.com.br\/cbradar\/#website"},"primaryImageOfPage":{"@id":"https:\/\/www.correiobraziliense.com.br\/cbradar\/qual-e-a-quantidade-ideal-de-pao-no-cafe-da-manha-para-manter-uma-dieta-equilibrada\/#primaryimage"},"image":{"@id":"https:\/\/www.correiobraziliense.com.br\/cbradar\/qual-e-a-quantidade-ideal-de-pao-no-cafe-da-manha-para-manter-uma-dieta-equilibrada\/#primaryimage"},"thumbnailUrl":"https:\/\/www.correiobraziliense.com.br\/cbradar\/wp-content\/uploads\/2026\/03\/Gemini_Generated_Image_wuvj7awuvj7awuvj-1-1.png","datePublished":"2026-03-10T23:15:00+00:00","author":{"@id":"https:\/\/www.correiobraziliense.com.br\/cbradar\/#\/schema\/person\/5440b72be9c7eb74f446c846479dc4da"},"description":"Consumir p\u00e3o no caf\u00e9 da manh\u00e3 pode fazer parte de uma dieta equilibrada quando h\u00e1 controle de por\u00e7\u00f5es e escolhas inteligentes","breadcrumb":{"@id":"https:\/\/www.correiobraziliense.com.br\/cbradar\/qual-e-a-quantidade-ideal-de-pao-no-cafe-da-manha-para-manter-uma-dieta-equilibrada\/#breadcrumb"},"inLanguage":"pt-BR","potentialAction":[{"@type":"ReadAction","target":["https:\/\/www.correiobraziliense.com.br\/cbradar\/qual-e-a-quantidade-ideal-de-pao-no-cafe-da-manha-para-manter-uma-dieta-equilibrada\/"]}]},{"@type":"ImageObject","inLanguage":"pt-BR","@id":"https:\/\/www.correiobraziliense.com.br\/cbradar\/qual-e-a-quantidade-ideal-de-pao-no-cafe-da-manha-para-manter-uma-dieta-equilibrada\/#primaryimage","url":"https:\/\/www.correiobraziliense.com.br\/cbradar\/wp-content\/uploads\/2026\/03\/Gemini_Generated_Image_wuvj7awuvj7awuvj-1-1.png","contentUrl":"https:\/\/www.correiobraziliense.com.br\/cbradar\/wp-content\/uploads\/2026\/03\/Gemini_Generated_Image_wuvj7awuvj7awuvj-1-1.png","width":1280,"height":720,"caption":"Consumir p\u00e3o no caf\u00e9 da manh\u00e3 pode ser saud\u00e1vel com por\u00e7\u00f5es equilibradas"},{"@type":"BreadcrumbList","@id":"https:\/\/www.correiobraziliense.com.br\/cbradar\/qual-e-a-quantidade-ideal-de-pao-no-cafe-da-manha-para-manter-uma-dieta-equilibrada\/#breadcrumb","itemListElement":[{"@type":"ListItem","position":1,"name":"In\u00edcio","item":"https:\/\/www.correiobraziliense.com.br\/cbradar\/"},{"@type":"ListItem","position":2,"name":"Qual \u00e9 a quantidade ideal de p\u00e3o no caf\u00e9 da manh\u00e3 para manter uma dieta equilibrada"}]},{"@type":"WebSite","@id":"https:\/\/www.correiobraziliense.com.br\/cbradar\/#website","url":"https:\/\/www.correiobraziliense.com.br\/cbradar\/","name":"Correio Braziliense - Radar","description":"Acompanhe as \u00faltimas not\u00edcias e fique bem informado sobre tudo o que acontece no Brasil e no mundo.","potentialAction":[{"@type":"SearchAction","target":{"@type":"EntryPoint","urlTemplate":"https:\/\/www.correiobraziliense.com.br\/cbradar\/?s={search_term_string}"},"query-input":{"@type":"PropertyValueSpecification","valueRequired":true,"valueName":"search_term_string"}}],"inLanguage":"pt-BR"},{"@type":"Person","@id":"https:\/\/www.correiobraziliense.com.br\/cbradar\/#\/schema\/person\/5440b72be9c7eb74f446c846479dc4da","name":"Patrick Silva","image":{"@type":"ImageObject","inLanguage":"pt-BR","@id":"https:\/\/www.correiobraziliense.com.br\/cbradar\/#\/schema\/person\/image\/","url":"https:\/\/secure.gravatar.com\/avatar\/944109df296fc087785c9715fd5f80b2?s=96&d=mm&r=g","contentUrl":"https:\/\/secure.gravatar.com\/avatar\/944109df296fc087785c9715fd5f80b2?s=96&d=mm&r=g","caption":"Patrick Silva"},"sameAs":["https:\/\/www.correiobraziliense.com.br\/cbradar\/"],"url":"https:\/\/www.correiobraziliense.com.br\/cbradar\/author\/patrick-silva\/"}]}},"_links":{"self":[{"href":"https:\/\/www.correiobraziliense.com.br\/cbradar\/wp-json\/wp\/v2\/posts\/205542","targetHints":{"allow":["GET"]}}],"collection":[{"href":"https:\/\/www.correiobraziliense.com.br\/cbradar\/wp-json\/wp\/v2\/posts"}],"about":[{"href":"https:\/\/www.correiobraziliense.com.br\/cbradar\/wp-json\/wp\/v2\/types\/post"}],"author":[{"embeddable":true,"href":"https:\/\/www.correiobraziliense.com.br\/cbradar\/wp-json\/wp\/v2\/users\/21"}],"replies":[{"embeddable":true,"href":"https:\/\/www.correiobraziliense.com.br\/cbradar\/wp-json\/wp\/v2\/comments?post=205542"}],"version-history":[{"count":2,"href":"https:\/\/www.correiobraziliense.com.br\/cbradar\/wp-json\/wp\/v2\/posts\/205542\/revisions"}],"predecessor-version":[{"id":205627,"href":"https:\/\/www.correiobraziliense.com.br\/cbradar\/wp-json\/wp\/v2\/posts\/205542\/revisions\/205627"}],"wp:featuredmedia":[{"embeddable":true,"href":"https:\/\/www.correiobraziliense.com.br\/cbradar\/wp-json\/wp\/v2\/media\/205558"}],"wp:attachment":[{"href":"https:\/\/www.correiobraziliense.com.br\/cbradar\/wp-json\/wp\/v2\/media?parent=205542"}],"wp:term":[{"taxonomy":"category","embeddable":true,"href":"https:\/\/www.correiobraziliense.com.br\/cbradar\/wp-json\/wp\/v2\/categories?post=205542"},{"taxonomy":"post_tag","embeddable":true,"href":"https:\/\/www.correiobraziliense.com.br\/cbradar\/wp-json\/wp\/v2\/tags?post=205542"}],"curies":[{"name":"wp","href":"https:\/\/api.w.org\/{rel}","templated":true}]}}