{"id":205551,"date":"2026-03-12T07:25:00","date_gmt":"2026-03-12T10:25:00","guid":{"rendered":"https:\/\/www.correiobraziliense.com.br\/cbradar\/?p=205551"},"modified":"2026-03-11T16:21:21","modified_gmt":"2026-03-11T19:21:21","slug":"a-vitamina-que-ajuda-a-fortalecer-os-ossos-reduzir-fraturas-e-melhorar-a-absorcao-de-calcio","status":"publish","type":"post","link":"https:\/\/www.correiobraziliense.com.br\/cbradar\/a-vitamina-que-ajuda-a-fortalecer-os-ossos-reduzir-fraturas-e-melhorar-a-absorcao-de-calcio\/","title":{"rendered":"A vitamina que ajuda a fortalecer os ossos, reduzir fraturas e melhorar a absor\u00e7\u00e3o de c\u00e1lcio"},"content":{"rendered":"\n<p>A <strong>vitamina que ajuda a fortalecer os ossos<\/strong> e garantir a densidade do esqueleto \u00e9 a famosa Vitamina D. Sem esse nutriente essencial, o organismo n\u00e3o consegue aproveitar o c\u00e1lcio ingerido, o que torna a estrutura \u00f3ssea fr\u00e1gil e quebradi\u00e7a.<\/p>\n\n\n\n<h2 class=\"wp-block-heading\">Qual \u00e9 o papel biol\u00f3gico desse nutriente no corpo?<\/h2>\n\n\n\n<p>Embora receba o nome de vitamina, a <a href=\"https:\/\/pt.wikipedia.org\/wiki\/Vitamina_D\" target=\"_blank\" rel=\"noreferrer noopener\">vitamina D<\/a> atua como um horm\u00f4nio esteroide em diversas fun\u00e7\u00f5es org\u00e2nicas. Ela regula o metabolismo mineral e garante que os n\u00edveis de f\u00f3sforo e c\u00e1lcio no sangue permane\u00e7am est\u00e1veis para a manuten\u00e7\u00e3o da vida.<\/p>\n\n\n\n<p>A subst\u00e2ncia \u00e9 fundamental para a sa\u00fade musculoesquel\u00e9tica, pois estimula a mineraliza\u00e7\u00e3o da matriz \u00f3ssea. Na aus\u00eancia desse composto, os ossos perdem a rigidez necess\u00e1ria para sustentar o peso do corpo, aumentando drasticamente o risco de deformidades e les\u00f5es permanentes ao longo dos anos.<\/p>\n\n\n<div class=\"wp-block-image\">\n<figure class=\"aligncenter size-large\"><img decoding=\"async\" width=\"1024\" height=\"576\" src=\"https:\/\/www.correiobraziliense.com.br\/cbradar\/wp-content\/uploads\/2025\/08\/vitamina-D_1755510580664-1024x576.jpg\" alt=\"Como essa vitamina influencia na sua imunidade e energia di\u00e1ria\" class=\"wp-image-88732\" srcset=\"https:\/\/www.correiobraziliense.com.br\/cbradar\/wp-content\/uploads\/2025\/08\/vitamina-D_1755510580664-1024x576.jpg 1024w, https:\/\/www.correiobraziliense.com.br\/cbradar\/wp-content\/uploads\/2025\/08\/vitamina-D_1755510580664-300x169.jpg 300w, https:\/\/www.correiobraziliense.com.br\/cbradar\/wp-content\/uploads\/2025\/08\/vitamina-D_1755510580664-768x432.jpg 768w, https:\/\/www.correiobraziliense.com.br\/cbradar\/wp-content\/uploads\/2025\/08\/vitamina-D_1755510580664-750x422.jpg 750w, https:\/\/www.correiobraziliense.com.br\/cbradar\/wp-content\/uploads\/2025\/08\/vitamina-D_1755510580664-1140x641.jpg 1140w, https:\/\/www.correiobraziliense.com.br\/cbradar\/wp-content\/uploads\/2025\/08\/vitamina-D_1755510580664.jpg 1280w\" sizes=\"(max-width: 1024px) 100vw, 1024px\" \/><figcaption class=\"wp-element-caption\">Vitamina D &#8211; Cr\u00e9ditos: depositphotos.com \/ Jaykayl<\/figcaption><\/figure><\/div>\n\n\n<h2 class=\"wp-block-heading\">Como ocorre a absor\u00e7\u00e3o de c\u00e1lcio no intestino?<\/h2>\n\n\n\n<p>O nutriente age como uma chave qu\u00edmica que abre as portas das c\u00e9lulas intestinais para a entrada do mineral. Estudos do <strong>National Institutes of Health<\/strong> comprovam que, sem n\u00edveis adequados dessa vitamina, o corpo absorve apenas uma pequena fra\u00e7\u00e3o do <a href=\"https:\/\/ods.od.nih.gov\/factsheets\/VitaminD-HealthProfessional\/\" target=\"_blank\" rel=\"noreferrer noopener\"><strong>c\u00e1lcio dispon\u00edvel na alimenta\u00e7\u00e3o<\/strong><\/a>.<\/p>\n\n\n\n<p>Quando os n\u00edveis s\u00e9ricos est\u00e3o baixos, o organismo retira o mineral dos pr\u00f3prios ossos para manter o funcionamento do cora\u00e7\u00e3o e dos m\u00fasculos. Esse processo de &#8220;empr\u00e9stimo&#8221; interno \u00e9 o que causa a desmineraliza\u00e7\u00e3o e o surgimento de doen\u00e7as silenciosas como a osteopenia na fase adulta.<\/p>\n\n\n\n<p>Leia tamb\u00e9m: <a href=\"https:\/\/www.correiobraziliense.com.br\/cbradar\/o-sinal-discreto-na-sola-dos-pes-que-indica-que-o-seu-corpo-esta-inflamado-e-como-resolver-com-um-ajuste-na-dieta\/\" target=\"_blank\" rel=\"noreferrer noopener\">O sinal discreto na sola dos p\u00e9s que indica que o seu corpo est\u00e1 inflamado e como resolver com um ajuste na dieta<\/a><\/p>\n\n\n\n<h2 class=\"wp-block-heading\">Quais s\u00e3o as melhores formas de obter a subst\u00e2ncia?<\/h2>\n\n\n\n<p>A principal fonte de produ\u00e7\u00e3o ocorre atrav\u00e9s da exposi\u00e7\u00e3o solar direta na pele, sem a barreira de vidros ou protetores. Os raios <strong>UVB<\/strong> convertem o colesterol presente na epiderme na forma ativa do nutriente, suprindo cerca de <strong>90%<\/strong> das necessidades biol\u00f3gicas do ser humano.<\/p>\n\n\n\n<p>A alimenta\u00e7\u00e3o contribui com uma parcela menor, mas extremamente importante para complementar os estoques durante os meses de inverno. Manter um prato variado ajuda a manter a resist\u00eancia f\u00edsica. Acompanhe as principais fontes alimentares recomendadas:<\/p>\n\n\n\n<ul class=\"wp-block-list\">\n<li><strong>Salm\u00e3o<\/strong> e <strong>Sardinha<\/strong>: peixes gordos com alta concentra\u00e7\u00e3o natural do nutriente.<\/li>\n\n\n\n<li><strong>\u00d3leo de f\u00edgado de bacalhau<\/strong>: suplemento tradicional riqu\u00edssimo em gorduras boas.<\/li>\n\n\n\n<li><strong>Gema de ovo<\/strong>: op\u00e7\u00e3o acess\u00edvel para o consumo di\u00e1rio em refei\u00e7\u00f5es r\u00e1pidas.<\/li>\n\n\n\n<li><strong>Cogumelos<\/strong>: fontes vegetais que sintetizam a subst\u00e2ncia quando expostos ao sol.<\/li>\n<\/ul>\n\n\n\n<h2 class=\"wp-block-heading\">Quais os sinais de que a estrutura \u00f3ssea est\u00e1 em risco?<\/h2>\n\n\n\n<p>A car\u00eancia severa do nutriente costuma ser silenciosa por muitos anos, manifestando-se apenas em est\u00e1gios cr\u00edticos. Dores constantes nas costas, fraqueza muscular inexplic\u00e1vel e epis\u00f3dios frequentes de fraturas por impactos m\u00ednimos s\u00e3o alertas claros de que o esqueleto est\u00e1 sofrendo uma degrada\u00e7\u00e3o interna.<\/p>\n\n\n\n<p>No v\u00eddeo a seguir, do perfil <strong><em>Care Plus<\/em><\/strong> com mais de 500 mil seguidores, a <strong><em>Dra. Fernanda Cavalieri<\/em><\/strong>, fala um pouco sobre a deficiencia de vitamina D:<\/p>\n\n\n\n<blockquote class=\"tiktok-embed\" cite=\"https:\/\/www.tiktok.com\/@careplusoficial\/video\/7298316241104555269\" data-video-id=\"7298316241104555269\" style=\"max-width: 605px;min-width: 325px;\" > <section> <a target=\"_blank\" title=\"@careplusoficial\" href=\"https:\/\/www.tiktok.com\/@careplusoficial?refer=embed\">@careplusoficial<\/a> Vitamina D em falta ou em excesso pode causar problemas para nosso organismo e a Dra. Fernanda Cavalieri, endocrinologista da Care Plus, explica os motivos. <a title=\"careplus\" target=\"_blank\" href=\"https:\/\/www.tiktok.com\/tag\/careplus?refer=embed\">#careplus<\/a> <a title=\"vitaminad\" target=\"_blank\" href=\"https:\/\/www.tiktok.com\/tag\/vitaminad?refer=embed\">#vitaminad<\/a> <a title=\"endocrinologia\" target=\"_blank\" href=\"https:\/\/www.tiktok.com\/tag\/endocrinologia?refer=embed\">#endocrinologia<\/a> <a title=\"dicasdesaude\" target=\"_blank\" href=\"https:\/\/www.tiktok.com\/tag\/dicasdesaude?refer=embed\">#dicasdesaude<\/a> <a target=\"_blank\" title=\"\u266c som original - Care Plus\" href=\"https:\/\/www.tiktok.com\/music\/som-original-7298316335879719686?refer=embed\">\u266c som original &#8211; Care Plus<\/a> <\/section> <\/blockquote> <script async src=\"https:\/\/www.tiktok.com\/embed.js\"><\/script>\n\n\n\n<h3 class=\"wp-block-heading\">Quais doen\u00e7as surgem com a falta do nutriente?<\/h3>\n\n\n\n<p>Em crian\u00e7as, a defici\u00eancia grave causa o raquitismo, que gera pernas arqueadas e atraso no crescimento f\u00edsico. J\u00e1 em adultos e idosos, a osteomal\u00e1cia amolece os ossos e a osteoporose reduz a massa \u00f3ssea, tornando qualquer queda dom\u00e9stica um evento potencialmente fatal para a autonomia do paciente.<\/p>\n\n\n\n<p>A fragilidade \u00f3ssea aumenta a depend\u00eancia de cuidados terceirizados e diminui a expectativa de vida na maturidade. Manter os n\u00edveis hormonais regulados \u00e9 uma estrat\u00e9gia de sa\u00fade p\u00fablica defendida pela <strong>Organiza\u00e7\u00e3o Mundial da Sa\u00fade<\/strong> para reduzir custos com interna\u00e7\u00f5es hospitalares decorrentes de quedas na terceira idade.<\/p>\n\n\n\n<h2 class=\"wp-block-heading\">Qual a quantidade recomendada para evitar fraturas?<\/h2>\n\n\n\n<p>A dosagem ideal varia de acordo com a faixa et\u00e1ria, a cor da pele e a localiza\u00e7\u00e3o geogr\u00e1fica do indiv\u00edduo. Especialistas sugerem que adultos saud\u00e1veis mantenham uma ingest\u00e3o di\u00e1ria m\u00ednima para garantir que a <strong>vitamina que ajuda a fortalecer os ossos<\/strong> execute suas fun\u00e7\u00f5es metab\u00f3licas sem falhas.<\/p>\n\n\n\n<p>A suplementa\u00e7\u00e3o deve ser personalizada ap\u00f3s a realiza\u00e7\u00e3o de exames de sangue laboratoriais espec\u00edficos. Analise os valores de refer\u00eancia gerais sugeridos por institui\u00e7\u00f5es internacionais de nutri\u00e7\u00e3o e sa\u00fade:<\/p>\n\n\n\n<figure class=\"wp-block-table\"><table class=\"has-fixed-layout\"><tbody><tr><th>Faixa Et\u00e1ria<\/th><th>Dose Recomendada (UI)<\/th><th>Objetivo Principal<\/th><\/tr><tr><td><strong>Crian\u00e7as at\u00e9 12 meses<\/strong><\/td><td><strong>400 UI<\/strong><\/td><td>Preven\u00e7\u00e3o do raquitismo infantil<\/td><\/tr><tr><td><strong>Adultos at\u00e9 70 anos<\/strong><\/td><td><strong>600 UI<\/strong><\/td><td>Manuten\u00e7\u00e3o da massa \u00f3ssea<\/td><\/tr><tr><td><strong>Idosos acima de 70 anos<\/strong><\/td><td><strong>800 UI<\/strong><\/td><td>Redu\u00e7\u00e3o de riscos de fraturas<\/td><\/tr><\/tbody><\/table><\/figure>\n\n\n\n<h2 class=\"wp-block-heading\">Como garantir a sa\u00fade do esqueleto a longo prazo?<\/h2>\n\n\n\n<p>Al\u00e9m de manter os n\u00edveis vitam\u00ednicos em dia, a pr\u00e1tica de exerc\u00edcios de impacto, como a caminhada, estimula a regenera\u00e7\u00e3o do tecido \u00f3sseo. A combina\u00e7\u00e3o de nutrientes, movimento f\u00edsico e luz solar forma a base s\u00f3lida necess\u00e1ria para envelhecer com mobilidade e seguran\u00e7a em qualquer lugar do <strong>Brasil<\/strong>.<\/p>\n\n\n\n<p>Nunca inicie o uso de altas doses de suplementos sem a orienta\u00e7\u00e3o de um endocrinologista ou nutricionista capacitado. O excesso de c\u00e1lcio e vitaminas sem supervis\u00e3o pode causar c\u00e1lculos renais e problemas cardiovasculares graves, anulando os benef\u00edcios desejados para o fortalecimento do seu sistema esquel\u00e9tico.<\/p>\n","protected":false},"excerpt":{"rendered":"<p>A vitamina que ajuda a fortalecer os ossos e garantir a densidade do esqueleto \u00e9 a famosa Vitamina D. Sem esse nutriente essencial, o organismo n\u00e3o consegue aproveitar o c\u00e1lcio ingerido, o que torna a estrutura \u00f3ssea fr\u00e1gil e quebradi\u00e7a. Qual \u00e9 o papel biol\u00f3gico desse nutriente no corpo? Embora receba o nome de vitamina, [&hellip;]<\/p>\n","protected":false},"author":11,"featured_media":207042,"comment_status":"open","ping_status":"open","sticky":false,"template":"","format":"standard","meta":{"_yoast_wpseo_focuskw":"vitamina que ajuda a fortalecer os ossos","_yoast_wpseo_title":"","_yoast_wpseo_metadesc":"Quer evitar a osteoporose e garantir dentes fortes? Esta vitamina essencial regula o c\u00e1lcio no seu organismo e protege contra quedas e fraturas graves.","jnews-multi-image_gallery":[],"jnews_single_post":{"format":"standard"},"jnews_primary_category":[],"jnews_social_meta":[],"jnews_override_counter":[],"footnotes":""},"categories":[119],"post_tag":[1318,3634],"class_list":["post-205551","post","type-post","status-publish","format-standard","has-post-thumbnail","hentry","category-bem-estar","tag-saude-2","tag-vitamina"],"yoast_head":"<!-- This site is optimized with the Yoast SEO plugin v24.6 - https:\/\/yoast.com\/wordpress\/plugins\/seo\/ -->\n<title>A vitamina que ajuda a fortalecer os ossos, reduzir fraturas e melhorar a absor\u00e7\u00e3o de c\u00e1lcio - Correio Braziliense - Radar<\/title>\n<meta name=\"description\" content=\"Quer evitar a osteoporose e garantir dentes fortes? Esta vitamina essencial regula o c\u00e1lcio no seu organismo e protege contra quedas e fraturas graves.\" \/>\n<meta name=\"robots\" content=\"index, follow, max-snippet:-1, max-image-preview:large, max-video-preview:-1\" \/>\n<link rel=\"canonical\" href=\"https:\/\/www.correiobraziliense.com.br\/cbradar\/a-vitamina-que-ajuda-a-fortalecer-os-ossos-reduzir-fraturas-e-melhorar-a-absorcao-de-calcio\/\" \/>\n<meta property=\"og:locale\" content=\"pt_BR\" \/>\n<meta property=\"og:type\" content=\"article\" \/>\n<meta property=\"og:title\" content=\"A vitamina que ajuda a fortalecer os ossos, reduzir fraturas e melhorar a absor\u00e7\u00e3o de c\u00e1lcio - Correio Braziliense - Radar\" \/>\n<meta property=\"og:description\" content=\"Quer evitar a osteoporose e garantir dentes fortes? Esta vitamina essencial regula o c\u00e1lcio no seu organismo e protege contra quedas e fraturas graves.\" \/>\n<meta property=\"og:url\" content=\"https:\/\/www.correiobraziliense.com.br\/cbradar\/a-vitamina-que-ajuda-a-fortalecer-os-ossos-reduzir-fraturas-e-melhorar-a-absorcao-de-calcio\/\" \/>\n<meta property=\"og:site_name\" content=\"Correio Braziliense - Radar\" \/>\n<meta property=\"article:published_time\" content=\"2026-03-12T10:25:00+00:00\" \/>\n<meta property=\"og:image\" content=\"https:\/\/www.correiobraziliense.com.br\/cbradar\/wp-content\/uploads\/2026\/03\/freepik__vitamina-d-representada-por-um-frasco-de-suplement__63004.jpeg\" \/>\n\t<meta property=\"og:image:width\" content=\"1280\" \/>\n\t<meta property=\"og:image:height\" content=\"720\" \/>\n\t<meta property=\"og:image:type\" content=\"image\/jpeg\" \/>\n<meta name=\"author\" content=\"Paulo Custodio\" \/>\n<meta name=\"twitter:card\" content=\"summary_large_image\" \/>\n<meta name=\"twitter:label1\" content=\"Escrito por\" \/>\n\t<meta name=\"twitter:data1\" content=\"Paulo Custodio\" \/>\n\t<meta name=\"twitter:label2\" content=\"Est. tempo de leitura\" \/>\n\t<meta name=\"twitter:data2\" content=\"5 minutos\" \/>\n<!-- \/ Yoast SEO plugin. -->","yoast_head_json":{"title":"A vitamina que ajuda a fortalecer os ossos, reduzir fraturas e melhorar a absor\u00e7\u00e3o de c\u00e1lcio - Correio Braziliense - Radar","description":"Quer evitar a osteoporose e garantir dentes fortes? Esta vitamina essencial regula o c\u00e1lcio no seu organismo e protege contra quedas e fraturas graves.","robots":{"index":"index","follow":"follow","max-snippet":"max-snippet:-1","max-image-preview":"max-image-preview:large","max-video-preview":"max-video-preview:-1"},"canonical":"https:\/\/www.correiobraziliense.com.br\/cbradar\/a-vitamina-que-ajuda-a-fortalecer-os-ossos-reduzir-fraturas-e-melhorar-a-absorcao-de-calcio\/","og_locale":"pt_BR","og_type":"article","og_title":"A vitamina que ajuda a fortalecer os ossos, reduzir fraturas e melhorar a absor\u00e7\u00e3o de c\u00e1lcio - Correio Braziliense - Radar","og_description":"Quer evitar a osteoporose e garantir dentes fortes? Esta vitamina essencial regula o c\u00e1lcio no seu organismo e protege contra quedas e fraturas graves.","og_url":"https:\/\/www.correiobraziliense.com.br\/cbradar\/a-vitamina-que-ajuda-a-fortalecer-os-ossos-reduzir-fraturas-e-melhorar-a-absorcao-de-calcio\/","og_site_name":"Correio Braziliense - Radar","article_published_time":"2026-03-12T10:25:00+00:00","og_image":[{"width":1280,"height":720,"url":"https:\/\/www.correiobraziliense.com.br\/cbradar\/wp-content\/uploads\/2026\/03\/freepik__vitamina-d-representada-por-um-frasco-de-suplement__63004.jpeg","type":"image\/jpeg"}],"author":"Paulo Custodio","twitter_card":"summary_large_image","twitter_misc":{"Escrito por":"Paulo Custodio","Est. tempo de leitura":"5 minutos"},"schema":{"@context":"https:\/\/schema.org","@graph":[{"@type":"WebPage","@id":"https:\/\/www.correiobraziliense.com.br\/cbradar\/a-vitamina-que-ajuda-a-fortalecer-os-ossos-reduzir-fraturas-e-melhorar-a-absorcao-de-calcio\/","url":"https:\/\/www.correiobraziliense.com.br\/cbradar\/a-vitamina-que-ajuda-a-fortalecer-os-ossos-reduzir-fraturas-e-melhorar-a-absorcao-de-calcio\/","name":"A vitamina que ajuda a fortalecer os ossos, reduzir fraturas e melhorar a absor\u00e7\u00e3o de c\u00e1lcio - Correio Braziliense - Radar","isPartOf":{"@id":"https:\/\/www.correiobraziliense.com.br\/cbradar\/#website"},"primaryImageOfPage":{"@id":"https:\/\/www.correiobraziliense.com.br\/cbradar\/a-vitamina-que-ajuda-a-fortalecer-os-ossos-reduzir-fraturas-e-melhorar-a-absorcao-de-calcio\/#primaryimage"},"image":{"@id":"https:\/\/www.correiobraziliense.com.br\/cbradar\/a-vitamina-que-ajuda-a-fortalecer-os-ossos-reduzir-fraturas-e-melhorar-a-absorcao-de-calcio\/#primaryimage"},"thumbnailUrl":"https:\/\/www.correiobraziliense.com.br\/cbradar\/wp-content\/uploads\/2026\/03\/freepik__vitamina-d-representada-por-um-frasco-de-suplement__63004.jpeg","datePublished":"2026-03-12T10:25:00+00:00","author":{"@id":"https:\/\/www.correiobraziliense.com.br\/cbradar\/#\/schema\/person\/4cec7857301a9a1a2ef249893cd908d3"},"description":"Quer evitar a osteoporose e garantir dentes fortes? Esta vitamina essencial regula o c\u00e1lcio no seu organismo e protege contra quedas e fraturas graves.","breadcrumb":{"@id":"https:\/\/www.correiobraziliense.com.br\/cbradar\/a-vitamina-que-ajuda-a-fortalecer-os-ossos-reduzir-fraturas-e-melhorar-a-absorcao-de-calcio\/#breadcrumb"},"inLanguage":"pt-BR","potentialAction":[{"@type":"ReadAction","target":["https:\/\/www.correiobraziliense.com.br\/cbradar\/a-vitamina-que-ajuda-a-fortalecer-os-ossos-reduzir-fraturas-e-melhorar-a-absorcao-de-calcio\/"]}]},{"@type":"ImageObject","inLanguage":"pt-BR","@id":"https:\/\/www.correiobraziliense.com.br\/cbradar\/a-vitamina-que-ajuda-a-fortalecer-os-ossos-reduzir-fraturas-e-melhorar-a-absorcao-de-calcio\/#primaryimage","url":"https:\/\/www.correiobraziliense.com.br\/cbradar\/wp-content\/uploads\/2026\/03\/freepik__vitamina-d-representada-por-um-frasco-de-suplement__63004.jpeg","contentUrl":"https:\/\/www.correiobraziliense.com.br\/cbradar\/wp-content\/uploads\/2026\/03\/freepik__vitamina-d-representada-por-um-frasco-de-suplement__63004.jpeg","width":1280,"height":720,"caption":"A defici\u00eancia desta vitamina pode contribuir para ossos mais fr\u00e1geis"},{"@type":"BreadcrumbList","@id":"https:\/\/www.correiobraziliense.com.br\/cbradar\/a-vitamina-que-ajuda-a-fortalecer-os-ossos-reduzir-fraturas-e-melhorar-a-absorcao-de-calcio\/#breadcrumb","itemListElement":[{"@type":"ListItem","position":1,"name":"In\u00edcio","item":"https:\/\/www.correiobraziliense.com.br\/cbradar\/"},{"@type":"ListItem","position":2,"name":"A vitamina que ajuda a fortalecer os ossos, reduzir fraturas e melhorar a absor\u00e7\u00e3o de c\u00e1lcio"}]},{"@type":"WebSite","@id":"https:\/\/www.correiobraziliense.com.br\/cbradar\/#website","url":"https:\/\/www.correiobraziliense.com.br\/cbradar\/","name":"Correio Braziliense - Radar","description":"Acompanhe as \u00faltimas not\u00edcias e fique bem informado sobre tudo o que acontece no Brasil e no mundo.","potentialAction":[{"@type":"SearchAction","target":{"@type":"EntryPoint","urlTemplate":"https:\/\/www.correiobraziliense.com.br\/cbradar\/?s={search_term_string}"},"query-input":{"@type":"PropertyValueSpecification","valueRequired":true,"valueName":"search_term_string"}}],"inLanguage":"pt-BR"},{"@type":"Person","@id":"https:\/\/www.correiobraziliense.com.br\/cbradar\/#\/schema\/person\/4cec7857301a9a1a2ef249893cd908d3","name":"Paulo Custodio","image":{"@type":"ImageObject","inLanguage":"pt-BR","@id":"https:\/\/www.correiobraziliense.com.br\/cbradar\/#\/schema\/person\/image\/","url":"https:\/\/secure.gravatar.com\/avatar\/bcd67168d1534e8fcf4f45c726a87cea?s=96&d=mm&r=g","contentUrl":"https:\/\/secure.gravatar.com\/avatar\/bcd67168d1534e8fcf4f45c726a87cea?s=96&d=mm&r=g","caption":"Paulo Custodio"},"sameAs":["https:\/\/www.correiobraziliense.com.br\/cbradar"],"url":"https:\/\/www.correiobraziliense.com.br\/cbradar\/author\/paulomyth\/"}]}},"_links":{"self":[{"href":"https:\/\/www.correiobraziliense.com.br\/cbradar\/wp-json\/wp\/v2\/posts\/205551","targetHints":{"allow":["GET"]}}],"collection":[{"href":"https:\/\/www.correiobraziliense.com.br\/cbradar\/wp-json\/wp\/v2\/posts"}],"about":[{"href":"https:\/\/www.correiobraziliense.com.br\/cbradar\/wp-json\/wp\/v2\/types\/post"}],"author":[{"embeddable":true,"href":"https:\/\/www.correiobraziliense.com.br\/cbradar\/wp-json\/wp\/v2\/users\/11"}],"replies":[{"embeddable":true,"href":"https:\/\/www.correiobraziliense.com.br\/cbradar\/wp-json\/wp\/v2\/comments?post=205551"}],"version-history":[{"count":1,"href":"https:\/\/www.correiobraziliense.com.br\/cbradar\/wp-json\/wp\/v2\/posts\/205551\/revisions"}],"predecessor-version":[{"id":205559,"href":"https:\/\/www.correiobraziliense.com.br\/cbradar\/wp-json\/wp\/v2\/posts\/205551\/revisions\/205559"}],"wp:featuredmedia":[{"embeddable":true,"href":"https:\/\/www.correiobraziliense.com.br\/cbradar\/wp-json\/wp\/v2\/media\/207042"}],"wp:attachment":[{"href":"https:\/\/www.correiobraziliense.com.br\/cbradar\/wp-json\/wp\/v2\/media?parent=205551"}],"wp:term":[{"taxonomy":"category","embeddable":true,"href":"https:\/\/www.correiobraziliense.com.br\/cbradar\/wp-json\/wp\/v2\/categories?post=205551"},{"taxonomy":"post_tag","embeddable":true,"href":"https:\/\/www.correiobraziliense.com.br\/cbradar\/wp-json\/wp\/v2\/post_tag?post=205551"}],"curies":[{"name":"wp","href":"https:\/\/api.w.org\/{rel}","templated":true}]}}