{"id":205552,"date":"2026-03-12T10:15:00","date_gmt":"2026-03-12T13:15:00","guid":{"rendered":"https:\/\/www.correiobraziliense.com.br\/cbradar\/?p=205552"},"modified":"2026-03-11T16:23:05","modified_gmt":"2026-03-11T19:23:05","slug":"nova-tecnica-de-construcao-modular-permite-montar-uma-casa-inteira-em-poucos-dias","status":"publish","type":"post","link":"https:\/\/www.correiobraziliense.com.br\/cbradar\/nova-tecnica-de-construcao-modular-permite-montar-uma-casa-inteira-em-poucos-dias\/","title":{"rendered":"Nova t\u00e9cnica de constru\u00e7\u00e3o modular permite montar uma casa inteira em poucos dias"},"content":{"rendered":"\n<p>A <strong>nova t\u00e9cnica de constru\u00e7\u00e3o modular permite montar uma casa inteira em poucos dias<\/strong> com alta precis\u00e3o t\u00e9cnica e desperd\u00edcio quase zero. Esse m\u00e9todo industrializado transforma o canteiro de obras em uma linha de montagem eficiente e moderna para o morador.<\/p>\n\n\n\n<h2 class=\"wp-block-heading\">Por que a constru\u00e7\u00e3o modular acelera a entrega das chaves?<\/h2>\n\n\n\n<p>A <strong>constru\u00e7\u00e3o modular<\/strong> transfere a maior parte do trabalho pesado para um ambiente fabril controlado e protegido de chuvas ou ventos. Essa mudan\u00e7a estrat\u00e9gica permite que as funda\u00e7\u00f5es do terreno e a estrutura da casa sejam preparadas simultaneamente, reduzindo o cronograma total do projeto original.<\/p>\n\n\n\n<p>Em f\u00e1bricas modernas, rob\u00f4s e oper\u00e1rios especializados montam as paredes e as instala\u00e7\u00f5es el\u00e9tricas com erro zero de medi\u00e7\u00e3o t\u00e9cnica. O controle de qualidade industrial evita as constantes idas e vindas de materiais que costumam atrasar as obras de alvenaria convencional em todo o <strong>Brasil<\/strong>.<\/p>\n\n\n<div class=\"wp-block-image\">\n<figure class=\"aligncenter size-full\"><img decoding=\"async\" width=\"1280\" height=\"720\" src=\"https:\/\/www.correiobraziliense.com.br\/cbradar\/wp-content\/uploads\/2026\/03\/imagem_2026-03-09_113035923.png\" alt=\"Casal brasileiro admirando sua nova casa modular sendo finalizada sob a luz do p\u00f4r do sol.\" class=\"wp-image-205570\" srcset=\"https:\/\/www.correiobraziliense.com.br\/cbradar\/wp-content\/uploads\/2026\/03\/imagem_2026-03-09_113035923.png 1280w, https:\/\/www.correiobraziliense.com.br\/cbradar\/wp-content\/uploads\/2026\/03\/imagem_2026-03-09_113035923-300x169.png 300w, https:\/\/www.correiobraziliense.com.br\/cbradar\/wp-content\/uploads\/2026\/03\/imagem_2026-03-09_113035923-768x432.png 768w, https:\/\/www.correiobraziliense.com.br\/cbradar\/wp-content\/uploads\/2026\/03\/imagem_2026-03-09_113035923-750x422.png 750w, https:\/\/www.correiobraziliense.com.br\/cbradar\/wp-content\/uploads\/2026\/03\/imagem_2026-03-09_113035923-1140x641.png 1140w\" sizes=\"(max-width: 1280px) 100vw, 1280px\" \/><figcaption class=\"wp-element-caption\">Casal brasileiro admirando sua nova casa modular sendo finalizada sob a luz do p\u00f4r do sol.<\/figcaption><\/figure><\/div>\n\n\n<h2 class=\"wp-block-heading\">Como \u00e9 garantida a seguran\u00e7a estrutural das unidades?<\/h2>\n\n\n\n<p>Os m\u00f3dulos s\u00e3o projetados para suportar o rigoroso transporte rodovi\u00e1rio e o i\u00e7amento por guindastes de grande porte sem sofrer deforma\u00e7\u00f5es. Cada bloco recebe refor\u00e7os met\u00e1licos ou em madeira tratada que garantem uma rigidez superior aos sistemas de constru\u00e7\u00e3o feitos manualmente com tijolos e cimento.<\/p>\n\n\n\n<p>O processo de fabrica\u00e7\u00e3o segue normas t\u00e9cnicas internacionais rigorosas que atestam a estabilidade do im\u00f3vel contra ventos fortes e abalos s\u00edsmicos leves. Essa robustez mec\u00e2nica oferece uma tranquilidade maior para o propriet\u00e1rio, que recebe um produto testado e aprovado antes mesmo de chegar ao lote final.<\/p>\n\n\n<div class=\"wp-block-image\">\n<figure class=\"aligncenter size-full\"><img decoding=\"async\" width=\"1280\" height=\"720\" src=\"https:\/\/www.correiobraziliense.com.br\/cbradar\/wp-content\/uploads\/2026\/03\/imagem_2026-03-09_113042106.png\" alt=\"Detalhe em macro de uma conex\u00e3o de a\u00e7o galvanizado sendo ajustada em uma f\u00e1brica\" class=\"wp-image-205569\" srcset=\"https:\/\/www.correiobraziliense.com.br\/cbradar\/wp-content\/uploads\/2026\/03\/imagem_2026-03-09_113042106.png 1280w, https:\/\/www.correiobraziliense.com.br\/cbradar\/wp-content\/uploads\/2026\/03\/imagem_2026-03-09_113042106-300x169.png 300w, https:\/\/www.correiobraziliense.com.br\/cbradar\/wp-content\/uploads\/2026\/03\/imagem_2026-03-09_113042106-768x432.png 768w, https:\/\/www.correiobraziliense.com.br\/cbradar\/wp-content\/uploads\/2026\/03\/imagem_2026-03-09_113042106-750x422.png 750w, https:\/\/www.correiobraziliense.com.br\/cbradar\/wp-content\/uploads\/2026\/03\/imagem_2026-03-09_113042106-1140x641.png 1140w\" sizes=\"(max-width: 1280px) 100vw, 1280px\" \/><figcaption class=\"wp-element-caption\">Detalhe em macro de uma conex\u00e3o de a\u00e7o galvanizado sendo ajustada em uma f\u00e1brica<\/figcaption><\/figure><\/div>\n\n\n<h2 class=\"wp-block-heading\">Quais materiais s\u00e3o usados na fabrica\u00e7\u00e3o das pe\u00e7as?<\/h2>\n\n\n\n<p>A ind\u00fastria utiliza uma combina\u00e7\u00e3o inteligente de a\u00e7o galvanizado, pain\u00e9is de <strong>MDF<\/strong> e isolantes termoac\u00fasticos de alta performance tecnol\u00f3gica. Esses materiais s\u00e3o leves e resistentes, facilitando a log\u00edstica sem comprometer a durabilidade da resid\u00eancia, que pode durar mais de <strong>50 anos<\/strong> com manuten\u00e7\u00e3o b\u00e1sica.<\/p>\n\n\n\n<h3 class=\"wp-block-heading\">O papel do a\u00e7o na durabilidade<\/h3>\n\n\n\n<p>O uso de perfis de a\u00e7o estrutural impede o surgimento de rachaduras comuns em casas que sofrem com a acomoda\u00e7\u00e3o do solo ao longo do tempo. O metal recebe tratamentos qu\u00edmicos especiais que evitam a corros\u00e3o e garantem que a estrutura permane\u00e7a intacta, independentemente do n\u00edvel de umidade local.<\/p>\n\n\n\n<p>Leia tamb\u00e9m: <a href=\"https:\/\/www.correiobraziliense.com.br\/cbradar\/quanto-custa-transformar-o-banheiro-antigo-em-um-espaco-moderno-trocando-apenas-a-bancada-e-o-sistema-de-iluminacao\/\" target=\"_blank\" rel=\"noreferrer noopener\">Quanto custa transformar o banheiro antigo em um espa\u00e7o moderno trocando apenas a bancada e o sistema de ilumina\u00e7\u00e3o<\/a><\/p>\n\n\n\n<h2 class=\"wp-block-heading\">Como ocorre o transporte e a fixa\u00e7\u00e3o no lote?<\/h2>\n\n\n\n<p>Os m\u00f3dulos saem da f\u00e1brica totalmente prontos, incluindo janelas, portas e at\u00e9 mesmo os revestimentos cer\u00e2micos dos banheiros devidamente instalados. Caminh\u00f5es transportam as unidades pesadas pelas rodovias at\u00e9 o endere\u00e7o do cliente, onde um guindaste realiza o posicionamento milim\u00e9trico de cada componente da nova moradia.<\/p>\n\n\n\n<p>A log\u00edstica eficiente garante que os blocos cheguem ao destino sem danos estruturais ou est\u00e9ticos nas paredes externas. O processo segue um cronograma rigoroso para que a edifica\u00e7\u00e3o seja conclu\u00edda no prazo previsto pelo fabricante:<\/p>\n\n\n<div class=\"wp-block-image\">\n<figure class=\"aligncenter size-full\"><img decoding=\"async\" width=\"1280\" height=\"720\" src=\"https:\/\/www.correiobraziliense.com.br\/cbradar\/wp-content\/uploads\/2026\/03\/imagem_2026-03-09_113050221.png\" alt=\"Guindaste i\u00e7ando um m\u00f3dulo habitacional completo sobre um lote residencial no Brasil\" class=\"wp-image-205571\" srcset=\"https:\/\/www.correiobraziliense.com.br\/cbradar\/wp-content\/uploads\/2026\/03\/imagem_2026-03-09_113050221.png 1280w, https:\/\/www.correiobraziliense.com.br\/cbradar\/wp-content\/uploads\/2026\/03\/imagem_2026-03-09_113050221-300x169.png 300w, https:\/\/www.correiobraziliense.com.br\/cbradar\/wp-content\/uploads\/2026\/03\/imagem_2026-03-09_113050221-768x432.png 768w, https:\/\/www.correiobraziliense.com.br\/cbradar\/wp-content\/uploads\/2026\/03\/imagem_2026-03-09_113050221-750x422.png 750w, https:\/\/www.correiobraziliense.com.br\/cbradar\/wp-content\/uploads\/2026\/03\/imagem_2026-03-09_113050221-1140x641.png 1140w\" sizes=\"(max-width: 1280px) 100vw, 1280px\" \/><figcaption class=\"wp-element-caption\">Guindaste i\u00e7ando um m\u00f3dulo habitacional completo sobre um lote residencial no Brasil<\/figcaption><\/figure><\/div>\n\n\n<p>Acompanhe os passos principais da montagem:<\/p>\n\n\n\n<ul class=\"wp-block-list\">\n<li>Prepara\u00e7\u00e3o da funda\u00e7\u00e3o com sapatas ou radier de <strong>concreto<\/strong>.<\/li>\n\n\n\n<li>I\u00e7amento dos m\u00f3dulos b\u00e1sicos com aux\u00edlio de guindastes potentes.<\/li>\n\n\n\n<li>Fixa\u00e7\u00e3o mec\u00e2nica das unidades atrav\u00e9s de soldas ou parafusos especiais.<\/li>\n\n\n\n<li>Conex\u00e3o das redes de \u00e1gua, esgoto e energia el\u00e9trica p\u00fablica.<\/li>\n\n\n\n<li>Acabamento das juntas externas para garantir a veda\u00e7\u00e3o total.<\/li>\n<\/ul>\n\n\n\n<h2 class=\"wp-block-heading\">Quais s\u00e3o as vantagens financeiras para o propriet\u00e1rio?<\/h2>\n\n\n\n<p>O custo de uma obra modular \u00e9 fixo e conhecido desde o momento da assinatura do contrato de compra da casa. Isso elimina as varia\u00e7\u00f5es de pre\u00e7os de insumos e os gastos imprevistos com m\u00e3o de obra que costumam assombrar quem constr\u00f3i pelo m\u00e9todo artesanal de empilhar blocos.<\/p>\n\n\n\n<p>A rapidez na entrega permite que o investidor coloque o im\u00f3vel para alugar ou que a fam\u00edlia saia do aluguel em apenas <strong>15 dias<\/strong>. O retorno do capital investido acontece muito mais r\u00e1pido, tornando o sistema industrializado uma excelente escolha para quem busca efici\u00eancia financeira e agilidade real.<\/p>\n\n\n<div class=\"wp-block-image\">\n<figure class=\"aligncenter size-full\"><img decoding=\"async\" width=\"1280\" height=\"720\" src=\"https:\/\/www.correiobraziliense.com.br\/cbradar\/wp-content\/uploads\/2026\/03\/imagem_2026-03-09_113158887.png\" alt=\"Vis\u00e3o em primeira pessoa segurando as chaves diante da porta da nova casa modular pronta.\" class=\"wp-image-205572\" srcset=\"https:\/\/www.correiobraziliense.com.br\/cbradar\/wp-content\/uploads\/2026\/03\/imagem_2026-03-09_113158887.png 1280w, https:\/\/www.correiobraziliense.com.br\/cbradar\/wp-content\/uploads\/2026\/03\/imagem_2026-03-09_113158887-300x169.png 300w, https:\/\/www.correiobraziliense.com.br\/cbradar\/wp-content\/uploads\/2026\/03\/imagem_2026-03-09_113158887-768x432.png 768w, https:\/\/www.correiobraziliense.com.br\/cbradar\/wp-content\/uploads\/2026\/03\/imagem_2026-03-09_113158887-750x422.png 750w, https:\/\/www.correiobraziliense.com.br\/cbradar\/wp-content\/uploads\/2026\/03\/imagem_2026-03-09_113158887-1140x641.png 1140w\" sizes=\"(max-width: 1280px) 100vw, 1280px\" \/><figcaption class=\"wp-element-caption\">Vis\u00e3o em primeira pessoa segurando as chaves diante da porta da nova casa modular pronta.<\/figcaption><\/figure><\/div>\n\n\n<h2 class=\"wp-block-heading\">Como funciona o conforto t\u00e9rmico nestas resid\u00eancias?<\/h2>\n\n\n\n<p>As paredes modulares s\u00e3o compostas por diversas camadas de materiais tecnol\u00f3gicos que garantem um isolamento t\u00e9rmico superior ao da alvenaria simples. L\u00e3s minerais e pain\u00e9is de gesso acartonado criam uma barreira eficiente contra o calor e evitam a propaga\u00e7\u00e3o de ru\u00eddos vizinhos entre os c\u00f4modos internos.<\/p>\n\n\n\n<p>Esse desempenho energ\u00e9tico superior reduz os gastos mensais com aparelhos de ar-condicionado e sistemas de aquecimento artificial durante o inverno. Morar em uma estrutura modular significa desfrutar de uma temperatura interna sempre agrad\u00e1vel, independentemente das condi\u00e7\u00f5es clim\u00e1ticas extremas que ocorrem do lado de fora do ambiente.<\/p>\n","protected":false},"excerpt":{"rendered":"<p>A nova t\u00e9cnica de constru\u00e7\u00e3o modular permite montar uma casa inteira em poucos dias com alta precis\u00e3o t\u00e9cnica e desperd\u00edcio quase zero. Esse m\u00e9todo industrializado transforma o canteiro de obras em uma linha de montagem eficiente e moderna para o morador. Por que a constru\u00e7\u00e3o modular acelera a entrega das chaves? A constru\u00e7\u00e3o modular transfere [&hellip;]<\/p>\n","protected":false},"author":11,"featured_media":207038,"comment_status":"open","ping_status":"open","sticky":false,"template":"","format":"standard","meta":{"_yoast_wpseo_focuskw":"constru\u00e7\u00e3o modular","_yoast_wpseo_title":"","_yoast_wpseo_metadesc":"Construir uma resid\u00eancia em tempo recorde j\u00e1 \u00e9 realidade. Entenda como os m\u00f3dulos pr\u00e9-fabricados aceleram a entrega e garantem qualidade t\u00e9cnica superior.","jnews-multi-image_gallery":[],"jnews_single_post":{"format":"standard"},"jnews_primary_category":[],"jnews_social_meta":[],"jnews_override_counter":[],"footnotes":""},"categories":[143],"post_tag":[887,11541],"class_list":["post-205552","post","type-post","status-publish","format-standard","has-post-thumbnail","hentry","category-casa-e-decoracao","tag-casa","tag-construcao"],"yoast_head":"<!-- This site is optimized with the Yoast SEO plugin v24.6 - https:\/\/yoast.com\/wordpress\/plugins\/seo\/ -->\n<title>Nova t\u00e9cnica de constru\u00e7\u00e3o modular permite montar uma casa inteira em poucos dias - Correio Braziliense - Radar<\/title>\n<meta name=\"description\" content=\"Construir uma resid\u00eancia em tempo recorde j\u00e1 \u00e9 realidade. Entenda como os m\u00f3dulos pr\u00e9-fabricados aceleram a entrega e garantem qualidade t\u00e9cnica superior.\" \/>\n<meta name=\"robots\" content=\"index, follow, max-snippet:-1, max-image-preview:large, max-video-preview:-1\" \/>\n<link rel=\"canonical\" href=\"https:\/\/www.correiobraziliense.com.br\/cbradar\/nova-tecnica-de-construcao-modular-permite-montar-uma-casa-inteira-em-poucos-dias\/\" \/>\n<meta property=\"og:locale\" content=\"pt_BR\" \/>\n<meta property=\"og:type\" content=\"article\" \/>\n<meta property=\"og:title\" content=\"Nova t\u00e9cnica de constru\u00e7\u00e3o modular permite montar uma casa inteira em poucos dias - Correio Braziliense - Radar\" \/>\n<meta property=\"og:description\" content=\"Construir uma resid\u00eancia em tempo recorde j\u00e1 \u00e9 realidade. Entenda como os m\u00f3dulos pr\u00e9-fabricados aceleram a entrega e garantem qualidade t\u00e9cnica superior.\" \/>\n<meta property=\"og:url\" content=\"https:\/\/www.correiobraziliense.com.br\/cbradar\/nova-tecnica-de-construcao-modular-permite-montar-uma-casa-inteira-em-poucos-dias\/\" \/>\n<meta property=\"og:site_name\" content=\"Correio Braziliense - Radar\" \/>\n<meta property=\"article:published_time\" content=\"2026-03-12T13:15:00+00:00\" \/>\n<meta property=\"og:image\" content=\"https:\/\/www.correiobraziliense.com.br\/cbradar\/wp-content\/uploads\/2026\/03\/freepik__casa-modular-moderna-sendo-posicionada-por-um-guin__63006.jpeg\" \/>\n\t<meta property=\"og:image:width\" content=\"1280\" \/>\n\t<meta property=\"og:image:height\" content=\"720\" \/>\n\t<meta property=\"og:image:type\" content=\"image\/jpeg\" \/>\n<meta name=\"author\" content=\"Paulo Custodio\" \/>\n<meta name=\"twitter:card\" content=\"summary_large_image\" \/>\n<meta name=\"twitter:label1\" content=\"Escrito por\" \/>\n\t<meta name=\"twitter:data1\" content=\"Paulo Custodio\" \/>\n\t<meta name=\"twitter:label2\" content=\"Est. tempo de leitura\" \/>\n\t<meta name=\"twitter:data2\" content=\"6 minutos\" \/>\n<!-- \/ Yoast SEO plugin. -->","yoast_head_json":{"title":"Nova t\u00e9cnica de constru\u00e7\u00e3o modular permite montar uma casa inteira em poucos dias - Correio Braziliense - Radar","description":"Construir uma resid\u00eancia em tempo recorde j\u00e1 \u00e9 realidade. Entenda como os m\u00f3dulos pr\u00e9-fabricados aceleram a entrega e garantem qualidade t\u00e9cnica superior.","robots":{"index":"index","follow":"follow","max-snippet":"max-snippet:-1","max-image-preview":"max-image-preview:large","max-video-preview":"max-video-preview:-1"},"canonical":"https:\/\/www.correiobraziliense.com.br\/cbradar\/nova-tecnica-de-construcao-modular-permite-montar-uma-casa-inteira-em-poucos-dias\/","og_locale":"pt_BR","og_type":"article","og_title":"Nova t\u00e9cnica de constru\u00e7\u00e3o modular permite montar uma casa inteira em poucos dias - Correio Braziliense - Radar","og_description":"Construir uma resid\u00eancia em tempo recorde j\u00e1 \u00e9 realidade. Entenda como os m\u00f3dulos pr\u00e9-fabricados aceleram a entrega e garantem qualidade t\u00e9cnica superior.","og_url":"https:\/\/www.correiobraziliense.com.br\/cbradar\/nova-tecnica-de-construcao-modular-permite-montar-uma-casa-inteira-em-poucos-dias\/","og_site_name":"Correio Braziliense - Radar","article_published_time":"2026-03-12T13:15:00+00:00","og_image":[{"width":1280,"height":720,"url":"https:\/\/www.correiobraziliense.com.br\/cbradar\/wp-content\/uploads\/2026\/03\/freepik__casa-modular-moderna-sendo-posicionada-por-um-guin__63006.jpeg","type":"image\/jpeg"}],"author":"Paulo Custodio","twitter_card":"summary_large_image","twitter_misc":{"Escrito por":"Paulo Custodio","Est. tempo de leitura":"6 minutos"},"schema":{"@context":"https:\/\/schema.org","@graph":[{"@type":"WebPage","@id":"https:\/\/www.correiobraziliense.com.br\/cbradar\/nova-tecnica-de-construcao-modular-permite-montar-uma-casa-inteira-em-poucos-dias\/","url":"https:\/\/www.correiobraziliense.com.br\/cbradar\/nova-tecnica-de-construcao-modular-permite-montar-uma-casa-inteira-em-poucos-dias\/","name":"Nova t\u00e9cnica de constru\u00e7\u00e3o modular permite montar uma casa inteira em poucos dias - Correio Braziliense - Radar","isPartOf":{"@id":"https:\/\/www.correiobraziliense.com.br\/cbradar\/#website"},"primaryImageOfPage":{"@id":"https:\/\/www.correiobraziliense.com.br\/cbradar\/nova-tecnica-de-construcao-modular-permite-montar-uma-casa-inteira-em-poucos-dias\/#primaryimage"},"image":{"@id":"https:\/\/www.correiobraziliense.com.br\/cbradar\/nova-tecnica-de-construcao-modular-permite-montar-uma-casa-inteira-em-poucos-dias\/#primaryimage"},"thumbnailUrl":"https:\/\/www.correiobraziliense.com.br\/cbradar\/wp-content\/uploads\/2026\/03\/freepik__casa-modular-moderna-sendo-posicionada-por-um-guin__63006.jpeg","datePublished":"2026-03-12T13:15:00+00:00","author":{"@id":"https:\/\/www.correiobraziliense.com.br\/cbradar\/#\/schema\/person\/4cec7857301a9a1a2ef249893cd908d3"},"description":"Construir uma resid\u00eancia em tempo recorde j\u00e1 \u00e9 realidade. Entenda como os m\u00f3dulos pr\u00e9-fabricados aceleram a entrega e garantem qualidade t\u00e9cnica superior.","breadcrumb":{"@id":"https:\/\/www.correiobraziliense.com.br\/cbradar\/nova-tecnica-de-construcao-modular-permite-montar-uma-casa-inteira-em-poucos-dias\/#breadcrumb"},"inLanguage":"pt-BR","potentialAction":[{"@type":"ReadAction","target":["https:\/\/www.correiobraziliense.com.br\/cbradar\/nova-tecnica-de-construcao-modular-permite-montar-uma-casa-inteira-em-poucos-dias\/"]}]},{"@type":"ImageObject","inLanguage":"pt-BR","@id":"https:\/\/www.correiobraziliense.com.br\/cbradar\/nova-tecnica-de-construcao-modular-permite-montar-uma-casa-inteira-em-poucos-dias\/#primaryimage","url":"https:\/\/www.correiobraziliense.com.br\/cbradar\/wp-content\/uploads\/2026\/03\/freepik__casa-modular-moderna-sendo-posicionada-por-um-guin__63006.jpeg","contentUrl":"https:\/\/www.correiobraziliense.com.br\/cbradar\/wp-content\/uploads\/2026\/03\/freepik__casa-modular-moderna-sendo-posicionada-por-um-guin__63006.jpeg","width":1280,"height":720,"caption":"Esse m\u00e9todo reduz o tempo de constru\u00e7\u00e3o em compara\u00e7\u00e3o com obras tradicionais"},{"@type":"BreadcrumbList","@id":"https:\/\/www.correiobraziliense.com.br\/cbradar\/nova-tecnica-de-construcao-modular-permite-montar-uma-casa-inteira-em-poucos-dias\/#breadcrumb","itemListElement":[{"@type":"ListItem","position":1,"name":"In\u00edcio","item":"https:\/\/www.correiobraziliense.com.br\/cbradar\/"},{"@type":"ListItem","position":2,"name":"Nova t\u00e9cnica de constru\u00e7\u00e3o modular permite montar uma casa inteira em poucos dias"}]},{"@type":"WebSite","@id":"https:\/\/www.correiobraziliense.com.br\/cbradar\/#website","url":"https:\/\/www.correiobraziliense.com.br\/cbradar\/","name":"Correio Braziliense - Radar","description":"Acompanhe as \u00faltimas not\u00edcias e fique bem informado sobre tudo o que acontece no Brasil e no mundo.","potentialAction":[{"@type":"SearchAction","target":{"@type":"EntryPoint","urlTemplate":"https:\/\/www.correiobraziliense.com.br\/cbradar\/?s={search_term_string}"},"query-input":{"@type":"PropertyValueSpecification","valueRequired":true,"valueName":"search_term_string"}}],"inLanguage":"pt-BR"},{"@type":"Person","@id":"https:\/\/www.correiobraziliense.com.br\/cbradar\/#\/schema\/person\/4cec7857301a9a1a2ef249893cd908d3","name":"Paulo Custodio","image":{"@type":"ImageObject","inLanguage":"pt-BR","@id":"https:\/\/www.correiobraziliense.com.br\/cbradar\/#\/schema\/person\/image\/","url":"https:\/\/secure.gravatar.com\/avatar\/bcd67168d1534e8fcf4f45c726a87cea?s=96&d=mm&r=g","contentUrl":"https:\/\/secure.gravatar.com\/avatar\/bcd67168d1534e8fcf4f45c726a87cea?s=96&d=mm&r=g","caption":"Paulo Custodio"},"sameAs":["https:\/\/www.correiobraziliense.com.br\/cbradar"],"url":"https:\/\/www.correiobraziliense.com.br\/cbradar\/author\/paulomyth\/"}]}},"_links":{"self":[{"href":"https:\/\/www.correiobraziliense.com.br\/cbradar\/wp-json\/wp\/v2\/posts\/205552","targetHints":{"allow":["GET"]}}],"collection":[{"href":"https:\/\/www.correiobraziliense.com.br\/cbradar\/wp-json\/wp\/v2\/posts"}],"about":[{"href":"https:\/\/www.correiobraziliense.com.br\/cbradar\/wp-json\/wp\/v2\/types\/post"}],"author":[{"embeddable":true,"href":"https:\/\/www.correiobraziliense.com.br\/cbradar\/wp-json\/wp\/v2\/users\/11"}],"replies":[{"embeddable":true,"href":"https:\/\/www.correiobraziliense.com.br\/cbradar\/wp-json\/wp\/v2\/comments?post=205552"}],"version-history":[{"count":1,"href":"https:\/\/www.correiobraziliense.com.br\/cbradar\/wp-json\/wp\/v2\/posts\/205552\/revisions"}],"predecessor-version":[{"id":205577,"href":"https:\/\/www.correiobraziliense.com.br\/cbradar\/wp-json\/wp\/v2\/posts\/205552\/revisions\/205577"}],"wp:featuredmedia":[{"embeddable":true,"href":"https:\/\/www.correiobraziliense.com.br\/cbradar\/wp-json\/wp\/v2\/media\/207038"}],"wp:attachment":[{"href":"https:\/\/www.correiobraziliense.com.br\/cbradar\/wp-json\/wp\/v2\/media?parent=205552"}],"wp:term":[{"taxonomy":"category","embeddable":true,"href":"https:\/\/www.correiobraziliense.com.br\/cbradar\/wp-json\/wp\/v2\/categories?post=205552"},{"taxonomy":"post_tag","embeddable":true,"href":"https:\/\/www.correiobraziliense.com.br\/cbradar\/wp-json\/wp\/v2\/post_tag?post=205552"}],"curies":[{"name":"wp","href":"https:\/\/api.w.org\/{rel}","templated":true}]}}