{"id":205564,"date":"2026-03-10T08:45:00","date_gmt":"2026-03-10T11:45:00","guid":{"rendered":"https:\/\/www.correiobraziliense.com.br\/cbradar\/?p=205564"},"modified":"2026-03-09T12:25:30","modified_gmt":"2026-03-09T15:25:30","slug":"as-7-palavras-com-s-que-muita-gente-ainda-escreve-com-z","status":"publish","type":"post","link":"https:\/\/www.correiobraziliense.com.br\/cbradar\/as-7-palavras-com-s-que-muita-gente-ainda-escreve-com-z\/","title":{"rendered":"As 7 palavras com \u201cS\u201d que muita gente ainda escreve com \u201cZ\u201d"},"content":{"rendered":"\n<p>Dominar as regras da l\u00edngua portuguesa exige aten\u00e7\u00e3o constante aos detalhes ortogr\u00e1ficos que costumam confundir at\u00e9 os escritores mais experientes. Muitas palavras utilizam a letra S com som de Z, gerando d\u00favidas frequentes no momento da escrita manual ou digital. Compreender essas normas b\u00e1sicas \u00e9 essencial para garantir textos profissionais impec\u00e1veis e transmitir credibilidade total.<\/p>\n\n\n\n<h2 class=\"wp-block-heading\">Por que a confus\u00e3o sonora entre S e Z \u00e9 t\u00e3o comum no portugu\u00eas?<\/h2>\n\n\n\n<p>A fon\u00e9tica da nossa l\u00edngua permite que letras diferentes produzam exatamente o mesmo som em contextos espec\u00edficos, como ocorre entre as vogais. O uso do S intervoc\u00e1lico assume a sonoridade da letra Z, induzindo o redator ao erro por causa da percep\u00e7\u00e3o auditiva imediata. Estudar a etimologia das palavras ajuda a fixar a grafia correta de forma definitiva e segura.<\/p>\n\n\n\n<p>Escrever corretamente demonstra um alto n\u00edvel de instru\u00e7\u00e3o e respeito pelas normas gramaticais estabelecidas pelos \u00f3rg\u00e3os oficiais de educa\u00e7\u00e3o nacional. Erros ortogr\u00e1ficos b\u00e1sicos podem comprometer a imagem de um profissional em curr\u00edculos ou e-mails corporativos muito importantes. Manter o h\u00e1bito da leitura frequente funciona como um exerc\u00edcio visual poderoso para memorizar as formas padr\u00e3o atuais e corretas.<\/p>\n\n\n\n<figure class=\"wp-block-image size-full\"><img decoding=\"async\" width=\"1280\" height=\"720\" src=\"https:\/\/www.correiobraziliense.com.br\/cbradar\/wp-content\/uploads\/2026\/03\/Gemini_Generated_Image_1crk3l1crk3l1crk-1-1.png\" alt=\"As 7 palavras com \u201cS\u201d que muita gente ainda escreve com \u201cZ\u201d\" class=\"wp-image-205582\" srcset=\"https:\/\/www.correiobraziliense.com.br\/cbradar\/wp-content\/uploads\/2026\/03\/Gemini_Generated_Image_1crk3l1crk3l1crk-1-1.png 1280w, https:\/\/www.correiobraziliense.com.br\/cbradar\/wp-content\/uploads\/2026\/03\/Gemini_Generated_Image_1crk3l1crk3l1crk-1-1-300x169.png 300w, https:\/\/www.correiobraziliense.com.br\/cbradar\/wp-content\/uploads\/2026\/03\/Gemini_Generated_Image_1crk3l1crk3l1crk-1-1-768x432.png 768w, https:\/\/www.correiobraziliense.com.br\/cbradar\/wp-content\/uploads\/2026\/03\/Gemini_Generated_Image_1crk3l1crk3l1crk-1-1-750x422.png 750w, https:\/\/www.correiobraziliense.com.br\/cbradar\/wp-content\/uploads\/2026\/03\/Gemini_Generated_Image_1crk3l1crk3l1crk-1-1-1140x641.png 1140w\" sizes=\"(max-width: 1280px) 100vw, 1280px\" \/><figcaption class=\"wp-element-caption\">As 7 palavras com \u201cS\u201d que muita gente ainda escreve com \u201cZ\u201d<\/figcaption><\/figure>\n\n\n\n<h2 class=\"wp-block-heading\">Como evitar os erros mais frequentes nos verbos terminados em ISAR?<\/h2>\n\n\n\n<p>Muitas pessoas acreditam que verbos que indicam a\u00e7\u00e3o devem terminar obrigatoriamente em Z, por\u00e9m a regra gramatical depende do substantivo original. Se a palavra primitiva j\u00e1 possuir a letra S em sua estrutura radical, o verbo derivado manter\u00e1 essa mesma caracter\u00edstica ortogr\u00e1fica original. Essa l\u00f3gica simples resolve a maioria das d\u00favidas comuns do cotidiano escolar e do trabalho.<\/p>\n\n\n\n<p>Por outro lado, verbos que derivam de palavras sem a letra S em sua base devem ser escritos utilizando a letra Z. Conhecer essa distin\u00e7\u00e3o t\u00e9cnica fundamental \u00e9 o primeiro passo para evitar deslizes graves em reda\u00e7\u00f5es acad\u00eamicas ou documentos jur\u00eddicos complexos. A <strong>aten\u00e7\u00e3o aos detalhes<\/strong> transforma um texto simples em uma pe\u00e7a de comunica\u00e7\u00e3o clara, correta e muito profissional.<\/p>\n\n\n\n<h2 class=\"wp-block-heading\">Quais s\u00e3o os termos que lideram o ranking das falhas ortogr\u00e1ficas?<\/h2>\n\n\n\n<p>Algumas palavras espec\u00edficas aparecem constantemente com a grafia trocada em redes sociais e blogs de conte\u00fado informativo devido ao uso equivocado do corretor autom\u00e1tico. Memorizar este conjunto de termos ajuda a criar um filtro mental eficiente durante a revis\u00e3o final de qualquer material produzido hoje. Estar atento \u00e0s regras \u00e9 o segredo para escrever sempre bem e corretamente.<\/p>\n\n\n\n<p>Para que sua comunica\u00e7\u00e3o escrita seja sempre impec\u00e1vel e livre de erros que comprometem a autoridade do seu discurso, verifique os termos que exigem cautela:<\/p>\n\n\n\n<ul class=\"wp-block-list\">\n<li>Analisar<\/li>\n\n\n\n<li>Atr\u00e1s<\/li>\n\n\n\n<li>Paralisar<\/li>\n\n\n\n<li>Quis<\/li>\n\n\n\n<li>Pesquisar<\/li>\n\n\n\n<li>Improvisar<\/li>\n\n\n\n<li>Alisar<\/li>\n<\/ul>\n\n\n\n<h2 class=\"wp-block-heading\">Qual a l\u00f3gica gramatical por tr\u00e1s do uso do S nestas situa\u00e7\u00f5es?<\/h2>\n\n\n\n<p>O uso correto do S em palavras como analisar ocorre porque o substantivo de origem, an\u00e1lise, j\u00e1 cont\u00e9m a letra S em sua grafia. Da mesma forma, verbos como pesquisar derivam de pesquisa, mantendo a coer\u00eancia estrutural exigida pela norma culta da nossa l\u00edngua portuguesa. Respeitar essa <strong>heran\u00e7a morfol\u00f3gica<\/strong> \u00e9 a base para uma escrita t\u00e9cnica de alto n\u00edvel.<\/p>\n\n\n\n<p>Outro caso interessante \u00e9 a forma verbal quis, que pertence ao verbo querer e deve ser sempre escrita com S, nunca com Z. Muitas pessoas confundem essa palavra com o termo ingl\u00eas quiz, que se refere a um question\u00e1rio de perguntas e respostas r\u00e1pidas. Diferenciar essas grafias \u00e9 vital para evitar erros embara\u00e7osos em contextos formais de comunica\u00e7\u00e3o muito importantes.<\/p>\n\n\n\n<p>No v\u00eddeo abaixo do TiKTok <strong><em>Profamaria_eduarda<\/em><\/strong>, que conta com mais de<strong><em> 216 mil <\/em><\/strong>seguidores, ela ensina um macete para saber quando usar S ou Z:<\/p>\n\n\n\n<blockquote class=\"tiktok-embed\" cite=\"https:\/\/www.tiktok.com\/@profamaria_eduarda\/video\/7532278159937490182\" data-video-id=\"7532278159937490182\" style=\"max-width: 605px;min-width: 325px;\" > <section> <a target=\"_blank\" title=\"@profamaria_eduarda\" href=\"https:\/\/www.tiktok.com\/@profamaria_eduarda?refer=embed\">@profamaria_eduarda<\/a> &#34;S&#34; ou &#34;Z&#34; ? Gram\u00e1tica&#47; Ortografia&#47; L\u00edngua Portuguesa  Aprenda Gram\u00e1tica da L\u00edngua Portuguesa <a title=\"linguaportuguesa\" target=\"_blank\" href=\"https:\/\/www.tiktok.com\/tag\/linguaportuguesa?refer=embed\">#linguaportuguesa<\/a> <a title=\"gramatica\" target=\"_blank\" href=\"https:\/\/www.tiktok.com\/tag\/gramatica?refer=embed\">#gramatica<\/a> <a title=\"portugues\" target=\"_blank\" href=\"https:\/\/www.tiktok.com\/tag\/portugues?refer=embed\">#portugues<\/a> <a target=\"_blank\" title=\"\u266c som original - Maria Eduarda\" href=\"https:\/\/www.tiktok.com\/music\/som-original-7532278164195363589?refer=embed\">\u266c som original &#8211; Maria Eduarda<\/a> <\/section> <\/blockquote> <script async src=\"https:\/\/www.tiktok.com\/embed.js\"><\/script>\n\n\n\n<p>Leia tamb\u00e9m: <a href=\"https:\/\/www.correiobraziliense.com.br\/cbradar\/por-que-livros-classicos-continuam-relevantes-para-compreender-dilemas-humanos\/\" target=\"_blank\" rel=\"noreferrer noopener\">Por que livros cl\u00e1ssicos continuam relevantes para compreender dilemas humanos<\/a><\/p>\n\n\n\n<h2 class=\"wp-block-heading\">Qual o melhor portal para consultar as normas oficiais da nossa l\u00edngua?<\/h2>\n\n\n\n<p>Consultar dicion\u00e1rios renomados e o vocabul\u00e1rio oficial \u00e9 a maneira mais segura de sanar d\u00favidas ortogr\u00e1ficas antes de publicar qualquer conte\u00fado relevante na internet. A <strong>Academia Brasileira de Letras<\/strong> disponibiliza ferramentas digitais gratuitas que facilitam a consulta r\u00e1pida \u00e0s normas do Acordo Ortogr\u00e1fico vigente. Basear sua escrita em fontes de autoridade m\u00e1xima garante um texto tecnicamente perfeito e muito seguro.<\/p>\n\n\n\n<p>A busca constante pela excel\u00eancia gramatical reflete o cuidado que o autor possui com sua pr\u00f3pria marca profissional e autoridade intelectual no mercado. Utilizar recursos oficiais de consulta previne a propaga\u00e7\u00e3o de erros comuns que podem manchar a reputa\u00e7\u00e3o de um bom redator experiente. Acesse o <a target=\"_blank\" rel=\"noreferrer noopener\" href=\"https:\/\/www.academia.org.br\/nossa-lingua\/busca-no-vocabulario\">Vocabul\u00e1rio Ortogr\u00e1fico da L\u00edngua Portuguesa<\/a> da <strong>ABL<\/strong> para verificar a grafia oficial de palavras.<\/p>\n","protected":false},"excerpt":{"rendered":"<p>Dominar as regras da l\u00edngua portuguesa exige aten\u00e7\u00e3o constante aos detalhes ortogr\u00e1ficos que costumam confundir at\u00e9 os escritores mais experientes. Muitas palavras utilizam a letra S com som de Z, gerando d\u00favidas frequentes no momento da escrita manual ou digital. Compreender essas normas b\u00e1sicas \u00e9 essencial para garantir textos profissionais impec\u00e1veis e transmitir credibilidade total. [&hellip;]<\/p>\n","protected":false},"author":21,"featured_media":205579,"comment_status":"open","ping_status":"open","sticky":false,"template":"","format":"standard","meta":{"_yoast_wpseo_focuskw":"palavras com S que parecem Z","_yoast_wpseo_title":"","_yoast_wpseo_metadesc":"Algumas palavras da l\u00edngua portuguesa usam S com som de Z e lideram erros comuns de escrita em textos do dia a dia","jnews-multi-image_gallery":[],"jnews_single_post":{"format":"standard"},"jnews_primary_category":[],"jnews_social_meta":[],"jnews_override_counter":[],"footnotes":""},"categories":[112],"post_tag":[10902,5829,15799,15903],"class_list":["post-205564","post","type-post","status-publish","format-standard","has-post-thumbnail","hentry","category-curiosidades","tag-lingua-portuguesa","tag-palavras","tag-portuuges","tag-s-e-z"],"yoast_head":"<!-- This site is optimized with the Yoast SEO plugin v24.6 - https:\/\/yoast.com\/wordpress\/plugins\/seo\/ -->\n<title>As 7 palavras com \u201cS\u201d que muita gente ainda escreve com \u201cZ\u201d - Correio Braziliense - Radar<\/title>\n<meta name=\"description\" content=\"Algumas palavras da l\u00edngua portuguesa usam S com som de Z e lideram erros comuns de escrita em textos do dia a dia\" \/>\n<meta name=\"robots\" content=\"index, follow, max-snippet:-1, max-image-preview:large, max-video-preview:-1\" \/>\n<link rel=\"canonical\" href=\"https:\/\/www.correiobraziliense.com.br\/cbradar\/as-7-palavras-com-s-que-muita-gente-ainda-escreve-com-z\/\" \/>\n<meta property=\"og:locale\" content=\"pt_BR\" \/>\n<meta property=\"og:type\" content=\"article\" \/>\n<meta property=\"og:title\" content=\"As 7 palavras com \u201cS\u201d que muita gente ainda escreve com \u201cZ\u201d - Correio Braziliense - Radar\" \/>\n<meta property=\"og:description\" content=\"Algumas palavras da l\u00edngua portuguesa usam S com som de Z e lideram erros comuns de escrita em textos do dia a dia\" \/>\n<meta property=\"og:url\" content=\"https:\/\/www.correiobraziliense.com.br\/cbradar\/as-7-palavras-com-s-que-muita-gente-ainda-escreve-com-z\/\" \/>\n<meta property=\"og:site_name\" content=\"Correio Braziliense - Radar\" \/>\n<meta property=\"article:published_time\" content=\"2026-03-10T11:45:00+00:00\" \/>\n<meta property=\"og:image\" content=\"https:\/\/www.correiobraziliense.com.br\/cbradar\/wp-content\/uploads\/2026\/03\/Gemini_Generated_Image_j76swqj76swqj76s-1-1.png\" \/>\n\t<meta property=\"og:image:width\" content=\"1280\" \/>\n\t<meta property=\"og:image:height\" content=\"720\" \/>\n\t<meta property=\"og:image:type\" content=\"image\/png\" \/>\n<meta name=\"author\" content=\"Patrick Silva\" \/>\n<meta name=\"twitter:card\" content=\"summary_large_image\" \/>\n<meta name=\"twitter:label1\" content=\"Escrito por\" \/>\n\t<meta name=\"twitter:data1\" content=\"Patrick Silva\" \/>\n\t<meta name=\"twitter:label2\" content=\"Est. tempo de leitura\" \/>\n\t<meta name=\"twitter:data2\" content=\"5 minutos\" \/>\n<!-- \/ Yoast SEO plugin. -->","yoast_head_json":{"title":"As 7 palavras com \u201cS\u201d que muita gente ainda escreve com \u201cZ\u201d - Correio Braziliense - Radar","description":"Algumas palavras da l\u00edngua portuguesa usam S com som de Z e lideram erros comuns de escrita em textos do dia a dia","robots":{"index":"index","follow":"follow","max-snippet":"max-snippet:-1","max-image-preview":"max-image-preview:large","max-video-preview":"max-video-preview:-1"},"canonical":"https:\/\/www.correiobraziliense.com.br\/cbradar\/as-7-palavras-com-s-que-muita-gente-ainda-escreve-com-z\/","og_locale":"pt_BR","og_type":"article","og_title":"As 7 palavras com \u201cS\u201d que muita gente ainda escreve com \u201cZ\u201d - Correio Braziliense - Radar","og_description":"Algumas palavras da l\u00edngua portuguesa usam S com som de Z e lideram erros comuns de escrita em textos do dia a dia","og_url":"https:\/\/www.correiobraziliense.com.br\/cbradar\/as-7-palavras-com-s-que-muita-gente-ainda-escreve-com-z\/","og_site_name":"Correio Braziliense - Radar","article_published_time":"2026-03-10T11:45:00+00:00","og_image":[{"width":1280,"height":720,"url":"https:\/\/www.correiobraziliense.com.br\/cbradar\/wp-content\/uploads\/2026\/03\/Gemini_Generated_Image_j76swqj76swqj76s-1-1.png","type":"image\/png"}],"author":"Patrick Silva","twitter_card":"summary_large_image","twitter_misc":{"Escrito por":"Patrick Silva","Est. tempo de leitura":"5 minutos"},"schema":{"@context":"https:\/\/schema.org","@graph":[{"@type":"WebPage","@id":"https:\/\/www.correiobraziliense.com.br\/cbradar\/as-7-palavras-com-s-que-muita-gente-ainda-escreve-com-z\/","url":"https:\/\/www.correiobraziliense.com.br\/cbradar\/as-7-palavras-com-s-que-muita-gente-ainda-escreve-com-z\/","name":"As 7 palavras com \u201cS\u201d que muita gente ainda escreve com \u201cZ\u201d - Correio Braziliense - Radar","isPartOf":{"@id":"https:\/\/www.correiobraziliense.com.br\/cbradar\/#website"},"primaryImageOfPage":{"@id":"https:\/\/www.correiobraziliense.com.br\/cbradar\/as-7-palavras-com-s-que-muita-gente-ainda-escreve-com-z\/#primaryimage"},"image":{"@id":"https:\/\/www.correiobraziliense.com.br\/cbradar\/as-7-palavras-com-s-que-muita-gente-ainda-escreve-com-z\/#primaryimage"},"thumbnailUrl":"https:\/\/www.correiobraziliense.com.br\/cbradar\/wp-content\/uploads\/2026\/03\/Gemini_Generated_Image_j76swqj76swqj76s-1-1.png","datePublished":"2026-03-10T11:45:00+00:00","author":{"@id":"https:\/\/www.correiobraziliense.com.br\/cbradar\/#\/schema\/person\/5440b72be9c7eb74f446c846479dc4da"},"description":"Algumas palavras da l\u00edngua portuguesa usam S com som de Z e lideram erros comuns de escrita em textos do dia a dia","breadcrumb":{"@id":"https:\/\/www.correiobraziliense.com.br\/cbradar\/as-7-palavras-com-s-que-muita-gente-ainda-escreve-com-z\/#breadcrumb"},"inLanguage":"pt-BR","potentialAction":[{"@type":"ReadAction","target":["https:\/\/www.correiobraziliense.com.br\/cbradar\/as-7-palavras-com-s-que-muita-gente-ainda-escreve-com-z\/"]}]},{"@type":"ImageObject","inLanguage":"pt-BR","@id":"https:\/\/www.correiobraziliense.com.br\/cbradar\/as-7-palavras-com-s-que-muita-gente-ainda-escreve-com-z\/#primaryimage","url":"https:\/\/www.correiobraziliense.com.br\/cbradar\/wp-content\/uploads\/2026\/03\/Gemini_Generated_Image_j76swqj76swqj76s-1-1.png","contentUrl":"https:\/\/www.correiobraziliense.com.br\/cbradar\/wp-content\/uploads\/2026\/03\/Gemini_Generated_Image_j76swqj76swqj76s-1-1.png","width":1280,"height":720,"caption":"Algumas palavras com S soam como Z e causam erros comuns na escrita do portugu\u00eas"},{"@type":"BreadcrumbList","@id":"https:\/\/www.correiobraziliense.com.br\/cbradar\/as-7-palavras-com-s-que-muita-gente-ainda-escreve-com-z\/#breadcrumb","itemListElement":[{"@type":"ListItem","position":1,"name":"In\u00edcio","item":"https:\/\/www.correiobraziliense.com.br\/cbradar\/"},{"@type":"ListItem","position":2,"name":"As 7 palavras com \u201cS\u201d que muita gente ainda escreve com \u201cZ\u201d"}]},{"@type":"WebSite","@id":"https:\/\/www.correiobraziliense.com.br\/cbradar\/#website","url":"https:\/\/www.correiobraziliense.com.br\/cbradar\/","name":"Correio Braziliense - Radar","description":"Acompanhe as \u00faltimas not\u00edcias e fique bem informado sobre tudo o que acontece no Brasil e no mundo.","potentialAction":[{"@type":"SearchAction","target":{"@type":"EntryPoint","urlTemplate":"https:\/\/www.correiobraziliense.com.br\/cbradar\/?s={search_term_string}"},"query-input":{"@type":"PropertyValueSpecification","valueRequired":true,"valueName":"search_term_string"}}],"inLanguage":"pt-BR"},{"@type":"Person","@id":"https:\/\/www.correiobraziliense.com.br\/cbradar\/#\/schema\/person\/5440b72be9c7eb74f446c846479dc4da","name":"Patrick Silva","image":{"@type":"ImageObject","inLanguage":"pt-BR","@id":"https:\/\/www.correiobraziliense.com.br\/cbradar\/#\/schema\/person\/image\/","url":"https:\/\/secure.gravatar.com\/avatar\/944109df296fc087785c9715fd5f80b2?s=96&d=mm&r=g","contentUrl":"https:\/\/secure.gravatar.com\/avatar\/944109df296fc087785c9715fd5f80b2?s=96&d=mm&r=g","caption":"Patrick Silva"},"sameAs":["https:\/\/www.correiobraziliense.com.br\/cbradar\/"],"url":"https:\/\/www.correiobraziliense.com.br\/cbradar\/author\/patrick-silva\/"}]}},"_links":{"self":[{"href":"https:\/\/www.correiobraziliense.com.br\/cbradar\/wp-json\/wp\/v2\/posts\/205564","targetHints":{"allow":["GET"]}}],"collection":[{"href":"https:\/\/www.correiobraziliense.com.br\/cbradar\/wp-json\/wp\/v2\/posts"}],"about":[{"href":"https:\/\/www.correiobraziliense.com.br\/cbradar\/wp-json\/wp\/v2\/types\/post"}],"author":[{"embeddable":true,"href":"https:\/\/www.correiobraziliense.com.br\/cbradar\/wp-json\/wp\/v2\/users\/21"}],"replies":[{"embeddable":true,"href":"https:\/\/www.correiobraziliense.com.br\/cbradar\/wp-json\/wp\/v2\/comments?post=205564"}],"version-history":[{"count":1,"href":"https:\/\/www.correiobraziliense.com.br\/cbradar\/wp-json\/wp\/v2\/posts\/205564\/revisions"}],"predecessor-version":[{"id":205584,"href":"https:\/\/www.correiobraziliense.com.br\/cbradar\/wp-json\/wp\/v2\/posts\/205564\/revisions\/205584"}],"wp:featuredmedia":[{"embeddable":true,"href":"https:\/\/www.correiobraziliense.com.br\/cbradar\/wp-json\/wp\/v2\/media\/205579"}],"wp:attachment":[{"href":"https:\/\/www.correiobraziliense.com.br\/cbradar\/wp-json\/wp\/v2\/media?parent=205564"}],"wp:term":[{"taxonomy":"category","embeddable":true,"href":"https:\/\/www.correiobraziliense.com.br\/cbradar\/wp-json\/wp\/v2\/categories?post=205564"},{"taxonomy":"post_tag","embeddable":true,"href":"https:\/\/www.correiobraziliense.com.br\/cbradar\/wp-json\/wp\/v2\/post_tag?post=205564"}],"curies":[{"name":"wp","href":"https:\/\/api.w.org\/{rel}","templated":true}]}}