{"id":205575,"date":"2026-03-11T01:45:00","date_gmt":"2026-03-11T04:45:00","guid":{"rendered":"https:\/\/www.correiobraziliense.com.br\/cbradar\/?p=205575"},"modified":"2026-03-10T19:23:42","modified_gmt":"2026-03-10T22:23:42","slug":"filhos-nascidos-nesses-meses-tendem-a-ter-maior-sensibilidade-emocional-segundo-a-astrologia","status":"publish","type":"post","link":"https:\/\/www.correiobraziliense.com.br\/cbradar\/filhos-nascidos-nesses-meses-tendem-a-ter-maior-sensibilidade-emocional-segundo-a-astrologia\/","title":{"rendered":"Filhos nascidos nesses meses tendem a ter maior sensibilidade emocional, segundo a astrologia"},"content":{"rendered":"\n<p>A compreens\u00e3o da sensibilidade infantil exige um olhar atento aos ciclos naturais que moldam o temperamento desde os primeiros dias de vida. Diversas tradi\u00e7\u00f5es ancestrais e observa\u00e7\u00f5es contempor\u00e2neas sugerem que o m\u00eas de nascimento influencia profundamente a capacidade de sentir o mundo ao redor. Identificar esses tra\u00e7os ajuda pais no acolhimento emocional constante.<\/p>\n\n\n\n<h2 class=\"wp-block-heading\">Por que o per\u00edodo do nascimento afeta o sentir?<\/h2>\n\n\n\n<p>O ambiente em que a crian\u00e7a se desenvolve logo ap\u00f3s o parto impacta diretamente a forma\u00e7\u00e3o de sua percep\u00e7\u00e3o sensorial prim\u00e1ria. Fatores como a intensidade da luz solar e a temperatura ambiente regulam neurotransmissores vitais, como a serotonina, que define o humor b\u00e1sico. Essa programa\u00e7\u00e3o biol\u00f3gica inicial cria uma base s\u00f3lida para a manifesta\u00e7\u00e3o futura de sentimentos intensos.<\/p>\n\n\n\n<p>Filhos que nascem em \u00e9pocas de transi\u00e7\u00e3o clim\u00e1tica costumam demonstrar uma receptividade maior aos est\u00edmulos do ambiente externo e familiar. Eles processam as emo\u00e7\u00f5es de forma mais profunda, captando nuances que outras crian\u00e7as podem ignorar durante o crescimento. Desenvolver essa caracter\u00edstica exige paci\u00eancia e um ambiente seguro que permita a express\u00e3o livre de todas as suas sensa\u00e7\u00f5es.<\/p>\n\n\n\n<figure class=\"wp-block-image size-full\"><img decoding=\"async\" width=\"1280\" height=\"720\" src=\"https:\/\/www.correiobraziliense.com.br\/cbradar\/wp-content\/uploads\/2026\/03\/Gemini_Generated_Image_vjm55avjm55avjm5-1-1.png\" alt=\"Filhos nascidos nesses meses tendem a ter maior sensibilidade emocional, segundo a astrologia\" class=\"wp-image-205580\" srcset=\"https:\/\/www.correiobraziliense.com.br\/cbradar\/wp-content\/uploads\/2026\/03\/Gemini_Generated_Image_vjm55avjm55avjm5-1-1.png 1280w, https:\/\/www.correiobraziliense.com.br\/cbradar\/wp-content\/uploads\/2026\/03\/Gemini_Generated_Image_vjm55avjm55avjm5-1-1-300x169.png 300w, https:\/\/www.correiobraziliense.com.br\/cbradar\/wp-content\/uploads\/2026\/03\/Gemini_Generated_Image_vjm55avjm55avjm5-1-1-768x432.png 768w, https:\/\/www.correiobraziliense.com.br\/cbradar\/wp-content\/uploads\/2026\/03\/Gemini_Generated_Image_vjm55avjm55avjm5-1-1-750x422.png 750w, https:\/\/www.correiobraziliense.com.br\/cbradar\/wp-content\/uploads\/2026\/03\/Gemini_Generated_Image_vjm55avjm55avjm5-1-1-1140x641.png 1140w\" sizes=\"(max-width: 1280px) 100vw, 1280px\" \/><figcaption class=\"wp-element-caption\">Como o m\u00eas de nascimento pode influenciar sensibilidade emocional e percep\u00e7\u00e3o infantil<\/figcaption><\/figure>\n\n\n\n<h2 class=\"wp-block-heading\">Como identificar um temperamento altamente sens\u00edvel?<\/h2>\n\n\n\n<p>Identificar a alta sensibilidade emocional envolve observar como o pequeno reage a mudan\u00e7as bruscas na rotina ou em ambientes barulhentos. Crian\u00e7as com essa caracter\u00edstica tendem a ser mais emp\u00e1ticas, sentindo a dor ou alegria dos outros como se fossem suas. Esse tra\u00e7o de personalidade requer um suporte cont\u00ednuo dos cuidadores para evitar o esgotamento mental precoce e constante.<\/p>\n\n\n\n<p>Al\u00e9m da empatia, a crian\u00e7a sens\u00edvel costuma possuir uma imagina\u00e7\u00e3o rica e uma conex\u00e3o forte com as artes e a natureza. Ela percebe o mundo atrav\u00e9s de filtros emocionais complexos, o que pode gerar momentos de introspec\u00e7\u00e3o valiosa para o seu desenvolvimento pleno. Valorizar esse dom natural fortalece a autoconfian\u00e7a e permite que o indiv\u00edduo cres\u00e7a com equil\u00edbrio interno.<\/p>\n\n\n\n<h2 class=\"wp-block-heading\">Quais signos demonstram maior percep\u00e7\u00e3o sensorial?<\/h2>\n\n\n\n<p>A astrologia associa determinados meses a elementos que favorecem a fluidez dos sentimentos e a intui\u00e7\u00e3o agu\u00e7ada desde a primeira inf\u00e2ncia. Esses per\u00edodos s\u00e3o regidos por energias que incentivam a conex\u00e3o com o inconsciente e a valoriza\u00e7\u00e3o dos la\u00e7os afetivos. Pais que compreendem esses ciclos conseguem oferecer est\u00edmulos mais adequados para potencializar a <strong>intelig\u00eancia emocional<\/strong> de seus filhos.<\/p>\n\n\n\n<p>Para identificar as janelas temporais em que a sensibilidade sensorial costuma se manifestar com maior intensidade e precis\u00e3o biol\u00f3gica, considere as seguintes \u00e9pocas:<\/p>\n\n\n\n<div class=\"google-auto-ads-ignore\" style=\"box-sizing: border-box; display: flex; flex-direction: column; width: 100%; max-width: 800px; margin: 30px auto; background-color: #0f172a; color: #f8fafc; border-radius: 20px; overflow: hidden; font-family: 'Segoe UI', Roboto, sans-serif; box-shadow: 0 20px 50px rgba(30, 41, 59, 0.7); border: 1px solid rgba(255, 255, 255, 0.1); position: relative; z-index: 5;\">\n\n  <div style=\"background: linear-gradient(135deg, #1e1b4b 0%, #312e81 50%, #4338ca 100%); padding: 40px 20px; text-align: center; border-bottom: 2px solid rgba(255, 255, 255, 0.1);\">\n    <div style=\"font-size: 2.5rem; margin-bottom: 10px;\">\ud83c\udf0c<\/div>\n    <h2 style=\"margin: 0; color: #e0e7ff; font-size: 1.8rem; text-transform: uppercase; letter-spacing: 4px; text-shadow: 0 0 15px rgba(99, 102, 241, 0.8);\">Arqu\u00e9tipos da Sensibilidade<\/h2>\n    <div style=\"font-size: 0.9rem; margin-top: 10px; color: #a5b4fc; opacity: 0.8; font-weight: 300; letter-spacing: 1px;\">A profundidade zodiacal traduzida em ess\u00eancia emocional<\/div>\n  <\/div>\n\n  <div style=\"padding: 30px; display: flex; flex-wrap: wrap; gap: 15px; justify-content: center; background: radial-gradient(circle at top, #1e293b 0%, #0f172a 100%);\">\n    \n    <div style=\"flex: 1 1 300px; background: rgba(255, 255, 255, 0.03); padding: 20px; border-radius: 15px; border: 1px solid rgba(129, 140, 248, 0.2); backdrop-filter: blur(5px);\">\n      <div style=\"display: flex; align-items: center; gap: 12px; margin-bottom: 10px;\">\n        <span style=\"font-size: 1.5rem;\">\ud83c\udf19<\/span>\n        <strong style=\"font-size: 1.2rem; color: #818cf8; letter-spacing: 1px;\">C\u00e2ncer<\/strong>\n      <\/div>\n      <div style=\"font-size: 1.1rem; font-weight: 600; color: #e2e8f0; margin-bottom: 5px;\">Acolhimento profundo<\/div>\n      <div style=\"font-size: 0.9rem; color: #94a3b8; line-height: 1.4;\">A capacidade de criar um ref\u00fagio seguro para a alma e o cora\u00e7\u00e3o alheio.<\/div>\n    <\/div>\n\n    <div style=\"flex: 1 1 300px; background: rgba(255, 255, 255, 0.03); padding: 20px; border-radius: 15px; border: 1px solid rgba(244, 63, 94, 0.2); backdrop-filter: blur(5px);\">\n      <div style=\"display: flex; align-items: center; gap: 12px; margin-bottom: 10px;\">\n        <span style=\"font-size: 1.5rem;\">\ud83e\udd82<\/span>\n        <strong style=\"font-size: 1.2rem; color: #fb7185; letter-spacing: 1px;\">Escorpi\u00e3o<\/strong>\n      <\/div>\n      <div style=\"font-size: 1.1rem; font-weight: 600; color: #e2e8f0; margin-bottom: 5px;\">Intensidade emocional<\/div>\n      <div style=\"font-size: 0.9rem; color: #94a3b8; line-height: 1.4;\">O mergulho nas profundezas das \u00e1guas ocultas e na transforma\u00e7\u00e3o ps\u00edquica.<\/div>\n    <\/div>\n\n    <div style=\"flex: 1 1 300px; background: rgba(255, 255, 255, 0.03); padding: 20px; border-radius: 15px; border: 1px solid rgba(45, 212, 191, 0.2); backdrop-filter: blur(5px);\">\n      <div style=\"display: flex; align-items: center; gap: 12px; margin-bottom: 10px;\">\n        <span style=\"font-size: 1.5rem;\">\ud83c\udf0a<\/span>\n        <strong style=\"font-size: 1.2rem; color: #2dd4bf; letter-spacing: 1px;\">Peixes<\/strong>\n      <\/div>\n      <div style=\"font-size: 1.1rem; font-weight: 600; color: #e2e8f0; margin-bottom: 5px;\">Percep\u00e7\u00e3o espiritual<\/div>\n      <div style=\"font-size: 0.9rem; color: #94a3b8; line-height: 1.4;\">A conex\u00e3o fluida com o intang\u00edvel e a dissolu\u00e7\u00e3o das fronteiras do eu.<\/div>\n    <\/div>\n\n    <div style=\"flex: 1 1 300px; background: rgba(255, 255, 255, 0.03); padding: 20px; border-radius: 15px; border: 1px solid rgba(163, 230, 53, 0.2); backdrop-filter: blur(5px);\">\n      <div style=\"display: flex; align-items: center; gap: 12px; margin-bottom: 10px;\">\n        <span style=\"font-size: 1.5rem;\">\ud83c\udf3f<\/span>\n        <strong style=\"font-size: 1.2rem; color: #a3e635; letter-spacing: 1px;\">Touro<\/strong>\n      <\/div>\n      <div style=\"font-size: 1.1rem; font-weight: 600; color: #e2e8f0; margin-bottom: 5px;\">Sensibilidade f\u00edsica<\/div>\n      <div style=\"font-size: 0.9rem; color: #94a3b8; line-height: 1.4;\">A aprecia\u00e7\u00e3o sagrada do tato, do conforto e da beleza manifesta na mat\u00e9ria.<\/div>\n    <\/div>\n\n    <div style=\"flex: 1 1 300px; background: rgba(255, 255, 255, 0.03); padding: 20px; border-radius: 15px; border: 1px solid rgba(251, 191, 36, 0.2); backdrop-filter: blur(5px);\">\n      <div style=\"display: flex; align-items: center; gap: 12px; margin-bottom: 10px;\">\n        <span style=\"font-size: 1.5rem;\">\ud83d\udc8e<\/span>\n        <strong style=\"font-size: 1.2rem; color: #fbbf24; letter-spacing: 1px;\">Virgem<\/strong>\n      <\/div>\n      <div style=\"font-size: 1.1rem; font-weight: 600; color: #e2e8f0; margin-bottom: 5px;\">An\u00e1lise emp\u00e1tica<\/div>\n      <div style=\"font-size: 0.9rem; color: #94a3b8; line-height: 1.4;\">O cuidado meticuloso que se traduz em servi\u00e7o \u00fatil e compreens\u00e3o pr\u00e1tica.<\/div>\n    <\/div>\n\n  <\/div>\n\n  <div style=\"padding: 20px; text-align: center; background-color: rgba(0,0,0,0.3); font-size: 0.75rem; color: #6366f1; letter-spacing: 5px; font-weight: bold;\">\n    \u2736 ASTROLOGIA \u2022 ALMA \u2022 EVOLU\u00c7\u00c3O \u2736\n  <\/div>\n<\/div>\n\n\n\n<h2 class=\"wp-block-heading\">Existe um impacto real na vida adulta?<\/h2>\n\n\n\n<p>O <strong><a href=\"https:\/\/www.correiobraziliense.com.br\/cbradar\/a-psicologia-diz-que-a-razao-pela-qual-muitas-pessoas-nao-conseguem-ser-felizes-nao-e-a-falta-de-sucesso-e-que-elas-aprenderam-a-medir-seu-valor-apenas-pela-aprovacao-dos-outros\/\" target=\"_blank\" rel=\"noreferrer noopener\">desenvolvimento <\/a><\/strong>de uma base emocional sens\u00edvel durante a inf\u00e2ncia prepara o indiv\u00edduo para lidar com relacionamentos interpessoais complexos no futuro. Adultos que cresceram em ambientes acolhedores tornam-se profissionais mais colaborativos e dotados de uma intelig\u00eancia social superior. A sensibilidade, quando bem direcionada, transforma-se em uma poderosa ferramenta de lideran\u00e7a e de compreens\u00e3o humana em nossa sociedade.<\/p>\n\n\n\n<p>Por outro lado, a falta de suporte pode transformar esse dom em uma vulnerabilidade constante perante as press\u00f5es do mundo moderno. \u00c9 vital que as crian\u00e7as aprendam a proteger sua energia e a estabelecer limites saud\u00e1veis desde os primeiros anos de vida. O <strong>autoconhecimento<\/strong> \u00e9 o escudo mais eficiente para manter a sa\u00fade mental e a estabilidade emocional em qualquer situa\u00e7\u00e3o.<\/p>\n\n\n\n<figure class=\"wp-block-image size-full\"><img decoding=\"async\" width=\"1280\" height=\"720\" src=\"https:\/\/www.correiobraziliense.com.br\/cbradar\/wp-content\/uploads\/2026\/03\/Gemini_Generated_Image_1i7vlt1i7vlt1i7v-1-1.png\" alt=\"Filhos nascidos nesses meses tendem a ter maior sensibilidade emocional, segundo a astrologia\" class=\"wp-image-205586\" srcset=\"https:\/\/www.correiobraziliense.com.br\/cbradar\/wp-content\/uploads\/2026\/03\/Gemini_Generated_Image_1i7vlt1i7vlt1i7v-1-1.png 1280w, https:\/\/www.correiobraziliense.com.br\/cbradar\/wp-content\/uploads\/2026\/03\/Gemini_Generated_Image_1i7vlt1i7vlt1i7v-1-1-300x169.png 300w, https:\/\/www.correiobraziliense.com.br\/cbradar\/wp-content\/uploads\/2026\/03\/Gemini_Generated_Image_1i7vlt1i7vlt1i7v-1-1-768x432.png 768w, https:\/\/www.correiobraziliense.com.br\/cbradar\/wp-content\/uploads\/2026\/03\/Gemini_Generated_Image_1i7vlt1i7vlt1i7v-1-1-750x422.png 750w, https:\/\/www.correiobraziliense.com.br\/cbradar\/wp-content\/uploads\/2026\/03\/Gemini_Generated_Image_1i7vlt1i7vlt1i7v-1-1-1140x641.png 1140w\" sizes=\"(max-width: 1280px) 100vw, 1280px\" \/><figcaption class=\"wp-element-caption\">Como o m\u00eas de nascimento pode influenciar sensibilidade emocional e percep\u00e7\u00e3o infantil<\/figcaption><\/figure>\n\n\n\n<h2 class=\"wp-block-heading\">O que a ci\u00eancia moderna revela sobre o tema?<\/h2>\n\n\n\n<p>Pesquisas no campo da <strong><a href=\"https:\/\/www.correiobraziliense.com.br\/cbradar\/a-psicologia-diz-que-a-razao-pela-qual-muitas-pessoas-nao-conseguem-ser-felizes-nao-e-a-falta-de-sucesso-e-que-elas-aprenderam-a-medir-seu-valor-apenas-pela-aprovacao-dos-outros\/\" target=\"_blank\" rel=\"noreferrer noopener\">psicologia <\/a><\/strong>do desenvolvimento investigam como a \u00e9poca do ano em que nascemos molda tra\u00e7os de temperamento duradouros. Algumas evid\u00eancias apontam para varia\u00e7\u00f5es na reatividade ao estresse baseadas em ciclos sazonais e na disponibilidade de nutrientes maternos. Entender esses dados ajuda a desmistificar comportamentos e a oferecer um cuidado mais personalizado para cada tipo de crian\u00e7a.<\/p>\n\n\n\n<p>Segundo estudos da <strong>American Academy of Pediatrics<\/strong>, o ambiente precoce influencia diretamente a resili\u00eancia emocional e o comportamento social dos jovens. Voc\u00ea pode consultar diretrizes detalhadas sobre o desenvolvimento saud\u00e1vel de crian\u00e7as no portal oficial da <strong><a target=\"_blank\" rel=\"noreferrer noopener\" href=\"https:\/\/www.healthychildren.org\/English\/ages-stages\/Pages\/default.aspx\">AAP<\/a><\/strong>. Seguir recomenda\u00e7\u00f5es baseadas em evid\u00eancias s\u00f3lidas garante que o potencial de sensibilidade do seu filho seja nutrido com total seguran\u00e7a e afeto.<\/p>\n","protected":false},"excerpt":{"rendered":"<p>A compreens\u00e3o da sensibilidade infantil exige um olhar atento aos ciclos naturais que moldam o temperamento desde os primeiros dias de vida. Diversas tradi\u00e7\u00f5es ancestrais e observa\u00e7\u00f5es contempor\u00e2neas sugerem que o m\u00eas de nascimento influencia profundamente a capacidade de sentir o mundo ao redor. Identificar esses tra\u00e7os ajuda pais no acolhimento emocional constante. Por que [&hellip;]<\/p>\n","protected":false},"author":21,"featured_media":205591,"comment_status":"open","ping_status":"open","sticky":false,"template":"","format":"standard","meta":{"_yoast_wpseo_focuskw":"m\u00eas de nascimento e sensibilidade","_yoast_wpseo_title":"","_yoast_wpseo_metadesc":"Alguns meses de nascimento s\u00e3o associados a crian\u00e7as mais sens\u00edveis e emp\u00e1ticas, segundo tradi\u00e7\u00f5es e observa\u00e7\u00f5es.","jnews-multi-image_gallery":[],"jnews_single_post":{"format":"standard"},"jnews_primary_category":[],"jnews_social_meta":[],"jnews_override_counter":[],"footnotes":""},"categories":[112],"tags":[891,5018,2858,14217],"class_list":["post-205575","post","type-post","status-publish","format-standard","has-post-thumbnail","hentry","category-curiosidades","tag-astrologia","tag-emocional","tag-filhos","tag-mes-de-aniversario"],"yoast_head":"<!-- This site is optimized with the Yoast SEO plugin v24.6 - https:\/\/yoast.com\/wordpress\/plugins\/seo\/ -->\n<title>Filhos nascidos nesses meses tendem a ter maior sensibilidade emocional, segundo a astrologia - Correio Braziliense - Radar<\/title>\n<meta name=\"description\" content=\"Alguns meses de nascimento s\u00e3o associados a crian\u00e7as mais sens\u00edveis e emp\u00e1ticas, segundo tradi\u00e7\u00f5es e observa\u00e7\u00f5es.\" \/>\n<meta name=\"robots\" content=\"index, follow, max-snippet:-1, max-image-preview:large, max-video-preview:-1\" \/>\n<link rel=\"canonical\" href=\"https:\/\/www.correiobraziliense.com.br\/cbradar\/filhos-nascidos-nesses-meses-tendem-a-ter-maior-sensibilidade-emocional-segundo-a-astrologia\/\" \/>\n<meta property=\"og:locale\" content=\"pt_BR\" \/>\n<meta property=\"og:type\" content=\"article\" \/>\n<meta property=\"og:title\" content=\"Filhos nascidos nesses meses tendem a ter maior sensibilidade emocional, segundo a astrologia - Correio Braziliense - Radar\" \/>\n<meta property=\"og:description\" content=\"Alguns meses de nascimento s\u00e3o associados a crian\u00e7as mais sens\u00edveis e emp\u00e1ticas, segundo tradi\u00e7\u00f5es e observa\u00e7\u00f5es.\" \/>\n<meta property=\"og:url\" content=\"https:\/\/www.correiobraziliense.com.br\/cbradar\/filhos-nascidos-nesses-meses-tendem-a-ter-maior-sensibilidade-emocional-segundo-a-astrologia\/\" \/>\n<meta property=\"og:site_name\" content=\"Correio Braziliense - Radar\" \/>\n<meta property=\"article:published_time\" content=\"2026-03-11T04:45:00+00:00\" \/>\n<meta property=\"og:image\" content=\"https:\/\/www.correiobraziliense.com.br\/cbradar\/wp-content\/uploads\/2026\/03\/Gemini_Generated_Image_95rvaq95rvaq95rv-1-1.png\" \/>\n\t<meta property=\"og:image:width\" content=\"1280\" \/>\n\t<meta property=\"og:image:height\" content=\"720\" \/>\n\t<meta property=\"og:image:type\" content=\"image\/png\" \/>\n<meta name=\"author\" content=\"Patrick Silva\" \/>\n<meta name=\"twitter:card\" content=\"summary_large_image\" \/>\n<meta name=\"twitter:label1\" content=\"Escrito por\" \/>\n\t<meta name=\"twitter:data1\" content=\"Patrick Silva\" \/>\n\t<meta name=\"twitter:label2\" content=\"Est. tempo de leitura\" \/>\n\t<meta name=\"twitter:data2\" content=\"5 minutos\" \/>\n<!-- \/ Yoast SEO plugin. -->","yoast_head_json":{"title":"Filhos nascidos nesses meses tendem a ter maior sensibilidade emocional, segundo a astrologia - Correio Braziliense - Radar","description":"Alguns meses de nascimento s\u00e3o associados a crian\u00e7as mais sens\u00edveis e emp\u00e1ticas, segundo tradi\u00e7\u00f5es e observa\u00e7\u00f5es.","robots":{"index":"index","follow":"follow","max-snippet":"max-snippet:-1","max-image-preview":"max-image-preview:large","max-video-preview":"max-video-preview:-1"},"canonical":"https:\/\/www.correiobraziliense.com.br\/cbradar\/filhos-nascidos-nesses-meses-tendem-a-ter-maior-sensibilidade-emocional-segundo-a-astrologia\/","og_locale":"pt_BR","og_type":"article","og_title":"Filhos nascidos nesses meses tendem a ter maior sensibilidade emocional, segundo a astrologia - Correio Braziliense - Radar","og_description":"Alguns meses de nascimento s\u00e3o associados a crian\u00e7as mais sens\u00edveis e emp\u00e1ticas, segundo tradi\u00e7\u00f5es e observa\u00e7\u00f5es.","og_url":"https:\/\/www.correiobraziliense.com.br\/cbradar\/filhos-nascidos-nesses-meses-tendem-a-ter-maior-sensibilidade-emocional-segundo-a-astrologia\/","og_site_name":"Correio Braziliense - Radar","article_published_time":"2026-03-11T04:45:00+00:00","og_image":[{"width":1280,"height":720,"url":"https:\/\/www.correiobraziliense.com.br\/cbradar\/wp-content\/uploads\/2026\/03\/Gemini_Generated_Image_95rvaq95rvaq95rv-1-1.png","type":"image\/png"}],"author":"Patrick Silva","twitter_card":"summary_large_image","twitter_misc":{"Escrito por":"Patrick Silva","Est. tempo de leitura":"5 minutos"},"schema":{"@context":"https:\/\/schema.org","@graph":[{"@type":"WebPage","@id":"https:\/\/www.correiobraziliense.com.br\/cbradar\/filhos-nascidos-nesses-meses-tendem-a-ter-maior-sensibilidade-emocional-segundo-a-astrologia\/","url":"https:\/\/www.correiobraziliense.com.br\/cbradar\/filhos-nascidos-nesses-meses-tendem-a-ter-maior-sensibilidade-emocional-segundo-a-astrologia\/","name":"Filhos nascidos nesses meses tendem a ter maior sensibilidade emocional, segundo a astrologia - Correio Braziliense - Radar","isPartOf":{"@id":"https:\/\/www.correiobraziliense.com.br\/cbradar\/#website"},"primaryImageOfPage":{"@id":"https:\/\/www.correiobraziliense.com.br\/cbradar\/filhos-nascidos-nesses-meses-tendem-a-ter-maior-sensibilidade-emocional-segundo-a-astrologia\/#primaryimage"},"image":{"@id":"https:\/\/www.correiobraziliense.com.br\/cbradar\/filhos-nascidos-nesses-meses-tendem-a-ter-maior-sensibilidade-emocional-segundo-a-astrologia\/#primaryimage"},"thumbnailUrl":"https:\/\/www.correiobraziliense.com.br\/cbradar\/wp-content\/uploads\/2026\/03\/Gemini_Generated_Image_95rvaq95rvaq95rv-1-1.png","datePublished":"2026-03-11T04:45:00+00:00","author":{"@id":"https:\/\/www.correiobraziliense.com.br\/cbradar\/#\/schema\/person\/5440b72be9c7eb74f446c846479dc4da"},"description":"Alguns meses de nascimento s\u00e3o associados a crian\u00e7as mais sens\u00edveis e emp\u00e1ticas, segundo tradi\u00e7\u00f5es e observa\u00e7\u00f5es.","breadcrumb":{"@id":"https:\/\/www.correiobraziliense.com.br\/cbradar\/filhos-nascidos-nesses-meses-tendem-a-ter-maior-sensibilidade-emocional-segundo-a-astrologia\/#breadcrumb"},"inLanguage":"pt-BR","potentialAction":[{"@type":"ReadAction","target":["https:\/\/www.correiobraziliense.com.br\/cbradar\/filhos-nascidos-nesses-meses-tendem-a-ter-maior-sensibilidade-emocional-segundo-a-astrologia\/"]}]},{"@type":"ImageObject","inLanguage":"pt-BR","@id":"https:\/\/www.correiobraziliense.com.br\/cbradar\/filhos-nascidos-nesses-meses-tendem-a-ter-maior-sensibilidade-emocional-segundo-a-astrologia\/#primaryimage","url":"https:\/\/www.correiobraziliense.com.br\/cbradar\/wp-content\/uploads\/2026\/03\/Gemini_Generated_Image_95rvaq95rvaq95rv-1-1.png","contentUrl":"https:\/\/www.correiobraziliense.com.br\/cbradar\/wp-content\/uploads\/2026\/03\/Gemini_Generated_Image_95rvaq95rvaq95rv-1-1.png","width":1280,"height":720,"caption":"Como o m\u00eas de nascimento pode influenciar sensibilidade emocional e percep\u00e7\u00e3o infantil"},{"@type":"BreadcrumbList","@id":"https:\/\/www.correiobraziliense.com.br\/cbradar\/filhos-nascidos-nesses-meses-tendem-a-ter-maior-sensibilidade-emocional-segundo-a-astrologia\/#breadcrumb","itemListElement":[{"@type":"ListItem","position":1,"name":"In\u00edcio","item":"https:\/\/www.correiobraziliense.com.br\/cbradar\/"},{"@type":"ListItem","position":2,"name":"Filhos nascidos nesses meses tendem a ter maior sensibilidade emocional, segundo a astrologia"}]},{"@type":"WebSite","@id":"https:\/\/www.correiobraziliense.com.br\/cbradar\/#website","url":"https:\/\/www.correiobraziliense.com.br\/cbradar\/","name":"Correio Braziliense - Radar","description":"Acompanhe as \u00faltimas not\u00edcias e fique bem informado sobre tudo o que acontece no Brasil e no mundo.","potentialAction":[{"@type":"SearchAction","target":{"@type":"EntryPoint","urlTemplate":"https:\/\/www.correiobraziliense.com.br\/cbradar\/?s={search_term_string}"},"query-input":{"@type":"PropertyValueSpecification","valueRequired":true,"valueName":"search_term_string"}}],"inLanguage":"pt-BR"},{"@type":"Person","@id":"https:\/\/www.correiobraziliense.com.br\/cbradar\/#\/schema\/person\/5440b72be9c7eb74f446c846479dc4da","name":"Patrick Silva","image":{"@type":"ImageObject","inLanguage":"pt-BR","@id":"https:\/\/www.correiobraziliense.com.br\/cbradar\/#\/schema\/person\/image\/","url":"https:\/\/secure.gravatar.com\/avatar\/944109df296fc087785c9715fd5f80b2?s=96&d=mm&r=g","contentUrl":"https:\/\/secure.gravatar.com\/avatar\/944109df296fc087785c9715fd5f80b2?s=96&d=mm&r=g","caption":"Patrick Silva"},"sameAs":["https:\/\/www.correiobraziliense.com.br\/cbradar\/"],"url":"https:\/\/www.correiobraziliense.com.br\/cbradar\/author\/patrick-silva\/"}]}},"_links":{"self":[{"href":"https:\/\/www.correiobraziliense.com.br\/cbradar\/wp-json\/wp\/v2\/posts\/205575","targetHints":{"allow":["GET"]}}],"collection":[{"href":"https:\/\/www.correiobraziliense.com.br\/cbradar\/wp-json\/wp\/v2\/posts"}],"about":[{"href":"https:\/\/www.correiobraziliense.com.br\/cbradar\/wp-json\/wp\/v2\/types\/post"}],"author":[{"embeddable":true,"href":"https:\/\/www.correiobraziliense.com.br\/cbradar\/wp-json\/wp\/v2\/users\/21"}],"replies":[{"embeddable":true,"href":"https:\/\/www.correiobraziliense.com.br\/cbradar\/wp-json\/wp\/v2\/comments?post=205575"}],"version-history":[{"count":5,"href":"https:\/\/www.correiobraziliense.com.br\/cbradar\/wp-json\/wp\/v2\/posts\/205575\/revisions"}],"predecessor-version":[{"id":205589,"href":"https:\/\/www.correiobraziliense.com.br\/cbradar\/wp-json\/wp\/v2\/posts\/205575\/revisions\/205589"}],"wp:featuredmedia":[{"embeddable":true,"href":"https:\/\/www.correiobraziliense.com.br\/cbradar\/wp-json\/wp\/v2\/media\/205591"}],"wp:attachment":[{"href":"https:\/\/www.correiobraziliense.com.br\/cbradar\/wp-json\/wp\/v2\/media?parent=205575"}],"wp:term":[{"taxonomy":"category","embeddable":true,"href":"https:\/\/www.correiobraziliense.com.br\/cbradar\/wp-json\/wp\/v2\/categories?post=205575"},{"taxonomy":"post_tag","embeddable":true,"href":"https:\/\/www.correiobraziliense.com.br\/cbradar\/wp-json\/wp\/v2\/tags?post=205575"}],"curies":[{"name":"wp","href":"https:\/\/api.w.org\/{rel}","templated":true}]}}