{"id":205585,"date":"2026-03-10T18:15:00","date_gmt":"2026-03-10T21:15:00","guid":{"rendered":"https:\/\/www.correiobraziliense.com.br\/cbradar\/?p=205585"},"modified":"2026-03-09T12:26:00","modified_gmt":"2026-03-09T15:26:00","slug":"existe-uma-palavra-japonesa-que-nao-tem-traducao-exata-em-portugues","status":"publish","type":"post","link":"https:\/\/www.correiobraziliense.com.br\/cbradar\/existe-uma-palavra-japonesa-que-nao-tem-traducao-exata-em-portugues\/","title":{"rendered":"Existe uma palavra japonesa que n\u00e3o tem tradu\u00e7\u00e3o exata em portugu\u00eas"},"content":{"rendered":"\n<p>Explorar idiomas estrangeiros permite identificar conceitos profundos que descrevem sentimentos complexos sem uma tradu\u00e7\u00e3o direta em nossa l\u00edngua nativa. No Jap\u00e3o, express\u00f5es milenares carregam significados que unem prop\u00f3sito, satisfa\u00e7\u00e3o e equil\u00edbrio de forma \u00fanica. Compreender essas nuances culturais amplia sua vis\u00e3o de mundo e oferece novas perspectivas pr\u00e1ticas sobre a exist\u00eancia humana atual.<\/p>\n\n\n\n<h2 class=\"wp-block-heading\">Como o conceito de prop\u00f3sito se manifesta na cultura oriental?<\/h2>\n\n\n\n<p>A palavra <strong>Ikigai<\/strong> representa o motivo pelo qual voc\u00ea acorda todas as manh\u00e3s com entusiasmo e disposi\u00e7\u00e3o renovada para encarar os desafios di\u00e1rios. Esse conceito japon\u00eas n\u00e3o possui um equivalente exato em portugu\u00eas porque envolve uma interse\u00e7\u00e3o complexa entre paix\u00e3o, miss\u00e3o, voca\u00e7\u00e3o e profiss\u00e3o pessoal. Alcan\u00e7ar esse estado de esp\u00edrito garante uma vida plena e gratificante.<\/p>\n\n\n\n<p>Encontrar o seu equil\u00edbrio interno exige uma reflex\u00e3o profunda sobre o que voc\u00ea ama fazer e o que o mundo realmente precisa hoje. A filosofia oriental sugere que a felicidade duradoura surge quando suas habilidades individuais encontram uma utilidade pr\u00e1tica para a sociedade ao seu redor. Esse alinhamento constante promove uma sa\u00fade mental resiliente e um <strong>sentimento de pertencimento<\/strong>.<\/p>\n\n\n\n<figure class=\"wp-block-image size-full\"><img decoding=\"async\" width=\"1280\" height=\"720\" src=\"https:\/\/www.correiobraziliense.com.br\/cbradar\/wp-content\/uploads\/2026\/03\/Gemini_Generated_Image_baofkjbaofkjbaof-1-1.png\" alt=\"Existe uma palavra japonesa que n\u00e3o tem tradu\u00e7\u00e3o exata em portugu\u00eas\" class=\"wp-image-205610\" srcset=\"https:\/\/www.correiobraziliense.com.br\/cbradar\/wp-content\/uploads\/2026\/03\/Gemini_Generated_Image_baofkjbaofkjbaof-1-1.png 1280w, https:\/\/www.correiobraziliense.com.br\/cbradar\/wp-content\/uploads\/2026\/03\/Gemini_Generated_Image_baofkjbaofkjbaof-1-1-300x169.png 300w, https:\/\/www.correiobraziliense.com.br\/cbradar\/wp-content\/uploads\/2026\/03\/Gemini_Generated_Image_baofkjbaofkjbaof-1-1-768x432.png 768w, https:\/\/www.correiobraziliense.com.br\/cbradar\/wp-content\/uploads\/2026\/03\/Gemini_Generated_Image_baofkjbaofkjbaof-1-1-750x422.png 750w, https:\/\/www.correiobraziliense.com.br\/cbradar\/wp-content\/uploads\/2026\/03\/Gemini_Generated_Image_baofkjbaofkjbaof-1-1-1140x641.png 1140w\" sizes=\"(max-width: 1280px) 100vw, 1280px\" \/><figcaption class=\"wp-element-caption\">Uma palavra japonesa re\u00fane prop\u00f3sito, paix\u00e3o e sentido de viver em um \u00fanico conceito<\/figcaption><\/figure>\n\n\n\n<h2 class=\"wp-block-heading\">Qual \u00e9 a diferen\u00e7a entre sucesso material e satisfa\u00e7\u00e3o pessoal profunda?<\/h2>\n\n\n\n<p>Diferente da busca incessante por bens materiais comum no ocidente, o pensamento japon\u00eas valoriza a simplicidade e a const\u00e2ncia nas pequenas a\u00e7\u00f5es cotidianas. A satisfa\u00e7\u00e3o verdadeira \u00e9 percebida como um processo cont\u00ednuo de autodescoberta, onde o retorno financeiro \u00e9 apenas uma das partes de um todo maior. Priorizar a qualidade das experi\u00eancias define um novo padr\u00e3o <strong>\u00e9tico e moral<\/strong>.<\/p>\n\n\n\n<p>A cultura japonesa ensina que a perfei\u00e7\u00e3o n\u00e3o \u00e9 o objetivo final, mas sim a dedica\u00e7\u00e3o sincera ao que est\u00e1 sendo realizado no presente. Esse foco absoluto no agora reduz drasticamente os n\u00edveis de ansiedade e frustra\u00e7\u00e3o que afetam milhares de pessoas em grandes centros urbanos. Adotar essa mentalidade transforma sua rotina em uma jornada rica em significados e <strong>conex\u00f5es humanas<\/strong>.<\/p>\n\n\n\n<h2 class=\"wp-block-heading\">Quais s\u00e3o os pilares fundamentais para alcan\u00e7ar uma vida equilibrada?<\/h2>\n\n\n\n<p>Para aplicar esses ensinamentos em sua realidade, \u00e9 necess\u00e1rio identificar as \u00e1reas que comp\u00f5em sua estrutura de felicidade e estabilidade emocional duradoura. Equilibrar as demandas profissionais com os desejos internos requer paci\u00eancia, disciplina e uma an\u00e1lise honesta sobre suas verdadeiras prioridades de vida. Seguir esses passos pr\u00e1ticos facilita a constru\u00e7\u00e3o de uma trajet\u00f3ria profissional muito s\u00f3lida e coerente.<\/p>\n\n\n\n<p>Para que voc\u00ea consiga visualizar melhor como estruturar sua jornada em busca de um prop\u00f3sito real e duradouro no cotidiano:<\/p>\n\n\n\n<ul class=\"wp-block-list\">\n<li>Identificar sua paix\u00e3o genu\u00edna.<\/li>\n\n\n\n<li>Reconhecer suas habilidades t\u00e9cnicas.<\/li>\n\n\n\n<li>Observar as necessidades do mercado.<\/li>\n\n\n\n<li>Valorizar o trabalho recompensado.<\/li>\n\n\n\n<li>Manter a disciplina constante.<\/li>\n<\/ul>\n\n\n\n<h2 class=\"wp-block-heading\">Por que a longevidade est\u00e1 diretamente ligada ao estado de esp\u00edrito?<\/h2>\n\n\n\n<p>Estudos realizados em comunidades centen\u00e1rias do Jap\u00e3o revelam que ter um motivo claro para viver prolonga a vida de forma saud\u00e1vel e ativa. A mente focada em um objetivo positivo fortalece o sistema imunol\u00f3gico contra diversas doen\u00e7as ligadas ao estresse cr\u00f4nico da modernidade. Cultivar pensamentos otimistas \u00e9 uma estrat\u00e9gia poderosa para envelhecer com total autonomia e muita <strong>vitalidade f\u00edsica<\/strong>.<\/p>\n\n\n\n<p>O sentimento de utilidade social impede que a solid\u00e3o ou o des\u00e2nimo dominem a rotina de pessoas idosas que mant\u00eam suas atividades di\u00e1rias. Participar de projetos comunit\u00e1rios e compartilhar conhecimentos antigos garante que a chama do prop\u00f3sito permane\u00e7a acesa por muito mais tempo. Essa integra\u00e7\u00e3o geracional \u00e9 fundamental para manter a sa\u00fade p\u00fablica e o <strong>bem-estar social coletivo<\/strong> do pa\u00eds.<\/p>\n\n\n\n<p>No v\u00eddeo abaixo do TiKTok <strong><em>Laracanro8<\/em><\/strong>, que conta com mais de<strong><em> 253 mil <\/em><\/strong>seguidores, ela explica algumas palavras que n\u00e3o tem tradu\u00e7\u00e3o no portugu\u00eas:<\/p>\n\n\n\n<blockquote class=\"tiktok-embed\" cite=\"https:\/\/www.tiktok.com\/@laracanro8\/video\/7574607376817376532\" data-video-id=\"7574607376817376532\" style=\"max-width: 605px;min-width: 325px;\" > <section> <a target=\"_blank\" title=\"@laracanro8\" href=\"https:\/\/www.tiktok.com\/@laracanro8?refer=embed\">@laracanro8<\/a> j\u00e1 conheciam essas? <a title=\"poliglota\" target=\"_blank\" href=\"https:\/\/www.tiktok.com\/tag\/poliglota?refer=embed\">#poliglota<\/a> <a title=\"idiomas\" target=\"_blank\" href=\"https:\/\/www.tiktok.com\/tag\/idiomas?refer=embed\">#idiomas<\/a> <a title=\"foryou\" target=\"_blank\" href=\"https:\/\/www.tiktok.com\/tag\/foryou?refer=embed\">#foryou<\/a> <a title=\"fyp\" target=\"_blank\" href=\"https:\/\/www.tiktok.com\/tag\/fyp?refer=embed\">#fyp<\/a> <a title=\"fy\" target=\"_blank\" href=\"https:\/\/www.tiktok.com\/tag\/fy?refer=embed\">#fy<\/a> <a target=\"_blank\" title=\"\u266c som original - Lara Canro\" href=\"https:\/\/www.tiktok.com\/music\/som-original-7574607416106142471?refer=embed\">\u266c som original &#8211; Lara Canro<\/a> <\/section> <\/blockquote> <script async src=\"https:\/\/www.tiktok.com\/embed.js\"><\/script>\n\n\n\n<p>Leia tamb\u00e9m: <a href=\"https:\/\/www.correiobraziliense.com.br\/cbradar\/por-que-livros-classicos-continuam-relevantes-para-compreender-dilemas-humanos\/\" target=\"_blank\" rel=\"noreferrer noopener\">Por que livros cl\u00e1ssicos continuam relevantes para compreender dilemas humanos<\/a><\/p>\n\n\n\n<h2 class=\"wp-block-heading\">O que a ci\u00eancia global afirma sobre esses conceitos filos\u00f3ficos tradicionais?<\/h2>\n\n\n\n<p>A neuroci\u00eancia contempor\u00e2nea valida que estados mentais positivos, como o foco no prop\u00f3sito, liberam neurotransmissores essenciais para o funcionamento correto do c\u00e9rebro humano. Essas subst\u00e2ncias qu\u00edmicas regulam o humor, o sono e a capacidade de aprendizado em todas as fases da vida adulta ou infantil. Seguir orienta\u00e7\u00f5es baseadas em evid\u00eancias concretas \u00e9 o caminho mais seguro para todos.<\/p>\n\n\n\n<p>O <strong>World Economic Forum<\/strong> destaca que o conceito de bem-estar integral est\u00e1 se tornando uma prioridade nas discuss\u00f5es sobre o futuro da sa\u00fade global. Compreender como esses termos influenciam a produtividade ajuda a criar ambientes mais humanos para os profissionais modernos. Acesse os dados completos no portal oficial do <a target=\"_blank\" rel=\"noreferrer noopener\" href=\"https:\/\/www.weforum.org\/agenda\/2017\/08\/is-this-japanese-concept-the-secret-to-a-long-life\/\">World Economic Forum<\/a> para entender os impactos dessa filosofia.<\/p>\n","protected":false},"excerpt":{"rendered":"<p>Explorar idiomas estrangeiros permite identificar conceitos profundos que descrevem sentimentos complexos sem uma tradu\u00e7\u00e3o direta em nossa l\u00edngua nativa. No Jap\u00e3o, express\u00f5es milenares carregam significados que unem prop\u00f3sito, satisfa\u00e7\u00e3o e equil\u00edbrio de forma \u00fanica. Compreender essas nuances culturais amplia sua vis\u00e3o de mundo e oferece novas perspectivas pr\u00e1ticas sobre a exist\u00eancia humana atual. Como o [&hellip;]<\/p>\n","protected":false},"author":21,"featured_media":205607,"comment_status":"open","ping_status":"open","sticky":false,"template":"","format":"standard","meta":{"_yoast_wpseo_focuskw":"Palavra em japon\u00eas sem significado em portugu\u00eas","_yoast_wpseo_title":"","_yoast_wpseo_metadesc":"Uma palavra japonesa re\u00fane prop\u00f3sito, satisfa\u00e7\u00e3o e equil\u00edbrio na vida, revelando uma filosofia que inspira pessoas no mundo","jnews-multi-image_gallery":[],"jnews_single_post":{"format":"standard"},"jnews_primary_category":[],"jnews_social_meta":[],"jnews_override_counter":[],"footnotes":""},"categories":[112],"tags":[15907,11064,6081,11285],"class_list":["post-205585","post","type-post","status-publish","format-standard","has-post-thumbnail","hentry","category-curiosidades","tag-japones","tag-linguas","tag-portugues","tag-traducao"],"yoast_head":"<!-- This site is optimized with the Yoast SEO plugin v24.6 - https:\/\/yoast.com\/wordpress\/plugins\/seo\/ -->\n<title>Existe uma palavra japonesa que n\u00e3o tem tradu\u00e7\u00e3o exata em portugu\u00eas - Correio Braziliense - Radar<\/title>\n<meta name=\"description\" content=\"Uma palavra japonesa re\u00fane prop\u00f3sito, satisfa\u00e7\u00e3o e equil\u00edbrio na vida, revelando uma filosofia que inspira pessoas no mundo\" \/>\n<meta name=\"robots\" content=\"index, follow, max-snippet:-1, max-image-preview:large, max-video-preview:-1\" \/>\n<link rel=\"canonical\" href=\"https:\/\/www.correiobraziliense.com.br\/cbradar\/existe-uma-palavra-japonesa-que-nao-tem-traducao-exata-em-portugues\/\" \/>\n<meta property=\"og:locale\" content=\"pt_BR\" \/>\n<meta property=\"og:type\" content=\"article\" \/>\n<meta property=\"og:title\" content=\"Existe uma palavra japonesa que n\u00e3o tem tradu\u00e7\u00e3o exata em portugu\u00eas - Correio Braziliense - Radar\" \/>\n<meta property=\"og:description\" content=\"Uma palavra japonesa re\u00fane prop\u00f3sito, satisfa\u00e7\u00e3o e equil\u00edbrio na vida, revelando uma filosofia que inspira pessoas no mundo\" \/>\n<meta property=\"og:url\" content=\"https:\/\/www.correiobraziliense.com.br\/cbradar\/existe-uma-palavra-japonesa-que-nao-tem-traducao-exata-em-portugues\/\" \/>\n<meta property=\"og:site_name\" content=\"Correio Braziliense - Radar\" \/>\n<meta property=\"article:published_time\" content=\"2026-03-10T21:15:00+00:00\" \/>\n<meta property=\"og:image\" content=\"https:\/\/www.correiobraziliense.com.br\/cbradar\/wp-content\/uploads\/2026\/03\/Gemini_Generated_Image_4lqy5k4lqy5k4lqy-1-1.png\" \/>\n\t<meta property=\"og:image:width\" content=\"1280\" \/>\n\t<meta property=\"og:image:height\" content=\"720\" \/>\n\t<meta property=\"og:image:type\" content=\"image\/png\" \/>\n<meta name=\"author\" content=\"Patrick Silva\" \/>\n<meta name=\"twitter:card\" content=\"summary_large_image\" \/>\n<meta name=\"twitter:label1\" content=\"Escrito por\" \/>\n\t<meta name=\"twitter:data1\" content=\"Patrick Silva\" \/>\n\t<meta name=\"twitter:label2\" content=\"Est. tempo de leitura\" \/>\n\t<meta name=\"twitter:data2\" content=\"5 minutos\" \/>\n<!-- \/ Yoast SEO plugin. -->","yoast_head_json":{"title":"Existe uma palavra japonesa que n\u00e3o tem tradu\u00e7\u00e3o exata em portugu\u00eas - Correio Braziliense - Radar","description":"Uma palavra japonesa re\u00fane prop\u00f3sito, satisfa\u00e7\u00e3o e equil\u00edbrio na vida, revelando uma filosofia que inspira pessoas no mundo","robots":{"index":"index","follow":"follow","max-snippet":"max-snippet:-1","max-image-preview":"max-image-preview:large","max-video-preview":"max-video-preview:-1"},"canonical":"https:\/\/www.correiobraziliense.com.br\/cbradar\/existe-uma-palavra-japonesa-que-nao-tem-traducao-exata-em-portugues\/","og_locale":"pt_BR","og_type":"article","og_title":"Existe uma palavra japonesa que n\u00e3o tem tradu\u00e7\u00e3o exata em portugu\u00eas - Correio Braziliense - Radar","og_description":"Uma palavra japonesa re\u00fane prop\u00f3sito, satisfa\u00e7\u00e3o e equil\u00edbrio na vida, revelando uma filosofia que inspira pessoas no mundo","og_url":"https:\/\/www.correiobraziliense.com.br\/cbradar\/existe-uma-palavra-japonesa-que-nao-tem-traducao-exata-em-portugues\/","og_site_name":"Correio Braziliense - Radar","article_published_time":"2026-03-10T21:15:00+00:00","og_image":[{"width":1280,"height":720,"url":"https:\/\/www.correiobraziliense.com.br\/cbradar\/wp-content\/uploads\/2026\/03\/Gemini_Generated_Image_4lqy5k4lqy5k4lqy-1-1.png","type":"image\/png"}],"author":"Patrick Silva","twitter_card":"summary_large_image","twitter_misc":{"Escrito por":"Patrick Silva","Est. tempo de leitura":"5 minutos"},"schema":{"@context":"https:\/\/schema.org","@graph":[{"@type":"WebPage","@id":"https:\/\/www.correiobraziliense.com.br\/cbradar\/existe-uma-palavra-japonesa-que-nao-tem-traducao-exata-em-portugues\/","url":"https:\/\/www.correiobraziliense.com.br\/cbradar\/existe-uma-palavra-japonesa-que-nao-tem-traducao-exata-em-portugues\/","name":"Existe uma palavra japonesa que n\u00e3o tem tradu\u00e7\u00e3o exata em portugu\u00eas - Correio Braziliense - Radar","isPartOf":{"@id":"https:\/\/www.correiobraziliense.com.br\/cbradar\/#website"},"primaryImageOfPage":{"@id":"https:\/\/www.correiobraziliense.com.br\/cbradar\/existe-uma-palavra-japonesa-que-nao-tem-traducao-exata-em-portugues\/#primaryimage"},"image":{"@id":"https:\/\/www.correiobraziliense.com.br\/cbradar\/existe-uma-palavra-japonesa-que-nao-tem-traducao-exata-em-portugues\/#primaryimage"},"thumbnailUrl":"https:\/\/www.correiobraziliense.com.br\/cbradar\/wp-content\/uploads\/2026\/03\/Gemini_Generated_Image_4lqy5k4lqy5k4lqy-1-1.png","datePublished":"2026-03-10T21:15:00+00:00","author":{"@id":"https:\/\/www.correiobraziliense.com.br\/cbradar\/#\/schema\/person\/5440b72be9c7eb74f446c846479dc4da"},"description":"Uma palavra japonesa re\u00fane prop\u00f3sito, satisfa\u00e7\u00e3o e equil\u00edbrio na vida, revelando uma filosofia que inspira pessoas no mundo","breadcrumb":{"@id":"https:\/\/www.correiobraziliense.com.br\/cbradar\/existe-uma-palavra-japonesa-que-nao-tem-traducao-exata-em-portugues\/#breadcrumb"},"inLanguage":"pt-BR","potentialAction":[{"@type":"ReadAction","target":["https:\/\/www.correiobraziliense.com.br\/cbradar\/existe-uma-palavra-japonesa-que-nao-tem-traducao-exata-em-portugues\/"]}]},{"@type":"ImageObject","inLanguage":"pt-BR","@id":"https:\/\/www.correiobraziliense.com.br\/cbradar\/existe-uma-palavra-japonesa-que-nao-tem-traducao-exata-em-portugues\/#primaryimage","url":"https:\/\/www.correiobraziliense.com.br\/cbradar\/wp-content\/uploads\/2026\/03\/Gemini_Generated_Image_4lqy5k4lqy5k4lqy-1-1.png","contentUrl":"https:\/\/www.correiobraziliense.com.br\/cbradar\/wp-content\/uploads\/2026\/03\/Gemini_Generated_Image_4lqy5k4lqy5k4lqy-1-1.png","width":1280,"height":720,"caption":"Uma palavra japonesa re\u00fane prop\u00f3sito, paix\u00e3o e sentido de viver em um \u00fanico conceito"},{"@type":"BreadcrumbList","@id":"https:\/\/www.correiobraziliense.com.br\/cbradar\/existe-uma-palavra-japonesa-que-nao-tem-traducao-exata-em-portugues\/#breadcrumb","itemListElement":[{"@type":"ListItem","position":1,"name":"In\u00edcio","item":"https:\/\/www.correiobraziliense.com.br\/cbradar\/"},{"@type":"ListItem","position":2,"name":"Existe uma palavra japonesa que n\u00e3o tem tradu\u00e7\u00e3o exata em portugu\u00eas"}]},{"@type":"WebSite","@id":"https:\/\/www.correiobraziliense.com.br\/cbradar\/#website","url":"https:\/\/www.correiobraziliense.com.br\/cbradar\/","name":"Correio Braziliense - Radar","description":"Acompanhe as \u00faltimas not\u00edcias e fique bem informado sobre tudo o que acontece no Brasil e no mundo.","potentialAction":[{"@type":"SearchAction","target":{"@type":"EntryPoint","urlTemplate":"https:\/\/www.correiobraziliense.com.br\/cbradar\/?s={search_term_string}"},"query-input":{"@type":"PropertyValueSpecification","valueRequired":true,"valueName":"search_term_string"}}],"inLanguage":"pt-BR"},{"@type":"Person","@id":"https:\/\/www.correiobraziliense.com.br\/cbradar\/#\/schema\/person\/5440b72be9c7eb74f446c846479dc4da","name":"Patrick Silva","image":{"@type":"ImageObject","inLanguage":"pt-BR","@id":"https:\/\/www.correiobraziliense.com.br\/cbradar\/#\/schema\/person\/image\/","url":"https:\/\/secure.gravatar.com\/avatar\/944109df296fc087785c9715fd5f80b2?s=96&d=mm&r=g","contentUrl":"https:\/\/secure.gravatar.com\/avatar\/944109df296fc087785c9715fd5f80b2?s=96&d=mm&r=g","caption":"Patrick Silva"},"sameAs":["https:\/\/www.correiobraziliense.com.br\/cbradar\/"],"url":"https:\/\/www.correiobraziliense.com.br\/cbradar\/author\/patrick-silva\/"}]}},"_links":{"self":[{"href":"https:\/\/www.correiobraziliense.com.br\/cbradar\/wp-json\/wp\/v2\/posts\/205585","targetHints":{"allow":["GET"]}}],"collection":[{"href":"https:\/\/www.correiobraziliense.com.br\/cbradar\/wp-json\/wp\/v2\/posts"}],"about":[{"href":"https:\/\/www.correiobraziliense.com.br\/cbradar\/wp-json\/wp\/v2\/types\/post"}],"author":[{"embeddable":true,"href":"https:\/\/www.correiobraziliense.com.br\/cbradar\/wp-json\/wp\/v2\/users\/21"}],"replies":[{"embeddable":true,"href":"https:\/\/www.correiobraziliense.com.br\/cbradar\/wp-json\/wp\/v2\/comments?post=205585"}],"version-history":[{"count":1,"href":"https:\/\/www.correiobraziliense.com.br\/cbradar\/wp-json\/wp\/v2\/posts\/205585\/revisions"}],"predecessor-version":[{"id":205611,"href":"https:\/\/www.correiobraziliense.com.br\/cbradar\/wp-json\/wp\/v2\/posts\/205585\/revisions\/205611"}],"wp:featuredmedia":[{"embeddable":true,"href":"https:\/\/www.correiobraziliense.com.br\/cbradar\/wp-json\/wp\/v2\/media\/205607"}],"wp:attachment":[{"href":"https:\/\/www.correiobraziliense.com.br\/cbradar\/wp-json\/wp\/v2\/media?parent=205585"}],"wp:term":[{"taxonomy":"category","embeddable":true,"href":"https:\/\/www.correiobraziliense.com.br\/cbradar\/wp-json\/wp\/v2\/categories?post=205585"},{"taxonomy":"post_tag","embeddable":true,"href":"https:\/\/www.correiobraziliense.com.br\/cbradar\/wp-json\/wp\/v2\/tags?post=205585"}],"curies":[{"name":"wp","href":"https:\/\/api.w.org\/{rel}","templated":true}]}}