{"id":205597,"date":"2026-03-11T11:35:00","date_gmt":"2026-03-11T14:35:00","guid":{"rendered":"https:\/\/www.correiobraziliense.com.br\/cbradar\/?p=205597"},"modified":"2026-03-09T12:01:10","modified_gmt":"2026-03-09T15:01:10","slug":"pouca-gente-sabe-mas-essa-planta-comum-do-quintal-e-rica-em-ferro-e-cresce-sozinha-entre-as-pedras","status":"publish","type":"post","link":"https:\/\/www.correiobraziliense.com.br\/cbradar\/pouca-gente-sabe-mas-essa-planta-comum-do-quintal-e-rica-em-ferro-e-cresce-sozinha-entre-as-pedras\/","title":{"rendered":"Pouca gente sabe, mas essa planta comum do quintal \u00e9 rica em ferro e cresce sozinha entre as pedras"},"content":{"rendered":"\n<p>Muitas vezes tratada apenas como uma &#8220;erva daninha&#8221; persistente que teima em brotar nas frestas das cal\u00e7adas, a <strong>beldroega<\/strong> (<em>Portulaca oleracea<\/em>) \u00e9, na verdade, um superalimento espont\u00e2neo. Essa planta suculenta possui uma resist\u00eancia impressionante e um perfil nutricional que supera muitos vegetais cultivados comercialmente. Redescobrir o valor dessas esp\u00e9cies \u00e9 um passo fundamental para uma alimenta\u00e7\u00e3o mais sustent\u00e1vel e nutritiva no dia a dia.<\/p>\n\n\n\n<h2 class=\"wp-block-heading\">Por que essa planta \u00e9 considerada um tesouro nutricional?<\/h2>\n\n\n\n<p>A beldroega \u00e9 uma das fontes vegetais mais ricas em <strong>\u00e1cido alfa-linol\u00eanico<\/strong>, um tipo de \u00d4mega-3 essencial para a sa\u00fade cardiovascular e cerebral do ser humano. Al\u00e9m disso, ela apresenta concentra\u00e7\u00f5es elevadas de <strong>ferro e magn\u00e9sio<\/strong>, minerais fundamentais para o transporte de oxig\u00eanio no sangue e para o bom funcionamento muscular. Integrar essa PANC (Planta Aliment\u00edcia N\u00e3o Convencional) na dieta ajuda a combater a anemia de forma natural e econ\u00f4mica.<\/p>\n\n\n\n<p>Diferente de hortali\u00e7as delicadas, a beldroega armazena \u00e1gua em suas folhas gordinhas, o que permite que ela sobreviva em solos pobres e pedregosos sob sol pleno. Essa rusticidade garante que a <strong><a href=\"https:\/\/www.correiobraziliense.com.br\/cbradar\/a-planta-medicinal-que-ajuda-a-acalmar-a-mente-e-tambem-melhora-a-qualidade-do-sono\/\" target=\"_blank\" rel=\"noreferrer noopener\">planta <\/a><\/strong>concentre uma quantidade maior de antioxidantes, como a vitamina C e o betacaroteno, protegendo as c\u00e9lulas contra o envelhecimento precoce. Aproveitar o que nasce livremente no quintal \u00e9 uma estrat\u00e9gia inteligente de <strong>soberania alimentar<\/strong>.<\/p>\n\n\n\n<p>A beldroega \u00e9 uma planta aliment\u00edcia pouco conhecida por muitos, mas rica em nutrientes e associada a diversos benef\u00edcios para a sa\u00fade. Conhecer suas propriedades pode ampliar o uso na alimenta\u00e7\u00e3o. No conte\u00fado da <strong>Angela Xavier<\/strong>, com 3,93 milh\u00f5es de inscritos, voc\u00ea descobre mais:<\/p>\n\n\n\n<figure class=\"wp-block-embed is-type-video is-provider-youtube wp-block-embed-youtube wp-embed-aspect-16-9 wp-has-aspect-ratio\"><div class=\"wp-block-embed__wrapper\">\n<div class=\"jeg_video_container jeg_video_content\"><iframe loading=\"lazy\" title=\"Beldroega: hipertens\u00e3o, imunidade, colite...\" width=\"500\" height=\"281\" src=\"https:\/\/www.youtube.com\/embed\/nEbUmruVFUo?feature=oembed\" frameborder=\"0\" allow=\"accelerometer; autoplay; clipboard-write; encrypted-media; gyroscope; picture-in-picture; web-share\" referrerpolicy=\"strict-origin-when-cross-origin\" allowfullscreen><\/iframe><\/div>\n<\/div><\/figure>\n\n\n\n<h2 class=\"wp-block-heading\">Qual a melhor forma de consumir para absorver o ferro?<\/h2>\n\n\n\n<p>Para maximizar a absor\u00e7\u00e3o do ferro presente na planta, recomenda-se consumi-la acompanhada de uma fonte de <strong>vitamina C<\/strong>, como gotas de lim\u00e3o ou fatias de laranja. As folhas e caules jovens t\u00eam um sabor levemente \u00e1cido e salgado, lembrando o agri\u00e3o, o que as torna perfeitas para saladas cruas, sucos verdes ou refogados r\u00e1pidos com alho. O preparo t\u00e9rmico suave ajuda a reduzir os n\u00edveis de oxalatos, facilitando a digest\u00e3o.<\/p>\n\n\n\n<p>Refogar a beldroega com um pouco de azeite e cebola mant\u00e9m a integridade das fibras e real\u00e7a o sabor mineral caracter\u00edstico da esp\u00e9cie. Ela tamb\u00e9m pode ser utilizada como um espessante natural em sopas e caldos, devido \u00e0 sua leve mucilagem que traz saciedade e melhora a sa\u00fade intestinal. Cozinhar com ingredientes espont\u00e2neos renova a criatividade na cozinha e traz <strong>novos sabores<\/strong> para a mesa brasileira atual.<\/p>\n\n\n\n<h2 class=\"wp-block-heading\">Como identificar a beldroega com total seguran\u00e7a?<\/h2>\n\n\n\n<p>A identifica\u00e7\u00e3o correta \u00e9 crucial para evitar o consumo de esp\u00e9cies semelhantes que podem ser t\u00f3xicas ou apenas impalat\u00e1veis. A beldroega verdadeira possui caules avermelhados, lisos e rasteiros, com folhas ovais e carnosas que brilham levemente sob a luz solar intensa. Suas flores s\u00e3o pequenas e amarelas, abrindo-se geralmente apenas durante as manh\u00e3s claras de ver\u00e3o.<\/p>\n\n\n\n<p>Para garantir que voc\u00ea est\u00e1 colhendo o alimento correto e seguro para sua fam\u00edlia, observe atentamente estas caracter\u00edsticas bot\u00e2nicas espec\u00edficas:<\/p>\n\n\n\n<ul class=\"wp-block-list\">\n<li>Caules suculentos de cor avermelhada ou arroxeada.<\/li>\n\n\n\n<li>Folhas dispostas em formato de roseta nas pontas.<\/li>\n\n\n\n<li>Aus\u00eancia de pelos ou espinhos ao longo da planta.<\/li>\n\n\n\n<li>Presen\u00e7a de flores amarelas com cinco p\u00e9talas.<\/li>\n\n\n\n<li>Seiva transparente (nunca leitosa) ao quebrar o caule.<\/li>\n<\/ul>\n\n\n\n<h2 class=\"wp-block-heading\">Onde a beldroega n\u00e3o deve ser colhida?<\/h2>\n\n\n\n<p>Apesar de ser extremamente saud\u00e1vel, o local da colheita define a seguran\u00e7a do consumo humano imediato. Evite colher plantas que crescem em cal\u00e7adas de ruas muito movimentadas, pois elas podem absorver metais pesados da polui\u00e7\u00e3o dos carros ou res\u00edduos de urina de animais dom\u00e9sticos. O ideal \u00e9 aproveitar aquelas que surgem em <strong>vasos de flores<\/strong>, quintais protegidos ou jardins org\u00e2nicos certificados.<\/p>\n\n\n\n<p>O cultivo dom\u00e9stico \u00e9 extremamente simples, bastando colocar um pequeno ramo em um vaso com terra comum para que ela se espalhe rapidamente. Por ser uma planta pioneira, ela ajuda a proteger o solo contra a eros\u00e3o e mant\u00e9m a umidade para outras esp\u00e9cies vizinhas. Ter uma &#8220;farm\u00e1cia viva&#8221; e um &#8220;estoque de ferro&#8221; crescendo sozinho entre as pedras do seu jardim \u00e9 um privil\u00e9gio da natureza.<\/p>\n\n\n\n<figure class=\"wp-block-image size-full\"><img decoding=\"async\" width=\"1280\" height=\"720\" src=\"https:\/\/www.correiobraziliense.com.br\/cbradar\/wp-content\/uploads\/2026\/03\/Gemini_Generated_Image_671a4o671a4o671a-1-1.png\" alt=\"Pouca gente sabe, mas essa planta comum do quintal \u00e9 rica em ferro e cresce sozinha entre as pedras\" class=\"wp-image-205603\" srcset=\"https:\/\/www.correiobraziliense.com.br\/cbradar\/wp-content\/uploads\/2026\/03\/Gemini_Generated_Image_671a4o671a4o671a-1-1.png 1280w, https:\/\/www.correiobraziliense.com.br\/cbradar\/wp-content\/uploads\/2026\/03\/Gemini_Generated_Image_671a4o671a4o671a-1-1-300x169.png 300w, https:\/\/www.correiobraziliense.com.br\/cbradar\/wp-content\/uploads\/2026\/03\/Gemini_Generated_Image_671a4o671a4o671a-1-1-768x432.png 768w, https:\/\/www.correiobraziliense.com.br\/cbradar\/wp-content\/uploads\/2026\/03\/Gemini_Generated_Image_671a4o671a4o671a-1-1-750x422.png 750w, https:\/\/www.correiobraziliense.com.br\/cbradar\/wp-content\/uploads\/2026\/03\/Gemini_Generated_Image_671a4o671a4o671a-1-1-1140x641.png 1140w\" sizes=\"(max-width: 1280px) 100vw, 1280px\" \/><figcaption class=\"wp-element-caption\">A planta comum que muitos chamam de mato mas pode ser um superalimento cheio de nutrientes essenciais<\/figcaption><\/figure>\n\n\n\n<h2 class=\"wp-block-heading\">O que os \u00f3rg\u00e3os de pesquisa dizem sobre as PANCs?<\/h2>\n\n\n\n<p>O uso de plantas n\u00e3o convencionais \u00e9 amplamente incentivado por institui\u00e7\u00f5es de pesquisa agr\u00edcola para diversificar a dieta da popula\u00e7\u00e3o e reduzir o desperd\u00edcio de recursos naturais. A valoriza\u00e7\u00e3o do conhecimento bot\u00e2nico local promove a sa\u00fade p\u00fablica e a preserva\u00e7\u00e3o da biodiversidade brasileira em larga escala. Seguir orienta\u00e7\u00f5es t\u00e9cnicas garante uma alimenta\u00e7\u00e3o <strong>segura, barata e nutritiva<\/strong>.<\/p>\n\n\n\n<p>Segundo a <strong>Embrapa Clima Temperado<\/strong>, a beldroega \u00e9 uma hortali\u00e7a de alto valor biol\u00f3gico que deve ser reintegrada aos h\u00e1bitos alimentares modernos. Voc\u00ea pode consultar o manual completo de identifica\u00e7\u00e3o e receitas com PANCs diretamente no portal oficial da <strong><a href=\"https:\/\/www.embrapa.br\/en\/hortalicas\/publicacoes\/panc-hortalicas-nao-convencionais\" target=\"_blank\" rel=\"noreferrer noopener\">Embrapa<\/a><\/strong>. Adotar essas plantas na sua rotina fortalece o organismo e conecta voc\u00ea com a for\u00e7a regenerativa da terra.<\/p>\n","protected":false},"excerpt":{"rendered":"<p>Muitas vezes tratada apenas como uma &#8220;erva daninha&#8221; persistente que teima em brotar nas frestas das cal\u00e7adas, a beldroega (Portulaca oleracea) \u00e9, na verdade, um superalimento espont\u00e2neo. Essa planta suculenta possui uma resist\u00eancia impressionante e um perfil nutricional que supera muitos vegetais cultivados comercialmente. Redescobrir o valor dessas esp\u00e9cies \u00e9 um passo fundamental para uma [&hellip;]<\/p>\n","protected":false},"author":21,"featured_media":205608,"comment_status":"open","ping_status":"open","sticky":false,"template":"","format":"standard","meta":{"_yoast_wpseo_focuskw":"benef\u00edcios da beldroega na alimenta\u00e7\u00e3o","_yoast_wpseo_title":"","_yoast_wpseo_metadesc":"Uma planta vista como erva daninha esconde nutrientes poderosos e pode ser um superalimento surpreendente na alimenta\u00e7\u00e3o.","jnews-multi-image_gallery":[],"jnews_single_post":{"format":"standard"},"jnews_primary_category":[],"jnews_social_meta":[],"jnews_override_counter":[],"footnotes":""},"categories":[136],"tags":[14016,3420,866],"class_list":["post-205597","post","type-post","status-publish","format-standard","has-post-thumbnail","hentry","category-jardinagem","tag-beldroega","tag-ferro","tag-planta"],"yoast_head":"<!-- This site is optimized with the Yoast SEO plugin v24.6 - https:\/\/yoast.com\/wordpress\/plugins\/seo\/ -->\n<title>Pouca gente sabe, mas essa planta comum do quintal \u00e9 rica em ferro e cresce sozinha entre as pedras - Correio Braziliense - Radar<\/title>\n<meta name=\"description\" content=\"Uma planta vista como erva daninha esconde nutrientes poderosos e pode ser um superalimento surpreendente na alimenta\u00e7\u00e3o.\" \/>\n<meta name=\"robots\" content=\"index, follow, max-snippet:-1, max-image-preview:large, max-video-preview:-1\" \/>\n<link rel=\"canonical\" href=\"https:\/\/www.correiobraziliense.com.br\/cbradar\/pouca-gente-sabe-mas-essa-planta-comum-do-quintal-e-rica-em-ferro-e-cresce-sozinha-entre-as-pedras\/\" \/>\n<meta property=\"og:locale\" content=\"pt_BR\" \/>\n<meta property=\"og:type\" content=\"article\" \/>\n<meta property=\"og:title\" content=\"Pouca gente sabe, mas essa planta comum do quintal \u00e9 rica em ferro e cresce sozinha entre as pedras - Correio Braziliense - Radar\" \/>\n<meta property=\"og:description\" content=\"Uma planta vista como erva daninha esconde nutrientes poderosos e pode ser um superalimento surpreendente na alimenta\u00e7\u00e3o.\" \/>\n<meta property=\"og:url\" content=\"https:\/\/www.correiobraziliense.com.br\/cbradar\/pouca-gente-sabe-mas-essa-planta-comum-do-quintal-e-rica-em-ferro-e-cresce-sozinha-entre-as-pedras\/\" \/>\n<meta property=\"og:site_name\" content=\"Correio Braziliense - Radar\" \/>\n<meta property=\"article:published_time\" content=\"2026-03-11T14:35:00+00:00\" \/>\n<meta property=\"og:image\" content=\"https:\/\/www.correiobraziliense.com.br\/cbradar\/wp-content\/uploads\/2026\/03\/Gemini_Generated_Image_x1w68cx1w68cx1w6-1-1.png\" \/>\n\t<meta property=\"og:image:width\" content=\"1280\" \/>\n\t<meta property=\"og:image:height\" content=\"720\" \/>\n\t<meta property=\"og:image:type\" content=\"image\/png\" \/>\n<meta name=\"author\" content=\"Patrick Silva\" \/>\n<meta name=\"twitter:card\" content=\"summary_large_image\" \/>\n<meta name=\"twitter:label1\" content=\"Escrito por\" \/>\n\t<meta name=\"twitter:data1\" content=\"Patrick Silva\" \/>\n\t<meta name=\"twitter:label2\" content=\"Est. tempo de leitura\" \/>\n\t<meta name=\"twitter:data2\" content=\"5 minutos\" \/>\n<!-- \/ Yoast SEO plugin. -->","yoast_head_json":{"title":"Pouca gente sabe, mas essa planta comum do quintal \u00e9 rica em ferro e cresce sozinha entre as pedras - Correio Braziliense - Radar","description":"Uma planta vista como erva daninha esconde nutrientes poderosos e pode ser um superalimento surpreendente na alimenta\u00e7\u00e3o.","robots":{"index":"index","follow":"follow","max-snippet":"max-snippet:-1","max-image-preview":"max-image-preview:large","max-video-preview":"max-video-preview:-1"},"canonical":"https:\/\/www.correiobraziliense.com.br\/cbradar\/pouca-gente-sabe-mas-essa-planta-comum-do-quintal-e-rica-em-ferro-e-cresce-sozinha-entre-as-pedras\/","og_locale":"pt_BR","og_type":"article","og_title":"Pouca gente sabe, mas essa planta comum do quintal \u00e9 rica em ferro e cresce sozinha entre as pedras - Correio Braziliense - Radar","og_description":"Uma planta vista como erva daninha esconde nutrientes poderosos e pode ser um superalimento surpreendente na alimenta\u00e7\u00e3o.","og_url":"https:\/\/www.correiobraziliense.com.br\/cbradar\/pouca-gente-sabe-mas-essa-planta-comum-do-quintal-e-rica-em-ferro-e-cresce-sozinha-entre-as-pedras\/","og_site_name":"Correio Braziliense - Radar","article_published_time":"2026-03-11T14:35:00+00:00","og_image":[{"width":1280,"height":720,"url":"https:\/\/www.correiobraziliense.com.br\/cbradar\/wp-content\/uploads\/2026\/03\/Gemini_Generated_Image_x1w68cx1w68cx1w6-1-1.png","type":"image\/png"}],"author":"Patrick Silva","twitter_card":"summary_large_image","twitter_misc":{"Escrito por":"Patrick Silva","Est. tempo de leitura":"5 minutos"},"schema":{"@context":"https:\/\/schema.org","@graph":[{"@type":"WebPage","@id":"https:\/\/www.correiobraziliense.com.br\/cbradar\/pouca-gente-sabe-mas-essa-planta-comum-do-quintal-e-rica-em-ferro-e-cresce-sozinha-entre-as-pedras\/","url":"https:\/\/www.correiobraziliense.com.br\/cbradar\/pouca-gente-sabe-mas-essa-planta-comum-do-quintal-e-rica-em-ferro-e-cresce-sozinha-entre-as-pedras\/","name":"Pouca gente sabe, mas essa planta comum do quintal \u00e9 rica em ferro e cresce sozinha entre as pedras - Correio Braziliense - Radar","isPartOf":{"@id":"https:\/\/www.correiobraziliense.com.br\/cbradar\/#website"},"primaryImageOfPage":{"@id":"https:\/\/www.correiobraziliense.com.br\/cbradar\/pouca-gente-sabe-mas-essa-planta-comum-do-quintal-e-rica-em-ferro-e-cresce-sozinha-entre-as-pedras\/#primaryimage"},"image":{"@id":"https:\/\/www.correiobraziliense.com.br\/cbradar\/pouca-gente-sabe-mas-essa-planta-comum-do-quintal-e-rica-em-ferro-e-cresce-sozinha-entre-as-pedras\/#primaryimage"},"thumbnailUrl":"https:\/\/www.correiobraziliense.com.br\/cbradar\/wp-content\/uploads\/2026\/03\/Gemini_Generated_Image_x1w68cx1w68cx1w6-1-1.png","datePublished":"2026-03-11T14:35:00+00:00","author":{"@id":"https:\/\/www.correiobraziliense.com.br\/cbradar\/#\/schema\/person\/5440b72be9c7eb74f446c846479dc4da"},"description":"Uma planta vista como erva daninha esconde nutrientes poderosos e pode ser um superalimento surpreendente na alimenta\u00e7\u00e3o.","breadcrumb":{"@id":"https:\/\/www.correiobraziliense.com.br\/cbradar\/pouca-gente-sabe-mas-essa-planta-comum-do-quintal-e-rica-em-ferro-e-cresce-sozinha-entre-as-pedras\/#breadcrumb"},"inLanguage":"pt-BR","potentialAction":[{"@type":"ReadAction","target":["https:\/\/www.correiobraziliense.com.br\/cbradar\/pouca-gente-sabe-mas-essa-planta-comum-do-quintal-e-rica-em-ferro-e-cresce-sozinha-entre-as-pedras\/"]}]},{"@type":"ImageObject","inLanguage":"pt-BR","@id":"https:\/\/www.correiobraziliense.com.br\/cbradar\/pouca-gente-sabe-mas-essa-planta-comum-do-quintal-e-rica-em-ferro-e-cresce-sozinha-entre-as-pedras\/#primaryimage","url":"https:\/\/www.correiobraziliense.com.br\/cbradar\/wp-content\/uploads\/2026\/03\/Gemini_Generated_Image_x1w68cx1w68cx1w6-1-1.png","contentUrl":"https:\/\/www.correiobraziliense.com.br\/cbradar\/wp-content\/uploads\/2026\/03\/Gemini_Generated_Image_x1w68cx1w68cx1w6-1-1.png","width":1280,"height":720,"caption":"A planta comum que muitos chamam de mato mas pode ser um superalimento cheio de nutrientes essenciais"},{"@type":"BreadcrumbList","@id":"https:\/\/www.correiobraziliense.com.br\/cbradar\/pouca-gente-sabe-mas-essa-planta-comum-do-quintal-e-rica-em-ferro-e-cresce-sozinha-entre-as-pedras\/#breadcrumb","itemListElement":[{"@type":"ListItem","position":1,"name":"In\u00edcio","item":"https:\/\/www.correiobraziliense.com.br\/cbradar\/"},{"@type":"ListItem","position":2,"name":"Pouca gente sabe, mas essa planta comum do quintal \u00e9 rica em ferro e cresce sozinha entre as pedras"}]},{"@type":"WebSite","@id":"https:\/\/www.correiobraziliense.com.br\/cbradar\/#website","url":"https:\/\/www.correiobraziliense.com.br\/cbradar\/","name":"Correio Braziliense - Radar","description":"Acompanhe as \u00faltimas not\u00edcias e fique bem informado sobre tudo o que acontece no Brasil e no mundo.","potentialAction":[{"@type":"SearchAction","target":{"@type":"EntryPoint","urlTemplate":"https:\/\/www.correiobraziliense.com.br\/cbradar\/?s={search_term_string}"},"query-input":{"@type":"PropertyValueSpecification","valueRequired":true,"valueName":"search_term_string"}}],"inLanguage":"pt-BR"},{"@type":"Person","@id":"https:\/\/www.correiobraziliense.com.br\/cbradar\/#\/schema\/person\/5440b72be9c7eb74f446c846479dc4da","name":"Patrick Silva","image":{"@type":"ImageObject","inLanguage":"pt-BR","@id":"https:\/\/www.correiobraziliense.com.br\/cbradar\/#\/schema\/person\/image\/","url":"https:\/\/secure.gravatar.com\/avatar\/944109df296fc087785c9715fd5f80b2?s=96&d=mm&r=g","contentUrl":"https:\/\/secure.gravatar.com\/avatar\/944109df296fc087785c9715fd5f80b2?s=96&d=mm&r=g","caption":"Patrick Silva"},"sameAs":["https:\/\/www.correiobraziliense.com.br\/cbradar\/"],"url":"https:\/\/www.correiobraziliense.com.br\/cbradar\/author\/patrick-silva\/"}]}},"_links":{"self":[{"href":"https:\/\/www.correiobraziliense.com.br\/cbradar\/wp-json\/wp\/v2\/posts\/205597","targetHints":{"allow":["GET"]}}],"collection":[{"href":"https:\/\/www.correiobraziliense.com.br\/cbradar\/wp-json\/wp\/v2\/posts"}],"about":[{"href":"https:\/\/www.correiobraziliense.com.br\/cbradar\/wp-json\/wp\/v2\/types\/post"}],"author":[{"embeddable":true,"href":"https:\/\/www.correiobraziliense.com.br\/cbradar\/wp-json\/wp\/v2\/users\/21"}],"replies":[{"embeddable":true,"href":"https:\/\/www.correiobraziliense.com.br\/cbradar\/wp-json\/wp\/v2\/comments?post=205597"}],"version-history":[{"count":4,"href":"https:\/\/www.correiobraziliense.com.br\/cbradar\/wp-json\/wp\/v2\/posts\/205597\/revisions"}],"predecessor-version":[{"id":205606,"href":"https:\/\/www.correiobraziliense.com.br\/cbradar\/wp-json\/wp\/v2\/posts\/205597\/revisions\/205606"}],"wp:featuredmedia":[{"embeddable":true,"href":"https:\/\/www.correiobraziliense.com.br\/cbradar\/wp-json\/wp\/v2\/media\/205608"}],"wp:attachment":[{"href":"https:\/\/www.correiobraziliense.com.br\/cbradar\/wp-json\/wp\/v2\/media?parent=205597"}],"wp:term":[{"taxonomy":"category","embeddable":true,"href":"https:\/\/www.correiobraziliense.com.br\/cbradar\/wp-json\/wp\/v2\/categories?post=205597"},{"taxonomy":"post_tag","embeddable":true,"href":"https:\/\/www.correiobraziliense.com.br\/cbradar\/wp-json\/wp\/v2\/tags?post=205597"}],"curies":[{"name":"wp","href":"https:\/\/api.w.org\/{rel}","templated":true}]}}