{"id":205609,"date":"2026-03-11T14:15:00","date_gmt":"2026-03-11T17:15:00","guid":{"rendered":"https:\/\/www.correiobraziliense.com.br\/cbradar\/?p=205609"},"modified":"2026-03-09T12:15:07","modified_gmt":"2026-03-09T15:15:07","slug":"pouca-gente-sabe-mas-essa-planta-considerada-mato-tem-mais-vitamina-c-que-muitas-verduras","status":"publish","type":"post","link":"https:\/\/www.correiobraziliense.com.br\/cbradar\/pouca-gente-sabe-mas-essa-planta-considerada-mato-tem-mais-vitamina-c-que-muitas-verduras\/","title":{"rendered":"Pouca gente sabe, mas essa planta considerada mato tem mais vitamina C que muitas verduras"},"content":{"rendered":"\n<p>A <strong>ora-pro-n\u00f3bis<\/strong> \u00e9 uma das plantas mais surpreendentes da flora brasileira, sendo carinhosamente chamada de carne dos pobres por seu alto teor proteico. Ela possui mais vitamina C que a laranja e uma concentra\u00e7\u00e3o de ferro superior a muitos vegetais folhosos tradicionais. Seu cultivo simples em cercas torna essa planta um recurso nutricional imbat\u00edvel.<\/p>\n\n\n\n<h2 class=\"wp-block-heading\">Por que ela \u00e9 considerada uma superprote\u00edna vegetal?<\/h2>\n\n\n\n<p>A ora-pro-n\u00f3bis destaca-se por conter cerca de 25% de prote\u00edna em sua composi\u00e7\u00e3o foliar seca, um valor raramente encontrado em outros vegetais. Al\u00e9m dos amino\u00e1cidos essenciais, ela oferece fibras que auxiliam no processo digestivo e na manuten\u00e7\u00e3o da saciedade prolongada. \u00c9 um alimento completo para quem busca sa\u00fade.<\/p>\n\n\n\n<p>A presen\u00e7a massiva de minerais como f\u00f3sforo e c\u00e1lcio fortalece a estrutura \u00f3ssea e previne doen\u00e7as degenerativas ao longo dos anos. Suas folhas verde-escuras s\u00e3o dep\u00f3sitos naturais de vitalidade que podem ser colhidos diretamente no quintal de casa. O consumo regular promove um bem-estar vis\u00edvel na pele e nos cabelos.<\/p>\n\n\n\n<p>A farinha de ora-pro-n\u00f3bis tem ganhado destaque por seu alto valor nutricional e pela presen\u00e7a de prote\u00ednas, fibras e minerais importantes para a alimenta\u00e7\u00e3o. Conhecer suas propriedades ajuda a aproveitar melhor seus benef\u00edcios. No conte\u00fado do <strong>Mundo Fitoter\u00e1pico<\/strong>, com 41,5 mil inscritos, voc\u00ea entende mais:<\/p>\n\n\n\n<iframe loading=\"lazy\" width=\"459\" height=\"816\" src=\"https:\/\/www.youtube.com\/embed\/_Gmqaa2dcu0\" title=\"\ud83d\udfe2 Farinha de ora-pro-n\u00f3bis\" frameborder=\"0\" allow=\"accelerometer; autoplay; clipboard-write; encrypted-media; gyroscope; picture-in-picture; web-share\" referrerpolicy=\"strict-origin-when-cross-origin\" allowfullscreen><\/iframe>\n\n\n\n<h2 class=\"wp-block-heading\">Como identificar a ora-pro-n\u00f3bis com seguran\u00e7a?<\/h2>\n\n\n\n<p>Esta <strong><a href=\"https:\/\/www.correiobraziliense.com.br\/cbradar\/a-planta-medicinal-que-ajuda-a-acalmar-a-mente-e-tambem-melhora-a-qualidade-do-sono\/\" target=\"_blank\" rel=\"noreferrer noopener\">planta <\/a><\/strong>\u00e9 uma cact\u00e1cea trepadeira que apresenta espinhos agudos em seus caules, exigindo cuidado constante durante o manuseio e a colheita manual. Suas folhas s\u00e3o lanceoladas, carnosas e possuem um brilho caracter\u00edstico que as diferencia de outras trepadeiras comuns. A flora\u00e7\u00e3o ocorre em per\u00edodos espec\u00edficos com flores brancas.<\/p>\n\n\n\n<p>\u00c9 fundamental observar o crescimento vigoroso em cercas ou suportes verticais, onde ela se desenvolve com facilidade sob sol pleno. A textura da folha, quando rasgada, libera uma leve mucilagem que \u00e9 t\u00edpica das esp\u00e9cies comest\u00edveis e seguras. Conhecer esses detalhes bot\u00e2nicos evita confus\u00f5es com plantas ornamentais que s\u00e3o t\u00f3xicas.<\/p>\n\n\n\n<h2 class=\"wp-block-heading\">Quais os benef\u00edcios do consumo frequente?<\/h2>\n\n\n\n<p>O uso cont\u00ednuo desta planta auxilia no combate \u00e0 anemia devido \u00e0 alta biodisponibilidade de ferro em suas folhas jovens e frescas. A vitamina C presente atua como um catalisador, garantindo que o organismo absorva os minerais de forma eficiente e r\u00e1pida. \u00c9 uma aliada poderosa para o sistema imunol\u00f3gico.<\/p>\n\n\n\n<p>Para aproveitar ao m\u00e1ximo cada nutriente, existem formas criativas de integrar este ingrediente ao card\u00e1pio di\u00e1rio com muito sabor:<\/p>\n\n\n\n<ul class=\"wp-block-list\">\n<li>Refogados r\u00e1pidos com cebola e alho para acompanhamentos.<\/li>\n\n\n\n<li>Farinha das folhas secas para enriquecer massas diversas.<\/li>\n\n\n\n<li>Adi\u00e7\u00e3o em sucos de frutas c\u00edtricas pela manh\u00e3.<\/li>\n\n\n\n<li>Uso em omeletes e quiches para aporte proteico.<\/li>\n\n\n\n<li>Ingrediente principal em caldos e polentas tradicionais mineiras.<\/li>\n<\/ul>\n\n\n\n<h2 class=\"wp-block-heading\">Existem riscos no consumo excessivo desta planta?<\/h2>\n\n\n\n<p>Embora seja extremamente segura para a maioria da popula\u00e7\u00e3o, a ora-pro-n\u00f3bis deve ser consumida com modera\u00e7\u00e3o por quem possui sensibilidade g\u00e1strica. A mucilagem natural pode acelerar o tr\u00e2nsito intestinal em algumas pessoas, exigindo uma adapta\u00e7\u00e3o gradual na dieta. O equil\u00edbrio alimentar \u00e9 sempre o melhor caminho para a longevidade.<\/p>\n\n\n\n<p>Algumas variedades possuem espinhos mais agressivos, o que requer aten\u00e7\u00e3o redobrada durante o preparo culin\u00e1rio dom\u00e9stico para evitar acidentes. Lavar bem as folhas sob \u00e1gua corrente remove impurezas e garante a pureza total do alimento. Respeitar a origem da planta assegura uma experi\u00eancia gastron\u00f4mica saud\u00e1vel e livre de riscos.<\/p>\n\n\n\n<figure class=\"wp-block-image size-full\"><img decoding=\"async\" width=\"1280\" height=\"720\" src=\"https:\/\/www.correiobraziliense.com.br\/cbradar\/wp-content\/uploads\/2026\/03\/Gemini_Generated_Image_cptoslcptoslcpto-1-1.png\" alt=\"Pouca gente sabe, mas essa planta considerada mato tem mais vitamina C que muitas verduras\" class=\"wp-image-205615\" srcset=\"https:\/\/www.correiobraziliense.com.br\/cbradar\/wp-content\/uploads\/2026\/03\/Gemini_Generated_Image_cptoslcptoslcpto-1-1.png 1280w, https:\/\/www.correiobraziliense.com.br\/cbradar\/wp-content\/uploads\/2026\/03\/Gemini_Generated_Image_cptoslcptoslcpto-1-1-300x169.png 300w, https:\/\/www.correiobraziliense.com.br\/cbradar\/wp-content\/uploads\/2026\/03\/Gemini_Generated_Image_cptoslcptoslcpto-1-1-768x432.png 768w, https:\/\/www.correiobraziliense.com.br\/cbradar\/wp-content\/uploads\/2026\/03\/Gemini_Generated_Image_cptoslcptoslcpto-1-1-750x422.png 750w, https:\/\/www.correiobraziliense.com.br\/cbradar\/wp-content\/uploads\/2026\/03\/Gemini_Generated_Image_cptoslcptoslcpto-1-1-1140x641.png 1140w\" sizes=\"(max-width: 1280px) 100vw, 1280px\" \/><figcaption class=\"wp-element-caption\">Ora-pro-n\u00f3bis a planta brasileira rica em prote\u00edna ferro e vitamina C que fortalece a alimenta\u00e7\u00e3o saud\u00e1vel<\/figcaption><\/figure>\n\n\n\n<h2 class=\"wp-block-heading\">Qual a comprova\u00e7\u00e3o cient\u00edfica de seus nutrientes?<\/h2>\n\n\n\n<p>Estudos realizados por \u00f3rg\u00e3os de pesquisa agropecu\u00e1ria confirmam que a ora-pro-n\u00f3bis \u00e9 uma ferramenta estrat\u00e9gica para a seguran\u00e7a alimentar em diversas regi\u00f5es. A an\u00e1lise laboratorial demonstra que seus n\u00edveis de minerais superam os de hortali\u00e7as comerciais como o espinafre. A ci\u00eancia valida o que o conhecimento popular j\u00e1 sabia.<\/p>\n\n\n\n<p>Informa\u00e7\u00f5es t\u00e9cnicas sobre o cultivo e as propriedades qu\u00edmicas desta esp\u00e9cie est\u00e3o dispon\u00edveis no portal oficial da <a href=\"https:\/\/www.embrapa.br\/en\/busca-de-publicacoes\/-\/publicacao\/1073444\/pereskia-aculeata-ora-pro-nobis\" target=\"_blank\" rel=\"noreferrer noopener\">Embrapa Hortali\u00e7as<\/a>, que lidera as pesquisas sobre plantas aliment\u00edcias n\u00e3o convencionais no pa\u00eds. Valorizar esses recursos naturais brasileiros \u00e9 um passo fundamental para uma nutri\u00e7\u00e3o mais consciente, sustent\u00e1vel e acess\u00edvel.<\/p>\n","protected":false},"excerpt":{"rendered":"<p>A ora-pro-n\u00f3bis \u00e9 uma das plantas mais surpreendentes da flora brasileira, sendo carinhosamente chamada de carne dos pobres por seu alto teor proteico. Ela possui mais vitamina C que a laranja e uma concentra\u00e7\u00e3o de ferro superior a muitos vegetais folhosos tradicionais. Seu cultivo simples em cercas torna essa planta um recurso nutricional imbat\u00edvel. Por [&hellip;]<\/p>\n","protected":false},"author":21,"featured_media":205625,"comment_status":"open","ping_status":"open","sticky":false,"template":"","format":"standard","meta":{"_yoast_wpseo_focuskw":"benef\u00edcios da ora-pro-n\u00f3bis na dieta","_yoast_wpseo_title":"","_yoast_wpseo_metadesc":"Uma planta brasileira pouco valorizada possui alto teor de prote\u00edna, ferro e vitamina C e pode enriquecer a alimenta\u00e7\u00e3o.","jnews-multi-image_gallery":[],"jnews_single_post":{"format":"standard"},"jnews_primary_category":[],"jnews_social_meta":[],"jnews_override_counter":[],"footnotes":""},"categories":[136],"post_tag":[4751,224,5380],"class_list":["post-205609","post","type-post","status-publish","format-standard","has-post-thumbnail","hentry","category-jardinagem","tag-ora-pro-nobis","tag-plantas","tag-verduras"],"yoast_head":"<!-- This site is optimized with the Yoast SEO plugin v24.6 - https:\/\/yoast.com\/wordpress\/plugins\/seo\/ -->\n<title>Pouca gente sabe, mas essa planta considerada mato tem mais vitamina C que muitas verduras - Correio Braziliense - Radar<\/title>\n<meta name=\"description\" content=\"Uma planta brasileira pouco valorizada possui alto teor de prote\u00edna, ferro e vitamina C e pode enriquecer a alimenta\u00e7\u00e3o.\" \/>\n<meta name=\"robots\" content=\"index, follow, max-snippet:-1, max-image-preview:large, max-video-preview:-1\" \/>\n<link rel=\"canonical\" href=\"https:\/\/www.correiobraziliense.com.br\/cbradar\/pouca-gente-sabe-mas-essa-planta-considerada-mato-tem-mais-vitamina-c-que-muitas-verduras\/\" \/>\n<meta property=\"og:locale\" content=\"pt_BR\" \/>\n<meta property=\"og:type\" content=\"article\" \/>\n<meta property=\"og:title\" content=\"Pouca gente sabe, mas essa planta considerada mato tem mais vitamina C que muitas verduras - Correio Braziliense - Radar\" \/>\n<meta property=\"og:description\" content=\"Uma planta brasileira pouco valorizada possui alto teor de prote\u00edna, ferro e vitamina C e pode enriquecer a alimenta\u00e7\u00e3o.\" \/>\n<meta property=\"og:url\" content=\"https:\/\/www.correiobraziliense.com.br\/cbradar\/pouca-gente-sabe-mas-essa-planta-considerada-mato-tem-mais-vitamina-c-que-muitas-verduras\/\" \/>\n<meta property=\"og:site_name\" content=\"Correio Braziliense - Radar\" \/>\n<meta property=\"article:published_time\" content=\"2026-03-11T17:15:00+00:00\" \/>\n<meta property=\"og:image\" content=\"https:\/\/www.correiobraziliense.com.br\/cbradar\/wp-content\/uploads\/2026\/03\/ChatGPT-Image-9-de-mar.-de-2026-12_14_02-1-1.png\" \/>\n\t<meta property=\"og:image:width\" content=\"1280\" \/>\n\t<meta property=\"og:image:height\" content=\"720\" \/>\n\t<meta property=\"og:image:type\" content=\"image\/png\" \/>\n<meta name=\"author\" content=\"Patrick Silva\" \/>\n<meta name=\"twitter:card\" content=\"summary_large_image\" \/>\n<meta name=\"twitter:label1\" content=\"Escrito por\" \/>\n\t<meta name=\"twitter:data1\" content=\"Patrick Silva\" \/>\n\t<meta name=\"twitter:label2\" content=\"Est. tempo de leitura\" \/>\n\t<meta name=\"twitter:data2\" content=\"4 minutos\" \/>\n<!-- \/ Yoast SEO plugin. -->","yoast_head_json":{"title":"Pouca gente sabe, mas essa planta considerada mato tem mais vitamina C que muitas verduras - Correio Braziliense - Radar","description":"Uma planta brasileira pouco valorizada possui alto teor de prote\u00edna, ferro e vitamina C e pode enriquecer a alimenta\u00e7\u00e3o.","robots":{"index":"index","follow":"follow","max-snippet":"max-snippet:-1","max-image-preview":"max-image-preview:large","max-video-preview":"max-video-preview:-1"},"canonical":"https:\/\/www.correiobraziliense.com.br\/cbradar\/pouca-gente-sabe-mas-essa-planta-considerada-mato-tem-mais-vitamina-c-que-muitas-verduras\/","og_locale":"pt_BR","og_type":"article","og_title":"Pouca gente sabe, mas essa planta considerada mato tem mais vitamina C que muitas verduras - Correio Braziliense - Radar","og_description":"Uma planta brasileira pouco valorizada possui alto teor de prote\u00edna, ferro e vitamina C e pode enriquecer a alimenta\u00e7\u00e3o.","og_url":"https:\/\/www.correiobraziliense.com.br\/cbradar\/pouca-gente-sabe-mas-essa-planta-considerada-mato-tem-mais-vitamina-c-que-muitas-verduras\/","og_site_name":"Correio Braziliense - Radar","article_published_time":"2026-03-11T17:15:00+00:00","og_image":[{"width":1280,"height":720,"url":"https:\/\/www.correiobraziliense.com.br\/cbradar\/wp-content\/uploads\/2026\/03\/ChatGPT-Image-9-de-mar.-de-2026-12_14_02-1-1.png","type":"image\/png"}],"author":"Patrick Silva","twitter_card":"summary_large_image","twitter_misc":{"Escrito por":"Patrick Silva","Est. tempo de leitura":"4 minutos"},"schema":{"@context":"https:\/\/schema.org","@graph":[{"@type":"WebPage","@id":"https:\/\/www.correiobraziliense.com.br\/cbradar\/pouca-gente-sabe-mas-essa-planta-considerada-mato-tem-mais-vitamina-c-que-muitas-verduras\/","url":"https:\/\/www.correiobraziliense.com.br\/cbradar\/pouca-gente-sabe-mas-essa-planta-considerada-mato-tem-mais-vitamina-c-que-muitas-verduras\/","name":"Pouca gente sabe, mas essa planta considerada mato tem mais vitamina C que muitas verduras - Correio Braziliense - Radar","isPartOf":{"@id":"https:\/\/www.correiobraziliense.com.br\/cbradar\/#website"},"primaryImageOfPage":{"@id":"https:\/\/www.correiobraziliense.com.br\/cbradar\/pouca-gente-sabe-mas-essa-planta-considerada-mato-tem-mais-vitamina-c-que-muitas-verduras\/#primaryimage"},"image":{"@id":"https:\/\/www.correiobraziliense.com.br\/cbradar\/pouca-gente-sabe-mas-essa-planta-considerada-mato-tem-mais-vitamina-c-que-muitas-verduras\/#primaryimage"},"thumbnailUrl":"https:\/\/www.correiobraziliense.com.br\/cbradar\/wp-content\/uploads\/2026\/03\/ChatGPT-Image-9-de-mar.-de-2026-12_14_02-1-1.png","datePublished":"2026-03-11T17:15:00+00:00","author":{"@id":"https:\/\/www.correiobraziliense.com.br\/cbradar\/#\/schema\/person\/5440b72be9c7eb74f446c846479dc4da"},"description":"Uma planta brasileira pouco valorizada possui alto teor de prote\u00edna, ferro e vitamina C e pode enriquecer a alimenta\u00e7\u00e3o.","breadcrumb":{"@id":"https:\/\/www.correiobraziliense.com.br\/cbradar\/pouca-gente-sabe-mas-essa-planta-considerada-mato-tem-mais-vitamina-c-que-muitas-verduras\/#breadcrumb"},"inLanguage":"pt-BR","potentialAction":[{"@type":"ReadAction","target":["https:\/\/www.correiobraziliense.com.br\/cbradar\/pouca-gente-sabe-mas-essa-planta-considerada-mato-tem-mais-vitamina-c-que-muitas-verduras\/"]}]},{"@type":"ImageObject","inLanguage":"pt-BR","@id":"https:\/\/www.correiobraziliense.com.br\/cbradar\/pouca-gente-sabe-mas-essa-planta-considerada-mato-tem-mais-vitamina-c-que-muitas-verduras\/#primaryimage","url":"https:\/\/www.correiobraziliense.com.br\/cbradar\/wp-content\/uploads\/2026\/03\/ChatGPT-Image-9-de-mar.-de-2026-12_14_02-1-1.png","contentUrl":"https:\/\/www.correiobraziliense.com.br\/cbradar\/wp-content\/uploads\/2026\/03\/ChatGPT-Image-9-de-mar.-de-2026-12_14_02-1-1.png","width":1280,"height":720,"caption":"Ora-pro-n\u00f3bis a planta brasileira rica em prote\u00edna ferro e vitamina C que fortalece a alimenta\u00e7\u00e3o saud\u00e1vel"},{"@type":"BreadcrumbList","@id":"https:\/\/www.correiobraziliense.com.br\/cbradar\/pouca-gente-sabe-mas-essa-planta-considerada-mato-tem-mais-vitamina-c-que-muitas-verduras\/#breadcrumb","itemListElement":[{"@type":"ListItem","position":1,"name":"In\u00edcio","item":"https:\/\/www.correiobraziliense.com.br\/cbradar\/"},{"@type":"ListItem","position":2,"name":"Pouca gente sabe, mas essa planta considerada mato tem mais vitamina C que muitas verduras"}]},{"@type":"WebSite","@id":"https:\/\/www.correiobraziliense.com.br\/cbradar\/#website","url":"https:\/\/www.correiobraziliense.com.br\/cbradar\/","name":"Correio Braziliense - Radar","description":"Acompanhe as \u00faltimas not\u00edcias e fique bem informado sobre tudo o que acontece no Brasil e no mundo.","potentialAction":[{"@type":"SearchAction","target":{"@type":"EntryPoint","urlTemplate":"https:\/\/www.correiobraziliense.com.br\/cbradar\/?s={search_term_string}"},"query-input":{"@type":"PropertyValueSpecification","valueRequired":true,"valueName":"search_term_string"}}],"inLanguage":"pt-BR"},{"@type":"Person","@id":"https:\/\/www.correiobraziliense.com.br\/cbradar\/#\/schema\/person\/5440b72be9c7eb74f446c846479dc4da","name":"Patrick Silva","image":{"@type":"ImageObject","inLanguage":"pt-BR","@id":"https:\/\/www.correiobraziliense.com.br\/cbradar\/#\/schema\/person\/image\/","url":"https:\/\/secure.gravatar.com\/avatar\/944109df296fc087785c9715fd5f80b2?s=96&d=mm&r=g","contentUrl":"https:\/\/secure.gravatar.com\/avatar\/944109df296fc087785c9715fd5f80b2?s=96&d=mm&r=g","caption":"Patrick Silva"},"sameAs":["https:\/\/www.correiobraziliense.com.br\/cbradar\/"],"url":"https:\/\/www.correiobraziliense.com.br\/cbradar\/author\/patrick-silva\/"}]}},"_links":{"self":[{"href":"https:\/\/www.correiobraziliense.com.br\/cbradar\/wp-json\/wp\/v2\/posts\/205609","targetHints":{"allow":["GET"]}}],"collection":[{"href":"https:\/\/www.correiobraziliense.com.br\/cbradar\/wp-json\/wp\/v2\/posts"}],"about":[{"href":"https:\/\/www.correiobraziliense.com.br\/cbradar\/wp-json\/wp\/v2\/types\/post"}],"author":[{"embeddable":true,"href":"https:\/\/www.correiobraziliense.com.br\/cbradar\/wp-json\/wp\/v2\/users\/21"}],"replies":[{"embeddable":true,"href":"https:\/\/www.correiobraziliense.com.br\/cbradar\/wp-json\/wp\/v2\/comments?post=205609"}],"version-history":[{"count":5,"href":"https:\/\/www.correiobraziliense.com.br\/cbradar\/wp-json\/wp\/v2\/posts\/205609\/revisions"}],"predecessor-version":[{"id":205621,"href":"https:\/\/www.correiobraziliense.com.br\/cbradar\/wp-json\/wp\/v2\/posts\/205609\/revisions\/205621"}],"wp:featuredmedia":[{"embeddable":true,"href":"https:\/\/www.correiobraziliense.com.br\/cbradar\/wp-json\/wp\/v2\/media\/205625"}],"wp:attachment":[{"href":"https:\/\/www.correiobraziliense.com.br\/cbradar\/wp-json\/wp\/v2\/media?parent=205609"}],"wp:term":[{"taxonomy":"category","embeddable":true,"href":"https:\/\/www.correiobraziliense.com.br\/cbradar\/wp-json\/wp\/v2\/categories?post=205609"},{"taxonomy":"post_tag","embeddable":true,"href":"https:\/\/www.correiobraziliense.com.br\/cbradar\/wp-json\/wp\/v2\/post_tag?post=205609"}],"curies":[{"name":"wp","href":"https:\/\/api.w.org\/{rel}","templated":true}]}}