{"id":205618,"date":"2026-03-10T06:55:00","date_gmt":"2026-03-10T09:55:00","guid":{"rendered":"https:\/\/www.correiobraziliense.com.br\/cbradar\/?p=205618"},"modified":"2026-03-09T16:05:29","modified_gmt":"2026-03-09T19:05:29","slug":"a-melhor-rotina-de-hidratacao-para-idosos-com-mais-de-70-anos","status":"publish","type":"post","link":"https:\/\/www.correiobraziliense.com.br\/cbradar\/a-melhor-rotina-de-hidratacao-para-idosos-com-mais-de-70-anos\/","title":{"rendered":"A melhor rotina de hidrata\u00e7\u00e3o para idosos com mais de 70 anos"},"content":{"rendered":"\n<p>Manter a hidrata\u00e7\u00e3o adequada ap\u00f3s os setenta anos \u00e9 vital para garantir o funcionamento correto dos rins e a clareza mental di\u00e1ria. Com o envelhecimento natural, a sensa\u00e7\u00e3o de sede diminui consideravelmente, tornando a ingest\u00e3o de l\u00edquidos um h\u00e1bito que exige planejamento e muita disciplina constante para evitar complica\u00e7\u00f5es de sa\u00fade s\u00e9rias.<\/p>\n\n\n\n<h2 class=\"wp-block-heading\">Como saber a quantidade exata de \u00e1gua para o seu corpo?<\/h2>\n\n\n\n<p>Calcular a necessidade h\u00eddrica individual depende diretamente do peso corporal e do n\u00edvel de atividade f\u00edsica realizado pelo idoso todos os dias. Especialistas sugerem que a ingest\u00e3o deve ser fracionada ao longo das horas para facilitar a absor\u00e7\u00e3o celular e evitar sobrecargas desnecess\u00e1rias ao sistema urin\u00e1rio. Beber \u00e1gua regularmente \u00e9 a <strong>estrat\u00e9gia mais eficiente<\/strong> para o bem-estar.<\/p>\n\n\n\n<p>Ingerir l\u00edquidos de forma consciente previne a queda de press\u00e3o e as tonturas que podem causar acidentes dom\u00e9sticos perigosos para a sua sa\u00fade. Manter uma garrafa sempre por perto funciona como um lembrete visual poderoso que ajuda a vencer a falta de sede comum nessa fase. O equil\u00edbrio h\u00eddrico \u00e9 fundamental para uma <strong>longevidade ativa e segura<\/strong>.<\/p>\n\n\n\n<figure class=\"wp-block-image size-full\"><img decoding=\"async\" width=\"1280\" height=\"720\" src=\"https:\/\/www.correiobraziliense.com.br\/cbradar\/wp-content\/uploads\/2026\/03\/Gemini_Generated_Image_44altn44altn44al-1-1.png\" alt=\"A melhor rotina de hidrata\u00e7\u00e3o para idosos com mais de 70 anos\" class=\"wp-image-205715\" srcset=\"https:\/\/www.correiobraziliense.com.br\/cbradar\/wp-content\/uploads\/2026\/03\/Gemini_Generated_Image_44altn44altn44al-1-1.png 1280w, https:\/\/www.correiobraziliense.com.br\/cbradar\/wp-content\/uploads\/2026\/03\/Gemini_Generated_Image_44altn44altn44al-1-1-300x169.png 300w, https:\/\/www.correiobraziliense.com.br\/cbradar\/wp-content\/uploads\/2026\/03\/Gemini_Generated_Image_44altn44altn44al-1-1-768x432.png 768w, https:\/\/www.correiobraziliense.com.br\/cbradar\/wp-content\/uploads\/2026\/03\/Gemini_Generated_Image_44altn44altn44al-1-1-750x422.png 750w, https:\/\/www.correiobraziliense.com.br\/cbradar\/wp-content\/uploads\/2026\/03\/Gemini_Generated_Image_44altn44altn44al-1-1-1140x641.png 1140w\" sizes=\"(max-width: 1280px) 100vw, 1280px\" \/><figcaption class=\"wp-element-caption\">Uma rotina de hidrata\u00e7\u00e3o adequada ajuda idosos a manter energia e sa\u00fade di\u00e1ria<\/figcaption><\/figure>\n\n\n\n<h2 class=\"wp-block-heading\">Quais s\u00e3o os sinais silenciosos de que o organismo precisa de l\u00edquidos?<\/h2>\n\n\n\n<p>A desidrata\u00e7\u00e3o em pessoas mais velhas costuma se manifestar atrav\u00e9s de confus\u00e3o mental s\u00fabita, pele seca ou uma fadiga f\u00edsica sem explica\u00e7\u00e3o aparente. Observar a colora\u00e7\u00e3o da urina \u00e9 uma maneira pr\u00e1tica de monitorar o n\u00edvel de hidrata\u00e7\u00e3o interna sem a necessidade de exames complexos ou caros. A preven\u00e7\u00e3o constante evita interna\u00e7\u00f5es hospitalares por quadros evit\u00e1veis e perigosos.<\/p>\n\n\n\n<p>Dores de cabe\u00e7a frequentes e intestino preso tamb\u00e9m podem indicar que o consumo de \u00e1gua est\u00e1 abaixo do recomendado pelos m\u00e9dicos especialistas. \u00c9 fundamental n\u00e3o esperar sentir sede para beber \u00e1gua, pois esse mecanismo fisiol\u00f3gico torna-se menos eficiente com o passar das d\u00e9cadas de vida. O cuidado di\u00e1rio garante que suas fun\u00e7\u00f5es biol\u00f3gicas operem com <strong>total efici\u00eancia e prote\u00e7\u00e3o<\/strong>.<\/p>\n\n\n\n<h2 class=\"wp-block-heading\">Como transformar o h\u00e1bito de beber \u00e1gua em algo prazeroso?<\/h2>\n\n\n\n<p>Adicionar fatias de frutas c\u00edtricas ou ervas frescas como hortel\u00e3 pode tornar a ingest\u00e3o de l\u00edquidos muito mais atraente e saborosa para todos. \u00c1guas aromatizadas s\u00e3o excelentes alternativas para quem tem dificuldade em consumir a vers\u00e3o pura durante o dia inteiro. Diversificar as op\u00e7\u00f5es de consumo facilita o cumprimento das metas di\u00e1rias de sa\u00fade com <strong>leveza e muito sabor<\/strong>.<\/p>\n\n\n\n<p>Para que sua experi\u00eancia di\u00e1ria seja totalmente proveitosa e atenda \u00e0s necessidades espec\u00edficas do organismo maduro de forma pr\u00e1tica e muito eficiente:<\/p>\n\n\n\n<ul class=\"wp-block-list\">\n<li>\u00c1gua com rodelas de laranja fresca.<\/li>\n\n\n\n<li>Ch\u00e1s de ervas naturais sem a\u00e7\u00facar.<\/li>\n\n\n\n<li>\u00c1gua de coco pura e gelada.<\/li>\n\n\n\n<li>Sucos de frutas naturais dilu\u00eddos.<\/li>\n\n\n\n<li>Alimentos com alta densidade h\u00eddrica.<\/li>\n<\/ul>\n\n\n\n<h2 class=\"wp-block-heading\">O que a alimenta\u00e7\u00e3o pode fazer para ajudar na sua meta di\u00e1ria?<\/h2>\n\n\n\n<p>Consumir frutas e vegetais com alto teor de \u00e1gua, como melancia e chuchu, contribui significativamente para o aporte h\u00eddrico total do seu corpo. Esses alimentos fornecem vitaminas essenciais e fibras que auxiliam na digest\u00e3o correta, complementando a ingest\u00e3o de l\u00edquidos de maneira nutritiva e funcional. Manter uma dieta equilibrada \u00e9 um passo crucial para a <strong>hidrata\u00e7\u00e3o celular profunda<\/strong>.<\/p>\n\n\n\n<p>Sopas e caldos leves durante o jantar tamb\u00e9m s\u00e3o \u00f3timas fontes de hidrata\u00e7\u00e3o que aquecem o corpo e fornecem nutrientes importantes para a noite. Substituir lanches secos por op\u00e7\u00f5es mais \u00famidas ajuda a manter o organismo equilibrado sem esfor\u00e7o extra nas refei\u00e7\u00f5es principais. Pequenas trocas alimentares geram grandes impactos positivos na sua disposi\u00e7\u00e3o e vitalidade f\u00edsica verdadeiramente duradoura.<\/p>\n\n\n\n<p>No v\u00eddeo abaixo do TikTok <strong><em>Jin.kbeauty<\/em><\/strong>, que conta com mais de <strong><em>40 mil<\/em><\/strong> seguidores, ela mostra a rotina de hidrata\u00e7\u00e3o da pele que previne o envelhecimento:<\/p>\n\n\n\n<blockquote class=\"tiktok-embed\" cite=\"https:\/\/www.tiktok.com\/@jin.kbeauty\/video\/7515456986851347768\" data-video-id=\"7515456986851347768\" style=\"max-width: 605px;min-width: 325px;\" > <section> <a target=\"_blank\" title=\"@jin.kbeauty\" href=\"https:\/\/www.tiktok.com\/@jin.kbeauty?refer=embed\">@jin.kbeauty<\/a> Vem ver como eu fa\u00e7o meu skincare da manh\u00e3 com 72 anos. Trouxe v\u00e1rios produtos da Coreia que j\u00e1 estou usando e adorando! Hidratar, proteger e manter a sa\u00fade da pele faz diferen\u00e7a em qualquer idade. <a title=\"skincarecoreano\" target=\"_blank\" href=\"https:\/\/www.tiktok.com\/tag\/skincarecoreano?refer=embed\">#skincarecoreano<\/a> <a title=\"kbeauty\" target=\"_blank\" href=\"https:\/\/www.tiktok.com\/tag\/kbeauty?refer=embed\">#kbeauty<\/a> <a title=\"skincare\" target=\"_blank\" href=\"https:\/\/www.tiktok.com\/tag\/skincare?refer=embed\">#skincare<\/a> <a title=\"belezacoreana\" target=\"_blank\" href=\"https:\/\/www.tiktok.com\/tag\/belezacoreana?refer=embed\">#belezacoreana<\/a> <a target=\"_blank\" title=\"\u266c som original - Jin Hong\" href=\"https:\/\/www.tiktok.com\/music\/som-original-7515457033252981509?refer=embed\">\u266c som original &#8211; Jin Hong<\/a> <\/section> <\/blockquote> <script async src=\"https:\/\/www.tiktok.com\/embed.js\"><\/script>\n\n\n\n<p>Leia tamb\u00e9m: <a href=\"https:\/\/www.correiobraziliense.com.br\/cbradar\/quantos-ossos-existem-no-corpo-humano-e-qual-a-funcao-do-esqueleto\/\" target=\"_blank\" rel=\"noreferrer noopener\">Quantos ossos existem no corpo humano e qual a fun\u00e7\u00e3o do esqueleto<\/a><\/p>\n\n\n\n<h2 class=\"wp-block-heading\">Quais s\u00e3o as diretrizes mundiais para proteger a sa\u00fade renal?<\/h2>\n\n\n\n<p>A manuten\u00e7\u00e3o de um fluxo urin\u00e1rio constante protege os rins contra a forma\u00e7\u00e3o de c\u00e1lculos e infec\u00e7\u00f5es bacterianas que podem ser muito graves. Beber a quantidade correta de \u00e1gua garante que as toxinas sejam filtradas e eliminadas do sangue com rapidez e total seguran\u00e7a biol\u00f3gica. A sa\u00fade renal \u00e9 o pilar para manter o corpo livre de inflama\u00e7\u00f5es.<\/p>\n\n\n\n<p>A <strong>National Academy of Medicine<\/strong> estabelece padr\u00f5es de refer\u00eancia sobre a ingest\u00e3o total de \u00e1gua para adultos, visando prevenir a desidrata\u00e7\u00e3o severa em idosos. Seguir esses par\u00e2metros cient\u00edficos garante que o seu organismo receba o suporte necess\u00e1rio para enfrentar o calor e o esfor\u00e7o f\u00edsico. Consulte as recomenda\u00e7\u00f5es detalhadas no portal da <a href=\"https:\/\/www.sciencedaily.com\/releases\/2004\/02\/040212092439.htm\" target=\"_blank\" rel=\"noreferrer noopener\">National Academies<\/a> para assegurar o seu <strong>bem-estar integral di\u00e1rio<\/strong>.<\/p>\n","protected":false},"excerpt":{"rendered":"<p>Manter a hidrata\u00e7\u00e3o adequada ap\u00f3s os setenta anos \u00e9 vital para garantir o funcionamento correto dos rins e a clareza mental di\u00e1ria. Com o envelhecimento natural, a sensa\u00e7\u00e3o de sede diminui consideravelmente, tornando a ingest\u00e3o de l\u00edquidos um h\u00e1bito que exige planejamento e muita disciplina constante para evitar complica\u00e7\u00f5es de sa\u00fade s\u00e9rias. Como saber a [&hellip;]<\/p>\n","protected":false},"author":21,"featured_media":205710,"comment_status":"open","ping_status":"open","sticky":false,"template":"","format":"standard","meta":{"_yoast_wpseo_focuskw":"hidrata\u00e7\u00e3o para idosos","_yoast_wpseo_title":"","_yoast_wpseo_metadesc":"A hidrata\u00e7\u00e3o ap\u00f3s os 70 anos exige cuidados espec\u00edficos para manter energia, prevenir desidrata\u00e7\u00e3o e apoiar fun\u00e7\u00f5es do organismo","jnews-multi-image_gallery":[],"jnews_single_post":{"format":"standard"},"jnews_primary_category":[],"jnews_social_meta":[],"jnews_override_counter":[],"footnotes":""},"categories":[119],"post_tag":[633,202,784,1318],"class_list":["post-205618","post","type-post","status-publish","format-standard","has-post-thumbnail","hentry","category-bem-estar","tag-hidratacao","tag-idosos","tag-rotina","tag-saude-2"],"yoast_head":"<!-- This site is optimized with the Yoast SEO plugin v24.6 - https:\/\/yoast.com\/wordpress\/plugins\/seo\/ -->\n<title>A melhor rotina de hidrata\u00e7\u00e3o para idosos com mais de 70 anos - Correio Braziliense - Radar<\/title>\n<meta name=\"description\" content=\"A hidrata\u00e7\u00e3o ap\u00f3s os 70 anos exige cuidados espec\u00edficos para manter energia, prevenir desidrata\u00e7\u00e3o e apoiar fun\u00e7\u00f5es do organismo\" \/>\n<meta name=\"robots\" content=\"index, follow, max-snippet:-1, max-image-preview:large, max-video-preview:-1\" \/>\n<link rel=\"canonical\" href=\"https:\/\/www.correiobraziliense.com.br\/cbradar\/a-melhor-rotina-de-hidratacao-para-idosos-com-mais-de-70-anos\/\" \/>\n<meta property=\"og:locale\" content=\"pt_BR\" \/>\n<meta property=\"og:type\" content=\"article\" \/>\n<meta property=\"og:title\" content=\"A melhor rotina de hidrata\u00e7\u00e3o para idosos com mais de 70 anos - Correio Braziliense - Radar\" \/>\n<meta property=\"og:description\" content=\"A hidrata\u00e7\u00e3o ap\u00f3s os 70 anos exige cuidados espec\u00edficos para manter energia, prevenir desidrata\u00e7\u00e3o e apoiar fun\u00e7\u00f5es do organismo\" \/>\n<meta property=\"og:url\" content=\"https:\/\/www.correiobraziliense.com.br\/cbradar\/a-melhor-rotina-de-hidratacao-para-idosos-com-mais-de-70-anos\/\" \/>\n<meta property=\"og:site_name\" content=\"Correio Braziliense - Radar\" \/>\n<meta property=\"article:published_time\" content=\"2026-03-10T09:55:00+00:00\" \/>\n<meta property=\"og:image\" content=\"https:\/\/www.correiobraziliense.com.br\/cbradar\/wp-content\/uploads\/2026\/03\/Gemini_Generated_Image_z1izsyz1izsyz1iz-1-1.png\" \/>\n\t<meta property=\"og:image:width\" content=\"1280\" \/>\n\t<meta property=\"og:image:height\" content=\"720\" \/>\n\t<meta property=\"og:image:type\" content=\"image\/png\" \/>\n<meta name=\"author\" content=\"Patrick Silva\" \/>\n<meta name=\"twitter:card\" content=\"summary_large_image\" \/>\n<meta name=\"twitter:label1\" content=\"Escrito por\" \/>\n\t<meta name=\"twitter:data1\" content=\"Patrick Silva\" \/>\n\t<meta name=\"twitter:label2\" content=\"Est. tempo de leitura\" \/>\n\t<meta name=\"twitter:data2\" content=\"5 minutos\" \/>\n<!-- \/ Yoast SEO plugin. -->","yoast_head_json":{"title":"A melhor rotina de hidrata\u00e7\u00e3o para idosos com mais de 70 anos - Correio Braziliense - Radar","description":"A hidrata\u00e7\u00e3o ap\u00f3s os 70 anos exige cuidados espec\u00edficos para manter energia, prevenir desidrata\u00e7\u00e3o e apoiar fun\u00e7\u00f5es do organismo","robots":{"index":"index","follow":"follow","max-snippet":"max-snippet:-1","max-image-preview":"max-image-preview:large","max-video-preview":"max-video-preview:-1"},"canonical":"https:\/\/www.correiobraziliense.com.br\/cbradar\/a-melhor-rotina-de-hidratacao-para-idosos-com-mais-de-70-anos\/","og_locale":"pt_BR","og_type":"article","og_title":"A melhor rotina de hidrata\u00e7\u00e3o para idosos com mais de 70 anos - Correio Braziliense - Radar","og_description":"A hidrata\u00e7\u00e3o ap\u00f3s os 70 anos exige cuidados espec\u00edficos para manter energia, prevenir desidrata\u00e7\u00e3o e apoiar fun\u00e7\u00f5es do organismo","og_url":"https:\/\/www.correiobraziliense.com.br\/cbradar\/a-melhor-rotina-de-hidratacao-para-idosos-com-mais-de-70-anos\/","og_site_name":"Correio Braziliense - Radar","article_published_time":"2026-03-10T09:55:00+00:00","og_image":[{"width":1280,"height":720,"url":"https:\/\/www.correiobraziliense.com.br\/cbradar\/wp-content\/uploads\/2026\/03\/Gemini_Generated_Image_z1izsyz1izsyz1iz-1-1.png","type":"image\/png"}],"author":"Patrick Silva","twitter_card":"summary_large_image","twitter_misc":{"Escrito por":"Patrick Silva","Est. tempo de leitura":"5 minutos"},"schema":{"@context":"https:\/\/schema.org","@graph":[{"@type":"WebPage","@id":"https:\/\/www.correiobraziliense.com.br\/cbradar\/a-melhor-rotina-de-hidratacao-para-idosos-com-mais-de-70-anos\/","url":"https:\/\/www.correiobraziliense.com.br\/cbradar\/a-melhor-rotina-de-hidratacao-para-idosos-com-mais-de-70-anos\/","name":"A melhor rotina de hidrata\u00e7\u00e3o para idosos com mais de 70 anos - Correio Braziliense - Radar","isPartOf":{"@id":"https:\/\/www.correiobraziliense.com.br\/cbradar\/#website"},"primaryImageOfPage":{"@id":"https:\/\/www.correiobraziliense.com.br\/cbradar\/a-melhor-rotina-de-hidratacao-para-idosos-com-mais-de-70-anos\/#primaryimage"},"image":{"@id":"https:\/\/www.correiobraziliense.com.br\/cbradar\/a-melhor-rotina-de-hidratacao-para-idosos-com-mais-de-70-anos\/#primaryimage"},"thumbnailUrl":"https:\/\/www.correiobraziliense.com.br\/cbradar\/wp-content\/uploads\/2026\/03\/Gemini_Generated_Image_z1izsyz1izsyz1iz-1-1.png","datePublished":"2026-03-10T09:55:00+00:00","author":{"@id":"https:\/\/www.correiobraziliense.com.br\/cbradar\/#\/schema\/person\/5440b72be9c7eb74f446c846479dc4da"},"description":"A hidrata\u00e7\u00e3o ap\u00f3s os 70 anos exige cuidados espec\u00edficos para manter energia, prevenir desidrata\u00e7\u00e3o e apoiar fun\u00e7\u00f5es do organismo","breadcrumb":{"@id":"https:\/\/www.correiobraziliense.com.br\/cbradar\/a-melhor-rotina-de-hidratacao-para-idosos-com-mais-de-70-anos\/#breadcrumb"},"inLanguage":"pt-BR","potentialAction":[{"@type":"ReadAction","target":["https:\/\/www.correiobraziliense.com.br\/cbradar\/a-melhor-rotina-de-hidratacao-para-idosos-com-mais-de-70-anos\/"]}]},{"@type":"ImageObject","inLanguage":"pt-BR","@id":"https:\/\/www.correiobraziliense.com.br\/cbradar\/a-melhor-rotina-de-hidratacao-para-idosos-com-mais-de-70-anos\/#primaryimage","url":"https:\/\/www.correiobraziliense.com.br\/cbradar\/wp-content\/uploads\/2026\/03\/Gemini_Generated_Image_z1izsyz1izsyz1iz-1-1.png","contentUrl":"https:\/\/www.correiobraziliense.com.br\/cbradar\/wp-content\/uploads\/2026\/03\/Gemini_Generated_Image_z1izsyz1izsyz1iz-1-1.png","width":1280,"height":720,"caption":"Uma rotina de hidrata\u00e7\u00e3o adequada ajuda idosos a manter energia e sa\u00fade di\u00e1ria"},{"@type":"BreadcrumbList","@id":"https:\/\/www.correiobraziliense.com.br\/cbradar\/a-melhor-rotina-de-hidratacao-para-idosos-com-mais-de-70-anos\/#breadcrumb","itemListElement":[{"@type":"ListItem","position":1,"name":"In\u00edcio","item":"https:\/\/www.correiobraziliense.com.br\/cbradar\/"},{"@type":"ListItem","position":2,"name":"A melhor rotina de hidrata\u00e7\u00e3o para idosos com mais de 70 anos"}]},{"@type":"WebSite","@id":"https:\/\/www.correiobraziliense.com.br\/cbradar\/#website","url":"https:\/\/www.correiobraziliense.com.br\/cbradar\/","name":"Correio Braziliense - Radar","description":"Acompanhe as \u00faltimas not\u00edcias e fique bem informado sobre tudo o que acontece no Brasil e no mundo.","potentialAction":[{"@type":"SearchAction","target":{"@type":"EntryPoint","urlTemplate":"https:\/\/www.correiobraziliense.com.br\/cbradar\/?s={search_term_string}"},"query-input":{"@type":"PropertyValueSpecification","valueRequired":true,"valueName":"search_term_string"}}],"inLanguage":"pt-BR"},{"@type":"Person","@id":"https:\/\/www.correiobraziliense.com.br\/cbradar\/#\/schema\/person\/5440b72be9c7eb74f446c846479dc4da","name":"Patrick Silva","image":{"@type":"ImageObject","inLanguage":"pt-BR","@id":"https:\/\/www.correiobraziliense.com.br\/cbradar\/#\/schema\/person\/image\/","url":"https:\/\/secure.gravatar.com\/avatar\/944109df296fc087785c9715fd5f80b2?s=96&d=mm&r=g","contentUrl":"https:\/\/secure.gravatar.com\/avatar\/944109df296fc087785c9715fd5f80b2?s=96&d=mm&r=g","caption":"Patrick Silva"},"sameAs":["https:\/\/www.correiobraziliense.com.br\/cbradar\/"],"url":"https:\/\/www.correiobraziliense.com.br\/cbradar\/author\/patrick-silva\/"}]}},"_links":{"self":[{"href":"https:\/\/www.correiobraziliense.com.br\/cbradar\/wp-json\/wp\/v2\/posts\/205618","targetHints":{"allow":["GET"]}}],"collection":[{"href":"https:\/\/www.correiobraziliense.com.br\/cbradar\/wp-json\/wp\/v2\/posts"}],"about":[{"href":"https:\/\/www.correiobraziliense.com.br\/cbradar\/wp-json\/wp\/v2\/types\/post"}],"author":[{"embeddable":true,"href":"https:\/\/www.correiobraziliense.com.br\/cbradar\/wp-json\/wp\/v2\/users\/21"}],"replies":[{"embeddable":true,"href":"https:\/\/www.correiobraziliense.com.br\/cbradar\/wp-json\/wp\/v2\/comments?post=205618"}],"version-history":[{"count":6,"href":"https:\/\/www.correiobraziliense.com.br\/cbradar\/wp-json\/wp\/v2\/posts\/205618\/revisions"}],"predecessor-version":[{"id":205806,"href":"https:\/\/www.correiobraziliense.com.br\/cbradar\/wp-json\/wp\/v2\/posts\/205618\/revisions\/205806"}],"wp:featuredmedia":[{"embeddable":true,"href":"https:\/\/www.correiobraziliense.com.br\/cbradar\/wp-json\/wp\/v2\/media\/205710"}],"wp:attachment":[{"href":"https:\/\/www.correiobraziliense.com.br\/cbradar\/wp-json\/wp\/v2\/media?parent=205618"}],"wp:term":[{"taxonomy":"category","embeddable":true,"href":"https:\/\/www.correiobraziliense.com.br\/cbradar\/wp-json\/wp\/v2\/categories?post=205618"},{"taxonomy":"post_tag","embeddable":true,"href":"https:\/\/www.correiobraziliense.com.br\/cbradar\/wp-json\/wp\/v2\/post_tag?post=205618"}],"curies":[{"name":"wp","href":"https:\/\/api.w.org\/{rel}","templated":true}]}}