{"id":205638,"date":"2026-03-10T07:45:00","date_gmt":"2026-03-10T10:45:00","guid":{"rendered":"https:\/\/www.correiobraziliense.com.br\/cbradar\/?p=205638"},"modified":"2026-03-09T13:35:21","modified_gmt":"2026-03-09T16:35:21","slug":"o-sinal-silencioso-de-que-voce-pode-estar-bebendo-menos-agua-do-que-precisa","status":"publish","type":"post","link":"https:\/\/www.correiobraziliense.com.br\/cbradar\/o-sinal-silencioso-de-que-voce-pode-estar-bebendo-menos-agua-do-que-precisa\/","title":{"rendered":"O sinal silencioso de que voc\u00ea pode estar bebendo menos \u00e1gua do que precisa"},"content":{"rendered":"\n<p>A hidrata\u00e7\u00e3o desempenha um papel crucial na sa\u00fade e bem-estar gerais do organismo. Muitas vezes subestimado, o simples ato de consumir \u00e1gua em quantidade suficiente \u00e9 essencial para o bom funcionamento de diversos sistemas corporais, como a regula\u00e7\u00e3o da temperatura, o transporte de nutrientes e a elimina\u00e7\u00e3o de res\u00edduos.<\/p>\n\n\n\n<h2 class=\"wp-block-heading\">Por que a ingest\u00e3o adequada de \u00e1gua \u00e9 importante para a sa\u00fade?<\/h2>\n\n\n\n<p>Os benef\u00edcios de manter-se hidratado v\u00e3o al\u00e9m de simplesmente saciar a sede. A \u00e1gua participa de praticamente todas as rea\u00e7\u00f5es qu\u00edmicas necess\u00e1rias para a manuten\u00e7\u00e3o da vida e contribui para o equil\u00edbrio de fluidos corporais, a digest\u00e3o eficiente e a sa\u00fade da pele.<\/p>\n\n\n\n<p>Um consumo regular de \u00e1gua pode ajudar a prevenir dores de cabe\u00e7a, melhorar a concentra\u00e7\u00e3o, manter a disposi\u00e7\u00e3o mental e reduzir o risco de problemas como pedras nos rins e constipa\u00e7\u00e3o, especialmente em pessoas com rotina intensa ou pr\u00e1tica de exerc\u00edcios f\u00edsicos.<\/p>\n\n\n\n<p>Para compreender melhor a import\u00e2ncia de beber \u00e1gua para a sa\u00fade, assista ao v\u00eddeo a seguir, no qual o <strong>Dr. Alexandre Amato<\/strong> explica o assunto de forma clara e did\u00e1tica no canal <strong>Amato &#8211; Instituto de Medicina Avan\u00e7ada<\/strong><\/p>\n\n\n\n<iframe loading=\"lazy\" width=\"1396\" height=\"785\" src=\"https:\/\/www.youtube.com\/embed\/PhUzdYLzoMQ\" title=\"Import\u00e2ncia de Beber \u00c1gua. Sua sa\u00fade depende disso.\" frameborder=\"0\" allow=\"accelerometer; autoplay; clipboard-write; encrypted-media; gyroscope; picture-in-picture; web-share\" referrerpolicy=\"strict-origin-when-cross-origin\" allowfullscreen><\/iframe>\n\n\n\n<h2 class=\"wp-block-heading\">Como identificar a necessidade de consumir mais \u00e1gua?<\/h2>\n\n\n\n<p>Reconhecer os sinais de que o corpo precisa de mais \u00e1gua \u00e9 fundamental para prevenir a desidrata\u00e7\u00e3o. Sintomas como urina de cor escura, sensa\u00e7\u00e3o cont\u00ednua de sede, boca seca e cansa\u00e7o inexplic\u00e1vel podem indicar que a ingest\u00e3o de l\u00edquidos est\u00e1 abaixo do ideal.<\/p>\n\n\n\n<p>A fadiga muscular, tonturas leves e dificuldade de concentra\u00e7\u00e3o tamb\u00e9m podem ocorrer, principalmente em indiv\u00edduos que praticam atividades f\u00edsicas regularmente. Nesses casos, a supervis\u00e3o de um profissional de <a href=\"https:\/\/www.correiobraziliense.com.br\/cbradar\/estudos-analisam-relacao-entre-mes-de-nascimento-e-maturidade-infantil\/\" target=\"_blank\" rel=\"noreferrer noopener\">sa\u00fade <\/a>pode ser ben\u00e9fica para adaptar a ingest\u00e3o de l\u00edquidos \u00e0s necessidades individuais.<\/p>\n\n\n<div class=\"wp-block-image\">\n<figure class=\"aligncenter size-full\"><img decoding=\"async\" width=\"1280\" height=\"720\" src=\"https:\/\/www.correiobraziliense.com.br\/cbradar\/wp-content\/uploads\/2026\/03\/beber-agua_1773074068326.jpg\" alt=\"\" class=\"wp-image-205640\" srcset=\"https:\/\/www.correiobraziliense.com.br\/cbradar\/wp-content\/uploads\/2026\/03\/beber-agua_1773074068326.jpg 1280w, https:\/\/www.correiobraziliense.com.br\/cbradar\/wp-content\/uploads\/2026\/03\/beber-agua_1773074068326-300x169.jpg 300w, https:\/\/www.correiobraziliense.com.br\/cbradar\/wp-content\/uploads\/2026\/03\/beber-agua_1773074068326-768x432.jpg 768w, https:\/\/www.correiobraziliense.com.br\/cbradar\/wp-content\/uploads\/2026\/03\/beber-agua_1773074068326-750x422.jpg 750w, https:\/\/www.correiobraziliense.com.br\/cbradar\/wp-content\/uploads\/2026\/03\/beber-agua_1773074068326-1140x641.jpg 1140w\" sizes=\"(max-width: 1280px) 100vw, 1280px\" \/><figcaption class=\"wp-element-caption\">O h\u00e1bito simples que pode transformar disposi\u00e7\u00e3o, digest\u00e3o e sa\u00fade dos rins &#8211; Cr\u00e9ditos: depositphotos.com \/ GeorgeRudy<\/figcaption><\/figure><\/div>\n\n\n<h2 class=\"wp-block-heading\">Quais s\u00e3o as melhores pr\u00e1ticas para aumentar o consumo di\u00e1rio de \u00e1gua?<\/h2>\n\n\n\n<p>Incorporar a \u00e1gua na rotina di\u00e1ria n\u00e3o precisa ser uma tarefa dif\u00edcil. Algumas pr\u00e1ticas simples e consistentes podem facilitar esse h\u00e1bito, tornando a hidrata\u00e7\u00e3o algo natural ao longo do dia e n\u00e3o apenas uma resposta \u00e0 sensa\u00e7\u00e3o de sede.<\/p>\n\n\n\n<p>Essas estrat\u00e9gias ajudam a lembrar de beber \u00e1gua, tornam o consumo mais prazeroso e garantem acesso f\u00e1cil ao l\u00edquido em diferentes momentos da rotina:<\/p>\n\n\n\n\n<style>\n  .make-wrap{\n    max-width: 760px;\n    margin: 26px auto;\n    padding: 18px;\n    border-radius: 18px;\n    background: linear-gradient(135deg,#fff7fb 0%,#f6f2ff 100%);\n    border: 1px solid #f7d4ea;\n    box-shadow: 0 8px 20px rgba(236,72,153,.12);\n    font-family: system-ui, -apple-system, Segoe UI, Roboto, Helvetica, Arial, sans-serif;\n  }\n\n  .make-title{\n    display:flex; \n    align-items:center; \n    gap:10px;\n    margin:0 0 12px 4px;\n    font-size:1.2rem; \n    font-weight:900; \n    color:#9d174d;\n  }\n\n  .make-table{\n    width:100%;\n    border-collapse:separate;\n    border-spacing:0;\n    overflow:hidden;\n    border-radius:16px;\n    border:1px solid #f7d4ea;\n    background:#fff;\n    font-size:.92rem;\n  }\n\n  .make-table thead th{\n    background:linear-gradient(90deg,#fde7f3 0%,#f8e9ff 100%);\n    padding:12px;\n    color:#7a1e63;\n    font-weight:800;\n    text-align:left;\n    border-bottom:1px solid #f7d4ea;\n  }\n\n  .make-table tbody td{\n    padding:12px;\n    color:#374151;\n    vertical-align:top;\n    border-bottom:1px dashed #f7d4ea;\n  }\n\n  .make-table tbody tr:nth-child(odd){\n    background:#fffaff;\n  }\n\n  .price{\n    display:inline-flex;\n    align-items:center;\n    background:#fff7ed;\n    color:#b45309;\n    padding:6px 10px;\n    border-radius:10px;\n    border:1px solid #fed7aa;\n    font-weight:700;\n    white-space:nowrap;\n  }\n\n  .badge{\n    display:inline-block;\n    background:#fde7f3;\n    color:#c026d3;\n    border:1px solid #fecdd3;\n    padding:4px 10px;\n    border-radius:999px;\n    font-weight:700;\n    font-size:.78rem;\n  }\n\n  @media (max-width:720px){\n    .make-table thead{display:none}\n    .make-table, .make-table tbody, .make-table tr, .make-table td{\n      display:block; \n      width:100%;\n    }\n    .make-table tr{\n      margin-bottom:12px;\n      border:1px solid #f7d4ea;\n      border-radius:14px;\n      overflow:hidden;\n      background:#fff;\n    }\n    .make-table td[data-label]:before{\n      content:attr(data-label);\n      display:block;\n      font-weight:800;\n      color:#7a1e63;\n      margin-bottom:4px;\n    }\n    .make-table tbody td:last-child{border-bottom:none}\n  }\n<\/style>\n\n<div class=\"make-wrap\">\n  <h3 class=\"make-title\">\ud83d\udca7\u2728 Dicas Simples para Beber Mais \u00c1gua<\/h3>\n\n  <table class=\"make-table\">\n    <thead>\n      <tr>\n        <th>H\u00e1bito<\/th>\n        <th>Como aplicar<\/th>\n      <\/tr>\n    <\/thead>\n    <tbody>\n      <tr>\n        <td data-label=\"H\u00e1bito\"><span class=\"badge\">Comece o dia hidratando<\/span><\/td>\n        <td data-label=\"Como aplicar\">Beba \u00e1gua logo ap\u00f3s acordar para iniciar o dia hidratado.<\/td>\n      <\/tr>\n      <tr>\n        <td data-label=\"H\u00e1bito\"><span class=\"badge\">Use lembretes<\/span><\/td>\n        <td data-label=\"Como aplicar\">Utilize alarmes ou aplicativos para lembrar de se hidratar regularmente.<\/td>\n      <\/tr>\n      <tr>\n        <td data-label=\"H\u00e1bito\"><span class=\"badge\">Tenha \u00e1gua por perto<\/span><\/td>\n        <td data-label=\"Como aplicar\">Leve uma garrafa de \u00e1gua sempre consigo para facilitar o acesso durante o dia.<\/td>\n      <\/tr>\n      <tr>\n        <td data-label=\"H\u00e1bito\"><span class=\"badge\">Aromatize a \u00e1gua<\/span><\/td>\n        <td data-label=\"Como aplicar\">Adicione frutas, rodelas de lim\u00e3o ou folhas de hortel\u00e3 para deixar a \u00e1gua mais agrad\u00e1vel.<\/td>\n      <\/tr>\n    <\/tbody>\n  <\/table>\n\n  <p style=\"margin-top:14px; color:#6b7280; font-size:.9rem;\">\n    \ud83d\udca1 <strong>Dica:<\/strong> Pequenas estrat\u00e9gias no dia a dia ajudam a manter uma hidrata\u00e7\u00e3o adequada e constante.\n  <\/p>\n<\/div>\n\n\n\n\n\n<p>Cuidar da hidrata\u00e7\u00e3o deve ser uma prioridade em qualquer rotina. Com aten\u00e7\u00e3o e pr\u00e1tica, \u00e9 poss\u00edvel garantir que o corpo esteja sempre em condi\u00e7\u00f5es de funcionamento ideal, contribuindo para uma vida mais saud\u00e1vel, equilibrada e com mais disposi\u00e7\u00e3o.<\/p>\n\n\n<a href=\"https:\/\/www.instagram.com\/dra.annaluisabf\/\" target=\"_blank\" rel=\"noopener\" style=\"text-decoration: none; color: inherit;\">\n    <span style=\"display: inline-block; border: 1px solid #ccc; border-radius: 10px; padding: 15px; max-width: 550px; font-family: sans-serif; box-shadow: 0 2px 5px rgba(0,0,0,0.1); width: 100%;\">\n\n      <!-- T\u00edtulo -->\n      <span style=\"display: block; margin: 0 0 15px 0; font-weight: bold; color: #2c3e50; text-align: center;\">\n        Entre em contato:\n      <\/span>\n\n      <!-- Linha do perfil -->\n      <span style=\"display: flex; align-items: center; gap: 15px;\">\n        <img decoding=\"async\"\n          src=\"https:\/\/www.correiobraziliense.com.br\/cbradar\/wp-content\/uploads\/2025\/08\/dra_anna_luisa.jpeg\"\n          alt=\"Foto da Dra. Anna Lu\u00edsa\"\n          style=\"border-radius: 50%; width: 80px; height: 80px; object-fit: cover;\"\n        \/>\n        <span style=\"display: flex; flex-direction: column;\">\n          <span style=\"font-size: 18px; font-weight: 700; color: #2c3e50;\">Dra. Anna Lu\u00edsa Barbosa Fernandes<\/span>\n          <span style=\"color: #555;\">CRM-GO 33.271<\/span>\n        <\/span>\n      <\/span>\n\n      <!-- Redes -->\n      <span style=\"display: flex; align-items: center; gap: 10px; margin-top: 12px;\">\n        <img decoding=\"async\" src=\"https:\/\/cdn-icons-png.flaticon.com\/24\/1384\/1384063.png\" alt=\"Instagram\" width=\"24\" height=\"24\" \/>\n        <span style=\"text-decoration: underline; color: #2c3e50;\">@dra.annaluisabf<\/span>\n      <\/span>\n\n    <\/span>\n  <\/a>","protected":false},"excerpt":{"rendered":"<p>A hidrata\u00e7\u00e3o desempenha um papel crucial na sa\u00fade e bem-estar gerais do organismo. Muitas vezes subestimado, o simples ato de consumir \u00e1gua em quantidade suficiente \u00e9 essencial para o bom funcionamento de diversos sistemas corporais, como a regula\u00e7\u00e3o da temperatura, o transporte de nutrientes e a elimina\u00e7\u00e3o de res\u00edduos. Por que a ingest\u00e3o adequada de [&hellip;]<\/p>\n","protected":false},"author":14,"featured_media":205639,"comment_status":"open","ping_status":"open","sticky":false,"template":"","format":"standard","meta":{"_yoast_wpseo_focuskw":"Ingest\u00e3o de \u00e1gua","_yoast_wpseo_title":"","_yoast_wpseo_metadesc":"A ingest\u00e3o de \u00e1gua influencia energia, concentra\u00e7\u00e3o e rins. Descubra os sinais de que seu corpo pode estar precisando de mais.","jnews-multi-image_gallery":[],"jnews_single_post":{"format":"standard"},"jnews_primary_category":[],"jnews_social_meta":[],"jnews_override_counter":[],"footnotes":""},"categories":[4404],"post_tag":[120,247,1318],"class_list":["post-205638","post","type-post","status-publish","format-standard","has-post-thumbnail","hentry","category-saude","tag-bem-estar","tag-qualidade-de-vida","tag-saude-2"],"yoast_head":"<!-- This site is optimized with the Yoast SEO plugin v24.6 - https:\/\/yoast.com\/wordpress\/plugins\/seo\/ -->\n<title>O sinal silencioso de que voc\u00ea pode estar bebendo menos \u00e1gua do que precisa - Correio Braziliense - Radar<\/title>\n<meta name=\"description\" content=\"A ingest\u00e3o de \u00e1gua influencia energia, concentra\u00e7\u00e3o e rins. Descubra os sinais de que seu corpo pode estar precisando de mais.\" \/>\n<meta name=\"robots\" content=\"index, follow, max-snippet:-1, max-image-preview:large, max-video-preview:-1\" \/>\n<link rel=\"canonical\" href=\"https:\/\/www.correiobraziliense.com.br\/cbradar\/o-sinal-silencioso-de-que-voce-pode-estar-bebendo-menos-agua-do-que-precisa\/\" \/>\n<meta property=\"og:locale\" content=\"pt_BR\" \/>\n<meta property=\"og:type\" content=\"article\" \/>\n<meta property=\"og:title\" content=\"O sinal silencioso de que voc\u00ea pode estar bebendo menos \u00e1gua do que precisa - Correio Braziliense - Radar\" \/>\n<meta property=\"og:description\" content=\"A ingest\u00e3o de \u00e1gua influencia energia, concentra\u00e7\u00e3o e rins. Descubra os sinais de que seu corpo pode estar precisando de mais.\" \/>\n<meta property=\"og:url\" content=\"https:\/\/www.correiobraziliense.com.br\/cbradar\/o-sinal-silencioso-de-que-voce-pode-estar-bebendo-menos-agua-do-que-precisa\/\" \/>\n<meta property=\"og:site_name\" content=\"Correio Braziliense - Radar\" \/>\n<meta property=\"article:published_time\" content=\"2026-03-10T10:45:00+00:00\" \/>\n<meta property=\"og:image\" content=\"https:\/\/www.correiobraziliense.com.br\/cbradar\/wp-content\/uploads\/2026\/03\/beber-agua_1773074048588.jpg\" \/>\n\t<meta property=\"og:image:width\" content=\"1280\" \/>\n\t<meta property=\"og:image:height\" content=\"720\" \/>\n\t<meta property=\"og:image:type\" content=\"image\/jpeg\" \/>\n<meta name=\"author\" content=\"guilherme_saude\" \/>\n<meta name=\"twitter:card\" content=\"summary_large_image\" \/>\n<meta name=\"twitter:label1\" content=\"Escrito por\" \/>\n\t<meta name=\"twitter:data1\" content=\"guilherme_saude\" \/>\n\t<meta name=\"twitter:label2\" content=\"Est. tempo de leitura\" \/>\n\t<meta name=\"twitter:data2\" content=\"4 minutos\" \/>\n<!-- \/ Yoast SEO plugin. -->","yoast_head_json":{"title":"O sinal silencioso de que voc\u00ea pode estar bebendo menos \u00e1gua do que precisa - Correio Braziliense - Radar","description":"A ingest\u00e3o de \u00e1gua influencia energia, concentra\u00e7\u00e3o e rins. Descubra os sinais de que seu corpo pode estar precisando de mais.","robots":{"index":"index","follow":"follow","max-snippet":"max-snippet:-1","max-image-preview":"max-image-preview:large","max-video-preview":"max-video-preview:-1"},"canonical":"https:\/\/www.correiobraziliense.com.br\/cbradar\/o-sinal-silencioso-de-que-voce-pode-estar-bebendo-menos-agua-do-que-precisa\/","og_locale":"pt_BR","og_type":"article","og_title":"O sinal silencioso de que voc\u00ea pode estar bebendo menos \u00e1gua do que precisa - Correio Braziliense - Radar","og_description":"A ingest\u00e3o de \u00e1gua influencia energia, concentra\u00e7\u00e3o e rins. Descubra os sinais de que seu corpo pode estar precisando de mais.","og_url":"https:\/\/www.correiobraziliense.com.br\/cbradar\/o-sinal-silencioso-de-que-voce-pode-estar-bebendo-menos-agua-do-que-precisa\/","og_site_name":"Correio Braziliense - Radar","article_published_time":"2026-03-10T10:45:00+00:00","og_image":[{"width":1280,"height":720,"url":"https:\/\/www.correiobraziliense.com.br\/cbradar\/wp-content\/uploads\/2026\/03\/beber-agua_1773074048588.jpg","type":"image\/jpeg"}],"author":"guilherme_saude","twitter_card":"summary_large_image","twitter_misc":{"Escrito por":"guilherme_saude","Est. tempo de leitura":"4 minutos"},"schema":{"@context":"https:\/\/schema.org","@graph":[{"@type":"WebPage","@id":"https:\/\/www.correiobraziliense.com.br\/cbradar\/o-sinal-silencioso-de-que-voce-pode-estar-bebendo-menos-agua-do-que-precisa\/","url":"https:\/\/www.correiobraziliense.com.br\/cbradar\/o-sinal-silencioso-de-que-voce-pode-estar-bebendo-menos-agua-do-que-precisa\/","name":"O sinal silencioso de que voc\u00ea pode estar bebendo menos \u00e1gua do que precisa - Correio Braziliense - Radar","isPartOf":{"@id":"https:\/\/www.correiobraziliense.com.br\/cbradar\/#website"},"primaryImageOfPage":{"@id":"https:\/\/www.correiobraziliense.com.br\/cbradar\/o-sinal-silencioso-de-que-voce-pode-estar-bebendo-menos-agua-do-que-precisa\/#primaryimage"},"image":{"@id":"https:\/\/www.correiobraziliense.com.br\/cbradar\/o-sinal-silencioso-de-que-voce-pode-estar-bebendo-menos-agua-do-que-precisa\/#primaryimage"},"thumbnailUrl":"https:\/\/www.correiobraziliense.com.br\/cbradar\/wp-content\/uploads\/2026\/03\/beber-agua_1773074048588.jpg","datePublished":"2026-03-10T10:45:00+00:00","author":{"@id":"https:\/\/www.correiobraziliense.com.br\/cbradar\/#\/schema\/person\/5aa4bf3c8fa699c267933611de12978b"},"description":"A ingest\u00e3o de \u00e1gua influencia energia, concentra\u00e7\u00e3o e rins. Descubra os sinais de que seu corpo pode estar precisando de mais.","breadcrumb":{"@id":"https:\/\/www.correiobraziliense.com.br\/cbradar\/o-sinal-silencioso-de-que-voce-pode-estar-bebendo-menos-agua-do-que-precisa\/#breadcrumb"},"inLanguage":"pt-BR","potentialAction":[{"@type":"ReadAction","target":["https:\/\/www.correiobraziliense.com.br\/cbradar\/o-sinal-silencioso-de-que-voce-pode-estar-bebendo-menos-agua-do-que-precisa\/"]}]},{"@type":"ImageObject","inLanguage":"pt-BR","@id":"https:\/\/www.correiobraziliense.com.br\/cbradar\/o-sinal-silencioso-de-que-voce-pode-estar-bebendo-menos-agua-do-que-precisa\/#primaryimage","url":"https:\/\/www.correiobraziliense.com.br\/cbradar\/wp-content\/uploads\/2026\/03\/beber-agua_1773074048588.jpg","contentUrl":"https:\/\/www.correiobraziliense.com.br\/cbradar\/wp-content\/uploads\/2026\/03\/beber-agua_1773074048588.jpg","width":1280,"height":720,"caption":"Beber pouca \u00e1gua pode afetar energia, pele e concentra\u00e7\u00e3o mais do que parece - Cr\u00e9ditos: depositphotos.com \/ AndrewLozovyi"},{"@type":"BreadcrumbList","@id":"https:\/\/www.correiobraziliense.com.br\/cbradar\/o-sinal-silencioso-de-que-voce-pode-estar-bebendo-menos-agua-do-que-precisa\/#breadcrumb","itemListElement":[{"@type":"ListItem","position":1,"name":"In\u00edcio","item":"https:\/\/www.correiobraziliense.com.br\/cbradar\/"},{"@type":"ListItem","position":2,"name":"O sinal silencioso de que voc\u00ea pode estar bebendo menos \u00e1gua do que precisa"}]},{"@type":"WebSite","@id":"https:\/\/www.correiobraziliense.com.br\/cbradar\/#website","url":"https:\/\/www.correiobraziliense.com.br\/cbradar\/","name":"Correio Braziliense - Radar","description":"Acompanhe as \u00faltimas not\u00edcias e fique bem informado sobre tudo o que acontece no Brasil e no mundo.","potentialAction":[{"@type":"SearchAction","target":{"@type":"EntryPoint","urlTemplate":"https:\/\/www.correiobraziliense.com.br\/cbradar\/?s={search_term_string}"},"query-input":{"@type":"PropertyValueSpecification","valueRequired":true,"valueName":"search_term_string"}}],"inLanguage":"pt-BR"},{"@type":"Person","@id":"https:\/\/www.correiobraziliense.com.br\/cbradar\/#\/schema\/person\/5aa4bf3c8fa699c267933611de12978b","name":"guilherme_saude","image":{"@type":"ImageObject","inLanguage":"pt-BR","@id":"https:\/\/www.correiobraziliense.com.br\/cbradar\/#\/schema\/person\/image\/","url":"https:\/\/secure.gravatar.com\/avatar\/df9adfb835d344bc0af109d41756253f?s=96&d=mm&r=g","contentUrl":"https:\/\/secure.gravatar.com\/avatar\/df9adfb835d344bc0af109d41756253f?s=96&d=mm&r=g","caption":"guilherme_saude"},"url":"https:\/\/www.correiobraziliense.com.br\/cbradar\/author\/guilherme_saude\/"}]}},"_links":{"self":[{"href":"https:\/\/www.correiobraziliense.com.br\/cbradar\/wp-json\/wp\/v2\/posts\/205638","targetHints":{"allow":["GET"]}}],"collection":[{"href":"https:\/\/www.correiobraziliense.com.br\/cbradar\/wp-json\/wp\/v2\/posts"}],"about":[{"href":"https:\/\/www.correiobraziliense.com.br\/cbradar\/wp-json\/wp\/v2\/types\/post"}],"author":[{"embeddable":true,"href":"https:\/\/www.correiobraziliense.com.br\/cbradar\/wp-json\/wp\/v2\/users\/14"}],"replies":[{"embeddable":true,"href":"https:\/\/www.correiobraziliense.com.br\/cbradar\/wp-json\/wp\/v2\/comments?post=205638"}],"version-history":[{"count":1,"href":"https:\/\/www.correiobraziliense.com.br\/cbradar\/wp-json\/wp\/v2\/posts\/205638\/revisions"}],"predecessor-version":[{"id":205641,"href":"https:\/\/www.correiobraziliense.com.br\/cbradar\/wp-json\/wp\/v2\/posts\/205638\/revisions\/205641"}],"wp:featuredmedia":[{"embeddable":true,"href":"https:\/\/www.correiobraziliense.com.br\/cbradar\/wp-json\/wp\/v2\/media\/205639"}],"wp:attachment":[{"href":"https:\/\/www.correiobraziliense.com.br\/cbradar\/wp-json\/wp\/v2\/media?parent=205638"}],"wp:term":[{"taxonomy":"category","embeddable":true,"href":"https:\/\/www.correiobraziliense.com.br\/cbradar\/wp-json\/wp\/v2\/categories?post=205638"},{"taxonomy":"post_tag","embeddable":true,"href":"https:\/\/www.correiobraziliense.com.br\/cbradar\/wp-json\/wp\/v2\/post_tag?post=205638"}],"curies":[{"name":"wp","href":"https:\/\/api.w.org\/{rel}","templated":true}]}}