{"id":205644,"date":"2026-03-10T09:35:00","date_gmt":"2026-03-10T12:35:00","guid":{"rendered":"https:\/\/www.correiobraziliense.com.br\/cbradar\/?p=205644"},"modified":"2026-03-09T13:40:01","modified_gmt":"2026-03-09T16:40:01","slug":"o-habito-noturno-silencioso-que-pode-desgastar-dentes-e-destruir-seu-sono","status":"publish","type":"post","link":"https:\/\/www.correiobraziliense.com.br\/cbradar\/o-habito-noturno-silencioso-que-pode-desgastar-dentes-e-destruir-seu-sono\/","title":{"rendered":"O h\u00e1bito noturno silencioso que pode desgastar dentes e destruir seu sono"},"content":{"rendered":"\n<p>O bruxismo noturno \u00e9 um dist\u00farbio caracterizado pelo ato involunt\u00e1rio de ranger ou apertar os dentes durante o sono, afetando milh\u00f5es de pessoas em todo o mundo. Frequentemente associado ao estresse, \u00e0 ansiedade e a dist\u00farbios do sono, ele impacta negativamente a sa\u00fade geral e a qualidade de vida, podendo passar despercebido por anos devido \u00e0 sua manifesta\u00e7\u00e3o silenciosa.<\/p>\n\n\n\n<h2 class=\"wp-block-heading\">Quais s\u00e3o as origens e causas do bruxismo noturno?<\/h2>\n\n\n\n<p>O bruxismo durante o sono \u00e9 uma atividade muscular involunt\u00e1ria regulada pelo sistema nervoso central. Estima-se que 15% da popula\u00e7\u00e3o brasileira seja afetada, com maior preval\u00eancia entre mulheres adultas, devido \u00e0 combina\u00e7\u00e3o de fatores f\u00edsicos, emocionais e comportamentais.<\/p>\n\n\n\n<p>Os gatilhos envolvem fatores perif\u00e9ricos, como altera\u00e7\u00f5es na mordida, e fatores centrais, como estresse, transtornos de ansiedade e outros problemas psicol\u00f3gicos. Durante o sono, microdespertares naturais podem ativar os m\u00fasculos mastigat\u00f3rios, especialmente em fases de sono mais leve.<\/p>\n\n\n\n<p>Para compreender melhor o <strong>bruxismo<\/strong>, incluindo sintomas, causas, diagn\u00f3stico e formas de tratamento, assista ao v\u00eddeo a seguir, no qual o especialista explica o assunto de forma clara e did\u00e1tica no canal <strong>INTEGRA Odonto SJC<\/strong>.<\/p>\n\n\n\n<iframe loading=\"lazy\" width=\"1396\" height=\"785\" src=\"https:\/\/www.youtube.com\/embed\/IXeF-ilMdM4\" title=\"BRUXISMO! Sintomas, causas, diagn\u00f3stico e tratamentos.\" frameborder=\"0\" allow=\"accelerometer; autoplay; clipboard-write; encrypted-media; gyroscope; picture-in-picture; web-share\" referrerpolicy=\"strict-origin-when-cross-origin\" allowfullscreen><\/iframe>\n\n\n\n<h2 class=\"wp-block-heading\">Como o estresse e a ansiedade influenciam o bruxismo?<\/h2>\n\n\n\n<p>O estresse e a ansiedade s\u00e3o considerados fatores de risco importantes para o bruxismo noturno, pois a tens\u00e3o emocional acumulada tende a se manifestar em forma de contra\u00e7\u00e3o muscular involunt\u00e1ria. <a href=\"https:\/\/pubmed.ncbi.nlm.nih.gov\/36448332\/\" target=\"_blank\" rel=\"noreferrer noopener\">Estudos de universidades brasileiras<\/a> indicam forte rela\u00e7\u00e3o entre transtornos psiqui\u00e1tricos, m\u00e1 qualidade do sono e maior frequ\u00eancia de epis\u00f3dios de bruxismo.<\/p>\n\n\n\n<p>Entre as queixas mais comuns associadas ao bruxismo relacionado ao estresse e \u00e0 ansiedade, destacam-se:<\/p>\n\n\n\n\n<style>\n  .make-wrap{\n    max-width: 760px;\n    margin: 26px auto;\n    padding: 18px;\n    border-radius: 18px;\n    background: linear-gradient(135deg,#fff7fb 0%,#f6f2ff 100%);\n    border: 1px solid #f7d4ea;\n    box-shadow: 0 8px 20px rgba(236,72,153,.12);\n    font-family: system-ui, -apple-system, Segoe UI, Roboto, Helvetica, Arial, sans-serif;\n  }\n\n  .make-title{\n    display:flex; \n    align-items:center; \n    gap:10px;\n    margin:0 0 12px 4px;\n    font-size:1.2rem; \n    font-weight:900; \n    color:#9d174d;\n  }\n\n  .make-table{\n    width:100%;\n    border-collapse:separate;\n    border-spacing:0;\n    overflow:hidden;\n    border-radius:16px;\n    border:1px solid #f7d4ea;\n    background:#fff;\n    font-size:.92rem;\n  }\n\n  .make-table thead th{\n    background:linear-gradient(90deg,#fde7f3 0%,#f8e9ff 100%);\n    padding:12px;\n    color:#7a1e63;\n    font-weight:800;\n    text-align:left;\n    border-bottom:1px solid #f7d4ea;\n  }\n\n  .make-table tbody td{\n    padding:12px;\n    color:#374151;\n    vertical-align:top;\n    border-bottom:1px dashed #f7d4ea;\n  }\n\n  .make-table tbody tr:nth-child(odd){\n    background:#fffaff;\n  }\n\n  .price{\n    display:inline-flex;\n    align-items:center;\n    background:#fff7ed;\n    color:#b45309;\n    padding:6px 10px;\n    border-radius:10px;\n    border:1px solid #fed7aa;\n    font-weight:700;\n    white-space:nowrap;\n  }\n\n  .badge{\n    display:inline-block;\n    background:#fde7f3;\n    color:#c026d3;\n    border:1px solid #fecdd3;\n    padding:4px 10px;\n    border-radius:999px;\n    font-weight:700;\n    font-size:.78rem;\n  }\n\n  @media (max-width:720px){\n    .make-table thead{display:none}\n    .make-table, .make-table tbody, .make-table tr, .make-table td{\n      display:block; \n      width:100%;\n    }\n    .make-table tr{\n      margin-bottom:12px;\n      border:1px solid #f7d4ea;\n      border-radius:14px;\n      overflow:hidden;\n      background:#fff;\n    }\n    .make-table td[data-label]:before{\n      content:attr(data-label);\n      display:block;\n      font-weight:800;\n      color:#7a1e63;\n      margin-bottom:4px;\n    }\n    .make-table tbody td:last-child{border-bottom:none}\n  }\n<\/style>\n\n<div class=\"make-wrap\">\n  <h3 class=\"make-title\">\ud83d\ude2c\u2728 Sinais Poss\u00edveis de Bruxismo<\/h3>\n\n  <table class=\"make-table\">\n    <thead>\n      <tr>\n        <th>Sintoma<\/th>\n        <th>Como pode aparecer<\/th>\n      <\/tr>\n    <\/thead>\n    <tbody>\n      <tr>\n        <td data-label=\"Sintoma\"><span class=\"badge\">Dores de cabe\u00e7a<\/span><\/td>\n        <td data-label=\"Como pode aparecer\">Dores de cabe\u00e7a recorrentes nas regi\u00f5es das t\u00eamporas e da testa.<\/td>\n      <\/tr>\n      <tr>\n        <td data-label=\"Sintoma\"><span class=\"badge\">Tens\u00e3o na mand\u00edbula<\/span><\/td>\n        <td data-label=\"Como pode aparecer\">Rigidez ou dor na mand\u00edbula, al\u00e9m de tens\u00e3o muscular no pesco\u00e7o e nos ombros.<\/td>\n      <\/tr>\n      <tr>\n        <td data-label=\"Sintoma\"><span class=\"badge\">Sensibilidade dent\u00e1ria<\/span><\/td>\n        <td data-label=\"Como pode aparecer\">Sensibilidade nos dentes sem causa aparente ou presen\u00e7a de c\u00e1ries vis\u00edveis.<\/td>\n      <\/tr>\n      <tr>\n        <td data-label=\"Sintoma\"><span class=\"badge\">Sono n\u00e3o reparador<\/span><\/td>\n        <td data-label=\"Como pode aparecer\">Sensa\u00e7\u00e3o de cansa\u00e7o mesmo ap\u00f3s noites aparentemente longas de descanso.<\/td>\n      <\/tr>\n    <\/tbody>\n  <\/table>\n\n  <p style=\"margin-top:14px; color:#6b7280; font-size:.9rem;\">\n    \ud83d\udca1 <strong>Dica:<\/strong> Ao perceber esses sinais com frequ\u00eancia, procure avalia\u00e7\u00e3o odontol\u00f3gica para diagn\u00f3stico e orienta\u00e7\u00e3o adequados.\n  <\/p>\n<\/div>\n\n\n\n\n\n<h2 class=\"wp-block-heading\">Qual \u00e9 a rela\u00e7\u00e3o entre bruxismo e apneia do sono?<\/h2>\n\n\n\n<p>Pesquisas recentes apontam uma conex\u00e3o importante entre o bruxismo noturno e a apneia obstrutiva do sono. Em muitos pacientes, o ranger dos dentes ocorre em resposta a eventos de apneia e hipopneia, como um mecanismo reflexo do organismo para restabelecer o fluxo de ar.<\/p>\n\n\n\n<p>Outros dist\u00farbios do sono, como ronco, refluxo gastroesof\u00e1gico e despertares frequentes, tamb\u00e9m aparecem associados aos epis\u00f3dios de bruxismo. Em casos mais complexos, a polissonografia \u00e9 indicada para avaliar simultaneamente respira\u00e7\u00e3o, sono e atividade muscular mandibular.<\/p>\n\n\n<div class=\"wp-block-image\">\n<figure class=\"aligncenter size-large\"><img decoding=\"async\" width=\"1024\" height=\"576\" src=\"https:\/\/www.correiobraziliense.com.br\/cbradar\/wp-content\/uploads\/2025\/06\/bruxismo_1750424576366-1024x576.jpg\" alt=\"\" class=\"wp-image-56340\" srcset=\"https:\/\/www.correiobraziliense.com.br\/cbradar\/wp-content\/uploads\/2025\/06\/bruxismo_1750424576366-1024x576.jpg 1024w, https:\/\/www.correiobraziliense.com.br\/cbradar\/wp-content\/uploads\/2025\/06\/bruxismo_1750424576366-300x169.jpg 300w, https:\/\/www.correiobraziliense.com.br\/cbradar\/wp-content\/uploads\/2025\/06\/bruxismo_1750424576366-768x432.jpg 768w, https:\/\/www.correiobraziliense.com.br\/cbradar\/wp-content\/uploads\/2025\/06\/bruxismo_1750424576366-750x422.jpg 750w, https:\/\/www.correiobraziliense.com.br\/cbradar\/wp-content\/uploads\/2025\/06\/bruxismo_1750424576366-1140x641.jpg 1140w, https:\/\/www.correiobraziliense.com.br\/cbradar\/wp-content\/uploads\/2025\/06\/bruxismo_1750424576366.jpg 1280w\" sizes=\"(max-width: 1024px) 100vw, 1024px\" \/><figcaption class=\"wp-element-caption\">Bruxismo &#8211; Cr\u00e9ditos: depositphotos.com \/ 9nong<\/figcaption><\/figure><\/div>\n\n\n<h2 class=\"wp-block-heading\">Quais s\u00e3o os impactos do bruxismo na sa\u00fade e no bem-estar?<\/h2>\n\n\n\n<p>As consequ\u00eancias do bruxismo v\u00e3o al\u00e9m do desgaste dent\u00e1rio vis\u00edvel, pois a for\u00e7a exercida durante o ranger pode ser at\u00e9 dez vezes maior que a de uma mastiga\u00e7\u00e3o normal. Isso resulta em fraturas dent\u00e1rias, problemas na articula\u00e7\u00e3o temporomandibular, retra\u00e7\u00e3o gengival e necessidade de tratamentos restauradores e <a href=\"https:\/\/www.correiobraziliense.com.br\/cbradar\/estudos-analisam-relacao-entre-mes-de-nascimento-e-maturidade-infantil\/\" target=\"_blank\" rel=\"noreferrer noopener\">prot\u00e9ticos<\/a>.<\/p>\n\n\n\n<p>Al\u00e9m dos danos f\u00edsicos, o bruxismo fragmenta o sono, gerando cansa\u00e7o, irritabilidade, dificuldade de concentra\u00e7\u00e3o e queda no desempenho di\u00e1rio. O diagn\u00f3stico precoce e o acompanhamento com dentista, m\u00e9dico do sono e, quando necess\u00e1rio, psic\u00f3logo ou psiquiatra, ajudam a controlar o quadro e a recuperar o bem-estar geral.<\/p>\n\n\n<a href=\"https:\/\/www.instagram.com\/dra.annaluisabf\/\" target=\"_blank\" rel=\"noopener\" style=\"text-decoration: none; color: inherit;\">\n    <span style=\"display: inline-block; border: 1px solid #ccc; border-radius: 10px; padding: 15px; max-width: 550px; font-family: sans-serif; box-shadow: 0 2px 5px rgba(0,0,0,0.1); width: 100%;\">\n\n      <!-- T\u00edtulo -->\n      <span style=\"display: block; margin: 0 0 15px 0; font-weight: bold; color: #2c3e50; text-align: center;\">\n        Entre em contato:\n      <\/span>\n\n      <!-- Linha do perfil -->\n      <span style=\"display: flex; align-items: center; gap: 15px;\">\n        <img decoding=\"async\"\n          src=\"https:\/\/www.correiobraziliense.com.br\/cbradar\/wp-content\/uploads\/2025\/08\/dra_anna_luisa.jpeg\"\n          alt=\"Foto da Dra. Anna Lu\u00edsa\"\n          style=\"border-radius: 50%; width: 80px; height: 80px; object-fit: cover;\"\n        \/>\n        <span style=\"display: flex; flex-direction: column;\">\n          <span style=\"font-size: 18px; font-weight: 700; color: #2c3e50;\">Dra. Anna Lu\u00edsa Barbosa Fernandes<\/span>\n          <span style=\"color: #555;\">CRM-GO 33.271<\/span>\n        <\/span>\n      <\/span>\n\n      <!-- Redes -->\n      <span style=\"display: flex; align-items: center; gap: 10px; margin-top: 12px;\">\n        <img decoding=\"async\" src=\"https:\/\/cdn-icons-png.flaticon.com\/24\/1384\/1384063.png\" alt=\"Instagram\" width=\"24\" height=\"24\" \/>\n        <span style=\"text-decoration: underline; color: #2c3e50;\">@dra.annaluisabf<\/span>\n      <\/span>\n\n    <\/span>\n  <\/a>","protected":false},"excerpt":{"rendered":"<p>O bruxismo noturno \u00e9 um dist\u00farbio caracterizado pelo ato involunt\u00e1rio de ranger ou apertar os dentes durante o sono, afetando milh\u00f5es de pessoas em todo o mundo. Frequentemente associado ao estresse, \u00e0 ansiedade e a dist\u00farbios do sono, ele impacta negativamente a sa\u00fade geral e a qualidade de vida, podendo passar despercebido por anos devido [&hellip;]<\/p>\n","protected":false},"author":14,"featured_media":56341,"comment_status":"open","ping_status":"open","sticky":false,"template":"","format":"standard","meta":{"_yoast_wpseo_focuskw":"Bruxismo","_yoast_wpseo_title":"","_yoast_wpseo_metadesc":"Bruxismo noturno pode desgastar os dentes e afetar o sono sem voc\u00ea perceber. Entenda os sinais e o que pode estar por tr\u00e1s.","jnews-multi-image_gallery":[],"jnews_single_post":{"format":"standard"},"jnews_primary_category":[],"jnews_social_meta":[],"jnews_override_counter":[],"footnotes":""},"categories":[4404],"post_tag":[120,247,1318],"class_list":["post-205644","post","type-post","status-publish","format-standard","has-post-thumbnail","hentry","category-saude","tag-bem-estar","tag-qualidade-de-vida","tag-saude-2"],"yoast_head":"<!-- This site is optimized with the Yoast SEO plugin v24.6 - https:\/\/yoast.com\/wordpress\/plugins\/seo\/ -->\n<title>O h\u00e1bito noturno silencioso que pode desgastar dentes e destruir seu sono - Correio Braziliense - Radar<\/title>\n<meta name=\"description\" content=\"Bruxismo noturno pode desgastar os dentes e afetar o sono sem voc\u00ea perceber. Entenda os sinais e o que pode estar por tr\u00e1s.\" \/>\n<meta name=\"robots\" content=\"index, follow, max-snippet:-1, max-image-preview:large, max-video-preview:-1\" \/>\n<link rel=\"canonical\" href=\"https:\/\/www.correiobraziliense.com.br\/cbradar\/o-habito-noturno-silencioso-que-pode-desgastar-dentes-e-destruir-seu-sono\/\" \/>\n<meta property=\"og:locale\" content=\"pt_BR\" \/>\n<meta property=\"og:type\" content=\"article\" \/>\n<meta property=\"og:title\" content=\"O h\u00e1bito noturno silencioso que pode desgastar dentes e destruir seu sono - Correio Braziliense - Radar\" \/>\n<meta property=\"og:description\" content=\"Bruxismo noturno pode desgastar os dentes e afetar o sono sem voc\u00ea perceber. Entenda os sinais e o que pode estar por tr\u00e1s.\" \/>\n<meta property=\"og:url\" content=\"https:\/\/www.correiobraziliense.com.br\/cbradar\/o-habito-noturno-silencioso-que-pode-desgastar-dentes-e-destruir-seu-sono\/\" \/>\n<meta property=\"og:site_name\" content=\"Correio Braziliense - Radar\" \/>\n<meta property=\"article:published_time\" content=\"2026-03-10T12:35:00+00:00\" \/>\n<meta property=\"og:image\" content=\"https:\/\/www.correiobraziliense.com.br\/cbradar\/wp-content\/uploads\/2025\/06\/bruxismo_1750424634760.jpg\" \/>\n\t<meta property=\"og:image:width\" content=\"1280\" \/>\n\t<meta property=\"og:image:height\" content=\"720\" \/>\n\t<meta property=\"og:image:type\" content=\"image\/jpeg\" \/>\n<meta name=\"author\" content=\"guilherme_saude\" \/>\n<meta name=\"twitter:card\" content=\"summary_large_image\" \/>\n<meta name=\"twitter:label1\" content=\"Escrito por\" \/>\n\t<meta name=\"twitter:data1\" content=\"guilherme_saude\" \/>\n\t<meta name=\"twitter:label2\" content=\"Est. tempo de leitura\" \/>\n\t<meta name=\"twitter:data2\" content=\"4 minutos\" \/>\n<!-- \/ Yoast SEO plugin. -->","yoast_head_json":{"title":"O h\u00e1bito noturno silencioso que pode desgastar dentes e destruir seu sono - Correio Braziliense - Radar","description":"Bruxismo noturno pode desgastar os dentes e afetar o sono sem voc\u00ea perceber. Entenda os sinais e o que pode estar por tr\u00e1s.","robots":{"index":"index","follow":"follow","max-snippet":"max-snippet:-1","max-image-preview":"max-image-preview:large","max-video-preview":"max-video-preview:-1"},"canonical":"https:\/\/www.correiobraziliense.com.br\/cbradar\/o-habito-noturno-silencioso-que-pode-desgastar-dentes-e-destruir-seu-sono\/","og_locale":"pt_BR","og_type":"article","og_title":"O h\u00e1bito noturno silencioso que pode desgastar dentes e destruir seu sono - Correio Braziliense - Radar","og_description":"Bruxismo noturno pode desgastar os dentes e afetar o sono sem voc\u00ea perceber. Entenda os sinais e o que pode estar por tr\u00e1s.","og_url":"https:\/\/www.correiobraziliense.com.br\/cbradar\/o-habito-noturno-silencioso-que-pode-desgastar-dentes-e-destruir-seu-sono\/","og_site_name":"Correio Braziliense - Radar","article_published_time":"2026-03-10T12:35:00+00:00","og_image":[{"width":1280,"height":720,"url":"https:\/\/www.correiobraziliense.com.br\/cbradar\/wp-content\/uploads\/2025\/06\/bruxismo_1750424634760.jpg","type":"image\/jpeg"}],"author":"guilherme_saude","twitter_card":"summary_large_image","twitter_misc":{"Escrito por":"guilherme_saude","Est. tempo de leitura":"4 minutos"},"schema":{"@context":"https:\/\/schema.org","@graph":[{"@type":"WebPage","@id":"https:\/\/www.correiobraziliense.com.br\/cbradar\/o-habito-noturno-silencioso-que-pode-desgastar-dentes-e-destruir-seu-sono\/","url":"https:\/\/www.correiobraziliense.com.br\/cbradar\/o-habito-noturno-silencioso-que-pode-desgastar-dentes-e-destruir-seu-sono\/","name":"O h\u00e1bito noturno silencioso que pode desgastar dentes e destruir seu sono - Correio Braziliense - Radar","isPartOf":{"@id":"https:\/\/www.correiobraziliense.com.br\/cbradar\/#website"},"primaryImageOfPage":{"@id":"https:\/\/www.correiobraziliense.com.br\/cbradar\/o-habito-noturno-silencioso-que-pode-desgastar-dentes-e-destruir-seu-sono\/#primaryimage"},"image":{"@id":"https:\/\/www.correiobraziliense.com.br\/cbradar\/o-habito-noturno-silencioso-que-pode-desgastar-dentes-e-destruir-seu-sono\/#primaryimage"},"thumbnailUrl":"https:\/\/www.correiobraziliense.com.br\/cbradar\/wp-content\/uploads\/2025\/06\/bruxismo_1750424634760.jpg","datePublished":"2026-03-10T12:35:00+00:00","author":{"@id":"https:\/\/www.correiobraziliense.com.br\/cbradar\/#\/schema\/person\/5aa4bf3c8fa699c267933611de12978b"},"description":"Bruxismo noturno pode desgastar os dentes e afetar o sono sem voc\u00ea perceber. Entenda os sinais e o que pode estar por tr\u00e1s.","breadcrumb":{"@id":"https:\/\/www.correiobraziliense.com.br\/cbradar\/o-habito-noturno-silencioso-que-pode-desgastar-dentes-e-destruir-seu-sono\/#breadcrumb"},"inLanguage":"pt-BR","potentialAction":[{"@type":"ReadAction","target":["https:\/\/www.correiobraziliense.com.br\/cbradar\/o-habito-noturno-silencioso-que-pode-desgastar-dentes-e-destruir-seu-sono\/"]}]},{"@type":"ImageObject","inLanguage":"pt-BR","@id":"https:\/\/www.correiobraziliense.com.br\/cbradar\/o-habito-noturno-silencioso-que-pode-desgastar-dentes-e-destruir-seu-sono\/#primaryimage","url":"https:\/\/www.correiobraziliense.com.br\/cbradar\/wp-content\/uploads\/2025\/06\/bruxismo_1750424634760.jpg","contentUrl":"https:\/\/www.correiobraziliense.com.br\/cbradar\/wp-content\/uploads\/2025\/06\/bruxismo_1750424634760.jpg","width":1280,"height":720,"caption":"O dist\u00farbio do sono que faz voc\u00ea ranger os dentes e acordar exausto - Cr\u00e9ditos: depositphotos.com \/ 9nong"},{"@type":"BreadcrumbList","@id":"https:\/\/www.correiobraziliense.com.br\/cbradar\/o-habito-noturno-silencioso-que-pode-desgastar-dentes-e-destruir-seu-sono\/#breadcrumb","itemListElement":[{"@type":"ListItem","position":1,"name":"In\u00edcio","item":"https:\/\/www.correiobraziliense.com.br\/cbradar\/"},{"@type":"ListItem","position":2,"name":"O h\u00e1bito noturno silencioso que pode desgastar dentes e destruir seu sono"}]},{"@type":"WebSite","@id":"https:\/\/www.correiobraziliense.com.br\/cbradar\/#website","url":"https:\/\/www.correiobraziliense.com.br\/cbradar\/","name":"Correio Braziliense - Radar","description":"Acompanhe as \u00faltimas not\u00edcias e fique bem informado sobre tudo o que acontece no Brasil e no mundo.","potentialAction":[{"@type":"SearchAction","target":{"@type":"EntryPoint","urlTemplate":"https:\/\/www.correiobraziliense.com.br\/cbradar\/?s={search_term_string}"},"query-input":{"@type":"PropertyValueSpecification","valueRequired":true,"valueName":"search_term_string"}}],"inLanguage":"pt-BR"},{"@type":"Person","@id":"https:\/\/www.correiobraziliense.com.br\/cbradar\/#\/schema\/person\/5aa4bf3c8fa699c267933611de12978b","name":"guilherme_saude","image":{"@type":"ImageObject","inLanguage":"pt-BR","@id":"https:\/\/www.correiobraziliense.com.br\/cbradar\/#\/schema\/person\/image\/","url":"https:\/\/secure.gravatar.com\/avatar\/df9adfb835d344bc0af109d41756253f?s=96&d=mm&r=g","contentUrl":"https:\/\/secure.gravatar.com\/avatar\/df9adfb835d344bc0af109d41756253f?s=96&d=mm&r=g","caption":"guilherme_saude"},"url":"https:\/\/www.correiobraziliense.com.br\/cbradar\/author\/guilherme_saude\/"}]}},"_links":{"self":[{"href":"https:\/\/www.correiobraziliense.com.br\/cbradar\/wp-json\/wp\/v2\/posts\/205644","targetHints":{"allow":["GET"]}}],"collection":[{"href":"https:\/\/www.correiobraziliense.com.br\/cbradar\/wp-json\/wp\/v2\/posts"}],"about":[{"href":"https:\/\/www.correiobraziliense.com.br\/cbradar\/wp-json\/wp\/v2\/types\/post"}],"author":[{"embeddable":true,"href":"https:\/\/www.correiobraziliense.com.br\/cbradar\/wp-json\/wp\/v2\/users\/14"}],"replies":[{"embeddable":true,"href":"https:\/\/www.correiobraziliense.com.br\/cbradar\/wp-json\/wp\/v2\/comments?post=205644"}],"version-history":[{"count":1,"href":"https:\/\/www.correiobraziliense.com.br\/cbradar\/wp-json\/wp\/v2\/posts\/205644\/revisions"}],"predecessor-version":[{"id":205650,"href":"https:\/\/www.correiobraziliense.com.br\/cbradar\/wp-json\/wp\/v2\/posts\/205644\/revisions\/205650"}],"wp:featuredmedia":[{"embeddable":true,"href":"https:\/\/www.correiobraziliense.com.br\/cbradar\/wp-json\/wp\/v2\/media\/56341"}],"wp:attachment":[{"href":"https:\/\/www.correiobraziliense.com.br\/cbradar\/wp-json\/wp\/v2\/media?parent=205644"}],"wp:term":[{"taxonomy":"category","embeddable":true,"href":"https:\/\/www.correiobraziliense.com.br\/cbradar\/wp-json\/wp\/v2\/categories?post=205644"},{"taxonomy":"post_tag","embeddable":true,"href":"https:\/\/www.correiobraziliense.com.br\/cbradar\/wp-json\/wp\/v2\/post_tag?post=205644"}],"curies":[{"name":"wp","href":"https:\/\/api.w.org\/{rel}","templated":true}]}}