{"id":205657,"date":"2026-03-10T13:15:00","date_gmt":"2026-03-10T16:15:00","guid":{"rendered":"https:\/\/www.correiobraziliense.com.br\/cbradar\/?p=205657"},"modified":"2026-03-09T13:50:22","modified_gmt":"2026-03-09T16:50:22","slug":"o-mineral-essencial-que-combate-caibras-e-ajuda-o-corpo-a-dormir-melhor","status":"publish","type":"post","link":"https:\/\/www.correiobraziliense.com.br\/cbradar\/o-mineral-essencial-que-combate-caibras-e-ajuda-o-corpo-a-dormir-melhor\/","title":{"rendered":"O mineral essencial que combate c\u00e3ibras e ajuda o corpo a dormir melhor"},"content":{"rendered":"\n<p>O magn\u00e9sio \u00e9 um nutriente essencial envolvido em mais de 300 rea\u00e7\u00f5es bioqu\u00edmicas no corpo humano, com papel fundamental na <a href=\"https:\/\/www.correiobraziliense.com.br\/cbradar\/estudos-analisam-relacao-entre-mes-de-nascimento-e-maturidade-infantil\/\" target=\"_blank\" rel=\"noreferrer noopener\">sa\u00fade <\/a>muscular, na regula\u00e7\u00e3o do ciclo do sono, na produ\u00e7\u00e3o de energia e no funcionamento adequado do sistema nervoso. Quando os n\u00edveis de magn\u00e9sio est\u00e3o adequados, o organismo funciona de maneira otimizada, mas sua defici\u00eancia pode resultar em problemas como fadiga frequente, c\u00e3ibras musculares e dificuldades para dormir.<\/p>\n\n\n\n<h2 class=\"wp-block-heading\">Como o magn\u00e9sio influencia o funcionamento dos m\u00fasculos?<\/h2>\n\n\n\n<p>O magn\u00e9sio exerce papel crucial no equil\u00edbrio entre contra\u00e7\u00e3o e relaxamento muscular ao regular a entrada e a sa\u00edda de c\u00e1lcio nas c\u00e9lulas. Esse controle evita contra\u00e7\u00f5es prolongadas que podem levar a c\u00e3ibras, espasmos e maior tens\u00e3o muscular, especialmente ap\u00f3s esfor\u00e7os f\u00edsicos intensos.<\/p>\n\n\n\n<p>Al\u00e9m disso, o magn\u00e9sio ajuda a manter os nervos que controlam os m\u00fasculos menos excit\u00e1veis, prevenindo contra\u00e7\u00f5es involunt\u00e1rias. Em situa\u00e7\u00f5es de defici\u00eancia, aumentam as chances de c\u00e3ibras noturnas, tremores leves e sensa\u00e7\u00e3o de rigidez muscular.<\/p>\n\n\n\n<p>Para compreender melhor o papel do <strong>magn\u00e9sio<\/strong> na energia, na fun\u00e7\u00e3o muscular e no funcionamento do organismo, assista ao v\u00eddeo a seguir, no qual o especialista explica o assunto de forma clara e did\u00e1tica no canal respons\u00e1vel pelo conte\u00fado<\/p>\n\n\n\n<iframe loading=\"lazy\" width=\"478\" height=\"849\" src=\"https:\/\/www.youtube.com\/embed\/4jrOxQ2fB1A\" title=\"O Papel Vital do Magn\u00e9sio: Energia, Fun\u00e7\u00e3o Muscular e Conex\u00e3o Nervosa Otimizadas para Sua Sa\u00fade!\" frameborder=\"0\" allow=\"accelerometer; autoplay; clipboard-write; encrypted-media; gyroscope; picture-in-picture; web-share\" referrerpolicy=\"strict-origin-when-cross-origin\" allowfullscreen><\/iframe>\n\n\n\n<h2 class=\"wp-block-heading\">Como a falta de magn\u00e9sio afeta a produ\u00e7\u00e3o de energia?<\/h2>\n\n\n\n<p>Na produ\u00e7\u00e3o de energia, o magn\u00e9sio atua como cofator em rea\u00e7\u00f5es que convertem nutrientes em ATP, a principal \u201cmoeda energ\u00e9tica\u201d do corpo. Quando esse mineral est\u00e1 em falta, a efici\u00eancia das mitoc\u00f4ndrias diminui, favorecendo o cansa\u00e7o cont\u00ednuo e a sensa\u00e7\u00e3o de esgotamento mesmo ap\u00f3s descanso adequado.<\/p>\n\n\n\n<p>Com n\u00edveis baixos de magn\u00e9sio, o sistema nervoso tende a ficar mais excit\u00e1vel, o que aumenta o gasto energ\u00e9tico basal. Esse desequil\u00edbrio contribui para quadros de fadiga cr\u00f4nica, menor resist\u00eancia f\u00edsica e dificuldade de concentra\u00e7\u00e3o ao longo do dia.<\/p>\n\n\n\n<h2 class=\"wp-block-heading\">Qual \u00e9 o papel do magn\u00e9sio na qualidade do sono?<\/h2>\n\n\n\n<p>A conex\u00e3o entre magn\u00e9sio e sono est\u00e1 sendo cada vez mais estudada, pois ele ajuda a reduzir a atividade el\u00e9trica excessiva do sistema nervoso. Isso favorece um estado de relaxamento, em parte por amplificar a a\u00e7\u00e3o do GABA, neurotransmissor que facilita o in\u00edcio do sono e contribui para um descanso mais profundo.<\/p>\n\n\n\n<p>O magn\u00e9sio tamb\u00e9m participa da s\u00edntese de melatonina, horm\u00f4nio respons\u00e1vel por regular o ciclo sono-vig\u00edlia. Manter n\u00edveis adequados desse mineral pode auxiliar na preven\u00e7\u00e3o de dist\u00farbios como ins\u00f4nia, despertares noturnos frequentes e sensa\u00e7\u00e3o de sono n\u00e3o reparador.<\/p>\n\n\n<div class=\"wp-block-image\">\n<figure class=\"aligncenter size-large\"><img decoding=\"async\" width=\"1024\" height=\"576\" src=\"https:\/\/www.correiobraziliense.com.br\/cbradar\/wp-content\/uploads\/2026\/02\/citrato-de-magnesio_1770933988819-1024x576.jpg\" alt=\"\" class=\"wp-image-192524\" srcset=\"https:\/\/www.correiobraziliense.com.br\/cbradar\/wp-content\/uploads\/2026\/02\/citrato-de-magnesio_1770933988819-1024x576.jpg 1024w, https:\/\/www.correiobraziliense.com.br\/cbradar\/wp-content\/uploads\/2026\/02\/citrato-de-magnesio_1770933988819-300x169.jpg 300w, https:\/\/www.correiobraziliense.com.br\/cbradar\/wp-content\/uploads\/2026\/02\/citrato-de-magnesio_1770933988819-768x432.jpg 768w, https:\/\/www.correiobraziliense.com.br\/cbradar\/wp-content\/uploads\/2026\/02\/citrato-de-magnesio_1770933988819-750x422.jpg 750w, https:\/\/www.correiobraziliense.com.br\/cbradar\/wp-content\/uploads\/2026\/02\/citrato-de-magnesio_1770933988819-1140x641.jpg 1140w, https:\/\/www.correiobraziliense.com.br\/cbradar\/wp-content\/uploads\/2026\/02\/citrato-de-magnesio_1770933988819.jpg 1280w\" sizes=\"(max-width: 1024px) 100vw, 1024px\" \/><figcaption class=\"wp-element-caption\">A forma mais absorv\u00edvel de magn\u00e9sio para ossos fortes e intestino regulado &#8211; Cr\u00e9ditos: depositphotos.com \/ pavlofox<\/figcaption><\/figure><\/div>\n\n\n<h2 class=\"wp-block-heading\">Quais alimentos s\u00e3o boas fontes de magn\u00e9sio?<\/h2>\n\n\n\n<p>Uma alimenta\u00e7\u00e3o variada \u00e9 a forma mais segura e sustent\u00e1vel de atingir a ingest\u00e3o di\u00e1ria recomendada de magn\u00e9sio. Incluir fontes desse mineral ao longo do dia ajuda a manter o equil\u00edbrio muscular, a energia est\u00e1vel e a qualidade do sono.<\/p>\n\n\n\n\n<style>\n  .make-wrap{\n    max-width: 760px;\n    margin: 26px auto;\n    padding: 18px;\n    border-radius: 18px;\n    background: linear-gradient(135deg,#fff7fb 0%,#f6f2ff 100%);\n    border: 1px solid #f7d4ea;\n    box-shadow: 0 8px 20px rgba(236,72,153,.12);\n    font-family: system-ui, -apple-system, Segoe UI, Roboto, Helvetica, Arial, sans-serif;\n  }\n\n  .make-title{\n    display:flex; \n    align-items:center; \n    gap:10px;\n    margin:0 0 12px 4px;\n    font-size:1.2rem; \n    font-weight:900; \n    color:#9d174d;\n  }\n\n  .make-table{\n    width:100%;\n    border-collapse:separate;\n    border-spacing:0;\n    overflow:hidden;\n    border-radius:16px;\n    border:1px solid #f7d4ea;\n    background:#fff;\n    font-size:.92rem;\n  }\n\n  .make-table thead th{\n    background:linear-gradient(90deg,#fde7f3 0%,#f8e9ff 100%);\n    padding:12px;\n    color:#7a1e63;\n    font-weight:800;\n    text-align:left;\n    border-bottom:1px solid #f7d4ea;\n  }\n\n  .make-table tbody td{\n    padding:12px;\n    color:#374151;\n    vertical-align:top;\n    border-bottom:1px dashed #f7d4ea;\n  }\n\n  .make-table tbody tr:nth-child(odd){\n    background:#fffaff;\n  }\n\n  .price{\n    display:inline-flex;\n    align-items:center;\n    background:#fff7ed;\n    color:#b45309;\n    padding:6px 10px;\n    border-radius:10px;\n    border:1px solid #fed7aa;\n    font-weight:700;\n    white-space:nowrap;\n  }\n\n  .badge{\n    display:inline-block;\n    background:#fde7f3;\n    color:#c026d3;\n    border:1px solid #fecdd3;\n    padding:4px 10px;\n    border-radius:999px;\n    font-weight:700;\n    font-size:.78rem;\n  }\n\n  @media (max-width:720px){\n    .make-table thead{display:none}\n    .make-table, .make-table tbody, .make-table tr, .make-table td{\n      display:block; \n      width:100%;\n    }\n    .make-table tr{\n      margin-bottom:12px;\n      border:1px solid #f7d4ea;\n      border-radius:14px;\n      overflow:hidden;\n      background:#fff;\n    }\n    .make-table td[data-label]:before{\n      content:attr(data-label);\n      display:block;\n      font-weight:800;\n      color:#7a1e63;\n      margin-bottom:4px;\n    }\n    .make-table tbody td:last-child{border-bottom:none}\n  }\n<\/style>\n\n<div class=\"make-wrap\">\n  <h3 class=\"make-title\">\ud83e\udd57\u2728 Alimentos Ricos em Magn\u00e9sio<\/h3>\n\n  <table class=\"make-table\">\n    <thead>\n      <tr>\n        <th>Alimento<\/th>\n        <th>Benef\u00edcios nutricionais<\/th>\n      <\/tr>\n    <\/thead>\n    <tbody>\n      <tr>\n        <td data-label=\"Alimento\"><span class=\"badge\">Sementes de ab\u00f3bora<\/span><\/td>\n        <td data-label=\"Benef\u00edcios nutricionais\">Entre as principais fontes naturais de magn\u00e9sio.<\/td>\n      <\/tr>\n      <tr>\n        <td data-label=\"Alimento\"><span class=\"badge\">Castanhas e am\u00eandoas<\/span><\/td>\n        <td data-label=\"Benef\u00edcios nutricionais\">Ricas em magn\u00e9sio e em gorduras insaturadas ben\u00e9ficas ao cora\u00e7\u00e3o.<\/td>\n      <\/tr>\n      <tr>\n        <td data-label=\"Alimento\"><span class=\"badge\">Folhas verdes escuras<\/span><\/td>\n        <td data-label=\"Benef\u00edcios nutricionais\">Vegetais como espinafre e couve s\u00e3o importantes em dietas saud\u00e1veis e fornecem boas quantidades de magn\u00e9sio.<\/td>\n      <\/tr>\n      <tr>\n        <td data-label=\"Alimento\"><span class=\"badge\">Banana e abacate<\/span><\/td>\n        <td data-label=\"Benef\u00edcios nutricionais\">Frutas que ajudam a complementar a ingest\u00e3o di\u00e1ria de magn\u00e9sio.<\/td>\n      <\/tr>\n      <tr>\n        <td data-label=\"Alimento\"><span class=\"badge\">Chocolate amargo<\/span><\/td>\n        <td data-label=\"Benef\u00edcios nutricionais\">Chocolate com alto teor de cacau oferece magn\u00e9sio e antioxidantes.<\/td>\n      <\/tr>\n      <tr>\n        <td data-label=\"Alimento\"><span class=\"badge\">Leguminosas<\/span><\/td>\n        <td data-label=\"Benef\u00edcios nutricionais\">Feij\u00f5es e gr\u00e3o-de-bico, bases da alimenta\u00e7\u00e3o brasileira, tamb\u00e9m s\u00e3o boas fontes do mineral.<\/td>\n      <\/tr>\n    <\/tbody>\n  <\/table>\n\n  <p style=\"margin-top:14px; color:#6b7280; font-size:.9rem;\">\n    \ud83d\udca1 <strong>Dica:<\/strong> Variar esses alimentos no card\u00e1pio ajuda a garantir uma ingest\u00e3o adequada de magn\u00e9sio ao longo do dia.\n  <\/p>\n<\/div>\n\n\n\n\n\n<h2 class=\"wp-block-heading\">Quais sinais podem indicar defici\u00eancia de magn\u00e9sio?<\/h2>\n\n\n\n<p>Embora cada organismo responda de forma diferente, alguns sintomas s\u00e3o frequentemente associados \u00e0 defici\u00eancia de magn\u00e9sio. Entre eles, destacam-se c\u00e3ibras recorrentes, cansa\u00e7o persistente, dificuldade para dormir, irritabilidade e formigamento em m\u00e3os e p\u00e9s.<\/p>\n\n\n\n<p>Esses sinais, por\u00e9m, tamb\u00e9m podem estar ligados a outras condi\u00e7\u00f5es cl\u00ednicas, como anemia, dist\u00farbios hormonais ou problemas neurol\u00f3gicos. Por isso, \u00e9 fundamental buscar avalia\u00e7\u00e3o profissional para confirma\u00e7\u00e3o diagn\u00f3stica e, se necess\u00e1rio, defini\u00e7\u00e3o de ajustes na dieta ou suplementa\u00e7\u00e3o de forma segura.<\/p>\n\n\n<a href=\"https:\/\/www.instagram.com\/dra.annaluisabf\/\" target=\"_blank\" rel=\"noopener\" style=\"text-decoration: none; color: inherit;\">\n    <span style=\"display: inline-block; border: 1px solid #ccc; border-radius: 10px; padding: 15px; max-width: 550px; font-family: sans-serif; box-shadow: 0 2px 5px rgba(0,0,0,0.1); width: 100%;\">\n\n      <!-- T\u00edtulo -->\n      <span style=\"display: block; margin: 0 0 15px 0; font-weight: bold; color: #2c3e50; text-align: center;\">\n        Entre em contato:\n      <\/span>\n\n      <!-- Linha do perfil -->\n      <span style=\"display: flex; align-items: center; gap: 15px;\">\n        <img decoding=\"async\"\n          src=\"https:\/\/www.correiobraziliense.com.br\/cbradar\/wp-content\/uploads\/2025\/08\/dra_anna_luisa.jpeg\"\n          alt=\"Foto da Dra. Anna Lu\u00edsa\"\n          style=\"border-radius: 50%; width: 80px; height: 80px; object-fit: cover;\"\n        \/>\n        <span style=\"display: flex; flex-direction: column;\">\n          <span style=\"font-size: 18px; font-weight: 700; color: #2c3e50;\">Dra. Anna Lu\u00edsa Barbosa Fernandes<\/span>\n          <span style=\"color: #555;\">CRM-GO 33.271<\/span>\n        <\/span>\n      <\/span>\n\n      <!-- Redes -->\n      <span style=\"display: flex; align-items: center; gap: 10px; margin-top: 12px;\">\n        <img decoding=\"async\" src=\"https:\/\/cdn-icons-png.flaticon.com\/24\/1384\/1384063.png\" alt=\"Instagram\" width=\"24\" height=\"24\" \/>\n        <span style=\"text-decoration: underline; color: #2c3e50;\">@dra.annaluisabf<\/span>\n      <\/span>\n\n    <\/span>\n  <\/a>","protected":false},"excerpt":{"rendered":"<p>O magn\u00e9sio \u00e9 um nutriente essencial envolvido em mais de 300 rea\u00e7\u00f5es bioqu\u00edmicas no corpo humano, com papel fundamental na sa\u00fade muscular, na regula\u00e7\u00e3o do ciclo do sono, na produ\u00e7\u00e3o de energia e no funcionamento adequado do sistema nervoso. Quando os n\u00edveis de magn\u00e9sio est\u00e3o adequados, o organismo funciona de maneira otimizada, mas sua defici\u00eancia [&hellip;]<\/p>\n","protected":false},"author":14,"featured_media":126832,"comment_status":"open","ping_status":"open","sticky":false,"template":"","format":"standard","meta":{"_yoast_wpseo_focuskw":"Magn\u00e9sio","_yoast_wpseo_title":"","_yoast_wpseo_metadesc":"Magn\u00e9sio pode ajudar a reduzir c\u00e3ibras, fadiga e sono ruim. Descubra os sinais de defici\u00eancia e como aumentar esse mineral.","jnews-multi-image_gallery":[],"jnews_single_post":{"format":"standard"},"jnews_primary_category":[],"jnews_social_meta":[],"jnews_override_counter":[],"footnotes":""},"categories":[4404],"post_tag":[120,247,1318],"class_list":["post-205657","post","type-post","status-publish","format-standard","has-post-thumbnail","hentry","category-saude","tag-bem-estar","tag-qualidade-de-vida","tag-saude-2"],"yoast_head":"<!-- This site is optimized with the Yoast SEO plugin v24.6 - https:\/\/yoast.com\/wordpress\/plugins\/seo\/ -->\n<title>O mineral essencial que combate c\u00e3ibras e ajuda o corpo a dormir melhor - Correio Braziliense - Radar<\/title>\n<meta name=\"description\" content=\"Magn\u00e9sio pode ajudar a reduzir c\u00e3ibras, fadiga e sono ruim. Descubra os sinais de defici\u00eancia e como aumentar esse mineral.\" \/>\n<meta name=\"robots\" content=\"index, follow, max-snippet:-1, max-image-preview:large, max-video-preview:-1\" \/>\n<link rel=\"canonical\" href=\"https:\/\/www.correiobraziliense.com.br\/cbradar\/o-mineral-essencial-que-combate-caibras-e-ajuda-o-corpo-a-dormir-melhor\/\" \/>\n<meta property=\"og:locale\" content=\"pt_BR\" \/>\n<meta property=\"og:type\" content=\"article\" \/>\n<meta property=\"og:title\" content=\"O mineral essencial que combate c\u00e3ibras e ajuda o corpo a dormir melhor - Correio Braziliense - Radar\" \/>\n<meta property=\"og:description\" content=\"Magn\u00e9sio pode ajudar a reduzir c\u00e3ibras, fadiga e sono ruim. Descubra os sinais de defici\u00eancia e como aumentar esse mineral.\" \/>\n<meta property=\"og:url\" content=\"https:\/\/www.correiobraziliense.com.br\/cbradar\/o-mineral-essencial-que-combate-caibras-e-ajuda-o-corpo-a-dormir-melhor\/\" \/>\n<meta property=\"og:site_name\" content=\"Correio Braziliense - Radar\" \/>\n<meta property=\"article:published_time\" content=\"2026-03-10T16:15:00+00:00\" \/>\n<meta property=\"og:image\" content=\"https:\/\/www.correiobraziliense.com.br\/cbradar\/wp-content\/uploads\/2025\/10\/Magnesio_1761590787144.jpg\" \/>\n\t<meta property=\"og:image:width\" content=\"1280\" \/>\n\t<meta property=\"og:image:height\" content=\"720\" \/>\n\t<meta property=\"og:image:type\" content=\"image\/jpeg\" \/>\n<meta name=\"author\" content=\"guilherme_saude\" \/>\n<meta name=\"twitter:card\" content=\"summary_large_image\" \/>\n<meta name=\"twitter:label1\" content=\"Escrito por\" \/>\n\t<meta name=\"twitter:data1\" content=\"guilherme_saude\" \/>\n\t<meta name=\"twitter:label2\" content=\"Est. tempo de leitura\" \/>\n\t<meta name=\"twitter:data2\" content=\"5 minutos\" \/>\n<!-- \/ Yoast SEO plugin. -->","yoast_head_json":{"title":"O mineral essencial que combate c\u00e3ibras e ajuda o corpo a dormir melhor - Correio Braziliense - Radar","description":"Magn\u00e9sio pode ajudar a reduzir c\u00e3ibras, fadiga e sono ruim. Descubra os sinais de defici\u00eancia e como aumentar esse mineral.","robots":{"index":"index","follow":"follow","max-snippet":"max-snippet:-1","max-image-preview":"max-image-preview:large","max-video-preview":"max-video-preview:-1"},"canonical":"https:\/\/www.correiobraziliense.com.br\/cbradar\/o-mineral-essencial-que-combate-caibras-e-ajuda-o-corpo-a-dormir-melhor\/","og_locale":"pt_BR","og_type":"article","og_title":"O mineral essencial que combate c\u00e3ibras e ajuda o corpo a dormir melhor - Correio Braziliense - Radar","og_description":"Magn\u00e9sio pode ajudar a reduzir c\u00e3ibras, fadiga e sono ruim. Descubra os sinais de defici\u00eancia e como aumentar esse mineral.","og_url":"https:\/\/www.correiobraziliense.com.br\/cbradar\/o-mineral-essencial-que-combate-caibras-e-ajuda-o-corpo-a-dormir-melhor\/","og_site_name":"Correio Braziliense - Radar","article_published_time":"2026-03-10T16:15:00+00:00","og_image":[{"width":1280,"height":720,"url":"https:\/\/www.correiobraziliense.com.br\/cbradar\/wp-content\/uploads\/2025\/10\/Magnesio_1761590787144.jpg","type":"image\/jpeg"}],"author":"guilherme_saude","twitter_card":"summary_large_image","twitter_misc":{"Escrito por":"guilherme_saude","Est. tempo de leitura":"5 minutos"},"schema":{"@context":"https:\/\/schema.org","@graph":[{"@type":"WebPage","@id":"https:\/\/www.correiobraziliense.com.br\/cbradar\/o-mineral-essencial-que-combate-caibras-e-ajuda-o-corpo-a-dormir-melhor\/","url":"https:\/\/www.correiobraziliense.com.br\/cbradar\/o-mineral-essencial-que-combate-caibras-e-ajuda-o-corpo-a-dormir-melhor\/","name":"O mineral essencial que combate c\u00e3ibras e ajuda o corpo a dormir melhor - Correio Braziliense - Radar","isPartOf":{"@id":"https:\/\/www.correiobraziliense.com.br\/cbradar\/#website"},"primaryImageOfPage":{"@id":"https:\/\/www.correiobraziliense.com.br\/cbradar\/o-mineral-essencial-que-combate-caibras-e-ajuda-o-corpo-a-dormir-melhor\/#primaryimage"},"image":{"@id":"https:\/\/www.correiobraziliense.com.br\/cbradar\/o-mineral-essencial-que-combate-caibras-e-ajuda-o-corpo-a-dormir-melhor\/#primaryimage"},"thumbnailUrl":"https:\/\/www.correiobraziliense.com.br\/cbradar\/wp-content\/uploads\/2025\/10\/Magnesio_1761590787144.jpg","datePublished":"2026-03-10T16:15:00+00:00","author":{"@id":"https:\/\/www.correiobraziliense.com.br\/cbradar\/#\/schema\/person\/5aa4bf3c8fa699c267933611de12978b"},"description":"Magn\u00e9sio pode ajudar a reduzir c\u00e3ibras, fadiga e sono ruim. Descubra os sinais de defici\u00eancia e como aumentar esse mineral.","breadcrumb":{"@id":"https:\/\/www.correiobraziliense.com.br\/cbradar\/o-mineral-essencial-que-combate-caibras-e-ajuda-o-corpo-a-dormir-melhor\/#breadcrumb"},"inLanguage":"pt-BR","potentialAction":[{"@type":"ReadAction","target":["https:\/\/www.correiobraziliense.com.br\/cbradar\/o-mineral-essencial-que-combate-caibras-e-ajuda-o-corpo-a-dormir-melhor\/"]}]},{"@type":"ImageObject","inLanguage":"pt-BR","@id":"https:\/\/www.correiobraziliense.com.br\/cbradar\/o-mineral-essencial-que-combate-caibras-e-ajuda-o-corpo-a-dormir-melhor\/#primaryimage","url":"https:\/\/www.correiobraziliense.com.br\/cbradar\/wp-content\/uploads\/2025\/10\/Magnesio_1761590787144.jpg","contentUrl":"https:\/\/www.correiobraziliense.com.br\/cbradar\/wp-content\/uploads\/2025\/10\/Magnesio_1761590787144.jpg","width":1280,"height":720,"caption":"Magn\u00e9sio: fun\u00e7\u00f5es, fontes e dose di\u00e1ria recomendada - Cr\u00e9ditos: depositphotos.com \/ 123bubu45"},{"@type":"BreadcrumbList","@id":"https:\/\/www.correiobraziliense.com.br\/cbradar\/o-mineral-essencial-que-combate-caibras-e-ajuda-o-corpo-a-dormir-melhor\/#breadcrumb","itemListElement":[{"@type":"ListItem","position":1,"name":"In\u00edcio","item":"https:\/\/www.correiobraziliense.com.br\/cbradar\/"},{"@type":"ListItem","position":2,"name":"O mineral essencial que combate c\u00e3ibras e ajuda o corpo a dormir melhor"}]},{"@type":"WebSite","@id":"https:\/\/www.correiobraziliense.com.br\/cbradar\/#website","url":"https:\/\/www.correiobraziliense.com.br\/cbradar\/","name":"Correio Braziliense - Radar","description":"Acompanhe as \u00faltimas not\u00edcias e fique bem informado sobre tudo o que acontece no Brasil e no mundo.","potentialAction":[{"@type":"SearchAction","target":{"@type":"EntryPoint","urlTemplate":"https:\/\/www.correiobraziliense.com.br\/cbradar\/?s={search_term_string}"},"query-input":{"@type":"PropertyValueSpecification","valueRequired":true,"valueName":"search_term_string"}}],"inLanguage":"pt-BR"},{"@type":"Person","@id":"https:\/\/www.correiobraziliense.com.br\/cbradar\/#\/schema\/person\/5aa4bf3c8fa699c267933611de12978b","name":"guilherme_saude","image":{"@type":"ImageObject","inLanguage":"pt-BR","@id":"https:\/\/www.correiobraziliense.com.br\/cbradar\/#\/schema\/person\/image\/","url":"https:\/\/secure.gravatar.com\/avatar\/df9adfb835d344bc0af109d41756253f?s=96&d=mm&r=g","contentUrl":"https:\/\/secure.gravatar.com\/avatar\/df9adfb835d344bc0af109d41756253f?s=96&d=mm&r=g","caption":"guilherme_saude"},"url":"https:\/\/www.correiobraziliense.com.br\/cbradar\/author\/guilherme_saude\/"}]}},"_links":{"self":[{"href":"https:\/\/www.correiobraziliense.com.br\/cbradar\/wp-json\/wp\/v2\/posts\/205657","targetHints":{"allow":["GET"]}}],"collection":[{"href":"https:\/\/www.correiobraziliense.com.br\/cbradar\/wp-json\/wp\/v2\/posts"}],"about":[{"href":"https:\/\/www.correiobraziliense.com.br\/cbradar\/wp-json\/wp\/v2\/types\/post"}],"author":[{"embeddable":true,"href":"https:\/\/www.correiobraziliense.com.br\/cbradar\/wp-json\/wp\/v2\/users\/14"}],"replies":[{"embeddable":true,"href":"https:\/\/www.correiobraziliense.com.br\/cbradar\/wp-json\/wp\/v2\/comments?post=205657"}],"version-history":[{"count":1,"href":"https:\/\/www.correiobraziliense.com.br\/cbradar\/wp-json\/wp\/v2\/posts\/205657\/revisions"}],"predecessor-version":[{"id":205658,"href":"https:\/\/www.correiobraziliense.com.br\/cbradar\/wp-json\/wp\/v2\/posts\/205657\/revisions\/205658"}],"wp:featuredmedia":[{"embeddable":true,"href":"https:\/\/www.correiobraziliense.com.br\/cbradar\/wp-json\/wp\/v2\/media\/126832"}],"wp:attachment":[{"href":"https:\/\/www.correiobraziliense.com.br\/cbradar\/wp-json\/wp\/v2\/media?parent=205657"}],"wp:term":[{"taxonomy":"category","embeddable":true,"href":"https:\/\/www.correiobraziliense.com.br\/cbradar\/wp-json\/wp\/v2\/categories?post=205657"},{"taxonomy":"post_tag","embeddable":true,"href":"https:\/\/www.correiobraziliense.com.br\/cbradar\/wp-json\/wp\/v2\/post_tag?post=205657"}],"curies":[{"name":"wp","href":"https:\/\/api.w.org\/{rel}","templated":true}]}}