{"id":205660,"date":"2026-03-10T15:55:00","date_gmt":"2026-03-10T18:55:00","guid":{"rendered":"https:\/\/www.correiobraziliense.com.br\/cbradar\/?p=205660"},"modified":"2026-03-09T13:54:12","modified_gmt":"2026-03-09T16:54:12","slug":"cafeina-pode-elevar-a-pressao-arterial-e-o-efeito-assusta-muita-gente","status":"publish","type":"post","link":"https:\/\/www.correiobraziliense.com.br\/cbradar\/cafeina-pode-elevar-a-pressao-arterial-e-o-efeito-assusta-muita-gente\/","title":{"rendered":"Cafe\u00edna pode elevar a press\u00e3o arterial e o efeito assusta muita gente"},"content":{"rendered":"\n<p>A cafe\u00edna, presente em bebidas como caf\u00e9, ch\u00e1, energ\u00e9ticos e alguns refrigerantes, \u00e9 um estimulante que afeta diretamente o sistema cardiovascular. Seu consumo pode elevar a press\u00e3o arterial, e a redu\u00e7\u00e3o ou interrup\u00e7\u00e3o desse consumo pode resultar em quedas mensur\u00e1veis na press\u00e3o sangu\u00ednea, sobretudo em pessoas hipertensas ou mais sens\u00edveis \u00e0 subst\u00e2ncia.<\/p>\n\n\n\n<h2 class=\"wp-block-heading\">Como a cafe\u00edna pode elevar a press\u00e3o arterial?<\/h2>\n\n\n\n<p>Estudos demonstram que o consumo habitual de cafe\u00edna est\u00e1 associado a aumentos discretos, por\u00e9m significativos, da press\u00e3o arterial. Um <a href=\"https:\/\/ajcn.nutrition.org\/article\/S0002-9165(23)02481-4\/fulltext\" target=\"_blank\" rel=\"noreferrer noopener\">estudo <\/a>com 186 homens de meia-idade mostrou que substituir caf\u00e9 cafeinado por vers\u00f5es sem cafe\u00edna reduziu a press\u00e3o sist\u00f3lica em poucas semanas, sugerindo efeito direto no controle da press\u00e3o.<\/p>\n\n\n\n<p>O principal mecanismo envolve o bloqueio dos receptores de adenosina, subst\u00e2ncia que naturalmente promove vasodilata\u00e7\u00e3o. Ao inibir essa a\u00e7\u00e3o, a cafe\u00edna aumenta a resist\u00eancia vascular perif\u00e9rica, estimula a libera\u00e7\u00e3o de adrenalina e eleva a frequ\u00eancia card\u00edaca, resultando em aumentos agudos de press\u00e3o por tr\u00eas a seis horas.<\/p>\n\n\n\n<iframe loading=\"lazy\" width=\"1396\" height=\"785\" src=\"https:\/\/www.youtube.com\/embed\/QFFUTYZllzo\" title=\"Caf\u00e9 Causa Press\u00e3o Alta??\" frameborder=\"0\" allow=\"accelerometer; autoplay; clipboard-write; encrypted-media; gyroscope; picture-in-picture; web-share\" referrerpolicy=\"strict-origin-when-cross-origin\" allowfullscreen><\/iframe>\n\n\n\n<h2 class=\"wp-block-heading\">De que forma a cafe\u00edna influencia as medi\u00e7\u00f5es de press\u00e3o arterial?<\/h2>\n\n\n\n<p>A intera\u00e7\u00e3o entre cafe\u00edna e sistema cardiovascular \u00e9 complexa e varia conforme a sensibilidade individual e o uso cr\u00f4nico. Meta-an\u00e1lises indicam que a ingest\u00e3o de 200 a 300 mg de cafe\u00edna pode elevar, em m\u00e9dia, 8,1 mmHg na press\u00e3o sist\u00f3lica e 5,7 mmHg na diast\u00f3lica na primeira hora ap\u00f3s o consumo.<\/p>\n\n\n\n<p>Esse efeito hipertensivo transit\u00f3rio pode persistir por pelo menos tr\u00eas horas, motivo pelo qual m\u00e9dicos recomendam evitar cafe\u00edna antes de medir a press\u00e3o arterial. Em pessoas com hipertens\u00e3o descontrolada, essa eleva\u00e7\u00e3o tempor\u00e1ria pode ser clinicamente relevante.<\/p>\n\n\n\n<figure class=\"wp-block-image aligncenter size-large\"><img decoding=\"async\" width=\"1024\" height=\"576\" src=\"https:\/\/www.correiobraziliense.com.br\/cbradar\/wp-content\/uploads\/2025\/05\/pressao-alta_1748011127370-1024x576.jpg\" alt=\"\" class=\"wp-image-41755\" srcset=\"https:\/\/www.correiobraziliense.com.br\/cbradar\/wp-content\/uploads\/2025\/05\/pressao-alta_1748011127370-1024x576.jpg 1024w, https:\/\/www.correiobraziliense.com.br\/cbradar\/wp-content\/uploads\/2025\/05\/pressao-alta_1748011127370-300x169.jpg 300w, https:\/\/www.correiobraziliense.com.br\/cbradar\/wp-content\/uploads\/2025\/05\/pressao-alta_1748011127370-768x432.jpg 768w, https:\/\/www.correiobraziliense.com.br\/cbradar\/wp-content\/uploads\/2025\/05\/pressao-alta_1748011127370-750x422.jpg 750w, https:\/\/www.correiobraziliense.com.br\/cbradar\/wp-content\/uploads\/2025\/05\/pressao-alta_1748011127370-1140x641.jpg 1140w, https:\/\/www.correiobraziliense.com.br\/cbradar\/wp-content\/uploads\/2025\/05\/pressao-alta_1748011127370.jpg 1280w\" sizes=\"(max-width: 1024px) 100vw, 1024px\" \/><figcaption class=\"wp-element-caption\">Press\u00e3o Alta &#8211; Cr\u00e9ditos: depositphotos.com \/ VitalikRadko\n\n<\/figcaption><\/figure>\n\n\n\n<h2 class=\"wp-block-heading\">Por que a press\u00e3o arterial tende a cair quando a cafe\u00edna \u00e9 suspensa?<\/h2>\n\n\n\n<p>Ao interromper o consumo de cafe\u00edna, o bloqueio dos receptores de adenosina cessa, permitindo que os vasos sangu\u00edneos voltem a dilatar com mais facilidade. Como consequ\u00eancia, a resist\u00eancia vascular diminui, e muitos indiv\u00edduos observam queda da press\u00e3o arterial sist\u00f3lica entre 2 e 8 mmHg, dependendo do padr\u00e3o de consumo e da sensibilidade pessoal.<\/p>\n\n\n\n<p>Al\u00e9m disso, a frequ\u00eancia card\u00edaca em repouso costuma se reduzir, pois h\u00e1 menor est\u00edmulo das gl\u00e2ndulas suprarrenais e menor libera\u00e7\u00e3o de adrenalina e noradrenalina. Em conjunto, esses efeitos podem contribuir para melhor controle da press\u00e3o em m\u00e9dio <a href=\"https:\/\/www.correiobraziliense.com.br\/cbradar\/estudos-analisam-relacao-entre-mes-de-nascimento-e-maturidade-infantil\/\" target=\"_blank\" rel=\"noreferrer noopener\">prazo<\/a>.<\/p>\n\n\n\n<h2 class=\"wp-block-heading\">Quais s\u00e3o os principais efeitos colaterais da abstin\u00eancia de cafe\u00edna?<\/h2>\n\n\n\n<p>Parar de consumir cafe\u00edna de forma abrupta pode provocar sintomas de abstin\u00eancia devido \u00e0 adapta\u00e7\u00e3o do sistema nervoso central. A dor de cabe\u00e7a \u00e9 frequentemente relacionada \u00e0 vasodilata\u00e7\u00e3o cerebral, enquanto fadiga e sonol\u00eancia decorrem da aus\u00eancia do est\u00edmulo habitual causado pela subst\u00e2ncia.<\/p>\n\n\n\n<p>Esses sintomas costumam ser tempor\u00e1rios, variam em intensidade e, na maior parte das pessoas, desaparecem entre 2 e 9 dias. Para tornar esse processo mais confort\u00e1vel, \u00e9 \u00fatil planejar a redu\u00e7\u00e3o de forma gradual, com substitui\u00e7\u00f5es adequadas no dia a dia.<\/p>\n\n\n\n<style>\n  .make-wrap{\n    max-width: 760px;\n    margin: 26px auto;\n    padding: 18px;\n    border-radius: 18px;\n    background: linear-gradient(135deg,#fff7fb 0%,#f6f2ff 100%);\n    border: 1px solid #f7d4ea;\n    box-shadow: 0 8px 20px rgba(236,72,153,.12);\n    font-family: system-ui, -apple-system, Segoe UI, Roboto, Helvetica, Arial, sans-serif;\n  }\n\n  .make-title{\n    display:flex; \n    align-items:center; \n    gap:10px;\n    margin:0 0 12px 4px;\n    font-size:1.2rem; \n    font-weight:900; \n    color:#9d174d;\n  }\n\n  .make-table{\n    width:100%;\n    border-collapse:separate;\n    border-spacing:0;\n    overflow:hidden;\n    border-radius:16px;\n    border:1px solid #f7d4ea;\n    background:#fff;\n    font-size:.92rem;\n  }\n\n  .make-table thead th{\n    background:linear-gradient(90deg,#fde7f3 0%,#f8e9ff 100%);\n    padding:12px;\n    color:#7a1e63;\n    font-weight:800;\n    text-align:left;\n    border-bottom:1px solid #f7d4ea;\n  }\n\n  .make-table tbody td{\n    padding:12px;\n    color:#374151;\n    vertical-align:top;\n    border-bottom:1px dashed #f7d4ea;\n  }\n\n  .make-table tbody tr:nth-child(odd){\n    background:#fffaff;\n  }\n\n  .price{\n    display:inline-flex;\n    align-items:center;\n    background:#fff7ed;\n    color:#b45309;\n    padding:6px 10px;\n    border-radius:10px;\n    border:1px solid #fed7aa;\n    font-weight:700;\n    white-space:nowrap;\n  }\n\n  .badge{\n    display:inline-block;\n    background:#fde7f3;\n    color:#c026d3;\n    border:1px solid #fecdd3;\n    padding:4px 10px;\n    border-radius:999px;\n    font-weight:700;\n    font-size:.78rem;\n  }\n\n  @media (max-width:720px){\n    .make-table thead{display:none}\n    .make-table, .make-table tbody, .make-table tr, .make-table td{\n      display:block; \n      width:100%;\n    }\n    .make-table tr{\n      margin-bottom:12px;\n      border:1px solid #f7d4ea;\n      border-radius:14px;\n      overflow:hidden;\n      background:#fff;\n    }\n    .make-table td[data-label]:before{\n      content:attr(data-label);\n      display:block;\n      font-weight:800;\n      color:#7a1e63;\n      margin-bottom:4px;\n    }\n    .make-table tbody td:last-child{border-bottom:none}\n  }\n<\/style>\n\n<div class=\"make-wrap\">\n  <h3 class=\"make-title\">\ud83e\udde0\u2728 Conex\u00e3o Intestino\u2013C\u00e9rebro e Relaxamento<\/h3>\n\n  <table class=\"make-table\">\n    <thead>\n      <tr>\n        <th>Mecanismo<\/th>\n        <th>Como influencia o bem-estar<\/th>\n      <\/tr>\n    <\/thead>\n    <tbody>\n      <tr>\n        <td data-label=\"Mecanismo\"><span class=\"badge\">Produ\u00e7\u00e3o de GABA<\/span><\/td>\n        <td data-label=\"Como influencia o bem-estar\">Auxilia na produ\u00e7\u00e3o de GABA, neurotransmissor associado \u00e0 sensa\u00e7\u00e3o de calma e relaxamento.<\/td>\n      <\/tr>\n      <tr>\n        <td data-label=\"Mecanismo\"><span class=\"badge\">Nervo vago<\/span><\/td>\n        <td data-label=\"Como influencia o bem-estar\">Atua por meio do nervo vago, que conecta o intestino ao sistema nervoso central.<\/td>\n      <\/tr>\n      <tr>\n        <td data-label=\"Mecanismo\"><span class=\"badge\">Ansiedade leve<\/span><\/td>\n        <td data-label=\"Como influencia o bem-estar\">Alguns estudos cl\u00ednicos sugerem contribui\u00e7\u00e3o na redu\u00e7\u00e3o de sintomas de ansiedade leve.<\/td>\n      <\/tr>\n    <\/tbody>\n  <\/table>\n\n  <p style=\"margin-top:14px; color:#6b7280; font-size:.9rem;\">\n    \ud83d\udca1 <strong>Dica:<\/strong> A sa\u00fade intestinal pode influenciar diretamente o equil\u00edbrio emocional e o bem-estar mental.\n  <\/p>\n<\/div>\n\n\n\n<h2 class=\"wp-block-heading\">Qual \u00e9 a quantidade de cafe\u00edna considerada mais segura para quem tem hipertens\u00e3o?<\/h2>\n\n\n\n<p>A FDA considera at\u00e9 400 mg de cafe\u00edna di\u00e1rios como limite seguro para adultos saud\u00e1veis, o que equivale, em m\u00e9dia, a 3 a 5 x\u00edcaras de caf\u00e9 coado. Contudo, para pessoas com hipertens\u00e3o ou risco cardiovascular aumentado, recomenda-se restringir o consumo di\u00e1rio a cerca de 200 mg, sempre observando a resposta individual.<\/p>\n\n\n\n<p>Se a press\u00e3o arterial aumentar mais de 5 a 10 mmHg ap\u00f3s ingerir cafe\u00edna, isso pode indicar maior sensibilidade, exigindo redu\u00e7\u00e3o adicional do consumo. Ajustar a ingest\u00e3o de cafe\u00edna \u00e9 uma estrat\u00e9gia complementar ao tratamento medicamentoso, a uma dieta balanceada com pouco sal e \u00e0 pr\u00e1tica regular de atividade f\u00edsica.<\/p>\n\n\n<a href=\"https:\/\/www.instagram.com\/dra.annaluisabf\/\" target=\"_blank\" rel=\"noopener\" style=\"text-decoration: none; color: inherit;\">\n    <span style=\"display: inline-block; border: 1px solid #ccc; border-radius: 10px; padding: 15px; max-width: 550px; font-family: sans-serif; box-shadow: 0 2px 5px rgba(0,0,0,0.1); width: 100%;\">\n\n      <!-- T\u00edtulo -->\n      <span style=\"display: block; margin: 0 0 15px 0; font-weight: bold; color: #2c3e50; text-align: center;\">\n        Entre em contato:\n      <\/span>\n\n      <!-- Linha do perfil -->\n      <span style=\"display: flex; align-items: center; gap: 15px;\">\n        <img decoding=\"async\"\n          src=\"https:\/\/www.correiobraziliense.com.br\/cbradar\/wp-content\/uploads\/2025\/08\/dra_anna_luisa.jpeg\"\n          alt=\"Foto da Dra. Anna Lu\u00edsa\"\n          style=\"border-radius: 50%; width: 80px; height: 80px; object-fit: cover;\"\n        \/>\n        <span style=\"display: flex; flex-direction: column;\">\n          <span style=\"font-size: 18px; font-weight: 700; color: #2c3e50;\">Dra. Anna Lu\u00edsa Barbosa Fernandes<\/span>\n          <span style=\"color: #555;\">CRM-GO 33.271<\/span>\n        <\/span>\n      <\/span>\n\n      <!-- Redes -->\n      <span style=\"display: flex; align-items: center; gap: 10px; margin-top: 12px;\">\n        <img decoding=\"async\" src=\"https:\/\/cdn-icons-png.flaticon.com\/24\/1384\/1384063.png\" alt=\"Instagram\" width=\"24\" height=\"24\" \/>\n        <span style=\"text-decoration: underline; color: #2c3e50;\">@dra.annaluisabf<\/span>\n      <\/span>\n\n    <\/span>\n  <\/a>","protected":false},"excerpt":{"rendered":"<p>A cafe\u00edna, presente em bebidas como caf\u00e9, ch\u00e1, energ\u00e9ticos e alguns refrigerantes, \u00e9 um estimulante que afeta diretamente o sistema cardiovascular. Seu consumo pode elevar a press\u00e3o arterial, e a redu\u00e7\u00e3o ou interrup\u00e7\u00e3o desse consumo pode resultar em quedas mensur\u00e1veis na press\u00e3o sangu\u00ednea, sobretudo em pessoas hipertensas ou mais sens\u00edveis \u00e0 subst\u00e2ncia. Como a cafe\u00edna [&hellip;]<\/p>\n","protected":false},"author":14,"featured_media":80643,"comment_status":"open","ping_status":"open","sticky":false,"template":"","format":"standard","meta":{"_yoast_wpseo_focuskw":"Cafe\u00edna","_yoast_wpseo_title":"","_yoast_wpseo_metadesc":"Cafe\u00edna pode elevar a press\u00e3o arterial por horas. Descubra por que reduzir o consumo pode fazer mais diferen\u00e7a do que parece.","jnews-multi-image_gallery":[],"jnews_single_post":{"format":"standard"},"jnews_primary_category":[],"jnews_social_meta":[],"jnews_override_counter":[],"footnotes":""},"categories":[4404],"post_tag":[120,247,1318],"class_list":["post-205660","post","type-post","status-publish","format-standard","has-post-thumbnail","hentry","category-saude","tag-bem-estar","tag-qualidade-de-vida","tag-saude-2"],"yoast_head":"<!-- This site is optimized with the Yoast SEO plugin v24.6 - https:\/\/yoast.com\/wordpress\/plugins\/seo\/ -->\n<title>Cafe\u00edna pode elevar a press\u00e3o arterial e o efeito assusta muita gente - Correio Braziliense - Radar<\/title>\n<meta name=\"description\" content=\"Cafe\u00edna pode elevar a press\u00e3o arterial por horas. Descubra por que reduzir o consumo pode fazer mais diferen\u00e7a do que parece.\" \/>\n<meta name=\"robots\" content=\"index, follow, max-snippet:-1, max-image-preview:large, max-video-preview:-1\" \/>\n<link rel=\"canonical\" href=\"https:\/\/www.correiobraziliense.com.br\/cbradar\/cafeina-pode-elevar-a-pressao-arterial-e-o-efeito-assusta-muita-gente\/\" \/>\n<meta property=\"og:locale\" content=\"pt_BR\" \/>\n<meta property=\"og:type\" content=\"article\" \/>\n<meta property=\"og:title\" content=\"Cafe\u00edna pode elevar a press\u00e3o arterial e o efeito assusta muita gente - Correio Braziliense - Radar\" \/>\n<meta property=\"og:description\" content=\"Cafe\u00edna pode elevar a press\u00e3o arterial por horas. Descubra por que reduzir o consumo pode fazer mais diferen\u00e7a do que parece.\" \/>\n<meta property=\"og:url\" content=\"https:\/\/www.correiobraziliense.com.br\/cbradar\/cafeina-pode-elevar-a-pressao-arterial-e-o-efeito-assusta-muita-gente\/\" \/>\n<meta property=\"og:site_name\" content=\"Correio Braziliense - Radar\" \/>\n<meta property=\"article:published_time\" content=\"2026-03-10T18:55:00+00:00\" \/>\n<meta property=\"og:image\" content=\"https:\/\/www.correiobraziliense.com.br\/cbradar\/wp-content\/uploads\/2025\/08\/Cafeina-_1754315290494.jpg\" \/>\n\t<meta property=\"og:image:width\" content=\"1280\" \/>\n\t<meta property=\"og:image:height\" content=\"720\" \/>\n\t<meta property=\"og:image:type\" content=\"image\/jpeg\" \/>\n<meta name=\"author\" content=\"guilherme_saude\" \/>\n<meta name=\"twitter:card\" content=\"summary_large_image\" \/>\n<meta name=\"twitter:label1\" content=\"Escrito por\" \/>\n\t<meta name=\"twitter:data1\" content=\"guilherme_saude\" \/>\n\t<meta name=\"twitter:label2\" content=\"Est. tempo de leitura\" \/>\n\t<meta name=\"twitter:data2\" content=\"5 minutos\" \/>\n<!-- \/ Yoast SEO plugin. -->","yoast_head_json":{"title":"Cafe\u00edna pode elevar a press\u00e3o arterial e o efeito assusta muita gente - Correio Braziliense - Radar","description":"Cafe\u00edna pode elevar a press\u00e3o arterial por horas. Descubra por que reduzir o consumo pode fazer mais diferen\u00e7a do que parece.","robots":{"index":"index","follow":"follow","max-snippet":"max-snippet:-1","max-image-preview":"max-image-preview:large","max-video-preview":"max-video-preview:-1"},"canonical":"https:\/\/www.correiobraziliense.com.br\/cbradar\/cafeina-pode-elevar-a-pressao-arterial-e-o-efeito-assusta-muita-gente\/","og_locale":"pt_BR","og_type":"article","og_title":"Cafe\u00edna pode elevar a press\u00e3o arterial e o efeito assusta muita gente - Correio Braziliense - Radar","og_description":"Cafe\u00edna pode elevar a press\u00e3o arterial por horas. Descubra por que reduzir o consumo pode fazer mais diferen\u00e7a do que parece.","og_url":"https:\/\/www.correiobraziliense.com.br\/cbradar\/cafeina-pode-elevar-a-pressao-arterial-e-o-efeito-assusta-muita-gente\/","og_site_name":"Correio Braziliense - Radar","article_published_time":"2026-03-10T18:55:00+00:00","og_image":[{"width":1280,"height":720,"url":"https:\/\/www.correiobraziliense.com.br\/cbradar\/wp-content\/uploads\/2025\/08\/Cafeina-_1754315290494.jpg","type":"image\/jpeg"}],"author":"guilherme_saude","twitter_card":"summary_large_image","twitter_misc":{"Escrito por":"guilherme_saude","Est. tempo de leitura":"5 minutos"},"schema":{"@context":"https:\/\/schema.org","@graph":[{"@type":"WebPage","@id":"https:\/\/www.correiobraziliense.com.br\/cbradar\/cafeina-pode-elevar-a-pressao-arterial-e-o-efeito-assusta-muita-gente\/","url":"https:\/\/www.correiobraziliense.com.br\/cbradar\/cafeina-pode-elevar-a-pressao-arterial-e-o-efeito-assusta-muita-gente\/","name":"Cafe\u00edna pode elevar a press\u00e3o arterial e o efeito assusta muita gente - Correio Braziliense - Radar","isPartOf":{"@id":"https:\/\/www.correiobraziliense.com.br\/cbradar\/#website"},"primaryImageOfPage":{"@id":"https:\/\/www.correiobraziliense.com.br\/cbradar\/cafeina-pode-elevar-a-pressao-arterial-e-o-efeito-assusta-muita-gente\/#primaryimage"},"image":{"@id":"https:\/\/www.correiobraziliense.com.br\/cbradar\/cafeina-pode-elevar-a-pressao-arterial-e-o-efeito-assusta-muita-gente\/#primaryimage"},"thumbnailUrl":"https:\/\/www.correiobraziliense.com.br\/cbradar\/wp-content\/uploads\/2025\/08\/Cafeina-_1754315290494.jpg","datePublished":"2026-03-10T18:55:00+00:00","author":{"@id":"https:\/\/www.correiobraziliense.com.br\/cbradar\/#\/schema\/person\/5aa4bf3c8fa699c267933611de12978b"},"description":"Cafe\u00edna pode elevar a press\u00e3o arterial por horas. Descubra por que reduzir o consumo pode fazer mais diferen\u00e7a do que parece.","breadcrumb":{"@id":"https:\/\/www.correiobraziliense.com.br\/cbradar\/cafeina-pode-elevar-a-pressao-arterial-e-o-efeito-assusta-muita-gente\/#breadcrumb"},"inLanguage":"pt-BR","potentialAction":[{"@type":"ReadAction","target":["https:\/\/www.correiobraziliense.com.br\/cbradar\/cafeina-pode-elevar-a-pressao-arterial-e-o-efeito-assusta-muita-gente\/"]}]},{"@type":"ImageObject","inLanguage":"pt-BR","@id":"https:\/\/www.correiobraziliense.com.br\/cbradar\/cafeina-pode-elevar-a-pressao-arterial-e-o-efeito-assusta-muita-gente\/#primaryimage","url":"https:\/\/www.correiobraziliense.com.br\/cbradar\/wp-content\/uploads\/2025\/08\/Cafeina-_1754315290494.jpg","contentUrl":"https:\/\/www.correiobraziliense.com.br\/cbradar\/wp-content\/uploads\/2025\/08\/Cafeina-_1754315290494.jpg","width":1280,"height":720,"caption":"Cafe\u00edna - Cr\u00e9ditos: depositphotos.com \/ mizar_219842"},{"@type":"BreadcrumbList","@id":"https:\/\/www.correiobraziliense.com.br\/cbradar\/cafeina-pode-elevar-a-pressao-arterial-e-o-efeito-assusta-muita-gente\/#breadcrumb","itemListElement":[{"@type":"ListItem","position":1,"name":"In\u00edcio","item":"https:\/\/www.correiobraziliense.com.br\/cbradar\/"},{"@type":"ListItem","position":2,"name":"Cafe\u00edna pode elevar a press\u00e3o arterial e o efeito assusta muita gente"}]},{"@type":"WebSite","@id":"https:\/\/www.correiobraziliense.com.br\/cbradar\/#website","url":"https:\/\/www.correiobraziliense.com.br\/cbradar\/","name":"Correio Braziliense - Radar","description":"Acompanhe as \u00faltimas not\u00edcias e fique bem informado sobre tudo o que acontece no Brasil e no mundo.","potentialAction":[{"@type":"SearchAction","target":{"@type":"EntryPoint","urlTemplate":"https:\/\/www.correiobraziliense.com.br\/cbradar\/?s={search_term_string}"},"query-input":{"@type":"PropertyValueSpecification","valueRequired":true,"valueName":"search_term_string"}}],"inLanguage":"pt-BR"},{"@type":"Person","@id":"https:\/\/www.correiobraziliense.com.br\/cbradar\/#\/schema\/person\/5aa4bf3c8fa699c267933611de12978b","name":"guilherme_saude","image":{"@type":"ImageObject","inLanguage":"pt-BR","@id":"https:\/\/www.correiobraziliense.com.br\/cbradar\/#\/schema\/person\/image\/","url":"https:\/\/secure.gravatar.com\/avatar\/df9adfb835d344bc0af109d41756253f?s=96&d=mm&r=g","contentUrl":"https:\/\/secure.gravatar.com\/avatar\/df9adfb835d344bc0af109d41756253f?s=96&d=mm&r=g","caption":"guilherme_saude"},"url":"https:\/\/www.correiobraziliense.com.br\/cbradar\/author\/guilherme_saude\/"}]}},"_links":{"self":[{"href":"https:\/\/www.correiobraziliense.com.br\/cbradar\/wp-json\/wp\/v2\/posts\/205660","targetHints":{"allow":["GET"]}}],"collection":[{"href":"https:\/\/www.correiobraziliense.com.br\/cbradar\/wp-json\/wp\/v2\/posts"}],"about":[{"href":"https:\/\/www.correiobraziliense.com.br\/cbradar\/wp-json\/wp\/v2\/types\/post"}],"author":[{"embeddable":true,"href":"https:\/\/www.correiobraziliense.com.br\/cbradar\/wp-json\/wp\/v2\/users\/14"}],"replies":[{"embeddable":true,"href":"https:\/\/www.correiobraziliense.com.br\/cbradar\/wp-json\/wp\/v2\/comments?post=205660"}],"version-history":[{"count":1,"href":"https:\/\/www.correiobraziliense.com.br\/cbradar\/wp-json\/wp\/v2\/posts\/205660\/revisions"}],"predecessor-version":[{"id":205661,"href":"https:\/\/www.correiobraziliense.com.br\/cbradar\/wp-json\/wp\/v2\/posts\/205660\/revisions\/205661"}],"wp:featuredmedia":[{"embeddable":true,"href":"https:\/\/www.correiobraziliense.com.br\/cbradar\/wp-json\/wp\/v2\/media\/80643"}],"wp:attachment":[{"href":"https:\/\/www.correiobraziliense.com.br\/cbradar\/wp-json\/wp\/v2\/media?parent=205660"}],"wp:term":[{"taxonomy":"category","embeddable":true,"href":"https:\/\/www.correiobraziliense.com.br\/cbradar\/wp-json\/wp\/v2\/categories?post=205660"},{"taxonomy":"post_tag","embeddable":true,"href":"https:\/\/www.correiobraziliense.com.br\/cbradar\/wp-json\/wp\/v2\/post_tag?post=205660"}],"curies":[{"name":"wp","href":"https:\/\/api.w.org\/{rel}","templated":true}]}}