{"id":205671,"date":"2026-03-10T20:25:00","date_gmt":"2026-03-10T23:25:00","guid":{"rendered":"https:\/\/www.correiobraziliense.com.br\/cbradar\/?p=205671"},"modified":"2026-03-09T14:05:49","modified_gmt":"2026-03-09T17:05:49","slug":"vitamina-d-pode-fazer-diferenca-no-humor-na-forca-muscular-e-na-saude-ossea","status":"publish","type":"post","link":"https:\/\/www.correiobraziliense.com.br\/cbradar\/vitamina-d-pode-fazer-diferenca-no-humor-na-forca-muscular-e-na-saude-ossea\/","title":{"rendered":"Vitamina D pode fazer diferen\u00e7a no humor, na for\u00e7a muscular e na sa\u00fade \u00f3ssea"},"content":{"rendered":"\n<p>A Vitamina D \u00e9 um nutriente vital com diversas fun\u00e7\u00f5es no organismo humano. Conhecida principalmente por seu papel na sa\u00fade \u00f3ssea, essa vitamina \u00e9 essencial para a absor\u00e7\u00e3o do c\u00e1lcio, colaborando para a manuten\u00e7\u00e3o da estrutura dos ossos e dentes. Suas funcionalidades, por\u00e9m, v\u00e3o al\u00e9m disso, influenciando tamb\u00e9m o humor, a sa\u00fade muscular, o sistema cardiovascular e o bem-estar geral. Apesar da import\u00e2ncia, muitas pessoas ainda sofrem com a defici\u00eancia de vitamina D, o que pode acarretar diferentes problemas de sa\u00fade.<\/p>\n\n\n\n<h2 class=\"wp-block-heading\">Como a vitamina D \u00e9 produzida e mantida no organismo?<\/h2>\n\n\n\n<p>Grande parte da vitamina D necess\u00e1ria \u00e9 produzida atrav\u00e9s da exposi\u00e7\u00e3o da pele ao sol. Esse processo natural \u00e9 prejudicado por rotinas cada vez mais internas, vida urbana e uso cont\u00ednuo de protetores solares, o que reduz a s\u00edntese cut\u00e2nea do nutriente.<\/p>\n\n\n\n<p>Manter n\u00edveis adequados de vitamina D normalmente exige uma combina\u00e7\u00e3o de exposi\u00e7\u00e3o solar controlada, alimenta\u00e7\u00e3o rica em fontes naturais e, em alguns casos, suplementa\u00e7\u00e3o orientada por um profissional de <a href=\"https:\/\/www.correiobraziliense.com.br\/cbradar\/estudos-analisam-relacao-entre-mes-de-nascimento-e-maturidade-infantil\/\" target=\"_blank\" rel=\"noreferrer noopener\">sa\u00fade<\/a>, especialmente em grupos de risco como idosos e pessoas com pele mais escura.<\/p>\n\n\n\n<p>Para compreender melhor qual \u00e9 a verdadeira fun\u00e7\u00e3o da <strong>vitamina D<\/strong> no organismo, assista ao v\u00eddeo a seguir, no qual o especialista explica o assunto de forma clara e did\u00e1tica no canal <strong>Cl\u00ednica Higashi<\/strong>.<\/p>\n\n\n\n<iframe loading=\"lazy\" width=\"1396\" height=\"785\" src=\"https:\/\/www.youtube.com\/embed\/quuav6eT48c\" title=\"Qual a verdadeira fun\u00e7\u00e3o da vitamina D no nosso organismo?\" frameborder=\"0\" allow=\"accelerometer; autoplay; clipboard-write; encrypted-media; gyroscope; picture-in-picture; web-share\" referrerpolicy=\"strict-origin-when-cross-origin\" allowfullscreen><\/iframe>\n\n\n\n<h2 class=\"wp-block-heading\">Como a vitamina D afeta o humor e o bem-estar emocional?<\/h2>\n\n\n\n<p>A rela\u00e7\u00e3o entre a vitamina D e o bem-estar emocional est\u00e1 no centro de diversas <a href=\"https:\/\/www.frontiersin.org\/journals\/psychiatry\/articles\/10.3389\/fpsyt.2025.1622796\/full\" target=\"_blank\" rel=\"noreferrer noopener\">pesquisas<\/a>. Esse nutriente participa da produ\u00e7\u00e3o de serotonina e dopamina, neurotransmissores que favorecem sensa\u00e7\u00f5es de prazer, motiva\u00e7\u00e3o e equil\u00edbrio emocional ao longo do dia.<\/p>\n\n\n\n<p>A falta de vitamina D pode contribuir para irritabilidade, tristeza e maior vulnerabilidade a quadros depressivos. Esse efeito \u00e9 mais not\u00e1vel em per\u00edodos com menor incid\u00eancia de luz solar, como o inverno, quando muitas pessoas relatam aumento do des\u00e2nimo e queda de energia.<\/p>\n\n\n\n<figure class=\"wp-block-image size-large\"><img decoding=\"async\" width=\"1024\" height=\"576\" src=\"https:\/\/www.correiobraziliense.com.br\/cbradar\/wp-content\/uploads\/2025\/07\/vitamina-d_1753893763359-1024x576.jpg\" alt=\"\" class=\"wp-image-78065\" srcset=\"https:\/\/www.correiobraziliense.com.br\/cbradar\/wp-content\/uploads\/2025\/07\/vitamina-d_1753893763359-1024x576.jpg 1024w, https:\/\/www.correiobraziliense.com.br\/cbradar\/wp-content\/uploads\/2025\/07\/vitamina-d_1753893763359-300x169.jpg 300w, https:\/\/www.correiobraziliense.com.br\/cbradar\/wp-content\/uploads\/2025\/07\/vitamina-d_1753893763359-768x432.jpg 768w, https:\/\/www.correiobraziliense.com.br\/cbradar\/wp-content\/uploads\/2025\/07\/vitamina-d_1753893763359-750x422.jpg 750w, https:\/\/www.correiobraziliense.com.br\/cbradar\/wp-content\/uploads\/2025\/07\/vitamina-d_1753893763359-1140x641.jpg 1140w, https:\/\/www.correiobraziliense.com.br\/cbradar\/wp-content\/uploads\/2025\/07\/vitamina-d_1753893763359.jpg 1280w\" sizes=\"(max-width: 1024px) 100vw, 1024px\" \/><figcaption class=\"wp-element-caption\">Vitamina D &#8211; Cr\u00e9ditos: depositphotos.com \/ VadimVasenin<\/figcaption><\/figure>\n\n\n\n<h2 class=\"wp-block-heading\">Qual \u00e9 o papel da vitamina D na sa\u00fade dos ossos e m\u00fasculos?<\/h2>\n\n\n\n<p>A vitamina D \u00e9 crucial para a absor\u00e7\u00e3o eficiente do c\u00e1lcio, mineral necess\u00e1rio para manter ossos e dentes fortes. Sem quantidades adequadas desse nutriente, o corpo n\u00e3o utiliza bem o c\u00e1lcio da alimenta\u00e7\u00e3o, elevando o risco de osteoporose, fraturas e deforma\u00e7\u00f5es \u00f3sseas ao longo da vida.<\/p>\n\n\n\n<p>Al\u00e9m de fortalecer a estrutura \u00f3ssea, a vitamina D tamb\u00e9m influencia a fun\u00e7\u00e3o muscular, auxiliando na for\u00e7a, no equil\u00edbrio e na preven\u00e7\u00e3o de quedas e les\u00f5es, especialmente em idosos e pessoas com mobilidade reduzida.<\/p>\n\n\n\n<h2 class=\"wp-block-heading\">Como a vitamina D influencia a sa\u00fade cardiovascular?<\/h2>\n\n\n\n<p>Pesquisas recentes sugerem que a vitamina D possui um papel relevante na promo\u00e7\u00e3o da sa\u00fade do cora\u00e7\u00e3o. Ela auxilia na regula\u00e7\u00e3o da press\u00e3o arterial, na redu\u00e7\u00e3o de processos inflamat\u00f3rios e na melhora da fun\u00e7\u00e3o dos vasos sangu\u00edneos.<\/p>\n\n\n\n<p>Baixos n\u00edveis de vitamina D t\u00eam sido associados a maior risco de hipertens\u00e3o e outras doen\u00e7as cardiovasculares. Manter a vitamina em n\u00edveis adequados pode contribuir para a prote\u00e7\u00e3o card\u00edaca, especialmente quando associada a h\u00e1bitos saud\u00e1veis, como alimenta\u00e7\u00e3o equilibrada e pr\u00e1tica regular de exerc\u00edcios.<\/p>\n\n\n\n<h2 class=\"wp-block-heading\">Quais s\u00e3o as principais fontes de vitamina D e seus sinais de defici\u00eancia?<\/h2>\n\n\n\n<p>A exposi\u00e7\u00e3o solar \u00e9 a fonte mais eficiente de vitamina D, sendo recomendado um tempo ao sol de 10 a 15 minutos, em hor\u00e1rios adequados, para ativar sua produ\u00e7\u00e3o. Al\u00e9m disso, alguns alimentos podem auxiliar na manuten\u00e7\u00e3o dos n\u00edveis, e em casos de baixa exposi\u00e7\u00e3o solar, a suplementa\u00e7\u00e3o pode ser necess\u00e1ria sob orienta\u00e7\u00e3o m\u00e9dica.<\/p>\n\n\n\n<p>Entre as principais formas de obter vitamina D e as situa\u00e7\u00f5es que exigem maior aten\u00e7\u00e3o, destacam-se:<\/p>\n\n\n\n<style>\n  .make-wrap{\n    max-width: 760px;\n    margin: 26px auto;\n    padding: 18px;\n    border-radius: 18px;\n    background: linear-gradient(135deg,#fff7fb 0%,#f6f2ff 100%);\n    border: 1px solid #f7d4ea;\n    box-shadow: 0 8px 20px rgba(236,72,153,.12);\n    font-family: system-ui, -apple-system, Segoe UI, Roboto, Helvetica, Arial, sans-serif;\n  }\n\n  .make-title{\n    display:flex; \n    align-items:center; \n    gap:10px;\n    margin:0 0 12px 4px;\n    font-size:1.2rem; \n    font-weight:900; \n    color:#9d174d;\n  }\n\n  .make-table{\n    width:100%;\n    border-collapse:separate;\n    border-spacing:0;\n    overflow:hidden;\n    border-radius:16px;\n    border:1px solid #f7d4ea;\n    background:#fff;\n    font-size:.92rem;\n  }\n\n  .make-table thead th{\n    background:linear-gradient(90deg,#fde7f3 0%,#f8e9ff 100%);\n    padding:12px;\n    color:#7a1e63;\n    font-weight:800;\n    text-align:left;\n    border-bottom:1px solid #f7d4ea;\n  }\n\n  .make-table tbody td{\n    padding:12px;\n    color:#374151;\n    vertical-align:top;\n    border-bottom:1px dashed #f7d4ea;\n  }\n\n  .make-table tbody tr:nth-child(odd){\n    background:#fffaff;\n  }\n\n  .price{\n    display:inline-flex;\n    align-items:center;\n    background:#fff7ed;\n    color:#b45309;\n    padding:6px 10px;\n    border-radius:10px;\n    border:1px solid #fed7aa;\n    font-weight:700;\n    white-space:nowrap;\n  }\n\n  .badge{\n    display:inline-block;\n    background:#fde7f3;\n    color:#c026d3;\n    border:1px solid #fecdd3;\n    padding:4px 10px;\n    border-radius:999px;\n    font-weight:700;\n    font-size:.78rem;\n  }\n\n  @media (max-width:720px){\n    .make-table thead{display:none}\n    .make-table, .make-table tbody, .make-table tr, .make-table td{\n      display:block; \n      width:100%;\n    }\n    .make-table tr{\n      margin-bottom:12px;\n      border:1px solid #f7d4ea;\n      border-radius:14px;\n      overflow:hidden;\n      background:#fff;\n    }\n    .make-table td[data-label]:before{\n      content:attr(data-label);\n      display:block;\n      font-weight:800;\n      color:#7a1e63;\n      margin-bottom:4px;\n    }\n    .make-table tbody td:last-child{border-bottom:none}\n  }\n<\/style>\n\n<div class=\"make-wrap\">\n  <h3 class=\"make-title\">\u2600\ufe0f\u2728 Estrat\u00e9gias para Manter Bons N\u00edveis de Vitamina D<\/h3>\n\n  <table class=\"make-table\">\n    <thead>\n      <tr>\n        <th>Estrat\u00e9gia<\/th>\n        <th>Como aplicar<\/th>\n      <\/tr>\n    <\/thead>\n    <tbody>\n      <tr>\n        <td data-label=\"Estrat\u00e9gia\"><span class=\"badge\">Exposi\u00e7\u00e3o ao sol<\/span><\/td>\n        <td data-label=\"Como aplicar\">Exposi\u00e7\u00e3o solar moderada, com bra\u00e7os e pernas descobertos, preferencialmente fora dos hor\u00e1rios de pico.<\/td>\n      <\/tr>\n      <tr>\n        <td data-label=\"Estrat\u00e9gia\"><span class=\"badge\">Alimenta\u00e7\u00e3o<\/span><\/td>\n        <td data-label=\"Como aplicar\">Consumir peixes gordurosos (como salm\u00e3o e sardinha), gemas de ovo e alimentos fortificados, como leites, bebidas vegetais e cereais.<\/td>\n      <\/tr>\n      <tr>\n        <td data-label=\"Estrat\u00e9gia\"><span class=\"badge\">Suplementa\u00e7\u00e3o<\/span><\/td>\n        <td data-label=\"Como aplicar\">Realizar suplementa\u00e7\u00e3o apenas com prescri\u00e7\u00e3o m\u00e9dica em casos de defici\u00eancia comprovada por exames.<\/td>\n      <\/tr>\n      <tr>\n        <td data-label=\"Estrat\u00e9gia\"><span class=\"badge\">Monitoramento<\/span><\/td>\n        <td data-label=\"Como aplicar\">Acompanhar grupos de risco, como idosos, pessoas obesas, indiv\u00edduos com doen\u00e7as cr\u00f4nicas e quem passa pouco tempo ao ar livre.<\/td>\n      <\/tr>\n    <\/tbody>\n  <\/table>\n\n  <p style=\"margin-top:14px; color:#6b7280; font-size:.9rem;\">\n    \ud83d\udca1 <strong>Dica:<\/strong> A combina\u00e7\u00e3o de exposi\u00e7\u00e3o solar segura, alimenta\u00e7\u00e3o equilibrada e acompanhamento m\u00e9dico ajuda a manter n\u00edveis adequados de vitamina D.\n  <\/p>\n<\/div>\n\n\n\n<p>Sintomas como cansa\u00e7o frequente, dores musculoesquel\u00e9ticas, queda de desempenho f\u00edsico e altera\u00e7\u00f5es de humor podem indicar n\u00edveis baixos dessa vitamina. A confirma\u00e7\u00e3o \u00e9 feita por exame de sangue, e a corre\u00e7\u00e3o da defici\u00eancia, quando bem orientada, pode melhorar de forma significativa a qualidade de vida.<\/p>\n\n\n<a href=\"https:\/\/www.instagram.com\/dra.annaluisabf\/\" target=\"_blank\" rel=\"noopener\" style=\"text-decoration: none; color: inherit;\">\n    <span style=\"display: inline-block; border: 1px solid #ccc; border-radius: 10px; padding: 15px; max-width: 550px; font-family: sans-serif; box-shadow: 0 2px 5px rgba(0,0,0,0.1); width: 100%;\">\n\n      <!-- T\u00edtulo -->\n      <span style=\"display: block; margin: 0 0 15px 0; font-weight: bold; color: #2c3e50; text-align: center;\">\n        Entre em contato:\n      <\/span>\n\n      <!-- Linha do perfil -->\n      <span style=\"display: flex; align-items: center; gap: 15px;\">\n        <img decoding=\"async\"\n          src=\"https:\/\/www.correiobraziliense.com.br\/cbradar\/wp-content\/uploads\/2025\/08\/dra_anna_luisa.jpeg\"\n          alt=\"Foto da Dra. Anna Lu\u00edsa\"\n          style=\"border-radius: 50%; width: 80px; height: 80px; object-fit: cover;\"\n        \/>\n        <span style=\"display: flex; flex-direction: column;\">\n          <span style=\"font-size: 18px; font-weight: 700; color: #2c3e50;\">Dra. Anna Lu\u00edsa Barbosa Fernandes<\/span>\n          <span style=\"color: #555;\">CRM-GO 33.271<\/span>\n        <\/span>\n      <\/span>\n\n      <!-- Redes -->\n      <span style=\"display: flex; align-items: center; gap: 10px; margin-top: 12px;\">\n        <img decoding=\"async\" src=\"https:\/\/cdn-icons-png.flaticon.com\/24\/1384\/1384063.png\" alt=\"Instagram\" width=\"24\" height=\"24\" \/>\n        <span style=\"text-decoration: underline; color: #2c3e50;\">@dra.annaluisabf<\/span>\n      <\/span>\n\n    <\/span>\n  <\/a>","protected":false},"excerpt":{"rendered":"<p>A Vitamina D \u00e9 um nutriente vital com diversas fun\u00e7\u00f5es no organismo humano. Conhecida principalmente por seu papel na sa\u00fade \u00f3ssea, essa vitamina \u00e9 essencial para a absor\u00e7\u00e3o do c\u00e1lcio, colaborando para a manuten\u00e7\u00e3o da estrutura dos ossos e dentes. Suas funcionalidades, por\u00e9m, v\u00e3o al\u00e9m disso, influenciando tamb\u00e9m o humor, a sa\u00fade muscular, o sistema [&hellip;]<\/p>\n","protected":false},"author":14,"featured_media":78066,"comment_status":"open","ping_status":"open","sticky":false,"template":"","format":"standard","meta":{"_yoast_wpseo_focuskw":"Vitamina D","_yoast_wpseo_title":"","_yoast_wpseo_metadesc":"Vitamina D pode influenciar humor, ossos e cora\u00e7\u00e3o. Descubra os sinais de defici\u00eancia e por que esse nutriente \u00e9 t\u00e3o importante.","jnews-multi-image_gallery":[],"jnews_single_post":{"format":"standard"},"jnews_primary_category":[],"jnews_social_meta":[],"jnews_override_counter":[],"footnotes":""},"categories":[4404],"post_tag":[120,247,1318],"class_list":["post-205671","post","type-post","status-publish","format-standard","has-post-thumbnail","hentry","category-saude","tag-bem-estar","tag-qualidade-de-vida","tag-saude-2"],"yoast_head":"<!-- This site is optimized with the Yoast SEO plugin v24.6 - https:\/\/yoast.com\/wordpress\/plugins\/seo\/ -->\n<title>Vitamina D pode fazer diferen\u00e7a no humor, na for\u00e7a muscular e na sa\u00fade \u00f3ssea - Correio Braziliense - Radar<\/title>\n<meta name=\"description\" content=\"Vitamina D pode influenciar humor, ossos e cora\u00e7\u00e3o. Descubra os sinais de defici\u00eancia e por que esse nutriente \u00e9 t\u00e3o importante.\" \/>\n<meta name=\"robots\" content=\"index, follow, max-snippet:-1, max-image-preview:large, max-video-preview:-1\" \/>\n<link rel=\"canonical\" href=\"https:\/\/www.correiobraziliense.com.br\/cbradar\/vitamina-d-pode-fazer-diferenca-no-humor-na-forca-muscular-e-na-saude-ossea\/\" \/>\n<meta property=\"og:locale\" content=\"pt_BR\" \/>\n<meta property=\"og:type\" content=\"article\" \/>\n<meta property=\"og:title\" content=\"Vitamina D pode fazer diferen\u00e7a no humor, na for\u00e7a muscular e na sa\u00fade \u00f3ssea - Correio Braziliense - Radar\" \/>\n<meta property=\"og:description\" content=\"Vitamina D pode influenciar humor, ossos e cora\u00e7\u00e3o. Descubra os sinais de defici\u00eancia e por que esse nutriente \u00e9 t\u00e3o importante.\" \/>\n<meta property=\"og:url\" content=\"https:\/\/www.correiobraziliense.com.br\/cbradar\/vitamina-d-pode-fazer-diferenca-no-humor-na-forca-muscular-e-na-saude-ossea\/\" \/>\n<meta property=\"og:site_name\" content=\"Correio Braziliense - Radar\" \/>\n<meta property=\"article:published_time\" content=\"2026-03-10T23:25:00+00:00\" \/>\n<meta property=\"og:image\" content=\"https:\/\/www.correiobraziliense.com.br\/cbradar\/wp-content\/uploads\/2025\/07\/vitamina-d_1753893836889.jpg\" \/>\n\t<meta property=\"og:image:width\" content=\"1280\" \/>\n\t<meta property=\"og:image:height\" content=\"720\" \/>\n\t<meta property=\"og:image:type\" content=\"image\/jpeg\" \/>\n<meta name=\"author\" content=\"guilherme_saude\" \/>\n<meta name=\"twitter:card\" content=\"summary_large_image\" \/>\n<meta name=\"twitter:label1\" content=\"Escrito por\" \/>\n\t<meta name=\"twitter:data1\" content=\"guilherme_saude\" \/>\n\t<meta name=\"twitter:label2\" content=\"Est. tempo de leitura\" \/>\n\t<meta name=\"twitter:data2\" content=\"5 minutos\" \/>\n<!-- \/ Yoast SEO plugin. -->","yoast_head_json":{"title":"Vitamina D pode fazer diferen\u00e7a no humor, na for\u00e7a muscular e na sa\u00fade \u00f3ssea - Correio Braziliense - Radar","description":"Vitamina D pode influenciar humor, ossos e cora\u00e7\u00e3o. Descubra os sinais de defici\u00eancia e por que esse nutriente \u00e9 t\u00e3o importante.","robots":{"index":"index","follow":"follow","max-snippet":"max-snippet:-1","max-image-preview":"max-image-preview:large","max-video-preview":"max-video-preview:-1"},"canonical":"https:\/\/www.correiobraziliense.com.br\/cbradar\/vitamina-d-pode-fazer-diferenca-no-humor-na-forca-muscular-e-na-saude-ossea\/","og_locale":"pt_BR","og_type":"article","og_title":"Vitamina D pode fazer diferen\u00e7a no humor, na for\u00e7a muscular e na sa\u00fade \u00f3ssea - Correio Braziliense - Radar","og_description":"Vitamina D pode influenciar humor, ossos e cora\u00e7\u00e3o. Descubra os sinais de defici\u00eancia e por que esse nutriente \u00e9 t\u00e3o importante.","og_url":"https:\/\/www.correiobraziliense.com.br\/cbradar\/vitamina-d-pode-fazer-diferenca-no-humor-na-forca-muscular-e-na-saude-ossea\/","og_site_name":"Correio Braziliense - Radar","article_published_time":"2026-03-10T23:25:00+00:00","og_image":[{"width":1280,"height":720,"url":"https:\/\/www.correiobraziliense.com.br\/cbradar\/wp-content\/uploads\/2025\/07\/vitamina-d_1753893836889.jpg","type":"image\/jpeg"}],"author":"guilherme_saude","twitter_card":"summary_large_image","twitter_misc":{"Escrito por":"guilherme_saude","Est. tempo de leitura":"5 minutos"},"schema":{"@context":"https:\/\/schema.org","@graph":[{"@type":"WebPage","@id":"https:\/\/www.correiobraziliense.com.br\/cbradar\/vitamina-d-pode-fazer-diferenca-no-humor-na-forca-muscular-e-na-saude-ossea\/","url":"https:\/\/www.correiobraziliense.com.br\/cbradar\/vitamina-d-pode-fazer-diferenca-no-humor-na-forca-muscular-e-na-saude-ossea\/","name":"Vitamina D pode fazer diferen\u00e7a no humor, na for\u00e7a muscular e na sa\u00fade \u00f3ssea - Correio Braziliense - Radar","isPartOf":{"@id":"https:\/\/www.correiobraziliense.com.br\/cbradar\/#website"},"primaryImageOfPage":{"@id":"https:\/\/www.correiobraziliense.com.br\/cbradar\/vitamina-d-pode-fazer-diferenca-no-humor-na-forca-muscular-e-na-saude-ossea\/#primaryimage"},"image":{"@id":"https:\/\/www.correiobraziliense.com.br\/cbradar\/vitamina-d-pode-fazer-diferenca-no-humor-na-forca-muscular-e-na-saude-ossea\/#primaryimage"},"thumbnailUrl":"https:\/\/www.correiobraziliense.com.br\/cbradar\/wp-content\/uploads\/2025\/07\/vitamina-d_1753893836889.jpg","datePublished":"2026-03-10T23:25:00+00:00","author":{"@id":"https:\/\/www.correiobraziliense.com.br\/cbradar\/#\/schema\/person\/5aa4bf3c8fa699c267933611de12978b"},"description":"Vitamina D pode influenciar humor, ossos e cora\u00e7\u00e3o. Descubra os sinais de defici\u00eancia e por que esse nutriente \u00e9 t\u00e3o importante.","breadcrumb":{"@id":"https:\/\/www.correiobraziliense.com.br\/cbradar\/vitamina-d-pode-fazer-diferenca-no-humor-na-forca-muscular-e-na-saude-ossea\/#breadcrumb"},"inLanguage":"pt-BR","potentialAction":[{"@type":"ReadAction","target":["https:\/\/www.correiobraziliense.com.br\/cbradar\/vitamina-d-pode-fazer-diferenca-no-humor-na-forca-muscular-e-na-saude-ossea\/"]}]},{"@type":"ImageObject","inLanguage":"pt-BR","@id":"https:\/\/www.correiobraziliense.com.br\/cbradar\/vitamina-d-pode-fazer-diferenca-no-humor-na-forca-muscular-e-na-saude-ossea\/#primaryimage","url":"https:\/\/www.correiobraziliense.com.br\/cbradar\/wp-content\/uploads\/2025\/07\/vitamina-d_1753893836889.jpg","contentUrl":"https:\/\/www.correiobraziliense.com.br\/cbradar\/wp-content\/uploads\/2025\/07\/vitamina-d_1753893836889.jpg","width":1280,"height":720,"caption":"Como obter vitamina D mesmo com pouco sol - Cr\u00e9ditos: depositphotos.com \/ elena.hramova"},{"@type":"BreadcrumbList","@id":"https:\/\/www.correiobraziliense.com.br\/cbradar\/vitamina-d-pode-fazer-diferenca-no-humor-na-forca-muscular-e-na-saude-ossea\/#breadcrumb","itemListElement":[{"@type":"ListItem","position":1,"name":"In\u00edcio","item":"https:\/\/www.correiobraziliense.com.br\/cbradar\/"},{"@type":"ListItem","position":2,"name":"Vitamina D pode fazer diferen\u00e7a no humor, na for\u00e7a muscular e na sa\u00fade \u00f3ssea"}]},{"@type":"WebSite","@id":"https:\/\/www.correiobraziliense.com.br\/cbradar\/#website","url":"https:\/\/www.correiobraziliense.com.br\/cbradar\/","name":"Correio Braziliense - Radar","description":"Acompanhe as \u00faltimas not\u00edcias e fique bem informado sobre tudo o que acontece no Brasil e no mundo.","potentialAction":[{"@type":"SearchAction","target":{"@type":"EntryPoint","urlTemplate":"https:\/\/www.correiobraziliense.com.br\/cbradar\/?s={search_term_string}"},"query-input":{"@type":"PropertyValueSpecification","valueRequired":true,"valueName":"search_term_string"}}],"inLanguage":"pt-BR"},{"@type":"Person","@id":"https:\/\/www.correiobraziliense.com.br\/cbradar\/#\/schema\/person\/5aa4bf3c8fa699c267933611de12978b","name":"guilherme_saude","image":{"@type":"ImageObject","inLanguage":"pt-BR","@id":"https:\/\/www.correiobraziliense.com.br\/cbradar\/#\/schema\/person\/image\/","url":"https:\/\/secure.gravatar.com\/avatar\/df9adfb835d344bc0af109d41756253f?s=96&d=mm&r=g","contentUrl":"https:\/\/secure.gravatar.com\/avatar\/df9adfb835d344bc0af109d41756253f?s=96&d=mm&r=g","caption":"guilherme_saude"},"url":"https:\/\/www.correiobraziliense.com.br\/cbradar\/author\/guilherme_saude\/"}]}},"_links":{"self":[{"href":"https:\/\/www.correiobraziliense.com.br\/cbradar\/wp-json\/wp\/v2\/posts\/205671","targetHints":{"allow":["GET"]}}],"collection":[{"href":"https:\/\/www.correiobraziliense.com.br\/cbradar\/wp-json\/wp\/v2\/posts"}],"about":[{"href":"https:\/\/www.correiobraziliense.com.br\/cbradar\/wp-json\/wp\/v2\/types\/post"}],"author":[{"embeddable":true,"href":"https:\/\/www.correiobraziliense.com.br\/cbradar\/wp-json\/wp\/v2\/users\/14"}],"replies":[{"embeddable":true,"href":"https:\/\/www.correiobraziliense.com.br\/cbradar\/wp-json\/wp\/v2\/comments?post=205671"}],"version-history":[{"count":1,"href":"https:\/\/www.correiobraziliense.com.br\/cbradar\/wp-json\/wp\/v2\/posts\/205671\/revisions"}],"predecessor-version":[{"id":205672,"href":"https:\/\/www.correiobraziliense.com.br\/cbradar\/wp-json\/wp\/v2\/posts\/205671\/revisions\/205672"}],"wp:featuredmedia":[{"embeddable":true,"href":"https:\/\/www.correiobraziliense.com.br\/cbradar\/wp-json\/wp\/v2\/media\/78066"}],"wp:attachment":[{"href":"https:\/\/www.correiobraziliense.com.br\/cbradar\/wp-json\/wp\/v2\/media?parent=205671"}],"wp:term":[{"taxonomy":"category","embeddable":true,"href":"https:\/\/www.correiobraziliense.com.br\/cbradar\/wp-json\/wp\/v2\/categories?post=205671"},{"taxonomy":"post_tag","embeddable":true,"href":"https:\/\/www.correiobraziliense.com.br\/cbradar\/wp-json\/wp\/v2\/post_tag?post=205671"}],"curies":[{"name":"wp","href":"https:\/\/api.w.org\/{rel}","templated":true}]}}