{"id":205673,"date":"2026-03-10T21:35:00","date_gmt":"2026-03-11T00:35:00","guid":{"rendered":"https:\/\/www.correiobraziliense.com.br\/cbradar\/?p=205673"},"modified":"2026-03-09T14:11:10","modified_gmt":"2026-03-09T17:11:10","slug":"por-que-esquecer-palavras-de-repente-pode-ter-relacao-com-estresse-e-cansaco","status":"publish","type":"post","link":"https:\/\/www.correiobraziliense.com.br\/cbradar\/por-que-esquecer-palavras-de-repente-pode-ter-relacao-com-estresse-e-cansaco\/","title":{"rendered":"Por que esquecer palavras de repente pode ter rela\u00e7\u00e3o com estresse e cansa\u00e7o"},"content":{"rendered":"\n<p>\u00c9 comum estar no meio de uma conversa e, de repente, ver-se incapaz de recuperar uma palavra que est\u00e1 na ponta da l\u00edngua. Esse fen\u00f4meno, estudado na ci\u00eancia da linguagem, ocorre quando uma pessoa acessa o significado da palavra, mas n\u00e3o consegue trazer \u00e0 tona sua pron\u00fancia, sendo geralmente associado a fatores cotidianos como fadiga, estresse e desidrata\u00e7\u00e3o, e n\u00e3o a problemas graves de mem\u00f3ria.<\/p>\n\n\n\n<h2 class=\"wp-block-heading\">Quais s\u00e3o os principais fatores contribuintes?<\/h2>\n\n\n\n<p>Entre os fatores que podem contribuir para esse esquecimento moment\u00e2neo est\u00e3o a priva\u00e7\u00e3o de sono, o estresse, a ansiedade e a desidrata\u00e7\u00e3o. A falta de \u00e1gua prejudica a concentra\u00e7\u00e3o, reduz a flu\u00eancia verbal e pode intensificar a sensa\u00e7\u00e3o de palavra \u201cpresente, mas inacess\u00edvel\u201d.<\/p>\n\n\n\n<style>\n  .make-wrap{\n    max-width: 760px;\n    margin: 26px auto;\n    padding: 18px;\n    border-radius: 18px;\n    background: linear-gradient(135deg,#fff7fb 0%,#f6f2ff 100%);\n    border: 1px solid #f7d4ea;\n    box-shadow: 0 8px 20px rgba(236,72,153,.12);\n    font-family: system-ui, -apple-system, Segoe UI, Roboto, Helvetica, Arial, sans-serif;\n  }\n\n  .make-title{\n    display:flex; \n    align-items:center; \n    gap:10px;\n    margin:0 0 12px 4px;\n    font-size:1.2rem; \n    font-weight:900; \n    color:#9d174d;\n  }\n\n  .make-table{\n    width:100%;\n    border-collapse:separate;\n    border-spacing:0;\n    overflow:hidden;\n    border-radius:16px;\n    border:1px solid #f7d4ea;\n    background:#fff;\n    font-size:.92rem;\n  }\n\n  .make-table thead th{\n    background:linear-gradient(90deg,#fde7f3 0%,#f8e9ff 100%);\n    padding:12px;\n    color:#7a1e63;\n    font-weight:800;\n    text-align:left;\n    border-bottom:1px solid #f7d4ea;\n  }\n\n  .make-table tbody td{\n    padding:12px;\n    color:#374151;\n    vertical-align:top;\n    border-bottom:1px dashed #f7d4ea;\n  }\n\n  .make-table tbody tr:nth-child(odd){\n    background:#fffaff;\n  }\n\n  .price{\n    display:inline-flex;\n    align-items:center;\n    background:#fff7ed;\n    color:#b45309;\n    padding:6px 10px;\n    border-radius:10px;\n    border:1px solid #fed7aa;\n    font-weight:700;\n    white-space:nowrap;\n  }\n\n  .badge{\n    display:inline-block;\n    background:#fde7f3;\n    color:#c026d3;\n    border:1px solid #fecdd3;\n    padding:4px 10px;\n    border-radius:999px;\n    font-weight:700;\n    font-size:.78rem;\n  }\n\n  @media (max-width:720px){\n    .make-table thead{display:none}\n    .make-table, .make-table tbody, .make-table tr, .make-table td{\n      display:block; \n      width:100%;\n    }\n    .make-table tr{\n      margin-bottom:12px;\n      border:1px solid #f7d4ea;\n      border-radius:14px;\n      overflow:hidden;\n      background:#fff;\n    }\n    .make-table td[data-label]:before{\n      content:attr(data-label);\n      display:block;\n      font-weight:800;\n      color:#7a1e63;\n      margin-bottom:4px;\n    }\n    .make-table tbody td:last-child{border-bottom:none}\n  }\n<\/style>\n\n<div class=\"make-wrap\">\n  <h3 class=\"make-title\">\ud83e\udde0\u2728 Poss\u00edveis Causas de Falhas de Mem\u00f3ria<\/h3>\n\n  <table class=\"make-table\">\n    <thead>\n      <tr>\n        <th>Fator<\/th>\n        <th>Como pode afetar o organismo<\/th>\n      <\/tr>\n    <\/thead>\n    <tbody>\n      <tr>\n        <td data-label=\"Fator\"><span class=\"badge\">Priva\u00e7\u00e3o de sono<\/span><\/td>\n        <td data-label=\"Como pode afetar o organismo\">A falta de descanso adequado pode causar cansa\u00e7o cr\u00f4nico e prejudicar processos de mem\u00f3ria e concentra\u00e7\u00e3o.<\/td>\n      <\/tr>\n      <tr>\n        <td data-label=\"Fator\"><span class=\"badge\">Estresse e ansiedade<\/span><\/td>\n        <td data-label=\"Como pode afetar o organismo\">A sobrecarga mental pode afetar o foco e dificultar o armazenamento de novas informa\u00e7\u00f5es.<\/td>\n      <\/tr>\n      <tr>\n        <td data-label=\"Fator\"><span class=\"badge\">Desidrata\u00e7\u00e3o<\/span><\/td>\n        <td data-label=\"Como pode afetar o organismo\">Baixa ingest\u00e3o de l\u00edquidos pode prejudicar o funcionamento cerebral e reduzir a capacidade de aten\u00e7\u00e3o.<\/td>\n      <\/tr>\n      <tr>\n        <td data-label=\"Fator\"><span class=\"badge\">Altera\u00e7\u00f5es hormonais<\/span><\/td>\n        <td data-label=\"Como pode afetar o organismo\">Mudan\u00e7as hormonais, como na menopausa, podem influenciar mem\u00f3ria, humor e clareza mental.<\/td>\n      <\/tr>\n      <tr>\n        <td data-label=\"Fator\"><span class=\"badge\">Defici\u00eancias nutricionais<\/span><\/td>\n        <td data-label=\"Como pode afetar o organismo\">Baixos n\u00edveis de vitaminas do complexo B e de \u00f4mega-3 podem impactar a sa\u00fade cerebral.<\/td>\n      <\/tr>\n    <\/tbody>\n  <\/table>\n\n  <p style=\"margin-top:14px; color:#6b7280; font-size:.9rem;\">\n    \ud83d\udca1 <strong>Dica:<\/strong> Sono adequado, hidrata\u00e7\u00e3o e alimenta\u00e7\u00e3o equilibrada s\u00e3o fundamentais para manter a mem\u00f3ria e a concentra\u00e7\u00e3o.\n  <\/p>\n<\/div>\n\n\n\n<h2 class=\"wp-block-heading\">Por que o fen\u00f4meno acontece?<\/h2>\n\n\n\n<p>A rede neural envolvida no fen\u00f4meno da ponta da l\u00edngua inclui o giro frontal inferior esquerdo, o c\u00f3rtex cingulado anterior e o polo temporal. Um desequil\u00edbrio transit\u00f3rio de neurotransmissores nessa rede pode dificultar o acesso \u00e0 forma sonora da palavra, mesmo com o significado preservado.<\/p>\n\n\n\n<p>Transforma\u00e7\u00f5es na din\u00e2mica cerebral, aliadas ao cansa\u00e7o e \u00e0 sobrecarga mental, podem agravar o quadro. Apesar do desconforto, esses lapsos s\u00e3o, em geral, tempor\u00e1rios, revers\u00edveis com ajustes de estilo de vida e distintos de perdas de mem\u00f3ria patol\u00f3gicas.<\/p>\n\n\n<div class=\"wp-block-image\">\n<figure class=\"aligncenter size-full\"><img decoding=\"async\" width=\"1280\" height=\"720\" src=\"https:\/\/www.correiobraziliense.com.br\/cbradar\/wp-content\/uploads\/2026\/03\/ESQUECIMENTO_1773076159604.jpg\" alt=\"\" class=\"wp-image-205674\" srcset=\"https:\/\/www.correiobraziliense.com.br\/cbradar\/wp-content\/uploads\/2026\/03\/ESQUECIMENTO_1773076159604.jpg 1280w, https:\/\/www.correiobraziliense.com.br\/cbradar\/wp-content\/uploads\/2026\/03\/ESQUECIMENTO_1773076159604-300x169.jpg 300w, https:\/\/www.correiobraziliense.com.br\/cbradar\/wp-content\/uploads\/2026\/03\/ESQUECIMENTO_1773076159604-768x432.jpg 768w, https:\/\/www.correiobraziliense.com.br\/cbradar\/wp-content\/uploads\/2026\/03\/ESQUECIMENTO_1773076159604-750x422.jpg 750w, https:\/\/www.correiobraziliense.com.br\/cbradar\/wp-content\/uploads\/2026\/03\/ESQUECIMENTO_1773076159604-1140x641.jpg 1140w\" sizes=\"(max-width: 1280px) 100vw, 1280px\" \/><figcaption class=\"wp-element-caption\">A falha de mem\u00f3ria mais comum que pode piorar com sono ruim e desidrata\u00e7\u00e3o &#8211; Cr\u00e9ditos: depositphotos.com \/ lovleah<\/figcaption><\/figure><\/div>\n\n\n<h2 class=\"wp-block-heading\">Quais estrat\u00e9gias ajudam a mitigar os lapsos de mem\u00f3ria?<\/h2>\n\n\n\n<p>Adotar pr\u00e1ticas di\u00e1rias pode reduzir a frequ\u00eancia desses epis\u00f3dios, favorecendo a recupera\u00e7\u00e3o verbal. Sono adequado facilita a consolida\u00e7\u00e3o da mem\u00f3ria, enquanto a hidrata\u00e7\u00e3o regular e uma alimenta\u00e7\u00e3o equilibrada sustentam o bom funcionamento cognitivo.<\/p>\n\n\n\n<p>Atividades como leitura em voz alta e exerc\u00edcios f\u00edsicos fortalecem as conex\u00f5es cerebrais e melhoram a circula\u00e7\u00e3o. Controlar o uso de dispositivos eletr\u00f4nicos antes de dormir contribui para um sono mais reparador e, consequentemente, para uma flu\u00eancia verbal mais est\u00e1vel.<\/p>\n\n\n\n<p>Para compreender melhor como determinados ch\u00e1s podem ajudar em casos de lapsos de mem\u00f3ria, assista ao v\u00eddeo a seguir, no qual o m\u00e9dico <strong>Dr. Dayan Siebra<\/strong> explica o assunto de forma clara e did\u00e1tica em seu canal no YouTube.<\/p>\n\n\n\n<iframe loading=\"lazy\" width=\"478\" height=\"849\" src=\"https:\/\/www.youtube.com\/embed\/wulAANZ5Nrw\" title=\"Voc\u00ea tamb\u00e9m sofre com esses l\u00e1psos de mem\u00f3ria? Esse ch\u00e1 pode te ajudar | Dr Dayan Siebra #mem\u00f3ria\" frameborder=\"0\" allow=\"accelerometer; autoplay; clipboard-write; encrypted-media; gyroscope; picture-in-picture; web-share\" referrerpolicy=\"strict-origin-when-cross-origin\" allowfullscreen><\/iframe>\n\n\n\n<h2 class=\"wp-block-heading\">Quando \u00e9 necess\u00e1rio buscar ajuda profissional?<\/h2>\n\n\n\n<p>Embora o fen\u00f4meno seja geralmente inofensivo, \u00e9 importante observar sua frequ\u00eancia e impacto na rotina. Quando os lapsos se tornam constantes ou prejudicam o trabalho, os <a href=\"https:\/\/www.mdpi.com\/2227-9059\/14\/2\/269\" target=\"_blank\" rel=\"noreferrer noopener\">estudos <\/a>ou a comunica\u00e7\u00e3o social, \u00e9 recomend\u00e1vel buscar avalia\u00e7\u00e3o especializada.<\/p>\n\n\n\n<p>Pessoas com condi\u00e7\u00f5es como Transtorno do D\u00e9ficit de Aten\u00e7\u00e3o e Hiperatividade (TDAH) podem sentir esses lapsos com maior intensidade. Nesses casos, a consulta com um neurologista ou outro profissional de <a href=\"https:\/\/www.correiobraziliense.com.br\/cbradar\/estudos-analisam-relacao-entre-mes-de-nascimento-e-maturidade-infantil\/\" target=\"_blank\" rel=\"noreferrer noopener\">sa\u00fade <\/a>ajuda a diferenciar o padr\u00e3o considerado normal de situa\u00e7\u00f5es que exigem investiga\u00e7\u00e3o mais profunda.<\/p>\n\n\n<a href=\"https:\/\/www.instagram.com\/dra.annaluisabf\/\" target=\"_blank\" rel=\"noopener\" style=\"text-decoration: none; color: inherit;\">\n    <span style=\"display: inline-block; border: 1px solid #ccc; border-radius: 10px; padding: 15px; max-width: 550px; font-family: sans-serif; box-shadow: 0 2px 5px rgba(0,0,0,0.1); width: 100%;\">\n\n      <!-- T\u00edtulo -->\n      <span style=\"display: block; margin: 0 0 15px 0; font-weight: bold; color: #2c3e50; text-align: center;\">\n        Entre em contato:\n      <\/span>\n\n      <!-- Linha do perfil -->\n      <span style=\"display: flex; align-items: center; gap: 15px;\">\n        <img decoding=\"async\"\n          src=\"https:\/\/www.correiobraziliense.com.br\/cbradar\/wp-content\/uploads\/2025\/08\/dra_anna_luisa.jpeg\"\n          alt=\"Foto da Dra. Anna Lu\u00edsa\"\n          style=\"border-radius: 50%; width: 80px; height: 80px; object-fit: cover;\"\n        \/>\n        <span style=\"display: flex; flex-direction: column;\">\n          <span style=\"font-size: 18px; font-weight: 700; color: #2c3e50;\">Dra. Anna Lu\u00edsa Barbosa Fernandes<\/span>\n          <span style=\"color: #555;\">CRM-GO 33.271<\/span>\n        <\/span>\n      <\/span>\n\n      <!-- Redes -->\n      <span style=\"display: flex; align-items: center; gap: 10px; margin-top: 12px;\">\n        <img decoding=\"async\" src=\"https:\/\/cdn-icons-png.flaticon.com\/24\/1384\/1384063.png\" alt=\"Instagram\" width=\"24\" height=\"24\" \/>\n        <span style=\"text-decoration: underline; color: #2c3e50;\">@dra.annaluisabf<\/span>\n      <\/span>\n\n    <\/span>\n  <\/a>","protected":false},"excerpt":{"rendered":"<p>\u00c9 comum estar no meio de uma conversa e, de repente, ver-se incapaz de recuperar uma palavra que est\u00e1 na ponta da l\u00edngua. Esse fen\u00f4meno, estudado na ci\u00eancia da linguagem, ocorre quando uma pessoa acessa o significado da palavra, mas n\u00e3o consegue trazer \u00e0 tona sua pron\u00fancia, sendo geralmente associado a fatores cotidianos como fadiga, [&hellip;]<\/p>\n","protected":false},"author":14,"featured_media":205675,"comment_status":"open","ping_status":"open","sticky":false,"template":"","format":"standard","meta":{"_yoast_wpseo_focuskw":"lapsos de mem\u00f3ria","_yoast_wpseo_title":"","_yoast_wpseo_metadesc":"Esquecer palavras de repente pode ter rela\u00e7\u00e3o com estresse, sono ruim e desidrata\u00e7\u00e3o. Entenda por que isso acontece.","jnews-multi-image_gallery":[],"jnews_single_post":{"format":"standard"},"jnews_primary_category":[],"jnews_social_meta":[],"jnews_override_counter":[],"footnotes":""},"categories":[4404],"post_tag":[120,15908,247,1318],"class_list":["post-205673","post","type-post","status-publish","format-standard","has-post-thumbnail","hentry","category-saude","tag-bem-estar","tag-lapsos-de-memoria","tag-qualidade-de-vida","tag-saude-2"],"yoast_head":"<!-- This site is optimized with the Yoast SEO plugin v24.6 - https:\/\/yoast.com\/wordpress\/plugins\/seo\/ -->\n<title>Por que esquecer palavras de repente pode ter rela\u00e7\u00e3o com estresse e cansa\u00e7o - Correio Braziliense - Radar<\/title>\n<meta name=\"description\" content=\"Esquecer palavras de repente pode ter rela\u00e7\u00e3o com estresse, sono ruim e desidrata\u00e7\u00e3o. Entenda por que isso acontece.\" \/>\n<meta name=\"robots\" content=\"index, follow, max-snippet:-1, max-image-preview:large, max-video-preview:-1\" \/>\n<link rel=\"canonical\" href=\"https:\/\/www.correiobraziliense.com.br\/cbradar\/por-que-esquecer-palavras-de-repente-pode-ter-relacao-com-estresse-e-cansaco\/\" \/>\n<meta property=\"og:locale\" content=\"pt_BR\" \/>\n<meta property=\"og:type\" content=\"article\" \/>\n<meta property=\"og:title\" content=\"Por que esquecer palavras de repente pode ter rela\u00e7\u00e3o com estresse e cansa\u00e7o - Correio Braziliense - Radar\" \/>\n<meta property=\"og:description\" content=\"Esquecer palavras de repente pode ter rela\u00e7\u00e3o com estresse, sono ruim e desidrata\u00e7\u00e3o. Entenda por que isso acontece.\" \/>\n<meta property=\"og:url\" content=\"https:\/\/www.correiobraziliense.com.br\/cbradar\/por-que-esquecer-palavras-de-repente-pode-ter-relacao-com-estresse-e-cansaco\/\" \/>\n<meta property=\"og:site_name\" content=\"Correio Braziliense - Radar\" \/>\n<meta property=\"article:published_time\" content=\"2026-03-11T00:35:00+00:00\" \/>\n<meta property=\"og:image\" content=\"https:\/\/www.correiobraziliense.com.br\/cbradar\/wp-content\/uploads\/2026\/03\/ESQUECIMENTO_1773076190235.jpg\" \/>\n\t<meta property=\"og:image:width\" content=\"1280\" \/>\n\t<meta property=\"og:image:height\" content=\"720\" \/>\n\t<meta property=\"og:image:type\" content=\"image\/jpeg\" \/>\n<meta name=\"author\" content=\"guilherme_saude\" \/>\n<meta name=\"twitter:card\" content=\"summary_large_image\" \/>\n<meta name=\"twitter:label1\" content=\"Escrito por\" \/>\n\t<meta name=\"twitter:data1\" content=\"guilherme_saude\" \/>\n\t<meta name=\"twitter:label2\" content=\"Est. tempo de leitura\" \/>\n\t<meta name=\"twitter:data2\" content=\"4 minutos\" \/>\n<!-- \/ Yoast SEO plugin. -->","yoast_head_json":{"title":"Por que esquecer palavras de repente pode ter rela\u00e7\u00e3o com estresse e cansa\u00e7o - Correio Braziliense - Radar","description":"Esquecer palavras de repente pode ter rela\u00e7\u00e3o com estresse, sono ruim e desidrata\u00e7\u00e3o. Entenda por que isso acontece.","robots":{"index":"index","follow":"follow","max-snippet":"max-snippet:-1","max-image-preview":"max-image-preview:large","max-video-preview":"max-video-preview:-1"},"canonical":"https:\/\/www.correiobraziliense.com.br\/cbradar\/por-que-esquecer-palavras-de-repente-pode-ter-relacao-com-estresse-e-cansaco\/","og_locale":"pt_BR","og_type":"article","og_title":"Por que esquecer palavras de repente pode ter rela\u00e7\u00e3o com estresse e cansa\u00e7o - Correio Braziliense - Radar","og_description":"Esquecer palavras de repente pode ter rela\u00e7\u00e3o com estresse, sono ruim e desidrata\u00e7\u00e3o. Entenda por que isso acontece.","og_url":"https:\/\/www.correiobraziliense.com.br\/cbradar\/por-que-esquecer-palavras-de-repente-pode-ter-relacao-com-estresse-e-cansaco\/","og_site_name":"Correio Braziliense - Radar","article_published_time":"2026-03-11T00:35:00+00:00","og_image":[{"width":1280,"height":720,"url":"https:\/\/www.correiobraziliense.com.br\/cbradar\/wp-content\/uploads\/2026\/03\/ESQUECIMENTO_1773076190235.jpg","type":"image\/jpeg"}],"author":"guilherme_saude","twitter_card":"summary_large_image","twitter_misc":{"Escrito por":"guilherme_saude","Est. tempo de leitura":"4 minutos"},"schema":{"@context":"https:\/\/schema.org","@graph":[{"@type":"WebPage","@id":"https:\/\/www.correiobraziliense.com.br\/cbradar\/por-que-esquecer-palavras-de-repente-pode-ter-relacao-com-estresse-e-cansaco\/","url":"https:\/\/www.correiobraziliense.com.br\/cbradar\/por-que-esquecer-palavras-de-repente-pode-ter-relacao-com-estresse-e-cansaco\/","name":"Por que esquecer palavras de repente pode ter rela\u00e7\u00e3o com estresse e cansa\u00e7o - Correio Braziliense - Radar","isPartOf":{"@id":"https:\/\/www.correiobraziliense.com.br\/cbradar\/#website"},"primaryImageOfPage":{"@id":"https:\/\/www.correiobraziliense.com.br\/cbradar\/por-que-esquecer-palavras-de-repente-pode-ter-relacao-com-estresse-e-cansaco\/#primaryimage"},"image":{"@id":"https:\/\/www.correiobraziliense.com.br\/cbradar\/por-que-esquecer-palavras-de-repente-pode-ter-relacao-com-estresse-e-cansaco\/#primaryimage"},"thumbnailUrl":"https:\/\/www.correiobraziliense.com.br\/cbradar\/wp-content\/uploads\/2026\/03\/ESQUECIMENTO_1773076190235.jpg","datePublished":"2026-03-11T00:35:00+00:00","author":{"@id":"https:\/\/www.correiobraziliense.com.br\/cbradar\/#\/schema\/person\/5aa4bf3c8fa699c267933611de12978b"},"description":"Esquecer palavras de repente pode ter rela\u00e7\u00e3o com estresse, sono ruim e desidrata\u00e7\u00e3o. Entenda por que isso acontece.","breadcrumb":{"@id":"https:\/\/www.correiobraziliense.com.br\/cbradar\/por-que-esquecer-palavras-de-repente-pode-ter-relacao-com-estresse-e-cansaco\/#breadcrumb"},"inLanguage":"pt-BR","potentialAction":[{"@type":"ReadAction","target":["https:\/\/www.correiobraziliense.com.br\/cbradar\/por-que-esquecer-palavras-de-repente-pode-ter-relacao-com-estresse-e-cansaco\/"]}]},{"@type":"ImageObject","inLanguage":"pt-BR","@id":"https:\/\/www.correiobraziliense.com.br\/cbradar\/por-que-esquecer-palavras-de-repente-pode-ter-relacao-com-estresse-e-cansaco\/#primaryimage","url":"https:\/\/www.correiobraziliense.com.br\/cbradar\/wp-content\/uploads\/2026\/03\/ESQUECIMENTO_1773076190235.jpg","contentUrl":"https:\/\/www.correiobraziliense.com.br\/cbradar\/wp-content\/uploads\/2026\/03\/ESQUECIMENTO_1773076190235.jpg","width":1280,"height":720,"caption":"Esquecer palavras na hora de falar pode revelar sinais do corpo que passam despercebidos - Cr\u00e9ditos: depositphotos.com \/ VGeorgiev"},{"@type":"BreadcrumbList","@id":"https:\/\/www.correiobraziliense.com.br\/cbradar\/por-que-esquecer-palavras-de-repente-pode-ter-relacao-com-estresse-e-cansaco\/#breadcrumb","itemListElement":[{"@type":"ListItem","position":1,"name":"In\u00edcio","item":"https:\/\/www.correiobraziliense.com.br\/cbradar\/"},{"@type":"ListItem","position":2,"name":"Por que esquecer palavras de repente pode ter rela\u00e7\u00e3o com estresse e cansa\u00e7o"}]},{"@type":"WebSite","@id":"https:\/\/www.correiobraziliense.com.br\/cbradar\/#website","url":"https:\/\/www.correiobraziliense.com.br\/cbradar\/","name":"Correio Braziliense - Radar","description":"Acompanhe as \u00faltimas not\u00edcias e fique bem informado sobre tudo o que acontece no Brasil e no mundo.","potentialAction":[{"@type":"SearchAction","target":{"@type":"EntryPoint","urlTemplate":"https:\/\/www.correiobraziliense.com.br\/cbradar\/?s={search_term_string}"},"query-input":{"@type":"PropertyValueSpecification","valueRequired":true,"valueName":"search_term_string"}}],"inLanguage":"pt-BR"},{"@type":"Person","@id":"https:\/\/www.correiobraziliense.com.br\/cbradar\/#\/schema\/person\/5aa4bf3c8fa699c267933611de12978b","name":"guilherme_saude","image":{"@type":"ImageObject","inLanguage":"pt-BR","@id":"https:\/\/www.correiobraziliense.com.br\/cbradar\/#\/schema\/person\/image\/","url":"https:\/\/secure.gravatar.com\/avatar\/df9adfb835d344bc0af109d41756253f?s=96&d=mm&r=g","contentUrl":"https:\/\/secure.gravatar.com\/avatar\/df9adfb835d344bc0af109d41756253f?s=96&d=mm&r=g","caption":"guilherme_saude"},"url":"https:\/\/www.correiobraziliense.com.br\/cbradar\/author\/guilherme_saude\/"}]}},"_links":{"self":[{"href":"https:\/\/www.correiobraziliense.com.br\/cbradar\/wp-json\/wp\/v2\/posts\/205673","targetHints":{"allow":["GET"]}}],"collection":[{"href":"https:\/\/www.correiobraziliense.com.br\/cbradar\/wp-json\/wp\/v2\/posts"}],"about":[{"href":"https:\/\/www.correiobraziliense.com.br\/cbradar\/wp-json\/wp\/v2\/types\/post"}],"author":[{"embeddable":true,"href":"https:\/\/www.correiobraziliense.com.br\/cbradar\/wp-json\/wp\/v2\/users\/14"}],"replies":[{"embeddable":true,"href":"https:\/\/www.correiobraziliense.com.br\/cbradar\/wp-json\/wp\/v2\/comments?post=205673"}],"version-history":[{"count":1,"href":"https:\/\/www.correiobraziliense.com.br\/cbradar\/wp-json\/wp\/v2\/posts\/205673\/revisions"}],"predecessor-version":[{"id":205676,"href":"https:\/\/www.correiobraziliense.com.br\/cbradar\/wp-json\/wp\/v2\/posts\/205673\/revisions\/205676"}],"wp:featuredmedia":[{"embeddable":true,"href":"https:\/\/www.correiobraziliense.com.br\/cbradar\/wp-json\/wp\/v2\/media\/205675"}],"wp:attachment":[{"href":"https:\/\/www.correiobraziliense.com.br\/cbradar\/wp-json\/wp\/v2\/media?parent=205673"}],"wp:term":[{"taxonomy":"category","embeddable":true,"href":"https:\/\/www.correiobraziliense.com.br\/cbradar\/wp-json\/wp\/v2\/categories?post=205673"},{"taxonomy":"post_tag","embeddable":true,"href":"https:\/\/www.correiobraziliense.com.br\/cbradar\/wp-json\/wp\/v2\/post_tag?post=205673"}],"curies":[{"name":"wp","href":"https:\/\/api.w.org\/{rel}","templated":true}]}}