{"id":205677,"date":"2026-03-11T12:15:00","date_gmt":"2026-03-11T15:15:00","guid":{"rendered":"https:\/\/www.correiobraziliense.com.br\/cbradar\/?p=205677"},"modified":"2026-03-09T14:47:38","modified_gmt":"2026-03-09T17:47:38","slug":"o-que-significa-a-frase-carpe-diem-o-conselho-latino-que-atravessou-seculos","status":"publish","type":"post","link":"https:\/\/www.correiobraziliense.com.br\/cbradar\/o-que-significa-a-frase-carpe-diem-o-conselho-latino-que-atravessou-seculos\/","title":{"rendered":"O que significa a frase Carpe Diem, o conselho latino que atravessou s\u00e9culos"},"content":{"rendered":"\n<p>A famosa express\u00e3o latina carpe diem tornou-se um dos lemas mais populares da hist\u00f3ria ocidental ao longo dos s\u00e9culos. Criada pelo poeta Hor\u00e1cio, a frase carrega uma profundidade filos\u00f3fica que muitas vezes \u00e9 mal compreendida na rotina moderna. Entender sua origem ajuda a aplicar esse conselho de forma equilibrada atualmente em nossas vidas.<\/p>\n\n\n\n<h2 class=\"wp-block-heading\">Como essa express\u00e3o cl\u00e1ssica surgiu originalmente na poesia?<\/h2>\n\n\n\n<p>Para compreender o real significado, \u00e9 preciso retornar ao primeiro s\u00e9culo antes de Cristo, quando <strong>Hor\u00e1cio<\/strong> escreveu suas famosas <strong>Odes<\/strong>. O poeta romano n\u00e3o propunha uma busca desenfreada por prazeres passageiros, mas sim um convite \u00e0 consci\u00eancia sobre a finitude humana. A tradu\u00e7\u00e3o literal sugere colher o dia como se fosse um fruto maduro e pronto.<\/p>\n\n\n\n<p>O contexto hist\u00f3rico da <strong>Roma Antiga<\/strong> revela que o otimismo presente nos versos servia como um contraponto \u00e0s incertezas pol\u00edticas da \u00e9poca. Ao sugerir que o futuro \u00e9 incerto, o autor incentivava o foco nas a\u00e7\u00f5es presentes que geram valor real. Essa perspectiva transformou um simples verso po\u00e9tico em um guia pr\u00e1tico de conduta \u00e9tica milenar e totalmente relevante.<\/p>\n\n\n\n<p>A express\u00e3o \u201ccarpe diem\u201d atravessou s\u00e9culos e continua inspirando reflex\u00f5es sobre aproveitar o presente e valorizar cada momento da vida. Entender sua origem ajuda a compreender melhor esse conceito filos\u00f3fico. No conte\u00fado do <strong>A Filosofia Explica<\/strong>, com 200 mil inscritos, voc\u00ea descobre o significado:<\/p>\n\n\n\n<figure class=\"wp-block-embed is-type-video is-provider-youtube wp-block-embed-youtube wp-embed-aspect-16-9 wp-has-aspect-ratio\"><div class=\"wp-block-embed__wrapper\">\n<div class=\"jeg_video_container jeg_video_content\"><iframe loading=\"lazy\" title=\"O que \u00e9 Carpe Diem? Significado e origem do termo\" width=\"500\" height=\"281\" src=\"https:\/\/www.youtube.com\/embed\/DTOnjsGx2AU?feature=oembed\" frameborder=\"0\" allow=\"accelerometer; autoplay; clipboard-write; encrypted-media; gyroscope; picture-in-picture; web-share\" referrerpolicy=\"strict-origin-when-cross-origin\" allowfullscreen><\/iframe><\/div>\n<\/div><\/figure>\n\n\n\n<h2 class=\"wp-block-heading\">Por que o sentido real foi distorcido com o tempo?<\/h2>\n\n\n\n<p>Ao longo das gera\u00e7\u00f5es, o conceito de aproveitar o momento foi frequentemente confundido com o hedonismo irrespons\u00e1vel ou a busca pelo prazer imediato. No entanto, a <strong><a href=\"https:\/\/www.correiobraziliense.com.br\/cbradar\/o-que-significa-a-frase-ubuntu-a-expressao-africana-considerada-uma-das-filosofias-mais-bonitas-do-mundo\/\" target=\"_blank\" rel=\"noreferrer noopener\">filosofia <\/a><\/strong>original defendia a aten\u00e7\u00e3o plena e a valoriza\u00e7\u00e3o das oportunidades di\u00e1rias com muita sabedoria. Ignorar as consequ\u00eancias futuras nunca foi a inten\u00e7\u00e3o do mestre <strong>Hor\u00e1cio<\/strong> ao escrever seus textos atemporais e \u00e9ticos.<\/p>\n\n\n\n<p>Muitas pessoas utilizam o lema para justificar decis\u00f5es impulsivas que podem prejudicar o bem-estar a longo prazo em diversas \u00e1reas. A distor\u00e7\u00e3o moderna removeu a camada de responsabilidade e temperan\u00e7a que era fundamental na escola epicurista da qual o poeta fazia parte. Resgatar a ess\u00eancia original permite uma vida mais plena focada em resultados positivos hoje e amanh\u00e3.<\/p>\n\n\n\n<h2 class=\"wp-block-heading\">Quais s\u00e3o as li\u00e7\u00f5es pr\u00e1ticas para a produtividade atual?<\/h2>\n\n\n\n<p>Aplicar o conselho latino no ambiente de trabalho contempor\u00e2neo significa priorizar tarefas que realmente impactam o futuro de forma positiva e direta. Em vez de procrastinar ou se perder em distra\u00e7\u00f5es digitais, o indiv\u00edduo foca na execu\u00e7\u00e3o excelente do agora. Essa mentalidade reduz a ansiedade gerada pela incerteza e melhora o desempenho profissional de maneira sustent\u00e1vel e muito clara.<\/p>\n\n\n\n<p>Para transformar essa filosofia em a\u00e7\u00f5es concretas que mudam sua rotina e trazem mais clareza mental para os seus dias:<\/p>\n\n\n\n<ul class=\"wp-block-list\">\n<li>Definir uma meta principal para realizar logo pela manh\u00e3.<\/li>\n\n\n\n<li>Praticar a aten\u00e7\u00e3o plena durante reuni\u00f5es e conversas importantes.<\/li>\n\n\n\n<li>Eliminar distra\u00e7\u00f5es que consomem o tempo sem gerar valor.<\/li>\n\n\n\n<li>Celebrar as pequenas conquistas alcan\u00e7adas ao final de cada jornada.<\/li>\n\n\n\n<li>Valorizar o descanso como parte essencial para o foco cont\u00ednuo.<\/li>\n<\/ul>\n\n\n\n<h2 class=\"wp-block-heading\">Como o cinema ajudou a popularizar esse lema antigo?<\/h2>\n\n\n\n<p>A cultura pop desempenhou um papel crucial na dissemina\u00e7\u00e3o mundial da frase, especialmente atrav\u00e9s do filme <strong>Sociedade dos Poetas Mortos<\/strong>. Na obra, o personagem interpretado por <strong>Robin Williams<\/strong> utiliza o termo para inspirar jovens a buscarem vidas extraordin\u00e1rias. Essa representa\u00e7\u00e3o visual e emocional conectou a sabedoria latina com as novas gera\u00e7\u00f5es de forma r\u00e1pida e com um impacto profundo.<\/p>\n\n\n\n<p>O impacto cultural foi t\u00e3o grande que o lema passou a estampar tatuagens, cartazes e campanhas publicit\u00e1rias em diversos pa\u00edses diferentes. Essa visibilidade permitiu que a discuss\u00e3o sobre o tempo e a mortalidade entrasse no debate cotidiano de pessoas comuns. No entanto, \u00e9 vital manter o estudo cr\u00edtico para n\u00e3o perder a profundidade original dos versos latinos mais cl\u00e1ssicos.<\/p>\n\n\n\n<figure class=\"wp-block-image size-full\"><img decoding=\"async\" width=\"1280\" height=\"720\" src=\"https:\/\/www.correiobraziliense.com.br\/cbradar\/wp-content\/uploads\/2026\/03\/Gemini_Generated_Image_30epfc30epfc30ep-1-1.png\" alt=\"O que significa a frase Carpe Diem, o conselho latino que atravessou s\u00e9culos\" class=\"wp-image-205680\" srcset=\"https:\/\/www.correiobraziliense.com.br\/cbradar\/wp-content\/uploads\/2026\/03\/Gemini_Generated_Image_30epfc30epfc30ep-1-1.png 1280w, https:\/\/www.correiobraziliense.com.br\/cbradar\/wp-content\/uploads\/2026\/03\/Gemini_Generated_Image_30epfc30epfc30ep-1-1-300x169.png 300w, https:\/\/www.correiobraziliense.com.br\/cbradar\/wp-content\/uploads\/2026\/03\/Gemini_Generated_Image_30epfc30epfc30ep-1-1-768x432.png 768w, https:\/\/www.correiobraziliense.com.br\/cbradar\/wp-content\/uploads\/2026\/03\/Gemini_Generated_Image_30epfc30epfc30ep-1-1-750x422.png 750w, https:\/\/www.correiobraziliense.com.br\/cbradar\/wp-content\/uploads\/2026\/03\/Gemini_Generated_Image_30epfc30epfc30ep-1-1-1140x641.png 1140w\" sizes=\"(max-width: 1280px) 100vw, 1280px\" \/><figcaption class=\"wp-element-caption\">O verdadeiro significado da frase latina Carpe Diem criada pelo poeta Hor\u00e1cio<\/figcaption><\/figure>\n\n\n\n<h2 class=\"wp-block-heading\">Qual \u00e9 a melhor forma de estudar o texto original?<\/h2>\n\n\n\n<p>Ler os versos originais permite uma conex\u00e3o direta com o pensamento de um dos maiores intelectuais da literatura cl\u00e1ssica universal. O texto completo da <strong>Ode 1.11<\/strong> oferece o contexto necess\u00e1rio para entender como a brevidade da vida deve motivar a virtude. Estudar as fontes prim\u00e1rias \u00e9 o caminho mais seguro para evitar interpreta\u00e7\u00f5es superficiais, err\u00f4neas ou extremamente limitadas.<\/p>\n\n\n\n<p>O acesso aos manuscritos e tradu\u00e7\u00f5es acad\u00eamicas pode ser feito de forma gratuita em acervos digitais de prestigiadas institui\u00e7\u00f5es de ensino superior. Voc\u00ea pode consultar a vers\u00e3o original e as notas cr\u00edticas detalhadas sobre a obra de <strong>Hor\u00e1cio<\/strong> no portal da <a href=\"https:\/\/penelope.uchicago.edu\/Thayer\/E\/Roman\/home.html\" target=\"_blank\" rel=\"noreferrer noopener\">University of Chicago<\/a>, que preserva textos latinos hist\u00f3ricos. Essa leitura aprofundada \u00e9 essencial para quem busca sabedoria fundamentada em fatos.<\/p>\n","protected":false},"excerpt":{"rendered":"<p>A famosa express\u00e3o latina carpe diem tornou-se um dos lemas mais populares da hist\u00f3ria ocidental ao longo dos s\u00e9culos. Criada pelo poeta Hor\u00e1cio, a frase carrega uma profundidade filos\u00f3fica que muitas vezes \u00e9 mal compreendida na rotina moderna. Entender sua origem ajuda a aplicar esse conselho de forma equilibrada atualmente em nossas vidas. Como essa [&hellip;]<\/p>\n","protected":false},"author":21,"featured_media":205682,"comment_status":"open","ping_status":"open","sticky":false,"template":"","format":"standard","meta":{"_yoast_wpseo_focuskw":"significado filos\u00f3fico de carpe diem","_yoast_wpseo_title":"","_yoast_wpseo_metadesc":"A express\u00e3o carpe diem ficou famosa ao longo dos s\u00e9culos, mas seu significado original \u00e9 bem diferente do que muitos imaginam.","jnews-multi-image_gallery":[],"jnews_single_post":{"format":"standard"},"jnews_primary_category":[],"jnews_social_meta":[],"jnews_override_counter":[],"footnotes":""},"categories":[112],"post_tag":[11053,15909,5078],"class_list":["post-205677","post","type-post","status-publish","format-standard","has-post-thumbnail","hentry","category-curiosidades","tag-carpe-diem","tag-conselho-latino","tag-filosofia"],"yoast_head":"<!-- This site is optimized with the Yoast SEO plugin v24.6 - https:\/\/yoast.com\/wordpress\/plugins\/seo\/ -->\n<title>O que significa a frase Carpe Diem, o conselho latino que atravessou s\u00e9culos - Correio Braziliense - Radar<\/title>\n<meta name=\"description\" content=\"A express\u00e3o carpe diem ficou famosa ao longo dos s\u00e9culos, mas seu significado original \u00e9 bem diferente do que muitos imaginam.\" \/>\n<meta name=\"robots\" content=\"index, follow, max-snippet:-1, max-image-preview:large, max-video-preview:-1\" \/>\n<link rel=\"canonical\" href=\"https:\/\/www.correiobraziliense.com.br\/cbradar\/o-que-significa-a-frase-carpe-diem-o-conselho-latino-que-atravessou-seculos\/\" \/>\n<meta property=\"og:locale\" content=\"pt_BR\" \/>\n<meta property=\"og:type\" content=\"article\" \/>\n<meta property=\"og:title\" content=\"O que significa a frase Carpe Diem, o conselho latino que atravessou s\u00e9culos - Correio Braziliense - Radar\" \/>\n<meta property=\"og:description\" content=\"A express\u00e3o carpe diem ficou famosa ao longo dos s\u00e9culos, mas seu significado original \u00e9 bem diferente do que muitos imaginam.\" \/>\n<meta property=\"og:url\" content=\"https:\/\/www.correiobraziliense.com.br\/cbradar\/o-que-significa-a-frase-carpe-diem-o-conselho-latino-que-atravessou-seculos\/\" \/>\n<meta property=\"og:site_name\" content=\"Correio Braziliense - Radar\" \/>\n<meta property=\"article:published_time\" content=\"2026-03-11T15:15:00+00:00\" \/>\n<meta property=\"og:image\" content=\"https:\/\/www.correiobraziliense.com.br\/cbradar\/wp-content\/uploads\/2026\/03\/Gemini_Generated_Image_merd3hmerd3hmerd-1-1-1.png\" \/>\n\t<meta property=\"og:image:width\" content=\"1280\" \/>\n\t<meta property=\"og:image:height\" content=\"720\" \/>\n\t<meta property=\"og:image:type\" content=\"image\/png\" \/>\n<meta name=\"author\" content=\"Patrick Silva\" \/>\n<meta name=\"twitter:card\" content=\"summary_large_image\" \/>\n<meta name=\"twitter:label1\" content=\"Escrito por\" \/>\n\t<meta name=\"twitter:data1\" content=\"Patrick Silva\" \/>\n\t<meta name=\"twitter:label2\" content=\"Est. tempo de leitura\" \/>\n\t<meta name=\"twitter:data2\" content=\"5 minutos\" \/>\n<!-- \/ Yoast SEO plugin. -->","yoast_head_json":{"title":"O que significa a frase Carpe Diem, o conselho latino que atravessou s\u00e9culos - Correio Braziliense - Radar","description":"A express\u00e3o carpe diem ficou famosa ao longo dos s\u00e9culos, mas seu significado original \u00e9 bem diferente do que muitos imaginam.","robots":{"index":"index","follow":"follow","max-snippet":"max-snippet:-1","max-image-preview":"max-image-preview:large","max-video-preview":"max-video-preview:-1"},"canonical":"https:\/\/www.correiobraziliense.com.br\/cbradar\/o-que-significa-a-frase-carpe-diem-o-conselho-latino-que-atravessou-seculos\/","og_locale":"pt_BR","og_type":"article","og_title":"O que significa a frase Carpe Diem, o conselho latino que atravessou s\u00e9culos - Correio Braziliense - Radar","og_description":"A express\u00e3o carpe diem ficou famosa ao longo dos s\u00e9culos, mas seu significado original \u00e9 bem diferente do que muitos imaginam.","og_url":"https:\/\/www.correiobraziliense.com.br\/cbradar\/o-que-significa-a-frase-carpe-diem-o-conselho-latino-que-atravessou-seculos\/","og_site_name":"Correio Braziliense - Radar","article_published_time":"2026-03-11T15:15:00+00:00","og_image":[{"width":1280,"height":720,"url":"https:\/\/www.correiobraziliense.com.br\/cbradar\/wp-content\/uploads\/2026\/03\/Gemini_Generated_Image_merd3hmerd3hmerd-1-1-1.png","type":"image\/png"}],"author":"Patrick Silva","twitter_card":"summary_large_image","twitter_misc":{"Escrito por":"Patrick Silva","Est. tempo de leitura":"5 minutos"},"schema":{"@context":"https:\/\/schema.org","@graph":[{"@type":"WebPage","@id":"https:\/\/www.correiobraziliense.com.br\/cbradar\/o-que-significa-a-frase-carpe-diem-o-conselho-latino-que-atravessou-seculos\/","url":"https:\/\/www.correiobraziliense.com.br\/cbradar\/o-que-significa-a-frase-carpe-diem-o-conselho-latino-que-atravessou-seculos\/","name":"O que significa a frase Carpe Diem, o conselho latino que atravessou s\u00e9culos - Correio Braziliense - Radar","isPartOf":{"@id":"https:\/\/www.correiobraziliense.com.br\/cbradar\/#website"},"primaryImageOfPage":{"@id":"https:\/\/www.correiobraziliense.com.br\/cbradar\/o-que-significa-a-frase-carpe-diem-o-conselho-latino-que-atravessou-seculos\/#primaryimage"},"image":{"@id":"https:\/\/www.correiobraziliense.com.br\/cbradar\/o-que-significa-a-frase-carpe-diem-o-conselho-latino-que-atravessou-seculos\/#primaryimage"},"thumbnailUrl":"https:\/\/www.correiobraziliense.com.br\/cbradar\/wp-content\/uploads\/2026\/03\/Gemini_Generated_Image_merd3hmerd3hmerd-1-1-1.png","datePublished":"2026-03-11T15:15:00+00:00","author":{"@id":"https:\/\/www.correiobraziliense.com.br\/cbradar\/#\/schema\/person\/5440b72be9c7eb74f446c846479dc4da"},"description":"A express\u00e3o carpe diem ficou famosa ao longo dos s\u00e9culos, mas seu significado original \u00e9 bem diferente do que muitos imaginam.","breadcrumb":{"@id":"https:\/\/www.correiobraziliense.com.br\/cbradar\/o-que-significa-a-frase-carpe-diem-o-conselho-latino-que-atravessou-seculos\/#breadcrumb"},"inLanguage":"pt-BR","potentialAction":[{"@type":"ReadAction","target":["https:\/\/www.correiobraziliense.com.br\/cbradar\/o-que-significa-a-frase-carpe-diem-o-conselho-latino-que-atravessou-seculos\/"]}]},{"@type":"ImageObject","inLanguage":"pt-BR","@id":"https:\/\/www.correiobraziliense.com.br\/cbradar\/o-que-significa-a-frase-carpe-diem-o-conselho-latino-que-atravessou-seculos\/#primaryimage","url":"https:\/\/www.correiobraziliense.com.br\/cbradar\/wp-content\/uploads\/2026\/03\/Gemini_Generated_Image_merd3hmerd3hmerd-1-1-1.png","contentUrl":"https:\/\/www.correiobraziliense.com.br\/cbradar\/wp-content\/uploads\/2026\/03\/Gemini_Generated_Image_merd3hmerd3hmerd-1-1-1.png","width":1280,"height":720,"caption":"O verdadeiro significado da frase latina Carpe Diem criada pelo poeta Hor\u00e1cio"},{"@type":"BreadcrumbList","@id":"https:\/\/www.correiobraziliense.com.br\/cbradar\/o-que-significa-a-frase-carpe-diem-o-conselho-latino-que-atravessou-seculos\/#breadcrumb","itemListElement":[{"@type":"ListItem","position":1,"name":"In\u00edcio","item":"https:\/\/www.correiobraziliense.com.br\/cbradar\/"},{"@type":"ListItem","position":2,"name":"O que significa a frase Carpe Diem, o conselho latino que atravessou s\u00e9culos"}]},{"@type":"WebSite","@id":"https:\/\/www.correiobraziliense.com.br\/cbradar\/#website","url":"https:\/\/www.correiobraziliense.com.br\/cbradar\/","name":"Correio Braziliense - Radar","description":"Acompanhe as \u00faltimas not\u00edcias e fique bem informado sobre tudo o que acontece no Brasil e no mundo.","potentialAction":[{"@type":"SearchAction","target":{"@type":"EntryPoint","urlTemplate":"https:\/\/www.correiobraziliense.com.br\/cbradar\/?s={search_term_string}"},"query-input":{"@type":"PropertyValueSpecification","valueRequired":true,"valueName":"search_term_string"}}],"inLanguage":"pt-BR"},{"@type":"Person","@id":"https:\/\/www.correiobraziliense.com.br\/cbradar\/#\/schema\/person\/5440b72be9c7eb74f446c846479dc4da","name":"Patrick Silva","image":{"@type":"ImageObject","inLanguage":"pt-BR","@id":"https:\/\/www.correiobraziliense.com.br\/cbradar\/#\/schema\/person\/image\/","url":"https:\/\/secure.gravatar.com\/avatar\/944109df296fc087785c9715fd5f80b2?s=96&d=mm&r=g","contentUrl":"https:\/\/secure.gravatar.com\/avatar\/944109df296fc087785c9715fd5f80b2?s=96&d=mm&r=g","caption":"Patrick Silva"},"sameAs":["https:\/\/www.correiobraziliense.com.br\/cbradar\/"],"url":"https:\/\/www.correiobraziliense.com.br\/cbradar\/author\/patrick-silva\/"}]}},"_links":{"self":[{"href":"https:\/\/www.correiobraziliense.com.br\/cbradar\/wp-json\/wp\/v2\/posts\/205677","targetHints":{"allow":["GET"]}}],"collection":[{"href":"https:\/\/www.correiobraziliense.com.br\/cbradar\/wp-json\/wp\/v2\/posts"}],"about":[{"href":"https:\/\/www.correiobraziliense.com.br\/cbradar\/wp-json\/wp\/v2\/types\/post"}],"author":[{"embeddable":true,"href":"https:\/\/www.correiobraziliense.com.br\/cbradar\/wp-json\/wp\/v2\/users\/21"}],"replies":[{"embeddable":true,"href":"https:\/\/www.correiobraziliense.com.br\/cbradar\/wp-json\/wp\/v2\/comments?post=205677"}],"version-history":[{"count":5,"href":"https:\/\/www.correiobraziliense.com.br\/cbradar\/wp-json\/wp\/v2\/posts\/205677\/revisions"}],"predecessor-version":[{"id":205684,"href":"https:\/\/www.correiobraziliense.com.br\/cbradar\/wp-json\/wp\/v2\/posts\/205677\/revisions\/205684"}],"wp:featuredmedia":[{"embeddable":true,"href":"https:\/\/www.correiobraziliense.com.br\/cbradar\/wp-json\/wp\/v2\/media\/205682"}],"wp:attachment":[{"href":"https:\/\/www.correiobraziliense.com.br\/cbradar\/wp-json\/wp\/v2\/media?parent=205677"}],"wp:term":[{"taxonomy":"category","embeddable":true,"href":"https:\/\/www.correiobraziliense.com.br\/cbradar\/wp-json\/wp\/v2\/categories?post=205677"},{"taxonomy":"post_tag","embeddable":true,"href":"https:\/\/www.correiobraziliense.com.br\/cbradar\/wp-json\/wp\/v2\/post_tag?post=205677"}],"curies":[{"name":"wp","href":"https:\/\/api.w.org\/{rel}","templated":true}]}}