{"id":205738,"date":"2026-03-11T01:25:00","date_gmt":"2026-03-11T04:25:00","guid":{"rendered":"https:\/\/www.correiobraziliense.com.br\/cbradar\/?p=205738"},"modified":"2026-03-10T19:23:36","modified_gmt":"2026-03-10T22:23:36","slug":"3-peixes-ricos-em-proteina-e-omega-3-recomendados-para-pessoas-acima-dos-50","status":"publish","type":"post","link":"https:\/\/www.correiobraziliense.com.br\/cbradar\/3-peixes-ricos-em-proteina-e-omega-3-recomendados-para-pessoas-acima-dos-50\/","title":{"rendered":"3 peixes ricos em prote\u00edna e \u00f4mega-3 recomendados para pessoas acima dos 50"},"content":{"rendered":"\n<p>A ingest\u00e3o regular de peixes gordos \u00e9 fundamental para manter a sa\u00fade cognitiva e cardiovascular ap\u00f3s os cinquenta anos de idade. Estes alimentos fornecem prote\u00ednas de alto valor biol\u00f3gico e \u00e1cidos graxos essenciais que o corpo humano n\u00e3o produz sozinho. Priorizar esp\u00e9cies espec\u00edficas garante o aporte necess\u00e1rio de nutrientes vitais.<\/p>\n\n\n\n<h2 class=\"wp-block-heading\">Por que o salm\u00e3o selvagem lidera as recomenda\u00e7\u00f5es nutricionais?<\/h2>\n\n\n\n<p>Para pessoas na maturidade, o <strong>salm\u00e3o selvagem<\/strong> destaca-se como uma fonte excepcional de prote\u00ednas magras que auxiliam na manuten\u00e7\u00e3o da for\u00e7a f\u00edsica. Al\u00e9m do <strong><a href=\"https:\/\/www.correiobraziliense.com.br\/cbradar\/omega-3-e-o-aliado-mais-importante-para-proteger-o-coracao-e-reduzir-triglicerideos\/\" target=\"_blank\" rel=\"noreferrer noopener\">\u00f4mega-3<\/a><\/strong>, ele possui astaxantina, um antioxidante poderoso que protege as c\u00e9lulas do envelhecimento precoce e melhora a vis\u00e3o. O consumo frequente deste peixe favorece a regenera\u00e7\u00e3o muscular de forma eficiente.<\/p>\n\n\n\n<p>O preparo deve priorizar m\u00e9todos que preservem a integridade das gorduras saud\u00e1veis, como grelhados leves ou assados com ervas naturais selecionadas. Evitar frituras excessivas garante que o organismo absorva apenas os nutrientes que promovem a longevidade e o bem-estar geral. \u00c9 um investimento real na sa\u00fade para quem busca envelhecer com <strong>vitalidade e energia<\/strong>.<\/p>\n\n\n\n<p>Muitas pessoas t\u00eam d\u00favidas sobre as diferen\u00e7as entre o salm\u00e3o selvagem e o de cativeiro, especialmente quando o assunto envolve qualidade nutricional e impacto na sa\u00fade. Entender essas distin\u00e7\u00f5es ajuda na escolha alimentar. No conte\u00fado do <strong>Coruja S\u00e1bia<\/strong>, com 9,88 mil inscritos, voc\u00ea descobre:<\/p>\n\n\n\n<figure class=\"wp-block-embed is-type-video is-provider-youtube wp-block-embed-youtube wp-embed-aspect-16-9 wp-has-aspect-ratio\"><div class=\"wp-block-embed__wrapper\">\n<div class=\"jeg_video_container jeg_video_content\"><iframe loading=\"lazy\" title=\"SALM\u00c3O - SELVAGEM X CATIVEIRO - TEM TANTA DIFEREN\u00c7A?\" width=\"500\" height=\"281\" src=\"https:\/\/www.youtube.com\/embed\/WFUVPOBdOkU?feature=oembed\" frameborder=\"0\" allow=\"accelerometer; autoplay; clipboard-write; encrypted-media; gyroscope; picture-in-picture; web-share\" referrerpolicy=\"strict-origin-when-cross-origin\" allowfullscreen><\/iframe><\/div>\n<\/div><\/figure>\n\n\n\n<h2 class=\"wp-block-heading\">Quais os benef\u00edcios da sardinha para a estrutura \u00f3ssea?<\/h2>\n\n\n\n<p>A <strong>sardinha<\/strong> \u00e9 frequentemente ignorada, mas representa uma das op\u00e7\u00f5es mais completas em termos de densidade nutricional para o p\u00fablico maduro. Por ser consumida com espinhas, ela oferece uma quantidade significativa de c\u00e1lcio e vitamina D, essenciais para prevenir a osteoporose. \u00c9 uma alternativa sustent\u00e1vel, acess\u00edvel e livre de metais pesados prejudiciais \u00e0 sa\u00fade humana.<\/p>\n\n\n\n<p>Estudos indicam que os \u00e1cidos graxos presentes neste peixe pequeno ajudam a reduzir processos inflamat\u00f3rios cr\u00f4nicos nas articula\u00e7\u00f5es e tecidos moles. Integrar a sardinha no card\u00e1pio semanal melhora a circula\u00e7\u00e3o sangu\u00ednea e protege o cora\u00e7\u00e3o contra doen\u00e7as coron\u00e1rias graves. Sua versatilidade permite diversas combina\u00e7\u00f5es culin\u00e1rias que agradam paladares exigentes e promovem uma <strong>vida plena e ativa<\/strong>.<\/p>\n\n\n\n<h2 class=\"wp-block-heading\">Como incluir o atum na dieta de forma estrat\u00e9gica?<\/h2>\n\n\n\n<p>O <strong>atum fresco<\/strong> \u00e9 uma pot\u00eancia proteica que ajuda a preservar a massa magra e a saciedade ao longo do dia. Suas propriedades nutricionais favorecem o metabolismo energ\u00e9tico, garantindo disposi\u00e7\u00e3o extra para atividades f\u00edsicas moderadas e rotinas intensas de trabalho. \u00c9 um aliado poderoso para manter o peso sob controle durante as mudan\u00e7as hormonais t\u00edpicas da idade.<\/p>\n\n\n\n<p>Para aproveitar ao m\u00e1ximo cada nutriente, existem formas criativas de integrar este ingrediente ao card\u00e1pio di\u00e1rio com muito sabor:<\/p>\n\n\n\n<ul class=\"wp-block-list\">\n<li>Selado rapidamente na chapa com sementes de gergelim preto.<\/li>\n\n\n\n<li>Saladas frescas com folhas verdes escuras e azeite extra virgem.<\/li>\n\n\n\n<li>Pat\u00eas caseiros feitos com iogurte natural e ervas finas colhidas.<\/li>\n\n\n\n<li>Assado no forno com legumes da esta\u00e7\u00e3o e especiarias variadas.<\/li>\n\n\n\n<li>Recheio de sandu\u00edches integrais para lanches r\u00e1pidos e muito saud\u00e1veis.<\/li>\n<\/ul>\n\n\n\n<h2 class=\"wp-block-heading\">Qual a import\u00e2ncia do \u00f4mega-3 para a fun\u00e7\u00e3o cognitiva?<\/h2>\n\n\n\n<p>A prote\u00e7\u00e3o do c\u00e9rebro \u00e9 uma prioridade absoluta para quem atravessa a marca dos cinquenta anos com foco total na clareza mental. O \u00f4mega-3 presente nestes peixes atua na integridade das membranas neuronais, facilitando a comunica\u00e7\u00e3o entre as c\u00e9lulas e prevenindo o decl\u00ednio cognitivo. \u00c9 um combust\u00edvel nobre para a mem\u00f3ria e para o racioc\u00ednio l\u00f3gico apurado.<\/p>\n\n\n\n<p>Manter n\u00edveis adequados de gorduras boas na dieta reduz o risco de doen\u00e7as neurodegenerativas e melhora o humor de forma natural. O equil\u00edbrio qu\u00edmico proporcionado pela ingest\u00e3o de peixes gordos reflete em uma mente mais \u00e1gil e resiliente diante do estresse. Priorizar a qualidade alimentar \u00e9 o caminho mais curto para garantir uma <strong>velhice l\u00facida e muito feliz<\/strong>.<\/p>\n\n\n\n<figure class=\"wp-block-image size-full\"><img decoding=\"async\" width=\"1280\" height=\"720\" src=\"https:\/\/www.correiobraziliense.com.br\/cbradar\/wp-content\/uploads\/2026\/03\/Gemini_Generated_Image_aw7vbiaw7vbiaw7v-1-1.png\" alt=\"3 peixes ricos em prote\u00edna e \u00f4mega-3 recomendados para pessoas acima dos 50\" class=\"wp-image-205750\" srcset=\"https:\/\/www.correiobraziliense.com.br\/cbradar\/wp-content\/uploads\/2026\/03\/Gemini_Generated_Image_aw7vbiaw7vbiaw7v-1-1.png 1280w, https:\/\/www.correiobraziliense.com.br\/cbradar\/wp-content\/uploads\/2026\/03\/Gemini_Generated_Image_aw7vbiaw7vbiaw7v-1-1-300x169.png 300w, https:\/\/www.correiobraziliense.com.br\/cbradar\/wp-content\/uploads\/2026\/03\/Gemini_Generated_Image_aw7vbiaw7vbiaw7v-1-1-768x432.png 768w, https:\/\/www.correiobraziliense.com.br\/cbradar\/wp-content\/uploads\/2026\/03\/Gemini_Generated_Image_aw7vbiaw7vbiaw7v-1-1-750x422.png 750w, https:\/\/www.correiobraziliense.com.br\/cbradar\/wp-content\/uploads\/2026\/03\/Gemini_Generated_Image_aw7vbiaw7vbiaw7v-1-1-1140x641.png 1140w\" sizes=\"(max-width: 1280px) 100vw, 1280px\" \/><figcaption class=\"wp-element-caption\">Peixes ricos em \u00f4mega 3 que ajudam a proteger c\u00e9rebro cora\u00e7\u00e3o e m\u00fasculos ap\u00f3s os 50 anos<\/figcaption><\/figure>\n\n\n\n<h2 class=\"wp-block-heading\">Como escolher a melhor proced\u00eancia para o consumo seguro?<\/h2>\n\n\n\n<p>Identificar a origem do pescado \u00e9 crucial para garantir que voc\u00ea est\u00e1 consumindo um alimento livre de contaminantes qu\u00edmicos ou poluentes. Prefira sempre peixes de \u00e1guas frias e profundas, que naturalmente acumulam maiores concentra\u00e7\u00f5es de gorduras ben\u00e9ficas para o organismo. A proced\u00eancia certificada assegura que o impacto ambiental seja minimizado enquanto sua sa\u00fade \u00e9 maximizada com seguran\u00e7a.<\/p>\n\n\n\n<p>Dados t\u00e9cnicos sobre os benef\u00edcios dos \u00e1cidos graxos para a sa\u00fade cardiovascular podem ser verificados no portal da <a target=\"_blank\" rel=\"noreferrer noopener\" href=\"https:\/\/www.heart.org\/en\/healthy-living\/healthy-eating\/eat-smart\/fats\/fish-and-omega-3-fatty-acids\">American Heart Association<\/a>, que recomenda duas por\u00e7\u00f5es semanais de peixe. Seguir estas orienta\u00e7\u00f5es baseadas em evid\u00eancias cient\u00edficas s\u00f3lidas transforma a alimenta\u00e7\u00e3o em um escudo protetor contra as enfermidades modernas. O conhecimento fundamentado \u00e9 a ferramenta mais poderosa para uma <strong>vida plena<\/strong>.<\/p>\n","protected":false},"excerpt":{"rendered":"<p>A ingest\u00e3o regular de peixes gordos \u00e9 fundamental para manter a sa\u00fade cognitiva e cardiovascular ap\u00f3s os cinquenta anos de idade. Estes alimentos fornecem prote\u00ednas de alto valor biol\u00f3gico e \u00e1cidos graxos essenciais que o corpo humano n\u00e3o produz sozinho. Priorizar esp\u00e9cies espec\u00edficas garante o aporte necess\u00e1rio de nutrientes vitais. Por que o salm\u00e3o selvagem [&hellip;]<\/p>\n","protected":false},"author":21,"featured_media":205745,"comment_status":"open","ping_status":"open","sticky":false,"template":"","format":"standard","meta":{"_yoast_wpseo_focuskw":"peixes ricos em \u00f4mega 3 e prote\u00edna","_yoast_wpseo_title":"","_yoast_wpseo_metadesc":"Ap\u00f3s os 50 anos, certos peixes ricos em \u00f4mega 3 e prote\u00edna podem ajudar a proteger c\u00e9rebro, cora\u00e7\u00e3o e m\u00fasculos.","jnews-multi-image_gallery":[],"jnews_single_post":{"format":"standard"},"jnews_primary_category":[],"jnews_social_meta":[],"jnews_override_counter":[],"footnotes":""},"categories":[112],"tags":[4527,5330,6811],"class_list":["post-205738","post","type-post","status-publish","format-standard","has-post-thumbnail","hentry","category-curiosidades","tag-omega-3","tag-peixes","tag-proteina-2"],"yoast_head":"<!-- This site is optimized with the Yoast SEO plugin v24.6 - https:\/\/yoast.com\/wordpress\/plugins\/seo\/ -->\n<title>3 peixes ricos em prote\u00edna e \u00f4mega-3 recomendados para pessoas acima dos 50 - Correio Braziliense - Radar<\/title>\n<meta name=\"description\" content=\"Ap\u00f3s os 50 anos, certos peixes ricos em \u00f4mega 3 e prote\u00edna podem ajudar a proteger c\u00e9rebro, cora\u00e7\u00e3o e m\u00fasculos.\" \/>\n<meta name=\"robots\" content=\"index, follow, max-snippet:-1, max-image-preview:large, max-video-preview:-1\" \/>\n<link rel=\"canonical\" href=\"https:\/\/www.correiobraziliense.com.br\/cbradar\/3-peixes-ricos-em-proteina-e-omega-3-recomendados-para-pessoas-acima-dos-50\/\" \/>\n<meta property=\"og:locale\" content=\"pt_BR\" \/>\n<meta property=\"og:type\" content=\"article\" \/>\n<meta property=\"og:title\" content=\"3 peixes ricos em prote\u00edna e \u00f4mega-3 recomendados para pessoas acima dos 50 - Correio Braziliense - Radar\" \/>\n<meta property=\"og:description\" content=\"Ap\u00f3s os 50 anos, certos peixes ricos em \u00f4mega 3 e prote\u00edna podem ajudar a proteger c\u00e9rebro, cora\u00e7\u00e3o e m\u00fasculos.\" \/>\n<meta property=\"og:url\" content=\"https:\/\/www.correiobraziliense.com.br\/cbradar\/3-peixes-ricos-em-proteina-e-omega-3-recomendados-para-pessoas-acima-dos-50\/\" \/>\n<meta property=\"og:site_name\" content=\"Correio Braziliense - Radar\" \/>\n<meta property=\"article:published_time\" content=\"2026-03-11T04:25:00+00:00\" \/>\n<meta property=\"og:image\" content=\"https:\/\/www.correiobraziliense.com.br\/cbradar\/wp-content\/uploads\/2026\/03\/Gemini_Generated_Image_rrbwvcrrbwvcrrbw-1-1.png\" \/>\n\t<meta property=\"og:image:width\" content=\"1280\" \/>\n\t<meta property=\"og:image:height\" content=\"720\" \/>\n\t<meta property=\"og:image:type\" content=\"image\/png\" \/>\n<meta name=\"author\" content=\"Patrick Silva\" \/>\n<meta name=\"twitter:card\" content=\"summary_large_image\" \/>\n<meta name=\"twitter:label1\" content=\"Escrito por\" \/>\n\t<meta name=\"twitter:data1\" content=\"Patrick Silva\" \/>\n\t<meta name=\"twitter:label2\" content=\"Est. tempo de leitura\" \/>\n\t<meta name=\"twitter:data2\" content=\"5 minutos\" \/>\n<!-- \/ Yoast SEO plugin. -->","yoast_head_json":{"title":"3 peixes ricos em prote\u00edna e \u00f4mega-3 recomendados para pessoas acima dos 50 - Correio Braziliense - Radar","description":"Ap\u00f3s os 50 anos, certos peixes ricos em \u00f4mega 3 e prote\u00edna podem ajudar a proteger c\u00e9rebro, cora\u00e7\u00e3o e m\u00fasculos.","robots":{"index":"index","follow":"follow","max-snippet":"max-snippet:-1","max-image-preview":"max-image-preview:large","max-video-preview":"max-video-preview:-1"},"canonical":"https:\/\/www.correiobraziliense.com.br\/cbradar\/3-peixes-ricos-em-proteina-e-omega-3-recomendados-para-pessoas-acima-dos-50\/","og_locale":"pt_BR","og_type":"article","og_title":"3 peixes ricos em prote\u00edna e \u00f4mega-3 recomendados para pessoas acima dos 50 - Correio Braziliense - Radar","og_description":"Ap\u00f3s os 50 anos, certos peixes ricos em \u00f4mega 3 e prote\u00edna podem ajudar a proteger c\u00e9rebro, cora\u00e7\u00e3o e m\u00fasculos.","og_url":"https:\/\/www.correiobraziliense.com.br\/cbradar\/3-peixes-ricos-em-proteina-e-omega-3-recomendados-para-pessoas-acima-dos-50\/","og_site_name":"Correio Braziliense - Radar","article_published_time":"2026-03-11T04:25:00+00:00","og_image":[{"width":1280,"height":720,"url":"https:\/\/www.correiobraziliense.com.br\/cbradar\/wp-content\/uploads\/2026\/03\/Gemini_Generated_Image_rrbwvcrrbwvcrrbw-1-1.png","type":"image\/png"}],"author":"Patrick Silva","twitter_card":"summary_large_image","twitter_misc":{"Escrito por":"Patrick Silva","Est. tempo de leitura":"5 minutos"},"schema":{"@context":"https:\/\/schema.org","@graph":[{"@type":"WebPage","@id":"https:\/\/www.correiobraziliense.com.br\/cbradar\/3-peixes-ricos-em-proteina-e-omega-3-recomendados-para-pessoas-acima-dos-50\/","url":"https:\/\/www.correiobraziliense.com.br\/cbradar\/3-peixes-ricos-em-proteina-e-omega-3-recomendados-para-pessoas-acima-dos-50\/","name":"3 peixes ricos em prote\u00edna e \u00f4mega-3 recomendados para pessoas acima dos 50 - Correio Braziliense - Radar","isPartOf":{"@id":"https:\/\/www.correiobraziliense.com.br\/cbradar\/#website"},"primaryImageOfPage":{"@id":"https:\/\/www.correiobraziliense.com.br\/cbradar\/3-peixes-ricos-em-proteina-e-omega-3-recomendados-para-pessoas-acima-dos-50\/#primaryimage"},"image":{"@id":"https:\/\/www.correiobraziliense.com.br\/cbradar\/3-peixes-ricos-em-proteina-e-omega-3-recomendados-para-pessoas-acima-dos-50\/#primaryimage"},"thumbnailUrl":"https:\/\/www.correiobraziliense.com.br\/cbradar\/wp-content\/uploads\/2026\/03\/Gemini_Generated_Image_rrbwvcrrbwvcrrbw-1-1.png","datePublished":"2026-03-11T04:25:00+00:00","author":{"@id":"https:\/\/www.correiobraziliense.com.br\/cbradar\/#\/schema\/person\/5440b72be9c7eb74f446c846479dc4da"},"description":"Ap\u00f3s os 50 anos, certos peixes ricos em \u00f4mega 3 e prote\u00edna podem ajudar a proteger c\u00e9rebro, cora\u00e7\u00e3o e m\u00fasculos.","breadcrumb":{"@id":"https:\/\/www.correiobraziliense.com.br\/cbradar\/3-peixes-ricos-em-proteina-e-omega-3-recomendados-para-pessoas-acima-dos-50\/#breadcrumb"},"inLanguage":"pt-BR","potentialAction":[{"@type":"ReadAction","target":["https:\/\/www.correiobraziliense.com.br\/cbradar\/3-peixes-ricos-em-proteina-e-omega-3-recomendados-para-pessoas-acima-dos-50\/"]}]},{"@type":"ImageObject","inLanguage":"pt-BR","@id":"https:\/\/www.correiobraziliense.com.br\/cbradar\/3-peixes-ricos-em-proteina-e-omega-3-recomendados-para-pessoas-acima-dos-50\/#primaryimage","url":"https:\/\/www.correiobraziliense.com.br\/cbradar\/wp-content\/uploads\/2026\/03\/Gemini_Generated_Image_rrbwvcrrbwvcrrbw-1-1.png","contentUrl":"https:\/\/www.correiobraziliense.com.br\/cbradar\/wp-content\/uploads\/2026\/03\/Gemini_Generated_Image_rrbwvcrrbwvcrrbw-1-1.png","width":1280,"height":720,"caption":"Peixes ricos em \u00f4mega 3 que ajudam a proteger c\u00e9rebro cora\u00e7\u00e3o e m\u00fasculos ap\u00f3s os 50 anos"},{"@type":"BreadcrumbList","@id":"https:\/\/www.correiobraziliense.com.br\/cbradar\/3-peixes-ricos-em-proteina-e-omega-3-recomendados-para-pessoas-acima-dos-50\/#breadcrumb","itemListElement":[{"@type":"ListItem","position":1,"name":"In\u00edcio","item":"https:\/\/www.correiobraziliense.com.br\/cbradar\/"},{"@type":"ListItem","position":2,"name":"3 peixes ricos em prote\u00edna e \u00f4mega-3 recomendados para pessoas acima dos 50"}]},{"@type":"WebSite","@id":"https:\/\/www.correiobraziliense.com.br\/cbradar\/#website","url":"https:\/\/www.correiobraziliense.com.br\/cbradar\/","name":"Correio Braziliense - Radar","description":"Acompanhe as \u00faltimas not\u00edcias e fique bem informado sobre tudo o que acontece no Brasil e no mundo.","potentialAction":[{"@type":"SearchAction","target":{"@type":"EntryPoint","urlTemplate":"https:\/\/www.correiobraziliense.com.br\/cbradar\/?s={search_term_string}"},"query-input":{"@type":"PropertyValueSpecification","valueRequired":true,"valueName":"search_term_string"}}],"inLanguage":"pt-BR"},{"@type":"Person","@id":"https:\/\/www.correiobraziliense.com.br\/cbradar\/#\/schema\/person\/5440b72be9c7eb74f446c846479dc4da","name":"Patrick Silva","image":{"@type":"ImageObject","inLanguage":"pt-BR","@id":"https:\/\/www.correiobraziliense.com.br\/cbradar\/#\/schema\/person\/image\/","url":"https:\/\/secure.gravatar.com\/avatar\/944109df296fc087785c9715fd5f80b2?s=96&d=mm&r=g","contentUrl":"https:\/\/secure.gravatar.com\/avatar\/944109df296fc087785c9715fd5f80b2?s=96&d=mm&r=g","caption":"Patrick Silva"},"sameAs":["https:\/\/www.correiobraziliense.com.br\/cbradar\/"],"url":"https:\/\/www.correiobraziliense.com.br\/cbradar\/author\/patrick-silva\/"}]}},"_links":{"self":[{"href":"https:\/\/www.correiobraziliense.com.br\/cbradar\/wp-json\/wp\/v2\/posts\/205738","targetHints":{"allow":["GET"]}}],"collection":[{"href":"https:\/\/www.correiobraziliense.com.br\/cbradar\/wp-json\/wp\/v2\/posts"}],"about":[{"href":"https:\/\/www.correiobraziliense.com.br\/cbradar\/wp-json\/wp\/v2\/types\/post"}],"author":[{"embeddable":true,"href":"https:\/\/www.correiobraziliense.com.br\/cbradar\/wp-json\/wp\/v2\/users\/21"}],"replies":[{"embeddable":true,"href":"https:\/\/www.correiobraziliense.com.br\/cbradar\/wp-json\/wp\/v2\/comments?post=205738"}],"version-history":[{"count":4,"href":"https:\/\/www.correiobraziliense.com.br\/cbradar\/wp-json\/wp\/v2\/posts\/205738\/revisions"}],"predecessor-version":[{"id":205761,"href":"https:\/\/www.correiobraziliense.com.br\/cbradar\/wp-json\/wp\/v2\/posts\/205738\/revisions\/205761"}],"wp:featuredmedia":[{"embeddable":true,"href":"https:\/\/www.correiobraziliense.com.br\/cbradar\/wp-json\/wp\/v2\/media\/205745"}],"wp:attachment":[{"href":"https:\/\/www.correiobraziliense.com.br\/cbradar\/wp-json\/wp\/v2\/media?parent=205738"}],"wp:term":[{"taxonomy":"category","embeddable":true,"href":"https:\/\/www.correiobraziliense.com.br\/cbradar\/wp-json\/wp\/v2\/categories?post=205738"},{"taxonomy":"post_tag","embeddable":true,"href":"https:\/\/www.correiobraziliense.com.br\/cbradar\/wp-json\/wp\/v2\/tags?post=205738"}],"curies":[{"name":"wp","href":"https:\/\/api.w.org\/{rel}","templated":true}]}}