{"id":205748,"date":"2026-03-10T07:55:00","date_gmt":"2026-03-10T10:55:00","guid":{"rendered":"https:\/\/www.correiobraziliense.com.br\/cbradar\/?p=205748"},"modified":"2026-03-09T17:08:00","modified_gmt":"2026-03-09T20:08:00","slug":"a-cidade-paulista-fundada-por-americanos-em-1875-que-hoje-tem-qualidade-de-vida-de-pais-rico","status":"publish","type":"post","link":"https:\/\/www.correiobraziliense.com.br\/cbradar\/a-cidade-paulista-fundada-por-americanos-em-1875-que-hoje-tem-qualidade-de-vida-de-pais-rico\/","title":{"rendered":"A cidade paulista fundada por americanos em 1875 que hoje tem qualidade de vida de pa\u00eds rico"},"content":{"rendered":"\n<p>Quem desembarca em <strong>Americana<\/strong> pela primeira vez estranha o sotaque: arredondado, puxado, diferente do interior paulista vizinho. A explica\u00e7\u00e3o est\u00e1 na origem da cidade, a 127 km de <strong>S\u00e3o Paulo<\/strong>, que nasceu de uma derrota de guerra e se tornou um dos lugares com melhor qualidade de vida do <strong>Brasil<\/strong>.<\/p>\n\n\n\n<h2 class=\"wp-block-heading\">Por que uma guerra nos EUA deu nome a uma cidade paulista?<\/h2>\n\n\n\n<p>Em <strong>1865<\/strong>, terminava a Guerra de Secess\u00e3o nos <strong>Estados Unidos<\/strong>. Os estados do sul sa\u00edram derrotados e milhares de fam\u00edlias confederadas, sem perspectiva de reconstru\u00e7\u00e3o, aceitaram o convite do <strong>Imp\u00e9rio Brasileiro<\/strong>, que oferecia terras e incentivos para quem quisesse cultivar algod\u00e3o no interior de <strong>S\u00e3o Paulo<\/strong>. O primeiro n\u00facleo se formou a partir de <strong>1866<\/strong>, ao redor da fazenda do senador do Alabama <strong>William Hutchinson Norris<\/strong>, na regi\u00e3o que hoje divide <strong>Americana<\/strong> e <strong>Santa B\u00e1rbara d&#8217;Oeste<\/strong>, segundo a <a href=\"https:\/\/www.americana.sp.gov.br\/americana-index.php?a=historia\" target=\"_blank\" rel=\"noreferrer noopener\"><strong>Prefeitura de Americana<\/strong><\/a>.<\/p>\n\n\n\n<p>A vila cresceu em torno da esta\u00e7\u00e3o ferrovi\u00e1ria inaugurada em <strong>1875<\/strong> pela <strong>Companhia Paulista de Estradas de Ferro<\/strong>. O nome oficial era confuso e as cartas se perdiam com frequ\u00eancia entre a nova vila e a vizinha Santa B\u00e1rbara. A solu\u00e7\u00e3o chegou em <strong>1900<\/strong>, quando a companhia rebatizou a esta\u00e7\u00e3o de <em>Villa Americana<\/em>, em refer\u00eancia aos imigrantes que dominavam a paisagem local. A cidade foi elevada a munic\u00edpio em <strong>12 de novembro de 1924<\/strong>. O sotaque diferente dos americanenses, notado at\u00e9 hoje pelos vizinhos, \u00e9 considerado por pesquisadores um reflexo dessa forma\u00e7\u00e3o particular.<\/p>\n\n\n<div class=\"wp-block-image\">\n<figure class=\"aligncenter size-large\"><img decoding=\"async\" width=\"1024\" height=\"576\" src=\"https:\/\/www.correiobraziliense.com.br\/cbradar\/wp-content\/uploads\/2025\/12\/G-2025-12-13T231805.134-1024x576.png\" alt=\"A cidade fundada em 1875 por norte americanos est\u00e1 liderando em qualidade de vida em S\u00e3o Paulo como um \u00f3timo lugar para viver\" class=\"wp-image-155761\" srcset=\"https:\/\/www.correiobraziliense.com.br\/cbradar\/wp-content\/uploads\/2025\/12\/G-2025-12-13T231805.134-1024x576.png 1024w, https:\/\/www.correiobraziliense.com.br\/cbradar\/wp-content\/uploads\/2025\/12\/G-2025-12-13T231805.134-300x169.png 300w, https:\/\/www.correiobraziliense.com.br\/cbradar\/wp-content\/uploads\/2025\/12\/G-2025-12-13T231805.134-768x432.png 768w, https:\/\/www.correiobraziliense.com.br\/cbradar\/wp-content\/uploads\/2025\/12\/G-2025-12-13T231805.134-750x422.png 750w, https:\/\/www.correiobraziliense.com.br\/cbradar\/wp-content\/uploads\/2025\/12\/G-2025-12-13T231805.134-1140x641.png 1140w, https:\/\/www.correiobraziliense.com.br\/cbradar\/wp-content\/uploads\/2025\/12\/G-2025-12-13T231805.134.png 1280w\" sizes=\"(max-width: 1024px) 100vw, 1024px\" \/><figcaption class=\"wp-element-caption\">Planeje a visita incluindo Zoo, Jardim Bot\u00e2nico, Bas\u00edlica, Mercado Municipal e eventos sazonais como o Roteiro Gastron\u00f4mico em agosto. \/\/ Cr\u00e9ditos: Wikip\u00e9dia<\/figcaption><\/figure><\/div>\n\n\n<h2 class=\"wp-block-heading\">Da tecelagem ao IDH de pa\u00eds rico: como Americana cresceu<\/h2>\n\n\n\n<p>Os confederados trouxeram o cultivo do algod\u00e3o e a t\u00e9cnica t\u00eaxtil. Em <strong>1875<\/strong>, um engenheiro norte-americano associado a brasileiros fundou a <strong>F\u00e1brica de Tecidos Carioba<\/strong>, considerada pelo registro hist\u00f3rico da prefeitura como ber\u00e7o da industrializa\u00e7\u00e3o da cidade, e uma das tr\u00eas primeiras ind\u00fastrias t\u00eaxteis do estado de <strong>S\u00e3o Paulo<\/strong>. Os imigrantes italianos que chegaram depois transformaram esse legado em escala industrial, tornando Americana a capital do tecido rayon na d\u00e9cada de <strong>1930<\/strong> e consolidando o apelido de <strong>Princesa Tecel\u00e3<\/strong>, registrado pela <a href=\"https:\/\/www.al.sp.gov.br\/noticia\/?id=284435\" target=\"_blank\" rel=\"noreferrer noopener\"><strong>Assembleia Legislativa de S\u00e3o Paulo<\/strong><\/a>.<\/p>\n\n\n\n<p>O resultado desse ac\u00famulo hist\u00f3rico \u00e9 uma cidade com <strong>IDH de 0,811<\/strong>, entre os 20 munic\u00edpios com melhor qualidade de vida do Brasil conforme o <strong>Atlas do Desenvolvimento Humano<\/strong> do <strong>Programa das Na\u00e7\u00f5es Unidas para o Desenvolvimento (PNUD)<\/strong>. Em 2025, a cidade ficou na <strong>30\u00aa posi\u00e7\u00e3o no ranking das cidades mais felizes do Brasil<\/strong> e em <strong>14\u00aa no estado de S\u00e3o Paulo<\/strong>, segundo levantamento da <strong>Revista Bula<\/strong> baseado em metodologia da <strong>ONU<\/strong>, conforme noticiado pela pr\u00f3pria <a href=\"https:\/\/www.americana.sp.gov.br\/americana-index.php?a=noticia&amp;id=32975\" target=\"_blank\" rel=\"noreferrer noopener\"><strong>Prefeitura Municipal<\/strong><\/a>.<\/p>\n\n\n\n<p><strong>Americana \u00e9 um dos principais polos econ\u00f4micos do interior de S\u00e3o Paulo, destacando-se pela alta qualidade de vida e seguran\u00e7a. <\/strong>O v\u00eddeo \u00e9 do canal <strong>MAIS 50<\/strong>, que conta com mais de <strong>280 mil inscritos<\/strong>, e apresenta uma an\u00e1lise detalhada sobre morar na cidade:<\/p>\n\n\n\n<figure class=\"wp-block-embed aligncenter is-type-video is-provider-youtube wp-block-embed-youtube wp-embed-aspect-16-9 wp-has-aspect-ratio\"><div class=\"wp-block-embed__wrapper\">\n<div class=\"jeg_video_container jeg_video_content\"><iframe loading=\"lazy\" title=\"MORAR EM AMERICANA NO INTERIOR DE S\u00c3O PAULO\" width=\"500\" height=\"281\" src=\"https:\/\/www.youtube.com\/embed\/-NVt6-a245Y?feature=oembed\" frameborder=\"0\" allow=\"accelerometer; autoplay; clipboard-write; encrypted-media; gyroscope; picture-in-picture; web-share\" referrerpolicy=\"strict-origin-when-cross-origin\" allowfullscreen><\/iframe><\/div>\n<\/div><\/figure>\n\n\n\n<h2 class=\"wp-block-heading\">O que \u00e9 morar na Princesa Tecel\u00e3 no dia a dia?<\/h2>\n\n\n\n<p>Com cerca de 237 mil habitantes, Americana tem a escala certa para quem quer escapar das metr\u00f3poles sem abrir m\u00e3o de infraestrutura completa. O centro concentra servi\u00e7os, com\u00e9rcio e o <strong>Mercado Municipal Luiza Padovani<\/strong>, inaugurado em <strong>1959<\/strong> e tombado como patrim\u00f4nio cultural da cidade. A <strong>Avenida Brasil<\/strong>, com suas palmeiras-imperiais e fileira de bares e restaurantes, funciona como sala de estar coletiva nos fins de semana, com programa\u00e7\u00e3o musical regular.<\/p>\n\n\n\n<p>O <strong>Observat\u00f3rio Municipal de Americana (OMA)<\/strong> \u00e9 um diferencial raro em cidades desse porte: equipado com a segunda maior luneta do estado de S\u00e3o Paulo, segundo a <a href=\"https:\/\/pt.wikipedia.org\/wiki\/Americana_(S%C3%A3o_Paulo)\" target=\"_blank\" rel=\"noreferrer noopener\"><strong>Wikip\u00e9dia<\/strong><\/a>, o espa\u00e7o permite observa\u00e7\u00e3o p\u00fablica de astros e funciona como centro de difus\u00e3o cient\u00edfica para escolas e fam\u00edlias. Para quem prefere o verde, o <strong>Parque Ecol\u00f3gico Cid Almeida Franco<\/strong>, com zool\u00f3gico municipal, e o <strong>Jardim Bot\u00e2nico<\/strong>, com 100 mil m\u00b2 de esp\u00e9cies nativas e ex\u00f3ticas, est\u00e3o no centro da cidade, a poucos minutos de qualquer bairro.<\/p>\n\n\n<div class=\"wp-block-image\">\n<figure class=\"aligncenter size-large\"><img decoding=\"async\" width=\"1024\" height=\"576\" src=\"https:\/\/www.correiobraziliense.com.br\/cbradar\/wp-content\/uploads\/2025\/12\/G-2025-12-13T232113.559-1024x576.png\" alt=\"A cidade fundada em 1875 por norte americanos est\u00e1 liderando em qualidade de vida em S\u00e3o Paulo como um \u00f3timo lugar para viver\" class=\"wp-image-155756\" srcset=\"https:\/\/www.correiobraziliense.com.br\/cbradar\/wp-content\/uploads\/2025\/12\/G-2025-12-13T232113.559-1024x576.png 1024w, https:\/\/www.correiobraziliense.com.br\/cbradar\/wp-content\/uploads\/2025\/12\/G-2025-12-13T232113.559-300x169.png 300w, https:\/\/www.correiobraziliense.com.br\/cbradar\/wp-content\/uploads\/2025\/12\/G-2025-12-13T232113.559-768x432.png 768w, https:\/\/www.correiobraziliense.com.br\/cbradar\/wp-content\/uploads\/2025\/12\/G-2025-12-13T232113.559-750x422.png 750w, https:\/\/www.correiobraziliense.com.br\/cbradar\/wp-content\/uploads\/2025\/12\/G-2025-12-13T232113.559-1140x641.png 1140w, https:\/\/www.correiobraziliense.com.br\/cbradar\/wp-content\/uploads\/2025\/12\/G-2025-12-13T232113.559.png 1280w\" sizes=\"(max-width: 1024px) 100vw, 1024px\" \/><figcaption class=\"wp-element-caption\">Viva Americana em um dia leve! Caminhe sob palmeiras na Avenida Brasil, visite o Zoo e termine vendo o p\u00f4r do sol no Jardim Bot\u00e2nico. \/\/ Cr\u00e9ditos: YouTube @droneshowtime<\/figcaption><\/figure><\/div>\n\n\n<h2 class=\"wp-block-heading\">Qual bairro combina com cada perfil de morador?<\/h2>\n\n\n\n<p>A cidade se divide em perfis distintos sem perder a coes\u00e3o. Para quem busca \u00e1rea nobre e contato com natureza, o <strong>Jardim Ipiranga<\/strong> se destaca pelas ruas largas, arboriza\u00e7\u00e3o densa e proximidade com o Parque Ecol\u00f3gico. O <strong>Centro<\/strong> e o <strong>Jardim Girassol<\/strong> atraem quem valoriza conveni\u00eancia: bancos, cl\u00ednicas, gastronomia variada e f\u00e1cil acesso a p\u00e9. Fam\u00edlias jovens encontram no <strong>Parque Novo Mundo<\/strong> e no <strong>Jardim Terram\u00e9rica<\/strong> im\u00f3veis modernos e \u00e1reas de lazer integradas. A cidade tem quatro shoppings, Welcome Center, Tivoli, Smart e Via Direta, distribu\u00eddos de forma que nenhum bairro fica isolado da oferta de consumo e servi\u00e7os.<\/p>\n\n\n\n<p>A economia diversificada sustenta um mercado de trabalho ativo. O setor t\u00eaxtil ainda emprega, mas a cidade cresceu em com\u00e9rcio, sa\u00fade, educa\u00e7\u00e3o e, nos \u00faltimos anos, em tecnologia, aproveitando a proximidade com o ecossistema de <strong>Campinas<\/strong>, a 45 km pela <strong>Rodovia Anhanguera<\/strong>.<\/p>\n\n\n\n<h2 class=\"wp-block-heading\">Como o calend\u00e1rio de eventos molda o cotidiano americanense?<\/h2>\n\n\n\n<p>A <strong>Festa do Pe\u00e3o de Americana<\/strong>, realizada todo m\u00eas de junho no Parque de Eventos, \u00e9 um dos maiores rodeios do Brasil, reunindo centenas de milhares de visitantes e as maiores atra\u00e7\u00f5es da m\u00fasica sertaneja. Para o morador, o evento transforma a cidade por dez dias e aquece o com\u00e9rcio da regi\u00e3o inteira. No segundo semestre, o <strong>Roteiro de Boteco<\/strong>, festival gastron\u00f4mico promovido pela Secretaria Municipal de Cultura, anima a Avenida Brasil com gastronomia local e shows ao ar livre.<\/p>\n\n\n\n<p>A heran\u00e7a italiana tamb\u00e9m se faz presente na mesa. A forte comunidade descendente de imigrantes italianos mant\u00e9m um Festival Italiano anual, com culin\u00e1ria t\u00edpica, m\u00fasica e artesanato. O frango frito e os pratos do sul dos <strong>Estados Unidos<\/strong> aparecem na <strong>Festa Confederada<\/strong>, celebrada no <strong>Cemit\u00e9rio do Campo<\/strong> em Santa B\u00e1rbara d&#8217;Oeste, onde descendentes das fam\u00edlias originais preservam dan\u00e7as, m\u00fasicas e trajes do s\u00e9culo XIX.<\/p>\n\n\n\n<p><strong>Leia tamb\u00e9m: <a href=\"https:\/\/www.correiobraziliense.com.br\/cbradar\/a-california-brasileira-tem-agua-de-230-mil-anos-na-torneira-e-o-1o-lugar-em-qualidade-de-vida-no-brasil\/\" target=\"_blank\" rel=\"noreferrer noopener\">A Calif\u00f3rnia Brasileira tem \u00e1gua de 230 mil anos na torneira e o 1\u00ba lugar em qualidade de vida no Brasil.<\/a><\/strong><\/p>\n\n\n\n<h2 class=\"wp-block-heading\">Quando o clima favorece cada atividade ao ar livre?<\/h2>\n\n\n\n<p>Americana tem clima subtropical \u00famido, com temperatura m\u00e9dia anual entre 13\u00b0C e 30\u00b0C, ver\u00f5es quentes e chuvosos e invernos secos e agrad\u00e1veis.<\/p>\n\n\n\n<div class=\"google-auto-ads-ignore\" style=\"font-family: 'Segoe UI', Roboto, Helvetica, Arial, sans-serif; max-width: 900px; margin: 10px auto; display: flex; flex-wrap: wrap; gap: 12px; justify-content: center;\">\n\n  <div style=\"flex: 1 1 200px; background: #ffffff; border-radius: 12px; border: 1px solid #bfdbfe; box-shadow: 0 2px 10px rgba(37, 99, 235, 0.05); overflow: hidden; display: flex; flex-direction: column;\">\n    <div style=\"background: #eff6ff; padding: 10px; border-bottom: 1px solid #dbeafe; display: flex; align-items: center; gap: 8px;\">\n      <div style=\"background: #2563eb; padding: 4px; border-radius: 6px; display: flex;\">\n        <svg width=\"14\" height=\"14\" viewBox=\"0 0 24 24\" fill=\"none\" stroke=\"#ffffff\" stroke-width=\"3\" stroke-linecap=\"round\" stroke-linejoin=\"round\"><circle cx=\"12\" cy=\"12\" r=\"5\"\/><line x1=\"12\" y1=\"1\" x2=\"12\" y2=\"3\"\/><line x1=\"12\" y1=\"21\" x2=\"12\" y2=\"23\"\/><line x1=\"4.22\" y1=\"4.22\" x2=\"5.64\" y2=\"5.64\"\/><line x1=\"18.36\" y1=\"18.36\" x2=\"19.78\" y2=\"19.78\"\/><line x1=\"1\" y1=\"12\" x2=\"3\" y2=\"12\"\/><line x1=\"21\" y1=\"12\" x2=\"23\" y2=\"12\"\/><\/svg>\n      <\/div>\n      <span style=\"font-size: 0.75rem; font-weight: 800; color: #1e3a8a; letter-spacing: 0.05em;\">VER\u00c3O<\/span>\n    <\/div>\n    <div style=\"padding: 12px; text-align: center;\">\n      <div style=\"font-size: 0.7rem; color: #1d4ed8; font-weight: 700;\">DEZ &#8211; FEV<\/div>\n      <div style=\"font-size: 1.2rem; font-weight: 900; color: #2563eb; margin: 2px 0;\">22-30\u00b0C<\/div>\n      <div style=\"font-size: 0.8rem; color: #1e293b; line-height: 1.3;\">Chuva alta. Aproveite os <strong>parques e o Jardim Bot\u00e2nico<\/strong> pela manh\u00e3 para evitar o calor.<\/div>\n    <\/div>\n  <\/div>\n\n  <div style=\"flex: 1 1 200px; background: #ffffff; border-radius: 12px; border: 1px solid #bfdbfe; box-shadow: 0 2px 10px rgba(37, 99, 235, 0.05); overflow: hidden; display: flex; flex-direction: column;\">\n    <div style=\"background: #eff6ff; padding: 10px; border-bottom: 1px solid #dbeafe; display: flex; align-items: center; gap: 8px;\">\n      <div style=\"background: #2563eb; padding: 4px; border-radius: 6px; display: flex;\">\n        <svg width=\"14\" height=\"14\" viewBox=\"0 0 24 24\" fill=\"none\" stroke=\"#ffffff\" stroke-width=\"3\" stroke-linecap=\"round\" stroke-linejoin=\"round\"><path d=\"M12 2L2 7l10 5 10-5-10-5zM2 17l10 5 10-5M2 12l10 5 10-5\"\/><\/svg>\n      <\/div>\n      <span style=\"font-size: 0.75rem; font-weight: 800; color: #1e3a8a; letter-spacing: 0.05em;\">OUTONO<\/span>\n    <\/div>\n    <div style=\"padding: 12px; text-align: center;\">\n      <div style=\"font-size: 0.7rem; color: #1d4ed8; font-weight: 700;\">MAR &#8211; MAI<\/div>\n      <div style=\"font-size: 1.2rem; font-weight: 900; color: #2563eb; margin: 2px 0;\">16-27\u00b0C<\/div>\n      <div style=\"font-size: 0.8rem; color: #1e293b; line-height: 1.3;\">Chuva m\u00e9dia. Clima ideal para <strong>caminhadas, feiras de rua<\/strong> e aproveitar a vida ao ar livre.<\/div>\n    <\/div>\n  <\/div>\n\n  <div style=\"flex: 1 1 200px; background: #ffffff; border-radius: 12px; border: 1px solid #bfdbfe; box-shadow: 0 2px 10px rgba(37, 99, 235, 0.05); overflow: hidden; display: flex; flex-direction: column;\">\n    <div style=\"background: #eff6ff; padding: 10px; border-bottom: 1px solid #dbeafe; display: flex; align-items: center; gap: 8px;\">\n      <div style=\"background: #2563eb; padding: 4px; border-radius: 6px; display: flex;\">\n        <svg width=\"14\" height=\"14\" viewBox=\"0 0 24 24\" fill=\"none\" stroke=\"#ffffff\" stroke-width=\"3\" stroke-linecap=\"round\" stroke-linejoin=\"round\"><path d=\"M12 3a6 6 0 0 0 9 9 9 9 0 1 1-9-9Z\"\/><path d=\"M19 3v4\"\/><path d=\"M21 5h-4\"\/><\/svg>\n      <\/div>\n      <span style=\"font-size: 0.75rem; font-weight: 800; color: #1e3a8a; letter-spacing: 0.05em;\">INVERNO<\/span>\n    <\/div>\n    <div style=\"padding: 12px; text-align: center;\">\n      <div style=\"font-size: 0.7rem; color: #1d4ed8; font-weight: 700;\">JUN &#8211; AGO<\/div>\n      <div style=\"font-size: 1.2rem; font-weight: 900; color: #2563eb; margin: 2px 0;\">13-24\u00b0C<\/div>\n      <div style=\"font-size: 0.8rem; color: #1e293b; line-height: 1.3;\">Chuva baixa. Esta\u00e7\u00e3o da famosa <strong>Festa do Pe\u00e3o<\/strong> e do agito na <strong>Avenida Brasil<\/strong> \u00e0 noite.<\/div>\n    <\/div>\n  <\/div>\n\n  <div style=\"flex: 1 1 200px; background: #ffffff; border-radius: 12px; border: 1px solid #bfdbfe; box-shadow: 0 2px 10px rgba(37, 99, 235, 0.05); overflow: hidden; display: flex; flex-direction: column;\">\n    <div style=\"background: #eff6ff; padding: 10px; border-bottom: 1px solid #dbeafe; display: flex; align-items: center; gap: 10px;\">\n      <div style=\"background: #2563eb; padding: 4px; border-radius: 6px; display: flex;\">\n        <svg width=\"14\" height=\"14\" viewBox=\"0 0 24 24\" fill=\"none\" stroke=\"#ffffff\" stroke-width=\"3\" stroke-linecap=\"round\" stroke-linejoin=\"round\"><path d=\"M12 7.5V21m-4.5-9L12 21l4.5-9\"\/><\/svg>\n      <\/div>\n      <span style=\"font-size: 0.75rem; font-weight: 800; color: #1e3a8a; letter-spacing: 0.05em;\">PRIMAVERA<\/span>\n    <\/div>\n    <div style=\"padding: 12px; text-align: center;\">\n      <div style=\"font-size: 0.7rem; color: #1d4ed8; font-weight: 700;\">SET &#8211; NOV<\/div>\n      <div style=\"font-size: 1.2rem; font-weight: 900; color: #2563eb; margin: 2px 0;\">17-29\u00b0C<\/div>\n      <div style=\"font-size: 0.8rem; color: #1e293b; line-height: 1.3;\">Chuva m\u00e9dia. Ideal para desfrutar dos <strong>parques<\/strong> floridos e diversos <strong>eventos culturais<\/strong> locais.<\/div>\n    <\/div>\n  <\/div>\n\n<\/div>\n\n\n\n<p><em>Temperaturas aproximadas com base na <a href=\"https:\/\/www.climatempo.com.br\/climatologia\/391\/americana-sp\" target=\"_blank\" rel=\"noreferrer noopener\"><strong>Climatempo<\/strong><\/a>. Condi\u00e7\u00f5es podem variar.<\/em><\/p>\n\n\n<div class=\"wp-block-image\">\n<figure class=\"aligncenter size-large\"><img decoding=\"async\" width=\"1024\" height=\"576\" src=\"https:\/\/www.correiobraziliense.com.br\/cbradar\/wp-content\/uploads\/2025\/12\/G-2025-12-13T232126.029-1024x576.png\" alt=\"A cidade fundada em 1875 por norte americanos est\u00e1 liderando em qualidade de vida em S\u00e3o Paulo como um \u00f3timo lugar para viver\" class=\"wp-image-155755\" srcset=\"https:\/\/www.correiobraziliense.com.br\/cbradar\/wp-content\/uploads\/2025\/12\/G-2025-12-13T232126.029-1024x576.png 1024w, https:\/\/www.correiobraziliense.com.br\/cbradar\/wp-content\/uploads\/2025\/12\/G-2025-12-13T232126.029-300x169.png 300w, https:\/\/www.correiobraziliense.com.br\/cbradar\/wp-content\/uploads\/2025\/12\/G-2025-12-13T232126.029-768x432.png 768w, https:\/\/www.correiobraziliense.com.br\/cbradar\/wp-content\/uploads\/2025\/12\/G-2025-12-13T232126.029-750x422.png 750w, https:\/\/www.correiobraziliense.com.br\/cbradar\/wp-content\/uploads\/2025\/12\/G-2025-12-13T232126.029-1140x641.png 1140w, https:\/\/www.correiobraziliense.com.br\/cbradar\/wp-content\/uploads\/2025\/12\/G-2025-12-13T232126.029.png 1280w\" sizes=\"(max-width: 1024px) 100vw, 1024px\" \/><figcaption class=\"wp-element-caption\">Em Americana d\u00e1 pra passear na Avenida Brasil, tomar sorvete na Pra\u00e7a Comendador M\u00fcller e espiar os bichinhos no Zoo por ingresso baratinho. \/\/ Cr\u00e9ditos: YouTube @droneshowtime<\/figcaption><\/figure><\/div>\n\n\n<h2 class=\"wp-block-heading\">Como chegar \u00e0 Princesa Tecel\u00e3<\/h2>\n\n\n\n<p>Americana fica a 127 km de <strong>S\u00e3o Paulo<\/strong> pelas rodovias <strong>Anhanguera (SP-330)<\/strong> ou <strong>Bandeirantes (SP-348)<\/strong>, com viagem de cerca de 1h30 de carro. De \u00f4nibus, h\u00e1 sa\u00eddas frequentes do <strong>Terminal Tiet\u00ea<\/strong>. O <strong>Aeroporto de Viracopos<\/strong>, em <strong>Campinas<\/strong>, fica a 30 km e oferece conex\u00f5es nacionais e internacionais.<\/p>\n\n\n\n<h2 class=\"wp-block-heading\">Uma cidade que guarda o interior paulista no melhor sentido<\/h2>\n\n\n\n<p>Americana combina o ritmo mais humano do interior com uma infraestrutura que poucas cidades m\u00e9dias brasileiras t\u00eam: IDH elevado, parques no centro, economia ativa e um calend\u00e1rio cultural que anima o ano inteiro.<\/p>\n\n\n\n<p>Voc\u00ea precisa conhecer Americana e entender por que quem vem estudar, trabalhar ou simplesmente respirar longe de S\u00e3o Paulo acaba ficando para sempre.<\/p>\n","protected":false},"excerpt":{"rendered":"<p>Quem desembarca em Americana pela primeira vez estranha o sotaque: arredondado, puxado, diferente do interior paulista vizinho. A explica\u00e7\u00e3o est\u00e1 na origem da cidade, a 127 km de S\u00e3o Paulo, que nasceu de uma derrota de guerra e se tornou um dos lugares com melhor qualidade de vida do Brasil. Por que uma guerra nos [&hellip;]<\/p>\n","protected":false},"author":8,"featured_media":184468,"comment_status":"open","ping_status":"open","sticky":false,"template":"","format":"standard","meta":{"_yoast_wpseo_focuskw":"cidade paulista","_yoast_wpseo_title":"","_yoast_wpseo_metadesc":"Fundada por americanos refugiados ap\u00f3s a Guerra Civil, cidade paulista se destaca hoje pela qualidade de vida e tranquilidade.","jnews-multi-image_gallery":[],"jnews_single_post":{"format":"standard"},"jnews_primary_category":[],"jnews_social_meta":[],"jnews_override_counter":[],"footnotes":""},"categories":[108,111],"post_tag":[12769,278],"class_list":["post-205748","post","type-post","status-publish","format-standard","has-post-thumbnail","hentry","category-cidades","category-turismo","tag-americana","tag-sao-paulo"],"yoast_head":"<!-- This site is optimized with the Yoast SEO plugin v24.6 - https:\/\/yoast.com\/wordpress\/plugins\/seo\/ -->\n<title>A cidade paulista fundada por americanos em 1875 que hoje tem qualidade de vida de pa\u00eds rico - Correio Braziliense - Radar<\/title>\n<meta name=\"description\" content=\"Fundada por americanos refugiados ap\u00f3s a Guerra Civil, cidade paulista se destaca hoje pela qualidade de vida e tranquilidade.\" \/>\n<meta name=\"robots\" content=\"index, follow, max-snippet:-1, max-image-preview:large, max-video-preview:-1\" \/>\n<link rel=\"canonical\" href=\"https:\/\/www.correiobraziliense.com.br\/cbradar\/a-cidade-paulista-fundada-por-americanos-em-1875-que-hoje-tem-qualidade-de-vida-de-pais-rico\/\" \/>\n<meta property=\"og:locale\" content=\"pt_BR\" \/>\n<meta property=\"og:type\" content=\"article\" \/>\n<meta property=\"og:title\" content=\"A cidade paulista fundada por americanos em 1875 que hoje tem qualidade de vida de pa\u00eds rico - Correio Braziliense - Radar\" \/>\n<meta property=\"og:description\" content=\"Fundada por americanos refugiados ap\u00f3s a Guerra Civil, cidade paulista se destaca hoje pela qualidade de vida e tranquilidade.\" \/>\n<meta property=\"og:url\" content=\"https:\/\/www.correiobraziliense.com.br\/cbradar\/a-cidade-paulista-fundada-por-americanos-em-1875-que-hoje-tem-qualidade-de-vida-de-pais-rico\/\" \/>\n<meta property=\"og:site_name\" content=\"Correio Braziliense - Radar\" \/>\n<meta property=\"article:published_time\" content=\"2026-03-10T10:55:00+00:00\" \/>\n<meta property=\"og:image\" content=\"https:\/\/www.correiobraziliense.com.br\/cbradar\/wp-content\/uploads\/2026\/01\/aaa-2026-01-30T044247.372.png\" \/>\n\t<meta property=\"og:image:width\" content=\"1280\" \/>\n\t<meta property=\"og:image:height\" content=\"720\" \/>\n\t<meta property=\"og:image:type\" content=\"image\/png\" \/>\n<meta name=\"author\" content=\"Maura Pereira\" \/>\n<meta name=\"twitter:card\" content=\"summary_large_image\" \/>\n<meta name=\"twitter:label1\" content=\"Escrito por\" \/>\n\t<meta name=\"twitter:data1\" content=\"Maura Pereira\" \/>\n\t<meta name=\"twitter:label2\" content=\"Est. tempo de leitura\" \/>\n\t<meta name=\"twitter:data2\" content=\"8 minutos\" \/>\n<!-- \/ Yoast SEO plugin. -->","yoast_head_json":{"title":"A cidade paulista fundada por americanos em 1875 que hoje tem qualidade de vida de pa\u00eds rico - Correio Braziliense - Radar","description":"Fundada por americanos refugiados ap\u00f3s a Guerra Civil, cidade paulista se destaca hoje pela qualidade de vida e tranquilidade.","robots":{"index":"index","follow":"follow","max-snippet":"max-snippet:-1","max-image-preview":"max-image-preview:large","max-video-preview":"max-video-preview:-1"},"canonical":"https:\/\/www.correiobraziliense.com.br\/cbradar\/a-cidade-paulista-fundada-por-americanos-em-1875-que-hoje-tem-qualidade-de-vida-de-pais-rico\/","og_locale":"pt_BR","og_type":"article","og_title":"A cidade paulista fundada por americanos em 1875 que hoje tem qualidade de vida de pa\u00eds rico - Correio Braziliense - Radar","og_description":"Fundada por americanos refugiados ap\u00f3s a Guerra Civil, cidade paulista se destaca hoje pela qualidade de vida e tranquilidade.","og_url":"https:\/\/www.correiobraziliense.com.br\/cbradar\/a-cidade-paulista-fundada-por-americanos-em-1875-que-hoje-tem-qualidade-de-vida-de-pais-rico\/","og_site_name":"Correio Braziliense - Radar","article_published_time":"2026-03-10T10:55:00+00:00","og_image":[{"width":1280,"height":720,"url":"https:\/\/www.correiobraziliense.com.br\/cbradar\/wp-content\/uploads\/2026\/01\/aaa-2026-01-30T044247.372.png","type":"image\/png"}],"author":"Maura Pereira","twitter_card":"summary_large_image","twitter_misc":{"Escrito por":"Maura Pereira","Est. tempo de leitura":"8 minutos"},"schema":{"@context":"https:\/\/schema.org","@graph":[{"@type":"WebPage","@id":"https:\/\/www.correiobraziliense.com.br\/cbradar\/a-cidade-paulista-fundada-por-americanos-em-1875-que-hoje-tem-qualidade-de-vida-de-pais-rico\/","url":"https:\/\/www.correiobraziliense.com.br\/cbradar\/a-cidade-paulista-fundada-por-americanos-em-1875-que-hoje-tem-qualidade-de-vida-de-pais-rico\/","name":"A cidade paulista fundada por americanos em 1875 que hoje tem qualidade de vida de pa\u00eds rico - Correio Braziliense - Radar","isPartOf":{"@id":"https:\/\/www.correiobraziliense.com.br\/cbradar\/#website"},"primaryImageOfPage":{"@id":"https:\/\/www.correiobraziliense.com.br\/cbradar\/a-cidade-paulista-fundada-por-americanos-em-1875-que-hoje-tem-qualidade-de-vida-de-pais-rico\/#primaryimage"},"image":{"@id":"https:\/\/www.correiobraziliense.com.br\/cbradar\/a-cidade-paulista-fundada-por-americanos-em-1875-que-hoje-tem-qualidade-de-vida-de-pais-rico\/#primaryimage"},"thumbnailUrl":"https:\/\/www.correiobraziliense.com.br\/cbradar\/wp-content\/uploads\/2026\/01\/aaa-2026-01-30T044247.372.png","datePublished":"2026-03-10T10:55:00+00:00","author":{"@id":"https:\/\/www.correiobraziliense.com.br\/cbradar\/#\/schema\/person\/4053c651a9bfc785afc6f4cbc9032fd3"},"description":"Fundada por americanos refugiados ap\u00f3s a Guerra Civil, cidade paulista se destaca hoje pela qualidade de vida e tranquilidade.","breadcrumb":{"@id":"https:\/\/www.correiobraziliense.com.br\/cbradar\/a-cidade-paulista-fundada-por-americanos-em-1875-que-hoje-tem-qualidade-de-vida-de-pais-rico\/#breadcrumb"},"inLanguage":"pt-BR","potentialAction":[{"@type":"ReadAction","target":["https:\/\/www.correiobraziliense.com.br\/cbradar\/a-cidade-paulista-fundada-por-americanos-em-1875-que-hoje-tem-qualidade-de-vida-de-pais-rico\/"]}]},{"@type":"ImageObject","inLanguage":"pt-BR","@id":"https:\/\/www.correiobraziliense.com.br\/cbradar\/a-cidade-paulista-fundada-por-americanos-em-1875-que-hoje-tem-qualidade-de-vida-de-pais-rico\/#primaryimage","url":"https:\/\/www.correiobraziliense.com.br\/cbradar\/wp-content\/uploads\/2026\/01\/aaa-2026-01-30T044247.372.png","contentUrl":"https:\/\/www.correiobraziliense.com.br\/cbradar\/wp-content\/uploads\/2026\/01\/aaa-2026-01-30T044247.372.png","width":1280,"height":720,"caption":"A cidade desenvolveu um dos maiores polos t\u00eaxteis da Am\u00e9rica Latina, especializando-se em tecidos de fibras artificiais e sint\u00e9ticas. \/ Imagem ilustrativa"},{"@type":"BreadcrumbList","@id":"https:\/\/www.correiobraziliense.com.br\/cbradar\/a-cidade-paulista-fundada-por-americanos-em-1875-que-hoje-tem-qualidade-de-vida-de-pais-rico\/#breadcrumb","itemListElement":[{"@type":"ListItem","position":1,"name":"In\u00edcio","item":"https:\/\/www.correiobraziliense.com.br\/cbradar\/"},{"@type":"ListItem","position":2,"name":"A cidade paulista fundada por americanos em 1875 que hoje tem qualidade de vida de pa\u00eds rico"}]},{"@type":"WebSite","@id":"https:\/\/www.correiobraziliense.com.br\/cbradar\/#website","url":"https:\/\/www.correiobraziliense.com.br\/cbradar\/","name":"Correio Braziliense - Radar","description":"Acompanhe as \u00faltimas not\u00edcias e fique bem informado sobre tudo o que acontece no Brasil e no mundo.","potentialAction":[{"@type":"SearchAction","target":{"@type":"EntryPoint","urlTemplate":"https:\/\/www.correiobraziliense.com.br\/cbradar\/?s={search_term_string}"},"query-input":{"@type":"PropertyValueSpecification","valueRequired":true,"valueName":"search_term_string"}}],"inLanguage":"pt-BR"},{"@type":"Person","@id":"https:\/\/www.correiobraziliense.com.br\/cbradar\/#\/schema\/person\/4053c651a9bfc785afc6f4cbc9032fd3","name":"Maura Pereira","image":{"@type":"ImageObject","inLanguage":"pt-BR","@id":"https:\/\/www.correiobraziliense.com.br\/cbradar\/#\/schema\/person\/image\/","url":"https:\/\/secure.gravatar.com\/avatar\/3effd6bdadfa447f15089c7f7144eaa6?s=96&d=mm&r=g","contentUrl":"https:\/\/secure.gravatar.com\/avatar\/3effd6bdadfa447f15089c7f7144eaa6?s=96&d=mm&r=g","caption":"Maura Pereira"},"sameAs":["https:\/\/www.correiobraziliense.com.br\/"],"url":"https:\/\/www.correiobraziliense.com.br\/cbradar\/author\/mauramyth\/"}]}},"_links":{"self":[{"href":"https:\/\/www.correiobraziliense.com.br\/cbradar\/wp-json\/wp\/v2\/posts\/205748","targetHints":{"allow":["GET"]}}],"collection":[{"href":"https:\/\/www.correiobraziliense.com.br\/cbradar\/wp-json\/wp\/v2\/posts"}],"about":[{"href":"https:\/\/www.correiobraziliense.com.br\/cbradar\/wp-json\/wp\/v2\/types\/post"}],"author":[{"embeddable":true,"href":"https:\/\/www.correiobraziliense.com.br\/cbradar\/wp-json\/wp\/v2\/users\/8"}],"replies":[{"embeddable":true,"href":"https:\/\/www.correiobraziliense.com.br\/cbradar\/wp-json\/wp\/v2\/comments?post=205748"}],"version-history":[{"count":8,"href":"https:\/\/www.correiobraziliense.com.br\/cbradar\/wp-json\/wp\/v2\/posts\/205748\/revisions"}],"predecessor-version":[{"id":205842,"href":"https:\/\/www.correiobraziliense.com.br\/cbradar\/wp-json\/wp\/v2\/posts\/205748\/revisions\/205842"}],"wp:featuredmedia":[{"embeddable":true,"href":"https:\/\/www.correiobraziliense.com.br\/cbradar\/wp-json\/wp\/v2\/media\/184468"}],"wp:attachment":[{"href":"https:\/\/www.correiobraziliense.com.br\/cbradar\/wp-json\/wp\/v2\/media?parent=205748"}],"wp:term":[{"taxonomy":"category","embeddable":true,"href":"https:\/\/www.correiobraziliense.com.br\/cbradar\/wp-json\/wp\/v2\/categories?post=205748"},{"taxonomy":"post_tag","embeddable":true,"href":"https:\/\/www.correiobraziliense.com.br\/cbradar\/wp-json\/wp\/v2\/post_tag?post=205748"}],"curies":[{"name":"wp","href":"https:\/\/api.w.org\/{rel}","templated":true}]}}