{"id":205753,"date":"2026-03-10T10:25:00","date_gmt":"2026-03-10T13:25:00","guid":{"rendered":"https:\/\/www.correiobraziliense.com.br\/cbradar\/?p=205753"},"modified":"2026-03-09T17:38:45","modified_gmt":"2026-03-09T20:38:45","slug":"onde-o-dia-comeca-antes-no-brasil-e-praias-paradisiacas-se-unem-ao-custo-de-vida-ideal-para-viver-com-luxo-no-nordeste","status":"publish","type":"post","link":"https:\/\/www.correiobraziliense.com.br\/cbradar\/onde-o-dia-comeca-antes-no-brasil-e-praias-paradisiacas-se-unem-ao-custo-de-vida-ideal-para-viver-com-luxo-no-nordeste\/","title":{"rendered":"Onde o dia come\u00e7a antes no Brasil e praias paradisiacas se unem ao custo de vida ideal para viver com luxo no Nordeste"},"content":{"rendered":"\n<p>Fundada antes de muitas capitais europeias terem sua forma atual, <strong>Jo\u00e3o Pessoa<\/strong> chegou ao s\u00e9culo XXI com um feito dif\u00edcil de igualar: \u00e9 a cidade brasileira onde o sol aparece primeiro no continente americano. E quem mora aqui sabe que o ritmo de vida acompanha essa luz generosa.<\/p>\n\n\n\n<h2 class=\"wp-block-heading\">Por que Jo\u00e3o Pessoa \u00e9 chamada de Porta do Sol?<\/h2>\n\n\n\n<p><strong>A Ponta do Seixas \u00e9 o ponto mais oriental das Am\u00e9ricas. <\/strong>Uma comiss\u00e3o do <strong>Minist\u00e9rio da Marinha<\/strong> resolveu definitivamente essa quest\u00e3o em <strong>1941<\/strong>, quando oficiais mediram as coordenadas geogr\u00e1ficas e confirmaram que o cabo paraibano avan\u00e7a cerca de 1.683 metros para leste a mais do que o segundo colocado, em Pernambuco. O resultado: Jo\u00e3o Pessoa \u00e9 o lugar do continente onde o sol nasce, e tamb\u00e9m se p\u00f5e, primeiro.<\/p>\n\n\n\n<p>A menos de 14 km do centro da cidade, a Ponta do Seixas re\u00fane o <strong>Farol do Cabo Branco<\/strong>, com 40 metros de altura e formato em p\u00e9-de-sisal, e a <strong>Esta\u00e7\u00e3o Cabo Branco<\/strong>, projeto assinado por <strong>Oscar Niemeyer<\/strong> inaugurado em 2008. A vista do Atl\u00e2ntico de cima da fal\u00e9sia, ao amanhecer, \u00e9 o tipo de cena que converte visitantes em moradores.<\/p>\n\n\n<div class=\"wp-block-image\">\n<figure class=\"aligncenter size-large\"><img decoding=\"async\" width=\"1024\" height=\"576\" src=\"https:\/\/www.correiobraziliense.com.br\/cbradar\/wp-content\/uploads\/2025\/06\/joao-pessoa_1751163041136-1024x576.jpg\" alt=\"As 3 cidades brasileiras perfeitas para curtir o sol e o mar com qualidade de vida e praias de tirar o f\u00f4lego\" class=\"wp-image-61085\" srcset=\"https:\/\/www.correiobraziliense.com.br\/cbradar\/wp-content\/uploads\/2025\/06\/joao-pessoa_1751163041136-1024x576.jpg 1024w, https:\/\/www.correiobraziliense.com.br\/cbradar\/wp-content\/uploads\/2025\/06\/joao-pessoa_1751163041136-300x169.jpg 300w, https:\/\/www.correiobraziliense.com.br\/cbradar\/wp-content\/uploads\/2025\/06\/joao-pessoa_1751163041136-768x432.jpg 768w, https:\/\/www.correiobraziliense.com.br\/cbradar\/wp-content\/uploads\/2025\/06\/joao-pessoa_1751163041136-750x422.jpg 750w, https:\/\/www.correiobraziliense.com.br\/cbradar\/wp-content\/uploads\/2025\/06\/joao-pessoa_1751163041136-1140x641.jpg 1140w, https:\/\/www.correiobraziliense.com.br\/cbradar\/wp-content\/uploads\/2025\/06\/joao-pessoa_1751163041136.jpg 1280w\" sizes=\"(max-width: 1024px) 100vw, 1024px\" \/><figcaption class=\"wp-element-caption\">Jo\u00e3o Pessoa ganha destaque por unir mar, tranquilidade e qualidade de vida \/\/ Cr\u00e9ditos: depositphotos.com \/ contato@caciomurilo.com.br<\/figcaption><\/figure><\/div>\n\n\n<h2 class=\"wp-block-heading\">Como \u00e9 viver na Porta do Sol no dia a dia?<\/h2>\n\n\n\n<p>Jo\u00e3o Pessoa combina o ritmo tranquilo de cidade m\u00e9dia com infraestrutura de capital. Os bairros litor\u00e2neos como <strong>Tamba\u00fa<\/strong>, <strong>Mana\u00edra<\/strong>, <strong>Bessa<\/strong> e <strong>Cabo Branco<\/strong> concentram servi\u00e7os, restaurantes, escolas e acesso f\u00e1cil \u00e0 praia. A <strong>Universidade Federal da Para\u00edba (UFPB)<\/strong> \u00e9 refer\u00eancia no ensino superior e ancora um ecossistema acad\u00eamico ativo na cidade.<\/p>\n\n\n\n<p><strong>O custo de vida \u00e9 acess\u00edvel em rela\u00e7\u00e3o a outras capitais do Nordeste.<\/strong> Alugu\u00e9is em bairros valorizados ficam abaixo dos praticados em Fortaleza ou Recife, e o metro quadrado \u00e9 competitivo mesmo nas regi\u00f5es mais procuradas. A <strong>UNESCO<\/strong> reconheceu a cidade como <strong>Cidade Criativa do Artesanato<\/strong> em 2017, t\u00edtulo que fortaleceu o turismo e a economia criativa local.<\/p>\n\n\n\n<p><strong>Jo\u00e3o Pessoa vem se destacando como uma das capitais com o melhor custo-benef\u00edcio do Brasil<\/strong>, atraindo uma nova onda de moradores em busca de qualidade de vida. O v\u00eddeo \u00e9 do canal <strong>Novas Fronteiras<\/strong>, que conta com mais de <strong>35 mil inscritos<\/strong>, e detalha os atrativos, a seguran\u00e7a e o mercado imobili\u00e1rio da capital paraibana:<\/p>\n\n\n\n<figure class=\"wp-block-embed aligncenter is-type-video is-provider-youtube wp-block-embed-youtube wp-embed-aspect-16-9 wp-has-aspect-ratio\"><div class=\"wp-block-embed__wrapper\">\n<div class=\"jeg_video_container jeg_video_content\"><iframe loading=\"lazy\" title=\"A Cidade Com o Melhor Custo-Benef\u00edcio do Brasil - JO\u00c3O PESSOA\" width=\"500\" height=\"281\" src=\"https:\/\/www.youtube.com\/embed\/qAaqKo15xjs?feature=oembed\" frameborder=\"0\" allow=\"accelerometer; autoplay; clipboard-write; encrypted-media; gyroscope; picture-in-picture; web-share\" referrerpolicy=\"strict-origin-when-cross-origin\" allowfullscreen><\/iframe><\/div>\n<\/div><\/figure>\n\n\n\n<h2 class=\"wp-block-heading\">A cidade que trocou de nome quatro vezes em quatro s\u00e9culos<\/h2>\n\n\n\n<p>Jo\u00e3o Pessoa foi fundada em <strong>5 de agosto de 1585<\/strong> j\u00e1 com status de cidade, algo incomum na coloniza\u00e7\u00e3o portuguesa, que normalmente criava vilas e povoados antes de elevar ao t\u00edtulo urbano. \u00c9 a <a href=\"https:\/\/turismo.joaopessoa.pb.gov.br\/um-pouco-da-sua-historia\/\" target=\"_blank\" rel=\"noreferrer noopener\"><strong>terceira cidade mais antiga do Brasil<\/strong><\/a>.<\/p>\n\n\n\n<p>A capital acumulou quatro nomes ao longo da hist\u00f3ria. Nasceu como <strong>Nossa Senhora das Neves<\/strong>, virou <strong>Filip\u00e9ia<\/strong> em homenagem ao rei espanhol Filipe II em 1588, foi rebatizada <strong>Frederikstad<\/strong> pelos holandeses que a ocuparam entre 1634 e 1654, e ficou como <strong>Parahyba do Norte<\/strong> por quase tr\u00eas s\u00e9culos. O nome atual homenageia o pol\u00edtico <strong>Jo\u00e3o Pessoa Cavalcanti de Albuquerque<\/strong>, assassinado em 1930 quando governava a Para\u00edba e concorria como candidato a vice-presidente na chapa de Get\u00falio Vargas.<\/p>\n\n\n\n<p>Esse passado colonial est\u00e1 preservado nos 117 hectares do <strong>Centro Hist\u00f3rico<\/strong>, tombado pelo <a href=\"http:\/\/portal.iphan.gov.br\/pagina\/detalhes\/1443\/\" target=\"_blank\" rel=\"noreferrer noopener\"><strong>Instituto do Patrim\u00f4nio Hist\u00f3rico e Art\u00edstico Nacional (IPHAN)<\/strong><\/a>. S\u00e3o cerca de 700 edifica\u00e7\u00f5es com estilos que v\u00e3o do barroco ao art d\u00e9co, igrejas do s\u00e9culo XVII e sobrados coloniais que ainda guardam as marcas da cidade que nasceu de costas para o mar.<\/p>\n\n\n<div class=\"wp-block-image\">\n<figure class=\"aligncenter size-large\"><img decoding=\"async\" width=\"1024\" height=\"576\" src=\"https:\/\/www.correiobraziliense.com.br\/cbradar\/wp-content\/uploads\/2025\/06\/joao-pessoa_1751162816265-1024x576.jpg\" alt=\"A cidade onde o sol nasce primeiro e o dia come\u00e7a antes das outras\" class=\"wp-image-61080\" srcset=\"https:\/\/www.correiobraziliense.com.br\/cbradar\/wp-content\/uploads\/2025\/06\/joao-pessoa_1751162816265-1024x576.jpg 1024w, https:\/\/www.correiobraziliense.com.br\/cbradar\/wp-content\/uploads\/2025\/06\/joao-pessoa_1751162816265-300x169.jpg 300w, https:\/\/www.correiobraziliense.com.br\/cbradar\/wp-content\/uploads\/2025\/06\/joao-pessoa_1751162816265-768x432.jpg 768w, https:\/\/www.correiobraziliense.com.br\/cbradar\/wp-content\/uploads\/2025\/06\/joao-pessoa_1751162816265-750x422.jpg 750w, https:\/\/www.correiobraziliense.com.br\/cbradar\/wp-content\/uploads\/2025\/06\/joao-pessoa_1751162816265-1140x641.jpg 1140w, https:\/\/www.correiobraziliense.com.br\/cbradar\/wp-content\/uploads\/2025\/06\/joao-pessoa_1751162816265.jpg 1280w\" sizes=\"(max-width: 1024px) 100vw, 1024px\" \/><figcaption class=\"wp-element-caption\">Planejamento urbano e preserva\u00e7\u00e3o ambiental colocam Jo\u00e3o Pessoa entre destinos sustent\u00e1veis do Brasil. \/\/ Cr\u00e9ditos: depositphotos.com \/ contato@caciomurilo.com.br<\/figcaption><\/figure><\/div>\n\n\n<h2 class=\"wp-block-heading\">Uma floresta de 515 hectares no cora\u00e7\u00e3o da capital<\/h2>\n\n\n\n<p>Em 1992, durante a <strong>ECO-92<\/strong> no Rio de Janeiro, Jo\u00e3o Pessoa recebeu o t\u00edtulo de segunda capital mais verde do mundo, atr\u00e1s apenas de Paris. O principal motivo \u00e9 o <strong>Jardim Bot\u00e2nico Benjamim Maranh\u00e3o<\/strong>, com 515 hectares de Mata Atl\u00e2ntica preservada no centro da cidade. \u00c9 a maior floresta semiequatorial nativa plana densamente cercada por \u00e1rea urbana do mundo.<\/p>\n\n\n\n<p>Quem mora na capital paraibana convive com esse verde no cotidiano. Pra\u00e7as arborizadas, ciclovias \u00e0 beira-mar e o <strong>Parque S\u00f3lon de Lucena<\/strong>, cujo jardim foi projetado pelo paisagista <strong>Burle Marx<\/strong> em 1940, criam uma atmosfera pouco comum em capitais nordestinas. A orla tem cerca de 24 km de praias urbanas com cal\u00e7ad\u00e3o, quiosques e espa\u00e7os de lazer que funcionam como extens\u00e3o do bairro para moradores.<\/p>\n\n\n\n<p><strong>Leia tamb\u00e9m: <a href=\"https:\/\/www.correiobraziliense.com.br\/cbradar\/a-california-brasileira-tem-agua-de-230-mil-anos-na-torneira-e-o-1o-lugar-em-qualidade-de-vida-no-brasil\/\" target=\"_blank\" rel=\"noreferrer noopener\">A Calif\u00f3rnia Brasileira tem \u00e1gua de 230 mil anos na torneira e o 1\u00ba lugar em qualidade de vida no Brasil.<\/a><\/strong><\/p>\n\n\n\n<h2 class=\"wp-block-heading\">O que fazer em Jo\u00e3o Pessoa entre praias e patrim\u00f4nio<\/h2>\n\n\n\n<p>A capital paraibana tem 24 km de praias com perfis variados, do agito urbano da orla de Tamba\u00fa \u00e0 tranquilidade das piscinas naturais formadas na mar\u00e9 baixa. Al\u00e9m do litoral, o centro hist\u00f3rico e as \u00e1reas naturais completam o roteiro.<\/p>\n\n\n\n<ul class=\"wp-block-list\">\n<li><strong>Ponta do Seixas e Farol do Cabo Branco<\/strong>: ponto mais oriental das Am\u00e9ricas, com fal\u00e9sia, vista do Atl\u00e2ntico e a Esta\u00e7\u00e3o Cabo Branco de Niemeyer. Imperd\u00edvel ao amanhecer.<\/li>\n\n\n\n<li><strong>Praia de Tamba\u00fa<\/strong>: orla mais movimentada da cidade, com cal\u00e7ad\u00e3o, feirinha de artesanato e quiosques. O famoso <strong>Hotel Tamba\u00fa<\/strong>, erguido sobre a areia em 1971, \u00e9 um \u00edcone da arquitetura modernista brasileira.<\/li>\n\n\n\n<li><strong>Piscinas Naturais do Seixas<\/strong>: formadas na mar\u00e9 baixa por arrecifes de coral, com \u00e1guas cristalinas e vida marinha vis\u00edvel a olho nu. Passeios de catamar\u00e3 saem da orla.<\/li>\n\n\n\n<li><strong>Centro Hist\u00f3rico e Igreja de S\u00e3o Francisco<\/strong>: conjunto barroco do s\u00e9culo XVII com azulejos portugueses e um dos mais bem preservados acervos coloniais do Norte e Nordeste.<\/li>\n\n\n\n<li><strong>Jardim Bot\u00e2nico Benjamim Maranh\u00e3o<\/strong>: trilhas em plena Mata Atl\u00e2ntica a poucos quil\u00f4metros do mar. Entrada gratuita e funcionamento de ter\u00e7a a domingo.<\/li>\n<\/ul>\n\n\n<div class=\"wp-block-image\">\n<figure class=\"aligncenter size-large\"><img decoding=\"async\" width=\"1024\" height=\"576\" src=\"https:\/\/www.correiobraziliense.com.br\/cbradar\/wp-content\/uploads\/2025\/06\/joao-pessoa_1751162859079-1024x576.jpg\" alt=\"Onde o nascer do sol mais cedo das Am\u00e9ricas se une a uma das melhores qualidade de vida do Nordeste\" class=\"wp-image-61083\" srcset=\"https:\/\/www.correiobraziliense.com.br\/cbradar\/wp-content\/uploads\/2025\/06\/joao-pessoa_1751162859079-1024x576.jpg 1024w, https:\/\/www.correiobraziliense.com.br\/cbradar\/wp-content\/uploads\/2025\/06\/joao-pessoa_1751162859079-300x169.jpg 300w, https:\/\/www.correiobraziliense.com.br\/cbradar\/wp-content\/uploads\/2025\/06\/joao-pessoa_1751162859079-768x432.jpg 768w, https:\/\/www.correiobraziliense.com.br\/cbradar\/wp-content\/uploads\/2025\/06\/joao-pessoa_1751162859079-750x422.jpg 750w, https:\/\/www.correiobraziliense.com.br\/cbradar\/wp-content\/uploads\/2025\/06\/joao-pessoa_1751162859079-1140x641.jpg 1140w, https:\/\/www.correiobraziliense.com.br\/cbradar\/wp-content\/uploads\/2025\/06\/joao-pessoa_1751162859079.jpg 1280w\" sizes=\"(max-width: 1024px) 100vw, 1024px\" \/><figcaption class=\"wp-element-caption\">Jo\u00e3o Pessoa registra aumento na procura por moradia litor\u00e2nea e turismo voltado \u00e0 qualidade de vida. \/\/ Cr\u00e9ditos: depositphotos.com \/ contato@caciomurilo.com.br<\/figcaption><\/figure><\/div>\n\n\n<h2 class=\"wp-block-heading\">A gastronomia que mistura o mar e o sert\u00e3o na mesma mesa<\/h2>\n\n\n\n<p>A culin\u00e1ria pessoense une os frutos do mar frescos do litoral com as tradi\u00e7\u00f5es sertanejas da carne de sol e do queijo coalho. O resultado \u00e9 uma mesa diversa que surpreende quem visita e encanta quem mora.<\/p>\n\n\n\n<ul class=\"wp-block-list\">\n<li><strong>Rubac\u00e3o<\/strong>: prato s\u00edmbolo da Para\u00edba, feito com arroz, feij\u00e3o-de-corda, carne de sol desfiada, queijo coalho e leite de coco. Mais cremoso que o bai\u00e3o de dois e com sabor singular.<\/li>\n\n\n\n<li><strong>Tapioca recheada<\/strong>: \u00edcone do caf\u00e9 da manh\u00e3 pessoense, com op\u00e7\u00f5es que v\u00e3o do queijo coalho com carne de sol at\u00e9 vers\u00f5es doces com coco. A feirinha de Tamba\u00fa tem barraca especializada com dezenas de recheios.<\/li>\n\n\n\n<li><strong>Carne de sol na nata<\/strong>: servida coberta com creme de nata e acompanhada de macaxeira frita. Pede uma cerveja gelada e pode ser encontrada em bares de praia e restaurantes do bairro da Passagem.<\/li>\n\n\n\n<li><strong>Frutos do mar da orla<\/strong>: camar\u00e3o, lagosta, caranguejo e peixe fresco chegam direto dos barcos pesqueiros. Restaurantes em Mana\u00edra e Cabo Branco especializam-se nesse card\u00e1pio com vista para o Atl\u00e2ntico.<\/li>\n<\/ul>\n\n\n<div class=\"wp-block-image\">\n<figure class=\"aligncenter size-large\"><img decoding=\"async\" width=\"1024\" height=\"576\" src=\"https:\/\/www.correiobraziliense.com.br\/cbradar\/wp-content\/uploads\/2025\/11\/Santos-Dumont-64-1024x576.png\" alt=\"Uma cidade do Nordeste foi escolhida como a mais barata para se viver: qual \u00e9 e como chegar l\u00e1\" class=\"wp-image-135408\" srcset=\"https:\/\/www.correiobraziliense.com.br\/cbradar\/wp-content\/uploads\/2025\/11\/Santos-Dumont-64-1024x576.png 1024w, https:\/\/www.correiobraziliense.com.br\/cbradar\/wp-content\/uploads\/2025\/11\/Santos-Dumont-64-300x169.png 300w, https:\/\/www.correiobraziliense.com.br\/cbradar\/wp-content\/uploads\/2025\/11\/Santos-Dumont-64-768x432.png 768w, https:\/\/www.correiobraziliense.com.br\/cbradar\/wp-content\/uploads\/2025\/11\/Santos-Dumont-64-750x422.png 750w, https:\/\/www.correiobraziliense.com.br\/cbradar\/wp-content\/uploads\/2025\/11\/Santos-Dumont-64-1140x641.png 1140w, https:\/\/www.correiobraziliense.com.br\/cbradar\/wp-content\/uploads\/2025\/11\/Santos-Dumont-64.png 1280w\" sizes=\"(max-width: 1024px) 100vw, 1024px\" \/><figcaption class=\"wp-element-caption\">Jo\u00e3o Pessoa se destaca por sua qualidade de vida e patrim\u00f4nio hist\u00f3rico preservado. \/\/ Cr\u00e9ditos: Wikip\u00e9dia<\/figcaption><\/figure><\/div>\n\n\n<h2 class=\"wp-block-heading\">Quando ir e o que esperar do clima da capital paraibana<\/h2>\n\n\n\n<p>Jo\u00e3o Pessoa tem clima tropical \u00famido com sol durante boa parte do ano. As temperaturas variam pouco entre as esta\u00e7\u00f5es, e os ventos do Atl\u00e2ntico amenizam o calor mesmo no ver\u00e3o.<\/p>\n\n\n\n<div class=\"google-auto-ads-ignore\" style=\"font-family: 'Segoe UI', Roboto, Helvetica, Arial, sans-serif; max-width: 900px; margin: 10px auto; display: flex; flex-wrap: wrap; gap: 12px; justify-content: center;\">\n\n  <div style=\"flex: 1 1 200px; background: #ffffff; border-radius: 12px; border: 1px solid #bfdbfe; box-shadow: 0 2px 10px rgba(37, 99, 235, 0.05); overflow: hidden; display: flex; flex-direction: column;\">\n    <div style=\"background: #eff6ff; padding: 10px; border-bottom: 1px solid #dbeafe; display: flex; align-items: center; gap: 8px;\">\n      <div style=\"background: #2563eb; padding: 4px; border-radius: 6px; display: flex;\">\n        <svg width=\"14\" height=\"14\" viewBox=\"0 0 24 24\" fill=\"none\" stroke=\"#ffffff\" stroke-width=\"3\" stroke-linecap=\"round\" stroke-linejoin=\"round\"><circle cx=\"12\" cy=\"12\" r=\"5\"\/><line x1=\"12\" y1=\"1\" x2=\"12\" y2=\"3\"\/><line x1=\"12\" y1=\"21\" x2=\"12\" y2=\"23\"\/><line x1=\"4.22\" y1=\"4.22\" x2=\"5.64\" y2=\"5.64\"\/><line x1=\"18.36\" y1=\"18.36\" x2=\"19.78\" y2=\"19.78\"\/><line x1=\"1\" y1=\"12\" x2=\"3\" y2=\"12\"\/><line x1=\"21\" y1=\"12\" x2=\"23\" y2=\"12\"\/><\/svg>\n      <\/div>\n      <span style=\"font-size: 0.75rem; font-weight: 800; color: #1e3a8a; letter-spacing: 0.05em;\">VER\u00c3O<\/span>\n    <\/div>\n    <div style=\"padding: 12px; text-align: center;\">\n      <div style=\"font-size: 0.7rem; color: #1d4ed8; font-weight: 700;\">DEZ &#8211; MAR<\/div>\n      <div style=\"font-size: 1.2rem; font-weight: 900; color: #2563eb; margin: 2px 0;\">26-31\u00b0C<\/div>\n      <div style=\"font-size: 0.8rem; color: #1e293b; line-height: 1.3;\">Chuva m\u00e9dia. Dias perfeitos para as <strong>piscinas naturais<\/strong> e aproveitar a <strong>vida noturna na orla<\/strong>.<\/div>\n    <\/div>\n  <\/div>\n\n  <div style=\"flex: 1 1 200px; background: #ffffff; border-radius: 12px; border: 1px solid #bfdbfe; box-shadow: 0 2px 10px rgba(37, 99, 235, 0.05); overflow: hidden; display: flex; flex-direction: column;\">\n    <div style=\"background: #eff6ff; padding: 10px; border-bottom: 1px solid #dbeafe; display: flex; align-items: center; gap: 8px;\">\n      <div style=\"background: #2563eb; padding: 4px; border-radius: 6px; display: flex;\">\n        <svg width=\"14\" height=\"14\" viewBox=\"0 0 24 24\" fill=\"none\" stroke=\"#ffffff\" stroke-width=\"3\" stroke-linecap=\"round\" stroke-linejoin=\"round\"><path d=\"M4 19.5A2.5 2.5 0 0 1 6.5 17H20\"\/><path d=\"M6.5 2H20v20H6.5A2.5 2.5 0 0 1 4 19.5v-15A2.5 2.5 0 0 1 6.5 2z\"\/><\/svg>\n      <\/div>\n      <span style=\"font-size: 0.75rem; font-weight: 800; color: #1e3a8a; letter-spacing: 0.05em;\">OUTONO<\/span>\n    <\/div>\n    <div style=\"padding: 12px; text-align: center;\">\n      <div style=\"font-size: 0.7rem; color: #1d4ed8; font-weight: 700;\">ABR &#8211; JUN<\/div>\n      <div style=\"font-size: 1.2rem; font-weight: 900; color: #2563eb; margin: 2px 0;\">24-29\u00b0C<\/div>\n      <div style=\"font-size: 0.8rem; color: #1e293b; line-height: 1.3;\">Chuva alta. Momento ideal para o <strong>centro hist\u00f3rico<\/strong>, o <strong>jardim bot\u00e2nico<\/strong> e a rica <strong>gastronomia<\/strong> local.<\/div>\n    <\/div>\n  <\/div>\n\n  <div style=\"flex: 1 1 200px; background: #ffffff; border-radius: 12px; border: 1px solid #bfdbfe; box-shadow: 0 2px 10px rgba(37, 99, 235, 0.05); overflow: hidden; display: flex; flex-direction: column;\">\n    <div style=\"background: #eff6ff; padding: 10px; border-bottom: 1px solid #dbeafe; display: flex; align-items: center; gap: 8px;\">\n      <div style=\"background: #2563eb; padding: 4px; border-radius: 6px; display: flex;\">\n        <svg width=\"14\" height=\"14\" viewBox=\"0 0 24 24\" fill=\"none\" stroke=\"#ffffff\" stroke-width=\"3\" stroke-linecap=\"round\" stroke-linejoin=\"round\"><path d=\"M17 21v-2a4 4 0 0 0-4-4H5a4 4 0 0 0-4 4v2\"\/><circle cx=\"9\" cy=\"7\" r=\"4\"\/><path d=\"M23 21v-2a4 4 0 0 0-3-3.87\"\/><path d=\"M16 3.13a4 4 0 0 1 0 7.75\"\/><\/svg>\n      <\/div>\n      <span style=\"font-size: 0.75rem; font-weight: 800; color: #1e3a8a; letter-spacing: 0.05em;\">INVERNO<\/span>\n    <\/div>\n    <div style=\"padding: 12px; text-align: center;\">\n      <div style=\"font-size: 0.7rem; color: #1d4ed8; font-weight: 700;\">JUL &#8211; SET<\/div>\n      <div style=\"font-size: 1.2rem; font-weight: 900; color: #2563eb; margin: 2px 0;\">22-28\u00b0C<\/div>\n      <div style=\"font-size: 0.8rem; color: #1e293b; line-height: 1.3;\">Chuva alta\/m\u00e9dia. \u00c9poca das <strong>festas juninas<\/strong>, feiras de <strong>artesanato<\/strong> e <strong>passeios culturais<\/strong>.<\/div>\n    <\/div>\n  <\/div>\n\n  <div style=\"flex: 1 1 200px; background: #ffffff; border-radius: 12px; border: 1px solid #bfdbfe; box-shadow: 0 2px 10px rgba(37, 99, 235, 0.05); overflow: hidden; display: flex; flex-direction: column;\">\n    <div style=\"background: #eff6ff; padding: 10px; border-bottom: 1px solid #dbeafe; display: flex; align-items: center; gap: 10px;\">\n      <div style=\"background: #2563eb; padding: 4px; border-radius: 6px; display: flex;\">\n        <svg width=\"14\" height=\"14\" viewBox=\"0 0 24 24\" fill=\"none\" stroke=\"#ffffff\" stroke-width=\"3\" stroke-linecap=\"round\" stroke-linejoin=\"round\"><path d=\"M12 7.5V21m-4.5-9L12 21l4.5-9\"\/><\/svg>\n      <\/div>\n      <span style=\"font-size: 0.75rem; font-weight: 800; color: #1e3a8a; letter-spacing: 0.05em;\">PRIMAVERA<\/span>\n    <\/div>\n    <div style=\"padding: 12px; text-align: center;\">\n      <div style=\"font-size: 0.7rem; color: #1d4ed8; font-weight: 700;\">OUT &#8211; NOV<\/div>\n      <div style=\"font-size: 1.2rem; font-weight: 900; color: #2563eb; margin: 2px 0;\">25-30\u00b0C<\/div>\n      <div style=\"font-size: 0.8rem; color: #1e293b; line-height: 1.3;\">Chuva baixa. Melhor \u00e9poca para praias e visitar a <strong>Ponta do Seixas<\/strong> com o c\u00e9u limpo.<\/div>\n    <\/div>\n  <\/div>\n\n<\/div>\n\n\n\n<p><em>Temperaturas aproximadas com base no <a href=\"https:\/\/www.climatempo.com.br\/climatologia\/256\/joaopessoa-pb\" target=\"_blank\" rel=\"noreferrer noopener\"><strong>Climatempo<\/strong><\/a>. Condi\u00e7\u00f5es podem variar.<\/em><\/p>\n\n\n\n<h2 class=\"wp-block-heading\">Como chegar \u00e0 capital paraibana<\/h2>\n\n\n\n<p>Jo\u00e3o Pessoa fica a 120 km de <strong>Recife<\/strong> pela <strong>BR-101<\/strong>, com trajeto de cerca de 1h30 de carro. O <strong>Aeroporto Internacional Presidente Castro Pinto<\/strong> opera voos diretos para as principais capitais brasileiras. De Natal, s\u00e3o cerca de 185 km pela mesma rodovia.<\/p>\n\n\n\n<h2 class=\"wp-block-heading\">Venha ver o sol nascer primeiro aqui<\/h2>\n\n\n\n<p><strong>Jo\u00e3o Pessoa \u00e9 a capital brasileira onde o cotidiano ainda tem sabor de cidade humana: <\/strong>orla com cal\u00e7ad\u00e3o, centro hist\u00f3rico de 400 anos, floresta nativa no cora\u00e7\u00e3o urbano e uma gastronomia que faz os visitantes cancelarem a passagem de volta.<\/p>\n\n\n\n<p>Voc\u00ea precisa conhecer a Porta do Sol e entender por que quem chega aqui para visitar acaba ficando para morar.<\/p>\n","protected":false},"excerpt":{"rendered":"<p>Fundada antes de muitas capitais europeias terem sua forma atual, Jo\u00e3o Pessoa chegou ao s\u00e9culo XXI com um feito dif\u00edcil de igualar: \u00e9 a cidade brasileira onde o sol aparece primeiro no continente americano. E quem mora aqui sabe que o ritmo de vida acompanha essa luz generosa. Por que Jo\u00e3o Pessoa \u00e9 chamada de [&hellip;]<\/p>\n","protected":false},"author":8,"featured_media":205860,"comment_status":"open","ping_status":"open","sticky":false,"template":"","format":"standard","meta":{"jnews-multi-image_gallery":[],"jnews_single_post":{"format":"standard"},"jnews_primary_category":[],"jnews_social_meta":[],"jnews_override_counter":[],"footnotes":""},"categories":[108,111],"post_tag":[515,632],"class_list":["post-205753","post","type-post","status-publish","format-standard","has-post-thumbnail","hentry","category-cidades","category-turismo","tag-joao-pessoa","tag-nordeste"],"yoast_head":"<!-- This site is optimized with the Yoast SEO plugin v24.6 - https:\/\/yoast.com\/wordpress\/plugins\/seo\/ -->\n<title>Onde o dia come\u00e7a antes no Brasil e praias paradisiacas se unem ao custo de vida ideal para viver com luxo no Nordeste - Correio Braziliense - Radar<\/title>\n<meta name=\"description\" content=\"Cidade do Nordeste onde o dia come\u00e7a antes nas Am\u00e9ricas encanta por praias paradis\u00edacas e custo de vida atrativo.\" \/>\n<meta name=\"robots\" content=\"index, follow, max-snippet:-1, max-image-preview:large, max-video-preview:-1\" \/>\n<link rel=\"canonical\" href=\"https:\/\/www.correiobraziliense.com.br\/cbradar\/onde-o-dia-comeca-antes-no-brasil-e-praias-paradisiacas-se-unem-ao-custo-de-vida-ideal-para-viver-com-luxo-no-nordeste\/\" \/>\n<meta property=\"og:locale\" content=\"pt_BR\" \/>\n<meta property=\"og:type\" content=\"article\" \/>\n<meta property=\"og:title\" content=\"Onde o dia come\u00e7a antes no Brasil e praias paradisiacas se unem ao custo de vida ideal para viver com luxo no Nordeste - Correio Braziliense - Radar\" \/>\n<meta property=\"og:description\" content=\"Cidade do Nordeste onde o dia come\u00e7a antes nas Am\u00e9ricas encanta por praias paradis\u00edacas e custo de vida atrativo.\" \/>\n<meta property=\"og:url\" content=\"https:\/\/www.correiobraziliense.com.br\/cbradar\/onde-o-dia-comeca-antes-no-brasil-e-praias-paradisiacas-se-unem-ao-custo-de-vida-ideal-para-viver-com-luxo-no-nordeste\/\" \/>\n<meta property=\"og:site_name\" content=\"Correio Braziliense - Radar\" \/>\n<meta property=\"article:published_time\" content=\"2026-03-10T13:25:00+00:00\" \/>\n<meta property=\"og:image\" content=\"https:\/\/www.correiobraziliense.com.br\/cbradar\/wp-content\/uploads\/2026\/03\/aaa-2026-03-09T173744.874.png\" \/>\n\t<meta property=\"og:image:width\" content=\"1280\" \/>\n\t<meta property=\"og:image:height\" content=\"720\" \/>\n\t<meta property=\"og:image:type\" content=\"image\/png\" \/>\n<meta name=\"author\" content=\"Maura Pereira\" \/>\n<meta name=\"twitter:card\" content=\"summary_large_image\" \/>\n<meta name=\"twitter:label1\" content=\"Escrito por\" \/>\n\t<meta name=\"twitter:data1\" content=\"Maura Pereira\" \/>\n\t<meta name=\"twitter:label2\" content=\"Est. tempo de leitura\" \/>\n\t<meta name=\"twitter:data2\" content=\"9 minutos\" \/>\n<!-- \/ Yoast SEO plugin. -->","yoast_head_json":{"title":"Onde o dia come\u00e7a antes no Brasil e praias paradisiacas se unem ao custo de vida ideal para viver com luxo no Nordeste - Correio Braziliense - Radar","description":"Cidade do Nordeste onde o dia come\u00e7a antes nas Am\u00e9ricas encanta por praias paradis\u00edacas e custo de vida atrativo.","robots":{"index":"index","follow":"follow","max-snippet":"max-snippet:-1","max-image-preview":"max-image-preview:large","max-video-preview":"max-video-preview:-1"},"canonical":"https:\/\/www.correiobraziliense.com.br\/cbradar\/onde-o-dia-comeca-antes-no-brasil-e-praias-paradisiacas-se-unem-ao-custo-de-vida-ideal-para-viver-com-luxo-no-nordeste\/","og_locale":"pt_BR","og_type":"article","og_title":"Onde o dia come\u00e7a antes no Brasil e praias paradisiacas se unem ao custo de vida ideal para viver com luxo no Nordeste - Correio Braziliense - Radar","og_description":"Cidade do Nordeste onde o dia come\u00e7a antes nas Am\u00e9ricas encanta por praias paradis\u00edacas e custo de vida atrativo.","og_url":"https:\/\/www.correiobraziliense.com.br\/cbradar\/onde-o-dia-comeca-antes-no-brasil-e-praias-paradisiacas-se-unem-ao-custo-de-vida-ideal-para-viver-com-luxo-no-nordeste\/","og_site_name":"Correio Braziliense - Radar","article_published_time":"2026-03-10T13:25:00+00:00","og_image":[{"width":1280,"height":720,"url":"https:\/\/www.correiobraziliense.com.br\/cbradar\/wp-content\/uploads\/2026\/03\/aaa-2026-03-09T173744.874.png","type":"image\/png"}],"author":"Maura Pereira","twitter_card":"summary_large_image","twitter_misc":{"Escrito por":"Maura Pereira","Est. tempo de leitura":"9 minutos"},"schema":{"@context":"https:\/\/schema.org","@graph":[{"@type":"WebPage","@id":"https:\/\/www.correiobraziliense.com.br\/cbradar\/onde-o-dia-comeca-antes-no-brasil-e-praias-paradisiacas-se-unem-ao-custo-de-vida-ideal-para-viver-com-luxo-no-nordeste\/","url":"https:\/\/www.correiobraziliense.com.br\/cbradar\/onde-o-dia-comeca-antes-no-brasil-e-praias-paradisiacas-se-unem-ao-custo-de-vida-ideal-para-viver-com-luxo-no-nordeste\/","name":"Onde o dia come\u00e7a antes no Brasil e praias paradisiacas se unem ao custo de vida ideal para viver com luxo no Nordeste - Correio Braziliense - Radar","isPartOf":{"@id":"https:\/\/www.correiobraziliense.com.br\/cbradar\/#website"},"primaryImageOfPage":{"@id":"https:\/\/www.correiobraziliense.com.br\/cbradar\/onde-o-dia-comeca-antes-no-brasil-e-praias-paradisiacas-se-unem-ao-custo-de-vida-ideal-para-viver-com-luxo-no-nordeste\/#primaryimage"},"image":{"@id":"https:\/\/www.correiobraziliense.com.br\/cbradar\/onde-o-dia-comeca-antes-no-brasil-e-praias-paradisiacas-se-unem-ao-custo-de-vida-ideal-para-viver-com-luxo-no-nordeste\/#primaryimage"},"thumbnailUrl":"https:\/\/www.correiobraziliense.com.br\/cbradar\/wp-content\/uploads\/2026\/03\/aaa-2026-03-09T173744.874.png","datePublished":"2026-03-10T13:25:00+00:00","author":{"@id":"https:\/\/www.correiobraziliense.com.br\/cbradar\/#\/schema\/person\/4053c651a9bfc785afc6f4cbc9032fd3"},"description":"Cidade do Nordeste onde o dia come\u00e7a antes nas Am\u00e9ricas encanta por praias paradis\u00edacas e custo de vida atrativo.","breadcrumb":{"@id":"https:\/\/www.correiobraziliense.com.br\/cbradar\/onde-o-dia-comeca-antes-no-brasil-e-praias-paradisiacas-se-unem-ao-custo-de-vida-ideal-para-viver-com-luxo-no-nordeste\/#breadcrumb"},"inLanguage":"pt-BR","potentialAction":[{"@type":"ReadAction","target":["https:\/\/www.correiobraziliense.com.br\/cbradar\/onde-o-dia-comeca-antes-no-brasil-e-praias-paradisiacas-se-unem-ao-custo-de-vida-ideal-para-viver-com-luxo-no-nordeste\/"]}]},{"@type":"ImageObject","inLanguage":"pt-BR","@id":"https:\/\/www.correiobraziliense.com.br\/cbradar\/onde-o-dia-comeca-antes-no-brasil-e-praias-paradisiacas-se-unem-ao-custo-de-vida-ideal-para-viver-com-luxo-no-nordeste\/#primaryimage","url":"https:\/\/www.correiobraziliense.com.br\/cbradar\/wp-content\/uploads\/2026\/03\/aaa-2026-03-09T173744.874.png","contentUrl":"https:\/\/www.correiobraziliense.com.br\/cbradar\/wp-content\/uploads\/2026\/03\/aaa-2026-03-09T173744.874.png","width":1280,"height":720,"caption":"A Ponta do Seixas \u00e9 o ponto mais oriental das Am\u00e9ricas. \/ Imagem ilustrativa"},{"@type":"BreadcrumbList","@id":"https:\/\/www.correiobraziliense.com.br\/cbradar\/onde-o-dia-comeca-antes-no-brasil-e-praias-paradisiacas-se-unem-ao-custo-de-vida-ideal-para-viver-com-luxo-no-nordeste\/#breadcrumb","itemListElement":[{"@type":"ListItem","position":1,"name":"In\u00edcio","item":"https:\/\/www.correiobraziliense.com.br\/cbradar\/"},{"@type":"ListItem","position":2,"name":"Onde o dia come\u00e7a antes no Brasil e praias paradisiacas se unem ao custo de vida ideal para viver com luxo no Nordeste"}]},{"@type":"WebSite","@id":"https:\/\/www.correiobraziliense.com.br\/cbradar\/#website","url":"https:\/\/www.correiobraziliense.com.br\/cbradar\/","name":"Correio Braziliense - Radar","description":"Acompanhe as \u00faltimas not\u00edcias e fique bem informado sobre tudo o que acontece no Brasil e no mundo.","potentialAction":[{"@type":"SearchAction","target":{"@type":"EntryPoint","urlTemplate":"https:\/\/www.correiobraziliense.com.br\/cbradar\/?s={search_term_string}"},"query-input":{"@type":"PropertyValueSpecification","valueRequired":true,"valueName":"search_term_string"}}],"inLanguage":"pt-BR"},{"@type":"Person","@id":"https:\/\/www.correiobraziliense.com.br\/cbradar\/#\/schema\/person\/4053c651a9bfc785afc6f4cbc9032fd3","name":"Maura Pereira","image":{"@type":"ImageObject","inLanguage":"pt-BR","@id":"https:\/\/www.correiobraziliense.com.br\/cbradar\/#\/schema\/person\/image\/","url":"https:\/\/secure.gravatar.com\/avatar\/3effd6bdadfa447f15089c7f7144eaa6?s=96&d=mm&r=g","contentUrl":"https:\/\/secure.gravatar.com\/avatar\/3effd6bdadfa447f15089c7f7144eaa6?s=96&d=mm&r=g","caption":"Maura Pereira"},"sameAs":["https:\/\/www.correiobraziliense.com.br\/"],"url":"https:\/\/www.correiobraziliense.com.br\/cbradar\/author\/mauramyth\/"}]}},"_links":{"self":[{"href":"https:\/\/www.correiobraziliense.com.br\/cbradar\/wp-json\/wp\/v2\/posts\/205753","targetHints":{"allow":["GET"]}}],"collection":[{"href":"https:\/\/www.correiobraziliense.com.br\/cbradar\/wp-json\/wp\/v2\/posts"}],"about":[{"href":"https:\/\/www.correiobraziliense.com.br\/cbradar\/wp-json\/wp\/v2\/types\/post"}],"author":[{"embeddable":true,"href":"https:\/\/www.correiobraziliense.com.br\/cbradar\/wp-json\/wp\/v2\/users\/8"}],"replies":[{"embeddable":true,"href":"https:\/\/www.correiobraziliense.com.br\/cbradar\/wp-json\/wp\/v2\/comments?post=205753"}],"version-history":[{"count":13,"href":"https:\/\/www.correiobraziliense.com.br\/cbradar\/wp-json\/wp\/v2\/posts\/205753\/revisions"}],"predecessor-version":[{"id":205861,"href":"https:\/\/www.correiobraziliense.com.br\/cbradar\/wp-json\/wp\/v2\/posts\/205753\/revisions\/205861"}],"wp:featuredmedia":[{"embeddable":true,"href":"https:\/\/www.correiobraziliense.com.br\/cbradar\/wp-json\/wp\/v2\/media\/205860"}],"wp:attachment":[{"href":"https:\/\/www.correiobraziliense.com.br\/cbradar\/wp-json\/wp\/v2\/media?parent=205753"}],"wp:term":[{"taxonomy":"category","embeddable":true,"href":"https:\/\/www.correiobraziliense.com.br\/cbradar\/wp-json\/wp\/v2\/categories?post=205753"},{"taxonomy":"post_tag","embeddable":true,"href":"https:\/\/www.correiobraziliense.com.br\/cbradar\/wp-json\/wp\/v2\/post_tag?post=205753"}],"curies":[{"name":"wp","href":"https:\/\/api.w.org\/{rel}","templated":true}]}}