{"id":205754,"date":"2026-03-10T11:45:00","date_gmt":"2026-03-10T14:45:00","guid":{"rendered":"https:\/\/www.correiobraziliense.com.br\/cbradar\/?p=205754"},"modified":"2026-03-09T17:48:25","modified_gmt":"2026-03-09T20:48:25","slug":"a-austria-brasileira-foi-a-unica-cidade-fundada-por-um-ministro-europeu-no-brasil-e-encanta-quem-sonha-em-viajar-para-fora","status":"publish","type":"post","link":"https:\/\/www.correiobraziliense.com.br\/cbradar\/a-austria-brasileira-foi-a-unica-cidade-fundada-por-um-ministro-europeu-no-brasil-e-encanta-quem-sonha-em-viajar-para-fora\/","title":{"rendered":"A &#8220;\u00c1ustria brasileira&#8221; foi a \u00fanica cidade fundada por um ministro europeu no Brasil e encanta quem sonha em viajar para fora"},"content":{"rendered":"\n<p>Varandas cobertas de ger\u00e2nios, telhados inclinados e o cheiro de <em>apfelstrudel<\/em> saindo das confeitarias: quem chega a <strong>Treze T\u00edlias<\/strong>, apelidada carinhosamente de \u00c1ustria brasileira, precisa de alguns minutos para acreditar que est\u00e1 no interior de <strong>Santa Catarina<\/strong>.<\/p>\n\n\n\n<h2 class=\"wp-block-heading\">A hist\u00f3ria que come\u00e7ou dentro de um navio<\/h2>\n\n\n\n<p>Em 8 de setembro de 1933, 85 pessoas embarcaram no navio <strong>Principessa Maria<\/strong> rumo ao Brasil. Eram tiroleses que fugiam da crise econ\u00f4mica do p\u00f3s-Primeira Guerra Mundial, liderados por <strong>Andreas Thaler<\/strong>, ent\u00e3o ministro da Agricultura da \u00c1ustria. Durante a travessia do Atl\u00e2ntico, os imigrantes formaram uma banda de m\u00fasica a bordo. Trinta e cinco dias depois, desembarcaram em terras catarinenses a 796 m de altitude.<\/p>\n\n\n\n<p>Thaler batizou a nova col\u00f4nia de <em>Dreizehnlinden<\/em>, palavra inspirada no poema \u00e9pico do escritor <strong>Friedrich Wilhelm Weber<\/strong> que exaltava a t\u00edlia, \u00e1rvore abundante nos Alpes. A tradu\u00e7\u00e3o livre deu o nome definitivo ao munic\u00edpio: <strong><a href=\"https:\/\/turismo.trezetilias.sc.gov.br\/pagina-290\/\" target=\"_blank\" rel=\"noreferrer noopener\">Treze T\u00edlias<\/a><\/strong>. Entre 1933 e 1937, novos grupos chegaram dos estados do Tirol, Vorarlberg e Alta \u00c1ustria, somando mais de 780 imigrantes.<\/p>\n\n\n<div class=\"wp-block-image\">\n<figure class=\"aligncenter size-large\"><img decoding=\"async\" width=\"1024\" height=\"576\" src=\"https:\/\/www.correiobraziliense.com.br\/cbradar\/wp-content\/uploads\/2025\/11\/Design-sem-nome-65-1-1024x576.png\" alt=\"A &quot;\u00c1ustria brasileira&quot; foi a \u00fanica cidade fundada por um ministro europeu no Brasil e encanta quem sonha em viajar para fora\" class=\"wp-image-142803\" srcset=\"https:\/\/www.correiobraziliense.com.br\/cbradar\/wp-content\/uploads\/2025\/11\/Design-sem-nome-65-1-1024x576.png 1024w, https:\/\/www.correiobraziliense.com.br\/cbradar\/wp-content\/uploads\/2025\/11\/Design-sem-nome-65-1-300x169.png 300w, https:\/\/www.correiobraziliense.com.br\/cbradar\/wp-content\/uploads\/2025\/11\/Design-sem-nome-65-1-768x432.png 768w, https:\/\/www.correiobraziliense.com.br\/cbradar\/wp-content\/uploads\/2025\/11\/Design-sem-nome-65-1-750x422.png 750w, https:\/\/www.correiobraziliense.com.br\/cbradar\/wp-content\/uploads\/2025\/11\/Design-sem-nome-65-1-1140x641.png 1140w, https:\/\/www.correiobraziliense.com.br\/cbradar\/wp-content\/uploads\/2025\/11\/Design-sem-nome-65-1.png 1280w\" sizes=\"(max-width: 1024px) 100vw, 1024px\" \/><figcaption class=\"wp-element-caption\">Treze T\u00edlias \u00e9 um munic\u00edpio no oeste de Santa Catarina, com forte influ\u00eancia austr\u00edaca origin\u00e1ria da regi\u00e3o do Tirol. \/\/ Cr\u00e9ditos: YouTube @JGvoandocomdrone<\/figcaption><\/figure><\/div>\n\n\n<h2 class=\"wp-block-heading\">O que visitar no Tirol Brasileiro?<\/h2>\n\n\n\n<p><strong>O centro da cidade concentra a maior parte das atra\u00e7\u00f5es a poucos minutos a p\u00e9 umas das outras. <\/strong>Alguns pontos funcionam apenas \u00e0 tarde, ent\u00e3o vale confirmar hor\u00e1rios antes de sair.<\/p>\n\n\n\n<ul class=\"wp-block-list\">\n<li><strong>Museu Municipal Andreas Thaler<\/strong>: o &#8220;Castelinho&#8221; projetado entre 1934 e 1936 pelo arquiteto Bruno Kracher com inspira\u00e7\u00e3o num castelo tirol\u00eas. C\u00f4modos guardam a mob\u00edlia original trazida da Europa, incluindo a escrivaninha do fundador e o exemplar do poema que batizou a cidade.<\/li>\n\n\n\n<li><strong>Parque Lindendorf<\/strong>: 45 mil m\u00b2 com lago, animais e a &#8220;Minicidade&#8221;, reprodu\u00e7\u00e3o detalhada das constru\u00e7\u00f5es locais em escala reduzida, com ilumina\u00e7\u00e3o e arboriza\u00e7\u00e3o fi\u00e9is ao original. H\u00e1 restaurante com buffet de comida t\u00edpica e apresenta\u00e7\u00f5es folcl\u00f3ricas.<\/li>\n\n\n\n<li><strong>Igreja Matriz Nossa Senhora do Perp\u00e9tuo Socorro<\/strong>: erguida em 1935 no alto de uma colina, tem interior inteiramente entalhado em madeira por artes\u00e3os locais e vista panor\u00e2mica da cidade.<\/li>\n\n\n\n<li><strong>Ateli\u00eas de escultores<\/strong>: espalhados pelo centro, os ateliers recebem visitantes e exp\u00f5em obras de arte sacra e profana em todos os portes. O <strong>Ateli\u00ea Gotfredo Thaler<\/strong> \u00e9 parada obrigat\u00f3ria; o escultor foi o autor do Cristo da Igreja Dom Bosco, em Bras\u00edlia.<\/li>\n\n\n\n<li><strong>Cervejaria Bierbaum<\/strong>: fundada em 2004, produz conforme a Lei da Pureza Alem\u00e3 de 1516, com r\u00f3tulos premiados nacionalmente. Oferece tour pela f\u00e1brica e degusta\u00e7\u00e3o no bar anexo.<\/li>\n\n\n\n<li><strong>Mundo Tirol\u00eas<\/strong>: maior loja de trajes t\u00edpicos austr\u00edacos do Brasil, com arquitetura tem\u00e1tica e espa\u00e7o para fotos.<\/li>\n<\/ul>\n\n\n\n<p><strong>Treze T\u00edlias \u00e9 um peda\u00e7o da \u00c1ustria em pleno solo catarinense, preservando fielmente as tradi\u00e7\u00f5es do Tirol. <\/strong>O v\u00eddeo \u00e9 do canal <strong>FABY PELO MUNDO,<\/strong> que conta com mais de <strong>34 mil inscritos<\/strong>, e apresenta a arquitetura, a gastronomia e os principais pontos tur\u00edsticos desta encantadora cidade de 8 mil habitantes:<\/p>\n\n\n\n<figure class=\"wp-block-embed aligncenter is-type-video is-provider-youtube wp-block-embed-youtube wp-embed-aspect-16-9 wp-has-aspect-ratio\"><div class=\"wp-block-embed__wrapper\">\n<div class=\"jeg_video_container jeg_video_content\"><iframe loading=\"lazy\" title=\"TREZE T\u00cdLIAS DREIZEHNLINDEN A CIDADE MAIS AUSTR\u00cdACA DO BRASIL\/ TIROL BRASILEIRO! \u00c1USTRIA NO BRASIL\" width=\"500\" height=\"281\" src=\"https:\/\/www.youtube.com\/embed\/3ayhjlSK51U?feature=oembed\" frameborder=\"0\" allow=\"accelerometer; autoplay; clipboard-write; encrypted-media; gyroscope; picture-in-picture; web-share\" referrerpolicy=\"strict-origin-when-cross-origin\" allowfullscreen><\/iframe><\/div>\n<\/div><\/figure>\n\n\n\n<h2 class=\"wp-block-heading\">Treze T\u00edlias \u00e9 a Capital Catarinense da Escultura em Madeira<\/h2>\n\n\n\n<p>A tradi\u00e7\u00e3o art\u00edstica desembarcou com os primeiros colonos. <strong>Andr\u00e4 Thaler<\/strong>, filho do fundador, dividia o trabalho na lavoura com a escultura e formou uma linhagem de artistas. Seu neto <strong>Gotfredo Thaler<\/strong> aperfei\u00e7oou a t\u00e9cnica na \u00c1ustria em 1967 e voltou para criar obras de grande porte, entre elas o Cristo da Igreja Dom Bosco, em Bras\u00edlia.<\/p>\n\n\n\n<p>Hoje o munic\u00edpio carrega o t\u00edtulo oficial de <a href=\"https:\/\/www.trezetilias.com.br\/escultura\" target=\"_blank\" rel=\"noreferrer noopener\"><strong>Capital Catarinense dos Escultores e Esculturas em Madeira<\/strong><\/a>. Os ateli\u00eas abertos \u00e0 visita\u00e7\u00e3o produzem de arte sacra a m\u00f3veis e bras\u00f5es. Quase todas as constru\u00e7\u00f5es da cidade exibem um campan\u00e1rio e um galo no topo, s\u00edmbolo tirol\u00eas da disposi\u00e7\u00e3o para o trabalho.<\/p>\n\n\n\n<p><strong>Leia tamb\u00e9m: <a href=\"https:\/\/www.correiobraziliense.com.br\/cbradar\/a-california-brasileira-tem-agua-de-230-mil-anos-na-torneira-e-o-1o-lugar-em-qualidade-de-vida-no-brasil\/\" target=\"_blank\" rel=\"noreferrer noopener\">A Calif\u00f3rnia Brasileira tem \u00e1gua de 230 mil anos na torneira e o 1\u00ba lugar em qualidade de vida no Brasil.<\/a><\/strong><\/p>\n\n\n<div class=\"wp-block-image\">\n<figure class=\"aligncenter size-large\"><img decoding=\"async\" width=\"1024\" height=\"576\" src=\"https:\/\/www.correiobraziliense.com.br\/cbradar\/wp-content\/uploads\/2025\/11\/Design-sem-nome-64-1024x576.png\" alt=\"A \u201c\u00c1ustria brasileira\u201d pouco conhecida com menos de 10 mil habitantes lembra a Europa e conquista com qualidade de vida de excel\u00eancia\" class=\"wp-image-142804\" srcset=\"https:\/\/www.correiobraziliense.com.br\/cbradar\/wp-content\/uploads\/2025\/11\/Design-sem-nome-64-1024x576.png 1024w, https:\/\/www.correiobraziliense.com.br\/cbradar\/wp-content\/uploads\/2025\/11\/Design-sem-nome-64-300x169.png 300w, https:\/\/www.correiobraziliense.com.br\/cbradar\/wp-content\/uploads\/2025\/11\/Design-sem-nome-64-768x432.png 768w, https:\/\/www.correiobraziliense.com.br\/cbradar\/wp-content\/uploads\/2025\/11\/Design-sem-nome-64-750x422.png 750w, https:\/\/www.correiobraziliense.com.br\/cbradar\/wp-content\/uploads\/2025\/11\/Design-sem-nome-64-1140x641.png 1140w, https:\/\/www.correiobraziliense.com.br\/cbradar\/wp-content\/uploads\/2025\/11\/Design-sem-nome-64.png 1280w\" sizes=\"(max-width: 1024px) 100vw, 1024px\" \/><figcaption class=\"wp-element-caption\">Treze T\u00edlias \u00e9 um munic\u00edpio em Santa Catarina com forte influ\u00eancia cultural austr\u00edaca. \/\/ Cr\u00e9ditos: YouTube @floripaonibus<\/figcaption><\/figure><\/div>\n\n\n<h2 class=\"wp-block-heading\">Qual a melhor \u00e9poca para visitar o Tirol Brasileiro?<\/h2>\n\n\n\n<p>A cidade encanta em qualquer m\u00eas, mas o inverno entrega o clima alpino completo: frio de verdade, gastronomia robusta e ruas floridas mesmo sob temperaturas baixas. Outubro traz a <strong>Tirolerfest<\/strong>, festa de nove dias que celebra a funda\u00e7\u00e3o com desfiles, grupos folcl\u00f3ricos, trajes t\u00edpicos e m\u00fasica, reunindo visitantes de todo o Brasil.<\/p>\n\n\n\n<div class=\"google-auto-ads-ignore\" style=\"font-family: 'Segoe UI', Roboto, Helvetica, Arial, sans-serif; max-width: 900px; margin: 10px auto; display: flex; flex-wrap: wrap; gap: 12px; justify-content: center;\">\n\n  <div style=\"flex: 1 1 200px; background: #ffffff; border-radius: 12px; border: 1px solid #bfdbfe; box-shadow: 0 2px 10px rgba(37, 99, 235, 0.05); overflow: hidden; display: flex; flex-direction: column;\">\n    <div style=\"background: #eff6ff; padding: 10px; border-bottom: 1px solid #dbeafe; display: flex; align-items: center; gap: 8px;\">\n      <div style=\"background: #2563eb; padding: 4px; border-radius: 6px; display: flex;\">\n        <svg width=\"14\" height=\"14\" viewBox=\"0 0 24 24\" fill=\"none\" stroke=\"#ffffff\" stroke-width=\"3\" stroke-linecap=\"round\" stroke-linejoin=\"round\"><circle cx=\"12\" cy=\"12\" r=\"5\"\/><line x1=\"12\" y1=\"1\" x2=\"12\" y2=\"3\"\/><line x1=\"12\" y1=\"21\" x2=\"12\" y2=\"23\"\/><line x1=\"4.22\" y1=\"4.22\" x2=\"5.64\" y2=\"5.64\"\/><line x1=\"18.36\" y1=\"18.36\" x2=\"19.78\" y2=\"19.78\"\/><line x1=\"1\" y1=\"12\" x2=\"3\" y2=\"12\"\/><line x1=\"21\" y1=\"12\" x2=\"23\" y2=\"12\"\/><\/svg>\n      <\/div>\n      <span style=\"font-size: 0.75rem; font-weight: 800; color: #1e3a8a; letter-spacing: 0.05em;\">VER\u00c3O<\/span>\n    <\/div>\n    <div style=\"padding: 12px; text-align: center;\">\n      <div style=\"font-size: 0.7rem; color: #1d4ed8; font-weight: 700;\">DEZ &#8211; FEV<\/div>\n      <div style=\"font-size: 1.2rem; font-weight: 900; color: #2563eb; margin: 2px 0;\">16-28\u00b0C<\/div>\n      <div style=\"font-size: 0.8rem; color: #1e293b; line-height: 1.3;\">Chuva alta. Ideal para o <strong>Parque \u00c1guas Tirolesas<\/strong> e aproveitar <strong>trilhas matinais<\/strong> frescas.<\/div>\n    <\/div>\n  <\/div>\n\n  <div style=\"flex: 1 1 200px; background: #ffffff; border-radius: 12px; border: 1px solid #bfdbfe; box-shadow: 0 2px 10px rgba(37, 99, 235, 0.05); overflow: hidden; display: flex; flex-direction: column;\">\n    <div style=\"background: #eff6ff; padding: 10px; border-bottom: 1px solid #dbeafe; display: flex; align-items: center; gap: 8px;\">\n      <div style=\"background: #2563eb; padding: 4px; border-radius: 6px; display: flex;\">\n        <svg width=\"14\" height=\"14\" viewBox=\"0 0 24 24\" fill=\"none\" stroke=\"#ffffff\" stroke-width=\"3\" stroke-linecap=\"round\" stroke-linejoin=\"round\"><path d=\"M12 2L2 7l10 5 10-5-10-5zM2 17l10 5 10-5M2 12l10 5 10-5\"\/><\/svg>\n      <\/div>\n      <span style=\"font-size: 0.75rem; font-weight: 800; color: #1e3a8a; letter-spacing: 0.05em;\">OUTONO<\/span>\n    <\/div>\n    <div style=\"padding: 12px; text-align: center;\">\n      <div style=\"font-size: 0.7rem; color: #1d4ed8; font-weight: 700;\">MAR &#8211; MAI<\/div>\n      <div style=\"font-size: 1.2rem; font-weight: 900; color: #2563eb; margin: 2px 0;\">12-24\u00b0C<\/div>\n      <div style=\"font-size: 0.8rem; color: #1e293b; line-height: 1.3;\">Chuva m\u00e9dia. Esta\u00e7\u00e3o para explorar <strong>ateli\u00eas de escultura<\/strong>, museus e saborear as <strong>cervejarias<\/strong>.<\/div>\n    <\/div>\n  <\/div>\n\n  <div style=\"flex: 1 1 200px; background: #ffffff; border-radius: 12px; border: 1px solid #bfdbfe; box-shadow: 0 2px 10px rgba(37, 99, 235, 0.05); overflow: hidden; display: flex; flex-direction: column;\">\n    <div style=\"background: #eff6ff; padding: 10px; border-bottom: 1px solid #dbeafe; display: flex; align-items: center; gap: 8px;\">\n      <div style=\"background: #2563eb; padding: 4px; border-radius: 6px; display: flex;\">\n        <svg width=\"14\" height=\"14\" viewBox=\"0 0 24 24\" fill=\"none\" stroke=\"#ffffff\" stroke-width=\"3\" stroke-linecap=\"round\" stroke-linejoin=\"round\"><path d=\"M12 3a6 6 0 0 0 9 9 9 9 0 1 1-9-9Z\"\/><path d=\"M19 3v4\"\/><path d=\"M21 5h-4\"\/><\/svg>\n      <\/div>\n      <span style=\"font-size: 0.75rem; font-weight: 800; color: #1e3a8a; letter-spacing: 0.05em;\">INVERNO<\/span>\n    <\/div>\n    <div style=\"padding: 12px; text-align: center;\">\n      <div style=\"font-size: 0.7rem; color: #1d4ed8; font-weight: 700;\">JUN &#8211; AGO<\/div>\n      <div style=\"font-size: 1.2rem; font-weight: 900; color: #2563eb; margin: 2px 0;\">2-18\u00b0C<\/div>\n      <div style=\"font-size: 0.8rem; color: #1e293b; line-height: 1.3;\">Chuva baixa. Viva a <strong>paisagem alpina<\/strong> com frio intenso e o melhor da <strong>gastronomia t\u00edpica<\/strong> austr\u00edaca.<\/div>\n    <\/div>\n  <\/div>\n\n  <div style=\"flex: 1 1 200px; background: #ffffff; border-radius: 12px; border: 1px solid #bfdbfe; box-shadow: 0 2px 10px rgba(37, 99, 235, 0.05); overflow: hidden; display: flex; flex-direction: column;\">\n    <div style=\"background: #eff6ff; padding: 10px; border-bottom: 1px solid #dbeafe; display: flex; align-items: center; gap: 10px;\">\n      <div style=\"background: #2563eb; padding: 4px; border-radius: 6px; display: flex;\">\n        <svg width=\"14\" height=\"14\" viewBox=\"0 0 24 24\" fill=\"none\" stroke=\"#ffffff\" stroke-width=\"3\" stroke-linecap=\"round\" stroke-linejoin=\"round\"><path d=\"M12 7.5V21m-4.5-9L12 21l4.5-9\"\/><\/svg>\n      <\/div>\n      <span style=\"font-size: 0.75rem; font-weight: 800; color: #1e3a8a; letter-spacing: 0.05em;\">PRIMAVERA<\/span>\n    <\/div>\n    <div style=\"padding: 12px; text-align: center;\">\n      <div style=\"font-size: 0.7rem; color: #1d4ed8; font-weight: 700;\">SET &#8211; NOV<\/div>\n      <div style=\"font-size: 1.2rem; font-weight: 900; color: #2563eb; margin: 2px 0;\">10-26\u00b0C<\/div>\n      <div style=\"font-size: 0.8rem; color: #1e293b; line-height: 1.3;\">Chuva m\u00e9dia. \u00c9poca da <strong>Tirolerfest<\/strong> em outubro e de passear pelos <strong>jardins floridos<\/strong> da cidade.<\/div>\n    <\/div>\n  <\/div>\n\n<\/div>\n\n\n\n<p><em>Temperaturas aproximadas com base no <a href=\"https:\/\/www.climatempo.com.br\/climatologia\/2619\/trezetilias-sc\" target=\"_blank\" rel=\"noreferrer noopener\"><strong>Climatempo<\/strong><\/a>. Condi\u00e7\u00f5es podem variar.<\/em><\/p>\n\n\n\n<h2 class=\"wp-block-heading\">O que comer na cidade mais austr\u00edaca do Brasil?<\/h2>\n\n\n\n<p>A gastronomia segue receitas alpinas transmitidas por gera\u00e7\u00f5es. Os restaurantes do centro e do Parque Lindendorf s\u00e3o boas op\u00e7\u00f5es para uma primeira refei\u00e7\u00e3o completa.<\/p>\n\n\n\n<ul class=\"wp-block-list\">\n<li><strong>Goulash<\/strong>: ensopado de carne com p\u00e1prica servido em panela de ferro, receita id\u00eantica \u00e0 dos primeiros colonos.<\/li>\n\n\n\n<li><strong>Wiener Schnitzel<\/strong>: escalope de carne empanado, prato cl\u00e1ssico da culin\u00e1ria vienense.<\/li>\n\n\n\n<li><strong>Kn\u00f6del<\/strong>: bolinho \u00e0 base de p\u00e3o e ovos, acompanhamento presente em quase todos os card\u00e1pios t\u00edpicos.<\/li>\n\n\n\n<li><strong>Apfelstrudel<\/strong>: folhado de ma\u00e7\u00e3 servido quente com nata ou sorvete, item obrigat\u00f3rio nas confeitarias.<\/li>\n\n\n\n<li><strong>Cervejas Bierbaum<\/strong>: produzidas conforme a tradi\u00e7\u00e3o alem\u00e3, com estilos que incluem Vienna Lager e Weizenbier.<\/li>\n<\/ul>\n\n\n<div class=\"wp-block-image\">\n<figure class=\"aligncenter size-large\"><img decoding=\"async\" width=\"1024\" height=\"576\" src=\"https:\/\/www.correiobraziliense.com.br\/cbradar\/wp-content\/uploads\/2026\/02\/aaa-2026-02-03T052912.691-1024x576.png\" alt=\"\" class=\"wp-image-186422\" srcset=\"https:\/\/www.correiobraziliense.com.br\/cbradar\/wp-content\/uploads\/2026\/02\/aaa-2026-02-03T052912.691-1024x576.png 1024w, https:\/\/www.correiobraziliense.com.br\/cbradar\/wp-content\/uploads\/2026\/02\/aaa-2026-02-03T052912.691-300x169.png 300w, https:\/\/www.correiobraziliense.com.br\/cbradar\/wp-content\/uploads\/2026\/02\/aaa-2026-02-03T052912.691-768x432.png 768w, https:\/\/www.correiobraziliense.com.br\/cbradar\/wp-content\/uploads\/2026\/02\/aaa-2026-02-03T052912.691-750x422.png 750w, https:\/\/www.correiobraziliense.com.br\/cbradar\/wp-content\/uploads\/2026\/02\/aaa-2026-02-03T052912.691-1140x641.png 1140w, https:\/\/www.correiobraziliense.com.br\/cbradar\/wp-content\/uploads\/2026\/02\/aaa-2026-02-03T052912.691.png 1280w\" sizes=\"(max-width: 1024px) 100vw, 1024px\" \/><figcaption class=\"wp-element-caption\">Treze T\u00edlias \u00e9 uma cidade que convida a passeios tranquilos, onde a arte e a natureza se encontram em cada esquina. \/ Imagem Ilustrativa<\/figcaption><\/figure><\/div>\n\n\n<h2 class=\"wp-block-heading\">Como chegar ao Tirol Brasileiro saindo das capitais do Sul?<\/h2>\n\n\n\n<p>Treze T\u00edlias fica a 425 km de <strong>Florian\u00f3polis<\/strong> pela <strong>BR-470<\/strong> at\u00e9 Campos Novos, seguindo pelas <strong>SC-303<\/strong> e <strong>SC-454<\/strong>. Quem vem de <strong>Curitiba<\/strong> percorre cerca de 380 km pela mesma rota. O aeroporto comercial mais pr\u00f3ximo \u00e9 o de <strong>Chapec\u00f3<\/strong>, a 175 km. A cidade integra a <strong>Rota da Amizade<\/strong>, circuito regional que inclui Fraiburgo, Videira, Piratuba e Joa\u00e7aba, ideal para quem quer montar um roteiro de alguns dias pelo meio-oeste catarinense.<\/p>\n\n\n\n<h2 class=\"wp-block-heading\">Uma cidade que o tempo n\u00e3o apagou<\/h2>\n\n\n\n<p><strong>Poucos destinos brasileiros guardam uma hist\u00f3ria de funda\u00e7\u00e3o t\u00e3o singular: <\/strong>um ministro que cruzou o Atl\u00e2ntico, uma banda que nasceu em alto-mar e escultores cujas obras chegaram \u00e0 capital federal. Tudo isso em menos de dez mil habitantes, com varandas floridas o ano inteiro e dialeto tirol\u00eas ainda falado pelos mais velhos.<\/p>\n\n\n\n<p>Voc\u00ea precisa subir ao meio-oeste catarinense e ver com os pr\u00f3prios olhos como o Tirol se reconstruiu entre as arauc\u00e1rias de Santa Catarina.<\/p>\n","protected":false},"excerpt":{"rendered":"<p>Varandas cobertas de ger\u00e2nios, telhados inclinados e o cheiro de apfelstrudel saindo das confeitarias: quem chega a Treze T\u00edlias, apelidada carinhosamente de \u00c1ustria brasileira, precisa de alguns minutos para acreditar que est\u00e1 no interior de Santa Catarina. A hist\u00f3ria que come\u00e7ou dentro de um navio Em 8 de setembro de 1933, 85 pessoas embarcaram no [&hellip;]<\/p>\n","protected":false},"author":8,"featured_media":200682,"comment_status":"open","ping_status":"open","sticky":false,"template":"","format":"standard","meta":{"_yoast_wpseo_focuskw":"\u00c1ustria brasileira","_yoast_wpseo_title":"","_yoast_wpseo_metadesc":"Conhecida como \u00c1ustria brasileira, cidade de Santa Catarina foi fundada por um ministro europeu e encanta quem sonha viajar para a Europa.","jnews-multi-image_gallery":[],"jnews_single_post":{"format":"standard"},"jnews_primary_category":[],"jnews_social_meta":[],"jnews_override_counter":[],"footnotes":""},"categories":[108,111],"tags":[851,11892],"class_list":["post-205754","post","type-post","status-publish","format-standard","has-post-thumbnail","hentry","category-cidades","category-turismo","tag-santa-catarina","tag-treze-tilias"],"yoast_head":"<!-- This site is optimized with the Yoast SEO plugin v24.6 - https:\/\/yoast.com\/wordpress\/plugins\/seo\/ -->\n<title>A &quot;\u00c1ustria brasileira&quot; foi a \u00fanica cidade fundada por um ministro europeu no Brasil e encanta quem sonha em viajar para fora - Correio Braziliense - Radar<\/title>\n<meta name=\"description\" content=\"Conhecida como \u00c1ustria brasileira, cidade de Santa Catarina foi fundada por um ministro europeu e encanta quem sonha viajar para a Europa.\" \/>\n<meta name=\"robots\" content=\"index, follow, max-snippet:-1, max-image-preview:large, max-video-preview:-1\" \/>\n<link rel=\"canonical\" href=\"https:\/\/www.correiobraziliense.com.br\/cbradar\/a-austria-brasileira-foi-a-unica-cidade-fundada-por-um-ministro-europeu-no-brasil-e-encanta-quem-sonha-em-viajar-para-fora\/\" \/>\n<meta property=\"og:locale\" content=\"pt_BR\" \/>\n<meta property=\"og:type\" content=\"article\" \/>\n<meta property=\"og:title\" content=\"A &quot;\u00c1ustria brasileira&quot; foi a \u00fanica cidade fundada por um ministro europeu no Brasil e encanta quem sonha em viajar para fora - Correio Braziliense - Radar\" \/>\n<meta property=\"og:description\" content=\"Conhecida como \u00c1ustria brasileira, cidade de Santa Catarina foi fundada por um ministro europeu e encanta quem sonha viajar para a Europa.\" \/>\n<meta property=\"og:url\" content=\"https:\/\/www.correiobraziliense.com.br\/cbradar\/a-austria-brasileira-foi-a-unica-cidade-fundada-por-um-ministro-europeu-no-brasil-e-encanta-quem-sonha-em-viajar-para-fora\/\" \/>\n<meta property=\"og:site_name\" content=\"Correio Braziliense - Radar\" \/>\n<meta property=\"article:published_time\" content=\"2026-03-10T14:45:00+00:00\" \/>\n<meta property=\"og:image\" content=\"https:\/\/www.correiobraziliense.com.br\/cbradar\/wp-content\/uploads\/2026\/02\/aaa-2026-02-27T221715.473.png\" \/>\n\t<meta property=\"og:image:width\" content=\"1280\" \/>\n\t<meta property=\"og:image:height\" content=\"720\" \/>\n\t<meta property=\"og:image:type\" content=\"image\/png\" \/>\n<meta name=\"author\" content=\"Maura Pereira\" \/>\n<meta name=\"twitter:card\" content=\"summary_large_image\" \/>\n<meta name=\"twitter:label1\" content=\"Escrito por\" \/>\n\t<meta name=\"twitter:data1\" content=\"Maura Pereira\" \/>\n\t<meta name=\"twitter:label2\" content=\"Est. tempo de leitura\" \/>\n\t<meta name=\"twitter:data2\" content=\"7 minutos\" \/>\n<!-- \/ Yoast SEO plugin. -->","yoast_head_json":{"title":"A \"\u00c1ustria brasileira\" foi a \u00fanica cidade fundada por um ministro europeu no Brasil e encanta quem sonha em viajar para fora - Correio Braziliense - Radar","description":"Conhecida como \u00c1ustria brasileira, cidade de Santa Catarina foi fundada por um ministro europeu e encanta quem sonha viajar para a Europa.","robots":{"index":"index","follow":"follow","max-snippet":"max-snippet:-1","max-image-preview":"max-image-preview:large","max-video-preview":"max-video-preview:-1"},"canonical":"https:\/\/www.correiobraziliense.com.br\/cbradar\/a-austria-brasileira-foi-a-unica-cidade-fundada-por-um-ministro-europeu-no-brasil-e-encanta-quem-sonha-em-viajar-para-fora\/","og_locale":"pt_BR","og_type":"article","og_title":"A \"\u00c1ustria brasileira\" foi a \u00fanica cidade fundada por um ministro europeu no Brasil e encanta quem sonha em viajar para fora - Correio Braziliense - Radar","og_description":"Conhecida como \u00c1ustria brasileira, cidade de Santa Catarina foi fundada por um ministro europeu e encanta quem sonha viajar para a Europa.","og_url":"https:\/\/www.correiobraziliense.com.br\/cbradar\/a-austria-brasileira-foi-a-unica-cidade-fundada-por-um-ministro-europeu-no-brasil-e-encanta-quem-sonha-em-viajar-para-fora\/","og_site_name":"Correio Braziliense - Radar","article_published_time":"2026-03-10T14:45:00+00:00","og_image":[{"width":1280,"height":720,"url":"https:\/\/www.correiobraziliense.com.br\/cbradar\/wp-content\/uploads\/2026\/02\/aaa-2026-02-27T221715.473.png","type":"image\/png"}],"author":"Maura Pereira","twitter_card":"summary_large_image","twitter_misc":{"Escrito por":"Maura Pereira","Est. tempo de leitura":"7 minutos"},"schema":{"@context":"https:\/\/schema.org","@graph":[{"@type":"WebPage","@id":"https:\/\/www.correiobraziliense.com.br\/cbradar\/a-austria-brasileira-foi-a-unica-cidade-fundada-por-um-ministro-europeu-no-brasil-e-encanta-quem-sonha-em-viajar-para-fora\/","url":"https:\/\/www.correiobraziliense.com.br\/cbradar\/a-austria-brasileira-foi-a-unica-cidade-fundada-por-um-ministro-europeu-no-brasil-e-encanta-quem-sonha-em-viajar-para-fora\/","name":"A \"\u00c1ustria brasileira\" foi a \u00fanica cidade fundada por um ministro europeu no Brasil e encanta quem sonha em viajar para fora - Correio Braziliense - Radar","isPartOf":{"@id":"https:\/\/www.correiobraziliense.com.br\/cbradar\/#website"},"primaryImageOfPage":{"@id":"https:\/\/www.correiobraziliense.com.br\/cbradar\/a-austria-brasileira-foi-a-unica-cidade-fundada-por-um-ministro-europeu-no-brasil-e-encanta-quem-sonha-em-viajar-para-fora\/#primaryimage"},"image":{"@id":"https:\/\/www.correiobraziliense.com.br\/cbradar\/a-austria-brasileira-foi-a-unica-cidade-fundada-por-um-ministro-europeu-no-brasil-e-encanta-quem-sonha-em-viajar-para-fora\/#primaryimage"},"thumbnailUrl":"https:\/\/www.correiobraziliense.com.br\/cbradar\/wp-content\/uploads\/2026\/02\/aaa-2026-02-27T221715.473.png","datePublished":"2026-03-10T14:45:00+00:00","author":{"@id":"https:\/\/www.correiobraziliense.com.br\/cbradar\/#\/schema\/person\/4053c651a9bfc785afc6f4cbc9032fd3"},"description":"Conhecida como \u00c1ustria brasileira, cidade de Santa Catarina foi fundada por um ministro europeu e encanta quem sonha viajar para a Europa.","breadcrumb":{"@id":"https:\/\/www.correiobraziliense.com.br\/cbradar\/a-austria-brasileira-foi-a-unica-cidade-fundada-por-um-ministro-europeu-no-brasil-e-encanta-quem-sonha-em-viajar-para-fora\/#breadcrumb"},"inLanguage":"pt-BR","potentialAction":[{"@type":"ReadAction","target":["https:\/\/www.correiobraziliense.com.br\/cbradar\/a-austria-brasileira-foi-a-unica-cidade-fundada-por-um-ministro-europeu-no-brasil-e-encanta-quem-sonha-em-viajar-para-fora\/"]}]},{"@type":"ImageObject","inLanguage":"pt-BR","@id":"https:\/\/www.correiobraziliense.com.br\/cbradar\/a-austria-brasileira-foi-a-unica-cidade-fundada-por-um-ministro-europeu-no-brasil-e-encanta-quem-sonha-em-viajar-para-fora\/#primaryimage","url":"https:\/\/www.correiobraziliense.com.br\/cbradar\/wp-content\/uploads\/2026\/02\/aaa-2026-02-27T221715.473.png","contentUrl":"https:\/\/www.correiobraziliense.com.br\/cbradar\/wp-content\/uploads\/2026\/02\/aaa-2026-02-27T221715.473.png","width":1280,"height":720,"caption":"Voc\u00ea precisa conhecer Treze T\u00edlias e sentir, entre varandas floridas e o aroma de apfelstrudel. \/ Imagem ilustrativa"},{"@type":"BreadcrumbList","@id":"https:\/\/www.correiobraziliense.com.br\/cbradar\/a-austria-brasileira-foi-a-unica-cidade-fundada-por-um-ministro-europeu-no-brasil-e-encanta-quem-sonha-em-viajar-para-fora\/#breadcrumb","itemListElement":[{"@type":"ListItem","position":1,"name":"In\u00edcio","item":"https:\/\/www.correiobraziliense.com.br\/cbradar\/"},{"@type":"ListItem","position":2,"name":"A &#8220;\u00c1ustria brasileira&#8221; foi a \u00fanica cidade fundada por um ministro europeu no Brasil e encanta quem sonha em viajar para fora"}]},{"@type":"WebSite","@id":"https:\/\/www.correiobraziliense.com.br\/cbradar\/#website","url":"https:\/\/www.correiobraziliense.com.br\/cbradar\/","name":"Correio Braziliense - Radar","description":"Acompanhe as \u00faltimas not\u00edcias e fique bem informado sobre tudo o que acontece no Brasil e no mundo.","potentialAction":[{"@type":"SearchAction","target":{"@type":"EntryPoint","urlTemplate":"https:\/\/www.correiobraziliense.com.br\/cbradar\/?s={search_term_string}"},"query-input":{"@type":"PropertyValueSpecification","valueRequired":true,"valueName":"search_term_string"}}],"inLanguage":"pt-BR"},{"@type":"Person","@id":"https:\/\/www.correiobraziliense.com.br\/cbradar\/#\/schema\/person\/4053c651a9bfc785afc6f4cbc9032fd3","name":"Maura Pereira","image":{"@type":"ImageObject","inLanguage":"pt-BR","@id":"https:\/\/www.correiobraziliense.com.br\/cbradar\/#\/schema\/person\/image\/","url":"https:\/\/secure.gravatar.com\/avatar\/3effd6bdadfa447f15089c7f7144eaa6?s=96&d=mm&r=g","contentUrl":"https:\/\/secure.gravatar.com\/avatar\/3effd6bdadfa447f15089c7f7144eaa6?s=96&d=mm&r=g","caption":"Maura Pereira"},"sameAs":["https:\/\/www.correiobraziliense.com.br\/"],"url":"https:\/\/www.correiobraziliense.com.br\/cbradar\/author\/mauramyth\/"}]}},"_links":{"self":[{"href":"https:\/\/www.correiobraziliense.com.br\/cbradar\/wp-json\/wp\/v2\/posts\/205754","targetHints":{"allow":["GET"]}}],"collection":[{"href":"https:\/\/www.correiobraziliense.com.br\/cbradar\/wp-json\/wp\/v2\/posts"}],"about":[{"href":"https:\/\/www.correiobraziliense.com.br\/cbradar\/wp-json\/wp\/v2\/types\/post"}],"author":[{"embeddable":true,"href":"https:\/\/www.correiobraziliense.com.br\/cbradar\/wp-json\/wp\/v2\/users\/8"}],"replies":[{"embeddable":true,"href":"https:\/\/www.correiobraziliense.com.br\/cbradar\/wp-json\/wp\/v2\/comments?post=205754"}],"version-history":[{"count":8,"href":"https:\/\/www.correiobraziliense.com.br\/cbradar\/wp-json\/wp\/v2\/posts\/205754\/revisions"}],"predecessor-version":[{"id":205867,"href":"https:\/\/www.correiobraziliense.com.br\/cbradar\/wp-json\/wp\/v2\/posts\/205754\/revisions\/205867"}],"wp:featuredmedia":[{"embeddable":true,"href":"https:\/\/www.correiobraziliense.com.br\/cbradar\/wp-json\/wp\/v2\/media\/200682"}],"wp:attachment":[{"href":"https:\/\/www.correiobraziliense.com.br\/cbradar\/wp-json\/wp\/v2\/media?parent=205754"}],"wp:term":[{"taxonomy":"category","embeddable":true,"href":"https:\/\/www.correiobraziliense.com.br\/cbradar\/wp-json\/wp\/v2\/categories?post=205754"},{"taxonomy":"post_tag","embeddable":true,"href":"https:\/\/www.correiobraziliense.com.br\/cbradar\/wp-json\/wp\/v2\/tags?post=205754"}],"curies":[{"name":"wp","href":"https:\/\/api.w.org\/{rel}","templated":true}]}}