{"id":205755,"date":"2026-03-11T16:15:00","date_gmt":"2026-03-11T19:15:00","guid":{"rendered":"https:\/\/www.correiobraziliense.com.br\/cbradar\/?p=205755"},"modified":"2026-03-09T15:31:26","modified_gmt":"2026-03-09T18:31:26","slug":"a-planta-medicinal-usada-ha-seculos-que-melhora-a-memoria-reduz-o-estresse-e-ajuda-na-concentracao","status":"publish","type":"post","link":"https:\/\/www.correiobraziliense.com.br\/cbradar\/a-planta-medicinal-usada-ha-seculos-que-melhora-a-memoria-reduz-o-estresse-e-ajuda-na-concentracao\/","title":{"rendered":"A planta medicinal usada h\u00e1 s\u00e9culos que melhora a mem\u00f3ria, reduz o estresse e ajuda na concentra\u00e7\u00e3o"},"content":{"rendered":"\n<p>A <strong>Bacopa monnieri<\/strong>, conhecida milenarmente como <strong>Brahmi<\/strong>, destaca-se na medicina tradicional por potencializar as fun\u00e7\u00f5es cognitivas de maneira natural e segura. Utilizada h\u00e1 s\u00e9culos na <strong>\u00cdndia<\/strong>, essa planta medicinal ajuda a combater o cansa\u00e7o mental enquanto promove uma melhora significativa na reten\u00e7\u00e3o de mem\u00f3rias complexas e no foco di\u00e1rio constante.<\/p>\n\n\n\n<h2 class=\"wp-block-heading\">Como a Bacopa monnieri atua diretamente no c\u00e9rebro humano?<\/h2>\n\n\n\n<p>Os compostos ativos chamados bacos\u00eddeos desempenham um papel crucial na repara\u00e7\u00e3o de neur\u00f4nios danificados e na facilita\u00e7\u00e3o da transmiss\u00e3o de impulsos nervosos essenciais. Essa regenera\u00e7\u00e3o celular permite que o c\u00e9rebro processe informa\u00e7\u00f5es com maior agilidade, reduzindo o tempo de resposta em tarefas cognitivas exigentes do cotidiano moderno. O uso regular promove <strong>clareza mental duradoura e foco<\/strong>.<\/p>\n\n\n\n<p>A <strong><a href=\"https:\/\/www.correiobraziliense.com.br\/cbradar\/a-planta-medicinal-que-ajuda-a-acalmar-a-mente-e-tambem-melhora-a-qualidade-do-sono\/\" target=\"_blank\" rel=\"noreferrer noopener\">planta <\/a><\/strong>tamb\u00e9m estimula a produ\u00e7\u00e3o de enzimas que combatem o estresse oxidativo nas c\u00e9lulas cerebrais, protegendo o sistema nervoso contra o <strong>envelhecimento precoce indesejado<\/strong>. Ao equilibrar os n\u00edveis de neurotransmissores como a serotonina e a dopamina, ela cria um ambiente biol\u00f3gico favor\u00e1vel para o aprendizado acelerado e para a estabilidade emocional necess\u00e1ria diariamente.<\/p>\n\n\n\n<p>A Bacopa monnieri \u00e9 uma planta tradicionalmente associada \u00e0 melhora da mem\u00f3ria, concentra\u00e7\u00e3o e desempenho cognitivo. Seu uso tem despertado interesse em estudos sobre sa\u00fade cerebral. No conte\u00fado do <strong>Dr. Christian Aguiar &#8211; Contra a Corrente<\/strong>, com 860 mil inscritos, voc\u00ea descobre seus efeitos:<\/p>\n\n\n\n<figure class=\"wp-block-embed is-type-video is-provider-youtube wp-block-embed-youtube wp-embed-aspect-16-9 wp-has-aspect-ratio\"><div class=\"wp-block-embed__wrapper\">\n<div class=\"jeg_video_container jeg_video_content\"><iframe loading=\"lazy\" title=\"Descubra os efeitos da Bacopa Monnieri para o C\u00e9rebro\" width=\"500\" height=\"281\" src=\"https:\/\/www.youtube.com\/embed\/eGGfhpFpgUA?feature=oembed\" frameborder=\"0\" allow=\"accelerometer; autoplay; clipboard-write; encrypted-media; gyroscope; picture-in-picture; web-share\" referrerpolicy=\"strict-origin-when-cross-origin\" allowfullscreen><\/iframe><\/div>\n<\/div><\/figure>\n\n\n\n<h2 class=\"wp-block-heading\">Quais s\u00e3o os benef\u00edcios reais para a redu\u00e7\u00e3o do estresse?<\/h2>\n\n\n\n<p>Como uma erva adapt\u00f3gena potente, ela ajuda o organismo a se ajustar \u00e0s press\u00f5es psicol\u00f3gicas, diminuindo os n\u00edveis de cortisol na corrente sangu\u00ednea rapidamente. Essa modula\u00e7\u00e3o hormonal impede que o cansa\u00e7o f\u00edsico e mental prejudique o desempenho intelectual, garantindo que o indiv\u00edduo mantenha a calma em situa\u00e7\u00f5es de alta press\u00e3o ou ansiedade intensa constante.<\/p>\n\n\n\n<p>A redu\u00e7\u00e3o da fadiga mental permite que a mente permane\u00e7a em estado de alerta sem causar o esgotamento t\u00edpico de estimulantes artificiais pesados. Estudos indicam que o relaxamento promovido pela planta melhora a qualidade do sono, fator determinante para a consolida\u00e7\u00e3o da mem\u00f3ria e para a sa\u00fade neurol\u00f3gica global dos praticantes. O <strong>equil\u00edbrio \u00e9 a base fundamental<\/strong>.<\/p>\n\n\n\n<h2 class=\"wp-block-heading\">De que maneira o foco e a concentra\u00e7\u00e3o s\u00e3o aprimorados?<\/h2>\n\n\n\n<p>A melhoria na circula\u00e7\u00e3o sangu\u00ednea cerebral garante que o oxig\u00eanio e os nutrientes fundamentais cheguem \u00e0s \u00e1reas respons\u00e1veis pela aten\u00e7\u00e3o seletiva e concentra\u00e7\u00e3o. Isso resulta em uma capacidade ampliada de ignorar distra\u00e7\u00f5es externas e manter o foco em objetivos complexos por per\u00edodos mais longos. A mente torna-se mais resiliente e eficiente diante de novos desafios intelectuais.<\/p>\n\n\n\n<p>Para aproveitar todos os benef\u00edcios e integrar esse recurso natural valioso em sua rotina de autocuidado de forma pr\u00e1tica e muito eficiente:<\/p>\n\n\n\n<ul class=\"wp-block-list\">\n<li>Consumo de extrato padronizado em c\u00e1psulas de alta qualidade.<\/li>\n\n\n\n<li>Infus\u00e3o das folhas secas para um ch\u00e1 relaxante noturno.<\/li>\n\n\n\n<li>Adi\u00e7\u00e3o de p\u00f3 em sucos funcionais durante a manh\u00e3.<\/li>\n\n\n\n<li>Uso associado a gorduras saud\u00e1veis para melhor absor\u00e7\u00e3o intestinal.<\/li>\n\n\n\n<li>Pr\u00e1tica de medita\u00e7\u00e3o conjunta para potencializar os efeitos mentais.<\/li>\n<\/ul>\n\n\n\n<h2 class=\"wp-block-heading\">Existem efeitos colaterais ou contraindica\u00e7\u00f5es importantes para o uso?<\/h2>\n\n\n\n<p>Embora seja considerada segura pela medicina ayurv\u00e9dica, algumas pessoas podem sentir leves desconfortos digestivos ou n\u00e1useas ao iniciar o consumo do extrato potente. \u00c9 recomend\u00e1vel ingerir a planta junto \u00e0s refei\u00e7\u00f5es principais para minimizar qualquer sensibilidade g\u00e1strica inicial e garantir uma absor\u00e7\u00e3o lenta dos ativos. A modera\u00e7\u00e3o \u00e9 sempre a melhor estrat\u00e9gia para o bem-estar.<\/p>\n\n\n\n<p>Mulheres gr\u00e1vidas ou indiv\u00edduos que utilizam medicamentos sedativos devem consultar um profissional de sa\u00fade qualificado antes de iniciar qualquer suplementa\u00e7\u00e3o fitoter\u00e1pica espec\u00edfica. O respeito \u00e0s dosagens sugeridas evita complica\u00e7\u00f5es e garante que os benef\u00edcios superem qualquer risco potencial associado ao uso cont\u00ednuo. Conhecer os limites do pr\u00f3prio corpo \u00e9 um passo essencial para a sa\u00fade.<\/p>\n\n\n\n<figure class=\"wp-block-image size-full\"><img decoding=\"async\" width=\"1280\" height=\"720\" src=\"https:\/\/www.correiobraziliense.com.br\/cbradar\/wp-content\/uploads\/2026\/03\/Gemini_Generated_Image_pp4lespp4lespp4l-1-1.png\" alt=\"A planta medicinal usada h\u00e1 s\u00e9culos que melhora a mem\u00f3ria, reduz o estresse e ajuda na concentra\u00e7\u00e3o\" class=\"wp-image-205758\" srcset=\"https:\/\/www.correiobraziliense.com.br\/cbradar\/wp-content\/uploads\/2026\/03\/Gemini_Generated_Image_pp4lespp4lespp4l-1-1.png 1280w, https:\/\/www.correiobraziliense.com.br\/cbradar\/wp-content\/uploads\/2026\/03\/Gemini_Generated_Image_pp4lespp4lespp4l-1-1-300x169.png 300w, https:\/\/www.correiobraziliense.com.br\/cbradar\/wp-content\/uploads\/2026\/03\/Gemini_Generated_Image_pp4lespp4lespp4l-1-1-768x432.png 768w, https:\/\/www.correiobraziliense.com.br\/cbradar\/wp-content\/uploads\/2026\/03\/Gemini_Generated_Image_pp4lespp4lespp4l-1-1-750x422.png 750w, https:\/\/www.correiobraziliense.com.br\/cbradar\/wp-content\/uploads\/2026\/03\/Gemini_Generated_Image_pp4lespp4lespp4l-1-1-1140x641.png 1140w\" sizes=\"(max-width: 1280px) 100vw, 1280px\" \/><figcaption class=\"wp-element-caption\">Bacopa monnieri a planta tradicional associada \u00e0 mem\u00f3ria foco e desempenho cognitivo<\/figcaption><\/figure>\n\n\n\n<h2 class=\"wp-block-heading\">Onde encontrar evid\u00eancias cient\u00edficas sobre a efic\u00e1cia desta planta?<\/h2>\n\n\n\n<p>A ci\u00eancia moderna valida os efeitos positivos da <strong>Bacopa monnieri<\/strong> atrav\u00e9s de diversos estudos cl\u00ednicos controlados realizados em universidades de renome mundial. As evid\u00eancias demonstram que a suplementa\u00e7\u00e3o melhora a mem\u00f3ria espacial e a velocidade de processamento visual em adultos saud\u00e1veis e idosos. A comprova\u00e7\u00e3o laboratorial oferece a seguran\u00e7a necess\u00e1ria para quem busca solu\u00e7\u00f5es naturais fundamentadas em fatos reais.<\/p>\n\n\n\n<p>Dados detalhados sobre as propriedades farmacol\u00f3gicas e os resultados de ensaios cl\u00ednicos espec\u00edficos podem ser verificados no portal do <a target=\"_blank\" rel=\"noreferrer noopener\" href=\"https:\/\/www.ncbi.nlm.nih.gov\/pmc\/articles\/PMC3153866\/\">National Institutes of Health (NIH)<\/a>, que cataloga pesquisas sobre fitoter\u00e1picos e sa\u00fade cognitiva. Valorizar o conhecimento cient\u00edfico \u00e9 fundamental para adotar pr\u00e1ticas que realmente transformam a <strong>qualidade de vida e o desempenho mental<\/strong> de forma sustent\u00e1vel, \u00e9tica e segura para todos.<\/p>\n","protected":false},"excerpt":{"rendered":"<p>A Bacopa monnieri, conhecida milenarmente como Brahmi, destaca-se na medicina tradicional por potencializar as fun\u00e7\u00f5es cognitivas de maneira natural e segura. Utilizada h\u00e1 s\u00e9culos na \u00cdndia, essa planta medicinal ajuda a combater o cansa\u00e7o mental enquanto promove uma melhora significativa na reten\u00e7\u00e3o de mem\u00f3rias complexas e no foco di\u00e1rio constante. Como a Bacopa monnieri atua [&hellip;]<\/p>\n","protected":false},"author":21,"featured_media":205759,"comment_status":"open","ping_status":"open","sticky":false,"template":"","format":"standard","meta":{"_yoast_wpseo_focuskw":"benef\u00edcios da bacopa monnieri","_yoast_wpseo_title":"","_yoast_wpseo_metadesc":"Uma planta usada h\u00e1 s\u00e9culos na medicina ayurv\u00e9dica chama aten\u00e7\u00e3o por poss\u00edveis efeitos na mem\u00f3ria, foco e clareza mental.","jnews-multi-image_gallery":[],"jnews_single_post":{"format":"standard"},"jnews_primary_category":[],"jnews_social_meta":[],"jnews_override_counter":[],"footnotes":""},"categories":[119,136],"post_tag":[121,1616,1801],"class_list":["post-205755","post","type-post","status-publish","format-standard","has-post-thumbnail","hentry","category-bem-estar","category-jardinagem","tag-estresse","tag-memoria","tag-planta-medicinal"],"yoast_head":"<!-- This site is optimized with the Yoast SEO plugin v24.6 - https:\/\/yoast.com\/wordpress\/plugins\/seo\/ -->\n<title>A planta medicinal usada h\u00e1 s\u00e9culos que melhora a mem\u00f3ria, reduz o estresse e ajuda na concentra\u00e7\u00e3o - Correio Braziliense - Radar<\/title>\n<meta name=\"description\" content=\"Uma planta usada h\u00e1 s\u00e9culos na medicina ayurv\u00e9dica chama aten\u00e7\u00e3o por poss\u00edveis efeitos na mem\u00f3ria, foco e clareza mental.\" \/>\n<meta name=\"robots\" content=\"index, follow, max-snippet:-1, max-image-preview:large, max-video-preview:-1\" \/>\n<link rel=\"canonical\" href=\"https:\/\/www.correiobraziliense.com.br\/cbradar\/a-planta-medicinal-usada-ha-seculos-que-melhora-a-memoria-reduz-o-estresse-e-ajuda-na-concentracao\/\" \/>\n<meta property=\"og:locale\" content=\"pt_BR\" \/>\n<meta property=\"og:type\" content=\"article\" \/>\n<meta property=\"og:title\" content=\"A planta medicinal usada h\u00e1 s\u00e9culos que melhora a mem\u00f3ria, reduz o estresse e ajuda na concentra\u00e7\u00e3o - Correio Braziliense - Radar\" \/>\n<meta property=\"og:description\" content=\"Uma planta usada h\u00e1 s\u00e9culos na medicina ayurv\u00e9dica chama aten\u00e7\u00e3o por poss\u00edveis efeitos na mem\u00f3ria, foco e clareza mental.\" \/>\n<meta property=\"og:url\" content=\"https:\/\/www.correiobraziliense.com.br\/cbradar\/a-planta-medicinal-usada-ha-seculos-que-melhora-a-memoria-reduz-o-estresse-e-ajuda-na-concentracao\/\" \/>\n<meta property=\"og:site_name\" content=\"Correio Braziliense - Radar\" \/>\n<meta property=\"article:published_time\" content=\"2026-03-11T19:15:00+00:00\" \/>\n<meta property=\"og:image\" content=\"https:\/\/www.correiobraziliense.com.br\/cbradar\/wp-content\/uploads\/2026\/03\/Gemini_Generated_Image_hnmf8jhnmf8jhnmf-1-1.png\" \/>\n\t<meta property=\"og:image:width\" content=\"1280\" \/>\n\t<meta property=\"og:image:height\" content=\"843\" \/>\n\t<meta property=\"og:image:type\" content=\"image\/png\" \/>\n<meta name=\"author\" content=\"Patrick Silva\" \/>\n<meta name=\"twitter:card\" content=\"summary_large_image\" \/>\n<meta name=\"twitter:label1\" content=\"Escrito por\" \/>\n\t<meta name=\"twitter:data1\" content=\"Patrick Silva\" \/>\n\t<meta name=\"twitter:label2\" content=\"Est. tempo de leitura\" \/>\n\t<meta name=\"twitter:data2\" content=\"5 minutos\" \/>\n<!-- \/ Yoast SEO plugin. -->","yoast_head_json":{"title":"A planta medicinal usada h\u00e1 s\u00e9culos que melhora a mem\u00f3ria, reduz o estresse e ajuda na concentra\u00e7\u00e3o - Correio Braziliense - Radar","description":"Uma planta usada h\u00e1 s\u00e9culos na medicina ayurv\u00e9dica chama aten\u00e7\u00e3o por poss\u00edveis efeitos na mem\u00f3ria, foco e clareza mental.","robots":{"index":"index","follow":"follow","max-snippet":"max-snippet:-1","max-image-preview":"max-image-preview:large","max-video-preview":"max-video-preview:-1"},"canonical":"https:\/\/www.correiobraziliense.com.br\/cbradar\/a-planta-medicinal-usada-ha-seculos-que-melhora-a-memoria-reduz-o-estresse-e-ajuda-na-concentracao\/","og_locale":"pt_BR","og_type":"article","og_title":"A planta medicinal usada h\u00e1 s\u00e9culos que melhora a mem\u00f3ria, reduz o estresse e ajuda na concentra\u00e7\u00e3o - Correio Braziliense - Radar","og_description":"Uma planta usada h\u00e1 s\u00e9culos na medicina ayurv\u00e9dica chama aten\u00e7\u00e3o por poss\u00edveis efeitos na mem\u00f3ria, foco e clareza mental.","og_url":"https:\/\/www.correiobraziliense.com.br\/cbradar\/a-planta-medicinal-usada-ha-seculos-que-melhora-a-memoria-reduz-o-estresse-e-ajuda-na-concentracao\/","og_site_name":"Correio Braziliense - Radar","article_published_time":"2026-03-11T19:15:00+00:00","og_image":[{"width":1280,"height":843,"url":"https:\/\/www.correiobraziliense.com.br\/cbradar\/wp-content\/uploads\/2026\/03\/Gemini_Generated_Image_hnmf8jhnmf8jhnmf-1-1.png","type":"image\/png"}],"author":"Patrick Silva","twitter_card":"summary_large_image","twitter_misc":{"Escrito por":"Patrick Silva","Est. tempo de leitura":"5 minutos"},"schema":{"@context":"https:\/\/schema.org","@graph":[{"@type":"WebPage","@id":"https:\/\/www.correiobraziliense.com.br\/cbradar\/a-planta-medicinal-usada-ha-seculos-que-melhora-a-memoria-reduz-o-estresse-e-ajuda-na-concentracao\/","url":"https:\/\/www.correiobraziliense.com.br\/cbradar\/a-planta-medicinal-usada-ha-seculos-que-melhora-a-memoria-reduz-o-estresse-e-ajuda-na-concentracao\/","name":"A planta medicinal usada h\u00e1 s\u00e9culos que melhora a mem\u00f3ria, reduz o estresse e ajuda na concentra\u00e7\u00e3o - Correio Braziliense - Radar","isPartOf":{"@id":"https:\/\/www.correiobraziliense.com.br\/cbradar\/#website"},"primaryImageOfPage":{"@id":"https:\/\/www.correiobraziliense.com.br\/cbradar\/a-planta-medicinal-usada-ha-seculos-que-melhora-a-memoria-reduz-o-estresse-e-ajuda-na-concentracao\/#primaryimage"},"image":{"@id":"https:\/\/www.correiobraziliense.com.br\/cbradar\/a-planta-medicinal-usada-ha-seculos-que-melhora-a-memoria-reduz-o-estresse-e-ajuda-na-concentracao\/#primaryimage"},"thumbnailUrl":"https:\/\/www.correiobraziliense.com.br\/cbradar\/wp-content\/uploads\/2026\/03\/Gemini_Generated_Image_hnmf8jhnmf8jhnmf-1-1.png","datePublished":"2026-03-11T19:15:00+00:00","author":{"@id":"https:\/\/www.correiobraziliense.com.br\/cbradar\/#\/schema\/person\/5440b72be9c7eb74f446c846479dc4da"},"description":"Uma planta usada h\u00e1 s\u00e9culos na medicina ayurv\u00e9dica chama aten\u00e7\u00e3o por poss\u00edveis efeitos na mem\u00f3ria, foco e clareza mental.","breadcrumb":{"@id":"https:\/\/www.correiobraziliense.com.br\/cbradar\/a-planta-medicinal-usada-ha-seculos-que-melhora-a-memoria-reduz-o-estresse-e-ajuda-na-concentracao\/#breadcrumb"},"inLanguage":"pt-BR","potentialAction":[{"@type":"ReadAction","target":["https:\/\/www.correiobraziliense.com.br\/cbradar\/a-planta-medicinal-usada-ha-seculos-que-melhora-a-memoria-reduz-o-estresse-e-ajuda-na-concentracao\/"]}]},{"@type":"ImageObject","inLanguage":"pt-BR","@id":"https:\/\/www.correiobraziliense.com.br\/cbradar\/a-planta-medicinal-usada-ha-seculos-que-melhora-a-memoria-reduz-o-estresse-e-ajuda-na-concentracao\/#primaryimage","url":"https:\/\/www.correiobraziliense.com.br\/cbradar\/wp-content\/uploads\/2026\/03\/Gemini_Generated_Image_hnmf8jhnmf8jhnmf-1-1.png","contentUrl":"https:\/\/www.correiobraziliense.com.br\/cbradar\/wp-content\/uploads\/2026\/03\/Gemini_Generated_Image_hnmf8jhnmf8jhnmf-1-1.png","width":1280,"height":843,"caption":"Bacopa monnieri a planta tradicional associada \u00e0 mem\u00f3ria foco e desempenho cognitivo"},{"@type":"BreadcrumbList","@id":"https:\/\/www.correiobraziliense.com.br\/cbradar\/a-planta-medicinal-usada-ha-seculos-que-melhora-a-memoria-reduz-o-estresse-e-ajuda-na-concentracao\/#breadcrumb","itemListElement":[{"@type":"ListItem","position":1,"name":"In\u00edcio","item":"https:\/\/www.correiobraziliense.com.br\/cbradar\/"},{"@type":"ListItem","position":2,"name":"A planta medicinal usada h\u00e1 s\u00e9culos que melhora a mem\u00f3ria, reduz o estresse e ajuda na concentra\u00e7\u00e3o"}]},{"@type":"WebSite","@id":"https:\/\/www.correiobraziliense.com.br\/cbradar\/#website","url":"https:\/\/www.correiobraziliense.com.br\/cbradar\/","name":"Correio Braziliense - Radar","description":"Acompanhe as \u00faltimas not\u00edcias e fique bem informado sobre tudo o que acontece no Brasil e no mundo.","potentialAction":[{"@type":"SearchAction","target":{"@type":"EntryPoint","urlTemplate":"https:\/\/www.correiobraziliense.com.br\/cbradar\/?s={search_term_string}"},"query-input":{"@type":"PropertyValueSpecification","valueRequired":true,"valueName":"search_term_string"}}],"inLanguage":"pt-BR"},{"@type":"Person","@id":"https:\/\/www.correiobraziliense.com.br\/cbradar\/#\/schema\/person\/5440b72be9c7eb74f446c846479dc4da","name":"Patrick Silva","image":{"@type":"ImageObject","inLanguage":"pt-BR","@id":"https:\/\/www.correiobraziliense.com.br\/cbradar\/#\/schema\/person\/image\/","url":"https:\/\/secure.gravatar.com\/avatar\/944109df296fc087785c9715fd5f80b2?s=96&d=mm&r=g","contentUrl":"https:\/\/secure.gravatar.com\/avatar\/944109df296fc087785c9715fd5f80b2?s=96&d=mm&r=g","caption":"Patrick Silva"},"sameAs":["https:\/\/www.correiobraziliense.com.br\/cbradar\/"],"url":"https:\/\/www.correiobraziliense.com.br\/cbradar\/author\/patrick-silva\/"}]}},"_links":{"self":[{"href":"https:\/\/www.correiobraziliense.com.br\/cbradar\/wp-json\/wp\/v2\/posts\/205755","targetHints":{"allow":["GET"]}}],"collection":[{"href":"https:\/\/www.correiobraziliense.com.br\/cbradar\/wp-json\/wp\/v2\/posts"}],"about":[{"href":"https:\/\/www.correiobraziliense.com.br\/cbradar\/wp-json\/wp\/v2\/types\/post"}],"author":[{"embeddable":true,"href":"https:\/\/www.correiobraziliense.com.br\/cbradar\/wp-json\/wp\/v2\/users\/21"}],"replies":[{"embeddable":true,"href":"https:\/\/www.correiobraziliense.com.br\/cbradar\/wp-json\/wp\/v2\/comments?post=205755"}],"version-history":[{"count":4,"href":"https:\/\/www.correiobraziliense.com.br\/cbradar\/wp-json\/wp\/v2\/posts\/205755\/revisions"}],"predecessor-version":[{"id":205762,"href":"https:\/\/www.correiobraziliense.com.br\/cbradar\/wp-json\/wp\/v2\/posts\/205755\/revisions\/205762"}],"wp:featuredmedia":[{"embeddable":true,"href":"https:\/\/www.correiobraziliense.com.br\/cbradar\/wp-json\/wp\/v2\/media\/205759"}],"wp:attachment":[{"href":"https:\/\/www.correiobraziliense.com.br\/cbradar\/wp-json\/wp\/v2\/media?parent=205755"}],"wp:term":[{"taxonomy":"category","embeddable":true,"href":"https:\/\/www.correiobraziliense.com.br\/cbradar\/wp-json\/wp\/v2\/categories?post=205755"},{"taxonomy":"post_tag","embeddable":true,"href":"https:\/\/www.correiobraziliense.com.br\/cbradar\/wp-json\/wp\/v2\/post_tag?post=205755"}],"curies":[{"name":"wp","href":"https:\/\/api.w.org\/{rel}","templated":true}]}}