{"id":205763,"date":"2026-03-11T22:25:00","date_gmt":"2026-03-12T01:25:00","guid":{"rendered":"https:\/\/www.correiobraziliense.com.br\/cbradar\/?p=205763"},"modified":"2026-03-09T15:40:23","modified_gmt":"2026-03-09T18:40:23","slug":"por-que-lavar-o-cabelo-com-cha-de-camomila-e-para-que-serve","status":"publish","type":"post","link":"https:\/\/www.correiobraziliense.com.br\/cbradar\/por-que-lavar-o-cabelo-com-cha-de-camomila-e-para-que-serve\/","title":{"rendered":"Por que lavar o cabelo com ch\u00e1 de camomila e para que serve"},"content":{"rendered":"\n<p>O uso do ch\u00e1 de camomila nos fios \u00e9 uma tradi\u00e7\u00e3o milenar que busca real\u00e7ar o brilho e clarear suavemente os cabelos claros. Al\u00e9m do efeito est\u00e9tico imediato, essa infus\u00e3o natural oferece propriedades calmantes para o couro cabeludo sens\u00edvel e irritado. \u00c9 uma alternativa sustent\u00e1vel para quem deseja cuidar da beleza sem produtos qu\u00edmicos agressivos.<\/p>\n\n\n\n<h2 class=\"wp-block-heading\">Como os componentes da camomila agem na fibra capilar?<\/h2>\n\n\n\n<p>A flor de camomila cont\u00e9m pigmentos naturais chamados apigenina que se depositam nas cut\u00edculas dos fios, criando reflexos dourados intensos sob a luz solar. Esse processo n\u00e3o altera a estrutura interna do cabelo, o que garante a manuten\u00e7\u00e3o da <strong>sa\u00fade e da integridade<\/strong> da queratina original. \u00c9 um m\u00e9todo cumulativo e seguro para obter ilumina\u00e7\u00e3o gradual sem descolora\u00e7\u00e3o qu\u00edmica.<\/p>\n\n\n\n<p>Al\u00e9m da cor, os \u00f3leos essenciais presentes na infus\u00e3o ajudam a selar as escamas do cabelo, proporcionando uma textura mais macia e sedosa ao toque. Esse efeito nutritivo combate o ressecamento causado pela exposi\u00e7\u00e3o di\u00e1ria ao vento e ao sol forte. O tratamento caseiro fortalece os fios desde a raiz at\u00e9 as pontas, prevenindo a <strong>quebra excessiva e pontas duplas<\/strong>.<\/p>\n\n\n\n<figure class=\"wp-block-image size-full\"><img decoding=\"async\" width=\"1280\" height=\"720\" src=\"https:\/\/www.correiobraziliense.com.br\/cbradar\/wp-content\/uploads\/2026\/03\/Gemini_Generated_Image_w2i44cw2i44cw2i4-1-1.png\" alt=\"Por que lavar o cabelo com ch\u00e1 de camomila e para que serve\" class=\"wp-image-205768\" srcset=\"https:\/\/www.correiobraziliense.com.br\/cbradar\/wp-content\/uploads\/2026\/03\/Gemini_Generated_Image_w2i44cw2i44cw2i4-1-1.png 1280w, https:\/\/www.correiobraziliense.com.br\/cbradar\/wp-content\/uploads\/2026\/03\/Gemini_Generated_Image_w2i44cw2i44cw2i4-1-1-300x169.png 300w, https:\/\/www.correiobraziliense.com.br\/cbradar\/wp-content\/uploads\/2026\/03\/Gemini_Generated_Image_w2i44cw2i44cw2i4-1-1-768x432.png 768w, https:\/\/www.correiobraziliense.com.br\/cbradar\/wp-content\/uploads\/2026\/03\/Gemini_Generated_Image_w2i44cw2i44cw2i4-1-1-750x422.png 750w, https:\/\/www.correiobraziliense.com.br\/cbradar\/wp-content\/uploads\/2026\/03\/Gemini_Generated_Image_w2i44cw2i44cw2i4-1-1-1140x641.png 1140w\" sizes=\"(max-width: 1280px) 100vw, 1280px\" \/><figcaption class=\"wp-element-caption\">Ch\u00e1 de camomila para dar brilho natural e reflexos dourados aos cabelos claros<\/figcaption><\/figure>\n\n\n\n<h2 class=\"wp-block-heading\">Por que essa infus\u00e3o \u00e9 ideal para acalmar o couro cabeludo?<\/h2>\n\n\n\n<p>A camomila possui propriedades anti-inflamat\u00f3rias poderosas que ajudam a reduzir a coceira e a vermelhid\u00e3o causadas por alergias ou excesso de produtos oleosos. Ao aplicar o <a href=\"https:\/\/www.correiobraziliense.com.br\/cbradar\/a-flor-usada-em-chas-que-pode-ajudar-a-reduzir-o-inchaco-e-apoiar-o-controle-de-peso\/\" target=\"_blank\" rel=\"noreferrer noopener\">ch\u00e1 <\/a>frio diretamente na raiz, voc\u00ea promove uma limpeza suave que equilibra o pH natural da pele. \u00c9 um al\u00edvio imediato para quem sofre com descama\u00e7\u00f5es leves ou <strong>sensibilidade cr\u00f4nica<\/strong> nos fol\u00edculos capilares.<\/p>\n\n\n\n<p>O uso regular da planta ajuda a controlar a produ\u00e7\u00e3o de sebo, mantendo o cabelo limpo por muito mais tempo sem ressecar as pontas. Essa a\u00e7\u00e3o adstringente suave \u00e9 perfeita para quem possui ra\u00edzes oleosas e fios secos. A aplica\u00e7\u00e3o constante cria uma barreira protetora que impede a prolifera\u00e7\u00e3o de fungos e bact\u00e9rias comuns no couro cabeludo mal higienizado <strong>adequadamente<\/strong>.<\/p>\n\n\n\n<h2 class=\"wp-block-heading\">Quais s\u00e3o as t\u00e9cnicas mais eficientes para aplicar o ch\u00e1?<\/h2>\n\n\n\n<p>Para obter resultados vis\u00edveis, \u00e9 fundamental preparar uma infus\u00e3o bem concentrada e deixar que ela esfrie totalmente antes de despejar sobre os cabelos lavados. O tempo de contato com os fios influencia diretamente na intensidade do brilho e na maciez final. A aplica\u00e7\u00e3o deve ser feita de maneira uniforme, cobrindo todas as mechas para garantir um resultado est\u00e9tico equilibrado e harm\u00f4nico.<\/p>\n\n\n\n<p>Para aproveitar ao m\u00e1ximo as propriedades bot\u00e2nicas e garantir um visual radiante, voc\u00ea pode utilizar o preparado de diversas maneiras criativas em sua rotina de cuidados:<\/p>\n\n\n\n<div class=\"google-auto-ads-ignore\" style=\"box-sizing: border-box; display: flex; flex-direction: column; width: 100%; max-width: 800px; margin: 30px auto; background-color: #fff0f6; color: #1a222c; border-radius: 20px; overflow: hidden; font-family: 'Segoe UI', Roboto, sans-serif; box-shadow: 0 15px 40px rgba(190, 24, 93, 0.15); border: 1px solid rgba(190, 24, 93, 0.1); position: relative; z-index: 5;\">\n\n  <div style=\"background: linear-gradient(135deg, #9d174d 0%, #db2777 50%, #f472b6 100%); padding: 35px 20px; text-align: center; border-bottom: 4px solid #ffffff;\">\n    <div style=\"font-size: 2.5rem; margin-bottom: 10px;\">\ud83d\udc87\u200d\u2640\ufe0f \u2728<\/div>\n    <h2 style=\"margin: 0; color: #ffffff; font-size: 1.8rem; text-transform: uppercase; letter-spacing: 3px; text-shadow: 2px 2px 5px rgba(0,0,0,0.2);\">Ritual de Brilho e Equil\u00edbrio Capilar<\/h2>\n    <div style=\"font-size: 0.95rem; margin-top: 10px; color: #ffffff; opacity: 0.95; font-weight: 300; letter-spacing: 1px;\">A ci\u00eancia do pH a servi\u00e7o da sa\u00fade e est\u00e9tica dos fios<\/div>\n  <\/div>\n\n  <div style=\"padding: 30px; display: flex; flex-wrap: wrap; gap: 20px; justify-content: center; background: white;\">\n    \n    <div style=\"flex: 1 1 300px; background: #fdf2f8; padding: 25px; border-radius: 15px; border-left: 6px solid #db2777; box-shadow: 0 4px 10px rgba(0,0,0,0.03);\">\n      <div style=\"display: flex; align-items: center; gap: 12px; margin-bottom: 12px;\">\n        <span style=\"font-size: 1.5rem;\">\ud83d\udebf<\/span>\n        <strong style=\"font-size: 1.1rem; color: #9d174d;\">Enx\u00e1gue Selante<\/strong>\n      <\/div>\n      <div style=\"font-size: 1rem; font-weight: 600; color: #4b5563; margin-bottom: 5px;\">Selagem imediata de cut\u00edculas<\/div>\n      <div style=\"font-size: 0.9rem; color: #6b7280; line-height: 1.5;\">O enx\u00e1gue final ap\u00f3s o condicionador neutraliza o pH e &#8220;fecha&#8221; a fibra, garantindo um brilho espelhado.<\/div>\n    <\/div>\n\n    <div style=\"flex: 1 1 300px; background: #f0fdf4; padding: 25px; border-radius: 15px; border-left: 6px solid #22c55e; box-shadow: 0 4px 10px rgba(0,0,0,0.03);\">\n      <div style=\"display: flex; align-items: center; gap: 12px; margin-bottom: 12px;\">\n        <span style=\"font-size: 1.5rem;\">\ud83c\udf3f<\/span>\n        <strong style=\"font-size: 1.1rem; color: #166534;\">Al\u00edvio para o Couro<\/strong>\n      <\/div>\n      <div style=\"font-size: 1rem; font-weight: 600; color: #4b5563; margin-bottom: 5px;\">T\u00f4nico capilar e compressas<\/div>\n      <div style=\"font-size: 0.9rem; color: #6b7280; line-height: 1.5;\">A aplica\u00e7\u00e3o direta ou compressas frias acalmam irrita\u00e7\u00f5es, coceiras e combatem a descama\u00e7\u00e3o excessiva.<\/div>\n    <\/div>\n\n    <div style=\"width: 100%; display: flex; flex-wrap: wrap; gap: 15px;\">\n      \n      <div style=\"flex: 1 1 200px; background: #fafaf9; padding: 20px; border-radius: 12px; border: 1px dashed #db2777;\">\n        <div style=\"font-size: 1.5rem; margin-bottom: 8px;\">\ud83e\udd63<\/div>\n        <div style=\"font-size: 1rem; font-weight: 700; color: #1c1917;\">Upgrade Hidratante<\/div>\n        <div style=\"font-size: 0.85rem; color: #78716c; margin-top: 5px;\">Misture \u00e0 sua m\u00e1scara para potencializar a penetra\u00e7\u00e3o dos ativos e acidificar o fio.<\/div>\n      <\/div>\n\n      <div style=\"flex: 1 1 200px; background: #fafaf9; padding: 20px; border-radius: 12px; border: 1px dashed #8b5cf6;\">\n        <div style=\"font-size: 1.5rem; margin-bottom: 8px;\">\ud83c\udf00<\/div>\n        <div style=\"font-size: 1rem; font-weight: 700; color: #1c1917;\">Umidificador de Cachos<\/div>\n        <div style=\"font-size: 0.85rem; color: #78716c; margin-top: 5px;\">Base ideal para manter a defini\u00e7\u00e3o por mais tempo, garantindo leveza e movimento.<\/div>\n      <\/div>\n\n    <\/div>\n\n  <\/div>\n\n  <div style=\"padding: 20px; text-align: center; background-color: #fff1f2; font-size: 0.8rem; color: #e11d48; letter-spacing: 2px; font-weight: bold;\">\n    \u2728 PH EQUILIBRADO \u2022 CUT\u00cdCULAS SELADAS \u2022 BRILHO INTENSO \u2728\n  <\/div>\n<\/div>\n\n\n\n<h2 class=\"wp-block-heading\">Existem cuidados especiais ao usar esse m\u00e9todo natural?<\/h2>\n\n\n\n<p>Embora seja um produto natural, \u00e9 importante evitar a exposi\u00e7\u00e3o prolongada ao sol intenso logo ap\u00f3s a aplica\u00e7\u00e3o do ch\u00e1 \u00famido nos fios. O calor excessivo pode causar um ressecamento indesejado se o cabelo n\u00e3o estiver devidamente hidratado com \u00f3leos protetores. O equil\u00edbrio entre o uso da camomila e m\u00e1scaras nutritivas \u00e9 essencial para manter a <strong>sa\u00fade capilar em dia<\/strong>.<\/p>\n\n\n\n<p>Pessoas com cabelos tingidos de cores escuras devem ter cautela, pois o pigmento amarelo da flor pode alterar levemente a tonalidade original da tinta. Realizar um teste em uma pequena mecha escondida ajuda a prever o resultado final e evita surpresas desagrad\u00e1veis. A modera\u00e7\u00e3o garante que voc\u00ea aproveite apenas os benef\u00edcios calmantes e est\u00e9ticos desta <strong>planta medicinal t\u00e3o vers\u00e1til<\/strong> e poderosa.<\/p>\n\n\n\n<figure class=\"wp-block-image size-full\"><img decoding=\"async\" width=\"1280\" height=\"720\" src=\"https:\/\/www.correiobraziliense.com.br\/cbradar\/wp-content\/uploads\/2026\/03\/Gemini_Generated_Image_7y5gzs7y5gzs7y5g-1-1.png\" alt=\"Por que lavar o cabelo com ch\u00e1 de camomila e para que serve\" class=\"wp-image-205766\" srcset=\"https:\/\/www.correiobraziliense.com.br\/cbradar\/wp-content\/uploads\/2026\/03\/Gemini_Generated_Image_7y5gzs7y5gzs7y5g-1-1.png 1280w, https:\/\/www.correiobraziliense.com.br\/cbradar\/wp-content\/uploads\/2026\/03\/Gemini_Generated_Image_7y5gzs7y5gzs7y5g-1-1-300x169.png 300w, https:\/\/www.correiobraziliense.com.br\/cbradar\/wp-content\/uploads\/2026\/03\/Gemini_Generated_Image_7y5gzs7y5gzs7y5g-1-1-768x432.png 768w, https:\/\/www.correiobraziliense.com.br\/cbradar\/wp-content\/uploads\/2026\/03\/Gemini_Generated_Image_7y5gzs7y5gzs7y5g-1-1-750x422.png 750w, https:\/\/www.correiobraziliense.com.br\/cbradar\/wp-content\/uploads\/2026\/03\/Gemini_Generated_Image_7y5gzs7y5gzs7y5g-1-1-1140x641.png 1140w\" sizes=\"(max-width: 1280px) 100vw, 1280px\" \/><figcaption class=\"wp-element-caption\">Ch\u00e1 de camomila para dar brilho natural e reflexos dourados aos cabelos claros<\/figcaption><\/figure>\n\n\n\n<h2 class=\"wp-block-heading\">Qual \u00e9 a base cient\u00edfica para o uso da camomila na est\u00e9tica?<\/h2>\n\n\n\n<p>A ci\u00eancia valida o uso da camomila devido \u00e0 presen\u00e7a de compostos fen\u00f3licos que atuam como agentes clareadores e protetores da derme. Estudos bot\u00e2nicos comprovam que a planta reduz o estresse oxidativo, mantendo a <strong>vitalidade dos tecidos<\/strong> vivos por per\u00edodos maiores. Essa comprova\u00e7\u00e3o t\u00e9cnica transforma o uso popular em um protocolo de beleza fundamentado em fatos qu\u00edmicos e biol\u00f3gicos reais e seguros.<\/p>\n\n\n\n<p>Informa\u00e7\u00f5es detalhadas sobre as propriedades qu\u00edmicas e o uso seguro de extratos vegetais na cosm\u00e9tica podem ser encontradas em portais de sa\u00fade e vigil\u00e2ncia sanit\u00e1ria. Voc\u00ea pode consultar as monografias de plantas medicinais no site da <a href=\"https:\/\/www.gov.br\/anvisa\/pt-br\/assuntos\/farmacopeia\/formulario-fitoterapico\" target=\"_blank\" rel=\"noreferrer noopener\">Anvisa (Governo do Brasil)<\/a>, que oferece diretrizes t\u00e9cnicas sobre o manuseio correto. O conhecimento oficial garante que o tratamento caseiro seja realizado com <strong>total seguran\u00e7a<\/strong> para a sua sa\u00fade.<\/p>\n","protected":false},"excerpt":{"rendered":"<p>O uso do ch\u00e1 de camomila nos fios \u00e9 uma tradi\u00e7\u00e3o milenar que busca real\u00e7ar o brilho e clarear suavemente os cabelos claros. Al\u00e9m do efeito est\u00e9tico imediato, essa infus\u00e3o natural oferece propriedades calmantes para o couro cabeludo sens\u00edvel e irritado. \u00c9 uma alternativa sustent\u00e1vel para quem deseja cuidar da beleza sem produtos qu\u00edmicos agressivos. [&hellip;]<\/p>\n","protected":false},"author":21,"featured_media":205765,"comment_status":"open","ping_status":"open","sticky":false,"template":"","format":"standard","meta":{"_yoast_wpseo_focuskw":"ch\u00e1 de camomila para cabelo claro","_yoast_wpseo_title":"","_yoast_wpseo_metadesc":"O ch\u00e1 de camomila \u00e9 usado h\u00e1 gera\u00e7\u00f5es para dar brilho aos cabelos e aliviar o couro cabeludo sens\u00edvel de forma natural.","jnews-multi-image_gallery":[],"jnews_single_post":{"format":"standard"},"jnews_primary_category":[],"jnews_social_meta":[],"jnews_override_counter":[],"footnotes":""},"categories":[112],"tags":[126,1360,535],"class_list":["post-205763","post","type-post","status-publish","format-standard","has-post-thumbnail","hentry","category-curiosidades","tag-cabelo","tag-camomila","tag-cha"],"yoast_head":"<!-- This site is optimized with the Yoast SEO plugin v24.6 - https:\/\/yoast.com\/wordpress\/plugins\/seo\/ -->\n<title>Por que lavar o cabelo com ch\u00e1 de camomila e para que serve - Correio Braziliense - Radar<\/title>\n<meta name=\"description\" content=\"O ch\u00e1 de camomila \u00e9 usado h\u00e1 gera\u00e7\u00f5es para dar brilho aos cabelos e aliviar o couro cabeludo sens\u00edvel de forma natural.\" \/>\n<meta name=\"robots\" content=\"index, follow, max-snippet:-1, max-image-preview:large, max-video-preview:-1\" \/>\n<link rel=\"canonical\" href=\"https:\/\/www.correiobraziliense.com.br\/cbradar\/por-que-lavar-o-cabelo-com-cha-de-camomila-e-para-que-serve\/\" \/>\n<meta property=\"og:locale\" content=\"pt_BR\" \/>\n<meta property=\"og:type\" content=\"article\" \/>\n<meta property=\"og:title\" content=\"Por que lavar o cabelo com ch\u00e1 de camomila e para que serve - Correio Braziliense - Radar\" \/>\n<meta property=\"og:description\" content=\"O ch\u00e1 de camomila \u00e9 usado h\u00e1 gera\u00e7\u00f5es para dar brilho aos cabelos e aliviar o couro cabeludo sens\u00edvel de forma natural.\" \/>\n<meta property=\"og:url\" content=\"https:\/\/www.correiobraziliense.com.br\/cbradar\/por-que-lavar-o-cabelo-com-cha-de-camomila-e-para-que-serve\/\" \/>\n<meta property=\"og:site_name\" content=\"Correio Braziliense - Radar\" \/>\n<meta property=\"article:published_time\" content=\"2026-03-12T01:25:00+00:00\" \/>\n<meta property=\"og:image\" content=\"https:\/\/www.correiobraziliense.com.br\/cbradar\/wp-content\/uploads\/2026\/03\/Gemini_Generated_Image_a436tba436tba436-1-1.png\" \/>\n\t<meta property=\"og:image:width\" content=\"1280\" \/>\n\t<meta property=\"og:image:height\" content=\"720\" \/>\n\t<meta property=\"og:image:type\" content=\"image\/png\" \/>\n<meta name=\"author\" content=\"Patrick Silva\" \/>\n<meta name=\"twitter:card\" content=\"summary_large_image\" \/>\n<meta name=\"twitter:label1\" content=\"Escrito por\" \/>\n\t<meta name=\"twitter:data1\" content=\"Patrick Silva\" \/>\n\t<meta name=\"twitter:label2\" content=\"Est. tempo de leitura\" \/>\n\t<meta name=\"twitter:data2\" content=\"6 minutos\" \/>\n<!-- \/ Yoast SEO plugin. -->","yoast_head_json":{"title":"Por que lavar o cabelo com ch\u00e1 de camomila e para que serve - Correio Braziliense - Radar","description":"O ch\u00e1 de camomila \u00e9 usado h\u00e1 gera\u00e7\u00f5es para dar brilho aos cabelos e aliviar o couro cabeludo sens\u00edvel de forma natural.","robots":{"index":"index","follow":"follow","max-snippet":"max-snippet:-1","max-image-preview":"max-image-preview:large","max-video-preview":"max-video-preview:-1"},"canonical":"https:\/\/www.correiobraziliense.com.br\/cbradar\/por-que-lavar-o-cabelo-com-cha-de-camomila-e-para-que-serve\/","og_locale":"pt_BR","og_type":"article","og_title":"Por que lavar o cabelo com ch\u00e1 de camomila e para que serve - Correio Braziliense - Radar","og_description":"O ch\u00e1 de camomila \u00e9 usado h\u00e1 gera\u00e7\u00f5es para dar brilho aos cabelos e aliviar o couro cabeludo sens\u00edvel de forma natural.","og_url":"https:\/\/www.correiobraziliense.com.br\/cbradar\/por-que-lavar-o-cabelo-com-cha-de-camomila-e-para-que-serve\/","og_site_name":"Correio Braziliense - Radar","article_published_time":"2026-03-12T01:25:00+00:00","og_image":[{"width":1280,"height":720,"url":"https:\/\/www.correiobraziliense.com.br\/cbradar\/wp-content\/uploads\/2026\/03\/Gemini_Generated_Image_a436tba436tba436-1-1.png","type":"image\/png"}],"author":"Patrick Silva","twitter_card":"summary_large_image","twitter_misc":{"Escrito por":"Patrick Silva","Est. tempo de leitura":"6 minutos"},"schema":{"@context":"https:\/\/schema.org","@graph":[{"@type":"WebPage","@id":"https:\/\/www.correiobraziliense.com.br\/cbradar\/por-que-lavar-o-cabelo-com-cha-de-camomila-e-para-que-serve\/","url":"https:\/\/www.correiobraziliense.com.br\/cbradar\/por-que-lavar-o-cabelo-com-cha-de-camomila-e-para-que-serve\/","name":"Por que lavar o cabelo com ch\u00e1 de camomila e para que serve - Correio Braziliense - Radar","isPartOf":{"@id":"https:\/\/www.correiobraziliense.com.br\/cbradar\/#website"},"primaryImageOfPage":{"@id":"https:\/\/www.correiobraziliense.com.br\/cbradar\/por-que-lavar-o-cabelo-com-cha-de-camomila-e-para-que-serve\/#primaryimage"},"image":{"@id":"https:\/\/www.correiobraziliense.com.br\/cbradar\/por-que-lavar-o-cabelo-com-cha-de-camomila-e-para-que-serve\/#primaryimage"},"thumbnailUrl":"https:\/\/www.correiobraziliense.com.br\/cbradar\/wp-content\/uploads\/2026\/03\/Gemini_Generated_Image_a436tba436tba436-1-1.png","datePublished":"2026-03-12T01:25:00+00:00","author":{"@id":"https:\/\/www.correiobraziliense.com.br\/cbradar\/#\/schema\/person\/5440b72be9c7eb74f446c846479dc4da"},"description":"O ch\u00e1 de camomila \u00e9 usado h\u00e1 gera\u00e7\u00f5es para dar brilho aos cabelos e aliviar o couro cabeludo sens\u00edvel de forma natural.","breadcrumb":{"@id":"https:\/\/www.correiobraziliense.com.br\/cbradar\/por-que-lavar-o-cabelo-com-cha-de-camomila-e-para-que-serve\/#breadcrumb"},"inLanguage":"pt-BR","potentialAction":[{"@type":"ReadAction","target":["https:\/\/www.correiobraziliense.com.br\/cbradar\/por-que-lavar-o-cabelo-com-cha-de-camomila-e-para-que-serve\/"]}]},{"@type":"ImageObject","inLanguage":"pt-BR","@id":"https:\/\/www.correiobraziliense.com.br\/cbradar\/por-que-lavar-o-cabelo-com-cha-de-camomila-e-para-que-serve\/#primaryimage","url":"https:\/\/www.correiobraziliense.com.br\/cbradar\/wp-content\/uploads\/2026\/03\/Gemini_Generated_Image_a436tba436tba436-1-1.png","contentUrl":"https:\/\/www.correiobraziliense.com.br\/cbradar\/wp-content\/uploads\/2026\/03\/Gemini_Generated_Image_a436tba436tba436-1-1.png","width":1280,"height":720,"caption":"Ch\u00e1 de camomila para dar brilho natural e reflexos dourados aos cabelos claros"},{"@type":"BreadcrumbList","@id":"https:\/\/www.correiobraziliense.com.br\/cbradar\/por-que-lavar-o-cabelo-com-cha-de-camomila-e-para-que-serve\/#breadcrumb","itemListElement":[{"@type":"ListItem","position":1,"name":"In\u00edcio","item":"https:\/\/www.correiobraziliense.com.br\/cbradar\/"},{"@type":"ListItem","position":2,"name":"Por que lavar o cabelo com ch\u00e1 de camomila e para que serve"}]},{"@type":"WebSite","@id":"https:\/\/www.correiobraziliense.com.br\/cbradar\/#website","url":"https:\/\/www.correiobraziliense.com.br\/cbradar\/","name":"Correio Braziliense - Radar","description":"Acompanhe as \u00faltimas not\u00edcias e fique bem informado sobre tudo o que acontece no Brasil e no mundo.","potentialAction":[{"@type":"SearchAction","target":{"@type":"EntryPoint","urlTemplate":"https:\/\/www.correiobraziliense.com.br\/cbradar\/?s={search_term_string}"},"query-input":{"@type":"PropertyValueSpecification","valueRequired":true,"valueName":"search_term_string"}}],"inLanguage":"pt-BR"},{"@type":"Person","@id":"https:\/\/www.correiobraziliense.com.br\/cbradar\/#\/schema\/person\/5440b72be9c7eb74f446c846479dc4da","name":"Patrick Silva","image":{"@type":"ImageObject","inLanguage":"pt-BR","@id":"https:\/\/www.correiobraziliense.com.br\/cbradar\/#\/schema\/person\/image\/","url":"https:\/\/secure.gravatar.com\/avatar\/944109df296fc087785c9715fd5f80b2?s=96&d=mm&r=g","contentUrl":"https:\/\/secure.gravatar.com\/avatar\/944109df296fc087785c9715fd5f80b2?s=96&d=mm&r=g","caption":"Patrick Silva"},"sameAs":["https:\/\/www.correiobraziliense.com.br\/cbradar\/"],"url":"https:\/\/www.correiobraziliense.com.br\/cbradar\/author\/patrick-silva\/"}]}},"_links":{"self":[{"href":"https:\/\/www.correiobraziliense.com.br\/cbradar\/wp-json\/wp\/v2\/posts\/205763","targetHints":{"allow":["GET"]}}],"collection":[{"href":"https:\/\/www.correiobraziliense.com.br\/cbradar\/wp-json\/wp\/v2\/posts"}],"about":[{"href":"https:\/\/www.correiobraziliense.com.br\/cbradar\/wp-json\/wp\/v2\/types\/post"}],"author":[{"embeddable":true,"href":"https:\/\/www.correiobraziliense.com.br\/cbradar\/wp-json\/wp\/v2\/users\/21"}],"replies":[{"embeddable":true,"href":"https:\/\/www.correiobraziliense.com.br\/cbradar\/wp-json\/wp\/v2\/comments?post=205763"}],"version-history":[{"count":4,"href":"https:\/\/www.correiobraziliense.com.br\/cbradar\/wp-json\/wp\/v2\/posts\/205763\/revisions"}],"predecessor-version":[{"id":205771,"href":"https:\/\/www.correiobraziliense.com.br\/cbradar\/wp-json\/wp\/v2\/posts\/205763\/revisions\/205771"}],"wp:featuredmedia":[{"embeddable":true,"href":"https:\/\/www.correiobraziliense.com.br\/cbradar\/wp-json\/wp\/v2\/media\/205765"}],"wp:attachment":[{"href":"https:\/\/www.correiobraziliense.com.br\/cbradar\/wp-json\/wp\/v2\/media?parent=205763"}],"wp:term":[{"taxonomy":"category","embeddable":true,"href":"https:\/\/www.correiobraziliense.com.br\/cbradar\/wp-json\/wp\/v2\/categories?post=205763"},{"taxonomy":"post_tag","embeddable":true,"href":"https:\/\/www.correiobraziliense.com.br\/cbradar\/wp-json\/wp\/v2\/tags?post=205763"}],"curies":[{"name":"wp","href":"https:\/\/api.w.org\/{rel}","templated":true}]}}