{"id":205789,"date":"2026-03-10T14:05:00","date_gmt":"2026-03-10T17:05:00","guid":{"rendered":"https:\/\/www.correiobraziliense.com.br\/cbradar\/?p=205789"},"modified":"2026-03-09T22:41:31","modified_gmt":"2026-03-10T01:41:31","slug":"no-interior-de-sao-paulo-essa-pequena-cidade-tem-qualidade-de-vida-comparavel-a-paises-nordicos-e-aguas-medicinais-unicas-nas-americas","status":"publish","type":"post","link":"https:\/\/www.correiobraziliense.com.br\/cbradar\/no-interior-de-sao-paulo-essa-pequena-cidade-tem-qualidade-de-vida-comparavel-a-paises-nordicos-e-aguas-medicinais-unicas-nas-americas\/","title":{"rendered":"No interior de S\u00e3o Paulo, essa pequena cidade tem qualidade de vida compar\u00e1vel a pa\u00edses n\u00f3rdicos e \u00e1guas medicinais \u00fanicas nas Am\u00e9ricas"},"content":{"rendered":"\n<p>Quem desce pela <strong>Rodovia dos Bandeirantes<\/strong> rumo ao interior paulista n\u00e3o imagina que, a apenas 187 km de <strong>S\u00e3o Paulo<\/strong>, <strong>\u00c1guas de S\u00e3o Pedro<\/strong> existe como uma cidade menor que muitos bairros da capital, com fontes de \u00e1gua que brotam do subsolo e \u00edndices de qualidade de vida que rivalizam com <strong>pa\u00edses n\u00f3rdicos.<\/strong><\/p>\n\n\n\n<h2 class=\"wp-block-heading\">O erro que criou a \u00fanica cidade-balne\u00e1rio do Brasil<\/h2>\n\n\n\n<p>Tudo come\u00e7ou na d\u00e9cada de 1920, quando o governo paulista perfurou o solo de <strong>S\u00e3o Pedro<\/strong> \u00e0 procura de petr\u00f3leo. As sondas n\u00e3o encontraram \u00f3leo, mas atingiram tr\u00eas len\u00e7\u00f3is fre\u00e1ticos com composi\u00e7\u00e3o qu\u00edmica rara. O engenheiro <strong>Oct\u00e1vio Moura Andrade<\/strong> enviou amostras ao <strong>Instituto de Pesquisas Tecnol\u00f3gicas (IPT)<\/strong> da <strong>Universidade de S\u00e3o Paulo (USP)<\/strong>, que confirmou o alto teor de sais de enxofre.<\/p>\n\n\n\n<p>Com o laudo em m\u00e3os, Moura Andrade comprou 1.600 hectares ao redor das fontes e contratou urbanistas para tra\u00e7ar ruas, parques e um balne\u00e1rio, tudo antes da chegada do primeiro morador. Em 25 de julho de 1934, inaugurou o <strong>Grande Hotel S\u00e3o Pedro<\/strong>, hoje escola-hotel do <strong>SENAC<\/strong>. A emancipa\u00e7\u00e3o como munic\u00edpio veio pela <a href=\"https:\/\/www.aguasdesaopedro.sp.gov.br\/portal\/servicos\/1001\/historia\/\" target=\"_blank\" rel=\"noreferrer noopener\"><strong>Lei Estadual n\u00ba 233<\/strong><\/a>, em 24 de dezembro de 1948. <strong>\u00c1guas de S\u00e3o Pedro<\/strong> \u00e9, at\u00e9 hoje, a \u00fanica cidade brasileira projetada do zero para ser uma est\u00e2ncia hidromineral.<\/p>\n\n\n<div class=\"wp-block-image\">\n<figure class=\"aligncenter size-large\"><img decoding=\"async\" width=\"1024\" height=\"576\" src=\"https:\/\/www.correiobraziliense.com.br\/cbradar\/wp-content\/uploads\/2025\/12\/Design-sem-nome-86-1-1024x576.png\" alt=\"Com \u00e1guas medicinais curativas, a menor cidade do Brasil se destaca como um dos melhores lugares para morar\" class=\"wp-image-158987\" srcset=\"https:\/\/www.correiobraziliense.com.br\/cbradar\/wp-content\/uploads\/2025\/12\/Design-sem-nome-86-1-1024x576.png 1024w, https:\/\/www.correiobraziliense.com.br\/cbradar\/wp-content\/uploads\/2025\/12\/Design-sem-nome-86-1-300x169.png 300w, https:\/\/www.correiobraziliense.com.br\/cbradar\/wp-content\/uploads\/2025\/12\/Design-sem-nome-86-1-768x432.png 768w, https:\/\/www.correiobraziliense.com.br\/cbradar\/wp-content\/uploads\/2025\/12\/Design-sem-nome-86-1-750x422.png 750w, https:\/\/www.correiobraziliense.com.br\/cbradar\/wp-content\/uploads\/2025\/12\/Design-sem-nome-86-1-1140x641.png 1140w, https:\/\/www.correiobraziliense.com.br\/cbradar\/wp-content\/uploads\/2025\/12\/Design-sem-nome-86-1.png 1280w\" sizes=\"(max-width: 1024px) 100vw, 1024px\" \/><figcaption class=\"wp-element-caption\">Curta banhos quentes e passeios leves em \u00c1guas de S\u00e3o Pedro-SP, ref\u00fagio gostoso de spas charmosos e brisa tranquila. \/\/ Cr\u00e9ditos: Wikip\u00e9dia<\/figcaption><\/figure><\/div>\n\n\n<h2 class=\"wp-block-heading\">O que o visitante encontra nas tr\u00eas fontes do Fontan\u00e1rio?<\/h2>\n\n\n\n<p><strong>O Fontan\u00e1rio Municipal re\u00fane as tr\u00eas nascentes que deram origem \u00e0 est\u00e2ncia, todas de acesso gratuito. <\/strong>Cada uma tem composi\u00e7\u00e3o qu\u00edmica distinta e indica\u00e7\u00e3o terap\u00eautica diferente. O cheiro forte de enxofre surpreende quem prova pela primeira vez, mas o sabor \u00e9 bem mais suave do que o aroma sugere.<\/p>\n\n\n\n<ul class=\"wp-block-list\">\n<li><strong>Fonte da Juventude:<\/strong> a mais famosa, considerada a segunda \u00e1gua do mundo e a primeira das Am\u00e9ricas em teor de sais de enxofre. Indicada para reumatismo, alergias e problemas de pele.<\/li>\n\n\n\n<li><strong>Fonte Gioconda:<\/strong> recomendada para f\u00edgado, ves\u00edcula biliar e intestinos. Suas \u00e1guas ajudam no equil\u00edbrio digestivo.<\/li>\n\n\n\n<li><strong>Fonte Almeida Salles:<\/strong> alcalino-ferrosa, indicada para controle de acidez g\u00e1strica e diabetes. Encontrada durante a perfura\u00e7\u00e3o original de 1920.<\/li>\n<\/ul>\n\n\n\n<p><strong>\u00c1guas de S\u00e3o Pedro \u00e9 um ref\u00fagio de tranquilidade e sa\u00fade, sendo a menor cidade de S\u00e3o Paulo e uma das mais desenvolvidas do Brasil.<\/strong> O v\u00eddeo \u00e9 do canal <strong>De fora em Juiz de Fora<\/strong>, que conta com mais de<strong> 310 mil inscritos<\/strong>, e apresenta as curiosidades, a hist\u00f3ria e os atrativos desta est\u00e2ncia hidromineral:<\/p>\n\n\n\n<figure class=\"wp-block-embed aligncenter is-type-video is-provider-youtube wp-block-embed-youtube wp-embed-aspect-16-9 wp-has-aspect-ratio\"><div class=\"wp-block-embed__wrapper\">\n<div class=\"jeg_video_container jeg_video_content\"><iframe loading=\"lazy\" title=\"\u00c1GUAS DE S\u00c3O PEDRO: A MENOR CIDADE DE SP E MAIS DESENVOLVIDA DO BRASIL! - S\u00e3o Paulo - Tati Marmon\" width=\"500\" height=\"281\" src=\"https:\/\/www.youtube.com\/embed\/2t3StWwDAlM?feature=oembed\" frameborder=\"0\" allow=\"accelerometer; autoplay; clipboard-write; encrypted-media; gyroscope; picture-in-picture; web-share\" referrerpolicy=\"strict-origin-when-cross-origin\" allowfullscreen><\/iframe><\/div>\n<\/div><\/figure>\n\n\n\n<h2 class=\"wp-block-heading\">Parques, trilhas e um Caminho de Santiago no interior paulista<\/h2>\n\n\n\n<p>Com apenas 3,6 km\u00b2, a cidade concentra \u00e1reas verdes e atra\u00e7\u00f5es de bem-estar a poucos minutos a p\u00e9 do centro. A escala compacta transforma o cotidiano do morador, e do visitante, em algo pr\u00f3ximo de uma vila europeia pensada para o pedestre.<\/p>\n\n\n\n<ul class=\"wp-block-list\">\n<li><strong>Spa Thermal Dr. Oct\u00e1vio Moura Andrade:<\/strong> banhos de imers\u00e3o em \u00e1gua sulfurosa, massagens e tratamentos est\u00e9ticos. Funciona todos os dias da semana.<\/li>\n\n\n\n<li><strong>Parque Dr. Oct\u00e1vio:<\/strong> 6,5 km de trilhas leves em mata preservada, lago, arvorismo e anfiteatro ao ar livre.<\/li>\n\n\n\n<li><strong>Mini-Horto Municipal:<\/strong> viveiro de plantas, trilhas curtas e a <strong>Casa de Santiago<\/strong>, ponto final do <strong>Caminho do Sol<\/strong>, rota de peregrina\u00e7\u00e3o de 241 km inspirada no Caminho de Santiago de Compostela.<\/li>\n\n\n\n<li><strong>Torre de \u00d3leo Engenheiro \u00c2ngelo Balloni:<\/strong> sonda remanescente dos anos 1920, marco hist\u00f3rico da perfura\u00e7\u00e3o que originou a cidade. Um museu a c\u00e9u aberto.<\/li>\n\n\n\n<li><strong>Minipantanal:<\/strong> \u00e1rea de manguezal \u00e0s margens do rio Araqu\u00e1 com jacar\u00e9s, capivaras e aves aqu\u00e1ticas, a poucos minutos do centro.<\/li>\n<\/ul>\n\n\n<div class=\"wp-block-image\">\n<figure class=\"aligncenter size-large\"><img decoding=\"async\" width=\"1024\" height=\"576\" src=\"https:\/\/www.correiobraziliense.com.br\/cbradar\/wp-content\/uploads\/2025\/12\/Design-sem-nome-87-2-1024x576.png\" alt=\"A cidade com \u00e1guas curadoras que oferece benef\u00edcios ao corpo e ainda se destaca como uma das melhores para viver\" class=\"wp-image-158988\" srcset=\"https:\/\/www.correiobraziliense.com.br\/cbradar\/wp-content\/uploads\/2025\/12\/Design-sem-nome-87-2-1024x576.png 1024w, https:\/\/www.correiobraziliense.com.br\/cbradar\/wp-content\/uploads\/2025\/12\/Design-sem-nome-87-2-300x169.png 300w, https:\/\/www.correiobraziliense.com.br\/cbradar\/wp-content\/uploads\/2025\/12\/Design-sem-nome-87-2-768x432.png 768w, https:\/\/www.correiobraziliense.com.br\/cbradar\/wp-content\/uploads\/2025\/12\/Design-sem-nome-87-2-750x422.png 750w, https:\/\/www.correiobraziliense.com.br\/cbradar\/wp-content\/uploads\/2025\/12\/Design-sem-nome-87-2-1140x641.png 1140w, https:\/\/www.correiobraziliense.com.br\/cbradar\/wp-content\/uploads\/2025\/12\/Design-sem-nome-87-2.png 1280w\" sizes=\"(max-width: 1024px) 100vw, 1024px\" \/><figcaption class=\"wp-element-caption\"> Thermas Water Park em \u00c1guas de S\u00e3o Pedro-SP possui maior piscina de ondas de SP e parque infantil aqu\u00e1tico da Am\u00e9rica Latina \/\/ Cr\u00e9ditos: Wikip\u00e9dia<\/figcaption><\/figure><\/div>\n\n\n<h2 class=\"wp-block-heading\">A menor cidade do estado tem o maior \u00edndice de desenvolvimento do Brasil<\/h2>\n\n\n\n<p>Com 3,6 km\u00b2, a est\u00e2ncia \u00e9 o menor munic\u00edpio paulista e o segundo menor do Brasil em extens\u00e3o territorial, maior apenas que <strong>Santa Cruz de Minas (MG)<\/strong>. O tamanho, por\u00e9m, n\u00e3o se traduz em limita\u00e7\u00e3o. Pelo contr\u00e1rio.<\/p>\n\n\n\n<p>O <strong>\u00cdndice de Desenvolvimento Humano Municipal (IDHM)<\/strong> de \u00c1guas de S\u00e3o Pedro \u00e9 0,854, o segundo maior do pa\u00eds, segundo o <a href=\"https:\/\/www.undp.org\/pt\/brazil\/idhm-municipios-2010\" target=\"_blank\" rel=\"noreferrer noopener\"><strong>Programa das Na\u00e7\u00f5es Unidas para o Desenvolvimento (PNUD)<\/strong><\/a>. No <strong>\u00cdndice Firjan de Desenvolvimento Municipal (IFDM)<\/strong>, a cidade lidera o ranking nacional com nota 0,8932, posi\u00e7\u00e3o que j\u00e1 ocupou em 2013, 2016, 2018 e 2021. S\u00e3o<strong> <a href=\"https:\/\/www.aguasdesaopedro.sp.gov.br\/portal\/noticias\/0\/3\/619\/aguas-de-sao-pedro-e-a-cidade-mais-desenvolvida-do-brasil\" target=\"_blank\" rel=\"noreferrer noopener\">sete m\u00e9dicos por mil habitantes<\/a><\/strong>, sete vezes a m\u00e9dia nacional, e 54% da popula\u00e7\u00e3o ativa tem v\u00ednculo formal de emprego, mais que o dobro da m\u00e9dia brasileira de 21%. A cidade n\u00e3o possui ind\u00fastrias e vive exclusivamente do turismo e da educa\u00e7\u00e3o.<\/p>\n\n\n\n<p><strong>Leia tamb\u00e9m: <a href=\"https:\/\/www.correiobraziliense.com.br\/cbradar\/a-california-brasileira-tem-agua-de-230-mil-anos-na-torneira-e-o-1o-lugar-em-qualidade-de-vida-no-brasil\/\" target=\"_blank\" rel=\"noreferrer noopener\">A Calif\u00f3rnia Brasileira tem \u00e1gua de 230 mil anos na torneira e o 1\u00ba lugar em qualidade de vida no Brasil.<\/a><\/strong><\/p>\n\n\n\n<h2 class=\"wp-block-heading\">Quando o clima convida a explorar a est\u00e2ncia?<\/h2>\n\n\n\n<p>O clima tropical com esta\u00e7\u00e3o seca, t\u00edpico do interior paulista, divide o ano entre um ver\u00e3o chuvoso e quente e um inverno ameno e seco. A altitude de 470 metros garante ar limpo durante todo o ano e noites mais frescas mesmo no calor do ver\u00e3o.<\/p>\n\n\n\n<div class=\"google-auto-ads-ignore\" style=\"font-family: 'Segoe UI', Roboto, Helvetica, Arial, sans-serif; max-width: 900px; margin: 10px auto; display: flex; flex-wrap: wrap; gap: 12px; justify-content: center;\">\n\n  <div style=\"flex: 1 1 200px; background: #ffffff; border-radius: 12px; border: 1px solid #bfdbfe; box-shadow: 0 2px 10px rgba(37, 99, 235, 0.05); overflow: hidden; display: flex; flex-direction: column;\">\n    <div style=\"background: #eff6ff; padding: 10px; border-bottom: 1px solid #dbeafe; display: flex; align-items: center; gap: 8px;\">\n      <div style=\"background: #2563eb; padding: 4px; border-radius: 6px; display: flex;\">\n        <svg width=\"14\" height=\"14\" viewBox=\"0 0 24 24\" fill=\"none\" stroke=\"#ffffff\" stroke-width=\"3\" stroke-linecap=\"round\" stroke-linejoin=\"round\"><circle cx=\"12\" cy=\"12\" r=\"5\"\/><line x1=\"12\" y1=\"1\" x2=\"12\" y2=\"3\"\/><line x1=\"12\" y1=\"21\" x2=\"12\" y2=\"23\"\/><line x1=\"4.22\" y1=\"4.22\" x2=\"5.64\" y2=\"5.64\"\/><line x1=\"18.36\" y1=\"18.36\" x2=\"19.78\" y2=\"19.78\"\/><line x1=\"1\" y1=\"12\" x2=\"3\" y2=\"12\"\/><line x1=\"21\" y1=\"12\" x2=\"23\" y2=\"12\"\/><\/svg>\n      <\/div>\n      <span style=\"font-size: 0.75rem; font-weight: 800; color: #1e3a8a; letter-spacing: 0.05em;\">VER\u00c3O<\/span>\n    <\/div>\n    <div style=\"padding: 12px; text-align: center;\">\n      <div style=\"font-size: 0.7rem; color: #1d4ed8; font-weight: 700;\">DEZ &#8211; FEV<\/div>\n      <div style=\"font-size: 1.2rem; font-weight: 900; color: #2563eb; margin: 2px 0;\">20-30\u00b0C<\/div>\n      <div style=\"font-size: 0.8rem; color: #1e293b; line-height: 1.3;\">Chuva alta. Aproveite o <strong>parque aqu\u00e1tico<\/strong> e as <strong>fontes<\/strong> medicinais para refrescar os dias quentes.<\/div>\n    <\/div>\n  <\/div>\n\n  <div style=\"flex: 1 1 200px; background: #ffffff; border-radius: 12px; border: 1px solid #bfdbfe; box-shadow: 0 2px 10px rgba(37, 99, 235, 0.05); overflow: hidden; display: flex; flex-direction: column;\">\n    <div style=\"background: #eff6ff; padding: 10px; border-bottom: 1px solid #dbeafe; display: flex; align-items: center; gap: 8px;\">\n      <div style=\"background: #2563eb; padding: 4px; border-radius: 6px; display: flex;\">\n        <svg width=\"14\" height=\"14\" viewBox=\"0 0 24 24\" fill=\"none\" stroke=\"#ffffff\" stroke-width=\"3\" stroke-linecap=\"round\" stroke-linejoin=\"round\"><path d=\"M12 2L2 7l10 5 10-5-10-5zM2 17l10 5 10-5M2 12l10 5 10-5\"\/><\/svg>\n      <\/div>\n      <span style=\"font-size: 0.75rem; font-weight: 800; color: #1e3a8a; letter-spacing: 0.05em;\">OUTONO<\/span>\n    <\/div>\n    <div style=\"padding: 12px; text-align: center;\">\n      <div style=\"font-size: 0.7rem; color: #1d4ed8; font-weight: 700;\">MAR &#8211; MAI<\/div>\n      <div style=\"font-size: 1.2rem; font-weight: 900; color: #2563eb; margin: 2px 0;\">17-27\u00b0C<\/div>\n      <div style=\"font-size: 0.8rem; color: #1e293b; line-height: 1.3;\">Chuva m\u00e9dia. Clima ideal para <strong>trilhas<\/strong> e relaxamento profundo no <strong>spa termal<\/strong> da cidade.<\/div>\n    <\/div>\n  <\/div>\n\n  <div style=\"flex: 1 1 200px; background: #ffffff; border-radius: 12px; border: 1px solid #bfdbfe; box-shadow: 0 2px 10px rgba(37, 99, 235, 0.05); overflow: hidden; display: flex; flex-direction: column;\">\n    <div style=\"background: #eff6ff; padding: 10px; border-bottom: 1px solid #dbeafe; display: flex; align-items: center; gap: 8px;\">\n      <div style=\"background: #2563eb; padding: 4px; border-radius: 6px; display: flex;\">\n        <svg width=\"14\" height=\"14\" viewBox=\"0 0 24 24\" fill=\"none\" stroke=\"#ffffff\" stroke-width=\"3\" stroke-linecap=\"round\" stroke-linejoin=\"round\"><path d=\"M12 3a6 6 0 0 0 9 9 9 9 0 1 1-9-9Z\"\/><path d=\"M19 3v4\"\/><path d=\"M21 5h-4\"\/><\/svg>\n      <\/div>\n      <span style=\"font-size: 0.75rem; font-weight: 800; color: #1e3a8a; letter-spacing: 0.05em;\">INVERNO<\/span>\n    <\/div>\n    <div style=\"padding: 12px; text-align: center;\">\n      <div style=\"font-size: 0.7rem; color: #1d4ed8; font-weight: 700;\">JUN &#8211; AGO<\/div>\n      <div style=\"font-size: 1.2rem; font-weight: 900; color: #2563eb; margin: 2px 0;\">12-22\u00b0C<\/div>\n      <div style=\"font-size: 0.8rem; color: #1e293b; line-height: 1.3;\">Chuva baixa. Aproveite os <strong>banhos medicinais<\/strong> e as <strong>caminhadas<\/strong> sob o c\u00e9u azul e seco.<\/div>\n    <\/div>\n  <\/div>\n\n  <div style=\"flex: 1 1 200px; background: #ffffff; border-radius: 12px; border: 1px solid #bfdbfe; box-shadow: 0 2px 10px rgba(37, 99, 235, 0.05); overflow: hidden; display: flex; flex-direction: column;\">\n    <div style=\"background: #eff6ff; padding: 10px; border-bottom: 1px solid #dbeafe; display: flex; align-items: center; gap: 10px;\">\n      <div style=\"background: #2563eb; padding: 4px; border-radius: 6px; display: flex;\">\n        <svg width=\"14\" height=\"14\" viewBox=\"0 0 24 24\" fill=\"none\" stroke=\"#ffffff\" stroke-width=\"3\" stroke-linecap=\"round\" stroke-linejoin=\"round\"><path d=\"M12 7.5V21m-4.5-9L12 21l4.5-9\"\/><\/svg>\n      <\/div>\n      <span style=\"font-size: 0.75rem; font-weight: 800; color: #1e3a8a; letter-spacing: 0.05em;\">PRIMAVERA<\/span>\n    <\/div>\n    <div style=\"padding: 12px; text-align: center;\">\n      <div style=\"font-size: 0.7rem; color: #1d4ed8; font-weight: 700;\">SET &#8211; NOV<\/div>\n      <div style=\"font-size: 1.2rem; font-weight: 900; color: #2563eb; margin: 2px 0;\">17-28\u00b0C<\/div>\n      <div style=\"font-size: 0.8rem; color: #1e293b; line-height: 1.3;\">Chuva m\u00e9dia. Perfeito para o <strong>Caminho do Sol<\/strong> e desfrutar dos <strong>parques<\/strong> floridos da cidade.<\/div>\n    <\/div>\n  <\/div>\n\n<\/div>\n\n\n\n<p><em>Temperaturas aproximadas com base no <a href=\"https:\/\/www.climatempo.com.br\/climatologia\/579\/aguasdesaopedro-sp\" target=\"_blank\" rel=\"noreferrer noopener\"><strong>Climatempo<\/strong><\/a>. Condi\u00e7\u00f5es podem variar.<\/em><\/p>\n\n\n<div class=\"wp-block-image\">\n<figure class=\"aligncenter size-large\"><img decoding=\"async\" width=\"1024\" height=\"576\" src=\"https:\/\/www.correiobraziliense.com.br\/cbradar\/wp-content\/uploads\/2025\/12\/Design-sem-nome-85-1-1024x576.png\" alt=\"A cidade com \u00e1guas curadoras que oferece benef\u00edcios ao corpo e ainda se destaca como uma das melhores para viver\" class=\"wp-image-158986\" srcset=\"https:\/\/www.correiobraziliense.com.br\/cbradar\/wp-content\/uploads\/2025\/12\/Design-sem-nome-85-1-1024x576.png 1024w, https:\/\/www.correiobraziliense.com.br\/cbradar\/wp-content\/uploads\/2025\/12\/Design-sem-nome-85-1-300x169.png 300w, https:\/\/www.correiobraziliense.com.br\/cbradar\/wp-content\/uploads\/2025\/12\/Design-sem-nome-85-1-768x432.png 768w, https:\/\/www.correiobraziliense.com.br\/cbradar\/wp-content\/uploads\/2025\/12\/Design-sem-nome-85-1-750x422.png 750w, https:\/\/www.correiobraziliense.com.br\/cbradar\/wp-content\/uploads\/2025\/12\/Design-sem-nome-85-1-1140x641.png 1140w, https:\/\/www.correiobraziliense.com.br\/cbradar\/wp-content\/uploads\/2025\/12\/Design-sem-nome-85-1.png 1280w\" sizes=\"(max-width: 1024px) 100vw, 1024px\" \/><figcaption class=\"wp-element-caption\">\u00c1guas de S\u00e3o Pedro-SP lidera IDH nacional com ecoturismo termal em alta, atraindo visitantes para bem-estar atual. \/\/ Cr\u00e9ditos: Wikip\u00e9dia<\/figcaption><\/figure><\/div>\n\n\n<h2 class=\"wp-block-heading\">Como chegar \u00e0 est\u00e2ncia saindo de S\u00e3o Paulo?<\/h2>\n\n\n\n<p>\u00c1guas de S\u00e3o Pedro fica a 187 km da capital pela <strong>Rodovia dos Bandeirantes<\/strong> e pela <strong>SP-304 (Geraldo de Barros)<\/strong>, cerca de 2h de carro. A cidade faz divisa exclusivamente com <strong>S\u00e3o Pedro<\/strong>, a 8 km de dist\u00e2ncia, de onde partem \u00f4nibus da via\u00e7\u00e3o Piracicabana com conex\u00e3o em <strong>Piracicaba<\/strong>, a 29 km da est\u00e2ncia.<\/p>\n\n\n\n<h2 class=\"wp-block-heading\">Uma cidade que vale mais do que uma visita de fim de semana<\/h2>\n\n\n\n<p><strong>\u00c1guas de S\u00e3o Pedro \u00e9 uma das raras cidades brasileiras que foi desenhada antes de existir e manteve<\/strong>, d\u00e9cadas depois, exatamente a voca\u00e7\u00e3o para a qual nasceu. Aqui, tudo se alcan\u00e7a a p\u00e9, a \u00e1gua que brota do subsolo tem propriedade comprovada pelo IPT-USP e os \u00edndices de sa\u00fade e educa\u00e7\u00e3o superam os de capitais inteiras.<\/p>\n\n\n\n<p>Voc\u00ea precisa conhecer \u00c1guas de S\u00e3o Pedro e entender, de perto, o que significa viver, ou simplesmente passar alguns dias, numa cidade que foi constru\u00edda para que as pessoas se sentissem bem.<\/p>\n","protected":false},"excerpt":{"rendered":"<p>Quem desce pela Rodovia dos Bandeirantes rumo ao interior paulista n\u00e3o imagina que, a apenas 187 km de S\u00e3o Paulo, \u00c1guas de S\u00e3o Pedro existe como uma cidade menor que muitos bairros da capital, com fontes de \u00e1gua que brotam do subsolo e \u00edndices de qualidade de vida que rivalizam com pa\u00edses n\u00f3rdicos. O erro [&hellip;]<\/p>\n","protected":false},"author":8,"featured_media":205977,"comment_status":"open","ping_status":"open","sticky":false,"template":"","format":"standard","meta":{"_yoast_wpseo_focuskw":"S\u00e3o Paulo","_yoast_wpseo_title":"","_yoast_wpseo_metadesc":"Pequena cidade do interior de S\u00e3o Paulo chama aten\u00e7\u00e3o por qualidade de vida compar\u00e1vel a pa\u00edses n\u00f3rdicos e \u00e1guas medicinais \u00fanicas.","jnews-multi-image_gallery":[],"jnews_single_post":{"format":"standard"},"jnews_primary_category":[],"jnews_social_meta":[],"jnews_override_counter":[],"footnotes":""},"categories":[108,111],"tags":[14235,278],"class_list":["post-205789","post","type-post","status-publish","format-standard","has-post-thumbnail","hentry","category-cidades","category-turismo","tag-aguas-de-sao-pedro-2","tag-sao-paulo"],"yoast_head":"<!-- This site is optimized with the Yoast SEO plugin v24.6 - https:\/\/yoast.com\/wordpress\/plugins\/seo\/ -->\n<title>No interior de S\u00e3o Paulo, essa pequena cidade tem qualidade de vida compar\u00e1vel a pa\u00edses n\u00f3rdicos e \u00e1guas medicinais \u00fanicas nas Am\u00e9ricas - Correio Braziliense - Radar<\/title>\n<meta name=\"description\" content=\"Pequena cidade do interior de S\u00e3o Paulo chama aten\u00e7\u00e3o por qualidade de vida compar\u00e1vel a pa\u00edses n\u00f3rdicos e \u00e1guas medicinais \u00fanicas.\" \/>\n<meta name=\"robots\" content=\"index, follow, max-snippet:-1, max-image-preview:large, max-video-preview:-1\" \/>\n<link rel=\"canonical\" href=\"https:\/\/www.correiobraziliense.com.br\/cbradar\/no-interior-de-sao-paulo-essa-pequena-cidade-tem-qualidade-de-vida-comparavel-a-paises-nordicos-e-aguas-medicinais-unicas-nas-americas\/\" \/>\n<meta property=\"og:locale\" content=\"pt_BR\" \/>\n<meta property=\"og:type\" content=\"article\" \/>\n<meta property=\"og:title\" content=\"No interior de S\u00e3o Paulo, essa pequena cidade tem qualidade de vida compar\u00e1vel a pa\u00edses n\u00f3rdicos e \u00e1guas medicinais \u00fanicas nas Am\u00e9ricas - Correio Braziliense - Radar\" \/>\n<meta property=\"og:description\" content=\"Pequena cidade do interior de S\u00e3o Paulo chama aten\u00e7\u00e3o por qualidade de vida compar\u00e1vel a pa\u00edses n\u00f3rdicos e \u00e1guas medicinais \u00fanicas.\" \/>\n<meta property=\"og:url\" content=\"https:\/\/www.correiobraziliense.com.br\/cbradar\/no-interior-de-sao-paulo-essa-pequena-cidade-tem-qualidade-de-vida-comparavel-a-paises-nordicos-e-aguas-medicinais-unicas-nas-americas\/\" \/>\n<meta property=\"og:site_name\" content=\"Correio Braziliense - Radar\" \/>\n<meta property=\"article:published_time\" content=\"2026-03-10T17:05:00+00:00\" \/>\n<meta property=\"og:image\" content=\"https:\/\/www.correiobraziliense.com.br\/cbradar\/wp-content\/uploads\/2026\/03\/aaa-2026-03-09T223751.064.png\" \/>\n\t<meta property=\"og:image:width\" content=\"1280\" \/>\n\t<meta property=\"og:image:height\" content=\"720\" \/>\n\t<meta property=\"og:image:type\" content=\"image\/png\" \/>\n<meta name=\"author\" content=\"Maura Pereira\" \/>\n<meta name=\"twitter:card\" content=\"summary_large_image\" \/>\n<meta name=\"twitter:label1\" content=\"Escrito por\" \/>\n\t<meta name=\"twitter:data1\" content=\"Maura Pereira\" \/>\n\t<meta name=\"twitter:label2\" content=\"Est. tempo de leitura\" \/>\n\t<meta name=\"twitter:data2\" content=\"7 minutos\" \/>\n<!-- \/ Yoast SEO plugin. -->","yoast_head_json":{"title":"No interior de S\u00e3o Paulo, essa pequena cidade tem qualidade de vida compar\u00e1vel a pa\u00edses n\u00f3rdicos e \u00e1guas medicinais \u00fanicas nas Am\u00e9ricas - Correio Braziliense - Radar","description":"Pequena cidade do interior de S\u00e3o Paulo chama aten\u00e7\u00e3o por qualidade de vida compar\u00e1vel a pa\u00edses n\u00f3rdicos e \u00e1guas medicinais \u00fanicas.","robots":{"index":"index","follow":"follow","max-snippet":"max-snippet:-1","max-image-preview":"max-image-preview:large","max-video-preview":"max-video-preview:-1"},"canonical":"https:\/\/www.correiobraziliense.com.br\/cbradar\/no-interior-de-sao-paulo-essa-pequena-cidade-tem-qualidade-de-vida-comparavel-a-paises-nordicos-e-aguas-medicinais-unicas-nas-americas\/","og_locale":"pt_BR","og_type":"article","og_title":"No interior de S\u00e3o Paulo, essa pequena cidade tem qualidade de vida compar\u00e1vel a pa\u00edses n\u00f3rdicos e \u00e1guas medicinais \u00fanicas nas Am\u00e9ricas - Correio Braziliense - Radar","og_description":"Pequena cidade do interior de S\u00e3o Paulo chama aten\u00e7\u00e3o por qualidade de vida compar\u00e1vel a pa\u00edses n\u00f3rdicos e \u00e1guas medicinais \u00fanicas.","og_url":"https:\/\/www.correiobraziliense.com.br\/cbradar\/no-interior-de-sao-paulo-essa-pequena-cidade-tem-qualidade-de-vida-comparavel-a-paises-nordicos-e-aguas-medicinais-unicas-nas-americas\/","og_site_name":"Correio Braziliense - Radar","article_published_time":"2026-03-10T17:05:00+00:00","og_image":[{"width":1280,"height":720,"url":"https:\/\/www.correiobraziliense.com.br\/cbradar\/wp-content\/uploads\/2026\/03\/aaa-2026-03-09T223751.064.png","type":"image\/png"}],"author":"Maura Pereira","twitter_card":"summary_large_image","twitter_misc":{"Escrito por":"Maura Pereira","Est. tempo de leitura":"7 minutos"},"schema":{"@context":"https:\/\/schema.org","@graph":[{"@type":"WebPage","@id":"https:\/\/www.correiobraziliense.com.br\/cbradar\/no-interior-de-sao-paulo-essa-pequena-cidade-tem-qualidade-de-vida-comparavel-a-paises-nordicos-e-aguas-medicinais-unicas-nas-americas\/","url":"https:\/\/www.correiobraziliense.com.br\/cbradar\/no-interior-de-sao-paulo-essa-pequena-cidade-tem-qualidade-de-vida-comparavel-a-paises-nordicos-e-aguas-medicinais-unicas-nas-americas\/","name":"No interior de S\u00e3o Paulo, essa pequena cidade tem qualidade de vida compar\u00e1vel a pa\u00edses n\u00f3rdicos e \u00e1guas medicinais \u00fanicas nas Am\u00e9ricas - Correio Braziliense - Radar","isPartOf":{"@id":"https:\/\/www.correiobraziliense.com.br\/cbradar\/#website"},"primaryImageOfPage":{"@id":"https:\/\/www.correiobraziliense.com.br\/cbradar\/no-interior-de-sao-paulo-essa-pequena-cidade-tem-qualidade-de-vida-comparavel-a-paises-nordicos-e-aguas-medicinais-unicas-nas-americas\/#primaryimage"},"image":{"@id":"https:\/\/www.correiobraziliense.com.br\/cbradar\/no-interior-de-sao-paulo-essa-pequena-cidade-tem-qualidade-de-vida-comparavel-a-paises-nordicos-e-aguas-medicinais-unicas-nas-americas\/#primaryimage"},"thumbnailUrl":"https:\/\/www.correiobraziliense.com.br\/cbradar\/wp-content\/uploads\/2026\/03\/aaa-2026-03-09T223751.064.png","datePublished":"2026-03-10T17:05:00+00:00","author":{"@id":"https:\/\/www.correiobraziliense.com.br\/cbradar\/#\/schema\/person\/4053c651a9bfc785afc6f4cbc9032fd3"},"description":"Pequena cidade do interior de S\u00e3o Paulo chama aten\u00e7\u00e3o por qualidade de vida compar\u00e1vel a pa\u00edses n\u00f3rdicos e \u00e1guas medicinais \u00fanicas.","breadcrumb":{"@id":"https:\/\/www.correiobraziliense.com.br\/cbradar\/no-interior-de-sao-paulo-essa-pequena-cidade-tem-qualidade-de-vida-comparavel-a-paises-nordicos-e-aguas-medicinais-unicas-nas-americas\/#breadcrumb"},"inLanguage":"pt-BR","potentialAction":[{"@type":"ReadAction","target":["https:\/\/www.correiobraziliense.com.br\/cbradar\/no-interior-de-sao-paulo-essa-pequena-cidade-tem-qualidade-de-vida-comparavel-a-paises-nordicos-e-aguas-medicinais-unicas-nas-americas\/"]}]},{"@type":"ImageObject","inLanguage":"pt-BR","@id":"https:\/\/www.correiobraziliense.com.br\/cbradar\/no-interior-de-sao-paulo-essa-pequena-cidade-tem-qualidade-de-vida-comparavel-a-paises-nordicos-e-aguas-medicinais-unicas-nas-americas\/#primaryimage","url":"https:\/\/www.correiobraziliense.com.br\/cbradar\/wp-content\/uploads\/2026\/03\/aaa-2026-03-09T223751.064.png","contentUrl":"https:\/\/www.correiobraziliense.com.br\/cbradar\/wp-content\/uploads\/2026\/03\/aaa-2026-03-09T223751.064.png","width":1280,"height":720,"caption":"\u00c1guas de S\u00e3o Pedro \u00e9 uma das raras cidades brasileiras que foi desenhada antes de existir e manteve. \/ Imagem ilustrativa"},{"@type":"BreadcrumbList","@id":"https:\/\/www.correiobraziliense.com.br\/cbradar\/no-interior-de-sao-paulo-essa-pequena-cidade-tem-qualidade-de-vida-comparavel-a-paises-nordicos-e-aguas-medicinais-unicas-nas-americas\/#breadcrumb","itemListElement":[{"@type":"ListItem","position":1,"name":"In\u00edcio","item":"https:\/\/www.correiobraziliense.com.br\/cbradar\/"},{"@type":"ListItem","position":2,"name":"No interior de S\u00e3o Paulo, essa pequena cidade tem qualidade de vida compar\u00e1vel a pa\u00edses n\u00f3rdicos e \u00e1guas medicinais \u00fanicas nas Am\u00e9ricas"}]},{"@type":"WebSite","@id":"https:\/\/www.correiobraziliense.com.br\/cbradar\/#website","url":"https:\/\/www.correiobraziliense.com.br\/cbradar\/","name":"Correio Braziliense - Radar","description":"Acompanhe as \u00faltimas not\u00edcias e fique bem informado sobre tudo o que acontece no Brasil e no mundo.","potentialAction":[{"@type":"SearchAction","target":{"@type":"EntryPoint","urlTemplate":"https:\/\/www.correiobraziliense.com.br\/cbradar\/?s={search_term_string}"},"query-input":{"@type":"PropertyValueSpecification","valueRequired":true,"valueName":"search_term_string"}}],"inLanguage":"pt-BR"},{"@type":"Person","@id":"https:\/\/www.correiobraziliense.com.br\/cbradar\/#\/schema\/person\/4053c651a9bfc785afc6f4cbc9032fd3","name":"Maura Pereira","image":{"@type":"ImageObject","inLanguage":"pt-BR","@id":"https:\/\/www.correiobraziliense.com.br\/cbradar\/#\/schema\/person\/image\/","url":"https:\/\/secure.gravatar.com\/avatar\/3effd6bdadfa447f15089c7f7144eaa6?s=96&d=mm&r=g","contentUrl":"https:\/\/secure.gravatar.com\/avatar\/3effd6bdadfa447f15089c7f7144eaa6?s=96&d=mm&r=g","caption":"Maura Pereira"},"sameAs":["https:\/\/www.correiobraziliense.com.br\/"],"url":"https:\/\/www.correiobraziliense.com.br\/cbradar\/author\/mauramyth\/"}]}},"_links":{"self":[{"href":"https:\/\/www.correiobraziliense.com.br\/cbradar\/wp-json\/wp\/v2\/posts\/205789","targetHints":{"allow":["GET"]}}],"collection":[{"href":"https:\/\/www.correiobraziliense.com.br\/cbradar\/wp-json\/wp\/v2\/posts"}],"about":[{"href":"https:\/\/www.correiobraziliense.com.br\/cbradar\/wp-json\/wp\/v2\/types\/post"}],"author":[{"embeddable":true,"href":"https:\/\/www.correiobraziliense.com.br\/cbradar\/wp-json\/wp\/v2\/users\/8"}],"replies":[{"embeddable":true,"href":"https:\/\/www.correiobraziliense.com.br\/cbradar\/wp-json\/wp\/v2\/comments?post=205789"}],"version-history":[{"count":12,"href":"https:\/\/www.correiobraziliense.com.br\/cbradar\/wp-json\/wp\/v2\/posts\/205789\/revisions"}],"predecessor-version":[{"id":205975,"href":"https:\/\/www.correiobraziliense.com.br\/cbradar\/wp-json\/wp\/v2\/posts\/205789\/revisions\/205975"}],"wp:featuredmedia":[{"embeddable":true,"href":"https:\/\/www.correiobraziliense.com.br\/cbradar\/wp-json\/wp\/v2\/media\/205977"}],"wp:attachment":[{"href":"https:\/\/www.correiobraziliense.com.br\/cbradar\/wp-json\/wp\/v2\/media?parent=205789"}],"wp:term":[{"taxonomy":"category","embeddable":true,"href":"https:\/\/www.correiobraziliense.com.br\/cbradar\/wp-json\/wp\/v2\/categories?post=205789"},{"taxonomy":"post_tag","embeddable":true,"href":"https:\/\/www.correiobraziliense.com.br\/cbradar\/wp-json\/wp\/v2\/tags?post=205789"}],"curies":[{"name":"wp","href":"https:\/\/api.w.org\/{rel}","templated":true}]}}