{"id":205790,"date":"2026-03-10T15:25:00","date_gmt":"2026-03-10T18:25:00","guid":{"rendered":"https:\/\/www.correiobraziliense.com.br\/cbradar\/?p=205790"},"modified":"2026-03-09T23:00:15","modified_gmt":"2026-03-10T02:00:15","slug":"a-suica-fluminense-surgiu-por-um-decreto-real-de-um-antigo-rei-e-hoje-encanta-turistas-136-km-do-rj-com-natureza-e-clima-europeu","status":"publish","type":"post","link":"https:\/\/www.correiobraziliense.com.br\/cbradar\/a-suica-fluminense-surgiu-por-um-decreto-real-de-um-antigo-rei-e-hoje-encanta-turistas-136-km-do-rj-com-natureza-e-clima-europeu\/","title":{"rendered":"A &#8220;Su\u00ed\u00e7a Fluminense&#8221; surgiu por um Decreto Real de um antigo rei e hoje encanta turistas 136 km do RJ com natureza e clima europeu"},"content":{"rendered":"\n<p>O ar muda antes mesmo de chegar ao centro. A <strong>Serra Fluminense<\/strong> fecha o horizonte, as temperaturas caem e <strong>Nova Friburgo<\/strong>, apelidada de &#8220;Su\u00ed\u00e7a Fluminense&#8221; aparece no vale com um charme que mistura alpino e tropical, resultado direto de dois s\u00e9culos de coloniza\u00e7\u00e3o europeia a 847 metros de altitude.<\/p>\n\n\n\n<h2 class=\"wp-block-heading\">Como uma crise na Europa plantou uma cidade su\u00ed\u00e7a no Rio de Janeiro<\/h2>\n\n\n\n<p>Em 1816, a erup\u00e7\u00e3o do vulc\u00e3o <strong>Tambora<\/strong>, na Indon\u00e9sia, resfriou o clima global e devastou as colheitas europeias. O cant\u00e3o de <strong>Fribourg<\/strong>, na Su\u00ed\u00e7a, enfrentou fome e \u00eaxodo. O agente <strong>Sebasti\u00e3o Nicolau Gachet<\/strong> negociou com o rei <strong>Dom Jo\u00e3o VI<\/strong> a vinda de fam\u00edlias su\u00ed\u00e7as para o <strong>Brasil<\/strong>, e em 16 de maio de 1818 um Decreto Real autorizou a instala\u00e7\u00e3o de uma col\u00f4nia na Fazenda do Morro Queimado, na Serra do <strong>Rio de Janeiro<\/strong>.<\/p>\n\n\n\n<p><strong>Nova Friburgo \u00e9 a \u00fanica cidade brasileira criada por um Decreto Real.<\/strong> Dos mais de 2.000 imigrantes que partiram da Su\u00ed\u00e7a em 1819, cerca de 1.631 chegaram ao destino, registrando quase 400 mortes durante a travessia. Os sobreviventes alcan\u00e7aram a vila em <a href=\"http:\/\/portal.iphan.gov.br\/pagina\/detalhes\/1508\/\" target=\"_blank\" rel=\"noreferrer noopener\"><strong>17 de abril de 1820<\/strong><\/a> e batizaram o lugar com o nome de sua cidade natal. Em 1824, colonos alem\u00e3es chegaram tr\u00eas meses antes de imigrantes do mesmo grupo se instalarem em <strong>S\u00e3o Leopoldo (RS)<\/strong>, tornando Nova Friburgo tamb\u00e9m o primeiro munic\u00edpio do Brasil a receber coloniza\u00e7\u00e3o alem\u00e3 organizada.<\/p>\n\n\n<div class=\"wp-block-image\">\n<figure class=\"aligncenter size-large\"><img decoding=\"async\" width=\"1024\" height=\"576\" src=\"https:\/\/www.correiobraziliense.com.br\/cbradar\/wp-content\/uploads\/2025\/12\/Uma-peninsula-de-areia-com-uma-vila-esquecida-com-dunas-de-salinas-que-parecem-neve-45-1024x576.png\" alt=\"A &quot;Su\u00ed\u00e7a Brasileira&quot; encanta a 136 km do Rio de Janeiro com natureza, clima europeu e seguran\u00e7a refor\u00e7ada\" class=\"wp-image-159631\" srcset=\"https:\/\/www.correiobraziliense.com.br\/cbradar\/wp-content\/uploads\/2025\/12\/Uma-peninsula-de-areia-com-uma-vila-esquecida-com-dunas-de-salinas-que-parecem-neve-45-1024x576.png 1024w, https:\/\/www.correiobraziliense.com.br\/cbradar\/wp-content\/uploads\/2025\/12\/Uma-peninsula-de-areia-com-uma-vila-esquecida-com-dunas-de-salinas-que-parecem-neve-45-300x169.png 300w, https:\/\/www.correiobraziliense.com.br\/cbradar\/wp-content\/uploads\/2025\/12\/Uma-peninsula-de-areia-com-uma-vila-esquecida-com-dunas-de-salinas-que-parecem-neve-45-768x432.png 768w, https:\/\/www.correiobraziliense.com.br\/cbradar\/wp-content\/uploads\/2025\/12\/Uma-peninsula-de-areia-com-uma-vila-esquecida-com-dunas-de-salinas-que-parecem-neve-45-750x422.png 750w, https:\/\/www.correiobraziliense.com.br\/cbradar\/wp-content\/uploads\/2025\/12\/Uma-peninsula-de-areia-com-uma-vila-esquecida-com-dunas-de-salinas-que-parecem-neve-45-1140x641.png 1140w, https:\/\/www.correiobraziliense.com.br\/cbradar\/wp-content\/uploads\/2025\/12\/Uma-peninsula-de-areia-com-uma-vila-esquecida-com-dunas-de-salinas-que-parecem-neve-45.png 1280w\" sizes=\"(max-width: 1024px) 100vw, 1024px\" \/><figcaption class=\"wp-element-caption\">Curta caf\u00e9s na Pra\u00e7a do Suspiro de Nova Friburgo-RJ, ref\u00fagio gostoso com arquitetura colonial e brisa serrana acolhedora.\u200b \/\/ Cr\u00e9ditos: Wikip\u00e9dia<\/figcaption><\/figure><\/div>\n\n\n<h2 class=\"wp-block-heading\">O que fazer na Su\u00ed\u00e7a Brasileira al\u00e9m das trilhas mais \u00f3bvias?<\/h2>\n\n\n\n<p><strong>A cidade concentra natureza, hist\u00f3ria e esportes de aventura em raio compacto.<\/strong> Algumas atra\u00e7\u00f5es ficam a menos de 15 minutos do centro, outras exigem meia manh\u00e3 de trilha, e valem cada passo.<\/p>\n\n\n\n<ul class=\"wp-block-list\">\n<li><strong>Pico da Caled\u00f4nia:<\/strong> a 2.257 m de altitude, dentro do <strong>Parque Estadual dos Tr\u00eas Picos<\/strong>, o cume tem vista de 360\u00b0 que abrange desde a <strong>Ba\u00eda de Guanabara<\/strong> at\u00e9 a <strong>Regi\u00e3o dos Lagos<\/strong>. O trecho final \u00e9 uma escadaria de 630 degraus. Visita\u00e7\u00e3o gratuita, de ter\u00e7a a domingo, das 7h \u00e0s 15h, conforme a <a href=\"https:\/\/www.novafriburgo.rj.gov.br\/pagina\/100_Turismo-Ecoturismo.html\" target=\"_blank\" rel=\"noreferrer noopener\"><strong>Prefeitura de Nova Friburgo<\/strong><\/a>.<\/li>\n\n\n\n<li><strong>Parque Estadual dos Tr\u00eas Picos:<\/strong> maior unidade de conserva\u00e7\u00e3o integral do estado do Rio de Janeiro, com 65 mil hectares de <strong>Mata Atl\u00e2ntica<\/strong> preservada. Abriga trilhas de diferentes n\u00edveis, camping r\u00fastico no Vale dos Deuses e os Tr\u00eas Picos, conjunto rochoso a 2.316 m de altitude, ponto culminante de toda a Serra do Mar.<\/li>\n\n\n\n<li><strong>Lumiar e S\u00e3o Pedro da Serra:<\/strong> distrito a cerca de 35 km do centro, com cachoeiras, rafting e rapel \u00e0s margens do <strong>Rio Bonito<\/strong>. A <strong>Cachoeira V\u00e9u de Noiva<\/strong> \u00e9 a mais procurada para banhos.<\/li>\n\n\n\n<li><strong>Pra\u00e7a do Suspiro e telef\u00e9rico:<\/strong> marco zero do centro hist\u00f3rico, com telef\u00e9rico, feiras de artesanato e a <strong>Igreja de Santo Ant\u00f4nio<\/strong>. A <strong>Pra\u00e7a Get\u00falio Vargas<\/strong>, vizinha, \u00e9 tombada pelo <strong>Instituto do Patrim\u00f4nio Hist\u00f3rico e Art\u00edstico Nacional (IPHAN)<\/strong> desde 1972.<\/li>\n\n\n\n<li><strong>Casa Su\u00ed\u00e7a:<\/strong> centro cultural com museu da coloniza\u00e7\u00e3o, queijaria e chocolateria. Inaugurada em 1\u00ba de agosto de 1987, preserva objetos e documentos da imigra\u00e7\u00e3o de 1819 e 1820.<\/li>\n\n\n\n<li><strong>Jardim do N\u00eago:<\/strong> parque de esculturas de barro a c\u00e9u aberto no bairro Cordoeira, criado pelo artista local N\u00eago. Entrada gratuita e fora do roteiro mais frequentado.<\/li>\n<\/ul>\n\n\n\n<p><strong>Nova Friburgo \u00e9 um destino serrano completo que une a heran\u00e7a da coloniza\u00e7\u00e3o su\u00ed\u00e7a com o t\u00edtulo de capital nacional da moda \u00edntima. <\/strong>O v\u00eddeo \u00e9 do canal <strong>De fora em Juiz de Fora<\/strong>, que conta com mais de <strong>310 mil inscritos<\/strong>, e apresenta a hist\u00f3ria, a economia e os principais pontos tur\u00edsticos da cidade:<\/p>\n\n\n\n<figure class=\"wp-block-embed aligncenter is-type-video is-provider-youtube wp-block-embed-youtube wp-embed-aspect-16-9 wp-has-aspect-ratio\"><div class=\"wp-block-embed__wrapper\">\n<div class=\"jeg_video_container jeg_video_content\"><iframe loading=\"lazy\" title=\"CONHE\u00c7A NOVA FRIBURGO RJ: Capital da Moda \u00cdntima na serra do Rio de Janeiro\" width=\"500\" height=\"281\" src=\"https:\/\/www.youtube.com\/embed\/d0dPghhGY3o?feature=oembed\" frameborder=\"0\" allow=\"accelerometer; autoplay; clipboard-write; encrypted-media; gyroscope; picture-in-picture; web-share\" referrerpolicy=\"strict-origin-when-cross-origin\" allowfullscreen><\/iframe><\/div>\n<\/div><\/figure>\n\n\n\n<h2 class=\"wp-block-heading\">A gastronomia que a coloniza\u00e7\u00e3o europeia deixou na serra fluminense<\/h2>\n\n\n\n<p><strong>Dez povos ajudaram a construir Nova Friburgo, e cada um deixou algo no card\u00e1pio. <\/strong>O distrito de <strong>Mury<\/strong>, polo gastron\u00f4mico oficial da cidade conforme a <a href=\"https:\/\/novafriburgo.rj.gov.br\/pagina\/102_Turismo-Gastronomia.html\" target=\"_blank\" rel=\"noreferrer noopener\"><strong>Prefeitura<\/strong><\/a>, concentra restaurantes com cozinhas austr\u00edaca, alem\u00e3, francesa e italiana ao longo da <strong>RJ-116<\/strong>. Anualmente, em novembro, o <strong>Festival da Truta<\/strong> re\u00fane chefs de toda a cidade em torno do peixe criado na regi\u00e3o.<\/p>\n\n\n\n<ul class=\"wp-block-list\">\n<li><strong>Fondue e raclette:<\/strong> legado direto da coloniza\u00e7\u00e3o su\u00ed\u00e7a, servidos com queijo artesanal local e batata r\u00f6stie. Tradi\u00e7\u00e3o mais forte no inverno, quando o frio da serra aproxima ainda mais o prato do ambiente alpino.<\/li>\n\n\n\n<li><strong>Truta da serra:<\/strong> produzida nas propriedades rurais do entorno, aparece grelhada, ao molho e em vers\u00f5es mais elaboradas. Restaurantes como o <strong>Truta Arco-\u00cdris<\/strong>, \u00e0s margens do Parque dos Tr\u00eas Picos, servem peixes de cria\u00e7\u00e3o pr\u00f3pria.<\/li>\n\n\n\n<li><strong>Pizza de massa de aipim:<\/strong> cria\u00e7\u00e3o local que chegou ao status de exclusividade gastron\u00f4mica da regi\u00e3o, segundo a Prefeitura. Encontrada em v\u00e1rias pizzarias do centro e do <strong>bairro C\u00f4nego<\/strong>.<\/li>\n\n\n\n<li><strong>Cerveja artesanal:<\/strong> desde 2018, a <strong>Lei Estadual n\u00ba 7.954<\/strong> criou o Polo Cervejeiro Artesanal da regi\u00e3o, que abrange Nova Friburgo e outros onze munic\u00edpios. Algumas cervejarias abrem para visita\u00e7\u00e3o e mostram o processo de fabrica\u00e7\u00e3o.<\/li>\n<\/ul>\n\n\n\n<p><strong>Leia tamb\u00e9m: <a href=\"https:\/\/www.correiobraziliense.com.br\/cbradar\/a-california-brasileira-tem-agua-de-230-mil-anos-na-torneira-e-o-1o-lugar-em-qualidade-de-vida-no-brasil\/\" target=\"_blank\" rel=\"noreferrer noopener\">A Calif\u00f3rnia Brasileira tem \u00e1gua de 230 mil anos na torneira e o 1\u00ba lugar em qualidade de vida no Brasil.<\/a><\/strong><\/p>\n\n\n\n<h2 class=\"wp-block-heading\">Quando o clima convida a cada tipo de passeio na serra?<\/h2>\n\n\n\n<p>Nova Friburgo tem clima temperado \u00famido, classificado como <strong>Cfb<\/strong> pela escala de K\u00f6ppen, com m\u00e9dia anual de 18\u00b0C e varia\u00e7\u00e3o marcante entre o ver\u00e3o chuvoso e o inverno seco e frio. O inverno, com m\u00ednimas que chegam perto dos 7\u00b0C, \u00e9 a temporada do fondue e das trilhas com visibilidade m\u00e1xima.<\/p>\n\n\n\n<div class=\"google-auto-ads-ignore\" style=\"font-family: 'Segoe UI', Roboto, Helvetica, Arial, sans-serif; max-width: 900px; margin: 10px auto; display: flex; flex-wrap: wrap; gap: 12px; justify-content: center;\">\n\n  <div style=\"flex: 1 1 200px; background: #ffffff; border-radius: 12px; border: 1px solid #bfdbfe; box-shadow: 0 2px 10px rgba(37, 99, 235, 0.05); overflow: hidden; display: flex; flex-direction: column;\">\n    <div style=\"background: #eff6ff; padding: 10px; border-bottom: 1px solid #dbeafe; display: flex; align-items: center; gap: 8px;\">\n      <div style=\"background: #2563eb; padding: 4px; border-radius: 6px; display: flex;\">\n        <svg width=\"14\" height=\"14\" viewBox=\"0 0 24 24\" fill=\"none\" stroke=\"#ffffff\" stroke-width=\"3\" stroke-linecap=\"round\" stroke-linejoin=\"round\"><circle cx=\"12\" cy=\"12\" r=\"5\"\/><line x1=\"12\" y1=\"1\" x2=\"12\" y2=\"3\"\/><line x1=\"12\" y1=\"21\" x2=\"12\" y2=\"23\"\/><line x1=\"4.22\" y1=\"4.22\" x2=\"5.64\" y2=\"5.64\"\/><line x1=\"18.36\" y1=\"18.36\" x2=\"19.78\" y2=\"19.78\"\/><line x1=\"1\" y1=\"12\" x2=\"3\" y2=\"12\"\/><line x1=\"21\" y1=\"12\" x2=\"23\" y2=\"12\"\/><\/svg>\n      <\/div>\n      <span style=\"font-size: 0.75rem; font-weight: 800; color: #1e3a8a; letter-spacing: 0.05em;\">VER\u00c3O<\/span>\n    <\/div>\n    <div style=\"padding: 12px; text-align: center;\">\n      <div style=\"font-size: 0.7rem; color: #1d4ed8; font-weight: 700;\">DEZ &#8211; FEV<\/div>\n      <div style=\"font-size: 1.2rem; font-weight: 900; color: #2563eb; margin: 2px 0;\">17-27\u00b0C<\/div>\n      <div style=\"font-size: 0.8rem; color: #1e293b; line-height: 1.3;\">Chuva alta. Perfeito para se refrescar nas <strong>cachoeiras<\/strong> e curtir o clima buc\u00f3lico de <strong>Lumiar<\/strong>.<\/div>\n    <\/div>\n  <\/div>\n\n  <div style=\"flex: 1 1 200px; background: #ffffff; border-radius: 12px; border: 1px solid #bfdbfe; box-shadow: 0 2px 10px rgba(37, 99, 235, 0.05); overflow: hidden; display: flex; flex-direction: column;\">\n    <div style=\"background: #eff6ff; padding: 10px; border-bottom: 1px solid #dbeafe; display: flex; align-items: center; gap: 8px;\">\n      <div style=\"background: #2563eb; padding: 4px; border-radius: 6px; display: flex;\">\n        <svg width=\"14\" height=\"14\" viewBox=\"0 0 24 24\" fill=\"none\" stroke=\"#ffffff\" stroke-width=\"3\" stroke-linecap=\"round\" stroke-linejoin=\"round\"><path d=\"M12 2L2 7l10 5 10-5-10-5zM2 17l10 5 10-5M2 12l10 5 10-5\"\/><\/svg>\n      <\/div>\n      <span style=\"font-size: 0.75rem; font-weight: 800; color: #1e3a8a; letter-spacing: 0.05em;\">OUTONO<\/span>\n    <\/div>\n    <div style=\"padding: 12px; text-align: center;\">\n      <div style=\"font-size: 0.7rem; color: #1d4ed8; font-weight: 700;\">MAR &#8211; MAI<\/div>\n      <div style=\"font-size: 1.2rem; font-weight: 900; color: #2563eb; margin: 2px 0;\">14-24\u00b0C<\/div>\n      <div style=\"font-size: 0.8rem; color: #1e293b; line-height: 1.3;\">Chuva m\u00e9dia. Clima ideal para <strong>trilhas<\/strong> e para explorar a renomada <strong>gastronomia<\/strong> local.<\/div>\n    <\/div>\n  <\/div>\n\n  <div style=\"flex: 1 1 200px; background: #ffffff; border-radius: 12px; border: 1px solid #bfdbfe; box-shadow: 0 2px 10px rgba(37, 99, 235, 0.05); overflow: hidden; display: flex; flex-direction: column;\">\n    <div style=\"background: #eff6ff; padding: 10px; border-bottom: 1px solid #dbeafe; display: flex; align-items: center; gap: 8px;\">\n      <div style=\"background: #2563eb; padding: 4px; border-radius: 6px; display: flex;\">\n        <svg width=\"14\" height=\"14\" viewBox=\"0 0 24 24\" fill=\"none\" stroke=\"#ffffff\" stroke-width=\"3\" stroke-linecap=\"round\" stroke-linejoin=\"round\"><path d=\"M12 3a6 6 0 0 0 9 9 9 9 0 1 1-9-9Z\"\/><path d=\"M19 3v4\"\/><path d=\"M21 5h-4\"\/><\/svg>\n      <\/div>\n      <span style=\"font-size: 0.75rem; font-weight: 800; color: #1e3a8a; letter-spacing: 0.05em;\">INVERNO<\/span>\n    <\/div>\n    <div style=\"padding: 12px; text-align: center;\">\n      <div style=\"font-size: 0.7rem; color: #1d4ed8; font-weight: 700;\">JUN &#8211; AGO<\/div>\n      <div style=\"font-size: 1.2rem; font-weight: 900; color: #2563eb; margin: 2px 0;\">7-20\u00b0C<\/div>\n      <div style=\"font-size: 0.8rem; color: #1e293b; line-height: 1.3;\">Chuva baixa. Noites de <strong>fondue<\/strong>, vinhos e <strong>cervejas artesanais<\/strong> sob o c\u00e9u limpo da <strong>Caled\u00f4nia<\/strong>.<\/div>\n    <\/div>\n  <\/div>\n\n  <div style=\"flex: 1 1 200px; background: #ffffff; border-radius: 12px; border: 1px solid #bfdbfe; box-shadow: 0 2px 10px rgba(37, 99, 235, 0.05); overflow: hidden; display: flex; flex-direction: column;\">\n    <div style=\"background: #eff6ff; padding: 10px; border-bottom: 1px solid #dbeafe; display: flex; align-items: center; gap: 10px;\">\n      <div style=\"background: #2563eb; padding: 4px; border-radius: 6px; display: flex;\">\n        <svg width=\"14\" height=\"14\" viewBox=\"0 0 24 24\" fill=\"none\" stroke=\"#ffffff\" stroke-width=\"3\" stroke-linecap=\"round\" stroke-linejoin=\"round\"><path d=\"M12 7.5V21m-4.5-9L12 21l4.5-9\"\/><\/svg>\n      <\/div>\n      <span style=\"font-size: 0.75rem; font-weight: 800; color: #1e3a8a; letter-spacing: 0.05em;\">PRIMAVERA<\/span>\n    <\/div>\n    <div style=\"padding: 12px; text-align: center;\">\n      <div style=\"font-size: 0.7rem; color: #1d4ed8; font-weight: 700;\">SET &#8211; NOV<\/div>\n      <div style=\"font-size: 1.2rem; font-weight: 900; color: #2563eb; margin: 2px 0;\">13-25\u00b0C<\/div>\n      <div style=\"font-size: 0.8rem; color: #1e293b; line-height: 1.3;\">Chuva m\u00e9dia. Esta\u00e7\u00e3o do <strong>Festival da Truta<\/strong> e o melhor momento para <strong>escaladas<\/strong> t\u00e9cnicas.<\/div>\n    <\/div>\n  <\/div>\n\n<\/div>\n\n\n\n<p><em>Temperaturas aproximadas com base no <a href=\"https:\/\/www.climatempo.com.br\/climatologia\/314\/novafriburgo-rj\" target=\"_blank\" rel=\"noreferrer noopener\"><strong>Climatempo<\/strong><\/a>. Condi\u00e7\u00f5es podem variar.<\/em><\/p>\n\n\n<div class=\"wp-block-image\">\n<figure class=\"aligncenter size-large\"><img decoding=\"async\" width=\"1024\" height=\"576\" src=\"https:\/\/www.correiobraziliense.com.br\/cbradar\/wp-content\/uploads\/2025\/12\/Uma-peninsula-de-areia-com-uma-vila-esquecida-com-dunas-de-salinas-que-parecem-neve-47-1024x576.png\" alt=\"A Su\u00ed\u00e7a Brasileira est\u00e1 conquistando com sua natureza, clima europeu e seguran\u00e7a refor\u00e7ada\" class=\"wp-image-159641\" srcset=\"https:\/\/www.correiobraziliense.com.br\/cbradar\/wp-content\/uploads\/2025\/12\/Uma-peninsula-de-areia-com-uma-vila-esquecida-com-dunas-de-salinas-que-parecem-neve-47-1024x576.png 1024w, https:\/\/www.correiobraziliense.com.br\/cbradar\/wp-content\/uploads\/2025\/12\/Uma-peninsula-de-areia-com-uma-vila-esquecida-com-dunas-de-salinas-que-parecem-neve-47-300x169.png 300w, https:\/\/www.correiobraziliense.com.br\/cbradar\/wp-content\/uploads\/2025\/12\/Uma-peninsula-de-areia-com-uma-vila-esquecida-com-dunas-de-salinas-que-parecem-neve-47-768x432.png 768w, https:\/\/www.correiobraziliense.com.br\/cbradar\/wp-content\/uploads\/2025\/12\/Uma-peninsula-de-areia-com-uma-vila-esquecida-com-dunas-de-salinas-que-parecem-neve-47-750x422.png 750w, https:\/\/www.correiobraziliense.com.br\/cbradar\/wp-content\/uploads\/2025\/12\/Uma-peninsula-de-areia-com-uma-vila-esquecida-com-dunas-de-salinas-que-parecem-neve-47-1140x641.png 1140w, https:\/\/www.correiobraziliense.com.br\/cbradar\/wp-content\/uploads\/2025\/12\/Uma-peninsula-de-areia-com-uma-vila-esquecida-com-dunas-de-salinas-que-parecem-neve-47.png 1280w\" sizes=\"(max-width: 1024px) 100vw, 1024px\" \/><figcaption class=\"wp-element-caption\">Curta caf\u00e9s na Pra\u00e7a do Suspiro de Nova Friburgo-RJ, ref\u00fagio gostoso com arquitetura colonial e brisa serrana acolhedora.\u200b \/ Imagem ilustrativa<\/figcaption><\/figure><\/div>\n\n\n<h2 class=\"wp-block-heading\">Como chegar \u00e0 serra fluminense saindo do Rio de Janeiro?<\/h2>\n\n\n\n<p>Nova Friburgo fica a cerca de 130 km da capital pela <strong>RJ-116<\/strong>, com tempo m\u00e9dio de 2h30 de carro. \u00d4nibus da empresa <strong>1001<\/strong> partem da <strong>Rodovi\u00e1ria Novo Rio<\/strong> com frequ\u00eancia regular ao longo do dia.<\/p>\n\n\n\n<h2 class=\"wp-block-heading\">Uma cidade que merece mais do que um fim de semana<\/h2>\n\n\n\n<p><strong>Nova Friburgo carrega duzentos anos de hist\u00f3ria constru\u00edda por dez povos diferentes<\/strong>, uma natureza que vai do fondue ao rafting sem pausas, e uma gastronomia que leva a s\u00e9rio cada receita herdada dos colonos. Poucas cidades no pa\u00eds conseguem esse equil\u00edbrio entre Mata Atl\u00e2ntica e mem\u00f3ria europeia em apenas 935 km\u00b2.<\/p>\n\n\n\n<p>Voc\u00ea precisa subir a serra e conhecer Nova Friburgo, a cidade onde o Brasil guarda um peda\u00e7o raro da Su\u00ed\u00e7a a menos de tr\u00eas horas do Rio.<\/p>\n","protected":false},"excerpt":{"rendered":"<p>O ar muda antes mesmo de chegar ao centro. A Serra Fluminense fecha o horizonte, as temperaturas caem e Nova Friburgo, apelidada de &#8220;Su\u00ed\u00e7a Fluminense&#8221; aparece no vale com um charme que mistura alpino e tropical, resultado direto de dois s\u00e9culos de coloniza\u00e7\u00e3o europeia a 847 metros de altitude. Como uma crise na Europa plantou [&hellip;]<\/p>\n","protected":false},"author":8,"featured_media":205988,"comment_status":"open","ping_status":"open","sticky":false,"template":"","format":"standard","meta":{"_yoast_wpseo_focuskw":"Su\u00ed\u00e7a Fluminense","_yoast_wpseo_title":"","_yoast_wpseo_metadesc":"Conhecida como Su\u00ed\u00e7a Fluminense, cidade da serra do Rio surgiu por Decreto Real e hoje atrai turistas por natureza e clima europeu.","jnews-multi-image_gallery":[],"jnews_single_post":{"format":"standard"},"jnews_primary_category":[],"jnews_social_meta":[],"jnews_override_counter":[],"footnotes":""},"categories":[108,111],"tags":[13031,304],"class_list":["post-205790","post","type-post","status-publish","format-standard","has-post-thumbnail","hentry","category-cidades","category-turismo","tag-nova-friburgo","tag-rio-de-janeiro"],"yoast_head":"<!-- This site is optimized with the Yoast SEO plugin v24.6 - https:\/\/yoast.com\/wordpress\/plugins\/seo\/ -->\n<title>A &quot;Su\u00ed\u00e7a Fluminense&quot; surgiu por um Decreto Real de um antigo rei e hoje encanta turistas 136 km do RJ com natureza e clima europeu - Correio Braziliense - Radar<\/title>\n<meta name=\"description\" content=\"Conhecida como Su\u00ed\u00e7a Fluminense, cidade da serra do Rio surgiu por Decreto Real e hoje atrai turistas por natureza e clima europeu.\" \/>\n<meta name=\"robots\" content=\"index, follow, max-snippet:-1, max-image-preview:large, max-video-preview:-1\" \/>\n<link rel=\"canonical\" href=\"https:\/\/www.correiobraziliense.com.br\/cbradar\/a-suica-fluminense-surgiu-por-um-decreto-real-de-um-antigo-rei-e-hoje-encanta-turistas-136-km-do-rj-com-natureza-e-clima-europeu\/\" \/>\n<meta property=\"og:locale\" content=\"pt_BR\" \/>\n<meta property=\"og:type\" content=\"article\" \/>\n<meta property=\"og:title\" content=\"A &quot;Su\u00ed\u00e7a Fluminense&quot; surgiu por um Decreto Real de um antigo rei e hoje encanta turistas 136 km do RJ com natureza e clima europeu - Correio Braziliense - Radar\" \/>\n<meta property=\"og:description\" content=\"Conhecida como Su\u00ed\u00e7a Fluminense, cidade da serra do Rio surgiu por Decreto Real e hoje atrai turistas por natureza e clima europeu.\" \/>\n<meta property=\"og:url\" content=\"https:\/\/www.correiobraziliense.com.br\/cbradar\/a-suica-fluminense-surgiu-por-um-decreto-real-de-um-antigo-rei-e-hoje-encanta-turistas-136-km-do-rj-com-natureza-e-clima-europeu\/\" \/>\n<meta property=\"og:site_name\" content=\"Correio Braziliense - Radar\" \/>\n<meta property=\"article:published_time\" content=\"2026-03-10T18:25:00+00:00\" \/>\n<meta property=\"og:image\" content=\"https:\/\/www.correiobraziliense.com.br\/cbradar\/wp-content\/uploads\/2026\/03\/aaa-2026-03-09T225720.754.png\" \/>\n\t<meta property=\"og:image:width\" content=\"1280\" \/>\n\t<meta property=\"og:image:height\" content=\"720\" \/>\n\t<meta property=\"og:image:type\" content=\"image\/png\" \/>\n<meta name=\"author\" content=\"Maura Pereira\" \/>\n<meta name=\"twitter:card\" content=\"summary_large_image\" \/>\n<meta name=\"twitter:label1\" content=\"Escrito por\" \/>\n\t<meta name=\"twitter:data1\" content=\"Maura Pereira\" \/>\n\t<meta name=\"twitter:label2\" content=\"Est. tempo de leitura\" \/>\n\t<meta name=\"twitter:data2\" content=\"7 minutos\" \/>\n<!-- \/ Yoast SEO plugin. -->","yoast_head_json":{"title":"A \"Su\u00ed\u00e7a Fluminense\" surgiu por um Decreto Real de um antigo rei e hoje encanta turistas 136 km do RJ com natureza e clima europeu - Correio Braziliense - Radar","description":"Conhecida como Su\u00ed\u00e7a Fluminense, cidade da serra do Rio surgiu por Decreto Real e hoje atrai turistas por natureza e clima europeu.","robots":{"index":"index","follow":"follow","max-snippet":"max-snippet:-1","max-image-preview":"max-image-preview:large","max-video-preview":"max-video-preview:-1"},"canonical":"https:\/\/www.correiobraziliense.com.br\/cbradar\/a-suica-fluminense-surgiu-por-um-decreto-real-de-um-antigo-rei-e-hoje-encanta-turistas-136-km-do-rj-com-natureza-e-clima-europeu\/","og_locale":"pt_BR","og_type":"article","og_title":"A \"Su\u00ed\u00e7a Fluminense\" surgiu por um Decreto Real de um antigo rei e hoje encanta turistas 136 km do RJ com natureza e clima europeu - Correio Braziliense - Radar","og_description":"Conhecida como Su\u00ed\u00e7a Fluminense, cidade da serra do Rio surgiu por Decreto Real e hoje atrai turistas por natureza e clima europeu.","og_url":"https:\/\/www.correiobraziliense.com.br\/cbradar\/a-suica-fluminense-surgiu-por-um-decreto-real-de-um-antigo-rei-e-hoje-encanta-turistas-136-km-do-rj-com-natureza-e-clima-europeu\/","og_site_name":"Correio Braziliense - Radar","article_published_time":"2026-03-10T18:25:00+00:00","og_image":[{"width":1280,"height":720,"url":"https:\/\/www.correiobraziliense.com.br\/cbradar\/wp-content\/uploads\/2026\/03\/aaa-2026-03-09T225720.754.png","type":"image\/png"}],"author":"Maura Pereira","twitter_card":"summary_large_image","twitter_misc":{"Escrito por":"Maura Pereira","Est. tempo de leitura":"7 minutos"},"schema":{"@context":"https:\/\/schema.org","@graph":[{"@type":"WebPage","@id":"https:\/\/www.correiobraziliense.com.br\/cbradar\/a-suica-fluminense-surgiu-por-um-decreto-real-de-um-antigo-rei-e-hoje-encanta-turistas-136-km-do-rj-com-natureza-e-clima-europeu\/","url":"https:\/\/www.correiobraziliense.com.br\/cbradar\/a-suica-fluminense-surgiu-por-um-decreto-real-de-um-antigo-rei-e-hoje-encanta-turistas-136-km-do-rj-com-natureza-e-clima-europeu\/","name":"A \"Su\u00ed\u00e7a Fluminense\" surgiu por um Decreto Real de um antigo rei e hoje encanta turistas 136 km do RJ com natureza e clima europeu - Correio Braziliense - Radar","isPartOf":{"@id":"https:\/\/www.correiobraziliense.com.br\/cbradar\/#website"},"primaryImageOfPage":{"@id":"https:\/\/www.correiobraziliense.com.br\/cbradar\/a-suica-fluminense-surgiu-por-um-decreto-real-de-um-antigo-rei-e-hoje-encanta-turistas-136-km-do-rj-com-natureza-e-clima-europeu\/#primaryimage"},"image":{"@id":"https:\/\/www.correiobraziliense.com.br\/cbradar\/a-suica-fluminense-surgiu-por-um-decreto-real-de-um-antigo-rei-e-hoje-encanta-turistas-136-km-do-rj-com-natureza-e-clima-europeu\/#primaryimage"},"thumbnailUrl":"https:\/\/www.correiobraziliense.com.br\/cbradar\/wp-content\/uploads\/2026\/03\/aaa-2026-03-09T225720.754.png","datePublished":"2026-03-10T18:25:00+00:00","author":{"@id":"https:\/\/www.correiobraziliense.com.br\/cbradar\/#\/schema\/person\/4053c651a9bfc785afc6f4cbc9032fd3"},"description":"Conhecida como Su\u00ed\u00e7a Fluminense, cidade da serra do Rio surgiu por Decreto Real e hoje atrai turistas por natureza e clima europeu.","breadcrumb":{"@id":"https:\/\/www.correiobraziliense.com.br\/cbradar\/a-suica-fluminense-surgiu-por-um-decreto-real-de-um-antigo-rei-e-hoje-encanta-turistas-136-km-do-rj-com-natureza-e-clima-europeu\/#breadcrumb"},"inLanguage":"pt-BR","potentialAction":[{"@type":"ReadAction","target":["https:\/\/www.correiobraziliense.com.br\/cbradar\/a-suica-fluminense-surgiu-por-um-decreto-real-de-um-antigo-rei-e-hoje-encanta-turistas-136-km-do-rj-com-natureza-e-clima-europeu\/"]}]},{"@type":"ImageObject","inLanguage":"pt-BR","@id":"https:\/\/www.correiobraziliense.com.br\/cbradar\/a-suica-fluminense-surgiu-por-um-decreto-real-de-um-antigo-rei-e-hoje-encanta-turistas-136-km-do-rj-com-natureza-e-clima-europeu\/#primaryimage","url":"https:\/\/www.correiobraziliense.com.br\/cbradar\/wp-content\/uploads\/2026\/03\/aaa-2026-03-09T225720.754.png","contentUrl":"https:\/\/www.correiobraziliense.com.br\/cbradar\/wp-content\/uploads\/2026\/03\/aaa-2026-03-09T225720.754.png","width":1280,"height":720,"caption":"Nova Friburgo carrega duzentos anos de hist\u00f3ria constru\u00edda por dez povos diferentes. \/ Imagem ilustrativa"},{"@type":"BreadcrumbList","@id":"https:\/\/www.correiobraziliense.com.br\/cbradar\/a-suica-fluminense-surgiu-por-um-decreto-real-de-um-antigo-rei-e-hoje-encanta-turistas-136-km-do-rj-com-natureza-e-clima-europeu\/#breadcrumb","itemListElement":[{"@type":"ListItem","position":1,"name":"In\u00edcio","item":"https:\/\/www.correiobraziliense.com.br\/cbradar\/"},{"@type":"ListItem","position":2,"name":"A &#8220;Su\u00ed\u00e7a Fluminense&#8221; surgiu por um Decreto Real de um antigo rei e hoje encanta turistas 136 km do RJ com natureza e clima europeu"}]},{"@type":"WebSite","@id":"https:\/\/www.correiobraziliense.com.br\/cbradar\/#website","url":"https:\/\/www.correiobraziliense.com.br\/cbradar\/","name":"Correio Braziliense - Radar","description":"Acompanhe as \u00faltimas not\u00edcias e fique bem informado sobre tudo o que acontece no Brasil e no mundo.","potentialAction":[{"@type":"SearchAction","target":{"@type":"EntryPoint","urlTemplate":"https:\/\/www.correiobraziliense.com.br\/cbradar\/?s={search_term_string}"},"query-input":{"@type":"PropertyValueSpecification","valueRequired":true,"valueName":"search_term_string"}}],"inLanguage":"pt-BR"},{"@type":"Person","@id":"https:\/\/www.correiobraziliense.com.br\/cbradar\/#\/schema\/person\/4053c651a9bfc785afc6f4cbc9032fd3","name":"Maura Pereira","image":{"@type":"ImageObject","inLanguage":"pt-BR","@id":"https:\/\/www.correiobraziliense.com.br\/cbradar\/#\/schema\/person\/image\/","url":"https:\/\/secure.gravatar.com\/avatar\/3effd6bdadfa447f15089c7f7144eaa6?s=96&d=mm&r=g","contentUrl":"https:\/\/secure.gravatar.com\/avatar\/3effd6bdadfa447f15089c7f7144eaa6?s=96&d=mm&r=g","caption":"Maura Pereira"},"sameAs":["https:\/\/www.correiobraziliense.com.br\/"],"url":"https:\/\/www.correiobraziliense.com.br\/cbradar\/author\/mauramyth\/"}]}},"_links":{"self":[{"href":"https:\/\/www.correiobraziliense.com.br\/cbradar\/wp-json\/wp\/v2\/posts\/205790","targetHints":{"allow":["GET"]}}],"collection":[{"href":"https:\/\/www.correiobraziliense.com.br\/cbradar\/wp-json\/wp\/v2\/posts"}],"about":[{"href":"https:\/\/www.correiobraziliense.com.br\/cbradar\/wp-json\/wp\/v2\/types\/post"}],"author":[{"embeddable":true,"href":"https:\/\/www.correiobraziliense.com.br\/cbradar\/wp-json\/wp\/v2\/users\/8"}],"replies":[{"embeddable":true,"href":"https:\/\/www.correiobraziliense.com.br\/cbradar\/wp-json\/wp\/v2\/comments?post=205790"}],"version-history":[{"count":13,"href":"https:\/\/www.correiobraziliense.com.br\/cbradar\/wp-json\/wp\/v2\/posts\/205790\/revisions"}],"predecessor-version":[{"id":205989,"href":"https:\/\/www.correiobraziliense.com.br\/cbradar\/wp-json\/wp\/v2\/posts\/205790\/revisions\/205989"}],"wp:featuredmedia":[{"embeddable":true,"href":"https:\/\/www.correiobraziliense.com.br\/cbradar\/wp-json\/wp\/v2\/media\/205988"}],"wp:attachment":[{"href":"https:\/\/www.correiobraziliense.com.br\/cbradar\/wp-json\/wp\/v2\/media?parent=205790"}],"wp:term":[{"taxonomy":"category","embeddable":true,"href":"https:\/\/www.correiobraziliense.com.br\/cbradar\/wp-json\/wp\/v2\/categories?post=205790"},{"taxonomy":"post_tag","embeddable":true,"href":"https:\/\/www.correiobraziliense.com.br\/cbradar\/wp-json\/wp\/v2\/tags?post=205790"}],"curies":[{"name":"wp","href":"https:\/\/api.w.org\/{rel}","templated":true}]}}