{"id":205791,"date":"2026-03-10T21:05:00","date_gmt":"2026-03-11T00:05:00","guid":{"rendered":"https:\/\/www.correiobraziliense.com.br\/cbradar\/?p=205791"},"modified":"2026-03-09T23:21:55","modified_gmt":"2026-03-10T02:21:55","slug":"a-vila-de-pescadores-que-se-transformou-em-potencia-do-maior-festival-de-jazz-da-america-latina-com-15-praias-de-aguas-cristalinas","status":"publish","type":"post","link":"https:\/\/www.correiobraziliense.com.br\/cbradar\/a-vila-de-pescadores-que-se-transformou-em-potencia-do-maior-festival-de-jazz-da-america-latina-com-15-praias-de-aguas-cristalinas\/","title":{"rendered":"A vila de pescadores que se transformou em pot\u00eancia do maior festival de jazz da Am\u00e9rica Latina com 15 praias de \u00e1guas cristalinas"},"content":{"rendered":"\n<p>O nome vem de um povo que viveu aqui h\u00e1 4 mil anos e deixou montanhas de conchas como testemunho. <strong>Rio das Ostras<\/strong>, no litoral norte fluminense, tem 28 km de praias, um sambaqui preservado no centro da cidade e um festival de m\u00fasica que atrai artistas de quatro continentes.<\/p>\n\n\n\n<h2 class=\"wp-block-heading\">Quatro mil anos de hist\u00f3ria enterrados na areia<\/h2>\n\n\n\n<p><strong>Antes dos portugueses, antes dos Tamoios e dos Goitacases, outros habitantes ocuparam essa faixa de litoral.<\/strong> Os Sambaquis, ca\u00e7adores e coletores semi-n\u00f4mades, acumulavam conchas de ostras em montes que hoje chegam a v\u00e1rios metros de altura. O termo &#8220;sambaqui&#8221; vem do tupi-guarani e significa &#8220;amontoado de conchas&#8221;, e foi justamente esse h\u00e1bito que batizou o munic\u00edpio s\u00e9culos depois.<\/p>\n\n\n\n<p>O <strong>Museu do S\u00edtio Arqueol\u00f3gico Sambaqui da Tarioba<\/strong>, inaugurado em 1998, \u00e9 um dos \u00fanicos museus arqueol\u00f3gicos in situ do Brasil: o visitante caminha sobre o pr\u00f3prio sambaqui, vendo esqueletos, objetos de adorno e conchas no lugar exato onde foram encontrados. O s\u00edtio foi registrado pelo <strong>Instituto de Arqueologia Brasileira (IAB)<\/strong> em 1967. O munic\u00edpio s\u00f3 foi criado formalmente em <strong>1992<\/strong>, desmembrado de Casimiro de Abreu pela Lei Estadual n\u00ba 1984, mas a ocupa\u00e7\u00e3o humana de seu solo \u00e9 uma das mais antigas do estado do Rio de Janeiro.<\/p>\n\n\n<div class=\"wp-block-image\">\n<figure class=\"aligncenter size-large\"><img decoding=\"async\" width=\"1024\" height=\"576\" src=\"https:\/\/www.correiobraziliense.com.br\/cbradar\/wp-content\/uploads\/2025\/12\/canva-2025-12-27T050226.625-1024x576.png\" alt=\"A cidade une 15 praias de \u00e1guas cristalinas, jazz de gra\u00e7a no mar e hist\u00f3ria milenar a apenas 170 km da capital do Rio\" class=\"wp-image-163439\" srcset=\"https:\/\/www.correiobraziliense.com.br\/cbradar\/wp-content\/uploads\/2025\/12\/canva-2025-12-27T050226.625-1024x576.png 1024w, https:\/\/www.correiobraziliense.com.br\/cbradar\/wp-content\/uploads\/2025\/12\/canva-2025-12-27T050226.625-300x169.png 300w, https:\/\/www.correiobraziliense.com.br\/cbradar\/wp-content\/uploads\/2025\/12\/canva-2025-12-27T050226.625-768x432.png 768w, https:\/\/www.correiobraziliense.com.br\/cbradar\/wp-content\/uploads\/2025\/12\/canva-2025-12-27T050226.625-750x422.png 750w, https:\/\/www.correiobraziliense.com.br\/cbradar\/wp-content\/uploads\/2025\/12\/canva-2025-12-27T050226.625-1140x641.png 1140w, https:\/\/www.correiobraziliense.com.br\/cbradar\/wp-content\/uploads\/2025\/12\/canva-2025-12-27T050226.625.png 1280w\" sizes=\"(max-width: 1024px) 100vw, 1024px\" \/><figcaption class=\"wp-element-caption\"> Rio das Ostras encanta com mar verde e coqueirais infinitos: viva o para\u00edso carioca que inspira surf, sol eterno e tranquilidade no cora\u00e7\u00e3o do litoral regato! \/\/ Cr\u00e9ditos: Wikip\u00e9dia<\/figcaption><\/figure><\/div>\n\n\n<h2 class=\"wp-block-heading\">Quais praias visitar nos 28 km de litoral?<\/h2>\n\n\n\n<p><strong>S\u00e3o 15 praias distribu\u00eddas por um litoral cont\u00ednuo, com perfis bastante distintos. <\/strong>Da praia urbana agitada \u00e0 enseada tranquila encravada entre cost\u00f5es, o balne\u00e1rio oferece op\u00e7\u00f5es para diferentes ritmos de viagem.<\/p>\n\n\n\n<ul class=\"wp-block-list\">\n<li><strong>Praia de Costazul<\/strong>: a mais movimentada, com 2,3 km de extens\u00e3o oce\u00e2nica, ciclovia, academia ao ar livre e 15 mil m\u00b2 de restinga preservada. Frequentada por surfistas e pescadores de cani\u00e7o.<\/li>\n\n\n\n<li><strong>Praia da Joana<\/strong>: entre dois cost\u00f5es, mar azul e calmo, amendoeiras que fazem sombra sobre a areia dourada. \u00d3tima para crian\u00e7as e para quem busca tranquilidade.<\/li>\n\n\n\n<li><strong>Praia do Mar do Norte<\/strong>: a cerca de 15 km do centro, \u00e9 uma das maiores e menos frequentadas da cidade, com rochas metam\u00f3rficas de 2 bilh\u00f5es de anos nos cost\u00f5es.<\/li>\n\n\n\n<li><strong>Praia das Areias Negras<\/strong>: recanto pequeno com areia de colora\u00e7\u00e3o escura por concentra\u00e7\u00e3o de monazita e piscinas naturais formadas entre as pedras.<\/li>\n\n\n\n<li><strong>Boca da Barra<\/strong>: onde o rio encontra o mar, pr\u00f3pria para crian\u00e7as, com quiosques e restaurantes \u00e0 beira d&#8217;\u00e1gua.<\/li>\n<\/ul>\n\n\n\n<p><strong>Rio das Ostras \u00e9 um destino vibrante na Regi\u00e3o dos Lagos, conhecido por suas belas praias, eventos musicais de renome internacional e crescimento acelerado.<\/strong> O v\u00eddeo \u00e9 do canal<strong> De fora em Juiz de Fora<\/strong>, que conta com mais de<strong> 310 mil inscritos<\/strong>, e apresenta a hist\u00f3ria, a infraestrutura e os principais pontos tur\u00edsticos da cidade:<\/p>\n\n\n\n<figure class=\"wp-block-embed aligncenter is-type-video is-provider-youtube wp-block-embed-youtube wp-embed-aspect-16-9 wp-has-aspect-ratio\"><div class=\"wp-block-embed__wrapper\">\n<div class=\"jeg_video_container jeg_video_content\"><iframe loading=\"lazy\" title=\"CONHE\u00c7A RIO DAS OSTRAS RJ: Perto de Maca\u00e9, B\u00fazios e Cabo Frio - Rio de Janeiro\" width=\"500\" height=\"281\" src=\"https:\/\/www.youtube.com\/embed\/Ji9pI4uEV3Q?feature=oembed\" frameborder=\"0\" allow=\"accelerometer; autoplay; clipboard-write; encrypted-media; gyroscope; picture-in-picture; web-share\" referrerpolicy=\"strict-origin-when-cross-origin\" allowfullscreen><\/iframe><\/div>\n<\/div><\/figure>\n\n\n\n<h2 class=\"wp-block-heading\">O que visitar al\u00e9m das praias?<\/h2>\n\n\n\n<p>Rio das Ostras guarda atra\u00e7\u00f5es que v\u00e3o muito al\u00e9m da orla. A zona urbana tem pontos hist\u00f3ricos, unidades de conserva\u00e7\u00e3o e uma heran\u00e7a imperial pouco conhecida.<\/p>\n\n\n\n<ul class=\"wp-block-list\">\n<li><strong>Figueira Centen\u00e1ria<\/strong>: \u00e1rvore \u00e0 beira-mar que, segundo registros hist\u00f3ricos, serviu de abrigo para Dom Pedro II em 1847, al\u00e9m do Pr\u00edncipe Maximiliano e do Presidente Get\u00falio Vargas. Fica no cal\u00e7ad\u00e3o da Praia do Centro.<\/li>\n\n\n\n<li><strong>Monumento Natural dos Cost\u00f5es Rochosos<\/strong>: faixa de rochas e praias entre a Praia da Joana e a Pra\u00e7a da Baleia, transformada em unidade de conserva\u00e7\u00e3o municipal, com fauna e flora diversas.<\/li>\n\n\n\n<li><strong>Lagoa de Iriry<\/strong>: \u00e1rea de prote\u00e7\u00e3o ambiental com \u00e1gua salobra de colora\u00e7\u00e3o caramelo, causada pela vegeta\u00e7\u00e3o de restinga. Tem mirante de 20 m com vista para o mar, trilhas e quiosques.<\/li>\n\n\n\n<li><strong>Centro Ferrovi\u00e1rio de Cultura Guilherme Nogueira<\/strong>: funciona na antiga <strong>Esta\u00e7\u00e3o Ferrovi\u00e1ria de Rocha Le\u00e3o<\/strong>, constru\u00edda entre 1877 e 1887 com pedras brutas e m\u00e3o de obra escrava, parte da Estrada de Ferro Leopoldina.<\/li>\n\n\n\n<li><strong>P\u00eder de Costazul<\/strong>: 200 m sobre o mar, ideal para fotografar a orla ao nascer do sol e para pesca de cani\u00e7o.<\/li>\n<\/ul>\n\n\n\n<h2 class=\"wp-block-heading\">Onde a Mata Atl\u00e2ntica ainda tem trechos prim\u00e1rios<\/h2>\n\n\n\n<p>A cerca de 25 km do centro de Rio das Ostras, a <strong>Reserva Biol\u00f3gica Uni\u00e3o<\/strong> guarda 7.756 hectares de Mata Atl\u00e2ntica que pesquisadores consideram a \u00e1rea de maior riqueza vegetal entre todos os remanescentes estudados no estado do Rio de Janeiro. A reserva abriga o mico-le\u00e3o-dourado, primata end\u00eamico e s\u00edmbolo da conserva\u00e7\u00e3o brasileira, al\u00e9m de bugio, lontra, pregui\u00e7a-de-coleira e jaguatirica.<\/p>\n\n\n\n<p>Administrada pelo <a href=\"https:\/\/www.gov.br\/icmbio\/pt-br\/assuntos\/biodiversidade\/unidade-de-conservacao\/unidades-de-biomas\/mata-atlantica\/lista-de-ucs\/rebio-uniao\/informacoes-sobre-visitacao-rebio-uniao\" target=\"_blank\" rel=\"noreferrer noopener\"><strong>Instituto Chico Mendes de Conserva\u00e7\u00e3o da Biodiversidade (ICMBio)<\/strong><\/a>, a unidade aceita visita\u00e7\u00e3o guiada de segunda a sexta mediante agendamento. A trilha interpretativa do Pil\u00e3o tem trecho acess\u00edvel para pessoas com mobilidade reduzida.<\/p>\n\n\n<div class=\"wp-block-image\">\n<figure class=\"aligncenter size-large\"><img decoding=\"async\" width=\"1024\" height=\"576\" src=\"https:\/\/www.correiobraziliense.com.br\/cbradar\/wp-content\/uploads\/2025\/12\/canva-2025-12-27T050212.013-1024x576.png\" alt=\"A cidade une 15 praias de \u00e1guas cristalinas, jazz de gra\u00e7a no mar e hist\u00f3ria milenar a apenas 170 km da capital do Rio\" class=\"wp-image-163440\" srcset=\"https:\/\/www.correiobraziliense.com.br\/cbradar\/wp-content\/uploads\/2025\/12\/canva-2025-12-27T050212.013-1024x576.png 1024w, https:\/\/www.correiobraziliense.com.br\/cbradar\/wp-content\/uploads\/2025\/12\/canva-2025-12-27T050212.013-300x169.png 300w, https:\/\/www.correiobraziliense.com.br\/cbradar\/wp-content\/uploads\/2025\/12\/canva-2025-12-27T050212.013-768x432.png 768w, https:\/\/www.correiobraziliense.com.br\/cbradar\/wp-content\/uploads\/2025\/12\/canva-2025-12-27T050212.013-750x422.png 750w, https:\/\/www.correiobraziliense.com.br\/cbradar\/wp-content\/uploads\/2025\/12\/canva-2025-12-27T050212.013-1140x641.png 1140w, https:\/\/www.correiobraziliense.com.br\/cbradar\/wp-content\/uploads\/2025\/12\/canva-2025-12-27T050212.013.png 1280w\" sizes=\"(max-width: 1024px) 100vw, 1024px\" \/><figcaption class=\"wp-element-caption\"> Em Rio das Ostras, prove ostras frescas na praia, pedale na ciclovia e relaxe na Costazul com brisa leve do litoral regato acolhedor e familiar. \/\/ Cr\u00e9ditos: Wikip\u00e9dia<\/figcaption><\/figure><\/div>\n\n\n<p><strong>Leia tamb\u00e9m: <a href=\"https:\/\/www.correiobraziliense.com.br\/cbradar\/a-california-brasileira-tem-agua-de-230-mil-anos-na-torneira-e-o-1o-lugar-em-qualidade-de-vida-no-brasil\/\" target=\"_blank\" rel=\"noreferrer noopener\">A Calif\u00f3rnia Brasileira tem \u00e1gua de 230 mil anos na torneira e o 1\u00ba lugar em qualidade de vida no Brasil.<\/a><\/strong><\/p>\n\n\n\n<h2 class=\"wp-block-heading\">O jazz que transformou uma vila de pescadores<\/h2>\n\n\n\n<p>Em 2003, uma apresenta\u00e7\u00e3o nas areias da Praia de Costazul deu in\u00edcio ao que se tornaria o maior festival de jazz e blues da Am\u00e9rica Latina. O <strong>Rio das Ostras Jazz &amp; Blues Festival<\/strong> j\u00e1 chegou \u00e0 20\u00aa edi\u00e7\u00e3o, contabilizando mais de 600 shows para um p\u00fablico total superior a 1,2 milh\u00e3o de espectadores. Todos os shows s\u00e3o gratuitos.<\/p>\n\n\n\n<p><strong>Realizado no feriad\u00e3o de Corpus Christi, o festival espalha cinco palcos por pontos estrat\u00e9gicos da cidade:<\/strong> a Concha Ac\u00fastica da Praia do Centro, o anfiteatro da Lagoa de Iriry, a Boca da Barra, o Espa\u00e7o Arthur Maia e o palco principal na Cidade do Jazz, em Costazul. Nomes como Spyro Gyra, Richard Bona, Kenny Brown e dezenas de m\u00fasicos nacionais j\u00e1 passaram pelos palcos. O evento rendeu ao munic\u00edpio o t\u00edtulo de <strong>Capital Estadual do Jazz &amp; Blues<\/strong> e consta entre os dez maiores festivais do g\u00eanero no mundo, segundo a organiza\u00e7\u00e3o e o <a href=\"https:\/\/www.sescrio.org.br\" target=\"_blank\" rel=\"noreferrer noopener\"><strong>Sesc RJ<\/strong><\/a>, parceiro do circuito.<\/p>\n\n\n<div class=\"wp-block-image\">\n<figure class=\"aligncenter size-large\"><img decoding=\"async\" width=\"1024\" height=\"576\" src=\"https:\/\/www.correiobraziliense.com.br\/cbradar\/wp-content\/uploads\/2025\/12\/canva-2025-12-27T050244.780-1024x576.png\" alt=\"\" class=\"wp-image-163438\" srcset=\"https:\/\/www.correiobraziliense.com.br\/cbradar\/wp-content\/uploads\/2025\/12\/canva-2025-12-27T050244.780-1024x576.png 1024w, https:\/\/www.correiobraziliense.com.br\/cbradar\/wp-content\/uploads\/2025\/12\/canva-2025-12-27T050244.780-300x169.png 300w, https:\/\/www.correiobraziliense.com.br\/cbradar\/wp-content\/uploads\/2025\/12\/canva-2025-12-27T050244.780-768x432.png 768w, https:\/\/www.correiobraziliense.com.br\/cbradar\/wp-content\/uploads\/2025\/12\/canva-2025-12-27T050244.780-750x422.png 750w, https:\/\/www.correiobraziliense.com.br\/cbradar\/wp-content\/uploads\/2025\/12\/canva-2025-12-27T050244.780-1140x641.png 1140w, https:\/\/www.correiobraziliense.com.br\/cbradar\/wp-content\/uploads\/2025\/12\/canva-2025-12-27T050244.780.png 1280w\" sizes=\"(max-width: 1024px) 100vw, 1024px\" \/><figcaption class=\"wp-element-caption\"> Em Rio das Ostras, prove ostras frescas na praia, pedale na ciclovia e relaxe na Costazul com brisa leve do litoral regato acolhedor e familiar. \/\/ Cr\u00e9ditos: Wikip\u00e9dia<\/figcaption><\/figure><\/div>\n\n\n<h2 class=\"wp-block-heading\">Quando o clima favorece cada tipo de passeio?<\/h2>\n\n\n\n<p>O litoral norte fluminense tem clima tropical \u00famido, com ver\u00f5es quentes e chuvosos e invernos secos e amenos, ideais para caminhadas e ecoturismo. A temperatura m\u00e9dia anual gira em torno de 23\u00b0C.<\/p>\n\n\n\n<div class=\"google-auto-ads-ignore\" style=\"font-family: 'Segoe UI', Roboto, Helvetica, Arial, sans-serif; max-width: 900px; margin: 10px auto; display: flex; flex-wrap: wrap; gap: 12px; justify-content: center;\">\n\n  <div style=\"flex: 1 1 200px; background: #ffffff; border-radius: 12px; border: 1px solid #bfdbfe; box-shadow: 0 2px 10px rgba(37, 99, 235, 0.05); overflow: hidden; display: flex; flex-direction: column;\">\n    <div style=\"background: #eff6ff; padding: 10px; border-bottom: 1px solid #dbeafe; display: flex; align-items: center; gap: 8px;\">\n      <div style=\"background: #2563eb; padding: 4px; border-radius: 6px; display: flex;\">\n        <svg width=\"14\" height=\"14\" viewBox=\"0 0 24 24\" fill=\"none\" stroke=\"#ffffff\" stroke-width=\"3\" stroke-linecap=\"round\" stroke-linejoin=\"round\"><circle cx=\"12\" cy=\"12\" r=\"5\"\/><line x1=\"12\" y1=\"1\" x2=\"12\" y2=\"3\"\/><line x1=\"12\" y1=\"21\" x2=\"12\" y2=\"23\"\/><line x1=\"4.22\" y1=\"4.22\" x2=\"5.64\" y2=\"5.64\"\/><line x1=\"18.36\" y1=\"18.36\" x2=\"19.78\" y2=\"19.78\"\/><line x1=\"1\" y1=\"12\" x2=\"3\" y2=\"12\"\/><line x1=\"21\" y1=\"12\" x2=\"23\" y2=\"12\"\/><\/svg>\n      <\/div>\n      <span style=\"font-size: 0.75rem; font-weight: 800; color: #1e3a8a; letter-spacing: 0.05em;\">VER\u00c3O<\/span>\n    <\/div>\n    <div style=\"padding: 12px; text-align: center;\">\n      <div style=\"font-size: 0.7rem; color: #1d4ed8; font-weight: 700;\">DEZ &#8211; MAR<\/div>\n      <div style=\"font-size: 1.2rem; font-weight: 900; color: #2563eb; margin: 2px 0;\">26-32 \u00b0C<\/div>\n      <div style=\"font-size: 0.8rem; color: #1e293b; line-height: 1.3;\">Chuva alta. Auge do calor; aproveite as <strong>praias e o surfe<\/strong> com as \u00e1guas em temperatura agrad\u00e1vel.<\/div>\n    <\/div>\n  <\/div>\n\n  <div style=\"flex: 1 1 200px; background: #ffffff; border-radius: 12px; border: 1px solid #bfdbfe; box-shadow: 0 2px 10px rgba(37, 99, 235, 0.05); overflow: hidden; display: flex; flex-direction: column;\">\n    <div style=\"background: #eff6ff; padding: 10px; border-bottom: 1px solid #dbeafe; display: flex; align-items: center; gap: 8px;\">\n      <div style=\"background: #2563eb; padding: 4px; border-radius: 6px; display: flex;\">\n        <svg width=\"14\" height=\"14\" viewBox=\"0 0 24 24\" fill=\"none\" stroke=\"#ffffff\" stroke-width=\"3\" stroke-linecap=\"round\" stroke-linejoin=\"round\"><path d=\"M12 2L2 7l10 5 10-5-10-5zM2 17l10 5 10-5M2 12l10 5 10-5\"\/><\/svg>\n      <\/div>\n      <span style=\"font-size: 0.75rem; font-weight: 800; color: #1e3a8a; letter-spacing: 0.05em;\">OUTONO<\/span>\n    <\/div>\n    <div style=\"padding: 12px; text-align: center;\">\n      <div style=\"font-size: 0.7rem; color: #1d4ed8; font-weight: 700;\">MAR &#8211; JUN<\/div>\n      <div style=\"font-size: 1.2rem; font-weight: 900; color: #2563eb; margin: 2px 0;\">22-29 \u00b0C<\/div>\n      <div style=\"font-size: 0.8rem; color: #1e293b; line-height: 1.3;\">Chuva m\u00e9dia. Temporada do <strong>Festival de Jazz<\/strong> e clima perfeito para explorar as <strong>trilhas<\/strong>.<\/div>\n    <\/div>\n  <\/div>\n\n  <div style=\"flex: 1 1 200px; background: #ffffff; border-radius: 12px; border: 1px solid #bfdbfe; box-shadow: 0 2px 10px rgba(37, 99, 235, 0.05); overflow: hidden; display: flex; flex-direction: column;\">\n    <div style=\"background: #eff6ff; padding: 10px; border-bottom: 1px solid #dbeafe; display: flex; align-items: center; gap: 8px;\">\n      <div style=\"background: #2563eb; padding: 4px; border-radius: 6px; display: flex;\">\n        <svg width=\"14\" height=\"14\" viewBox=\"0 0 24 24\" fill=\"none\" stroke=\"#ffffff\" stroke-width=\"3\" stroke-linecap=\"round\" stroke-linejoin=\"round\"><path d=\"M12 3a6 6 0 0 0 9 9 9 9 0 1 1-9-9Z\"\/><path d=\"M19 3v4\"\/><path d=\"M21 5h-4\"\/><\/svg>\n      <\/div>\n      <span style=\"font-size: 0.75rem; font-weight: 800; color: #1e3a8a; letter-spacing: 0.05em;\">INVERNO<\/span>\n    <\/div>\n    <div style=\"padding: 12px; text-align: center;\">\n      <div style=\"font-size: 0.7rem; color: #1d4ed8; font-weight: 700;\">JUN &#8211; SET<\/div>\n      <div style=\"font-size: 1.2rem; font-weight: 900; color: #2563eb; margin: 2px 0;\">18-26 \u00b0C<\/div>\n      <div style=\"font-size: 0.8rem; color: #1e293b; line-height: 1.3;\">Chuva baixa. C\u00e9u limpo para <strong>ecoturismo na REBIO Uni\u00e3o<\/strong> e caminhadas pelos <strong>cost\u00f5es<\/strong> rochosos.<\/div>\n    <\/div>\n  <\/div>\n\n  <div style=\"flex: 1 1 200px; background: #ffffff; border-radius: 12px; border: 1px solid #bfdbfe; box-shadow: 0 2px 10px rgba(37, 99, 235, 0.05); overflow: hidden; display: flex; flex-direction: column;\">\n    <div style=\"background: #eff6ff; padding: 10px; border-bottom: 1px solid #dbeafe; display: flex; align-items: center; gap: 10px;\">\n      <div style=\"background: #2563eb; padding: 4px; border-radius: 6px; display: flex;\">\n        <svg width=\"14\" height=\"14\" viewBox=\"0 0 24 24\" fill=\"none\" stroke=\"#ffffff\" stroke-width=\"3\" stroke-linecap=\"round\" stroke-linejoin=\"round\"><path d=\"M12 7.5V21m-4.5-9L12 21l4.5-9\"\/><\/svg>\n      <\/div>\n      <span style=\"font-size: 0.75rem; font-weight: 800; color: #1e3a8a; letter-spacing: 0.05em;\">PRIMAVERA<\/span>\n    <\/div>\n    <div style=\"padding: 12px; text-align: center;\">\n      <div style=\"font-size: 0.7rem; color: #1d4ed8; font-weight: 700;\">SET &#8211; DEZ<\/div>\n      <div style=\"font-size: 1.2rem; font-weight: 900; color: #2563eb; margin: 2px 0;\">22-29 \u00b0C<\/div>\n      <div style=\"font-size: 0.8rem; color: #1e293b; line-height: 1.3;\">Chuva m\u00e9dia. Explore as <strong>praias tranquilas e as lagoas<\/strong> com a natureza em plena renova\u00e7\u00e3o.<\/div>\n    <\/div>\n  <\/div>\n\n<\/div>\n\n\n\n<p><em>Temperaturas aproximadas com base no <a href=\"https:\/\/www.climatempo.com.br\/climatologia\/320\/riodasostras-rj\" target=\"_blank\" rel=\"noreferrer noopener\"><strong>Climatempo<\/strong><\/a>. Condi\u00e7\u00f5es podem variar.<\/em><\/p>\n\n\n\n<h2 class=\"wp-block-heading\">Como chegar a Rio das Ostras saindo do Rio?<\/h2>\n\n\n\n<p>A cidade fica a cerca de 160 km do <strong>Rio de Janeiro<\/strong> pela <strong>BR-101<\/strong> (Via Dutra at\u00e9 Al\u00e9m Para\u00edba, depois BR-101 Norte), com tempo m\u00e9dio de 2h30 de carro. \u00d4nibus da empresa <strong>Autovia\u00e7\u00e3o 1001<\/strong> saem regularmente da Rodovi\u00e1ria Novo Rio com destino a Maca\u00e9, passando por Rio das Ostras. O aeroporto mais pr\u00f3ximo \u00e9 o de <strong>Maca\u00e9<\/strong>, a cerca de 25 km.<\/p>\n\n\n\n<h2 class=\"wp-block-heading\">Uma vila que cresceu sem perder o cheiro do mar<\/h2>\n\n\n\n<p>Rio das Ostras tem a rara combina\u00e7\u00e3o de um passado arqueol\u00f3gico com 4 mil anos, praias pouco conhecidas fora do estado e um festival de m\u00fasica que projeta uma antiga vila de pescadores no calend\u00e1rio cultural internacional.<\/p>\n\n\n\n<p>Voc\u00ea precisa conhecer Rio das Ostras antes que o resto do Brasil descubra o que est\u00e1 escondido entre os cost\u00f5es e as conchas dessa orla do norte fluminense.<\/p>\n","protected":false},"excerpt":{"rendered":"<p>O nome vem de um povo que viveu aqui h\u00e1 4 mil anos e deixou montanhas de conchas como testemunho. Rio das Ostras, no litoral norte fluminense, tem 28 km de praias, um sambaqui preservado no centro da cidade e um festival de m\u00fasica que atrai artistas de quatro continentes. Quatro mil anos de hist\u00f3ria [&hellip;]<\/p>\n","protected":false},"author":8,"featured_media":197580,"comment_status":"open","ping_status":"open","sticky":false,"template":"","format":"standard","meta":{"_yoast_wpseo_focuskw":"vila de pescadores","_yoast_wpseo_title":"","_yoast_wpseo_metadesc":"Antiga vila de pescadores se transformou em destino famoso com 15 praias de \u00e1guas cristalinas e o maior festival de jazz da Am\u00e9rica Latina.","jnews-multi-image_gallery":[],"jnews_single_post":{"format":"standard"},"jnews_primary_category":[],"jnews_social_meta":[],"jnews_override_counter":[],"footnotes":""},"categories":[108,111],"post_tag":[13190,304],"class_list":["post-205791","post","type-post","status-publish","format-standard","has-post-thumbnail","hentry","category-cidades","category-turismo","tag-rio-das-ostras","tag-rio-de-janeiro"],"yoast_head":"<!-- This site is optimized with the Yoast SEO plugin v24.6 - https:\/\/yoast.com\/wordpress\/plugins\/seo\/ -->\n<title>A vila de pescadores que se transformou em pot\u00eancia do maior festival de jazz da Am\u00e9rica Latina com 15 praias de \u00e1guas cristalinas - Correio Braziliense - Radar<\/title>\n<meta name=\"description\" content=\"Antiga vila de pescadores se transformou em destino famoso com 15 praias de \u00e1guas cristalinas e o maior festival de jazz da Am\u00e9rica Latina.\" \/>\n<meta name=\"robots\" content=\"index, follow, max-snippet:-1, max-image-preview:large, max-video-preview:-1\" \/>\n<link rel=\"canonical\" href=\"https:\/\/www.correiobraziliense.com.br\/cbradar\/a-vila-de-pescadores-que-se-transformou-em-potencia-do-maior-festival-de-jazz-da-america-latina-com-15-praias-de-aguas-cristalinas\/\" \/>\n<meta property=\"og:locale\" content=\"pt_BR\" \/>\n<meta property=\"og:type\" content=\"article\" \/>\n<meta property=\"og:title\" content=\"A vila de pescadores que se transformou em pot\u00eancia do maior festival de jazz da Am\u00e9rica Latina com 15 praias de \u00e1guas cristalinas - Correio Braziliense - Radar\" \/>\n<meta property=\"og:description\" content=\"Antiga vila de pescadores se transformou em destino famoso com 15 praias de \u00e1guas cristalinas e o maior festival de jazz da Am\u00e9rica Latina.\" \/>\n<meta property=\"og:url\" content=\"https:\/\/www.correiobraziliense.com.br\/cbradar\/a-vila-de-pescadores-que-se-transformou-em-potencia-do-maior-festival-de-jazz-da-america-latina-com-15-praias-de-aguas-cristalinas\/\" \/>\n<meta property=\"og:site_name\" content=\"Correio Braziliense - Radar\" \/>\n<meta property=\"article:published_time\" content=\"2026-03-11T00:05:00+00:00\" \/>\n<meta property=\"og:image\" content=\"https:\/\/www.correiobraziliense.com.br\/cbradar\/wp-content\/uploads\/2026\/02\/aaa-2026-02-22T053104.202.png\" \/>\n\t<meta property=\"og:image:width\" content=\"1280\" \/>\n\t<meta property=\"og:image:height\" content=\"720\" \/>\n\t<meta property=\"og:image:type\" content=\"image\/png\" \/>\n<meta name=\"author\" content=\"Maura Pereira\" \/>\n<meta name=\"twitter:card\" content=\"summary_large_image\" \/>\n<meta name=\"twitter:label1\" content=\"Escrito por\" \/>\n\t<meta name=\"twitter:data1\" content=\"Maura Pereira\" \/>\n\t<meta name=\"twitter:label2\" content=\"Est. tempo de leitura\" \/>\n\t<meta name=\"twitter:data2\" content=\"8 minutos\" \/>\n<!-- \/ Yoast SEO plugin. -->","yoast_head_json":{"title":"A vila de pescadores que se transformou em pot\u00eancia do maior festival de jazz da Am\u00e9rica Latina com 15 praias de \u00e1guas cristalinas - Correio Braziliense - Radar","description":"Antiga vila de pescadores se transformou em destino famoso com 15 praias de \u00e1guas cristalinas e o maior festival de jazz da Am\u00e9rica Latina.","robots":{"index":"index","follow":"follow","max-snippet":"max-snippet:-1","max-image-preview":"max-image-preview:large","max-video-preview":"max-video-preview:-1"},"canonical":"https:\/\/www.correiobraziliense.com.br\/cbradar\/a-vila-de-pescadores-que-se-transformou-em-potencia-do-maior-festival-de-jazz-da-america-latina-com-15-praias-de-aguas-cristalinas\/","og_locale":"pt_BR","og_type":"article","og_title":"A vila de pescadores que se transformou em pot\u00eancia do maior festival de jazz da Am\u00e9rica Latina com 15 praias de \u00e1guas cristalinas - Correio Braziliense - Radar","og_description":"Antiga vila de pescadores se transformou em destino famoso com 15 praias de \u00e1guas cristalinas e o maior festival de jazz da Am\u00e9rica Latina.","og_url":"https:\/\/www.correiobraziliense.com.br\/cbradar\/a-vila-de-pescadores-que-se-transformou-em-potencia-do-maior-festival-de-jazz-da-america-latina-com-15-praias-de-aguas-cristalinas\/","og_site_name":"Correio Braziliense - Radar","article_published_time":"2026-03-11T00:05:00+00:00","og_image":[{"width":1280,"height":720,"url":"https:\/\/www.correiobraziliense.com.br\/cbradar\/wp-content\/uploads\/2026\/02\/aaa-2026-02-22T053104.202.png","type":"image\/png"}],"author":"Maura Pereira","twitter_card":"summary_large_image","twitter_misc":{"Escrito por":"Maura Pereira","Est. tempo de leitura":"8 minutos"},"schema":{"@context":"https:\/\/schema.org","@graph":[{"@type":"WebPage","@id":"https:\/\/www.correiobraziliense.com.br\/cbradar\/a-vila-de-pescadores-que-se-transformou-em-potencia-do-maior-festival-de-jazz-da-america-latina-com-15-praias-de-aguas-cristalinas\/","url":"https:\/\/www.correiobraziliense.com.br\/cbradar\/a-vila-de-pescadores-que-se-transformou-em-potencia-do-maior-festival-de-jazz-da-america-latina-com-15-praias-de-aguas-cristalinas\/","name":"A vila de pescadores que se transformou em pot\u00eancia do maior festival de jazz da Am\u00e9rica Latina com 15 praias de \u00e1guas cristalinas - Correio Braziliense - Radar","isPartOf":{"@id":"https:\/\/www.correiobraziliense.com.br\/cbradar\/#website"},"primaryImageOfPage":{"@id":"https:\/\/www.correiobraziliense.com.br\/cbradar\/a-vila-de-pescadores-que-se-transformou-em-potencia-do-maior-festival-de-jazz-da-america-latina-com-15-praias-de-aguas-cristalinas\/#primaryimage"},"image":{"@id":"https:\/\/www.correiobraziliense.com.br\/cbradar\/a-vila-de-pescadores-que-se-transformou-em-potencia-do-maior-festival-de-jazz-da-america-latina-com-15-praias-de-aguas-cristalinas\/#primaryimage"},"thumbnailUrl":"https:\/\/www.correiobraziliense.com.br\/cbradar\/wp-content\/uploads\/2026\/02\/aaa-2026-02-22T053104.202.png","datePublished":"2026-03-11T00:05:00+00:00","author":{"@id":"https:\/\/www.correiobraziliense.com.br\/cbradar\/#\/schema\/person\/4053c651a9bfc785afc6f4cbc9032fd3"},"description":"Antiga vila de pescadores se transformou em destino famoso com 15 praias de \u00e1guas cristalinas e o maior festival de jazz da Am\u00e9rica Latina.","breadcrumb":{"@id":"https:\/\/www.correiobraziliense.com.br\/cbradar\/a-vila-de-pescadores-que-se-transformou-em-potencia-do-maior-festival-de-jazz-da-america-latina-com-15-praias-de-aguas-cristalinas\/#breadcrumb"},"inLanguage":"pt-BR","potentialAction":[{"@type":"ReadAction","target":["https:\/\/www.correiobraziliense.com.br\/cbradar\/a-vila-de-pescadores-que-se-transformou-em-potencia-do-maior-festival-de-jazz-da-america-latina-com-15-praias-de-aguas-cristalinas\/"]}]},{"@type":"ImageObject","inLanguage":"pt-BR","@id":"https:\/\/www.correiobraziliense.com.br\/cbradar\/a-vila-de-pescadores-que-se-transformou-em-potencia-do-maior-festival-de-jazz-da-america-latina-com-15-praias-de-aguas-cristalinas\/#primaryimage","url":"https:\/\/www.correiobraziliense.com.br\/cbradar\/wp-content\/uploads\/2026\/02\/aaa-2026-02-22T053104.202.png","contentUrl":"https:\/\/www.correiobraziliense.com.br\/cbradar\/wp-content\/uploads\/2026\/02\/aaa-2026-02-22T053104.202.png","width":1280,"height":720,"caption":"Rio das Ostras \u00e9 marcada por qualidade de vida, natureza e hospitalidade \/\/ Cr\u00e9ditos: depositphotos.com \/ alxcoimbra"},{"@type":"BreadcrumbList","@id":"https:\/\/www.correiobraziliense.com.br\/cbradar\/a-vila-de-pescadores-que-se-transformou-em-potencia-do-maior-festival-de-jazz-da-america-latina-com-15-praias-de-aguas-cristalinas\/#breadcrumb","itemListElement":[{"@type":"ListItem","position":1,"name":"In\u00edcio","item":"https:\/\/www.correiobraziliense.com.br\/cbradar\/"},{"@type":"ListItem","position":2,"name":"A vila de pescadores que se transformou em pot\u00eancia do maior festival de jazz da Am\u00e9rica Latina com 15 praias de \u00e1guas cristalinas"}]},{"@type":"WebSite","@id":"https:\/\/www.correiobraziliense.com.br\/cbradar\/#website","url":"https:\/\/www.correiobraziliense.com.br\/cbradar\/","name":"Correio Braziliense - Radar","description":"Acompanhe as \u00faltimas not\u00edcias e fique bem informado sobre tudo o que acontece no Brasil e no mundo.","potentialAction":[{"@type":"SearchAction","target":{"@type":"EntryPoint","urlTemplate":"https:\/\/www.correiobraziliense.com.br\/cbradar\/?s={search_term_string}"},"query-input":{"@type":"PropertyValueSpecification","valueRequired":true,"valueName":"search_term_string"}}],"inLanguage":"pt-BR"},{"@type":"Person","@id":"https:\/\/www.correiobraziliense.com.br\/cbradar\/#\/schema\/person\/4053c651a9bfc785afc6f4cbc9032fd3","name":"Maura Pereira","image":{"@type":"ImageObject","inLanguage":"pt-BR","@id":"https:\/\/www.correiobraziliense.com.br\/cbradar\/#\/schema\/person\/image\/","url":"https:\/\/secure.gravatar.com\/avatar\/3effd6bdadfa447f15089c7f7144eaa6?s=96&d=mm&r=g","contentUrl":"https:\/\/secure.gravatar.com\/avatar\/3effd6bdadfa447f15089c7f7144eaa6?s=96&d=mm&r=g","caption":"Maura Pereira"},"sameAs":["https:\/\/www.correiobraziliense.com.br\/"],"url":"https:\/\/www.correiobraziliense.com.br\/cbradar\/author\/mauramyth\/"}]}},"_links":{"self":[{"href":"https:\/\/www.correiobraziliense.com.br\/cbradar\/wp-json\/wp\/v2\/posts\/205791","targetHints":{"allow":["GET"]}}],"collection":[{"href":"https:\/\/www.correiobraziliense.com.br\/cbradar\/wp-json\/wp\/v2\/posts"}],"about":[{"href":"https:\/\/www.correiobraziliense.com.br\/cbradar\/wp-json\/wp\/v2\/types\/post"}],"author":[{"embeddable":true,"href":"https:\/\/www.correiobraziliense.com.br\/cbradar\/wp-json\/wp\/v2\/users\/8"}],"replies":[{"embeddable":true,"href":"https:\/\/www.correiobraziliense.com.br\/cbradar\/wp-json\/wp\/v2\/comments?post=205791"}],"version-history":[{"count":10,"href":"https:\/\/www.correiobraziliense.com.br\/cbradar\/wp-json\/wp\/v2\/posts\/205791\/revisions"}],"predecessor-version":[{"id":206008,"href":"https:\/\/www.correiobraziliense.com.br\/cbradar\/wp-json\/wp\/v2\/posts\/205791\/revisions\/206008"}],"wp:featuredmedia":[{"embeddable":true,"href":"https:\/\/www.correiobraziliense.com.br\/cbradar\/wp-json\/wp\/v2\/media\/197580"}],"wp:attachment":[{"href":"https:\/\/www.correiobraziliense.com.br\/cbradar\/wp-json\/wp\/v2\/media?parent=205791"}],"wp:term":[{"taxonomy":"category","embeddable":true,"href":"https:\/\/www.correiobraziliense.com.br\/cbradar\/wp-json\/wp\/v2\/categories?post=205791"},{"taxonomy":"post_tag","embeddable":true,"href":"https:\/\/www.correiobraziliense.com.br\/cbradar\/wp-json\/wp\/v2\/post_tag?post=205791"}],"curies":[{"name":"wp","href":"https:\/\/api.w.org\/{rel}","templated":true}]}}