{"id":20587,"date":"2025-04-08T20:30:00","date_gmt":"2025-04-08T23:30:00","guid":{"rendered":"https:\/\/www.correiobraziliense.com.br\/cbradar\/?p=20587"},"modified":"2025-04-07T17:20:10","modified_gmt":"2025-04-07T20:20:10","slug":"o-truque-para-plantar-feijao-que-poucos-brasileiros-sabem","status":"publish","type":"post","link":"https:\/\/www.correiobraziliense.com.br\/cbradar\/o-truque-para-plantar-feijao-que-poucos-brasileiros-sabem\/","title":{"rendered":"O truque para plantar feij\u00e3o que poucos brasileiros sabem"},"content":{"rendered":"\n<p>O feij\u00e3o \u00e9 um dos alimentos mais consumidos no Brasil, presente em refei\u00e7\u00f5es di\u00e1rias em todo o pa\u00eds. Este gr\u00e3o n\u00e3o \u00e9 apenas uma rica fonte de prote\u00ednas e nutrientes, mas tamb\u00e9m um dos alimentos mais vers\u00e1teis e adapt\u00e1veis ao cultivo dom\u00e9stico. Com uma hist\u00f3ria que remonta a milhares de anos, o feij\u00e3o tem suas origens na Am\u00e9rica Latina, onde era cultivado por povos ind\u00edgenas como um dos principais componentes de sua alimenta\u00e7\u00e3o.<\/p>\n\n\n\n<p>Atualmente, o feij\u00e3o continua a ser uma das principais fontes de prote\u00edna vegetal no mundo, com in\u00fameras variedades que se adaptam a diferentes climas e regi\u00f5es. Sua popularidade no Brasil se deve n\u00e3o apenas ao seu valor nutricional, mas tamb\u00e9m \u00e0 sua capacidade de ser cultivado em pequenas hortas ou at\u00e9 mesmo em vasos, tornando-o acess\u00edvel a muitos.<\/p>\n\n\n\n<h2 class=\"wp-block-heading\">Como iniciar o cultivo de feij\u00e3o em casa?<\/h2>\n\n\n\n<p>Para aqueles interessados em cultivar feij\u00e3o em casa, o processo \u00e9 relativamente simples e recompensador. O primeiro passo \u00e9 selecionar um local adequado que receba bastante luz solar, pois o feij\u00e3o precisa de pelo menos seis horas de sol direto diariamente. O clima ideal para o cultivo do feij\u00e3o varia entre 18\u00b0C e 30\u00b0C, condi\u00e7\u00f5es comuns em muitas regi\u00f5es do Brasil.<\/p>\n\n\n\n<p>O solo deve ser preparado para ser leve e bem drenado. Uma boa pr\u00e1tica \u00e9 misturar terra vegetal com adubo org\u00e2nico e um pouco de areia para garantir a drenagem adequada e fornecer os nutrientes necess\u00e1rios. As sementes devem ser plantadas a uma profundidade de cerca de 3 cm, com um espa\u00e7amento de 10 cm entre elas. Caso opte por fileiras, \u00e9 importante manter uma dist\u00e2ncia de 40 cm entre cada linha.<\/p>\n\n\n\n<figure class=\"wp-block-image size-large\"><img decoding=\"async\" width=\"1024\" height=\"576\" src=\"https:\/\/www.correiobraziliense.com.br\/cbradar\/wp-content\/uploads\/2025\/04\/feijao_1744054634104-1024x576.jpg\" alt=\"O truque para plantar feij\u00e3o que poucos brasileiros sabem\" class=\"wp-image-20589\" srcset=\"https:\/\/www.correiobraziliense.com.br\/cbradar\/wp-content\/uploads\/2025\/04\/feijao_1744054634104-1024x576.jpg 1024w, https:\/\/www.correiobraziliense.com.br\/cbradar\/wp-content\/uploads\/2025\/04\/feijao_1744054634104-300x169.jpg 300w, https:\/\/www.correiobraziliense.com.br\/cbradar\/wp-content\/uploads\/2025\/04\/feijao_1744054634104-768x432.jpg 768w, https:\/\/www.correiobraziliense.com.br\/cbradar\/wp-content\/uploads\/2025\/04\/feijao_1744054634104-750x422.jpg 750w, https:\/\/www.correiobraziliense.com.br\/cbradar\/wp-content\/uploads\/2025\/04\/feijao_1744054634104-1140x641.jpg 1140w, https:\/\/www.correiobraziliense.com.br\/cbradar\/wp-content\/uploads\/2025\/04\/feijao_1744054634104.jpg 1280w\" sizes=\"(max-width: 1024px) 100vw, 1024px\" \/><figcaption class=\"wp-element-caption\">Feij\u00e3o. Cr\u00e9ditos: depositphotos.com \/ VadimVasenin<\/figcaption><\/figure>\n\n\n\n<h2 class=\"wp-block-heading\">Cuidados essenciais durante o crescimento do feij\u00e3o<\/h2>\n\n\n\n<p>Ap\u00f3s o plantio, \u00e9 crucial manter o solo \u00famido, mas sem excesso de \u00e1gua, para evitar o apodrecimento das ra\u00edzes. Recomenda-se regar as plantas de duas a tr\u00eas vezes por semana. Al\u00e9m disso, a aduba\u00e7\u00e3o regular, a cada 20 dias, com fertilizantes naturais, pode ajudar no desenvolvimento saud\u00e1vel das plantas.<\/p>\n\n\n\n<p>Para proteger as plantas de pragas comuns, como pulg\u00f5es e lagartas, o uso de \u00f3leo de neem \u00e9 uma alternativa eficaz. No caso de variedades trepadeiras, \u00e9 necess\u00e1rio fornecer suportes ou treli\u00e7as para que as plantas possam crescer adequadamente. Tamb\u00e9m \u00e9 importante rotacionar o cultivo para evitar o esgotamento do solo.<\/p>\n\n\n\n<h2 class=\"wp-block-heading\">Quando e como realizar a colheita do feij\u00e3o?<\/h2>\n\n\n\n<p>A colheita do feij\u00e3o geralmente ocorre entre 60 a 90 dias ap\u00f3s o plantio, quando as vagens est\u00e3o secas e firmes. \u00c9 essencial monitorar o estado das vagens para colher no momento certo, garantindo a qualidade dos gr\u00e3os. Ap\u00f3s a colheita, os gr\u00e3os podem ser armazenados em potes herm\u00e9ticos por at\u00e9 um ano, enquanto o feij\u00e3o cozido pode ser refrigerado por at\u00e9 cinco dias ou congelado por at\u00e9 tr\u00eas meses.<\/p>\n\n\n\n<h2 class=\"wp-block-heading\">O papel do feij\u00e3o na culin\u00e1ria brasileira<\/h2>\n\n\n\n<p>Na culin\u00e1ria brasileira, o feij\u00e3o \u00e9 um ingrediente extremamente vers\u00e1til. Ele pode ser preparado de diversas maneiras, desde o tradicional feij\u00e3o cozido at\u00e9 saladas, sopas e o famoso feij\u00e3o tropeiro. Cada prato real\u00e7a o sabor e os benef\u00edcios nutricionais do feij\u00e3o, tornando-o um componente essencial na alimenta\u00e7\u00e3o di\u00e1ria dos brasileiros.<\/p>\n\n\n\n<p>Com a facilidade de cultivo e os in\u00fameros benef\u00edcios que oferece, plantar feij\u00e3o em casa \u00e9 uma excelente maneira de garantir um alimento nutritivo e saboroso sempre \u00e0 disposi\u00e7\u00e3o. Com um pouco de dedica\u00e7\u00e3o e cuidado, \u00e9 poss\u00edvel desfrutar de uma colheita abundante e saud\u00e1vel.<\/p>\n","protected":false},"excerpt":{"rendered":"<p>O feij\u00e3o, um alimento vers\u00e1til e nutritivo, \u00e9 essencial na cultura e culin\u00e1ria brasileiras. Saiba como cultiv\u00e1-lo em casa.<\/p>\n","protected":false},"author":3,"featured_media":20588,"comment_status":"open","ping_status":"open","sticky":false,"template":"","format":"standard","meta":{"_yoast_wpseo_focuskw":"plantar feij\u00e3o","_yoast_wpseo_title":"%%title%%","_yoast_wpseo_metadesc":"O feij\u00e3o, um alimento vers\u00e1til e nutritivo, \u00e9 essencial na cultura e culin\u00e1ria brasileiras. Saiba como cultiv\u00e1-lo em casa.","jnews-multi-image_gallery":[],"jnews_single_post":{"format":"standard"},"jnews_primary_category":[],"jnews_social_meta":[],"jnews_override_counter":[],"footnotes":""},"categories":[136],"post_tag":[137,2987],"class_list":["post-20587","post","type-post","status-publish","format-standard","has-post-thumbnail","hentry","category-jardinagem","tag-como-plantar","tag-feijao"],"yoast_head":"<!-- This site is optimized with the Yoast SEO plugin v24.6 - https:\/\/yoast.com\/wordpress\/plugins\/seo\/ -->\n<title>O truque para plantar feij\u00e3o que poucos brasileiros sabem<\/title>\n<meta name=\"description\" content=\"O feij\u00e3o, um alimento vers\u00e1til e nutritivo, \u00e9 essencial na cultura e culin\u00e1ria brasileiras. Saiba como cultiv\u00e1-lo em casa.\" \/>\n<meta name=\"robots\" content=\"index, follow, max-snippet:-1, max-image-preview:large, max-video-preview:-1\" \/>\n<link rel=\"canonical\" href=\"https:\/\/www.correiobraziliense.com.br\/cbradar\/o-truque-para-plantar-feijao-que-poucos-brasileiros-sabem\/\" \/>\n<meta property=\"og:locale\" content=\"pt_BR\" \/>\n<meta property=\"og:type\" content=\"article\" \/>\n<meta property=\"og:title\" content=\"O truque para plantar feij\u00e3o que poucos brasileiros sabem\" \/>\n<meta property=\"og:description\" content=\"O feij\u00e3o, um alimento vers\u00e1til e nutritivo, \u00e9 essencial na cultura e culin\u00e1ria brasileiras. Saiba como cultiv\u00e1-lo em casa.\" \/>\n<meta property=\"og:url\" content=\"https:\/\/www.correiobraziliense.com.br\/cbradar\/o-truque-para-plantar-feijao-que-poucos-brasileiros-sabem\/\" \/>\n<meta property=\"og:site_name\" content=\"Correio Braziliense - Radar\" \/>\n<meta property=\"article:published_time\" content=\"2025-04-08T23:30:00+00:00\" \/>\n<meta property=\"og:image\" content=\"https:\/\/www.correiobraziliense.com.br\/cbradar\/wp-content\/uploads\/2025\/04\/feijao_1744054608756.jpg\" \/>\n\t<meta property=\"og:image:width\" content=\"1280\" \/>\n\t<meta property=\"og:image:height\" content=\"720\" \/>\n\t<meta property=\"og:image:type\" content=\"image\/jpeg\" \/>\n<meta name=\"author\" content=\"Larissa Carvalho\" \/>\n<meta name=\"twitter:card\" content=\"summary_large_image\" \/>\n<meta name=\"twitter:label1\" content=\"Escrito por\" \/>\n\t<meta name=\"twitter:data1\" content=\"Larissa Carvalho\" \/>\n\t<meta name=\"twitter:label2\" content=\"Est. tempo de leitura\" \/>\n\t<meta name=\"twitter:data2\" content=\"4 minutos\" \/>\n<!-- \/ Yoast SEO plugin. -->","yoast_head_json":{"title":"O truque para plantar feij\u00e3o que poucos brasileiros sabem","description":"O feij\u00e3o, um alimento vers\u00e1til e nutritivo, \u00e9 essencial na cultura e culin\u00e1ria brasileiras. Saiba como cultiv\u00e1-lo em casa.","robots":{"index":"index","follow":"follow","max-snippet":"max-snippet:-1","max-image-preview":"max-image-preview:large","max-video-preview":"max-video-preview:-1"},"canonical":"https:\/\/www.correiobraziliense.com.br\/cbradar\/o-truque-para-plantar-feijao-que-poucos-brasileiros-sabem\/","og_locale":"pt_BR","og_type":"article","og_title":"O truque para plantar feij\u00e3o que poucos brasileiros sabem","og_description":"O feij\u00e3o, um alimento vers\u00e1til e nutritivo, \u00e9 essencial na cultura e culin\u00e1ria brasileiras. Saiba como cultiv\u00e1-lo em casa.","og_url":"https:\/\/www.correiobraziliense.com.br\/cbradar\/o-truque-para-plantar-feijao-que-poucos-brasileiros-sabem\/","og_site_name":"Correio Braziliense - Radar","article_published_time":"2025-04-08T23:30:00+00:00","og_image":[{"width":1280,"height":720,"url":"https:\/\/www.correiobraziliense.com.br\/cbradar\/wp-content\/uploads\/2025\/04\/feijao_1744054608756.jpg","type":"image\/jpeg"}],"author":"Larissa Carvalho","twitter_card":"summary_large_image","twitter_misc":{"Escrito por":"Larissa Carvalho","Est. tempo de leitura":"4 minutos"},"schema":{"@context":"https:\/\/schema.org","@graph":[{"@type":"WebPage","@id":"https:\/\/www.correiobraziliense.com.br\/cbradar\/o-truque-para-plantar-feijao-que-poucos-brasileiros-sabem\/","url":"https:\/\/www.correiobraziliense.com.br\/cbradar\/o-truque-para-plantar-feijao-que-poucos-brasileiros-sabem\/","name":"O truque para plantar feij\u00e3o que poucos brasileiros sabem","isPartOf":{"@id":"https:\/\/www.correiobraziliense.com.br\/cbradar\/#website"},"primaryImageOfPage":{"@id":"https:\/\/www.correiobraziliense.com.br\/cbradar\/o-truque-para-plantar-feijao-que-poucos-brasileiros-sabem\/#primaryimage"},"image":{"@id":"https:\/\/www.correiobraziliense.com.br\/cbradar\/o-truque-para-plantar-feijao-que-poucos-brasileiros-sabem\/#primaryimage"},"thumbnailUrl":"https:\/\/www.correiobraziliense.com.br\/cbradar\/wp-content\/uploads\/2025\/04\/feijao_1744054608756.jpg","datePublished":"2025-04-08T23:30:00+00:00","author":{"@id":"https:\/\/www.correiobraziliense.com.br\/cbradar\/#\/schema\/person\/58422787644df994b53a19d3e56c1513"},"description":"O feij\u00e3o, um alimento vers\u00e1til e nutritivo, \u00e9 essencial na cultura e culin\u00e1ria brasileiras. Saiba como cultiv\u00e1-lo em casa.","breadcrumb":{"@id":"https:\/\/www.correiobraziliense.com.br\/cbradar\/o-truque-para-plantar-feijao-que-poucos-brasileiros-sabem\/#breadcrumb"},"inLanguage":"pt-BR","potentialAction":[{"@type":"ReadAction","target":["https:\/\/www.correiobraziliense.com.br\/cbradar\/o-truque-para-plantar-feijao-que-poucos-brasileiros-sabem\/"]}]},{"@type":"ImageObject","inLanguage":"pt-BR","@id":"https:\/\/www.correiobraziliense.com.br\/cbradar\/o-truque-para-plantar-feijao-que-poucos-brasileiros-sabem\/#primaryimage","url":"https:\/\/www.correiobraziliense.com.br\/cbradar\/wp-content\/uploads\/2025\/04\/feijao_1744054608756.jpg","contentUrl":"https:\/\/www.correiobraziliense.com.br\/cbradar\/wp-content\/uploads\/2025\/04\/feijao_1744054608756.jpg","width":1280,"height":720,"caption":"feij\u00e3o. Cr\u00e9ditos: depositphotos.com \/ VadimVasenin"},{"@type":"BreadcrumbList","@id":"https:\/\/www.correiobraziliense.com.br\/cbradar\/o-truque-para-plantar-feijao-que-poucos-brasileiros-sabem\/#breadcrumb","itemListElement":[{"@type":"ListItem","position":1,"name":"In\u00edcio","item":"https:\/\/www.correiobraziliense.com.br\/cbradar\/"},{"@type":"ListItem","position":2,"name":"O truque para plantar feij\u00e3o que poucos brasileiros sabem"}]},{"@type":"WebSite","@id":"https:\/\/www.correiobraziliense.com.br\/cbradar\/#website","url":"https:\/\/www.correiobraziliense.com.br\/cbradar\/","name":"Correio Braziliense - Radar","description":"Acompanhe as \u00faltimas not\u00edcias e fique bem informado sobre tudo o que acontece no Brasil e no mundo.","potentialAction":[{"@type":"SearchAction","target":{"@type":"EntryPoint","urlTemplate":"https:\/\/www.correiobraziliense.com.br\/cbradar\/?s={search_term_string}"},"query-input":{"@type":"PropertyValueSpecification","valueRequired":true,"valueName":"search_term_string"}}],"inLanguage":"pt-BR"},{"@type":"Person","@id":"https:\/\/www.correiobraziliense.com.br\/cbradar\/#\/schema\/person\/58422787644df994b53a19d3e56c1513","name":"Larissa Carvalho","image":{"@type":"ImageObject","inLanguage":"pt-BR","@id":"https:\/\/www.correiobraziliense.com.br\/cbradar\/#\/schema\/person\/image\/","url":"https:\/\/secure.gravatar.com\/avatar\/fe4f91a0de32b52a838d0d612abdc1aa?s=96&d=mm&r=g","contentUrl":"https:\/\/secure.gravatar.com\/avatar\/fe4f91a0de32b52a838d0d612abdc1aa?s=96&d=mm&r=g","caption":"Larissa Carvalho"},"url":"https:\/\/www.correiobraziliense.com.br\/cbradar\/author\/larissamyth\/"}]}},"_links":{"self":[{"href":"https:\/\/www.correiobraziliense.com.br\/cbradar\/wp-json\/wp\/v2\/posts\/20587","targetHints":{"allow":["GET"]}}],"collection":[{"href":"https:\/\/www.correiobraziliense.com.br\/cbradar\/wp-json\/wp\/v2\/posts"}],"about":[{"href":"https:\/\/www.correiobraziliense.com.br\/cbradar\/wp-json\/wp\/v2\/types\/post"}],"author":[{"embeddable":true,"href":"https:\/\/www.correiobraziliense.com.br\/cbradar\/wp-json\/wp\/v2\/users\/3"}],"replies":[{"embeddable":true,"href":"https:\/\/www.correiobraziliense.com.br\/cbradar\/wp-json\/wp\/v2\/comments?post=20587"}],"version-history":[{"count":1,"href":"https:\/\/www.correiobraziliense.com.br\/cbradar\/wp-json\/wp\/v2\/posts\/20587\/revisions"}],"predecessor-version":[{"id":20590,"href":"https:\/\/www.correiobraziliense.com.br\/cbradar\/wp-json\/wp\/v2\/posts\/20587\/revisions\/20590"}],"wp:featuredmedia":[{"embeddable":true,"href":"https:\/\/www.correiobraziliense.com.br\/cbradar\/wp-json\/wp\/v2\/media\/20588"}],"wp:attachment":[{"href":"https:\/\/www.correiobraziliense.com.br\/cbradar\/wp-json\/wp\/v2\/media?parent=20587"}],"wp:term":[{"taxonomy":"category","embeddable":true,"href":"https:\/\/www.correiobraziliense.com.br\/cbradar\/wp-json\/wp\/v2\/categories?post=20587"},{"taxonomy":"post_tag","embeddable":true,"href":"https:\/\/www.correiobraziliense.com.br\/cbradar\/wp-json\/wp\/v2\/post_tag?post=20587"}],"curies":[{"name":"wp","href":"https:\/\/api.w.org\/{rel}","templated":true}]}}