{"id":205892,"date":"2026-03-16T09:55:00","date_gmt":"2026-03-16T12:55:00","guid":{"rendered":"https:\/\/www.correiobraziliense.com.br\/cbradar\/?p=205892"},"modified":"2026-03-09T23:31:14","modified_gmt":"2026-03-10T02:31:14","slug":"o-alimento-natural-mais-completo-para-fortalecer-o-intestino-e-reduzir-riscos-de-cancer","status":"publish","type":"post","link":"https:\/\/www.correiobraziliense.com.br\/cbradar\/o-alimento-natural-mais-completo-para-fortalecer-o-intestino-e-reduzir-riscos-de-cancer\/","title":{"rendered":"O alimento natural mais completo para fortalecer o intestino e reduzir riscos de c\u00e2ncer"},"content":{"rendered":"\n<p>O <strong>alho\u2011por\u00f3<\/strong> \u00e9 considerado um dos alimentos naturais mais completos para fortalecer o intestino e contribuir na redu\u00e7\u00e3o de riscos de c\u00e2ncer. Rico em fibras, vitaminas e compostos bioativos, auxilia na manuten\u00e7\u00e3o da flora intestinal e na prote\u00e7\u00e3o das c\u00e9lulas contra danos oxidativos. Seu consumo regular pode ser incorporado a diversas prepara\u00e7\u00f5es culin\u00e1rias, mantendo sabor e benef\u00edcios nutricionais de forma pr\u00e1tica e segura.<\/p>\n\n\n\n<h2 class=\"wp-block-heading\">Por que o alho\u2011por\u00f3 fortalece o intestino?<\/h2>\n\n\n\n<p>O alho\u2011por\u00f3 cont\u00e9m <strong>fibra sol\u00favel e insol\u00favel<\/strong>, que ajuda a regular o tr\u00e2nsito intestinal, promovendo evacua\u00e7\u00f5es mais eficientes. Esses componentes tamb\u00e9m alimentam as bact\u00e9rias ben\u00e9ficas no <a href=\"https:\/\/www.correiobraziliense.com.br\/cbradar\/a-folha-verde-que-muita-gente-ignora-na-feira-pode-ajudar-o-intestino-e-ainda-e-facil-de-plantar-em-casa\/\" target=\"_blank\" rel=\"noreferrer noopener\">intestino<\/a>, equilibrando a microbiota e melhorando a digest\u00e3o.<\/p>\n\n\n\n<p>Al\u00e9m disso, compostos sulfurados presentes no alho\u2011por\u00f3 exercem efeito prebi\u00f3tico e anti-inflamat\u00f3rio, auxiliando na prote\u00e7\u00e3o da mucosa intestinal e prevenindo o surgimento de les\u00f5es que podem evoluir para doen\u00e7as mais graves.<\/p>\n\n\n\n<figure class=\"wp-block-image size-large\"><img decoding=\"async\" width=\"1278\" height=\"720\" src=\"https:\/\/www.correiobraziliense.com.br\/cbradar\/wp-content\/uploads\/2026\/03\/crop-of-home-grown-leeks-1-1278x720.jpg\" alt=\"O alimento natural mais completo para fortalecer o intestino e reduzir riscos de c\u00e2ncer\" class=\"wp-image-205894\" srcset=\"https:\/\/www.correiobraziliense.com.br\/cbradar\/wp-content\/uploads\/2026\/03\/crop-of-home-grown-leeks-1-1278x720.jpg 1278w, https:\/\/www.correiobraziliense.com.br\/cbradar\/wp-content\/uploads\/2026\/03\/crop-of-home-grown-leeks-1-300x169.jpg 300w, https:\/\/www.correiobraziliense.com.br\/cbradar\/wp-content\/uploads\/2026\/03\/crop-of-home-grown-leeks-1-768x433.jpg 768w, https:\/\/www.correiobraziliense.com.br\/cbradar\/wp-content\/uploads\/2026\/03\/crop-of-home-grown-leeks-1-750x422.jpg 750w, https:\/\/www.correiobraziliense.com.br\/cbradar\/wp-content\/uploads\/2026\/03\/crop-of-home-grown-leeks-1-1140x642.jpg 1140w, https:\/\/www.correiobraziliense.com.br\/cbradar\/wp-content\/uploads\/2026\/03\/crop-of-home-grown-leeks-1.jpg 1280w\" sizes=\"(max-width: 1278px) 100vw, 1278px\" \/><figcaption class=\"wp-element-caption\">Alho\u2011por\u00f3 fortalece o intestino e protege contra o c\u00e2ncer &#8211; Fonte: publicdomainpictures<\/figcaption><\/figure>\n\n\n\n<h2 class=\"wp-block-heading\">Quais nutrientes ajudam na preven\u00e7\u00e3o do c\u00e2ncer?<\/h2>\n\n\n\n<p>Entre os nutrientes do alho\u2011por\u00f3, destacam-se vitaminas, minerais e antioxidantes que atuam diretamente na prote\u00e7\u00e3o celular. Esses elementos podem reduzir os efeitos de radicais livres e fortalecer mecanismos naturais de defesa do organismo.<\/p>\n\n\n\n<p>Para facilitar a inclus\u00e3o no card\u00e1pio di\u00e1rio, veja alguns nutrientes essenciais do alho\u2011por\u00f3:<\/p>\n\n\n\n<ul class=\"wp-block-list\">\n<li><strong>Fibras<\/strong> que melhoram a digest\u00e3o e a sa\u00fade intestinal.<\/li>\n\n\n\n<li><strong>Vitamina C<\/strong> que protege contra danos oxidativos.<\/li>\n\n\n\n<li><strong>Compostos sulfurados<\/strong> que possuem a\u00e7\u00e3o antioxidante e anti-inflamat\u00f3ria.<\/li>\n\n\n\n<li><strong>Flavonoides<\/strong> que modulam o crescimento celular.<\/li>\n\n\n\n<li><strong>Ferro e pot\u00e1ssio<\/strong> que participam de processos metab\u00f3licos vitais.<\/li>\n<\/ul>\n\n\n\n<h2 class=\"wp-block-heading\">Como preparar o alho\u2011por\u00f3 sem perder nutrientes?<\/h2>\n\n\n\n<p>O modo de preparo influencia diretamente na preserva\u00e7\u00e3o dos nutrientes do alho\u2011por\u00f3. Cozinhar no vapor ou refogar levemente mant\u00e9m fibras e compostos bioativos, garantindo que os benef\u00edcios digestivos e antioxidantes sejam aproveitados ao m\u00e1ximo.<\/p>\n\n\n\n<p>Evitar cozimentos prolongados em \u00e1gua reduz a perda de vitaminas hidrossol\u00faveis, principalmente vitamina C, e mant\u00e9m o sabor caracter\u00edstico da planta, permitindo que seja utilizada em sopas, saladas e refogados sem comprometer suas propriedades nutricionais.<\/p>\n\n\n\n<p><br>Se voc\u00ea quer aprender a aproveitar melhor o alho-por\u00f3 na cozinha, este v\u00eddeo do canal <strong><a href=\"https:\/\/www.youtube.com\/@ChefIracemaBertoco\" target=\"_blank\" rel=\"noreferrer noopener\">Chef Iracema Bertoco<\/a><\/strong>, com 75,1 mil subscritores, foi escolhido especialmente para voc\u00ea. Ele mostra dicas e receitas que a maioria das pessoas n\u00e3o conhece, tornando esse ingrediente vers\u00e1til e saboroso.<\/p>\n\n\n\n<figure class=\"wp-block-embed is-type-video is-provider-youtube wp-block-embed-youtube wp-embed-aspect-16-9 wp-has-aspect-ratio\"><div class=\"wp-block-embed__wrapper\">\n<div class=\"jeg_video_container jeg_video_content\"><iframe loading=\"lazy\" title=\"O que fazer com o alho-por\u00f3! A  maioria das pessoas n\u00e3o sabem como usar\" width=\"500\" height=\"281\" src=\"https:\/\/www.youtube.com\/embed\/xyDpG44vK4I?feature=oembed\" frameborder=\"0\" allow=\"accelerometer; autoplay; clipboard-write; encrypted-media; gyroscope; picture-in-picture; web-share\" referrerpolicy=\"strict-origin-when-cross-origin\" allowfullscreen><\/iframe><\/div>\n<\/div><\/figure>\n\n\n\n<h2 class=\"wp-block-heading\">Quem pode se beneficiar do consumo regular?<\/h2>\n\n\n\n<p>O consumo regular de alho\u2011por\u00f3 \u00e9 indicado para pessoas de diferentes faixas et\u00e1rias que buscam sa\u00fade intestinal e preven\u00e7\u00e3o de doen\u00e7as. A inclus\u00e3o di\u00e1ria em pequenas quantidades promove efeitos positivos em microbiota, digest\u00e3o e equil\u00edbrio antioxidante do organismo.<\/p>\n\n\n\n<p>No entanto, indiv\u00edduos com dist\u00farbios gastrointestinais graves ou sensibilidade a alimentos ricos em fibra devem introduzir o alimento gradualmente, observando toler\u00e2ncia digestiva, para evitar desconfortos e manter os efeitos preventivos de forma segura.<\/p>\n\n\n\n<h2 class=\"wp-block-heading\">Quais cuidados ter na escolha e armazenamento?<\/h2>\n\n\n\n<p>Para garantir qualidade e frescor, escolha talos firmes, folhas verdes e sem manchas. O armazenamento em ambiente fresco e ventilado preserva os nutrientes por mais tempo, enquanto a refrigera\u00e7\u00e3o prolonga a durabilidade da planta sem comprometer a textura.<\/p>\n\n\n\n<p>Evitar excesso de umidade durante o armazenamento previne o surgimento de fungos e mofo, mantendo o alho\u2011por\u00f3 seguro para consumo. Prepara\u00e7\u00f5es congeladas tamb\u00e9m conservam propriedades antioxidantes, permitindo que o alimento seja aproveitado de forma pr\u00e1tica ao longo da semana.<\/p>\n","protected":false},"excerpt":{"rendered":"<p>Alho\u2011por\u00f3 fortalece intestino, regula digest\u00e3o e protege c\u00e9lulas contra danos oxidativos. Saiba como incluir no dia a dia<\/p>\n","protected":false},"author":23,"featured_media":205893,"comment_status":"open","ping_status":"open","sticky":false,"template":"","format":"standard","meta":{"_yoast_wpseo_focuskw":"Alimento natural","_yoast_wpseo_title":"","_yoast_wpseo_metadesc":"Alho\u2011por\u00f3 fortalece intestino, regula digest\u00e3o e protege c\u00e9lulas contra danos oxidativos. Saiba como incluir no dia a dia","jnews-multi-image_gallery":[],"jnews_single_post":{"format":"standard"},"jnews_primary_category":[],"jnews_social_meta":[],"jnews_override_counter":[],"footnotes":""},"categories":[4404],"tags":[1423,120,565],"class_list":["post-205892","post","type-post","status-publish","format-standard","has-post-thumbnail","hentry","category-saude","tag-alimentos","tag-bem-estar","tag-saude"],"yoast_head":"<!-- This site is optimized with the Yoast SEO plugin v24.6 - https:\/\/yoast.com\/wordpress\/plugins\/seo\/ -->\n<title>O alimento natural mais completo para fortalecer o intestino e reduzir riscos de c\u00e2ncer - Correio Braziliense - Radar<\/title>\n<meta name=\"description\" content=\"Alho\u2011por\u00f3 fortalece intestino, regula digest\u00e3o e protege c\u00e9lulas contra danos oxidativos. Saiba como incluir no dia a dia\" \/>\n<meta name=\"robots\" content=\"index, follow, max-snippet:-1, max-image-preview:large, max-video-preview:-1\" \/>\n<link rel=\"canonical\" href=\"https:\/\/www.correiobraziliense.com.br\/cbradar\/o-alimento-natural-mais-completo-para-fortalecer-o-intestino-e-reduzir-riscos-de-cancer\/\" \/>\n<meta property=\"og:locale\" content=\"pt_BR\" \/>\n<meta property=\"og:type\" content=\"article\" \/>\n<meta property=\"og:title\" content=\"O alimento natural mais completo para fortalecer o intestino e reduzir riscos de c\u00e2ncer - Correio Braziliense - Radar\" \/>\n<meta property=\"og:description\" content=\"Alho\u2011por\u00f3 fortalece intestino, regula digest\u00e3o e protege c\u00e9lulas contra danos oxidativos. Saiba como incluir no dia a dia\" \/>\n<meta property=\"og:url\" content=\"https:\/\/www.correiobraziliense.com.br\/cbradar\/o-alimento-natural-mais-completo-para-fortalecer-o-intestino-e-reduzir-riscos-de-cancer\/\" \/>\n<meta property=\"og:site_name\" content=\"Correio Braziliense - Radar\" \/>\n<meta property=\"article:published_time\" content=\"2026-03-16T12:55:00+00:00\" \/>\n<meta property=\"og:image\" content=\"https:\/\/www.correiobraziliense.com.br\/cbradar\/wp-content\/uploads\/2026\/03\/alimento-natural-mais-completo-para-fortalecer-o-i.png\" \/>\n\t<meta property=\"og:image:width\" content=\"1280\" \/>\n\t<meta property=\"og:image:height\" content=\"720\" \/>\n\t<meta property=\"og:image:type\" content=\"image\/png\" \/>\n<meta name=\"author\" content=\"Nicolas Otto\" \/>\n<meta name=\"twitter:card\" content=\"summary_large_image\" \/>\n<meta name=\"twitter:label1\" content=\"Escrito por\" \/>\n\t<meta name=\"twitter:data1\" content=\"Nicolas Otto\" \/>\n\t<meta name=\"twitter:label2\" content=\"Est. tempo de leitura\" \/>\n\t<meta name=\"twitter:data2\" content=\"4 minutos\" \/>\n<!-- \/ Yoast SEO plugin. -->","yoast_head_json":{"title":"O alimento natural mais completo para fortalecer o intestino e reduzir riscos de c\u00e2ncer - Correio Braziliense - Radar","description":"Alho\u2011por\u00f3 fortalece intestino, regula digest\u00e3o e protege c\u00e9lulas contra danos oxidativos. Saiba como incluir no dia a dia","robots":{"index":"index","follow":"follow","max-snippet":"max-snippet:-1","max-image-preview":"max-image-preview:large","max-video-preview":"max-video-preview:-1"},"canonical":"https:\/\/www.correiobraziliense.com.br\/cbradar\/o-alimento-natural-mais-completo-para-fortalecer-o-intestino-e-reduzir-riscos-de-cancer\/","og_locale":"pt_BR","og_type":"article","og_title":"O alimento natural mais completo para fortalecer o intestino e reduzir riscos de c\u00e2ncer - Correio Braziliense - Radar","og_description":"Alho\u2011por\u00f3 fortalece intestino, regula digest\u00e3o e protege c\u00e9lulas contra danos oxidativos. Saiba como incluir no dia a dia","og_url":"https:\/\/www.correiobraziliense.com.br\/cbradar\/o-alimento-natural-mais-completo-para-fortalecer-o-intestino-e-reduzir-riscos-de-cancer\/","og_site_name":"Correio Braziliense - Radar","article_published_time":"2026-03-16T12:55:00+00:00","og_image":[{"width":1280,"height":720,"url":"https:\/\/www.correiobraziliense.com.br\/cbradar\/wp-content\/uploads\/2026\/03\/alimento-natural-mais-completo-para-fortalecer-o-i.png","type":"image\/png"}],"author":"Nicolas Otto","twitter_card":"summary_large_image","twitter_misc":{"Escrito por":"Nicolas Otto","Est. tempo de leitura":"4 minutos"},"schema":{"@context":"https:\/\/schema.org","@graph":[{"@type":"WebPage","@id":"https:\/\/www.correiobraziliense.com.br\/cbradar\/o-alimento-natural-mais-completo-para-fortalecer-o-intestino-e-reduzir-riscos-de-cancer\/","url":"https:\/\/www.correiobraziliense.com.br\/cbradar\/o-alimento-natural-mais-completo-para-fortalecer-o-intestino-e-reduzir-riscos-de-cancer\/","name":"O alimento natural mais completo para fortalecer o intestino e reduzir riscos de c\u00e2ncer - Correio Braziliense - Radar","isPartOf":{"@id":"https:\/\/www.correiobraziliense.com.br\/cbradar\/#website"},"primaryImageOfPage":{"@id":"https:\/\/www.correiobraziliense.com.br\/cbradar\/o-alimento-natural-mais-completo-para-fortalecer-o-intestino-e-reduzir-riscos-de-cancer\/#primaryimage"},"image":{"@id":"https:\/\/www.correiobraziliense.com.br\/cbradar\/o-alimento-natural-mais-completo-para-fortalecer-o-intestino-e-reduzir-riscos-de-cancer\/#primaryimage"},"thumbnailUrl":"https:\/\/www.correiobraziliense.com.br\/cbradar\/wp-content\/uploads\/2026\/03\/alimento-natural-mais-completo-para-fortalecer-o-i.png","datePublished":"2026-03-16T12:55:00+00:00","author":{"@id":"https:\/\/www.correiobraziliense.com.br\/cbradar\/#\/schema\/person\/3221b250518e74ac52c442d1c1236aaa"},"description":"Alho\u2011por\u00f3 fortalece intestino, regula digest\u00e3o e protege c\u00e9lulas contra danos oxidativos. Saiba como incluir no dia a dia","breadcrumb":{"@id":"https:\/\/www.correiobraziliense.com.br\/cbradar\/o-alimento-natural-mais-completo-para-fortalecer-o-intestino-e-reduzir-riscos-de-cancer\/#breadcrumb"},"inLanguage":"pt-BR","potentialAction":[{"@type":"ReadAction","target":["https:\/\/www.correiobraziliense.com.br\/cbradar\/o-alimento-natural-mais-completo-para-fortalecer-o-intestino-e-reduzir-riscos-de-cancer\/"]}]},{"@type":"ImageObject","inLanguage":"pt-BR","@id":"https:\/\/www.correiobraziliense.com.br\/cbradar\/o-alimento-natural-mais-completo-para-fortalecer-o-intestino-e-reduzir-riscos-de-cancer\/#primaryimage","url":"https:\/\/www.correiobraziliense.com.br\/cbradar\/wp-content\/uploads\/2026\/03\/alimento-natural-mais-completo-para-fortalecer-o-i.png","contentUrl":"https:\/\/www.correiobraziliense.com.br\/cbradar\/wp-content\/uploads\/2026\/03\/alimento-natural-mais-completo-para-fortalecer-o-i.png","width":1280,"height":720,"caption":"Alho\u2011por\u00f3 fortalece o intestino e protege contra o c\u00e2ncer"},{"@type":"BreadcrumbList","@id":"https:\/\/www.correiobraziliense.com.br\/cbradar\/o-alimento-natural-mais-completo-para-fortalecer-o-intestino-e-reduzir-riscos-de-cancer\/#breadcrumb","itemListElement":[{"@type":"ListItem","position":1,"name":"In\u00edcio","item":"https:\/\/www.correiobraziliense.com.br\/cbradar\/"},{"@type":"ListItem","position":2,"name":"O alimento natural mais completo para fortalecer o intestino e reduzir riscos de c\u00e2ncer"}]},{"@type":"WebSite","@id":"https:\/\/www.correiobraziliense.com.br\/cbradar\/#website","url":"https:\/\/www.correiobraziliense.com.br\/cbradar\/","name":"Correio Braziliense - Radar","description":"Acompanhe as \u00faltimas not\u00edcias e fique bem informado sobre tudo o que acontece no Brasil e no mundo.","potentialAction":[{"@type":"SearchAction","target":{"@type":"EntryPoint","urlTemplate":"https:\/\/www.correiobraziliense.com.br\/cbradar\/?s={search_term_string}"},"query-input":{"@type":"PropertyValueSpecification","valueRequired":true,"valueName":"search_term_string"}}],"inLanguage":"pt-BR"},{"@type":"Person","@id":"https:\/\/www.correiobraziliense.com.br\/cbradar\/#\/schema\/person\/3221b250518e74ac52c442d1c1236aaa","name":"Nicolas Otto","image":{"@type":"ImageObject","inLanguage":"pt-BR","@id":"https:\/\/www.correiobraziliense.com.br\/cbradar\/#\/schema\/person\/image\/","url":"https:\/\/secure.gravatar.com\/avatar\/05925f730d72f0ea0df144f236adfb18?s=96&d=mm&r=g","contentUrl":"https:\/\/secure.gravatar.com\/avatar\/05925f730d72f0ea0df144f236adfb18?s=96&d=mm&r=g","caption":"Nicolas Otto"},"sameAs":["https:\/\/www.correiobraziliense.com.br\/cbradar\/"],"url":"https:\/\/www.correiobraziliense.com.br\/cbradar\/author\/nicolas-otto\/"}]}},"_links":{"self":[{"href":"https:\/\/www.correiobraziliense.com.br\/cbradar\/wp-json\/wp\/v2\/posts\/205892","targetHints":{"allow":["GET"]}}],"collection":[{"href":"https:\/\/www.correiobraziliense.com.br\/cbradar\/wp-json\/wp\/v2\/posts"}],"about":[{"href":"https:\/\/www.correiobraziliense.com.br\/cbradar\/wp-json\/wp\/v2\/types\/post"}],"author":[{"embeddable":true,"href":"https:\/\/www.correiobraziliense.com.br\/cbradar\/wp-json\/wp\/v2\/users\/23"}],"replies":[{"embeddable":true,"href":"https:\/\/www.correiobraziliense.com.br\/cbradar\/wp-json\/wp\/v2\/comments?post=205892"}],"version-history":[{"count":2,"href":"https:\/\/www.correiobraziliense.com.br\/cbradar\/wp-json\/wp\/v2\/posts\/205892\/revisions"}],"predecessor-version":[{"id":206017,"href":"https:\/\/www.correiobraziliense.com.br\/cbradar\/wp-json\/wp\/v2\/posts\/205892\/revisions\/206017"}],"wp:featuredmedia":[{"embeddable":true,"href":"https:\/\/www.correiobraziliense.com.br\/cbradar\/wp-json\/wp\/v2\/media\/205893"}],"wp:attachment":[{"href":"https:\/\/www.correiobraziliense.com.br\/cbradar\/wp-json\/wp\/v2\/media?parent=205892"}],"wp:term":[{"taxonomy":"category","embeddable":true,"href":"https:\/\/www.correiobraziliense.com.br\/cbradar\/wp-json\/wp\/v2\/categories?post=205892"},{"taxonomy":"post_tag","embeddable":true,"href":"https:\/\/www.correiobraziliense.com.br\/cbradar\/wp-json\/wp\/v2\/tags?post=205892"}],"curies":[{"name":"wp","href":"https:\/\/api.w.org\/{rel}","templated":true}]}}