{"id":205904,"date":"2026-03-16T11:25:00","date_gmt":"2026-03-16T14:25:00","guid":{"rendered":"https:\/\/www.correiobraziliense.com.br\/cbradar\/?p=205904"},"modified":"2026-03-09T23:30:07","modified_gmt":"2026-03-10T02:30:07","slug":"quantos-copos-de-agua-voce-deve-beber-por-dia-de-acordo-com-o-seu-peso-para-manter-o-corpo-hidratado","status":"publish","type":"post","link":"https:\/\/www.correiobraziliense.com.br\/cbradar\/quantos-copos-de-agua-voce-deve-beber-por-dia-de-acordo-com-o-seu-peso-para-manter-o-corpo-hidratado\/","title":{"rendered":"Quantos copos de \u00e1gua voc\u00ea deve beber por dia, de acordo com o seu peso, para manter o corpo hidratado"},"content":{"rendered":"\n<p>A hidrata\u00e7\u00e3o adequada \u00e9 fundamental para o bom funcionamento do organismo, influenciando energia, concentra\u00e7\u00e3o e metabolismo. O consumo de \u00e1gua varia conforme o peso, idade e n\u00edvel de atividade f\u00edsica, e calcular a quantidade certa ajuda a prevenir desidrata\u00e7\u00e3o, fadiga e problemas renais. Manter-se hidratado \u00e9 uma estrat\u00e9gia simples, mas essencial, para otimizar a sa\u00fade e o bem-estar.<\/p>\n\n\n\n<h2 class=\"wp-block-heading\">Quantos copos de \u00e1gua o corpo realmente precisa?<\/h2>\n\n\n\n<p>O volume de \u00e1gua recomendado depende do peso corporal, j\u00e1 que pessoas mais pesadas necessitam de maior quantidade para manter o equil\u00edbrio h\u00eddrico. Um c\u00e1lculo aproximado \u00e9 beber cerca de 35 a 40 ml de \u00e1gua por quilo de peso, distribu\u00eddos ao longo do dia, para garantir que c\u00e9lulas e \u00f3rg\u00e3os funcionem corretamente.<\/p>\n\n\n\n<p>Al\u00e9m do peso, fatores como clima, exerc\u00edcios f\u00edsicos e <a href=\"https:\/\/www.correiobraziliense.com.br\/cbradar\/a-importancia-de-uma-alimentacao-equilibrada-para-saude-disposicao-e-qualidade-de-vida\/\" target=\"_blank\" rel=\"noreferrer noopener\">alimenta\u00e7\u00e3o <\/a>influenciam a necessidade h\u00eddrica. Ambientes quentes ou secos aumentam a perda de l\u00edquidos, enquanto dietas ricas em fibras ou prote\u00ednas podem exigir consumo maior de \u00e1gua para manter o intestino saud\u00e1vel e os rins funcionando de forma eficiente.<\/p>\n\n\n\n<figure class=\"wp-block-image size-full\"><img decoding=\"async\" width=\"1280\" height=\"720\" src=\"https:\/\/www.correiobraziliense.com.br\/cbradar\/wp-content\/uploads\/2026\/03\/bebendo-agua_1773097025358.jpg\" alt=\"Quantos copos de \u00e1gua voc\u00ea deve beber por dia, de acordo com o seu peso, para manter o corpo hidratado\" class=\"wp-image-205906\" srcset=\"https:\/\/www.correiobraziliense.com.br\/cbradar\/wp-content\/uploads\/2026\/03\/bebendo-agua_1773097025358.jpg 1280w, https:\/\/www.correiobraziliense.com.br\/cbradar\/wp-content\/uploads\/2026\/03\/bebendo-agua_1773097025358-300x169.jpg 300w, https:\/\/www.correiobraziliense.com.br\/cbradar\/wp-content\/uploads\/2026\/03\/bebendo-agua_1773097025358-768x432.jpg 768w, https:\/\/www.correiobraziliense.com.br\/cbradar\/wp-content\/uploads\/2026\/03\/bebendo-agua_1773097025358-750x422.jpg 750w, https:\/\/www.correiobraziliense.com.br\/cbradar\/wp-content\/uploads\/2026\/03\/bebendo-agua_1773097025358-1140x641.jpg 1140w\" sizes=\"(max-width: 1280px) 100vw, 1280px\" \/><figcaption class=\"wp-element-caption\">O m\u00e9todo simples que garante hidrata\u00e7\u00e3o e bem-estar di\u00e1rio &#8211; Cr\u00e9ditos: depositphotos.com \/ VitalikRadko<\/figcaption><\/figure>\n\n\n\n<h2 class=\"wp-block-heading\">Como calcular a ingest\u00e3o di\u00e1ria ideal?<\/h2>\n\n\n\n<p>O c\u00e1lculo da quantidade di\u00e1ria de \u00e1gua pode ser feito de forma simples usando o peso corporal como refer\u00eancia. Multiplicando o peso em quilos por 35 ml, obt\u00e9m-se um valor aproximado de consumo recomendado para manter o corpo hidratado e apoiar processos metab\u00f3licos.<\/p>\n\n\n\n<p>Para facilitar, a ingest\u00e3o pode ser organizada em hor\u00e1rios ao longo do dia, evitando sobrecarga no sistema urin\u00e1rio e promovendo absor\u00e7\u00e3o gradual. Essa pr\u00e1tica tamb\u00e9m ajuda a manter n\u00edveis constantes de energia, melhorar a concentra\u00e7\u00e3o e reduzir sensa\u00e7\u00e3o de cansa\u00e7o:<\/p>\n\n\n\n<ul class=\"wp-block-list\">\n<li>Pessoas com 50 kg devem consumir aproximadamente 1,75 litro de \u00e1gua por dia<\/li>\n\n\n\n<li>Pessoas com 60 kg devem consumir cerca de 2,1 litros di\u00e1rios<\/li>\n\n\n\n<li>Pessoas com 70 kg necessitam de aproximadamente 2,45 litros<\/li>\n\n\n\n<li>Pessoas com 80 kg devem consumir 2,8 litros<\/li>\n\n\n\n<li>Pessoas com 90 kg precisam de cerca de 3,15 litros<\/li>\n<\/ul>\n\n\n\n<h2 class=\"wp-block-heading\">Quais sinais indicam que voc\u00ea est\u00e1 desidratado?<\/h2>\n\n\n\n<p>A desidrata\u00e7\u00e3o pode se manifestar de forma gradual e nem sempre \u00e9 percebida de imediato. Sintomas comuns incluem boca seca, fadiga, dor de cabe\u00e7a, urina escura e sensa\u00e7\u00e3o de cansa\u00e7o constante. Reconhecer esses sinais \u00e9 fundamental para ajustar a ingest\u00e3o de \u00e1gua e evitar complica\u00e7\u00f5es mais s\u00e9rias, como problemas renais e desequil\u00edbrios eletrol\u00edticos.<\/p>\n\n\n\n<p>Manter rotina de hidrata\u00e7\u00e3o \u00e9 mais eficiente que consumir grandes volumes de uma vez. Dividir a ingest\u00e3o ao longo do dia mant\u00e9m os n\u00edveis de l\u00edquidos est\u00e1veis e reduz desconfortos digestivos ou sensa\u00e7\u00e3o de estufamento, promovendo equil\u00edbrio entre ingest\u00e3o e elimina\u00e7\u00e3o de \u00e1gua.<\/p>\n\n\n\n<p>Se voc\u00ea quer cuidar melhor da sua sa\u00fade e evitar problemas por falta de \u00e1gua, este v\u00eddeo do canal <strong><a href=\"https:\/\/www.youtube.com\/@viajandopelafisiologia\" target=\"_blank\" rel=\"noreferrer noopener\">Viajando pela Fisiologia by Fabio Ceschini<\/a><\/strong>, com 269 mil subscritores, foi escolhido especialmente para voc\u00ea. Ele apresenta 5 sinais importantes que indicam desidrata\u00e7\u00e3o.<\/p>\n\n\n\n<figure class=\"wp-block-embed is-type-video is-provider-youtube wp-block-embed-youtube wp-embed-aspect-16-9 wp-has-aspect-ratio\"><div class=\"wp-block-embed__wrapper\">\n<div class=\"jeg_video_container jeg_video_content\"><iframe loading=\"lazy\" title=\"5 Sinais de que Voc\u00ea est\u00e1 Desidratado\" width=\"500\" height=\"281\" src=\"https:\/\/www.youtube.com\/embed\/1RN-gRNTTlo?feature=oembed\" frameborder=\"0\" allow=\"accelerometer; autoplay; clipboard-write; encrypted-media; gyroscope; picture-in-picture; web-share\" referrerpolicy=\"strict-origin-when-cross-origin\" allowfullscreen><\/iframe><\/div>\n<\/div><\/figure>\n\n\n\n<h2 class=\"wp-block-heading\">Quais estrat\u00e9gias ajudam a aumentar o consumo?<\/h2>\n\n\n\n<p>Para atingir a meta di\u00e1ria de \u00e1gua, algumas estrat\u00e9gias simples podem ser aplicadas. Carregar uma garrafa reutiliz\u00e1vel, definir lembretes e incluir \u00e1gua em todas as refei\u00e7\u00f5es s\u00e3o m\u00e9todos pr\u00e1ticos que facilitam manter a ingest\u00e3o adequada sem esfor\u00e7o adicional.<\/p>\n\n\n\n<p>Adicionar frutas, ervas ou rodelas de lim\u00e3o tamb\u00e9m pode tornar o consumo mais agrad\u00e1vel, incentivando ingest\u00e3o regular. Essas pequenas mudan\u00e7as criam h\u00e1bitos duradouros e fortalecem a hidrata\u00e7\u00e3o, auxiliando em digest\u00e3o, metabolismo e fun\u00e7\u00e3o cognitiva de forma consistente.<\/p>\n\n\n\n<h2 class=\"wp-block-heading\">Como ajustar a quantidade de acordo com o estilo de vida?<\/h2>\n\n\n\n<p>Pessoas fisicamente ativas ou que vivem em regi\u00f5es quentes precisam aumentar o consumo di\u00e1rio de \u00e1gua. Exerc\u00edcios intensos elevam a perda de l\u00edquidos por suor, enquanto calor e umidade podem intensificar a necessidade de reposi\u00e7\u00e3o h\u00eddrica.<\/p>\n\n\n\n<p>A hidrata\u00e7\u00e3o deve ser monitorada pelo corpo, observando sinais de sede, cor da urina e sensa\u00e7\u00e3o de cansa\u00e7o. Ajustar a quantidade de \u00e1gua de acordo com atividades e condi\u00e7\u00f5es ambientais garante desempenho f\u00edsico e mental, al\u00e9m de prevenir efeitos negativos da desidrata\u00e7\u00e3o de forma natural.<\/p>\n","protected":false},"excerpt":{"rendered":"<p>Aprenda estrat\u00e9gias para beber \u00e1gua suficiente diariamente, manter energia, concentra\u00e7\u00e3o e sa\u00fade do corpo de forma eficiente<\/p>\n","protected":false},"author":23,"featured_media":205905,"comment_status":"open","ping_status":"open","sticky":false,"template":"","format":"standard","meta":{"_yoast_wpseo_focuskw":"Quantos copos de \u00e1gua","_yoast_wpseo_title":"","_yoast_wpseo_metadesc":"Aprenda estrat\u00e9gias para beber \u00e1gua suficiente diariamente, manter energia, concentra\u00e7\u00e3o e sa\u00fade do corpo de forma eficiente","jnews-multi-image_gallery":[],"jnews_single_post":{"format":"standard"},"jnews_primary_category":[],"jnews_social_meta":[],"jnews_override_counter":[],"footnotes":""},"categories":[112],"tags":[6152,4424,144],"class_list":["post-205904","post","type-post","status-publish","format-standard","has-post-thumbnail","hentry","category-curiosidades","tag-agua-2","tag-beber-agua","tag-curiosidades"],"yoast_head":"<!-- This site is optimized with the Yoast SEO plugin v24.6 - https:\/\/yoast.com\/wordpress\/plugins\/seo\/ -->\n<title>Quantos copos de \u00e1gua voc\u00ea deve beber por dia, de acordo com o seu peso, para manter o corpo hidratado - Correio Braziliense - Radar<\/title>\n<meta name=\"description\" content=\"Aprenda estrat\u00e9gias para beber \u00e1gua suficiente diariamente, manter energia, concentra\u00e7\u00e3o e sa\u00fade do corpo de forma eficiente\" \/>\n<meta name=\"robots\" content=\"index, follow, max-snippet:-1, max-image-preview:large, max-video-preview:-1\" \/>\n<link rel=\"canonical\" href=\"https:\/\/www.correiobraziliense.com.br\/cbradar\/quantos-copos-de-agua-voce-deve-beber-por-dia-de-acordo-com-o-seu-peso-para-manter-o-corpo-hidratado\/\" \/>\n<meta property=\"og:locale\" content=\"pt_BR\" \/>\n<meta property=\"og:type\" content=\"article\" \/>\n<meta property=\"og:title\" content=\"Quantos copos de \u00e1gua voc\u00ea deve beber por dia, de acordo com o seu peso, para manter o corpo hidratado - Correio Braziliense - Radar\" \/>\n<meta property=\"og:description\" content=\"Aprenda estrat\u00e9gias para beber \u00e1gua suficiente diariamente, manter energia, concentra\u00e7\u00e3o e sa\u00fade do corpo de forma eficiente\" \/>\n<meta property=\"og:url\" content=\"https:\/\/www.correiobraziliense.com.br\/cbradar\/quantos-copos-de-agua-voce-deve-beber-por-dia-de-acordo-com-o-seu-peso-para-manter-o-corpo-hidratado\/\" \/>\n<meta property=\"og:site_name\" content=\"Correio Braziliense - Radar\" \/>\n<meta property=\"article:published_time\" content=\"2026-03-16T14:25:00+00:00\" \/>\n<meta property=\"og:image\" content=\"https:\/\/www.correiobraziliense.com.br\/cbradar\/wp-content\/uploads\/2026\/03\/bebendo-agua_1773096975946.jpg\" \/>\n\t<meta property=\"og:image:width\" content=\"1280\" \/>\n\t<meta property=\"og:image:height\" content=\"720\" \/>\n\t<meta property=\"og:image:type\" content=\"image\/jpeg\" \/>\n<meta name=\"author\" content=\"Nicolas Otto\" \/>\n<meta name=\"twitter:card\" content=\"summary_large_image\" \/>\n<meta name=\"twitter:label1\" content=\"Escrito por\" \/>\n\t<meta name=\"twitter:data1\" content=\"Nicolas Otto\" \/>\n\t<meta name=\"twitter:label2\" content=\"Est. tempo de leitura\" \/>\n\t<meta name=\"twitter:data2\" content=\"4 minutos\" \/>\n<!-- \/ Yoast SEO plugin. -->","yoast_head_json":{"title":"Quantos copos de \u00e1gua voc\u00ea deve beber por dia, de acordo com o seu peso, para manter o corpo hidratado - Correio Braziliense - Radar","description":"Aprenda estrat\u00e9gias para beber \u00e1gua suficiente diariamente, manter energia, concentra\u00e7\u00e3o e sa\u00fade do corpo de forma eficiente","robots":{"index":"index","follow":"follow","max-snippet":"max-snippet:-1","max-image-preview":"max-image-preview:large","max-video-preview":"max-video-preview:-1"},"canonical":"https:\/\/www.correiobraziliense.com.br\/cbradar\/quantos-copos-de-agua-voce-deve-beber-por-dia-de-acordo-com-o-seu-peso-para-manter-o-corpo-hidratado\/","og_locale":"pt_BR","og_type":"article","og_title":"Quantos copos de \u00e1gua voc\u00ea deve beber por dia, de acordo com o seu peso, para manter o corpo hidratado - Correio Braziliense - Radar","og_description":"Aprenda estrat\u00e9gias para beber \u00e1gua suficiente diariamente, manter energia, concentra\u00e7\u00e3o e sa\u00fade do corpo de forma eficiente","og_url":"https:\/\/www.correiobraziliense.com.br\/cbradar\/quantos-copos-de-agua-voce-deve-beber-por-dia-de-acordo-com-o-seu-peso-para-manter-o-corpo-hidratado\/","og_site_name":"Correio Braziliense - Radar","article_published_time":"2026-03-16T14:25:00+00:00","og_image":[{"width":1280,"height":720,"url":"https:\/\/www.correiobraziliense.com.br\/cbradar\/wp-content\/uploads\/2026\/03\/bebendo-agua_1773096975946.jpg","type":"image\/jpeg"}],"author":"Nicolas Otto","twitter_card":"summary_large_image","twitter_misc":{"Escrito por":"Nicolas Otto","Est. tempo de leitura":"4 minutos"},"schema":{"@context":"https:\/\/schema.org","@graph":[{"@type":"WebPage","@id":"https:\/\/www.correiobraziliense.com.br\/cbradar\/quantos-copos-de-agua-voce-deve-beber-por-dia-de-acordo-com-o-seu-peso-para-manter-o-corpo-hidratado\/","url":"https:\/\/www.correiobraziliense.com.br\/cbradar\/quantos-copos-de-agua-voce-deve-beber-por-dia-de-acordo-com-o-seu-peso-para-manter-o-corpo-hidratado\/","name":"Quantos copos de \u00e1gua voc\u00ea deve beber por dia, de acordo com o seu peso, para manter o corpo hidratado - Correio Braziliense - Radar","isPartOf":{"@id":"https:\/\/www.correiobraziliense.com.br\/cbradar\/#website"},"primaryImageOfPage":{"@id":"https:\/\/www.correiobraziliense.com.br\/cbradar\/quantos-copos-de-agua-voce-deve-beber-por-dia-de-acordo-com-o-seu-peso-para-manter-o-corpo-hidratado\/#primaryimage"},"image":{"@id":"https:\/\/www.correiobraziliense.com.br\/cbradar\/quantos-copos-de-agua-voce-deve-beber-por-dia-de-acordo-com-o-seu-peso-para-manter-o-corpo-hidratado\/#primaryimage"},"thumbnailUrl":"https:\/\/www.correiobraziliense.com.br\/cbradar\/wp-content\/uploads\/2026\/03\/bebendo-agua_1773096975946.jpg","datePublished":"2026-03-16T14:25:00+00:00","author":{"@id":"https:\/\/www.correiobraziliense.com.br\/cbradar\/#\/schema\/person\/3221b250518e74ac52c442d1c1236aaa"},"description":"Aprenda estrat\u00e9gias para beber \u00e1gua suficiente diariamente, manter energia, concentra\u00e7\u00e3o e sa\u00fade do corpo de forma eficiente","breadcrumb":{"@id":"https:\/\/www.correiobraziliense.com.br\/cbradar\/quantos-copos-de-agua-voce-deve-beber-por-dia-de-acordo-com-o-seu-peso-para-manter-o-corpo-hidratado\/#breadcrumb"},"inLanguage":"pt-BR","potentialAction":[{"@type":"ReadAction","target":["https:\/\/www.correiobraziliense.com.br\/cbradar\/quantos-copos-de-agua-voce-deve-beber-por-dia-de-acordo-com-o-seu-peso-para-manter-o-corpo-hidratado\/"]}]},{"@type":"ImageObject","inLanguage":"pt-BR","@id":"https:\/\/www.correiobraziliense.com.br\/cbradar\/quantos-copos-de-agua-voce-deve-beber-por-dia-de-acordo-com-o-seu-peso-para-manter-o-corpo-hidratado\/#primaryimage","url":"https:\/\/www.correiobraziliense.com.br\/cbradar\/wp-content\/uploads\/2026\/03\/bebendo-agua_1773096975946.jpg","contentUrl":"https:\/\/www.correiobraziliense.com.br\/cbradar\/wp-content\/uploads\/2026\/03\/bebendo-agua_1773096975946.jpg","width":1280,"height":720,"caption":"O m\u00e9todo simples que garante hidrata\u00e7\u00e3o e bem-estar di\u00e1rio - Cr\u00e9ditos: depositphotos.com \/ HayDmitriy"},{"@type":"BreadcrumbList","@id":"https:\/\/www.correiobraziliense.com.br\/cbradar\/quantos-copos-de-agua-voce-deve-beber-por-dia-de-acordo-com-o-seu-peso-para-manter-o-corpo-hidratado\/#breadcrumb","itemListElement":[{"@type":"ListItem","position":1,"name":"In\u00edcio","item":"https:\/\/www.correiobraziliense.com.br\/cbradar\/"},{"@type":"ListItem","position":2,"name":"Quantos copos de \u00e1gua voc\u00ea deve beber por dia, de acordo com o seu peso, para manter o corpo hidratado"}]},{"@type":"WebSite","@id":"https:\/\/www.correiobraziliense.com.br\/cbradar\/#website","url":"https:\/\/www.correiobraziliense.com.br\/cbradar\/","name":"Correio Braziliense - Radar","description":"Acompanhe as \u00faltimas not\u00edcias e fique bem informado sobre tudo o que acontece no Brasil e no mundo.","potentialAction":[{"@type":"SearchAction","target":{"@type":"EntryPoint","urlTemplate":"https:\/\/www.correiobraziliense.com.br\/cbradar\/?s={search_term_string}"},"query-input":{"@type":"PropertyValueSpecification","valueRequired":true,"valueName":"search_term_string"}}],"inLanguage":"pt-BR"},{"@type":"Person","@id":"https:\/\/www.correiobraziliense.com.br\/cbradar\/#\/schema\/person\/3221b250518e74ac52c442d1c1236aaa","name":"Nicolas Otto","image":{"@type":"ImageObject","inLanguage":"pt-BR","@id":"https:\/\/www.correiobraziliense.com.br\/cbradar\/#\/schema\/person\/image\/","url":"https:\/\/secure.gravatar.com\/avatar\/05925f730d72f0ea0df144f236adfb18?s=96&d=mm&r=g","contentUrl":"https:\/\/secure.gravatar.com\/avatar\/05925f730d72f0ea0df144f236adfb18?s=96&d=mm&r=g","caption":"Nicolas Otto"},"sameAs":["https:\/\/www.correiobraziliense.com.br\/cbradar\/"],"url":"https:\/\/www.correiobraziliense.com.br\/cbradar\/author\/nicolas-otto\/"}]}},"_links":{"self":[{"href":"https:\/\/www.correiobraziliense.com.br\/cbradar\/wp-json\/wp\/v2\/posts\/205904","targetHints":{"allow":["GET"]}}],"collection":[{"href":"https:\/\/www.correiobraziliense.com.br\/cbradar\/wp-json\/wp\/v2\/posts"}],"about":[{"href":"https:\/\/www.correiobraziliense.com.br\/cbradar\/wp-json\/wp\/v2\/types\/post"}],"author":[{"embeddable":true,"href":"https:\/\/www.correiobraziliense.com.br\/cbradar\/wp-json\/wp\/v2\/users\/23"}],"replies":[{"embeddable":true,"href":"https:\/\/www.correiobraziliense.com.br\/cbradar\/wp-json\/wp\/v2\/comments?post=205904"}],"version-history":[{"count":2,"href":"https:\/\/www.correiobraziliense.com.br\/cbradar\/wp-json\/wp\/v2\/posts\/205904\/revisions"}],"predecessor-version":[{"id":206014,"href":"https:\/\/www.correiobraziliense.com.br\/cbradar\/wp-json\/wp\/v2\/posts\/205904\/revisions\/206014"}],"wp:featuredmedia":[{"embeddable":true,"href":"https:\/\/www.correiobraziliense.com.br\/cbradar\/wp-json\/wp\/v2\/media\/205905"}],"wp:attachment":[{"href":"https:\/\/www.correiobraziliense.com.br\/cbradar\/wp-json\/wp\/v2\/media?parent=205904"}],"wp:term":[{"taxonomy":"category","embeddable":true,"href":"https:\/\/www.correiobraziliense.com.br\/cbradar\/wp-json\/wp\/v2\/categories?post=205904"},{"taxonomy":"post_tag","embeddable":true,"href":"https:\/\/www.correiobraziliense.com.br\/cbradar\/wp-json\/wp\/v2\/tags?post=205904"}],"curies":[{"name":"wp","href":"https:\/\/api.w.org\/{rel}","templated":true}]}}