{"id":205919,"date":"2026-03-11T08:15:53","date_gmt":"2026-03-11T11:15:53","guid":{"rendered":"https:\/\/www.correiobraziliense.com.br\/cbradar\/?p=205919"},"modified":"2026-03-10T15:55:20","modified_gmt":"2026-03-10T18:55:20","slug":"10-arvores-frutiferas-que-comecam-a-produzir-em-poucos-anos-e-sao-ideais-para-quintais-pequenos","status":"publish","type":"post","link":"https:\/\/www.correiobraziliense.com.br\/cbradar\/10-arvores-frutiferas-que-comecam-a-produzir-em-poucos-anos-e-sao-ideais-para-quintais-pequenos\/","title":{"rendered":"10 \u00e1rvores frut\u00edferas que come\u00e7am a produzir em poucos anos e s\u00e3o ideais para quintais pequenos"},"content":{"rendered":"\n<p>Imagine colher um punhado de pitangas ou lim\u00f5es fresquinhos sem sair do seu quintal, mesmo morando em uma casa pequena. Hoje, ter \u00e1rvores frut\u00edferas em espa\u00e7os reduzidos deixou de ser privil\u00e9gio de quem tem s\u00edtio: com boas escolhas de esp\u00e9cies, um pouco de sol e alguns cuidados simples, \u00e9 poss\u00edvel transformar poucos metros quadrados em um pequeno pomar cheio de vida.<\/p>\n\n\n\n<h2 class=\"wp-block-heading\">Por que escolher \u00e1rvores frut\u00edferas que produzem r\u00e1pido em espa\u00e7os pequenos<\/h2>\n\n\n\n<p>A procura por <strong>\u00e1rvores frut\u00edferas que come\u00e7am a produzir em poucos anos<\/strong> cresceu junto com o interesse por hortas caseiras e alimenta\u00e7\u00e3o mais natural. Em geral, essas plantas come\u00e7am a dar frutos entre o segundo e o quinto ano ap\u00f3s o plantio, dependendo da muda e das condi\u00e7\u00f5es de cultivo.<\/p>\n\n\n\n<p>Em quintais pequenos, muita gente prioriza esp\u00e9cies de copa menor, ra\u00edzes menos agressivas e que aceitam bem podas. Tamb\u00e9m \u00e9 comum buscar variedades que possam ser cultivadas em vasos grandes, jardineiras refor\u00e7adas ou canteiros estreitos, o que torna o projeto vi\u00e1vel at\u00e9 em \u00e1reas cimentadas.<\/p>\n\n\n<div class=\"wp-block-image\">\n<figure class=\"aligncenter size-large\"><img decoding=\"async\" width=\"1024\" height=\"576\" src=\"https:\/\/www.correiobraziliense.com.br\/cbradar\/wp-content\/uploads\/2026\/02\/Gemini_Generated_Image_agpq3jagpq3jagpq-1-1024x576.png\" alt=\"\" class=\"wp-image-201083\" srcset=\"https:\/\/www.correiobraziliense.com.br\/cbradar\/wp-content\/uploads\/2026\/02\/Gemini_Generated_Image_agpq3jagpq3jagpq-1-1024x576.png 1024w, https:\/\/www.correiobraziliense.com.br\/cbradar\/wp-content\/uploads\/2026\/02\/Gemini_Generated_Image_agpq3jagpq3jagpq-1-300x169.png 300w, https:\/\/www.correiobraziliense.com.br\/cbradar\/wp-content\/uploads\/2026\/02\/Gemini_Generated_Image_agpq3jagpq3jagpq-1-768x432.png 768w, https:\/\/www.correiobraziliense.com.br\/cbradar\/wp-content\/uploads\/2026\/02\/Gemini_Generated_Image_agpq3jagpq3jagpq-1-750x422.png 750w, https:\/\/www.correiobraziliense.com.br\/cbradar\/wp-content\/uploads\/2026\/02\/Gemini_Generated_Image_agpq3jagpq3jagpq-1-1140x641.png 1140w, https:\/\/www.correiobraziliense.com.br\/cbradar\/wp-content\/uploads\/2026\/02\/Gemini_Generated_Image_agpq3jagpq3jagpq-1.png 1280w\" sizes=\"(max-width: 1024px) 100vw, 1024px\" \/><figcaption class=\"wp-element-caption\">A pitanga \u00e9 conhecida por ser rica em vitaminas e compostos bioativos que podem contribuir para o bom funcionamento do organismo<\/figcaption><\/figure><\/div>\n\n\n<p>Leia tamb\u00e9m:&nbsp;<a href=\"https:\/\/www.correiobraziliense.com.br\/cbradar\/a-folha-verde-que-muita-gente-ignora-na-feira-pode-ajudar-o-intestino-e-ainda-e-facil-de-plantar-em-casa\/\" target=\"_blank\" rel=\"noopener\">A folha verde que muita gente ignora na feira pode ajudar o intestino e ainda \u00e9 f\u00e1cil de plantar em casa<\/a><\/p>\n\n\n\n<h2 class=\"wp-block-heading\">Como funcionam as \u00e1rvores frut\u00edferas que se adaptam bem a vasos<\/h2>\n\n\n\n<p>Um dos grandes atrativos dessas frut\u00edferas \u00e9 a possibilidade de cultiv\u00e1-las em vasos, o que permite que moradores de casas geminadas, sobrados e apartamentos com terra\u00e7o tenham acesso a frutas frescas. Vasos profundos e bem drenados, com boa mistura de terra e mat\u00e9ria org\u00e2nica, fazem toda a diferen\u00e7a.<\/p>\n\n\n\n<p>Outra forma de antecipar a colheita \u00e9 escolher mudas j\u00e1 enxertadas e de viveiros confi\u00e1veis. Combinando isso com aduba\u00e7\u00e3o org\u00e2nica regular, regas equilibradas e um cantinho ensolarado, a frutifica\u00e7\u00e3o costuma chegar mais cedo e com mais qualidade.<\/p>\n\n\n\n<h2 class=\"wp-block-heading\">Quais s\u00e3o as melhores \u00e1rvores frut\u00edferas para quintais pequenos<\/h2>\n\n\n\n<p>Ao falar em \u201cmelhores\u201d \u00e1rvores frut\u00edferas para espa\u00e7os reduzidos, geralmente pensamos em plantas de porte menor, boa produtividade e colheita em poucos anos. Abaixo, voc\u00ea encontra 10 op\u00e7\u00f5es muito usadas em quintais urbanos, que se adaptam bem a vasos e jardins compactos.<\/p>\n\n\n\n<ul class=\"wp-block-list\">\n<li><strong>Pitanga<\/strong> (Eugenia uniflora) \u2013 Arbusto ou pequena \u00e1rvore nativa, que pode frutificar a partir de 2 a 3 anos quando bem cuidada. Aceita podas frequentes, o que ajuda a manter o tamanho ideal para quintais compactos e at\u00e9 vasos grandes.<\/li>\n<\/ul>\n\n\n\n<figure class=\"wp-block-embed is-type-rich is-provider-pinterest wp-block-embed-pinterest\"><div class=\"wp-block-embed__wrapper\">\n<iframe loading=\"lazy\" title=\"Pitanga \u00e9 uma fruta origin\u00e1ria da Am\u00e9rica do Sul, muito popular no Brasil. Ela \u00e9 uma fruta pequena, redonda e com uma casca lisa e brilhante. A polpa da pitanga \u00e9 suculenta e doce, com um sabor que lembra um pouco o da cereja. Ent\u00e3o, se voc\u00ea \u00e9 um amante da pitanga, n\u00e3o perca tempo e pe\u00e7a a sua pelo nosso site. Deixe sua casa mais verde com a Plantei!! #plantas #pitanga#cuidadoscomasplantas #lojaplantei #biologia #botanica #saltogrande#gardencenter\" src=\"https:\/\/assets.pinterest.com\/ext\/embed.html?id=10273905394929525&#038;src=oembed\" height=\"899\" width=\"450\" frameborder=\"0\" scrolling=\"no\" ><\/iframe>\n<\/div><\/figure>\n\n\n\n<ul class=\"wp-block-list\">\n<li><strong>Lim\u00e3o-siciliano ou lim\u00e3o-taiti<\/strong> \u2013 Os citros costumam apresentar boa produ\u00e7\u00e3o a partir do 3\u00ba ano, especialmente em mudas enxertadas. Podem ser conduzidos em vasos profundos ou em cantos ensolarados do quintal, desde que recebam bastante luz.<\/li>\n<\/ul>\n\n\n\n<figure class=\"wp-block-embed is-type-rich is-provider-pinterest wp-block-embed-pinterest\"><div class=\"wp-block-embed__wrapper\">\n<iframe loading=\"lazy\" title=\" \" src=\"https:\/\/assets.pinterest.com\/ext\/embed.html?id=4292562140961141&#038;src=oembed\" height=\"699\" width=\"450\" frameborder=\"0\" scrolling=\"no\" ><\/iframe>\n<\/div><\/figure>\n\n\n\n<ul class=\"wp-block-list\">\n<li><strong>Limoeiro plantado em vaso (variedades an\u00e3s)<\/strong> \u2013 Algumas cultivares an\u00e3s foram desenvolvidas justamente para espa\u00e7os pequenos. A frutifica\u00e7\u00e3o pode come\u00e7ar entre 2 e 3 anos, com manejo adequado de aduba\u00e7\u00e3o, poda e rega.<\/li>\n<\/ul>\n\n\n\n<figure class=\"wp-block-embed is-type-rich is-provider-pinterest wp-block-embed-pinterest\"><div class=\"wp-block-embed__wrapper\">\n<iframe loading=\"lazy\" title=\"Voc\u00ea sabia que d\u00e1 pra fazer mudas de lim\u00e3o com apenas um galho e um pouco de babosa?\ud83c\udf4b  Essa t\u00e9cnica simples acelera o enraizamento e transforma qualquer galho em uma nova planta cheia de vida.  Em poucos dias, voc\u00ea ver\u00e1 as primeiras ra\u00edzes surgindo e em pouco tempo, um novo limoeiro pronto pra produzir!  \ud83c\udf3f Sem gastar com horm\u00f4nios, sem complica\u00e7\u00e3o s\u00f3 t\u00e9cnica natural e eficiente.  Quer aprender passo a passo como multiplicar suas plantas e montar seu pr\u00f3prio pomar em casa?  \ud83d\udc49 Acesse o link da ...\" src=\"https:\/\/assets.pinterest.com\/ext\/embed.html?id=51158145761993467&#038;src=oembed\" height=\"898\" width=\"450\" frameborder=\"0\" scrolling=\"no\" ><\/iframe>\n<\/div><\/figure>\n\n\n\n<ul class=\"wp-block-list\">\n<li><strong>Jabuticaba<\/strong> (variedades de crescimento r\u00e1pido) \u2013 Certas variedades, como a jabuticaba h\u00edbrida ou sabar\u00e1 enxertada, podem produzir em cerca de 4 anos. Adapta-se bem \u00e0 forma\u00e7\u00e3o em vaso grande ou em \u00e1rea limitada, desde que o solo se mantenha \u00famido.<\/li>\n<\/ul>\n\n\n\n<figure class=\"wp-block-embed is-type-rich is-provider-pinterest wp-block-embed-pinterest\"><div class=\"wp-block-embed__wrapper\">\n<iframe loading=\"lazy\" title=\"Jabuticaba em Vaso: O Guia para Ter Frutos o Ano Todo\" src=\"https:\/\/assets.pinterest.com\/ext\/embed.html?id=29554941301128573&#038;src=oembed\" height=\"899\" width=\"450\" frameborder=\"0\" scrolling=\"no\" ><\/iframe>\n<\/div><\/figure>\n\n\n\n<ul class=\"wp-block-list\">\n<li><strong>Amoreira-preta ou amora-an\u00e3<\/strong> \u2013 Alguns tipos de amora come\u00e7am a dar frutos j\u00e1 entre o 2\u00ba e o 3\u00ba ano. Podem ser conduzidos como arbustos, facilitando o cultivo pr\u00f3ximo a muros ou em canteiros estreitos.<\/li>\n<\/ul>\n\n\n\n<figure class=\"wp-block-embed is-type-rich is-provider-pinterest wp-block-embed-pinterest\"><div class=\"wp-block-embed__wrapper\">\n<iframe loading=\"lazy\" title=\"Se voc\u00ea est\u00e1 interessado em aprender como cultivar amoras em vasos, eu recomendo que assista esse v\u00eddeo que a Plantei fez com todo carinho. Voc\u00ea encontrar\u00e1 informa\u00e7\u00f5es \u00fateis sobre o processo de cultivo das amoras em vasos, desde a escolha do tipo de vaso at\u00e9 a manuten\u00e7\u00e3o adequada da planta. Traga a natureza para dentro de sua casa! #plantas #amoras#cuidadoscomasplantas #lojaplantei #biologia #botanica #saltogrande#gardencenter\" src=\"https:\/\/assets.pinterest.com\/ext\/embed.html?id=9077636745264690&#038;src=oembed\" height=\"899\" width=\"450\" frameborder=\"0\" scrolling=\"no\" ><\/iframe>\n<\/div><\/figure>\n\n\n\n<ul class=\"wp-block-list\">\n<li><strong>Goiabeira<\/strong> (Psidium guajava) \u2013 A goiabeira de menor porte, principalmente quando enxertada, costuma entrar em produ\u00e7\u00e3o entre o 3\u00ba e o 4\u00ba ano. Tolera bem podas, o que ajuda a controlar o tamanho em quintais pequenos.<\/li>\n<\/ul>\n\n\n\n<figure class=\"wp-block-embed is-type-rich is-provider-pinterest wp-block-embed-pinterest\"><div class=\"wp-block-embed__wrapper\">\n<iframe loading=\"lazy\" title=\"Os 12 Benef\u00edcios da Goiaba Para Sa\u00fade!\" src=\"https:\/\/assets.pinterest.com\/ext\/embed.html?id=521010250660387216&#038;src=oembed\" height=\"899\" width=\"450\" frameborder=\"0\" scrolling=\"no\" ><\/iframe>\n<\/div><\/figure>\n\n\n\n<ul class=\"wp-block-list\">\n<li><strong>Rom\u00e3zeira<\/strong> (Punica granatum) \u2013 Pequena \u00e1rvore ou arbusto lenhoso que pode frutificar em torno de 2 a 3 anos. Tem ra\u00edzes menos agressivas e boa adapta\u00e7\u00e3o a vasos e jardineiras grandes.<\/li>\n<\/ul>\n\n\n\n<figure class=\"wp-block-embed is-type-rich is-provider-pinterest wp-block-embed-pinterest\"><div class=\"wp-block-embed__wrapper\">\n<iframe loading=\"lazy\" title=\"J\u00c1 COMEU ROM\u00c3? TODOS DEVERIA SABER DISSO... CHOCANTE...\ud83d\ude32\ud83d\ude32\ud83d\ude32\" src=\"https:\/\/assets.pinterest.com\/ext\/embed.html?id=42573158973883884&#038;src=oembed\" height=\"899\" width=\"450\" frameborder=\"0\" scrolling=\"no\" ><\/iframe>\n<\/div><\/figure>\n\n\n\n<ul class=\"wp-block-list\">\n<li><strong>Mexerica \/ tangerina<\/strong> \u2013 As tangerineiras, em especial as variedades enxertadas de porte reduzido, podem come\u00e7ar a produzir entre 3 e 5 anos. S\u00e3o muito usadas em quintais urbanos por unirem sombra moderada e boa colheita.<\/li>\n<\/ul>\n\n\n\n<figure class=\"wp-block-embed is-type-rich is-provider-pinterest wp-block-embed-pinterest\"><div class=\"wp-block-embed__wrapper\">\n<iframe loading=\"lazy\" title=\"Mexerica Poncam\" src=\"https:\/\/assets.pinterest.com\/ext\/embed.html?id=405957353932352395&#038;src=oembed\" height=\"899\" width=\"450\" frameborder=\"0\" scrolling=\"no\" ><\/iframe>\n<\/div><\/figure>\n\n\n\n<ul class=\"wp-block-list\">\n<li><strong>Acerola<\/strong> (Malpighia emarginata) \u2013 Conhecida pela alta concentra\u00e7\u00e3o de vitamina C, costuma frutificar rapidamente, muitas vezes a partir do 2\u00ba ano. O porte arbustivo facilita o cultivo em espa\u00e7os pequenos e em vasos robustos.<\/li>\n<\/ul>\n\n\n\n<figure class=\"wp-block-embed is-type-rich is-provider-pinterest wp-block-embed-pinterest\"><div class=\"wp-block-embed__wrapper\">\n<iframe loading=\"lazy\" title=\"Acerola plantada no vaso \ud83c\udf52\ud83c\udf52.\" src=\"https:\/\/assets.pinterest.com\/ext\/embed.html?id=256916353734355220&#038;src=oembed\" height=\"899\" width=\"450\" frameborder=\"0\" scrolling=\"no\" ><\/iframe>\n<\/div><\/figure>\n\n\n\n<ul class=\"wp-block-list\">\n<li><strong>Laranjeira-an\u00e3<\/strong> \u2013 Variedades compactas de laranja-doce foram selecionadas para cultivo em vasos e quintais reduzidos. Com mudas de boa proced\u00eancia, \u00e9 comum observar frutos entre o 3\u00ba e o 4\u00ba ano.<\/li>\n<\/ul>\n\n\n\n<figure class=\"wp-block-embed is-type-rich is-provider-pinterest wp-block-embed-pinterest\"><div class=\"wp-block-embed__wrapper\">\n<iframe loading=\"lazy\" title=\"Como fazer laranjeira produzir tanto? Veja agora nesse v\u00eddeo quais foram as t\u00e9cnicas que eu usei.#laranja #laranjan\u00e3oproduz #limaon\u00e3oproduz lim\u00e3oVoc\u00ea quer aprender a cultivar plantas e alimentos 100% livres de agrot\u00f3xicos e sem gastar dinheiro? Mesmo com pouco espa\u00e7o voc\u00ea consegue.Clique no link da Bio e aproveite o desconto por tempo limitado.#horta #hortacaseirasemsegredos #plantas #plantar #curso #cursodeplantas #comoplantar #pomar #pomarehortasustentaveis #renatooliveira\" src=\"https:\/\/assets.pinterest.com\/ext\/embed.html?id=174444185561438802&#038;src=oembed\" height=\"899\" width=\"450\" frameborder=\"0\" scrolling=\"no\" ><\/iframe>\n<\/div><\/figure>\n\n\n\n<h2 class=\"wp-block-heading\">Como cuidar de \u00e1rvores frut\u00edferas em espa\u00e7os pequenos no dia a dia<\/h2>\n\n\n\n<p>Para que essas \u00e1rvores realmente produzam bem, alguns cuidados simples s\u00e3o fundamentais. A maioria das esp\u00e9cies precisa de pelo menos 4 a 6 horas di\u00e1rias de sol direto; em \u00e1reas mais sombreadas, vale priorizar as que aceitam meia-sombra, como pitanga e acerola.<\/p>\n\n\n\n<p>Al\u00e9m do sol, alguns pontos pr\u00e1ticos fazem muita diferen\u00e7a na sa\u00fade das plantas e na qualidade das frutas:<\/p>\n\n\n\n<ul class=\"wp-block-list\">\n<li><strong>Escolha das mudas:<\/strong> prefira mudas enxertadas, bem enraizadas e de viveiros confi\u00e1veis.<\/li>\n\n\n\n<li><strong>Aduba\u00e7\u00e3o:<\/strong> misture mat\u00e9ria org\u00e2nica ao solo e fa\u00e7a aduba\u00e7\u00f5es peri\u00f3dicas com composto ou esterco curtido.<\/li>\n\n\n\n<li><strong>Rega:<\/strong> mantenha o solo \u00famido, mas nunca encharcado, especialmente em vasos.<\/li>\n\n\n\n<li><strong>Poda:<\/strong> fa\u00e7a podas de forma\u00e7\u00e3o e limpeza para controlar o tamanho e melhorar a entrada de luz.<\/li>\n\n\n\n<li><strong>Vasos adequados:<\/strong> use vasos profundos, com furos de drenagem e camada de brita ou argila expandida no fundo.<\/li>\n<\/ul>\n\n\n\n<h2 class=\"wp-block-heading\">Vale a pena investir em \u00e1rvores frut\u00edferas de produ\u00e7\u00e3o r\u00e1pida em quintais pequenos<\/h2>\n\n\n\n<p>O plantio de \u00e1rvores frut\u00edferas que come\u00e7am a produzir em poucos anos e s\u00e3o ideais para quintais pequenos \u00e9 uma forma acess\u00edvel de ter alimentos frescos em casa. Misturar esp\u00e9cies bem r\u00e1pidas, como acerola, pitanga e amora, com outras um pouco mais lentas, como jabuticaba e tangerina, ajuda a ter colheitas em diferentes \u00e9pocas do ano.<\/p>\n\n\n\n<p>Com um planejamento simples, escolha correta das esp\u00e9cies e uma rotina b\u00e1sica de cuidados, at\u00e9 um quintal de poucos metros pode virar um pequeno pomar dom\u00e9stico. A variedade de frut\u00edferas an\u00e3s e de porte moderado dispon\u00edvel em 2026 amplia as possibilidades para quem vive na cidade e quer aproveitar cada cantinho com mais verde, sombra e sabor.<\/p>\n","protected":false},"excerpt":{"rendered":"<p>Imagine colher um punhado de pitangas ou lim\u00f5es fresquinhos sem sair do seu quintal, mesmo morando em uma casa pequena. Hoje, ter \u00e1rvores frut\u00edferas em espa\u00e7os reduzidos deixou de ser privil\u00e9gio de quem tem s\u00edtio: com boas escolhas de esp\u00e9cies, um pouco de sol e alguns cuidados simples, \u00e9 poss\u00edvel transformar poucos metros quadrados em [&hellip;]<\/p>\n","protected":false},"author":9,"featured_media":206299,"comment_status":"open","ping_status":"open","sticky":false,"template":"","format":"standard","meta":{"_yoast_wpseo_focuskw":"\u00e1rvores frut\u00edferas para quintais","_yoast_wpseo_title":"","_yoast_wpseo_metadesc":"Algumas \u00e1rvores frut\u00edferas podem produzir em poucos anos e se adaptam bem a quintais pequenos e vasos grandes. Veja op\u00e7\u00f5es.","jnews-multi-image_gallery":[],"jnews_single_post":{"format":"standard"},"jnews_primary_category":[],"jnews_social_meta":[],"jnews_override_counter":[],"footnotes":""},"categories":[136],"tags":[1614,3174,15921],"class_list":["post-205919","post","type-post","status-publish","format-standard","has-post-thumbnail","hentry","category-jardinagem","tag-arvores-frutiferas","tag-plantar-em-casa","tag-quintais-pequenos"],"yoast_head":"<!-- This site is optimized with the Yoast SEO plugin v24.6 - https:\/\/yoast.com\/wordpress\/plugins\/seo\/ -->\n<title>10 \u00e1rvores frut\u00edferas que come\u00e7am a produzir em poucos anos e s\u00e3o ideais para quintais pequenos - Correio Braziliense - Radar<\/title>\n<meta name=\"description\" content=\"Algumas \u00e1rvores frut\u00edferas podem produzir em poucos anos e se adaptam bem a quintais pequenos e vasos grandes. Veja op\u00e7\u00f5es.\" \/>\n<meta name=\"robots\" content=\"index, follow, max-snippet:-1, max-image-preview:large, max-video-preview:-1\" \/>\n<link rel=\"canonical\" href=\"https:\/\/www.correiobraziliense.com.br\/cbradar\/10-arvores-frutiferas-que-comecam-a-produzir-em-poucos-anos-e-sao-ideais-para-quintais-pequenos\/\" \/>\n<meta property=\"og:locale\" content=\"pt_BR\" \/>\n<meta property=\"og:type\" content=\"article\" \/>\n<meta property=\"og:title\" content=\"10 \u00e1rvores frut\u00edferas que come\u00e7am a produzir em poucos anos e s\u00e3o ideais para quintais pequenos - Correio Braziliense - Radar\" \/>\n<meta property=\"og:description\" content=\"Algumas \u00e1rvores frut\u00edferas podem produzir em poucos anos e se adaptam bem a quintais pequenos e vasos grandes. Veja op\u00e7\u00f5es.\" \/>\n<meta property=\"og:url\" content=\"https:\/\/www.correiobraziliense.com.br\/cbradar\/10-arvores-frutiferas-que-comecam-a-produzir-em-poucos-anos-e-sao-ideais-para-quintais-pequenos\/\" \/>\n<meta property=\"og:site_name\" content=\"Correio Braziliense - Radar\" \/>\n<meta property=\"article:published_time\" content=\"2026-03-11T11:15:53+00:00\" \/>\n<meta property=\"og:image\" content=\"https:\/\/www.correiobraziliense.com.br\/cbradar\/wp-content\/uploads\/2026\/03\/freepik__pequena-rvore-de-pitanga-carregada-de-frutos-verme__97659.jpeg\" \/>\n\t<meta property=\"og:image:width\" content=\"1280\" \/>\n\t<meta property=\"og:image:height\" content=\"720\" \/>\n\t<meta property=\"og:image:type\" content=\"image\/jpeg\" \/>\n<meta name=\"author\" content=\"Daniely Cardoso\" \/>\n<meta name=\"twitter:card\" content=\"summary_large_image\" \/>\n<meta name=\"twitter:label1\" content=\"Escrito por\" \/>\n\t<meta name=\"twitter:data1\" content=\"Daniely Cardoso\" \/>\n\t<meta name=\"twitter:label2\" content=\"Est. tempo de leitura\" \/>\n\t<meta name=\"twitter:data2\" content=\"6 minutos\" \/>\n<!-- \/ Yoast SEO plugin. -->","yoast_head_json":{"title":"10 \u00e1rvores frut\u00edferas que come\u00e7am a produzir em poucos anos e s\u00e3o ideais para quintais pequenos - Correio Braziliense - Radar","description":"Algumas \u00e1rvores frut\u00edferas podem produzir em poucos anos e se adaptam bem a quintais pequenos e vasos grandes. Veja op\u00e7\u00f5es.","robots":{"index":"index","follow":"follow","max-snippet":"max-snippet:-1","max-image-preview":"max-image-preview:large","max-video-preview":"max-video-preview:-1"},"canonical":"https:\/\/www.correiobraziliense.com.br\/cbradar\/10-arvores-frutiferas-que-comecam-a-produzir-em-poucos-anos-e-sao-ideais-para-quintais-pequenos\/","og_locale":"pt_BR","og_type":"article","og_title":"10 \u00e1rvores frut\u00edferas que come\u00e7am a produzir em poucos anos e s\u00e3o ideais para quintais pequenos - Correio Braziliense - Radar","og_description":"Algumas \u00e1rvores frut\u00edferas podem produzir em poucos anos e se adaptam bem a quintais pequenos e vasos grandes. Veja op\u00e7\u00f5es.","og_url":"https:\/\/www.correiobraziliense.com.br\/cbradar\/10-arvores-frutiferas-que-comecam-a-produzir-em-poucos-anos-e-sao-ideais-para-quintais-pequenos\/","og_site_name":"Correio Braziliense - Radar","article_published_time":"2026-03-11T11:15:53+00:00","og_image":[{"width":1280,"height":720,"url":"https:\/\/www.correiobraziliense.com.br\/cbradar\/wp-content\/uploads\/2026\/03\/freepik__pequena-rvore-de-pitanga-carregada-de-frutos-verme__97659.jpeg","type":"image\/jpeg"}],"author":"Daniely Cardoso","twitter_card":"summary_large_image","twitter_misc":{"Escrito por":"Daniely Cardoso","Est. tempo de leitura":"6 minutos"},"schema":{"@context":"https:\/\/schema.org","@graph":[{"@type":"WebPage","@id":"https:\/\/www.correiobraziliense.com.br\/cbradar\/10-arvores-frutiferas-que-comecam-a-produzir-em-poucos-anos-e-sao-ideais-para-quintais-pequenos\/","url":"https:\/\/www.correiobraziliense.com.br\/cbradar\/10-arvores-frutiferas-que-comecam-a-produzir-em-poucos-anos-e-sao-ideais-para-quintais-pequenos\/","name":"10 \u00e1rvores frut\u00edferas que come\u00e7am a produzir em poucos anos e s\u00e3o ideais para quintais pequenos - Correio Braziliense - Radar","isPartOf":{"@id":"https:\/\/www.correiobraziliense.com.br\/cbradar\/#website"},"primaryImageOfPage":{"@id":"https:\/\/www.correiobraziliense.com.br\/cbradar\/10-arvores-frutiferas-que-comecam-a-produzir-em-poucos-anos-e-sao-ideais-para-quintais-pequenos\/#primaryimage"},"image":{"@id":"https:\/\/www.correiobraziliense.com.br\/cbradar\/10-arvores-frutiferas-que-comecam-a-produzir-em-poucos-anos-e-sao-ideais-para-quintais-pequenos\/#primaryimage"},"thumbnailUrl":"https:\/\/www.correiobraziliense.com.br\/cbradar\/wp-content\/uploads\/2026\/03\/freepik__pequena-rvore-de-pitanga-carregada-de-frutos-verme__97659.jpeg","datePublished":"2026-03-11T11:15:53+00:00","author":{"@id":"https:\/\/www.correiobraziliense.com.br\/cbradar\/#\/schema\/person\/7356666e12ec0ee53f348ee5db227032"},"description":"Algumas \u00e1rvores frut\u00edferas podem produzir em poucos anos e se adaptam bem a quintais pequenos e vasos grandes. Veja op\u00e7\u00f5es.","breadcrumb":{"@id":"https:\/\/www.correiobraziliense.com.br\/cbradar\/10-arvores-frutiferas-que-comecam-a-produzir-em-poucos-anos-e-sao-ideais-para-quintais-pequenos\/#breadcrumb"},"inLanguage":"pt-BR","potentialAction":[{"@type":"ReadAction","target":["https:\/\/www.correiobraziliense.com.br\/cbradar\/10-arvores-frutiferas-que-comecam-a-produzir-em-poucos-anos-e-sao-ideais-para-quintais-pequenos\/"]}]},{"@type":"ImageObject","inLanguage":"pt-BR","@id":"https:\/\/www.correiobraziliense.com.br\/cbradar\/10-arvores-frutiferas-que-comecam-a-produzir-em-poucos-anos-e-sao-ideais-para-quintais-pequenos\/#primaryimage","url":"https:\/\/www.correiobraziliense.com.br\/cbradar\/wp-content\/uploads\/2026\/03\/freepik__pequena-rvore-de-pitanga-carregada-de-frutos-verme__97659.jpeg","contentUrl":"https:\/\/www.correiobraziliense.com.br\/cbradar\/wp-content\/uploads\/2026\/03\/freepik__pequena-rvore-de-pitanga-carregada-de-frutos-verme__97659.jpeg","width":1280,"height":720,"caption":"Cultivar frutas em casa ajuda a ter alimentos mais frescos e reduz a necessidade de comprar no mercado"},{"@type":"BreadcrumbList","@id":"https:\/\/www.correiobraziliense.com.br\/cbradar\/10-arvores-frutiferas-que-comecam-a-produzir-em-poucos-anos-e-sao-ideais-para-quintais-pequenos\/#breadcrumb","itemListElement":[{"@type":"ListItem","position":1,"name":"In\u00edcio","item":"https:\/\/www.correiobraziliense.com.br\/cbradar\/"},{"@type":"ListItem","position":2,"name":"10 \u00e1rvores frut\u00edferas que come\u00e7am a produzir em poucos anos e s\u00e3o ideais para quintais pequenos"}]},{"@type":"WebSite","@id":"https:\/\/www.correiobraziliense.com.br\/cbradar\/#website","url":"https:\/\/www.correiobraziliense.com.br\/cbradar\/","name":"Correio Braziliense - Radar","description":"Acompanhe as \u00faltimas not\u00edcias e fique bem informado sobre tudo o que acontece no Brasil e no mundo.","potentialAction":[{"@type":"SearchAction","target":{"@type":"EntryPoint","urlTemplate":"https:\/\/www.correiobraziliense.com.br\/cbradar\/?s={search_term_string}"},"query-input":{"@type":"PropertyValueSpecification","valueRequired":true,"valueName":"search_term_string"}}],"inLanguage":"pt-BR"},{"@type":"Person","@id":"https:\/\/www.correiobraziliense.com.br\/cbradar\/#\/schema\/person\/7356666e12ec0ee53f348ee5db227032","name":"Daniely Cardoso","image":{"@type":"ImageObject","inLanguage":"pt-BR","@id":"https:\/\/www.correiobraziliense.com.br\/cbradar\/#\/schema\/person\/image\/","url":"https:\/\/secure.gravatar.com\/avatar\/4b80ddbd124d1f071b626d52d62e5dff?s=96&d=mm&r=g","contentUrl":"https:\/\/secure.gravatar.com\/avatar\/4b80ddbd124d1f071b626d52d62e5dff?s=96&d=mm&r=g","caption":"Daniely Cardoso"},"description":"Redatora nos portais CB Radar e EM Foco, formada pela Universidade Federal de Goi\u00e1s, em Goi\u00e2nia. Apaixonada por comunica\u00e7\u00e3o, arte, decora\u00e7\u00e3o e tend\u00eancias, atuo na produ\u00e7\u00e3o de conte\u00fados envolventes sobre curiosidades, moda, beleza e paisagismo, sempre com um olhar atento \u00e0s novidades do momento.","sameAs":["https:\/\/www.correiobraziliense.com.br\/cbradar"],"url":"https:\/\/www.correiobraziliense.com.br\/cbradar\/author\/danielymyth\/"}]}},"_links":{"self":[{"href":"https:\/\/www.correiobraziliense.com.br\/cbradar\/wp-json\/wp\/v2\/posts\/205919","targetHints":{"allow":["GET"]}}],"collection":[{"href":"https:\/\/www.correiobraziliense.com.br\/cbradar\/wp-json\/wp\/v2\/posts"}],"about":[{"href":"https:\/\/www.correiobraziliense.com.br\/cbradar\/wp-json\/wp\/v2\/types\/post"}],"author":[{"embeddable":true,"href":"https:\/\/www.correiobraziliense.com.br\/cbradar\/wp-json\/wp\/v2\/users\/9"}],"replies":[{"embeddable":true,"href":"https:\/\/www.correiobraziliense.com.br\/cbradar\/wp-json\/wp\/v2\/comments?post=205919"}],"version-history":[{"count":2,"href":"https:\/\/www.correiobraziliense.com.br\/cbradar\/wp-json\/wp\/v2\/posts\/205919\/revisions"}],"predecessor-version":[{"id":206041,"href":"https:\/\/www.correiobraziliense.com.br\/cbradar\/wp-json\/wp\/v2\/posts\/205919\/revisions\/206041"}],"wp:featuredmedia":[{"embeddable":true,"href":"https:\/\/www.correiobraziliense.com.br\/cbradar\/wp-json\/wp\/v2\/media\/206299"}],"wp:attachment":[{"href":"https:\/\/www.correiobraziliense.com.br\/cbradar\/wp-json\/wp\/v2\/media?parent=205919"}],"wp:term":[{"taxonomy":"category","embeddable":true,"href":"https:\/\/www.correiobraziliense.com.br\/cbradar\/wp-json\/wp\/v2\/categories?post=205919"},{"taxonomy":"post_tag","embeddable":true,"href":"https:\/\/www.correiobraziliense.com.br\/cbradar\/wp-json\/wp\/v2\/tags?post=205919"}],"curies":[{"name":"wp","href":"https:\/\/api.w.org\/{rel}","templated":true}]}}