{"id":205920,"date":"2026-03-11T08:55:59","date_gmt":"2026-03-11T11:55:59","guid":{"rendered":"https:\/\/www.correiobraziliense.com.br\/cbradar\/?p=205920"},"modified":"2026-03-10T15:55:45","modified_gmt":"2026-03-10T18:55:45","slug":"o-que-significa-dormir-sempre-com-o-cabelo-preso","status":"publish","type":"post","link":"https:\/\/www.correiobraziliense.com.br\/cbradar\/o-que-significa-dormir-sempre-com-o-cabelo-preso\/","title":{"rendered":"O que significa dormir sempre com o cabelo preso"},"content":{"rendered":"\n<p>Voc\u00ea j\u00e1 deitou para dormir, come\u00e7ou a se incomodar com o <b>cabelo<\/b> no rosto e resolveu prender os fios \u201cs\u00f3 para n\u00e3o atrapalhar\u201d? Esse costume \u00e9 muito comum, especialmente em quem tem cabelos <b>m\u00e9dios<\/b> ou longos, e muitas vezes vira um h\u00e1bito di\u00e1rio sem a pessoa nem perceber. Parece um detalhe simples da rotina, mas dormir sempre com o cabelo preso pode interferir tanto na <b>sa\u00fade<\/b> dos fios quanto no conforto do sono.<\/p>\n\n\n\n<h2 class=\"wp-block-heading\">O que significa dormir sempre com o cabelo preso<\/h2>\n\n\n\n<p>Dormir sempre com o <b>cabelo<\/b> preso costuma mostrar uma vontade de deixar tudo mais <b>organizado<\/b>: menos embara\u00e7o ao acordar, menos volume e menos fio caindo no rosto durante a noite. Para muita gente, \u00e9 tamb\u00e9m uma forma de ganhar <b>tempo<\/b> de manh\u00e3, acordando com o cabelo um pouco mais \u201cdomado\u201d.<\/p>\n\n\n\n<p>Em outros casos, prender os fios \u00e9 uma forma de cuidar da <b>pele<\/b>, reduzindo o contato do cabelo com o rosto, especialmente em quem tem pele oleosa ou tend\u00eancia \u00e0 <b>acne<\/b>. Por\u00e9m, a maneira como o cabelo \u00e9 preso, o tipo de acess\u00f3rio e a for\u00e7a do penteado podem transformar esse h\u00e1bito em algo mais <b>agressivo<\/b> do que parece.<\/p>\n\n\n<div class=\"wp-block-image\">\n<figure class=\"aligncenter size-full\"><img decoding=\"async\" width=\"1280\" height=\"720\" src=\"https:\/\/www.correiobraziliense.com.br\/cbradar\/wp-content\/uploads\/2026\/03\/Gemini_Generated_Image_2d18702d18702d18-1.png\" alt=\"\" class=\"wp-image-206047\" srcset=\"https:\/\/www.correiobraziliense.com.br\/cbradar\/wp-content\/uploads\/2026\/03\/Gemini_Generated_Image_2d18702d18702d18-1.png 1280w, https:\/\/www.correiobraziliense.com.br\/cbradar\/wp-content\/uploads\/2026\/03\/Gemini_Generated_Image_2d18702d18702d18-1-300x169.png 300w, https:\/\/www.correiobraziliense.com.br\/cbradar\/wp-content\/uploads\/2026\/03\/Gemini_Generated_Image_2d18702d18702d18-1-768x432.png 768w, https:\/\/www.correiobraziliense.com.br\/cbradar\/wp-content\/uploads\/2026\/03\/Gemini_Generated_Image_2d18702d18702d18-1-750x422.png 750w, https:\/\/www.correiobraziliense.com.br\/cbradar\/wp-content\/uploads\/2026\/03\/Gemini_Generated_Image_2d18702d18702d18-1-1140x641.png 1140w\" sizes=\"(max-width: 1280px) 100vw, 1280px\" \/><figcaption class=\"wp-element-caption\">Dormir sempre com o cabelo preso costuma mostrar uma vontade de deixar tudo mais organizado<\/figcaption><\/figure><\/div>\n\n\n<p>Leia tamb\u00e9m:&nbsp;<a href=\"https:\/\/www.correiobraziliense.com.br\/cbradar\/o-que-significa-ter-plantas-artificiais-em-casa-segundo-o-feng-shui\/\" target=\"_blank\" rel=\"noopener\">O que significa ter plantas artificiais em casa, segundo o Feng Shui<\/a><\/p>\n\n\n\n<h2 class=\"wp-block-heading\">Quais s\u00e3o os principais efeitos de dormir com o cabelo preso<\/h2>\n\n\n\n<p>Os efeitos de dormir com o <b>cabelo<\/b> preso variam muito de pessoa para pessoa. Em alguns casos, ajuda a evitar <b>n\u00f3s<\/b>, facilita a rotina e diminui o atrito direto com o travesseiro. Por\u00e9m, quando o cabelo \u00e9 preso apertado demais, todos os dias, os danos tendem a aparecer com o <b>tempo<\/b>.<\/p>\n\n\n\n<p>Entre os efeitos mais comuns, est\u00e3o a quebra localizada onde o <b>el\u00e1stico<\/b> fica, marcas e vincos dif\u00edceis de desfazer, sensa\u00e7\u00e3o de repuxamento no couro cabeludo e aumento de oleosidade quando o cabelo \u00e9 preso ainda <b>\u00famido<\/b>. Penteados muito altos ou r\u00edgidos tamb\u00e9m podem atrapalhar a busca por uma posi\u00e7\u00e3o <b>confort\u00e1vel<\/b> para dormir.<\/p>\n\n\n\n<h2 class=\"wp-block-heading\">Dormir com o cabelo preso faz mal para os fios<\/h2>\n\n\n\n<p>Prender o cabelo para dormir n\u00e3o \u00e9 automaticamente algo <b>ruim<\/b>, mas se torna um problema quando vira um h\u00e1bito di\u00e1rio feito com muita for\u00e7a ou com acess\u00f3rios inadequados. Como passamos v\u00e1rias horas na mesma posi\u00e7\u00e3o, o fio fica sob <b>press\u00e3o<\/b> por muito tempo, sem que a gente perceba ou ajuste o <b>penteado<\/b>.<\/p>\n\n\n\n<p>Isso pode favorecer a <b>quebra<\/b> dos fios na regi\u00e3o do el\u00e1stico, principalmente em cabelos finos, descoloridos ou com qu\u00edmica. Em situa\u00e7\u00f5es mais extremas e prolongadas, h\u00e1 risco de queda por tra\u00e7\u00e3o em \u00e1reas espec\u00edficas da <b>cabe\u00e7a<\/b>, al\u00e9m de mais fragilidade quando o cabelo \u00e9 preso ainda molhado, j\u00e1 que o fio \u00famido \u00e9 naturalmente mais <b>sens\u00edvel<\/b>. Se voc\u00ea gosta de curiosidades, separamos esse v\u00eddeo do <a href=\"https:\/\/www.youtube.com\/@AbnerMatias\" target=\"_blank\" rel=\"noreferrer noopener\">Abner Matias<\/a> falando mais sobre esse tema:<\/p>\n\n\n\n<figure class=\"wp-block-embed is-type-video is-provider-youtube wp-block-embed-youtube wp-embed-aspect-16-9 wp-has-aspect-ratio\"><div class=\"wp-block-embed__wrapper\">\n<div class=\"jeg_video_container jeg_video_content\"><iframe loading=\"lazy\" title=\"MELHOR DORMIR DE CABELO PRESO OU SOLTO?\" width=\"500\" height=\"281\" src=\"https:\/\/www.youtube.com\/embed\/tK2olglFmBM?feature=oembed\" frameborder=\"0\" allow=\"accelerometer; autoplay; clipboard-write; encrypted-media; gyroscope; picture-in-picture; web-share\" referrerpolicy=\"strict-origin-when-cross-origin\" allowfullscreen><\/iframe><\/div>\n<\/div><\/figure>\n\n\n\n<h2 class=\"wp-block-heading\">Como prender o cabelo para dormir com mais seguran\u00e7a<\/h2>\n\n\n\n<p>Se voc\u00ea se sente melhor dormindo com o <b>cabelo<\/b> preso, \u00e9 poss\u00edvel adaptar o h\u00e1bito para torn\u00e1-lo mais gentil com os fios. A ideia \u00e9 diminuir ao m\u00e1ximo a <b>tens\u00e3o<\/b> no couro cabeludo e evitar acess\u00f3rios que \u201cmordem\u201d o cabelo ou puxem demais sempre no mesmo <b>lugar<\/b>.<\/p>\n\n\n\n<p>Algumas escolhas simples na rotina noturna podem fazer diferen\u00e7a ao longo do <b>tempo<\/b>, ajudando a proteger o cabelo sem abrir m\u00e3o do conforto: al\u00e9m disso, cuidados como escolher a fronha certa e manter uma boa rotina de <b>hidrata\u00e7\u00e3o<\/b> podem complementar a prote\u00e7\u00e3o dos fios durante a <b>noite<\/b>.<\/p>\n\n\n\n<ul class=\"wp-block-list\">\n<li>Preferir penteados bem <b>soltos<\/b>, como tran\u00e7a frouxa, rabo baixo ou coque leve.<\/li>\n\n\n\n<li>Usar el\u00e1sticos <b>macios<\/b>, de tecido ou scrunchies, evitando os muito finos ou com partes de <b>metal<\/b>.<\/li>\n\n\n\n<li>Evitar prender o cabelo <b>molhado<\/b> e esperar secar, pelo menos em parte, antes de <b>amarrar<\/b>.<\/li>\n\n\n\n<li>Alternar a posi\u00e7\u00e3o do <b>penteado<\/b>, para n\u00e3o for\u00e7ar sempre o mesmo ponto da <b>cabe\u00e7a<\/b>.<\/li>\n\n\n\n<li>Soltar um pouco o <b>el\u00e1stico<\/b> se sentir dor, peso ou sensibilidade na <b>raiz<\/b>.<\/li>\n<\/ul>\n\n\n\n<h2 class=\"wp-block-heading\">Quando o h\u00e1bito de dormir com o cabelo preso merece aten\u00e7\u00e3o<\/h2>\n\n\n\n<p>Esse costume merece mais cuidado quando voc\u00ea come\u00e7a a notar sintomas claros de que algo n\u00e3o vai <b>bem<\/b>: aumento de quebra na regi\u00e3o onde prende o cabelo, dor ou sensibilidade ao tocar o couro <b>cabeludo<\/b>, sensa\u00e7\u00e3o de repuxamento constante ou pequenas falhas em \u00e1reas onde o penteado costuma ficar <b>apertado<\/b>.<\/p>\n\n\n\n<p>Observar seu pr\u00f3prio <b>cabelo<\/b> no dia a dia \u00e9 a melhor forma de entender se o h\u00e1bito est\u00e1 sendo inofensivo ou se est\u00e1 contribuindo para <b>danos<\/b>. Se perceber mudan\u00e7as negativas, vale afrouxar o <b>penteado<\/b>, alternar dias com o cabelo solto, testar fronhas de cetim ou seda e, em casos mais intensos de queda ou dor, buscar orienta\u00e7\u00e3o de um dermatologista para avaliar o couro cabeludo e indicar tratamentos ou mudan\u00e7as de <b>h\u00e1bito<\/b> mais adequadas.<\/p>\n","protected":false},"excerpt":{"rendered":"<p>Voc\u00ea j\u00e1 deitou para dormir, come\u00e7ou a se incomodar com o cabelo no rosto e resolveu prender os fios \u201cs\u00f3 para n\u00e3o atrapalhar\u201d? Esse costume \u00e9 muito comum, especialmente em quem tem cabelos m\u00e9dios ou longos, e muitas vezes vira um h\u00e1bito di\u00e1rio sem a pessoa nem perceber. Parece um detalhe simples da rotina, mas [&hellip;]<\/p>\n","protected":false},"author":9,"featured_media":206298,"comment_status":"open","ping_status":"open","sticky":false,"template":"","format":"standard","meta":{"_yoast_wpseo_focuskw":"dormir com o cabelo preso","_yoast_wpseo_title":"","_yoast_wpseo_metadesc":"Dormir com o cabelo preso \u00e9 comum, mas esse h\u00e1bito pode influenciar a sa\u00fade dos fios e o conforto durante o sono. Entenda.","jnews-multi-image_gallery":[],"jnews_single_post":{"format":"standard"},"jnews_primary_category":[],"jnews_social_meta":[],"jnews_override_counter":[],"footnotes":""},"categories":[112],"post_tag":[1431,564,9567],"class_list":["post-205920","post","type-post","status-publish","format-standard","has-post-thumbnail","hentry","category-curiosidades","tag-curiosidade","tag-dormir","tag-dormir-a-noite"],"yoast_head":"<!-- This site is optimized with the Yoast SEO plugin v24.6 - https:\/\/yoast.com\/wordpress\/plugins\/seo\/ -->\n<title>O que significa dormir sempre com o cabelo preso - Correio Braziliense - Radar<\/title>\n<meta name=\"description\" content=\"Dormir com o cabelo preso \u00e9 comum, mas esse h\u00e1bito pode influenciar a sa\u00fade dos fios e o conforto durante o sono. Entenda.\" \/>\n<meta name=\"robots\" content=\"index, follow, max-snippet:-1, max-image-preview:large, max-video-preview:-1\" \/>\n<link rel=\"canonical\" href=\"https:\/\/www.correiobraziliense.com.br\/cbradar\/o-que-significa-dormir-sempre-com-o-cabelo-preso\/\" \/>\n<meta property=\"og:locale\" content=\"pt_BR\" \/>\n<meta property=\"og:type\" content=\"article\" \/>\n<meta property=\"og:title\" content=\"O que significa dormir sempre com o cabelo preso - Correio Braziliense - Radar\" \/>\n<meta property=\"og:description\" content=\"Dormir com o cabelo preso \u00e9 comum, mas esse h\u00e1bito pode influenciar a sa\u00fade dos fios e o conforto durante o sono. Entenda.\" \/>\n<meta property=\"og:url\" content=\"https:\/\/www.correiobraziliense.com.br\/cbradar\/o-que-significa-dormir-sempre-com-o-cabelo-preso\/\" \/>\n<meta property=\"og:site_name\" content=\"Correio Braziliense - Radar\" \/>\n<meta property=\"article:published_time\" content=\"2026-03-11T11:55:59+00:00\" \/>\n<meta property=\"og:image\" content=\"https:\/\/www.correiobraziliense.com.br\/cbradar\/wp-content\/uploads\/2026\/03\/freepik__mulher-deitada-na-cama-durante-a-noite-com-cabelo-__97660.jpeg\" \/>\n\t<meta property=\"og:image:width\" content=\"1280\" \/>\n\t<meta property=\"og:image:height\" content=\"720\" \/>\n\t<meta property=\"og:image:type\" content=\"image\/jpeg\" \/>\n<meta name=\"author\" content=\"Daniely Cardoso\" \/>\n<meta name=\"twitter:card\" content=\"summary_large_image\" \/>\n<meta name=\"twitter:label1\" content=\"Escrito por\" \/>\n\t<meta name=\"twitter:data1\" content=\"Daniely Cardoso\" \/>\n\t<meta name=\"twitter:label2\" content=\"Est. tempo de leitura\" \/>\n\t<meta name=\"twitter:data2\" content=\"5 minutos\" \/>\n<!-- \/ Yoast SEO plugin. -->","yoast_head_json":{"title":"O que significa dormir sempre com o cabelo preso - Correio Braziliense - Radar","description":"Dormir com o cabelo preso \u00e9 comum, mas esse h\u00e1bito pode influenciar a sa\u00fade dos fios e o conforto durante o sono. Entenda.","robots":{"index":"index","follow":"follow","max-snippet":"max-snippet:-1","max-image-preview":"max-image-preview:large","max-video-preview":"max-video-preview:-1"},"canonical":"https:\/\/www.correiobraziliense.com.br\/cbradar\/o-que-significa-dormir-sempre-com-o-cabelo-preso\/","og_locale":"pt_BR","og_type":"article","og_title":"O que significa dormir sempre com o cabelo preso - Correio Braziliense - Radar","og_description":"Dormir com o cabelo preso \u00e9 comum, mas esse h\u00e1bito pode influenciar a sa\u00fade dos fios e o conforto durante o sono. Entenda.","og_url":"https:\/\/www.correiobraziliense.com.br\/cbradar\/o-que-significa-dormir-sempre-com-o-cabelo-preso\/","og_site_name":"Correio Braziliense - Radar","article_published_time":"2026-03-11T11:55:59+00:00","og_image":[{"width":1280,"height":720,"url":"https:\/\/www.correiobraziliense.com.br\/cbradar\/wp-content\/uploads\/2026\/03\/freepik__mulher-deitada-na-cama-durante-a-noite-com-cabelo-__97660.jpeg","type":"image\/jpeg"}],"author":"Daniely Cardoso","twitter_card":"summary_large_image","twitter_misc":{"Escrito por":"Daniely Cardoso","Est. tempo de leitura":"5 minutos"},"schema":{"@context":"https:\/\/schema.org","@graph":[{"@type":"WebPage","@id":"https:\/\/www.correiobraziliense.com.br\/cbradar\/o-que-significa-dormir-sempre-com-o-cabelo-preso\/","url":"https:\/\/www.correiobraziliense.com.br\/cbradar\/o-que-significa-dormir-sempre-com-o-cabelo-preso\/","name":"O que significa dormir sempre com o cabelo preso - Correio Braziliense - Radar","isPartOf":{"@id":"https:\/\/www.correiobraziliense.com.br\/cbradar\/#website"},"primaryImageOfPage":{"@id":"https:\/\/www.correiobraziliense.com.br\/cbradar\/o-que-significa-dormir-sempre-com-o-cabelo-preso\/#primaryimage"},"image":{"@id":"https:\/\/www.correiobraziliense.com.br\/cbradar\/o-que-significa-dormir-sempre-com-o-cabelo-preso\/#primaryimage"},"thumbnailUrl":"https:\/\/www.correiobraziliense.com.br\/cbradar\/wp-content\/uploads\/2026\/03\/freepik__mulher-deitada-na-cama-durante-a-noite-com-cabelo-__97660.jpeg","datePublished":"2026-03-11T11:55:59+00:00","author":{"@id":"https:\/\/www.correiobraziliense.com.br\/cbradar\/#\/schema\/person\/7356666e12ec0ee53f348ee5db227032"},"description":"Dormir com o cabelo preso \u00e9 comum, mas esse h\u00e1bito pode influenciar a sa\u00fade dos fios e o conforto durante o sono. Entenda.","breadcrumb":{"@id":"https:\/\/www.correiobraziliense.com.br\/cbradar\/o-que-significa-dormir-sempre-com-o-cabelo-preso\/#breadcrumb"},"inLanguage":"pt-BR","potentialAction":[{"@type":"ReadAction","target":["https:\/\/www.correiobraziliense.com.br\/cbradar\/o-que-significa-dormir-sempre-com-o-cabelo-preso\/"]}]},{"@type":"ImageObject","inLanguage":"pt-BR","@id":"https:\/\/www.correiobraziliense.com.br\/cbradar\/o-que-significa-dormir-sempre-com-o-cabelo-preso\/#primaryimage","url":"https:\/\/www.correiobraziliense.com.br\/cbradar\/wp-content\/uploads\/2026\/03\/freepik__mulher-deitada-na-cama-durante-a-noite-com-cabelo-__97660.jpeg","contentUrl":"https:\/\/www.correiobraziliense.com.br\/cbradar\/wp-content\/uploads\/2026\/03\/freepik__mulher-deitada-na-cama-durante-a-noite-com-cabelo-__97660.jpeg","width":1280,"height":720,"caption":"Dormir com o cabelo muito apertado pode causar quebra dos fios e tens\u00e3o no couro cabeludo"},{"@type":"BreadcrumbList","@id":"https:\/\/www.correiobraziliense.com.br\/cbradar\/o-que-significa-dormir-sempre-com-o-cabelo-preso\/#breadcrumb","itemListElement":[{"@type":"ListItem","position":1,"name":"In\u00edcio","item":"https:\/\/www.correiobraziliense.com.br\/cbradar\/"},{"@type":"ListItem","position":2,"name":"O que significa dormir sempre com o cabelo preso"}]},{"@type":"WebSite","@id":"https:\/\/www.correiobraziliense.com.br\/cbradar\/#website","url":"https:\/\/www.correiobraziliense.com.br\/cbradar\/","name":"Correio Braziliense - Radar","description":"Acompanhe as \u00faltimas not\u00edcias e fique bem informado sobre tudo o que acontece no Brasil e no mundo.","potentialAction":[{"@type":"SearchAction","target":{"@type":"EntryPoint","urlTemplate":"https:\/\/www.correiobraziliense.com.br\/cbradar\/?s={search_term_string}"},"query-input":{"@type":"PropertyValueSpecification","valueRequired":true,"valueName":"search_term_string"}}],"inLanguage":"pt-BR"},{"@type":"Person","@id":"https:\/\/www.correiobraziliense.com.br\/cbradar\/#\/schema\/person\/7356666e12ec0ee53f348ee5db227032","name":"Daniely Cardoso","image":{"@type":"ImageObject","inLanguage":"pt-BR","@id":"https:\/\/www.correiobraziliense.com.br\/cbradar\/#\/schema\/person\/image\/","url":"https:\/\/secure.gravatar.com\/avatar\/4b80ddbd124d1f071b626d52d62e5dff?s=96&d=mm&r=g","contentUrl":"https:\/\/secure.gravatar.com\/avatar\/4b80ddbd124d1f071b626d52d62e5dff?s=96&d=mm&r=g","caption":"Daniely Cardoso"},"description":"Redatora nos portais CB Radar e EM Foco, formada pela Universidade Federal de Goi\u00e1s, em Goi\u00e2nia. Apaixonada por comunica\u00e7\u00e3o, arte, decora\u00e7\u00e3o e tend\u00eancias, atuo na produ\u00e7\u00e3o de conte\u00fados envolventes sobre curiosidades, moda, beleza e paisagismo, sempre com um olhar atento \u00e0s novidades do momento.","sameAs":["https:\/\/www.correiobraziliense.com.br\/cbradar"],"url":"https:\/\/www.correiobraziliense.com.br\/cbradar\/author\/danielymyth\/"}]}},"_links":{"self":[{"href":"https:\/\/www.correiobraziliense.com.br\/cbradar\/wp-json\/wp\/v2\/posts\/205920","targetHints":{"allow":["GET"]}}],"collection":[{"href":"https:\/\/www.correiobraziliense.com.br\/cbradar\/wp-json\/wp\/v2\/posts"}],"about":[{"href":"https:\/\/www.correiobraziliense.com.br\/cbradar\/wp-json\/wp\/v2\/types\/post"}],"author":[{"embeddable":true,"href":"https:\/\/www.correiobraziliense.com.br\/cbradar\/wp-json\/wp\/v2\/users\/9"}],"replies":[{"embeddable":true,"href":"https:\/\/www.correiobraziliense.com.br\/cbradar\/wp-json\/wp\/v2\/comments?post=205920"}],"version-history":[{"count":2,"href":"https:\/\/www.correiobraziliense.com.br\/cbradar\/wp-json\/wp\/v2\/posts\/205920\/revisions"}],"predecessor-version":[{"id":206048,"href":"https:\/\/www.correiobraziliense.com.br\/cbradar\/wp-json\/wp\/v2\/posts\/205920\/revisions\/206048"}],"wp:featuredmedia":[{"embeddable":true,"href":"https:\/\/www.correiobraziliense.com.br\/cbradar\/wp-json\/wp\/v2\/media\/206298"}],"wp:attachment":[{"href":"https:\/\/www.correiobraziliense.com.br\/cbradar\/wp-json\/wp\/v2\/media?parent=205920"}],"wp:term":[{"taxonomy":"category","embeddable":true,"href":"https:\/\/www.correiobraziliense.com.br\/cbradar\/wp-json\/wp\/v2\/categories?post=205920"},{"taxonomy":"post_tag","embeddable":true,"href":"https:\/\/www.correiobraziliense.com.br\/cbradar\/wp-json\/wp\/v2\/post_tag?post=205920"}],"curies":[{"name":"wp","href":"https:\/\/api.w.org\/{rel}","templated":true}]}}