{"id":205927,"date":"2026-03-11T14:25:25","date_gmt":"2026-03-11T17:25:25","guid":{"rendered":"https:\/\/www.correiobraziliense.com.br\/cbradar\/?p=205927"},"modified":"2026-03-10T16:13:51","modified_gmt":"2026-03-10T19:13:51","slug":"5-plantas-que-ajudam-a-proteger-a-horta-contra-insetos-e-outras-pragas-naturais","status":"publish","type":"post","link":"https:\/\/www.correiobraziliense.com.br\/cbradar\/5-plantas-que-ajudam-a-proteger-a-horta-contra-insetos-e-outras-pragas-naturais\/","title":{"rendered":"5 plantas que ajudam a proteger a horta contra insetos e outras pragas naturais"},"content":{"rendered":"\n<p>Voc\u00ea j\u00e1 percebeu que algumas <b>hortas<\/b> vivem cheias de <b>pragas<\/b>, enquanto outras seguem firmes e saud\u00e1veis, mesmo sem veneno? Muitas vezes, a diferen\u00e7a est\u00e1 nas <b>plantas<\/b> aliadas que o produtor escolhe para proteger seus canteiros de forma natural e cont\u00ednua.<\/p>\n\n\n\n<h2 class=\"wp-block-heading\">Plantas que protegem a horta e como elas funcionam<\/h2>\n\n\n\n<p>Em hortas dom\u00e9sticas ou profissionais, o controle de <b>pragas<\/b> costuma ser uma das principais preocupa\u00e7\u00f5es. Em vez de recorrer direto a produtos <b>qu\u00edmicos<\/b>, muita gente aposta em <b>plantas<\/b> que atuam como parceiras, ajudando a afastar insetos e outros bichinhos indesejados.<\/p>\n\n\n\n<p>Esse tipo de manejo, chamado de uso de <b>plantas<\/b> repelentes ou companheiras, busca equilibrar o <b>ambiente<\/b>. Elas confundem o olfato dos <b>insetos<\/b>, dificultam que encontrem as hortali\u00e7as ou at\u00e9 atraem inimigos naturais das pragas, criando um \u201ccampo de prote\u00e7\u00e3o\u201d ao redor da horta<\/p>\n\n\n<div class=\"wp-block-image\">\n<figure class=\"aligncenter size-large\"><img decoding=\"async\" width=\"1024\" height=\"576\" src=\"https:\/\/www.correiobraziliense.com.br\/cbradar\/wp-content\/uploads\/2025\/12\/Gemini_Generated_Image_sdmbumsdmbumsdmb-1-1024x576.png\" alt=\"\" class=\"wp-image-151244\" srcset=\"https:\/\/www.correiobraziliense.com.br\/cbradar\/wp-content\/uploads\/2025\/12\/Gemini_Generated_Image_sdmbumsdmbumsdmb-1-1024x576.png 1024w, https:\/\/www.correiobraziliense.com.br\/cbradar\/wp-content\/uploads\/2025\/12\/Gemini_Generated_Image_sdmbumsdmbumsdmb-1-300x169.png 300w, https:\/\/www.correiobraziliense.com.br\/cbradar\/wp-content\/uploads\/2025\/12\/Gemini_Generated_Image_sdmbumsdmbumsdmb-1-768x432.png 768w, https:\/\/www.correiobraziliense.com.br\/cbradar\/wp-content\/uploads\/2025\/12\/Gemini_Generated_Image_sdmbumsdmbumsdmb-1-750x422.png 750w, https:\/\/www.correiobraziliense.com.br\/cbradar\/wp-content\/uploads\/2025\/12\/Gemini_Generated_Image_sdmbumsdmbumsdmb-1-1140x641.png 1140w, https:\/\/www.correiobraziliense.com.br\/cbradar\/wp-content\/uploads\/2025\/12\/Gemini_Generated_Image_sdmbumsdmbumsdmb-1.png 1280w\" sizes=\"(max-width: 1024px) 100vw, 1024px\" \/><figcaption class=\"wp-element-caption\">O mecanismo de a\u00e7\u00e3o varia de acordo com a planta<\/figcaption><\/figure><\/div>\n\n\n<p>Leia tamb\u00e9m:&nbsp;<a href=\"https:\/\/www.correiobraziliense.com.br\/cbradar\/a-folha-verde-que-muita-gente-ignora-na-feira-pode-ajudar-o-intestino-e-ainda-e-facil-de-plantar-em-casa\/\" target=\"_blank\" rel=\"noopener\">A folha verde que muita gente ignora na feira pode ajudar o intestino e ainda \u00e9 f\u00e1cil de plantar em casa<\/a><\/p>\n\n\n\n<h2 class=\"wp-block-heading\">Como as plantas de prote\u00e7\u00e3o agem na pr\u00e1tica<\/h2>\n\n\n\n<p>O mecanismo de a\u00e7\u00e3o varia de acordo com a <b>planta<\/b>. Algumas, como a <b>hortel\u00e3<\/b>, t\u00eam um cheiro t\u00e3o marcante que incomoda formigas e certos insetos. Outras, como a <b>cal\u00eandula<\/b>, funcionam como isca: atraem pulg\u00f5es para si e desviam o ataque de alfaces, couves ou tomates.<\/p>\n\n\n\n<p>H\u00e1 ainda esp\u00e9cies como a <b>citronela<\/b>, famosa por afastar mosquitos, que tamb\u00e9m ajudam a reduzir insetos voadores perto da horta. A mistura de <b>aromas<\/b> e formatos deixa o ambiente \u201cconfuso\u201d para as <b>pragas<\/b>, mas confort\u00e1vel para as plantas e para quem cultiva.<\/p>\n\n\n\n<h2 class=\"wp-block-heading\">Quais s\u00e3o as 5 plantas que ajudam a proteger a horta<\/h2>\n\n\n\n<p>Entre as <b>plantas<\/b> mais usadas para prote\u00e7\u00e3o natural, cinco se destacam pela facilidade de cultivo e bons resultados: <strong>hortel\u00e3<\/strong>, <strong>manjeric\u00e3o<\/strong>, <strong>cal\u00eandula<\/strong>, <strong>alecrim<\/strong> e <strong>citronela<\/strong>. Todas podem ser plantadas em <b>canteiros<\/b>, vasos ou bordas de <b>horta<\/b>.<\/p>\n\n\n\n<p>Com luz adequada e solo bem drenado, elas crescem bem e ainda embelezam o espa\u00e7o. Al\u00e9m de afastar <b>pragas<\/b>, muitas s\u00e3o \u00fateis na <b>cozinha<\/b> e atraem polinizadores, deixando a horta mais viva e <b>diversa<\/b>.<\/p>\n\n\n\n<ul class=\"wp-block-list\">\n<li><strong>Hortel\u00e3<\/strong>: bastante usada na <b>culin\u00e1ria<\/b>, sua fragr\u00e2ncia intensa tende a afastar formigas, pulg\u00f5es e algumas lagartas; \u00e9 comum plantar em vasos para n\u00e3o se <b>espalhar<\/b> demais.<\/li>\n<\/ul>\n\n\n\n<figure class=\"wp-block-embed is-type-rich is-provider-pinterest wp-block-embed-pinterest\"><div class=\"wp-block-embed__wrapper\">\n<iframe loading=\"lazy\" title=\"Cuidados com Melissa e hortel\u00e3\" src=\"https:\/\/assets.pinterest.com\/ext\/embed.html?id=844493674771247&#038;src=oembed\" height=\"899\" width=\"450\" frameborder=\"0\" scrolling=\"no\" ><\/iframe>\n<\/div><\/figure>\n\n\n\n<ul class=\"wp-block-list\">\n<li><strong>Manjeric\u00e3o<\/strong>: costuma ser colocado ao lado de <b>tomateiros<\/b>, pois ajuda a reduzir moscas-brancas e outros insetos <b>sugadores<\/b>.<\/li>\n<\/ul>\n\n\n\n<figure class=\"wp-block-embed is-type-rich is-provider-pinterest wp-block-embed-pinterest\"><div class=\"wp-block-embed__wrapper\">\n<iframe loading=\"lazy\" title=\"Cuidados com o manjeric\u00e3o\" src=\"https:\/\/assets.pinterest.com\/ext\/embed.html?id=3518505954906327&#038;src=oembed\" height=\"899\" width=\"450\" frameborder=\"0\" scrolling=\"no\" ><\/iframe>\n<\/div><\/figure>\n\n\n\n<ul class=\"wp-block-list\">\n<li><strong>Cal\u00eandula<\/strong>: flor colorida que atrai pulg\u00f5es para si, agindo como planta-armadilha e protegendo culturas mais <b>sens\u00edveis<\/b>.<\/li>\n<\/ul>\n\n\n\n<figure class=\"wp-block-embed is-type-rich is-provider-pinterest wp-block-embed-pinterest\"><div class=\"wp-block-embed__wrapper\">\n<iframe loading=\"lazy\" title=\" \" src=\"https:\/\/assets.pinterest.com\/ext\/embed.html?id=1266706136892328&#038;src=oembed\" height=\"775\" width=\"450\" frameborder=\"0\" scrolling=\"no\" ><\/iframe>\n<\/div><\/figure>\n\n\n\n<ul class=\"wp-block-list\">\n<li><strong>Alecrim<\/strong>: seu aroma marcante pode desestimular o ataque de <b>moscas<\/b>, besouros e mariposas em algumas <b>hortali\u00e7as<\/b>.<\/li>\n<\/ul>\n\n\n\n<figure class=\"wp-block-embed is-type-rich is-provider-pinterest wp-block-embed-pinterest\"><div class=\"wp-block-embed__wrapper\">\n<iframe loading=\"lazy\" title=\"Cuidados com Alecrim\" src=\"https:\/\/assets.pinterest.com\/ext\/embed.html?id=68749466718&#038;src=oembed\" height=\"899\" width=\"450\" frameborder=\"0\" scrolling=\"no\" ><\/iframe>\n<\/div><\/figure>\n\n\n\n<ul class=\"wp-block-list\">\n<li><strong>Citronela<\/strong>: conhecida por repelir <b>mosquitos<\/b>, tamb\u00e9m ajuda a afastar insetos voadores no entorno da <b>horta<\/b>.<\/li>\n<\/ul>\n\n\n\n<figure class=\"wp-block-embed is-type-rich is-provider-pinterest wp-block-embed-pinterest\"><div class=\"wp-block-embed__wrapper\">\n<iframe loading=\"lazy\" title=\"My first time growing Citronella!\" src=\"https:\/\/assets.pinterest.com\/ext\/embed.html?id=1618549854061445&#038;src=oembed\" height=\"909\" width=\"450\" frameborder=\"0\" scrolling=\"no\" ><\/iframe>\n<\/div><\/figure>\n\n\n\n<h2 class=\"wp-block-heading\">Como usar hortel\u00e3 e manjeric\u00e3o para afastar insetos<\/h2>\n\n\n\n<p><b>Hortel\u00e3<\/b> e <b>manjeric\u00e3o<\/b> s\u00e3o exemplos cl\u00e1ssicos de plantas repelentes na horta. Em geral, s\u00e3o plantados nas bordas dos canteiros ou em vasos perto das hortali\u00e7as mais atacadas, ajudando a criar uma barreira arom\u00e1tica contra <b>insetos<\/b>.<\/p>\n\n\n\n<p>Por se darem muito bem em vasos, essas <b>ervas<\/b> podem ser movidas de lugar com facilidade. Assim, voc\u00ea aproxima ou afasta as <b>plantas<\/b> conforme o problema de pragas muda ao longo das <b>esta\u00e7\u00f5es<\/b>.<\/p>\n\n\n\n<ol class=\"wp-block-list\">\n<li><strong>Hortel\u00e3<\/strong>\n<ul class=\"wp-block-list\">\n<li>Plantar em vasos ou jardineiras para controlar o avan\u00e7o das <b>ra\u00edzes<\/b>.<\/li>\n\n\n\n<li>Posicionar perto de <b>alface<\/b>, couve ou repolho, que sofrem com insetos <b>mastigadores<\/b>.<\/li>\n\n\n\n<li>Manter o solo \u00famido, mas sem encharcar, e com boa <b>luminosidade<\/b>.<\/li>\n<\/ul>\n<\/li>\n\n\n\n<li><strong>Manjeric\u00e3o<\/strong>\n<ul class=\"wp-block-list\">\n<li>Colocar pr\u00f3ximo a <b>tomates<\/b>, piment\u00f5es e berinjelas, frequentemente atacados por <b>moscas-brancas<\/b>.<\/li>\n\n\n\n<li>Evitar encharcamento e garantir circula\u00e7\u00e3o de <b>ar<\/b> para reduzir <b>fungos<\/b>.<\/li>\n\n\n\n<li>Podar as pontas com frequ\u00eancia para estimular novas folhas e manter o <b>aroma<\/b> forte.<\/li>\n<\/ul>\n<\/li>\n<\/ol>\n\n\n\n<h2 class=\"wp-block-heading\">Como alecrim, cal\u00eandula e citronela equilibram a prote\u00e7\u00e3o da horta<\/h2>\n\n\n\n<p>Enquanto hortel\u00e3 e manjeric\u00e3o atuam principalmente na <b>repel\u00eancia<\/b>, alecrim, cal\u00eandula e citronela completam a prote\u00e7\u00e3o. O <b>alecrim<\/b> prefere sol forte e solo bem drenado, sendo ideal para bordas de canteiros e \u00e1reas mais secas da <b>horta<\/b>.<\/p>\n\n\n\n<p>A <b>cal\u00eandula<\/b>, al\u00e9m de servir como planta-armadilha, atrai abelhas e outros <b>polinizadores<\/b>, aumentando a produtividade. J\u00e1 a <b>citronela<\/b> cresce em touceiras e costuma ser plantada em cantos estrat\u00e9gicos, perto de \u00e1reas de circula\u00e7\u00e3o ou <b>descanso<\/b>, ajudando a diminuir a presen\u00e7a de mosquitos e outros voadores no entorno.<\/p>\n","protected":false},"excerpt":{"rendered":"<p>Voc\u00ea j\u00e1 percebeu que algumas hortas vivem cheias de pragas, enquanto outras seguem firmes e saud\u00e1veis, mesmo sem veneno? Muitas vezes, a diferen\u00e7a est\u00e1 nas plantas aliadas que o produtor escolhe para proteger seus canteiros de forma natural e cont\u00ednua. Plantas que protegem a horta e como elas funcionam Em hortas dom\u00e9sticas ou profissionais, o [&hellip;]<\/p>\n","protected":false},"author":9,"featured_media":206315,"comment_status":"open","ping_status":"open","sticky":false,"template":"","format":"standard","meta":{"_yoast_wpseo_focuskw":"Plantas que protegem a horta","_yoast_wpseo_title":"","_yoast_wpseo_metadesc":"Algumas plantas podem ajudar a afastar pragas da horta de forma natural e manter os canteiros mais saud\u00e1veis. Veja quais usar.","jnews-multi-image_gallery":[],"jnews_single_post":{"format":"standard"},"jnews_primary_category":[],"jnews_social_meta":[],"jnews_override_counter":[],"footnotes":""},"categories":[136],"tags":[1115,616,224,15925],"class_list":["post-205927","post","type-post","status-publish","format-standard","has-post-thumbnail","hentry","category-jardinagem","tag-insetos","tag-plantar","tag-plantas","tag-pragas-na-horta"],"yoast_head":"<!-- This site is optimized with the Yoast SEO plugin v24.6 - https:\/\/yoast.com\/wordpress\/plugins\/seo\/ -->\n<title>5 plantas que ajudam a proteger a horta contra insetos e outras pragas naturais - Correio Braziliense - Radar<\/title>\n<meta name=\"description\" content=\"Algumas plantas podem ajudar a afastar pragas da horta de forma natural e manter os canteiros mais saud\u00e1veis. Veja quais usar.\" \/>\n<meta name=\"robots\" content=\"index, follow, max-snippet:-1, max-image-preview:large, max-video-preview:-1\" \/>\n<link rel=\"canonical\" href=\"https:\/\/www.correiobraziliense.com.br\/cbradar\/5-plantas-que-ajudam-a-proteger-a-horta-contra-insetos-e-outras-pragas-naturais\/\" \/>\n<meta property=\"og:locale\" content=\"pt_BR\" \/>\n<meta property=\"og:type\" content=\"article\" \/>\n<meta property=\"og:title\" content=\"5 plantas que ajudam a proteger a horta contra insetos e outras pragas naturais - Correio Braziliense - Radar\" \/>\n<meta property=\"og:description\" content=\"Algumas plantas podem ajudar a afastar pragas da horta de forma natural e manter os canteiros mais saud\u00e1veis. Veja quais usar.\" \/>\n<meta property=\"og:url\" content=\"https:\/\/www.correiobraziliense.com.br\/cbradar\/5-plantas-que-ajudam-a-proteger-a-horta-contra-insetos-e-outras-pragas-naturais\/\" \/>\n<meta property=\"og:site_name\" content=\"Correio Braziliense - Radar\" \/>\n<meta property=\"article:published_time\" content=\"2026-03-11T17:25:25+00:00\" \/>\n<meta property=\"og:image\" content=\"https:\/\/www.correiobraziliense.com.br\/cbradar\/wp-content\/uploads\/2026\/03\/freepik__pequena-horta-domstica-em-canteiro-de-madeira-com-__97667.jpeg\" \/>\n\t<meta property=\"og:image:width\" content=\"1280\" \/>\n\t<meta property=\"og:image:height\" content=\"720\" \/>\n\t<meta property=\"og:image:type\" content=\"image\/jpeg\" \/>\n<meta name=\"author\" content=\"Daniely Cardoso\" \/>\n<meta name=\"twitter:card\" content=\"summary_large_image\" \/>\n<meta name=\"twitter:label1\" content=\"Escrito por\" \/>\n\t<meta name=\"twitter:data1\" content=\"Daniely Cardoso\" \/>\n\t<meta name=\"twitter:label2\" content=\"Est. tempo de leitura\" \/>\n\t<meta name=\"twitter:data2\" content=\"4 minutos\" \/>\n<!-- \/ Yoast SEO plugin. -->","yoast_head_json":{"title":"5 plantas que ajudam a proteger a horta contra insetos e outras pragas naturais - Correio Braziliense - Radar","description":"Algumas plantas podem ajudar a afastar pragas da horta de forma natural e manter os canteiros mais saud\u00e1veis. Veja quais usar.","robots":{"index":"index","follow":"follow","max-snippet":"max-snippet:-1","max-image-preview":"max-image-preview:large","max-video-preview":"max-video-preview:-1"},"canonical":"https:\/\/www.correiobraziliense.com.br\/cbradar\/5-plantas-que-ajudam-a-proteger-a-horta-contra-insetos-e-outras-pragas-naturais\/","og_locale":"pt_BR","og_type":"article","og_title":"5 plantas que ajudam a proteger a horta contra insetos e outras pragas naturais - Correio Braziliense - Radar","og_description":"Algumas plantas podem ajudar a afastar pragas da horta de forma natural e manter os canteiros mais saud\u00e1veis. Veja quais usar.","og_url":"https:\/\/www.correiobraziliense.com.br\/cbradar\/5-plantas-que-ajudam-a-proteger-a-horta-contra-insetos-e-outras-pragas-naturais\/","og_site_name":"Correio Braziliense - Radar","article_published_time":"2026-03-11T17:25:25+00:00","og_image":[{"width":1280,"height":720,"url":"https:\/\/www.correiobraziliense.com.br\/cbradar\/wp-content\/uploads\/2026\/03\/freepik__pequena-horta-domstica-em-canteiro-de-madeira-com-__97667.jpeg","type":"image\/jpeg"}],"author":"Daniely Cardoso","twitter_card":"summary_large_image","twitter_misc":{"Escrito por":"Daniely Cardoso","Est. tempo de leitura":"4 minutos"},"schema":{"@context":"https:\/\/schema.org","@graph":[{"@type":"WebPage","@id":"https:\/\/www.correiobraziliense.com.br\/cbradar\/5-plantas-que-ajudam-a-proteger-a-horta-contra-insetos-e-outras-pragas-naturais\/","url":"https:\/\/www.correiobraziliense.com.br\/cbradar\/5-plantas-que-ajudam-a-proteger-a-horta-contra-insetos-e-outras-pragas-naturais\/","name":"5 plantas que ajudam a proteger a horta contra insetos e outras pragas naturais - Correio Braziliense - Radar","isPartOf":{"@id":"https:\/\/www.correiobraziliense.com.br\/cbradar\/#website"},"primaryImageOfPage":{"@id":"https:\/\/www.correiobraziliense.com.br\/cbradar\/5-plantas-que-ajudam-a-proteger-a-horta-contra-insetos-e-outras-pragas-naturais\/#primaryimage"},"image":{"@id":"https:\/\/www.correiobraziliense.com.br\/cbradar\/5-plantas-que-ajudam-a-proteger-a-horta-contra-insetos-e-outras-pragas-naturais\/#primaryimage"},"thumbnailUrl":"https:\/\/www.correiobraziliense.com.br\/cbradar\/wp-content\/uploads\/2026\/03\/freepik__pequena-horta-domstica-em-canteiro-de-madeira-com-__97667.jpeg","datePublished":"2026-03-11T17:25:25+00:00","author":{"@id":"https:\/\/www.correiobraziliense.com.br\/cbradar\/#\/schema\/person\/7356666e12ec0ee53f348ee5db227032"},"description":"Algumas plantas podem ajudar a afastar pragas da horta de forma natural e manter os canteiros mais saud\u00e1veis. Veja quais usar.","breadcrumb":{"@id":"https:\/\/www.correiobraziliense.com.br\/cbradar\/5-plantas-que-ajudam-a-proteger-a-horta-contra-insetos-e-outras-pragas-naturais\/#breadcrumb"},"inLanguage":"pt-BR","potentialAction":[{"@type":"ReadAction","target":["https:\/\/www.correiobraziliense.com.br\/cbradar\/5-plantas-que-ajudam-a-proteger-a-horta-contra-insetos-e-outras-pragas-naturais\/"]}]},{"@type":"ImageObject","inLanguage":"pt-BR","@id":"https:\/\/www.correiobraziliense.com.br\/cbradar\/5-plantas-que-ajudam-a-proteger-a-horta-contra-insetos-e-outras-pragas-naturais\/#primaryimage","url":"https:\/\/www.correiobraziliense.com.br\/cbradar\/wp-content\/uploads\/2026\/03\/freepik__pequena-horta-domstica-em-canteiro-de-madeira-com-__97667.jpeg","contentUrl":"https:\/\/www.correiobraziliense.com.br\/cbradar\/wp-content\/uploads\/2026\/03\/freepik__pequena-horta-domstica-em-canteiro-de-madeira-com-__97667.jpeg","width":1280,"height":720,"caption":"Algumas plantas arom\u00e1ticas ajudam a afastar insetos indesejados da horta"},{"@type":"BreadcrumbList","@id":"https:\/\/www.correiobraziliense.com.br\/cbradar\/5-plantas-que-ajudam-a-proteger-a-horta-contra-insetos-e-outras-pragas-naturais\/#breadcrumb","itemListElement":[{"@type":"ListItem","position":1,"name":"In\u00edcio","item":"https:\/\/www.correiobraziliense.com.br\/cbradar\/"},{"@type":"ListItem","position":2,"name":"5 plantas que ajudam a proteger a horta contra insetos e outras pragas naturais"}]},{"@type":"WebSite","@id":"https:\/\/www.correiobraziliense.com.br\/cbradar\/#website","url":"https:\/\/www.correiobraziliense.com.br\/cbradar\/","name":"Correio Braziliense - Radar","description":"Acompanhe as \u00faltimas not\u00edcias e fique bem informado sobre tudo o que acontece no Brasil e no mundo.","potentialAction":[{"@type":"SearchAction","target":{"@type":"EntryPoint","urlTemplate":"https:\/\/www.correiobraziliense.com.br\/cbradar\/?s={search_term_string}"},"query-input":{"@type":"PropertyValueSpecification","valueRequired":true,"valueName":"search_term_string"}}],"inLanguage":"pt-BR"},{"@type":"Person","@id":"https:\/\/www.correiobraziliense.com.br\/cbradar\/#\/schema\/person\/7356666e12ec0ee53f348ee5db227032","name":"Daniely Cardoso","image":{"@type":"ImageObject","inLanguage":"pt-BR","@id":"https:\/\/www.correiobraziliense.com.br\/cbradar\/#\/schema\/person\/image\/","url":"https:\/\/secure.gravatar.com\/avatar\/4b80ddbd124d1f071b626d52d62e5dff?s=96&d=mm&r=g","contentUrl":"https:\/\/secure.gravatar.com\/avatar\/4b80ddbd124d1f071b626d52d62e5dff?s=96&d=mm&r=g","caption":"Daniely Cardoso"},"description":"Redatora nos portais CB Radar e EM Foco, formada pela Universidade Federal de Goi\u00e1s, em Goi\u00e2nia. Apaixonada por comunica\u00e7\u00e3o, arte, decora\u00e7\u00e3o e tend\u00eancias, atuo na produ\u00e7\u00e3o de conte\u00fados envolventes sobre curiosidades, moda, beleza e paisagismo, sempre com um olhar atento \u00e0s novidades do momento.","sameAs":["https:\/\/www.correiobraziliense.com.br\/cbradar"],"url":"https:\/\/www.correiobraziliense.com.br\/cbradar\/author\/danielymyth\/"}]}},"_links":{"self":[{"href":"https:\/\/www.correiobraziliense.com.br\/cbradar\/wp-json\/wp\/v2\/posts\/205927","targetHints":{"allow":["GET"]}}],"collection":[{"href":"https:\/\/www.correiobraziliense.com.br\/cbradar\/wp-json\/wp\/v2\/posts"}],"about":[{"href":"https:\/\/www.correiobraziliense.com.br\/cbradar\/wp-json\/wp\/v2\/types\/post"}],"author":[{"embeddable":true,"href":"https:\/\/www.correiobraziliense.com.br\/cbradar\/wp-json\/wp\/v2\/users\/9"}],"replies":[{"embeddable":true,"href":"https:\/\/www.correiobraziliense.com.br\/cbradar\/wp-json\/wp\/v2\/comments?post=205927"}],"version-history":[{"count":2,"href":"https:\/\/www.correiobraziliense.com.br\/cbradar\/wp-json\/wp\/v2\/posts\/205927\/revisions"}],"predecessor-version":[{"id":206043,"href":"https:\/\/www.correiobraziliense.com.br\/cbradar\/wp-json\/wp\/v2\/posts\/205927\/revisions\/206043"}],"wp:featuredmedia":[{"embeddable":true,"href":"https:\/\/www.correiobraziliense.com.br\/cbradar\/wp-json\/wp\/v2\/media\/206315"}],"wp:attachment":[{"href":"https:\/\/www.correiobraziliense.com.br\/cbradar\/wp-json\/wp\/v2\/media?parent=205927"}],"wp:term":[{"taxonomy":"category","embeddable":true,"href":"https:\/\/www.correiobraziliense.com.br\/cbradar\/wp-json\/wp\/v2\/categories?post=205927"},{"taxonomy":"post_tag","embeddable":true,"href":"https:\/\/www.correiobraziliense.com.br\/cbradar\/wp-json\/wp\/v2\/tags?post=205927"}],"curies":[{"name":"wp","href":"https:\/\/api.w.org\/{rel}","templated":true}]}}