{"id":205928,"date":"2026-03-11T16:35:31","date_gmt":"2026-03-11T19:35:31","guid":{"rendered":"https:\/\/www.correiobraziliense.com.br\/cbradar\/?p=205928"},"modified":"2026-03-10T16:15:17","modified_gmt":"2026-03-10T19:15:17","slug":"3-plantas-que-ajudam-a-afastar-mosquitos-da-varanda-e-deixam-o-ambiente-mais-confortavel","status":"publish","type":"post","link":"https:\/\/www.correiobraziliense.com.br\/cbradar\/3-plantas-que-ajudam-a-afastar-mosquitos-da-varanda-e-deixam-o-ambiente-mais-confortavel\/","title":{"rendered":"3 plantas que ajudam a afastar mosquitos da varanda e deixam o ambiente mais confort\u00e1vel"},"content":{"rendered":"\n<p>Voc\u00ea j\u00e1 tentou relaxar na <b>varanda<\/b> numa tarde quente e acabou fugindo por causa dos <b>mosquitos<\/b>? Esse inc\u00f4modo \u00e9 bem comum, mas d\u00e1 para tornar o espa\u00e7o mais agrad\u00e1vel com solu\u00e7\u00f5es simples. Al\u00e9m de telas e <b>repelentes<\/b>, usar plantas que naturalmente ajudam a afastar mosquitos \u00e9 uma forma de deixar a varanda bonita, cheirosa e mais confort\u00e1vel para o dia a dia, sem grandes mudan\u00e7as na rotina.<\/p>\n\n\n\n<h2 class=\"wp-block-heading\">Como as plantas podem ajudar a afastar mosquitos da varanda<\/h2>\n\n\n\n<p>Algumas <b>plantas<\/b> liberam aromas que incomodam os mosquitos, gra\u00e7as aos \u00f3leos naturais presentes em suas folhas. Quando ficam em vasos perto de <b>portas<\/b>, janelas ou \u00e1reas de descanso, elas criam uma esp\u00e9cie de \u201ccampo de cheiro\u201d que pode diminuir a circula\u00e7\u00e3o desses <b>insetos<\/b>.<\/p>\n\n\n\n<p>Entre as mais usadas est\u00e3o a <b>citronela<\/b>, o manjeric\u00e3o e a lavanda. Cada uma tem um perfume caracter\u00edstico, um jeitinho pr\u00f3prio de cuidado e pode combinar bem com diferentes estilos de varanda, desde espa\u00e7os pequenos at\u00e9 \u00e1reas mais <b>amplas<\/b>.<\/p>\n\n\n<div class=\"wp-block-image\">\n<figure class=\"aligncenter size-large\"><img decoding=\"async\" width=\"1024\" height=\"576\" src=\"https:\/\/www.correiobraziliense.com.br\/cbradar\/wp-content\/uploads\/2025\/12\/Gemini_Generated_Image_nwqi9cnwqi9cnwqi-1-1024x576.png\" alt=\"\" class=\"wp-image-149896\" srcset=\"https:\/\/www.correiobraziliense.com.br\/cbradar\/wp-content\/uploads\/2025\/12\/Gemini_Generated_Image_nwqi9cnwqi9cnwqi-1-1024x576.png 1024w, https:\/\/www.correiobraziliense.com.br\/cbradar\/wp-content\/uploads\/2025\/12\/Gemini_Generated_Image_nwqi9cnwqi9cnwqi-1-300x169.png 300w, https:\/\/www.correiobraziliense.com.br\/cbradar\/wp-content\/uploads\/2025\/12\/Gemini_Generated_Image_nwqi9cnwqi9cnwqi-1-768x432.png 768w, https:\/\/www.correiobraziliense.com.br\/cbradar\/wp-content\/uploads\/2025\/12\/Gemini_Generated_Image_nwqi9cnwqi9cnwqi-1-750x422.png 750w, https:\/\/www.correiobraziliense.com.br\/cbradar\/wp-content\/uploads\/2025\/12\/Gemini_Generated_Image_nwqi9cnwqi9cnwqi-1-1140x641.png 1140w, https:\/\/www.correiobraziliense.com.br\/cbradar\/wp-content\/uploads\/2025\/12\/Gemini_Generated_Image_nwqi9cnwqi9cnwqi-1.png 1280w\" sizes=\"(max-width: 1024px) 100vw, 1024px\" \/><figcaption class=\"wp-element-caption\">A hortel\u00e3-pimenta \u00e9 uma planta rizomatosa, o que significa que ela se propaga rapidamente por meio de caules subterr\u00e2neos<\/figcaption><\/figure><\/div>\n\n\n<p>Leia tamb\u00e9m:&nbsp;<a href=\"https:\/\/www.correiobraziliense.com.br\/cbradar\/a-folha-verde-que-muita-gente-ignora-na-feira-pode-ajudar-o-intestino-e-ainda-e-facil-de-plantar-em-casa\/\" target=\"_blank\" rel=\"noopener\">A folha verde que muita gente ignora na feira pode ajudar o intestino e ainda \u00e9 f\u00e1cil de plantar em casa<\/a><\/p>\n\n\n\n<h2 class=\"wp-block-heading\">Citronela \u00e9 realmente uma das plantas mais usadas contra mosquitos<\/h2>\n\n\n\n<p>A <b>citronela<\/b> \u00e9 aquela planta que muita gente lembra quando pensa em afastar mosquitos de forma natural. Seu cheiro forte e marcante \u00e9 usado em <b>velas<\/b>, sprays e lo\u00e7\u00f5es, e em vasos ao redor da varanda pode formar uma barreira arom\u00e1tica que dificulta a aproxima\u00e7\u00e3o dos <b>insetos<\/b>.<\/p>\n\n\n\n<p>Para manter a citronela bonita e saud\u00e1vel, \u00e9 importante cuidar do <b>ambiente<\/b> onde ela fica e da forma de regar, j\u00e1 que ela cresce bastante e gosta de sol. Algumas pessoas ainda cortam algumas <b>folhas<\/b> e deixam em pequenos arranjos sobre a mesa, para refor\u00e7ar o aroma nos pontos onde passam mais <b>tempo<\/b>.<\/p>\n\n\n\n<h2 class=\"wp-block-heading\">Como cuidar da citronela no dia a dia<\/h2>\n\n\n\n<p>Se voc\u00ea quiser que a <b>citronela<\/b> dure bastante tempo na varanda, vale prestar aten\u00e7\u00e3o em alguns detalhes simples. Assim, ela cresce firme, ocupa bem os cantos do <b>espa\u00e7o<\/b> e continua liberando aquele cheiro que tanto incomoda os <b>mosquitos<\/b>.<\/p>\n\n\n\n<ul class=\"wp-block-list\">\n<li><b>Ambiente<\/b> com boa incid\u00eancia de sol direto<\/li>\n\n\n\n<li>Rega moderada, sem <b>encharcar<\/b> o solo<\/li>\n\n\n\n<li>Vasos <b>grandes<\/b>, pois a planta cresce bastante<\/li>\n\n\n\n<li>Poda leve peri\u00f3dica para estimular novos <b>brotos<\/b><\/li>\n<\/ul>\n\n\n\n<p>Se voc\u00ea gosta de cultivo, separamos esse v\u00eddeo do <a href=\"https:\/\/www.youtube.com\/@hortamineira1234\" target=\"_blank\" rel=\"noreferrer noopener\">Horta Mineira<\/a> ensinando a plantar citronela em casa:<\/p>\n\n\n\n<figure class=\"wp-block-embed is-type-video is-provider-youtube wp-block-embed-youtube wp-embed-aspect-16-9 wp-has-aspect-ratio\"><div class=\"wp-block-embed__wrapper\">\n<div class=\"jeg_video_container jeg_video_content\"><iframe loading=\"lazy\" title=\"COMO PLANTAR CITRONELA\" width=\"500\" height=\"281\" src=\"https:\/\/www.youtube.com\/embed\/QDargIs61qs?start=2&#038;feature=oembed\" frameborder=\"0\" allow=\"accelerometer; autoplay; clipboard-write; encrypted-media; gyroscope; picture-in-picture; web-share\" referrerpolicy=\"strict-origin-when-cross-origin\" allowfullscreen><\/iframe><\/div>\n<\/div><\/figure>\n\n\n\n<h2 class=\"wp-block-heading\">Como o manjeric\u00e3o pode ajudar a afastar mosquitos<\/h2>\n\n\n\n<p>O <b>manjeric\u00e3o<\/b> n\u00e3o \u00e9 s\u00f3 um tempero delicioso: ele tamb\u00e9m pode ajudar a deixar os mosquitos mais longe. O cheiro das <b>folhas<\/b>, principalmente quando s\u00e3o tocadas, funciona como um repelente suave em \u00e1reas externas, ideal para varandas pequenas ou <b>m\u00e9dias<\/b>.<\/p>\n\n\n\n<p>Ter alguns vasos de manjeric\u00e3o espalhados pela varanda une o \u00fatil ao agrad\u00e1vel. Voc\u00ea colhe <b>folhas<\/b> frescas para cozinhar e ainda ganha um ambiente mais cheiroso. Um truque simples \u00e9 passar a m\u00e3o nas folhas pouco antes de usar a <b>varanda<\/b>, para intensificar o <b>aroma<\/b>.<\/p>\n\n\n\n<h2 class=\"wp-block-heading\">Quais s\u00e3o os cuidados b\u00e1sicos com o manjeric\u00e3o<\/h2>\n\n\n\n<p>Para que o <b>manjeric\u00e3o<\/b> fique cheio, verdinho e bem perfumado, alguns cuidados fazem diferen\u00e7a. Ele se adapta bem a <b>jardineiras<\/b> e vasos compactos, desde que receba luz e \u00e1gua na medida certa, sem <b>exageros<\/b>.<\/p>\n\n\n\n<ol class=\"wp-block-list\">\n<li>Deixar o vaso em local com boa <b>luminosidade<\/b> e algumas horas de sol direto<\/li>\n\n\n\n<li>Regar com frequ\u00eancia, mantendo o solo levemente <b>\u00famido<\/b><\/li>\n\n\n\n<li>Retirar <b>flores<\/b> se o foco for ter mais folhas<\/li>\n\n\n\n<li>Podar pontas com regularidade para evitar plantas muito altas e <b>fr\u00e1geis<\/b><\/li>\n<\/ol>\n\n\n\n<figure class=\"wp-block-embed is-type-rich is-provider-pinterest wp-block-embed-pinterest\"><div class=\"wp-block-embed__wrapper\">\n<iframe loading=\"lazy\" title=\"Cuidados com o manjeric\u00e3o\" src=\"https:\/\/assets.pinterest.com\/ext\/embed.html?id=3518505954906327&#038;src=oembed\" height=\"899\" width=\"450\" frameborder=\"0\" scrolling=\"no\" ><\/iframe>\n<\/div><\/figure>\n\n\n\n<h2 class=\"wp-block-heading\">Lavanda perfuma e ainda ajuda a proteger o ambiente<\/h2>\n\n\n\n<p>A <b>lavanda<\/b> \u00e9 aquela planta que chama aten\u00e7\u00e3o pelo visual e pelo perfume. Suas flores arroxeadas deixam a varanda mais <b>charmosa<\/b>, enquanto o cheiro suave ajuda a tornar o ambiente menos atraente para mosquitos, principalmente em \u00e1reas bem <b>ventiladas<\/b>.<\/p>\n\n\n\n<p>O \u00f3leo essencial de lavanda \u00e9 muito usado em produtos de <b>bem-estar<\/b>, o que mostra a for\u00e7a do aroma. Em casa, voc\u00ea pode aproveitar a planta tanto em vasos quanto usando ramos <b>secos<\/b> em pequenos arranjos para manter o perfume por mais <b>tempo<\/b>.<\/p>\n\n\n\n<h2 class=\"wp-block-heading\">Como cuidar da lavanda em vasos na varanda<\/h2>\n\n\n\n<p>Para que a <b>lavanda<\/b> se desenvolva bem, \u00e9 importante oferecer bastante sol, boa circula\u00e7\u00e3o de ar e um solo que n\u00e3o acumule \u00e1gua. Assim, ela continua florida, perfumada e ajuda a deixar o clima da <b>varanda<\/b> mais leve e at\u00e9 mais <b>aconchegante<\/b>.<\/p>\n\n\n\n<ul class=\"wp-block-list\">\n<li>Preferir locais <b>ensolarados<\/b> e bem ventilados<\/li>\n\n\n\n<li>Usar solo seco, com boa <b>drenagem<\/b><\/li>\n\n\n\n<li>Escolher vasos com furos e camada de <b>pedrinhas<\/b> no fundo<\/li>\n\n\n\n<li>Retirar flores <b>secas<\/b> para estimular a renova\u00e7\u00e3o da planta<\/li>\n<\/ul>\n\n\n\n<figure class=\"wp-block-embed is-type-rich is-provider-pinterest wp-block-embed-pinterest\"><div class=\"wp-block-embed__wrapper\">\n<iframe loading=\"lazy\" title=\"Se voc\u00ea sempre quis cultivar lavanda em casa e desfrutar do aroma e beleza desta planta encantadora, ent\u00e3o esse v\u00eddeo \u00e9 para voc\u00ea! Descubra os segredos para ter uma planta\u00e7\u00e3o de lavanda exuberante e saud\u00e1vel em seu jardim ou em vasos. N\u00e3o perca essa oportunidade de trazer o charme e o aroma da lavanda para o seu lar. Deixe sua casa mais verde com a Plantei!! #plantas #lavanda#cuidadoscomasplantas #lojaplantei #biologia #botanica #saltogrande#gardencente\" src=\"https:\/\/assets.pinterest.com\/ext\/embed.html?id=1266706141766872&#038;src=oembed\" height=\"899\" width=\"450\" frameborder=\"0\" scrolling=\"no\" ><\/iframe>\n<\/div><\/figure>\n\n\n\n<h2 class=\"wp-block-heading\">Como combinar citronela, manjeric\u00e3o e lavanda na varanda<\/h2>\n\n\n\n<p>Essas tr\u00eas <b>plantas<\/b> podem conviver muito bem na mesma varanda, desde que cada uma tenha o tipo de vaso, solo e sol ideais. Uma estrat\u00e9gia simples \u00e9 criar um \u201ccintur\u00e3o <b>verde<\/b>\u201d perto do per\u00edmetro do espa\u00e7o, deixando os vasos nos pontos onde o vento circula mais, para espalhar melhor o <b>aroma<\/b>.<\/p>\n\n\n\n<p>Voc\u00ea pode colocar <b>citronela<\/b> em vasos grandes nos cantos, usar <b>manjeric\u00e3o<\/b> em jardineiras pr\u00f3ximas \u00e0s portas e janelas e posicionar a lavanda perto de poltronas ou mesas. Mesmo assim, \u00e9 importante lembrar que essas plantas s\u00e3o um complemento: ainda \u00e9 essencial evitar <b>\u00e1gua<\/b> parada, usar telas e seguir outras formas de prote\u00e7\u00e3o para deixar a varanda realmente confort\u00e1vel para <b>descansar<\/b>.<\/p>\n","protected":false},"excerpt":{"rendered":"<p>Voc\u00ea j\u00e1 tentou relaxar na varanda numa tarde quente e acabou fugindo por causa dos mosquitos? Esse inc\u00f4modo \u00e9 bem comum, mas d\u00e1 para tornar o espa\u00e7o mais agrad\u00e1vel com solu\u00e7\u00f5es simples. Al\u00e9m de telas e repelentes, usar plantas que naturalmente ajudam a afastar mosquitos \u00e9 uma forma de deixar a varanda bonita, cheirosa e [&hellip;]<\/p>\n","protected":false},"author":9,"featured_media":206310,"comment_status":"open","ping_status":"open","sticky":false,"template":"","format":"standard","meta":{"_yoast_wpseo_focuskw":"plantas que afastam mosquitos","_yoast_wpseo_title":"","_yoast_wpseo_metadesc":"Algumas plantas podem ajudar a afastar pragas da horta de forma natural e manter os canteiros mais saud\u00e1veis. Veja quais usar.","jnews-multi-image_gallery":[],"jnews_single_post":{"format":"standard"},"jnews_primary_category":[],"jnews_social_meta":[],"jnews_override_counter":[],"footnotes":""},"categories":[136],"tags":[15926,224,15927],"class_list":["post-205928","post","type-post","status-publish","format-standard","has-post-thumbnail","hentry","category-jardinagem","tag-anti-mosquito","tag-plantas","tag-plantas-na-varanda"],"yoast_head":"<!-- This site is optimized with the Yoast SEO plugin v24.6 - https:\/\/yoast.com\/wordpress\/plugins\/seo\/ -->\n<title>3 plantas que ajudam a afastar mosquitos da varanda e deixam o ambiente mais confort\u00e1vel - Correio Braziliense - Radar<\/title>\n<meta name=\"description\" content=\"Algumas plantas podem ajudar a afastar pragas da horta de forma natural e manter os canteiros mais saud\u00e1veis. Veja quais usar.\" \/>\n<meta name=\"robots\" content=\"index, follow, max-snippet:-1, max-image-preview:large, max-video-preview:-1\" \/>\n<link rel=\"canonical\" href=\"https:\/\/www.correiobraziliense.com.br\/cbradar\/3-plantas-que-ajudam-a-afastar-mosquitos-da-varanda-e-deixam-o-ambiente-mais-confortavel\/\" \/>\n<meta property=\"og:locale\" content=\"pt_BR\" \/>\n<meta property=\"og:type\" content=\"article\" \/>\n<meta property=\"og:title\" content=\"3 plantas que ajudam a afastar mosquitos da varanda e deixam o ambiente mais confort\u00e1vel - Correio Braziliense - Radar\" \/>\n<meta property=\"og:description\" content=\"Algumas plantas podem ajudar a afastar pragas da horta de forma natural e manter os canteiros mais saud\u00e1veis. Veja quais usar.\" \/>\n<meta property=\"og:url\" content=\"https:\/\/www.correiobraziliense.com.br\/cbradar\/3-plantas-que-ajudam-a-afastar-mosquitos-da-varanda-e-deixam-o-ambiente-mais-confortavel\/\" \/>\n<meta property=\"og:site_name\" content=\"Correio Braziliense - Radar\" \/>\n<meta property=\"article:published_time\" content=\"2026-03-11T19:35:31+00:00\" \/>\n<meta property=\"og:image\" content=\"https:\/\/www.correiobraziliense.com.br\/cbradar\/wp-content\/uploads\/2026\/03\/freepik__vaso-grande-de-citronela-verde-e-volumosa-em-uma-v__97670.jpeg\" \/>\n\t<meta property=\"og:image:width\" content=\"1280\" \/>\n\t<meta property=\"og:image:height\" content=\"720\" \/>\n\t<meta property=\"og:image:type\" content=\"image\/jpeg\" \/>\n<meta name=\"author\" content=\"Daniely Cardoso\" \/>\n<meta name=\"twitter:card\" content=\"summary_large_image\" \/>\n<meta name=\"twitter:label1\" content=\"Escrito por\" \/>\n\t<meta name=\"twitter:data1\" content=\"Daniely Cardoso\" \/>\n\t<meta name=\"twitter:label2\" content=\"Est. tempo de leitura\" \/>\n\t<meta name=\"twitter:data2\" content=\"6 minutos\" \/>\n<!-- \/ Yoast SEO plugin. -->","yoast_head_json":{"title":"3 plantas que ajudam a afastar mosquitos da varanda e deixam o ambiente mais confort\u00e1vel - Correio Braziliense - Radar","description":"Algumas plantas podem ajudar a afastar pragas da horta de forma natural e manter os canteiros mais saud\u00e1veis. Veja quais usar.","robots":{"index":"index","follow":"follow","max-snippet":"max-snippet:-1","max-image-preview":"max-image-preview:large","max-video-preview":"max-video-preview:-1"},"canonical":"https:\/\/www.correiobraziliense.com.br\/cbradar\/3-plantas-que-ajudam-a-afastar-mosquitos-da-varanda-e-deixam-o-ambiente-mais-confortavel\/","og_locale":"pt_BR","og_type":"article","og_title":"3 plantas que ajudam a afastar mosquitos da varanda e deixam o ambiente mais confort\u00e1vel - Correio Braziliense - Radar","og_description":"Algumas plantas podem ajudar a afastar pragas da horta de forma natural e manter os canteiros mais saud\u00e1veis. Veja quais usar.","og_url":"https:\/\/www.correiobraziliense.com.br\/cbradar\/3-plantas-que-ajudam-a-afastar-mosquitos-da-varanda-e-deixam-o-ambiente-mais-confortavel\/","og_site_name":"Correio Braziliense - Radar","article_published_time":"2026-03-11T19:35:31+00:00","og_image":[{"width":1280,"height":720,"url":"https:\/\/www.correiobraziliense.com.br\/cbradar\/wp-content\/uploads\/2026\/03\/freepik__vaso-grande-de-citronela-verde-e-volumosa-em-uma-v__97670.jpeg","type":"image\/jpeg"}],"author":"Daniely Cardoso","twitter_card":"summary_large_image","twitter_misc":{"Escrito por":"Daniely Cardoso","Est. tempo de leitura":"6 minutos"},"schema":{"@context":"https:\/\/schema.org","@graph":[{"@type":"WebPage","@id":"https:\/\/www.correiobraziliense.com.br\/cbradar\/3-plantas-que-ajudam-a-afastar-mosquitos-da-varanda-e-deixam-o-ambiente-mais-confortavel\/","url":"https:\/\/www.correiobraziliense.com.br\/cbradar\/3-plantas-que-ajudam-a-afastar-mosquitos-da-varanda-e-deixam-o-ambiente-mais-confortavel\/","name":"3 plantas que ajudam a afastar mosquitos da varanda e deixam o ambiente mais confort\u00e1vel - Correio Braziliense - Radar","isPartOf":{"@id":"https:\/\/www.correiobraziliense.com.br\/cbradar\/#website"},"primaryImageOfPage":{"@id":"https:\/\/www.correiobraziliense.com.br\/cbradar\/3-plantas-que-ajudam-a-afastar-mosquitos-da-varanda-e-deixam-o-ambiente-mais-confortavel\/#primaryimage"},"image":{"@id":"https:\/\/www.correiobraziliense.com.br\/cbradar\/3-plantas-que-ajudam-a-afastar-mosquitos-da-varanda-e-deixam-o-ambiente-mais-confortavel\/#primaryimage"},"thumbnailUrl":"https:\/\/www.correiobraziliense.com.br\/cbradar\/wp-content\/uploads\/2026\/03\/freepik__vaso-grande-de-citronela-verde-e-volumosa-em-uma-v__97670.jpeg","datePublished":"2026-03-11T19:35:31+00:00","author":{"@id":"https:\/\/www.correiobraziliense.com.br\/cbradar\/#\/schema\/person\/7356666e12ec0ee53f348ee5db227032"},"description":"Algumas plantas podem ajudar a afastar pragas da horta de forma natural e manter os canteiros mais saud\u00e1veis. Veja quais usar.","breadcrumb":{"@id":"https:\/\/www.correiobraziliense.com.br\/cbradar\/3-plantas-que-ajudam-a-afastar-mosquitos-da-varanda-e-deixam-o-ambiente-mais-confortavel\/#breadcrumb"},"inLanguage":"pt-BR","potentialAction":[{"@type":"ReadAction","target":["https:\/\/www.correiobraziliense.com.br\/cbradar\/3-plantas-que-ajudam-a-afastar-mosquitos-da-varanda-e-deixam-o-ambiente-mais-confortavel\/"]}]},{"@type":"ImageObject","inLanguage":"pt-BR","@id":"https:\/\/www.correiobraziliense.com.br\/cbradar\/3-plantas-que-ajudam-a-afastar-mosquitos-da-varanda-e-deixam-o-ambiente-mais-confortavel\/#primaryimage","url":"https:\/\/www.correiobraziliense.com.br\/cbradar\/wp-content\/uploads\/2026\/03\/freepik__vaso-grande-de-citronela-verde-e-volumosa-em-uma-v__97670.jpeg","contentUrl":"https:\/\/www.correiobraziliense.com.br\/cbradar\/wp-content\/uploads\/2026\/03\/freepik__vaso-grande-de-citronela-verde-e-volumosa-em-uma-v__97670.jpeg","width":1280,"height":720,"caption":"A citronela cont\u00e9m compostos naturais usados na produ\u00e7\u00e3o de repelentes"},{"@type":"BreadcrumbList","@id":"https:\/\/www.correiobraziliense.com.br\/cbradar\/3-plantas-que-ajudam-a-afastar-mosquitos-da-varanda-e-deixam-o-ambiente-mais-confortavel\/#breadcrumb","itemListElement":[{"@type":"ListItem","position":1,"name":"In\u00edcio","item":"https:\/\/www.correiobraziliense.com.br\/cbradar\/"},{"@type":"ListItem","position":2,"name":"3 plantas que ajudam a afastar mosquitos da varanda e deixam o ambiente mais confort\u00e1vel"}]},{"@type":"WebSite","@id":"https:\/\/www.correiobraziliense.com.br\/cbradar\/#website","url":"https:\/\/www.correiobraziliense.com.br\/cbradar\/","name":"Correio Braziliense - Radar","description":"Acompanhe as \u00faltimas not\u00edcias e fique bem informado sobre tudo o que acontece no Brasil e no mundo.","potentialAction":[{"@type":"SearchAction","target":{"@type":"EntryPoint","urlTemplate":"https:\/\/www.correiobraziliense.com.br\/cbradar\/?s={search_term_string}"},"query-input":{"@type":"PropertyValueSpecification","valueRequired":true,"valueName":"search_term_string"}}],"inLanguage":"pt-BR"},{"@type":"Person","@id":"https:\/\/www.correiobraziliense.com.br\/cbradar\/#\/schema\/person\/7356666e12ec0ee53f348ee5db227032","name":"Daniely Cardoso","image":{"@type":"ImageObject","inLanguage":"pt-BR","@id":"https:\/\/www.correiobraziliense.com.br\/cbradar\/#\/schema\/person\/image\/","url":"https:\/\/secure.gravatar.com\/avatar\/4b80ddbd124d1f071b626d52d62e5dff?s=96&d=mm&r=g","contentUrl":"https:\/\/secure.gravatar.com\/avatar\/4b80ddbd124d1f071b626d52d62e5dff?s=96&d=mm&r=g","caption":"Daniely Cardoso"},"description":"Redatora nos portais CB Radar e EM Foco, formada pela Universidade Federal de Goi\u00e1s, em Goi\u00e2nia. Apaixonada por comunica\u00e7\u00e3o, arte, decora\u00e7\u00e3o e tend\u00eancias, atuo na produ\u00e7\u00e3o de conte\u00fados envolventes sobre curiosidades, moda, beleza e paisagismo, sempre com um olhar atento \u00e0s novidades do momento.","sameAs":["https:\/\/www.correiobraziliense.com.br\/cbradar"],"url":"https:\/\/www.correiobraziliense.com.br\/cbradar\/author\/danielymyth\/"}]}},"_links":{"self":[{"href":"https:\/\/www.correiobraziliense.com.br\/cbradar\/wp-json\/wp\/v2\/posts\/205928","targetHints":{"allow":["GET"]}}],"collection":[{"href":"https:\/\/www.correiobraziliense.com.br\/cbradar\/wp-json\/wp\/v2\/posts"}],"about":[{"href":"https:\/\/www.correiobraziliense.com.br\/cbradar\/wp-json\/wp\/v2\/types\/post"}],"author":[{"embeddable":true,"href":"https:\/\/www.correiobraziliense.com.br\/cbradar\/wp-json\/wp\/v2\/users\/9"}],"replies":[{"embeddable":true,"href":"https:\/\/www.correiobraziliense.com.br\/cbradar\/wp-json\/wp\/v2\/comments?post=205928"}],"version-history":[{"count":2,"href":"https:\/\/www.correiobraziliense.com.br\/cbradar\/wp-json\/wp\/v2\/posts\/205928\/revisions"}],"predecessor-version":[{"id":206044,"href":"https:\/\/www.correiobraziliense.com.br\/cbradar\/wp-json\/wp\/v2\/posts\/205928\/revisions\/206044"}],"wp:featuredmedia":[{"embeddable":true,"href":"https:\/\/www.correiobraziliense.com.br\/cbradar\/wp-json\/wp\/v2\/media\/206310"}],"wp:attachment":[{"href":"https:\/\/www.correiobraziliense.com.br\/cbradar\/wp-json\/wp\/v2\/media?parent=205928"}],"wp:term":[{"taxonomy":"category","embeddable":true,"href":"https:\/\/www.correiobraziliense.com.br\/cbradar\/wp-json\/wp\/v2\/categories?post=205928"},{"taxonomy":"post_tag","embeddable":true,"href":"https:\/\/www.correiobraziliense.com.br\/cbradar\/wp-json\/wp\/v2\/tags?post=205928"}],"curies":[{"name":"wp","href":"https:\/\/api.w.org\/{rel}","templated":true}]}}