{"id":205929,"date":"2026-03-11T17:45:36","date_gmt":"2026-03-11T20:45:36","guid":{"rendered":"https:\/\/www.correiobraziliense.com.br\/cbradar\/?p=205929"},"modified":"2026-03-10T16:25:19","modified_gmt":"2026-03-10T19:25:19","slug":"8-plantas-companheiras-que-ajudam-a-prosperar-a-alface-e-o-que-nao-plantar-por-perto","status":"publish","type":"post","link":"https:\/\/www.correiobraziliense.com.br\/cbradar\/8-plantas-companheiras-que-ajudam-a-prosperar-a-alface-e-o-que-nao-plantar-por-perto\/","title":{"rendered":"8 plantas companheiras que ajudam a prosperar a alface e o que n\u00e3o plantar por perto"},"content":{"rendered":"\n<p>Voc\u00ea j\u00e1 tentou cultivar <b>alface<\/b> em casa e percebeu que, mesmo regando e adubando direitinho, algumas mudas n\u00e3o v\u00e3o pra frente? Em muitas hortas, o segredo n\u00e3o est\u00e1 s\u00f3 no <b>solo<\/b> ou na \u00e1gua, mas nas \u201cvizinhas\u201d da alface. Usar <b>plantas<\/b> companheiras para alface \u00e9 uma forma simples e natural de afastar pragas, melhorar o solo e aproveitar melhor cada cantinho do canteiro ou da horta em vasos.<\/p>\n\n\n\n<h2 class=\"wp-block-heading\">O que s\u00e3o plantas companheiras e por que ajudam a alface<\/h2>\n\n\n\n<p>Plantas companheiras s\u00e3o <b>esp\u00e9cies<\/b> que convivem bem lado a lado, sem brigar por espa\u00e7o, \u00e1gua ou nutrientes. No caso da <b>alface<\/b>, a ideia \u00e9 junt\u00e1-la com plantas que tenham ra\u00edzes em profundidades diferentes, aromas que confundam pragas ou flores que atraiam insetos ben\u00e9ficos.<\/p>\n\n\n\n<p>Isso deixa a horta mais <b>equilibrada<\/b>, com menos necessidade de defensivos qu\u00edmicos e menor risco de ataques fortes de pragas. Al\u00e9m disso, quando as esp\u00e9cies se completam, a <b>luz<\/b> e os nutrientes s\u00e3o melhor aproveitados, o que ajuda a alface a chegar ao ponto de colheita com folhas mais bonitas e saud\u00e1veis.<\/p>\n\n\n<div class=\"wp-block-image\">\n<figure class=\"aligncenter size-large\"><img decoding=\"async\" width=\"1024\" height=\"576\" src=\"https:\/\/www.correiobraziliense.com.br\/cbradar\/wp-content\/uploads\/2025\/11\/alface-plantacao_1763054437217-1024x576.jpg\" alt=\"\" class=\"wp-image-136813\" srcset=\"https:\/\/www.correiobraziliense.com.br\/cbradar\/wp-content\/uploads\/2025\/11\/alface-plantacao_1763054437217-1024x576.jpg 1024w, https:\/\/www.correiobraziliense.com.br\/cbradar\/wp-content\/uploads\/2025\/11\/alface-plantacao_1763054437217-300x169.jpg 300w, https:\/\/www.correiobraziliense.com.br\/cbradar\/wp-content\/uploads\/2025\/11\/alface-plantacao_1763054437217-768x432.jpg 768w, https:\/\/www.correiobraziliense.com.br\/cbradar\/wp-content\/uploads\/2025\/11\/alface-plantacao_1763054437217-750x422.jpg 750w, https:\/\/www.correiobraziliense.com.br\/cbradar\/wp-content\/uploads\/2025\/11\/alface-plantacao_1763054437217-1140x641.jpg 1140w, https:\/\/www.correiobraziliense.com.br\/cbradar\/wp-content\/uploads\/2025\/11\/alface-plantacao_1763054437217.jpg 1280w\" sizes=\"(max-width: 1024px) 100vw, 1024px\" \/><figcaption class=\"wp-element-caption\">Antes de iniciar o plantio, \u00e9 importante selecionar a variedade de alface que melhor se adapta ao ambiente dispon\u00edvel e ao gosto pessoal &#8211; Cr\u00e9ditos: depositphotos.com \/ sanddebeautheil<\/figcaption><\/figure><\/div>\n\n\n<p>Leia tamb\u00e9m:&nbsp;<a href=\"https:\/\/www.correiobraziliense.com.br\/cbradar\/a-folha-verde-que-muita-gente-ignora-na-feira-pode-ajudar-o-intestino-e-ainda-e-facil-de-plantar-em-casa\/\" target=\"_blank\" rel=\"noopener\">A folha verde que muita gente ignora na feira pode ajudar o intestino e ainda \u00e9 f\u00e1cil de plantar em casa<\/a><\/p>\n\n\n\n<h2 class=\"wp-block-heading\">Quais plantas companheiras ajudam a alface a prosperar<\/h2>\n\n\n\n<p>Algumas plantas s\u00e3o verdadeiras <b>parceiras<\/b> da alface e funcionam muito bem em hortas pequenas, canteiros, vasos grandes e jardineiras. Elas ajudam a soltar o <b>solo<\/b>, afastar insetos, atrair polinizadores e at\u00e9 permitir colheitas variadas no mesmo espa\u00e7o.<\/p>\n\n\n\n<ul class=\"wp-block-list\">\n<li><b>Cenoura<\/b>: possui ra\u00edzes profundas que n\u00e3o competem diretamente com o sistema radicular mais superficial da alface. Essa combina\u00e7\u00e3o aproveita bem o espa\u00e7o vertical do solo e permite plantio mais <b>adensado<\/b> sem prejudicar o crescimento.<\/li>\n<\/ul>\n\n\n\n<figure class=\"wp-block-embed is-type-rich is-provider-pinterest wp-block-embed-pinterest\"><div class=\"wp-block-embed__wrapper\">\n<iframe loading=\"lazy\" title=\"Como plantar cenoura\" src=\"https:\/\/assets.pinterest.com\/ext\/embed.html?id=809733208020178358&#038;src=oembed\" height=\"899\" width=\"450\" frameborder=\"0\" scrolling=\"no\" ><\/iframe>\n<\/div><\/figure>\n\n\n\n<ul class=\"wp-block-list\">\n<li><b>Rabanete<\/b>: de ciclo r\u00e1pido, ocupa pouco tempo no canteiro e solta o solo com suas ra\u00edzes tuberosas. Isso favorece a aera\u00e7\u00e3o e a infiltra\u00e7\u00e3o de <b>\u00e1gua<\/b> para a alface, al\u00e9m de permitir colheitas escalonadas na mesma \u00e1rea.<\/li>\n<\/ul>\n\n\n\n<figure class=\"wp-block-embed is-type-rich is-provider-pinterest wp-block-embed-pinterest\"><div class=\"wp-block-embed__wrapper\">\n<iframe loading=\"lazy\" title=\" \" src=\"https:\/\/assets.pinterest.com\/ext\/embed.html?id=251216485453116772&#038;src=oembed\" height=\"899\" width=\"450\" frameborder=\"0\" scrolling=\"no\" ><\/iframe>\n<\/div><\/figure>\n\n\n\n<ul class=\"wp-block-list\">\n<li><b>Cebolinha<\/b>: o cheiro caracter\u00edstico das plantas da fam\u00edlia das ali\u00e1ceas ajuda a afastar pulg\u00f5es e outros insetos sugadores. Pode ser plantada em bordaduras dos canteiros, formando uma esp\u00e9cie de barreira <b>natural<\/b> ao redor da alface.<\/li>\n<\/ul>\n\n\n\n<figure class=\"wp-block-embed is-type-rich is-provider-pinterest wp-block-embed-pinterest\"><div class=\"wp-block-embed__wrapper\">\n<iframe loading=\"lazy\" title=\"como ter cebolinha bonita em vaso? dicas de cultivo de cebolinha. horta em apartamento.\" src=\"https:\/\/assets.pinterest.com\/ext\/embed.html?id=714242822169369239&#038;src=oembed\" height=\"899\" width=\"450\" frameborder=\"0\" scrolling=\"no\" ><\/iframe>\n<\/div><\/figure>\n\n\n\n<ul class=\"wp-block-list\">\n<li><b>Alho<\/b>: assim como a cebolinha, libera compostos sulfurados que s\u00e3o pouco atraentes para diversas pragas. O plantio intercalado entre as linhas de <b>alface<\/b> \u00e9 uma pr\u00e1tica comum em hortas familiares.<\/li>\n<\/ul>\n\n\n\n<figure class=\"wp-block-embed is-type-rich is-provider-pinterest wp-block-embed-pinterest\"><div class=\"wp-block-embed__wrapper\">\n<iframe loading=\"lazy\" title=\"Como planta alho em casa\ud83c\udf51\" src=\"https:\/\/assets.pinterest.com\/ext\/embed.html?id=1122100063385434789&#038;src=oembed\" height=\"899\" width=\"450\" frameborder=\"0\" scrolling=\"no\" ><\/iframe>\n<\/div><\/figure>\n\n\n\n<ul class=\"wp-block-list\">\n<li><b>Cal\u00eandula<\/b>: al\u00e9m de ser ornamental, \u00e9 usada como planta-trampa para atrair insetos que poderiam atacar a alface. Suas flores tamb\u00e9m contribuem para a presen\u00e7a de <b>polinizadores<\/b> e outros insetos ben\u00e9ficos.<\/li>\n<\/ul>\n\n\n\n<figure class=\"wp-block-embed is-type-rich is-provider-pinterest wp-block-embed-pinterest\"><div class=\"wp-block-embed__wrapper\">\n<iframe loading=\"lazy\" title=\" \" src=\"https:\/\/assets.pinterest.com\/ext\/embed.html?id=1266706136892328&#038;src=oembed\" height=\"775\" width=\"450\" frameborder=\"0\" scrolling=\"no\" ><\/iframe>\n<\/div><\/figure>\n\n\n\n<ul class=\"wp-block-list\">\n<li><b>Tagetes<\/b> (cravo-de-defunto): conhecido por auxiliar no controle de nematoides em algumas situa\u00e7\u00f5es, tamb\u00e9m apresenta aroma intenso que confunde pragas. Costuma ser plantado em bordaduras ou entre os canteiros de <b>alface<\/b>.<\/li>\n<\/ul>\n\n\n\n<figure class=\"wp-block-embed is-type-rich is-provider-pinterest wp-block-embed-pinterest\"><div class=\"wp-block-embed__wrapper\">\n<iframe loading=\"lazy\" title=\"Cravo de Defunto (Parte 1\/3)\" src=\"https:\/\/assets.pinterest.com\/ext\/embed.html?id=385057836911229802&#038;src=oembed\" height=\"699\" width=\"450\" frameborder=\"0\" scrolling=\"no\" ><\/iframe>\n<\/div><\/figure>\n\n\n\n<ul class=\"wp-block-list\">\n<li><b>Nast\u00farcio<\/b> (chaguinha): serve como planta atrativa para pulg\u00f5es, que tendem a se concentrar nela em vez da alface. Suas flores e folhas s\u00e3o comest\u00edveis, o que agrega <b>diversidade<\/b> de colheita.<\/li>\n<\/ul>\n\n\n\n<figure class=\"wp-block-embed is-type-rich is-provider-pinterest wp-block-embed-pinterest\"><div class=\"wp-block-embed__wrapper\">\n<iframe loading=\"lazy\" title=\" \" src=\"https:\/\/assets.pinterest.com\/ext\/embed.html?id=2462974789045082&#038;src=oembed\" height=\"899\" width=\"450\" frameborder=\"0\" scrolling=\"no\" ><\/iframe>\n<\/div><\/figure>\n\n\n\n<ul class=\"wp-block-list\">\n<li><b>R\u00facula<\/b>: quando cultivada pr\u00f3xima \u00e0 alface, ajuda a diversificar o canteiro e, em muitos casos, compartilha bem o espa\u00e7o e o manejo. Seu ciclo relativamente r\u00e1pido permite <b>rota\u00e7\u00e3o<\/b> e colheitas frequentes.<\/li>\n<\/ul>\n\n\n\n<figure class=\"wp-block-embed is-type-rich is-provider-pinterest wp-block-embed-pinterest\"><div class=\"wp-block-embed__wrapper\">\n<iframe loading=\"lazy\" title=\"Dicas para cultivar r\u00facula em casa  - Siga nosso perfil para mais dicas\" src=\"https:\/\/assets.pinterest.com\/ext\/embed.html?id=1097048790454540858&#038;src=oembed\" height=\"899\" width=\"450\" frameborder=\"0\" scrolling=\"no\" ><\/iframe>\n<\/div><\/figure>\n\n\n\n<p>Essas esp\u00e9cies podem ser organizadas de diferentes formas no canteiro, desde linhas alternadas at\u00e9 pequenos agrupamentos. A escolha depende do espa\u00e7o dispon\u00edvel, da \u00e9poca do ano e se voc\u00ea quer focar mais em produ\u00e7\u00e3o <b>cont\u00ednua<\/b> ou em maior atra\u00e7\u00e3o de insetos <b>ben\u00e9ficos<\/b>.<\/p>\n\n\n\n<h2 class=\"wp-block-heading\">O que evitar plantar perto da alface<\/h2>\n\n\n\n<p>Assim como existem boas associa\u00e7\u00f5es com alface, h\u00e1 combina\u00e7\u00f5es que costumam dar dor de cabe\u00e7a. Algumas plantas competem demais por <b>luz<\/b> e nutrientes ou atraem pragas que tamb\u00e9m atacam a alface, deixando a <b>horta<\/b> mais vulner\u00e1vel.<\/p>\n\n\n\n<ul class=\"wp-block-list\">\n<li><b>Br\u00f3colis<\/b>, couve-flor e repolho (outras br\u00e1ssicas): podem atrair as mesmas lagartas que atacam a alface e exigem mais nutrientes, aumentando a <b>competi\u00e7\u00e3o<\/b> em canteiros pequenos.<\/li>\n\n\n\n<li><b>Milho<\/b>: o porte alto faz sombra excessiva, reduzindo a luminosidade necess\u00e1ria para que a alface forme cabe\u00e7as mais compactas e folhas bem <b>desenvolvidas<\/b>.<\/li>\n\n\n\n<li><b>Girassol<\/b>: al\u00e9m de sombrear, \u00e9 uma planta de grande porte e raiz vigorosa, que tende a dominar o espa\u00e7o f\u00edsico e nutricional ao <b>redor<\/b>.<\/li>\n\n\n\n<li><b>Funcho<\/b> (erva-doce): \u00e9 frequentemente citado em manejos tradicionais como planta pouco compat\u00edvel com v\u00e1rias hortali\u00e7as, inclusive a alface, por poss\u00edvel libera\u00e7\u00e3o de subst\u00e2ncias que atrapalham o <b>crescimento<\/b> de outras esp\u00e9cies.<\/li>\n<\/ul>\n\n\n\n<p>Se voc\u00ea gosta de cultivo, separamos esse v\u00eddeo do canal <a href=\"https:\/\/www.youtube.com\/@hortamineira1234\" target=\"_blank\" rel=\"noreferrer noopener\">Horta Mineira<\/a> ensinando a plantar alface em casa:<\/p>\n\n\n\n<figure class=\"wp-block-embed is-type-video is-provider-youtube wp-block-embed-youtube wp-embed-aspect-16-9 wp-has-aspect-ratio\"><div class=\"wp-block-embed__wrapper\">\n<div class=\"jeg_video_container jeg_video_content\"><iframe loading=\"lazy\" title=\"COMO GERMINAR SEMENTE DE ALFACE FACILMENTE\" width=\"500\" height=\"281\" src=\"https:\/\/www.youtube.com\/embed\/4n0a2Aw27tI?feature=oembed\" frameborder=\"0\" allow=\"accelerometer; autoplay; clipboard-write; encrypted-media; gyroscope; picture-in-picture; web-share\" referrerpolicy=\"strict-origin-when-cross-origin\" allowfullscreen><\/iframe><\/div>\n<\/div><\/figure>\n\n\n\n<h2 class=\"wp-block-heading\">Como organizar a horta para aproveitar as plantas companheiras<\/h2>\n\n\n\n<p>Para que as plantas companheiras da <b>alface<\/b> realmente fa\u00e7am diferen\u00e7a, vale planejar um pouco o espa\u00e7o antes de sair plantando. Em \u00e1reas pequenas, funciona bem montar \u201cfileiras mistas\u201d, com mais de uma <b>esp\u00e9cie<\/b> no mesmo canteiro, em vez de blocos grandes de uma \u00fanica planta.<\/p>\n\n\n\n<p>Uma boa forma de come\u00e7ar \u00e9 combinar as plantas companheiras com pr\u00e1ticas simples, como aduba\u00e7\u00e3o <b>org\u00e2nica<\/b>, irriga\u00e7\u00e3o regular e rota\u00e7\u00e3o de culturas ao longo do ano. Para isso, voc\u00ea pode organizar o canteiro assim:<\/p>\n\n\n\n<ul class=\"wp-block-list\">\n<li>Intercalar linhas de <b>alface<\/b> com linhas de cenoura, rabanete ou <b>r\u00facula<\/b>;<\/li>\n\n\n\n<li>Usar cebolinha, alho, tagetes e cal\u00eandula nas bordas dos <b>canteiros<\/b>;<\/li>\n\n\n\n<li>Reservar vasos ou pontos espec\u00edficos para nast\u00farcio, funcionando como planta-<b>trampa<\/b>;<\/li>\n\n\n\n<li>Manter esp\u00e9cies muito altas, como milho e girassol, em \u00e1reas separadas, onde n\u00e3o sombreiem a <b>alface<\/b>.<\/li>\n<\/ul>\n\n\n\n<p>Com essa combina\u00e7\u00e3o de boas vizinhas, manejo <b>b\u00e1sico<\/b> e observa\u00e7\u00e3o do dia a dia, a tend\u00eancia \u00e9 que suas alfaces cres\u00e7am mais <b>vigorosas<\/b>, com menos problemas de pragas e um uso muito melhor do espa\u00e7o da sua horta caseira.<\/p>\n","protected":false},"excerpt":{"rendered":"<p>Voc\u00ea j\u00e1 tentou cultivar alface em casa e percebeu que, mesmo regando e adubando direitinho, algumas mudas n\u00e3o v\u00e3o pra frente? Em muitas hortas, o segredo n\u00e3o est\u00e1 s\u00f3 no solo ou na \u00e1gua, mas nas \u201cvizinhas\u201d da alface. Usar plantas companheiras para alface \u00e9 uma forma simples e natural de afastar pragas, melhorar o [&hellip;]<\/p>\n","protected":false},"author":9,"featured_media":206320,"comment_status":"open","ping_status":"open","sticky":false,"template":"","format":"standard","meta":{"_yoast_wpseo_focuskw":"plantas companheiras","_yoast_wpseo_title":"","_yoast_wpseo_metadesc":"Algumas plantas podem ajudar a alface a crescer melhor e ainda reduzir pragas na horta. Veja boas combina\u00e7\u00f5es para plantar juntas.","jnews-multi-image_gallery":[],"jnews_single_post":{"format":"standard"},"jnews_primary_category":[],"jnews_social_meta":[],"jnews_override_counter":[],"footnotes":""},"categories":[136],"post_tag":[15928,943,3174,1531],"class_list":["post-205929","post","type-post","status-publish","format-standard","has-post-thumbnail","hentry","category-jardinagem","tag-alfaces","tag-horta","tag-plantar-em-casa","tag-plantas-companheiras"],"yoast_head":"<!-- This site is optimized with the Yoast SEO plugin v24.6 - https:\/\/yoast.com\/wordpress\/plugins\/seo\/ -->\n<title>8 plantas companheiras que ajudam a prosperar a alface e o que n\u00e3o plantar por perto - Correio Braziliense - Radar<\/title>\n<meta name=\"description\" content=\"Algumas plantas podem ajudar a alface a crescer melhor e ainda reduzir pragas na horta. Veja boas combina\u00e7\u00f5es para plantar juntas.\" \/>\n<meta name=\"robots\" content=\"index, follow, max-snippet:-1, max-image-preview:large, max-video-preview:-1\" \/>\n<link rel=\"canonical\" href=\"https:\/\/www.correiobraziliense.com.br\/cbradar\/8-plantas-companheiras-que-ajudam-a-prosperar-a-alface-e-o-que-nao-plantar-por-perto\/\" \/>\n<meta property=\"og:locale\" content=\"pt_BR\" \/>\n<meta property=\"og:type\" content=\"article\" \/>\n<meta property=\"og:title\" content=\"8 plantas companheiras que ajudam a prosperar a alface e o que n\u00e3o plantar por perto - Correio Braziliense - Radar\" \/>\n<meta property=\"og:description\" content=\"Algumas plantas podem ajudar a alface a crescer melhor e ainda reduzir pragas na horta. Veja boas combina\u00e7\u00f5es para plantar juntas.\" \/>\n<meta property=\"og:url\" content=\"https:\/\/www.correiobraziliense.com.br\/cbradar\/8-plantas-companheiras-que-ajudam-a-prosperar-a-alface-e-o-que-nao-plantar-por-perto\/\" \/>\n<meta property=\"og:site_name\" content=\"Correio Braziliense - Radar\" \/>\n<meta property=\"article:published_time\" content=\"2026-03-11T20:45:36+00:00\" \/>\n<meta property=\"og:image\" content=\"https:\/\/www.correiobraziliense.com.br\/cbradar\/wp-content\/uploads\/2026\/03\/freepik__canteiro-de-horta-caseira-com-fileiras-de-alface-v__97671.jpeg\" \/>\n\t<meta property=\"og:image:width\" content=\"1280\" \/>\n\t<meta property=\"og:image:height\" content=\"720\" \/>\n\t<meta property=\"og:image:type\" content=\"image\/jpeg\" \/>\n<meta name=\"author\" content=\"Daniely Cardoso\" \/>\n<meta name=\"twitter:card\" content=\"summary_large_image\" \/>\n<meta name=\"twitter:label1\" content=\"Escrito por\" \/>\n\t<meta name=\"twitter:data1\" content=\"Daniely Cardoso\" \/>\n\t<meta name=\"twitter:label2\" content=\"Est. tempo de leitura\" \/>\n\t<meta name=\"twitter:data2\" content=\"6 minutos\" \/>\n<!-- \/ Yoast SEO plugin. -->","yoast_head_json":{"title":"8 plantas companheiras que ajudam a prosperar a alface e o que n\u00e3o plantar por perto - Correio Braziliense - Radar","description":"Algumas plantas podem ajudar a alface a crescer melhor e ainda reduzir pragas na horta. Veja boas combina\u00e7\u00f5es para plantar juntas.","robots":{"index":"index","follow":"follow","max-snippet":"max-snippet:-1","max-image-preview":"max-image-preview:large","max-video-preview":"max-video-preview:-1"},"canonical":"https:\/\/www.correiobraziliense.com.br\/cbradar\/8-plantas-companheiras-que-ajudam-a-prosperar-a-alface-e-o-que-nao-plantar-por-perto\/","og_locale":"pt_BR","og_type":"article","og_title":"8 plantas companheiras que ajudam a prosperar a alface e o que n\u00e3o plantar por perto - Correio Braziliense - Radar","og_description":"Algumas plantas podem ajudar a alface a crescer melhor e ainda reduzir pragas na horta. Veja boas combina\u00e7\u00f5es para plantar juntas.","og_url":"https:\/\/www.correiobraziliense.com.br\/cbradar\/8-plantas-companheiras-que-ajudam-a-prosperar-a-alface-e-o-que-nao-plantar-por-perto\/","og_site_name":"Correio Braziliense - Radar","article_published_time":"2026-03-11T20:45:36+00:00","og_image":[{"width":1280,"height":720,"url":"https:\/\/www.correiobraziliense.com.br\/cbradar\/wp-content\/uploads\/2026\/03\/freepik__canteiro-de-horta-caseira-com-fileiras-de-alface-v__97671.jpeg","type":"image\/jpeg"}],"author":"Daniely Cardoso","twitter_card":"summary_large_image","twitter_misc":{"Escrito por":"Daniely Cardoso","Est. tempo de leitura":"6 minutos"},"schema":{"@context":"https:\/\/schema.org","@graph":[{"@type":"WebPage","@id":"https:\/\/www.correiobraziliense.com.br\/cbradar\/8-plantas-companheiras-que-ajudam-a-prosperar-a-alface-e-o-que-nao-plantar-por-perto\/","url":"https:\/\/www.correiobraziliense.com.br\/cbradar\/8-plantas-companheiras-que-ajudam-a-prosperar-a-alface-e-o-que-nao-plantar-por-perto\/","name":"8 plantas companheiras que ajudam a prosperar a alface e o que n\u00e3o plantar por perto - Correio Braziliense - Radar","isPartOf":{"@id":"https:\/\/www.correiobraziliense.com.br\/cbradar\/#website"},"primaryImageOfPage":{"@id":"https:\/\/www.correiobraziliense.com.br\/cbradar\/8-plantas-companheiras-que-ajudam-a-prosperar-a-alface-e-o-que-nao-plantar-por-perto\/#primaryimage"},"image":{"@id":"https:\/\/www.correiobraziliense.com.br\/cbradar\/8-plantas-companheiras-que-ajudam-a-prosperar-a-alface-e-o-que-nao-plantar-por-perto\/#primaryimage"},"thumbnailUrl":"https:\/\/www.correiobraziliense.com.br\/cbradar\/wp-content\/uploads\/2026\/03\/freepik__canteiro-de-horta-caseira-com-fileiras-de-alface-v__97671.jpeg","datePublished":"2026-03-11T20:45:36+00:00","author":{"@id":"https:\/\/www.correiobraziliense.com.br\/cbradar\/#\/schema\/person\/7356666e12ec0ee53f348ee5db227032"},"description":"Algumas plantas podem ajudar a alface a crescer melhor e ainda reduzir pragas na horta. Veja boas combina\u00e7\u00f5es para plantar juntas.","breadcrumb":{"@id":"https:\/\/www.correiobraziliense.com.br\/cbradar\/8-plantas-companheiras-que-ajudam-a-prosperar-a-alface-e-o-que-nao-plantar-por-perto\/#breadcrumb"},"inLanguage":"pt-BR","potentialAction":[{"@type":"ReadAction","target":["https:\/\/www.correiobraziliense.com.br\/cbradar\/8-plantas-companheiras-que-ajudam-a-prosperar-a-alface-e-o-que-nao-plantar-por-perto\/"]}]},{"@type":"ImageObject","inLanguage":"pt-BR","@id":"https:\/\/www.correiobraziliense.com.br\/cbradar\/8-plantas-companheiras-que-ajudam-a-prosperar-a-alface-e-o-que-nao-plantar-por-perto\/#primaryimage","url":"https:\/\/www.correiobraziliense.com.br\/cbradar\/wp-content\/uploads\/2026\/03\/freepik__canteiro-de-horta-caseira-com-fileiras-de-alface-v__97671.jpeg","contentUrl":"https:\/\/www.correiobraziliense.com.br\/cbradar\/wp-content\/uploads\/2026\/03\/freepik__canteiro-de-horta-caseira-com-fileiras-de-alface-v__97671.jpeg","width":1280,"height":720,"caption":"A alface pode se beneficiar do cultivo ao lado de cenoura e cebolinha na horta"},{"@type":"BreadcrumbList","@id":"https:\/\/www.correiobraziliense.com.br\/cbradar\/8-plantas-companheiras-que-ajudam-a-prosperar-a-alface-e-o-que-nao-plantar-por-perto\/#breadcrumb","itemListElement":[{"@type":"ListItem","position":1,"name":"In\u00edcio","item":"https:\/\/www.correiobraziliense.com.br\/cbradar\/"},{"@type":"ListItem","position":2,"name":"8 plantas companheiras que ajudam a prosperar a alface e o que n\u00e3o plantar por perto"}]},{"@type":"WebSite","@id":"https:\/\/www.correiobraziliense.com.br\/cbradar\/#website","url":"https:\/\/www.correiobraziliense.com.br\/cbradar\/","name":"Correio Braziliense - Radar","description":"Acompanhe as \u00faltimas not\u00edcias e fique bem informado sobre tudo o que acontece no Brasil e no mundo.","potentialAction":[{"@type":"SearchAction","target":{"@type":"EntryPoint","urlTemplate":"https:\/\/www.correiobraziliense.com.br\/cbradar\/?s={search_term_string}"},"query-input":{"@type":"PropertyValueSpecification","valueRequired":true,"valueName":"search_term_string"}}],"inLanguage":"pt-BR"},{"@type":"Person","@id":"https:\/\/www.correiobraziliense.com.br\/cbradar\/#\/schema\/person\/7356666e12ec0ee53f348ee5db227032","name":"Daniely Cardoso","image":{"@type":"ImageObject","inLanguage":"pt-BR","@id":"https:\/\/www.correiobraziliense.com.br\/cbradar\/#\/schema\/person\/image\/","url":"https:\/\/secure.gravatar.com\/avatar\/4b80ddbd124d1f071b626d52d62e5dff?s=96&d=mm&r=g","contentUrl":"https:\/\/secure.gravatar.com\/avatar\/4b80ddbd124d1f071b626d52d62e5dff?s=96&d=mm&r=g","caption":"Daniely Cardoso"},"description":"Redatora nos portais CB Radar e EM Foco, formada pela Universidade Federal de Goi\u00e1s, em Goi\u00e2nia. Apaixonada por comunica\u00e7\u00e3o, arte, decora\u00e7\u00e3o e tend\u00eancias, atuo na produ\u00e7\u00e3o de conte\u00fados envolventes sobre curiosidades, moda, beleza e paisagismo, sempre com um olhar atento \u00e0s novidades do momento.","sameAs":["https:\/\/www.correiobraziliense.com.br\/cbradar"],"url":"https:\/\/www.correiobraziliense.com.br\/cbradar\/author\/danielymyth\/"}]}},"_links":{"self":[{"href":"https:\/\/www.correiobraziliense.com.br\/cbradar\/wp-json\/wp\/v2\/posts\/205929","targetHints":{"allow":["GET"]}}],"collection":[{"href":"https:\/\/www.correiobraziliense.com.br\/cbradar\/wp-json\/wp\/v2\/posts"}],"about":[{"href":"https:\/\/www.correiobraziliense.com.br\/cbradar\/wp-json\/wp\/v2\/types\/post"}],"author":[{"embeddable":true,"href":"https:\/\/www.correiobraziliense.com.br\/cbradar\/wp-json\/wp\/v2\/users\/9"}],"replies":[{"embeddable":true,"href":"https:\/\/www.correiobraziliense.com.br\/cbradar\/wp-json\/wp\/v2\/comments?post=205929"}],"version-history":[{"count":2,"href":"https:\/\/www.correiobraziliense.com.br\/cbradar\/wp-json\/wp\/v2\/posts\/205929\/revisions"}],"predecessor-version":[{"id":206045,"href":"https:\/\/www.correiobraziliense.com.br\/cbradar\/wp-json\/wp\/v2\/posts\/205929\/revisions\/206045"}],"wp:featuredmedia":[{"embeddable":true,"href":"https:\/\/www.correiobraziliense.com.br\/cbradar\/wp-json\/wp\/v2\/media\/206320"}],"wp:attachment":[{"href":"https:\/\/www.correiobraziliense.com.br\/cbradar\/wp-json\/wp\/v2\/media?parent=205929"}],"wp:term":[{"taxonomy":"category","embeddable":true,"href":"https:\/\/www.correiobraziliense.com.br\/cbradar\/wp-json\/wp\/v2\/categories?post=205929"},{"taxonomy":"post_tag","embeddable":true,"href":"https:\/\/www.correiobraziliense.com.br\/cbradar\/wp-json\/wp\/v2\/post_tag?post=205929"}],"curies":[{"name":"wp","href":"https:\/\/api.w.org\/{rel}","templated":true}]}}