{"id":205934,"date":"2026-03-11T19:55:48","date_gmt":"2026-03-11T22:55:48","guid":{"rendered":"https:\/\/www.correiobraziliense.com.br\/cbradar\/?p=205934"},"modified":"2026-03-10T16:27:19","modified_gmt":"2026-03-10T19:27:19","slug":"8-plantas-de-cobertura-de-solo-de-crescimento-rapido-que-ajudam-a-evitar-ervas-daninhas-no-jardim","status":"publish","type":"post","link":"https:\/\/www.correiobraziliense.com.br\/cbradar\/8-plantas-de-cobertura-de-solo-de-crescimento-rapido-que-ajudam-a-evitar-ervas-daninhas-no-jardim\/","title":{"rendered":"8 plantas de cobertura de solo de crescimento r\u00e1pido que ajudam a evitar ervas daninhas no jardim"},"content":{"rendered":"\n<p>Imagine olhar para o seu <b>jardim<\/b> em um fim de tarde, sentar para relaxar e perceber que, em vez de terra vazia e <b>mato<\/b> por todo lado, o que voc\u00ea v\u00ea \u00e9 um tapete verde, florido e f\u00e1cil de cuidar. \u00c9 exatamente isso que as plantas de <b>cobertura<\/b> de solo podem fazer: preencher espa\u00e7os, deixar tudo mais harmonioso e ainda diminuir o aparecimento de ervas daninhas sem tanto <b>esfor\u00e7o<\/b>.<\/p>\n\n\n\n<h2 class=\"wp-block-heading\">Por que vale a pena usar cobertura de solo contra ervas daninhas no jardim<\/h2>\n\n\n\n<p>As <b>plantas<\/b> de cobertura de solo de crescimento r\u00e1pido funcionam como uma \u201cocupa\u00e7\u00e3o estrat\u00e9gica\u201d do terreno. Elas crescem r\u00e1pido, se espalham e tomam o espa\u00e7o antes que as <b>ervas<\/b> daninhas tenham chance de se instalar e se <b>multiplicar<\/b>, tornando o cuidado di\u00e1rio muito mais simples.<\/p>\n\n\n\n<p>Quando o <b>solo<\/b> fica exposto, qualquer sementinha que chega com o vento, chuva ou p\u00e1ssaros encontra condi\u00e7\u00f5es perfeitas para germinar. J\u00e1 com uma camada <b>verde<\/b> fechada, entra pouca luz no solo, dificultando bastante o desenvolvimento de plantas invasoras e reduzindo aquele trabalho cansativo de capina o tempo <b>todo<\/b>.<\/p>\n\n\n<div class=\"wp-block-image\">\n<figure class=\"aligncenter size-large\"><img decoding=\"async\" width=\"1024\" height=\"576\" src=\"https:\/\/www.correiobraziliense.com.br\/cbradar\/wp-content\/uploads\/2025\/03\/jardim-sustentavel_1742840742282-1024x576.jpg\" alt=\"Diga adeus \u00e0 polui\u00e7\u00e3o do ar com ideias simples e eficazes\" class=\"wp-image-15412\" srcset=\"https:\/\/www.correiobraziliense.com.br\/cbradar\/wp-content\/uploads\/2025\/03\/jardim-sustentavel_1742840742282-1024x576.jpg 1024w, https:\/\/www.correiobraziliense.com.br\/cbradar\/wp-content\/uploads\/2025\/03\/jardim-sustentavel_1742840742282-300x169.jpg 300w, https:\/\/www.correiobraziliense.com.br\/cbradar\/wp-content\/uploads\/2025\/03\/jardim-sustentavel_1742840742282-768x432.jpg 768w, https:\/\/www.correiobraziliense.com.br\/cbradar\/wp-content\/uploads\/2025\/03\/jardim-sustentavel_1742840742282-750x422.jpg 750w, https:\/\/www.correiobraziliense.com.br\/cbradar\/wp-content\/uploads\/2025\/03\/jardim-sustentavel_1742840742282-1140x641.jpg 1140w, https:\/\/www.correiobraziliense.com.br\/cbradar\/wp-content\/uploads\/2025\/03\/jardim-sustentavel_1742840742282.jpg 1280w\" sizes=\"(max-width: 1024px) 100vw, 1024px\" \/><figcaption class=\"wp-element-caption\">As plantas de cobertura de solo de crescimento r\u00e1pido funcionam como uma \u201cocupa\u00e7\u00e3o estrat\u00e9gica\u201d do terreno &#8211; Cr\u00e9ditos: depositphotos.com \/ IgorVetushko<\/figcaption><\/figure><\/div>\n\n\n<p>Leia tamb\u00e9m:&nbsp;<a href=\"https:\/\/www.correiobraziliense.com.br\/cbradar\/a-folha-verde-que-muita-gente-ignora-na-feira-pode-ajudar-o-intestino-e-ainda-e-facil-de-plantar-em-casa\/\" target=\"_blank\" rel=\"noopener\">A folha verde que muita gente ignora na feira pode ajudar o intestino e ainda \u00e9 f\u00e1cil de plantar em casa<\/a><\/p>\n\n\n\n<h2 class=\"wp-block-heading\">Quais s\u00e3o os benef\u00edcios extras das coberturas de solo no jardim<\/h2>\n\n\n\n<p>Al\u00e9m de ajudar a <b>controlar<\/b> o mato, essas plantas deixam o jardim visualmente mais agrad\u00e1vel, com um aspecto de \u201cjardim cuidado\u201d o tempo todo. Muitas delas ainda <b>florescem<\/b>, atraem abelhas e borboletas e criam aquele clima de jardim vivo, colorido e realmente mais <b>vibrante<\/b>.<\/p>\n\n\n\n<p>A cobertura tamb\u00e9m ajuda a manter a <b>umidade<\/b> por mais tempo e evita que o solo rache ou seja levado pela chuva, principalmente em \u00e1reas inclinadas. Com o tempo, as ra\u00edzes melhoram a estrutura da <b>terra<\/b>, deixando-a mais fofa e <b>saud\u00e1vel<\/b> para todas as outras plantas e at\u00e9 facilitando novos plantios.<\/p>\n\n\n\n<h2 class=\"wp-block-heading\">Quais s\u00e3o as melhores plantas de cobertura de solo de crescimento r\u00e1pido<\/h2>\n\n\n\n<p>Ao escolher <b>plantas<\/b> de cobertura de solo, vale observar com calma como \u00e9 o seu jardim: se bate muito sol, se \u00e9 mais sombrio, se passa gente por cima ou n\u00e3o. Abaixo, veja algumas esp\u00e9cies muito usadas que costumam fechar o terreno r\u00e1pido e competir bem com <b>ervas<\/b> daninhas, considerando tamb\u00e9m a <b>adapta\u00e7\u00e3o<\/b> ao clima da sua regi\u00e3o.<\/p>\n\n\n\n<ul class=\"wp-block-list\">\n<li><b>Grama-amendoim<\/b> (Arachis repens) \u2013 Forma um tapete baixo e verdinho, com flores amarelas que aparecem quase o ano todo em regi\u00f5es quentes. <\/li>\n<\/ul>\n\n\n\n<figure class=\"wp-block-embed is-type-rich is-provider-pinterest wp-block-embed-pinterest\"><div class=\"wp-block-embed__wrapper\">\n<iframe loading=\"lazy\" title=\" \" src=\"https:\/\/assets.pinterest.com\/ext\/embed.html?id=45387908740518990&#038;src=oembed\" height=\"699\" width=\"450\" frameborder=\"0\" scrolling=\"no\" ><\/iframe>\n<\/div><\/figure>\n\n\n\n<ul class=\"wp-block-list\">\n<li><b>L\u00edriope<\/b> (Liriope muscari e Liriope spicata) \u2013 Cria touceiras compactas de folhas finas e arqueadas, \u00f3tima para bordas de canteiro e \u00e1reas de meia-sombra. <\/li>\n<\/ul>\n\n\n\n<figure class=\"wp-block-embed is-type-rich is-provider-pinterest wp-block-embed-pinterest\"><div class=\"wp-block-embed__wrapper\">\n<iframe loading=\"lazy\" title=\" \" src=\"https:\/\/assets.pinterest.com\/ext\/embed.html?id=73957618877296649&#038;src=oembed\" height=\"665\" width=\"450\" frameborder=\"0\" scrolling=\"no\" ><\/iframe>\n<\/div><\/figure>\n\n\n\n<ul class=\"wp-block-list\">\n<li><b>Hera-inglesa<\/b> (Hedera helix) \u2013 Trepadeira que tamb\u00e9m funciona muito bem rasteira, principalmente em locais sombreados. <\/li>\n<\/ul>\n\n\n\n<figure class=\"wp-block-embed is-type-rich is-provider-pinterest wp-block-embed-pinterest\"><div class=\"wp-block-embed__wrapper\">\n<iframe loading=\"lazy\" title=\" \" src=\"https:\/\/assets.pinterest.com\/ext\/embed.html?id=352828952064498210&#038;src=oembed\" height=\"774\" width=\"450\" frameborder=\"0\" scrolling=\"no\" ><\/iframe>\n<\/div><\/figure>\n\n\n\n<ul class=\"wp-block-list\">\n<li><b>Tradescantia<\/b> zebrina (lambari-roxo) \u2013 Planta rasteira de crescimento acelerado, com folhas arroxeadas ou verdes rajadas, bastante usada em maci\u00e7os. <\/li>\n<\/ul>\n\n\n\n<figure class=\"wp-block-embed is-type-rich is-provider-pinterest wp-block-embed-pinterest\"><div class=\"wp-block-embed__wrapper\">\n<iframe loading=\"lazy\" title=\" \" src=\"https:\/\/assets.pinterest.com\/ext\/embed.html?id=105905028734198160&#038;src=oembed\" height=\"699\" width=\"450\" frameborder=\"0\" scrolling=\"no\" ><\/iframe>\n<\/div><\/figure>\n\n\n\n<ul class=\"wp-block-list\">\n<li><b>Apt\u00eania<\/b> (Aptenia cordifolia) \u2013 Suculenta rasteira usada em jardins, vasos e taludes. Prefere sol pleno, suporta bem per\u00edodos de seca e cobre o solo rapidamente com seus caules ramificados, competindo de forma eficiente com o <b>mato<\/b> e sendo \u00f3tima op\u00e7\u00e3o para <b>taludes<\/b> e \u00e1reas com pouca <b>manuten\u00e7\u00e3o<\/b>.<\/li>\n<\/ul>\n\n\n\n<figure class=\"wp-block-embed is-type-rich is-provider-pinterest wp-block-embed-pinterest\"><div class=\"wp-block-embed__wrapper\">\n<iframe loading=\"lazy\" title=\"792K views \u00b7 15K reactions | Una planta suculenta tapizante o colgante | Aptenia o Roc\u00edo | Tu Jard\u00edn desde Cero | Facebook\" src=\"https:\/\/assets.pinterest.com\/ext\/embed.html?id=164944405099700136&#038;src=oembed\" height=\"899\" width=\"450\" frameborder=\"0\" scrolling=\"no\" ><\/iframe>\n<\/div><\/figure>\n\n\n\n<ul class=\"wp-block-list\">\n<li><b>Grama-preta-an\u00e3<\/b> (Ophiopogon japonicus \u2018Nana\u2019) \u2013 Forra\u00e7\u00e3o bem baixinha, \u00f3tima entre pisantes e em composi\u00e7\u00f5es ornamentais. <\/li>\n<\/ul>\n\n\n\n<figure class=\"wp-block-embed is-type-rich is-provider-pinterest wp-block-embed-pinterest\"><div class=\"wp-block-embed__wrapper\">\n<iframe loading=\"lazy\" title=\"Grama preta: como cuidar + 65 ideias para utiliz\u00e1-la no jardim\" src=\"https:\/\/assets.pinterest.com\/ext\/embed.html?id=241435230017488860&#038;src=oembed\" height=\"663\" width=\"450\" frameborder=\"0\" scrolling=\"no\" ><\/iframe>\n<\/div><\/figure>\n\n\n\n<ul class=\"wp-block-list\">\n<li><b>Perp\u00e9tua-roxa<\/b> (Alternanthera dentata) \u2013 Planta de folhas coloridas, muito usada como forra\u00e7\u00e3o em canteiros ensolarados. <\/li>\n<\/ul>\n\n\n\n<figure class=\"wp-block-embed is-type-rich is-provider-pinterest wp-block-embed-pinterest\"><div class=\"wp-block-embed__wrapper\">\n<iframe loading=\"lazy\" title=\" \" src=\"https:\/\/assets.pinterest.com\/ext\/embed.html?id=295337688088512017&#038;src=oembed\" height=\"899\" width=\"450\" frameborder=\"0\" scrolling=\"no\" ><\/iframe>\n<\/div><\/figure>\n\n\n\n<ul class=\"wp-block-list\">\n<li><b>Dichondra<\/b> repens (grama-d\u00f3lar) \u2013 Planta rasteira de folhas arredondadas e muito baixas, formando um tapete homog\u00eaneo.<\/li>\n<\/ul>\n\n\n\n<figure class=\"wp-block-embed is-type-rich is-provider-pinterest wp-block-embed-pinterest\"><div class=\"wp-block-embed__wrapper\">\n<iframe loading=\"lazy\" title=\"Dichondra repens - Andreasens Green\" src=\"https:\/\/assets.pinterest.com\/ext\/embed.html?id=172544229471712871&#038;src=oembed\" height=\"699\" width=\"450\" frameborder=\"0\" scrolling=\"no\" ><\/iframe>\n<\/div><\/figure>\n\n\n\n<h2 class=\"wp-block-heading\">Como escolher e cuidar da cobertura de solo no dia a dia<\/h2>\n\n\n\n<p>A escolha da <b>cobertura<\/b> de solo ideal para o jardim come\u00e7a observando o lugar: se pega muito sol, se \u00e9 \u00famido, seco ou sombreado, e se as pessoas v\u00e3o caminhar por cima. Em sol pleno, grama-amendoim, apt\u00eania, perp\u00e9tua-roxa e dichondra costumam funcionar melhor; em sombra ou meia-sombra, l\u00edriope, hera-inglesa e lambari tendem a se desenvolver com mais <b>estabilidade<\/b>.<\/p>\n\n\n\n<p>Para que essas plantas realmente diminuam o mato e facilitem a <b>manuten\u00e7\u00e3o<\/b>, alguns cuidados simples no come\u00e7o fazem toda a diferen\u00e7a. Veja os principais pontos para garantir que sua cobertura feche bem o solo e deixe tudo mais bonito por muito <b>tempo<\/b>:<\/p>\n\n\n\n<ul class=\"wp-block-list\">\n<li><b>Preparar<\/b> o solo: retirar o mato existente, corrigir a terra se necess\u00e1rio e garantir boa <b>drenagem<\/b>.<\/li>\n\n\n\n<li>Usar bom <b>espa\u00e7amento<\/b>: plantar as mudas mais pr\u00f3ximas para o fechamento acontecer mais r\u00e1pido, evitando <b>clareiras<\/b> que favore\u00e7am ervas daninhas.<\/li>\n\n\n\n<li>Cuidar da <b>rega<\/b> inicial: manter o solo levemente \u00famido nas primeiras semanas, at\u00e9 o <b>enraizamento<\/b> e adapta\u00e7\u00e3o das <b>mudas<\/b>.<\/li>\n\n\n\n<li>Fazer podas de <b>conten\u00e7\u00e3o<\/b>: aparar esp\u00e9cies muito vigorosas para n\u00e3o invadirem outros canteiros, cal\u00e7adas ou <b>muros<\/b>.<\/li>\n\n\n\n<li>Acompanhar o <b>in\u00edcio<\/b>: retirar manualmente eventuais ervas daninhas at\u00e9 a cobertura assumir bem o espa\u00e7o, refor\u00e7ando a <b>aduba\u00e7\u00e3o<\/b> org\u00e2nica leve para estimular o <b>crescimento<\/b>.<\/li>\n<\/ul>\n\n\n\n<h2 class=\"wp-block-heading\">Pr\u00f3ximos passos para transformar o seu jardim<\/h2>\n\n\n\n<p>Com a <b>cobertura<\/b> de solo certa, o seu jardim deixa de ser fonte de trabalho o tempo inteiro e vira um espa\u00e7o mais leve e agrad\u00e1vel. Observe o <b>clima<\/b>, escolha uma ou duas esp\u00e9cies para testar e v\u00e1 ajustando aos poucos at\u00e9 encontrar a combina\u00e7\u00e3o que mais combina com o seu <b>estilo<\/b>.<\/p>\n\n\n\n<p>Se voc\u00ea quer reduzir o <b>mato<\/b>, economizar tempo e ainda ver o jardim mais bonito, comece hoje a planejar suas \u00e1reas de forra\u00e7\u00e3o. D\u00ea o primeiro passo escolhendo uma planta dessa lista, converse com um <b>viveiro<\/b> da sua regi\u00e3o e transforme aquele canto esquecido em um tapete verde que voc\u00ea vai ter orgulho de <b>mostrar<\/b>.<\/p>\n","protected":false},"excerpt":{"rendered":"<p>Imagine olhar para o seu jardim em um fim de tarde, sentar para relaxar e perceber que, em vez de terra vazia e mato por todo lado, o que voc\u00ea v\u00ea \u00e9 um tapete verde, florido e f\u00e1cil de cuidar. \u00c9 exatamente isso que as plantas de cobertura de solo podem fazer: preencher espa\u00e7os, deixar [&hellip;]<\/p>\n","protected":false},"author":9,"featured_media":206323,"comment_status":"open","ping_status":"open","sticky":false,"template":"","format":"standard","meta":{"_yoast_wpseo_focuskw":"plantas para solo","_yoast_wpseo_title":"","_yoast_wpseo_metadesc":"Algumas plantas podem cobrir o solo rapidamente e ajudar a reduzir ervas daninhas no jardim, deixando o espa\u00e7o mais bonito.","jnews-multi-image_gallery":[],"jnews_single_post":{"format":"standard"},"jnews_primary_category":[],"jnews_social_meta":[],"jnews_override_counter":[],"footnotes":""},"categories":[136],"tags":[15929,3317,879],"class_list":["post-205934","post","type-post","status-publish","format-standard","has-post-thumbnail","hentry","category-jardinagem","tag-plantas-de-cobertura","tag-plantas-em-casa","tag-solo"],"yoast_head":"<!-- This site is optimized with the Yoast SEO plugin v24.6 - https:\/\/yoast.com\/wordpress\/plugins\/seo\/ -->\n<title>8 plantas de cobertura de solo de crescimento r\u00e1pido que ajudam a evitar ervas daninhas no jardim - Correio Braziliense - Radar<\/title>\n<meta name=\"description\" content=\"Algumas plantas podem cobrir o solo rapidamente e ajudar a reduzir ervas daninhas no jardim, deixando o espa\u00e7o mais bonito.\" \/>\n<meta name=\"robots\" content=\"index, follow, max-snippet:-1, max-image-preview:large, max-video-preview:-1\" \/>\n<link rel=\"canonical\" href=\"https:\/\/www.correiobraziliense.com.br\/cbradar\/8-plantas-de-cobertura-de-solo-de-crescimento-rapido-que-ajudam-a-evitar-ervas-daninhas-no-jardim\/\" \/>\n<meta property=\"og:locale\" content=\"pt_BR\" \/>\n<meta property=\"og:type\" content=\"article\" \/>\n<meta property=\"og:title\" content=\"8 plantas de cobertura de solo de crescimento r\u00e1pido que ajudam a evitar ervas daninhas no jardim - Correio Braziliense - Radar\" \/>\n<meta property=\"og:description\" content=\"Algumas plantas podem cobrir o solo rapidamente e ajudar a reduzir ervas daninhas no jardim, deixando o espa\u00e7o mais bonito.\" \/>\n<meta property=\"og:url\" content=\"https:\/\/www.correiobraziliense.com.br\/cbradar\/8-plantas-de-cobertura-de-solo-de-crescimento-rapido-que-ajudam-a-evitar-ervas-daninhas-no-jardim\/\" \/>\n<meta property=\"og:site_name\" content=\"Correio Braziliense - Radar\" \/>\n<meta property=\"article:published_time\" content=\"2026-03-11T22:55:48+00:00\" \/>\n<meta property=\"og:image\" content=\"https:\/\/www.correiobraziliense.com.br\/cbradar\/wp-content\/uploads\/2026\/03\/freepik__rea-de-jardim-residencial-com-tapete-denso-de-gram__97674.jpeg\" \/>\n\t<meta property=\"og:image:width\" content=\"1280\" \/>\n\t<meta property=\"og:image:height\" content=\"720\" \/>\n\t<meta property=\"og:image:type\" content=\"image\/jpeg\" \/>\n<meta name=\"author\" content=\"Daniely Cardoso\" \/>\n<meta name=\"twitter:card\" content=\"summary_large_image\" \/>\n<meta name=\"twitter:label1\" content=\"Escrito por\" \/>\n\t<meta name=\"twitter:data1\" content=\"Daniely Cardoso\" \/>\n\t<meta name=\"twitter:label2\" content=\"Est. tempo de leitura\" \/>\n\t<meta name=\"twitter:data2\" content=\"6 minutos\" \/>\n<!-- \/ Yoast SEO plugin. -->","yoast_head_json":{"title":"8 plantas de cobertura de solo de crescimento r\u00e1pido que ajudam a evitar ervas daninhas no jardim - Correio Braziliense - Radar","description":"Algumas plantas podem cobrir o solo rapidamente e ajudar a reduzir ervas daninhas no jardim, deixando o espa\u00e7o mais bonito.","robots":{"index":"index","follow":"follow","max-snippet":"max-snippet:-1","max-image-preview":"max-image-preview:large","max-video-preview":"max-video-preview:-1"},"canonical":"https:\/\/www.correiobraziliense.com.br\/cbradar\/8-plantas-de-cobertura-de-solo-de-crescimento-rapido-que-ajudam-a-evitar-ervas-daninhas-no-jardim\/","og_locale":"pt_BR","og_type":"article","og_title":"8 plantas de cobertura de solo de crescimento r\u00e1pido que ajudam a evitar ervas daninhas no jardim - Correio Braziliense - Radar","og_description":"Algumas plantas podem cobrir o solo rapidamente e ajudar a reduzir ervas daninhas no jardim, deixando o espa\u00e7o mais bonito.","og_url":"https:\/\/www.correiobraziliense.com.br\/cbradar\/8-plantas-de-cobertura-de-solo-de-crescimento-rapido-que-ajudam-a-evitar-ervas-daninhas-no-jardim\/","og_site_name":"Correio Braziliense - Radar","article_published_time":"2026-03-11T22:55:48+00:00","og_image":[{"width":1280,"height":720,"url":"https:\/\/www.correiobraziliense.com.br\/cbradar\/wp-content\/uploads\/2026\/03\/freepik__rea-de-jardim-residencial-com-tapete-denso-de-gram__97674.jpeg","type":"image\/jpeg"}],"author":"Daniely Cardoso","twitter_card":"summary_large_image","twitter_misc":{"Escrito por":"Daniely Cardoso","Est. tempo de leitura":"6 minutos"},"schema":{"@context":"https:\/\/schema.org","@graph":[{"@type":"WebPage","@id":"https:\/\/www.correiobraziliense.com.br\/cbradar\/8-plantas-de-cobertura-de-solo-de-crescimento-rapido-que-ajudam-a-evitar-ervas-daninhas-no-jardim\/","url":"https:\/\/www.correiobraziliense.com.br\/cbradar\/8-plantas-de-cobertura-de-solo-de-crescimento-rapido-que-ajudam-a-evitar-ervas-daninhas-no-jardim\/","name":"8 plantas de cobertura de solo de crescimento r\u00e1pido que ajudam a evitar ervas daninhas no jardim - Correio Braziliense - Radar","isPartOf":{"@id":"https:\/\/www.correiobraziliense.com.br\/cbradar\/#website"},"primaryImageOfPage":{"@id":"https:\/\/www.correiobraziliense.com.br\/cbradar\/8-plantas-de-cobertura-de-solo-de-crescimento-rapido-que-ajudam-a-evitar-ervas-daninhas-no-jardim\/#primaryimage"},"image":{"@id":"https:\/\/www.correiobraziliense.com.br\/cbradar\/8-plantas-de-cobertura-de-solo-de-crescimento-rapido-que-ajudam-a-evitar-ervas-daninhas-no-jardim\/#primaryimage"},"thumbnailUrl":"https:\/\/www.correiobraziliense.com.br\/cbradar\/wp-content\/uploads\/2026\/03\/freepik__rea-de-jardim-residencial-com-tapete-denso-de-gram__97674.jpeg","datePublished":"2026-03-11T22:55:48+00:00","author":{"@id":"https:\/\/www.correiobraziliense.com.br\/cbradar\/#\/schema\/person\/7356666e12ec0ee53f348ee5db227032"},"description":"Algumas plantas podem cobrir o solo rapidamente e ajudar a reduzir ervas daninhas no jardim, deixando o espa\u00e7o mais bonito.","breadcrumb":{"@id":"https:\/\/www.correiobraziliense.com.br\/cbradar\/8-plantas-de-cobertura-de-solo-de-crescimento-rapido-que-ajudam-a-evitar-ervas-daninhas-no-jardim\/#breadcrumb"},"inLanguage":"pt-BR","potentialAction":[{"@type":"ReadAction","target":["https:\/\/www.correiobraziliense.com.br\/cbradar\/8-plantas-de-cobertura-de-solo-de-crescimento-rapido-que-ajudam-a-evitar-ervas-daninhas-no-jardim\/"]}]},{"@type":"ImageObject","inLanguage":"pt-BR","@id":"https:\/\/www.correiobraziliense.com.br\/cbradar\/8-plantas-de-cobertura-de-solo-de-crescimento-rapido-que-ajudam-a-evitar-ervas-daninhas-no-jardim\/#primaryimage","url":"https:\/\/www.correiobraziliense.com.br\/cbradar\/wp-content\/uploads\/2026\/03\/freepik__rea-de-jardim-residencial-com-tapete-denso-de-gram__97674.jpeg","contentUrl":"https:\/\/www.correiobraziliense.com.br\/cbradar\/wp-content\/uploads\/2026\/03\/freepik__rea-de-jardim-residencial-com-tapete-denso-de-gram__97674.jpeg","width":1280,"height":720,"caption":"Plantas de cobertura de solo ajudam a proteger a terra contra eros\u00e3o e ressecamento"},{"@type":"BreadcrumbList","@id":"https:\/\/www.correiobraziliense.com.br\/cbradar\/8-plantas-de-cobertura-de-solo-de-crescimento-rapido-que-ajudam-a-evitar-ervas-daninhas-no-jardim\/#breadcrumb","itemListElement":[{"@type":"ListItem","position":1,"name":"In\u00edcio","item":"https:\/\/www.correiobraziliense.com.br\/cbradar\/"},{"@type":"ListItem","position":2,"name":"8 plantas de cobertura de solo de crescimento r\u00e1pido que ajudam a evitar ervas daninhas no jardim"}]},{"@type":"WebSite","@id":"https:\/\/www.correiobraziliense.com.br\/cbradar\/#website","url":"https:\/\/www.correiobraziliense.com.br\/cbradar\/","name":"Correio Braziliense - Radar","description":"Acompanhe as \u00faltimas not\u00edcias e fique bem informado sobre tudo o que acontece no Brasil e no mundo.","potentialAction":[{"@type":"SearchAction","target":{"@type":"EntryPoint","urlTemplate":"https:\/\/www.correiobraziliense.com.br\/cbradar\/?s={search_term_string}"},"query-input":{"@type":"PropertyValueSpecification","valueRequired":true,"valueName":"search_term_string"}}],"inLanguage":"pt-BR"},{"@type":"Person","@id":"https:\/\/www.correiobraziliense.com.br\/cbradar\/#\/schema\/person\/7356666e12ec0ee53f348ee5db227032","name":"Daniely Cardoso","image":{"@type":"ImageObject","inLanguage":"pt-BR","@id":"https:\/\/www.correiobraziliense.com.br\/cbradar\/#\/schema\/person\/image\/","url":"https:\/\/secure.gravatar.com\/avatar\/4b80ddbd124d1f071b626d52d62e5dff?s=96&d=mm&r=g","contentUrl":"https:\/\/secure.gravatar.com\/avatar\/4b80ddbd124d1f071b626d52d62e5dff?s=96&d=mm&r=g","caption":"Daniely Cardoso"},"description":"Redatora nos portais CB Radar e EM Foco, formada pela Universidade Federal de Goi\u00e1s, em Goi\u00e2nia. Apaixonada por comunica\u00e7\u00e3o, arte, decora\u00e7\u00e3o e tend\u00eancias, atuo na produ\u00e7\u00e3o de conte\u00fados envolventes sobre curiosidades, moda, beleza e paisagismo, sempre com um olhar atento \u00e0s novidades do momento.","sameAs":["https:\/\/www.correiobraziliense.com.br\/cbradar"],"url":"https:\/\/www.correiobraziliense.com.br\/cbradar\/author\/danielymyth\/"}]}},"_links":{"self":[{"href":"https:\/\/www.correiobraziliense.com.br\/cbradar\/wp-json\/wp\/v2\/posts\/205934","targetHints":{"allow":["GET"]}}],"collection":[{"href":"https:\/\/www.correiobraziliense.com.br\/cbradar\/wp-json\/wp\/v2\/posts"}],"about":[{"href":"https:\/\/www.correiobraziliense.com.br\/cbradar\/wp-json\/wp\/v2\/types\/post"}],"author":[{"embeddable":true,"href":"https:\/\/www.correiobraziliense.com.br\/cbradar\/wp-json\/wp\/v2\/users\/9"}],"replies":[{"embeddable":true,"href":"https:\/\/www.correiobraziliense.com.br\/cbradar\/wp-json\/wp\/v2\/comments?post=205934"}],"version-history":[{"count":2,"href":"https:\/\/www.correiobraziliense.com.br\/cbradar\/wp-json\/wp\/v2\/posts\/205934\/revisions"}],"predecessor-version":[{"id":206046,"href":"https:\/\/www.correiobraziliense.com.br\/cbradar\/wp-json\/wp\/v2\/posts\/205934\/revisions\/206046"}],"wp:featuredmedia":[{"embeddable":true,"href":"https:\/\/www.correiobraziliense.com.br\/cbradar\/wp-json\/wp\/v2\/media\/206323"}],"wp:attachment":[{"href":"https:\/\/www.correiobraziliense.com.br\/cbradar\/wp-json\/wp\/v2\/media?parent=205934"}],"wp:term":[{"taxonomy":"category","embeddable":true,"href":"https:\/\/www.correiobraziliense.com.br\/cbradar\/wp-json\/wp\/v2\/categories?post=205934"},{"taxonomy":"post_tag","embeddable":true,"href":"https:\/\/www.correiobraziliense.com.br\/cbradar\/wp-json\/wp\/v2\/tags?post=205934"}],"curies":[{"name":"wp","href":"https:\/\/api.w.org\/{rel}","templated":true}]}}