{"id":205945,"date":"2026-03-11T09:25:30","date_gmt":"2026-03-11T12:25:30","guid":{"rendered":"https:\/\/www.correiobraziliense.com.br\/cbradar\/?p=205945"},"modified":"2026-03-10T15:57:18","modified_gmt":"2026-03-10T18:57:18","slug":"essa-fruta-alaranjada-do-interior-tem-tanta-vitamina-a-que-muita-gente-passou-a-usa-la-para-cuidar-da-visao","status":"publish","type":"post","link":"https:\/\/www.correiobraziliense.com.br\/cbradar\/essa-fruta-alaranjada-do-interior-tem-tanta-vitamina-a-que-muita-gente-passou-a-usa-la-para-cuidar-da-visao\/","title":{"rendered":"Essa fruta alaranjada do interior tem tanta vitamina A que muita gente passou a us\u00e1-la para cuidar da vis\u00e3o"},"content":{"rendered":"\n<p>Imagine chegar em uma feira do interior e encontrar uma bancada cheia de frutos alaranjados, com cheiro doce e marcante: muitos moradores j\u00e1 conhecem bem o <b>buriti<\/b>, mas ele ainda \u00e9 uma descoberta para quem vive nas grandes <b>cidades<\/b>, mesmo sendo uma fruta riqu\u00edssima em nutrientes e aliada da sa\u00fade dos <b>olhos<\/b>.<\/p>\n\n\n\n<h2 class=\"wp-block-heading\">Buriti \u00e9 uma fruta rica em vitamina A e amiga da sa\u00fade dos olhos<\/h2>\n\n\n\n<p>A cor intensa da <b>polpa<\/b> indica a presen\u00e7a de carotenoides, como o betacaroteno, que o corpo transforma em vitamina A, nutriente essencial para enxergar melhor em ambientes com pouca <b>luz<\/b>.<\/p>\n\n\n\n<p>Essa <b>vitamina<\/b> tamb\u00e9m ajuda a manter a superf\u00edcie dos <b>olhos<\/b> saud\u00e1vel, colaborando com a integridade das c\u00f3rneas e a produ\u00e7\u00e3o de secre\u00e7\u00f5es que as protegem. Quando falta <b>vitamina A<\/b> por muito tempo, podem surgir sinais como ressecamento ocular e dificuldade de vis\u00e3o noturna, da\u00ed a import\u00e2ncia de incluir frutas alaranjadas, como o buriti, na <b>rotina<\/b>.<\/p>\n\n\n<div class=\"wp-block-image\">\n<figure class=\"aligncenter size-large\"><img decoding=\"async\" width=\"1280\" height=\"714\" src=\"https:\/\/www.correiobraziliense.com.br\/cbradar\/wp-content\/uploads\/2026\/03\/Gemini_Generated_Image_uickviuickviuick-1-1280x714.png\" alt=\"\" class=\"wp-image-206029\" srcset=\"https:\/\/www.correiobraziliense.com.br\/cbradar\/wp-content\/uploads\/2026\/03\/Gemini_Generated_Image_uickviuickviuick-1-1280x714.png 1280w, https:\/\/www.correiobraziliense.com.br\/cbradar\/wp-content\/uploads\/2026\/03\/Gemini_Generated_Image_uickviuickviuick-1-300x167.png 300w, https:\/\/www.correiobraziliense.com.br\/cbradar\/wp-content\/uploads\/2026\/03\/Gemini_Generated_Image_uickviuickviuick-1-768x429.png 768w, https:\/\/www.correiobraziliense.com.br\/cbradar\/wp-content\/uploads\/2026\/03\/Gemini_Generated_Image_uickviuickviuick-1-750x419.png 750w, https:\/\/www.correiobraziliense.com.br\/cbradar\/wp-content\/uploads\/2026\/03\/Gemini_Generated_Image_uickviuickviuick-1-1140x636.png 1140w, https:\/\/www.correiobraziliense.com.br\/cbradar\/wp-content\/uploads\/2026\/03\/Gemini_Generated_Image_uickviuickviuick-1.png 1290w\" sizes=\"(max-width: 1280px) 100vw, 1280px\" \/><figcaption class=\"wp-element-caption\">A cor intensa da polpa indica a presen\u00e7a de carotenoides, como o betacaroteno, que o corpo transforma em vitamina A<\/figcaption><\/figure><\/div>\n\n\n<p>Leia tamb\u00e9m:&nbsp;<a href=\"https:\/\/www.correiobraziliense.com.br\/cbradar\/a-planta-poderosa-que-ajuda-a-eliminar-liquidos-e-proteger-os-rins\/\" target=\"_blank\" rel=\"noopener\">A planta poderosa que ajuda a eliminar l\u00edquidos e proteger os rins<\/a><\/p>\n\n\n\n<h2 class=\"wp-block-heading\">Como o buriti se compara a outras frutas ricas em vitamina A<\/h2>\n\n\n\n<p>Em compara\u00e7\u00e3o com frutas bem comuns no Brasil, como <b>manga<\/b>, mam\u00e3o e caqui, o buriti costuma apresentar uma quantidade de carotenoides especialmente alta. Pesquisas com frutos do Cerrado mostram que sua <b>polpa<\/b> pode ter teor de pr\u00f3-vitamina A superior ao de muitas esp\u00e9cies cultivadas em grande <b>escala<\/b>.<\/p>\n\n\n\n<p>Outro diferencial \u00e9 que, al\u00e9m da <b>vitamina A<\/b>, o buriti traz gorduras naturais, fibras e outros micronutrientes. A presen\u00e7a de <b>lip\u00eddeos<\/b> junto dos carotenoides favorece a absor\u00e7\u00e3o da vitamina A pelo organismo, fortalecendo ainda mais o papel da fruta em uma alimenta\u00e7\u00e3o simples e <b>nutritiva<\/b>.<\/p>\n\n\n\n<h2 class=\"wp-block-heading\">Quais s\u00e3o os principais benef\u00edcios do buriti para a vis\u00e3o e o organismo<\/h2>\n\n\n\n<p>Consumir <b>buriti<\/b> com frequ\u00eancia, dentro de um card\u00e1pio variado, pode ajudar em v\u00e1rias fun\u00e7\u00f5es do corpo. Para a <b>vis\u00e3o<\/b>, os carotenoides ligados \u00e0 pr\u00f3-vitamina A participam da forma\u00e7\u00e3o da rodopsina, pigmento que permite enxergar melhor em locais escuros e facilita a adapta\u00e7\u00e3o dos olhos quando mudamos de ambientes claros para <b>escuros<\/b>.<\/p>\n\n\n\n<p>Os carotenoides do <b>buriti<\/b> tamb\u00e9m atuam como antioxidantes, protegendo as c\u00e9lulas contra danos dos radicais <b>livres<\/b>. J\u00e1 as fibras da <b>polpa<\/b> contribuem para a saciedade e o bom funcionamento do intestino. Em comunidades tradicionais, prepara\u00e7\u00f5es com buriti ainda s\u00e3o usadas como fonte de energia em per\u00edodos de trabalho intenso no <b>campo<\/b>. Se voc\u00ea gosta de dicas de sa\u00fade, separamos esse v\u00eddeo do canal <a href=\"https:\/\/www.youtube.com\/@cincominutosdesaude\" target=\"_blank\" rel=\"noreferrer noopener\">Cinco Minutos de Sa\u00fade<\/a> mostrando mais benef\u00edcios do buriti:<\/p>\n\n\n\n<figure class=\"wp-block-embed is-type-video is-provider-youtube wp-block-embed-youtube wp-embed-aspect-16-9 wp-has-aspect-ratio\"><div class=\"wp-block-embed__wrapper\">\n<div class=\"jeg_video_container jeg_video_content\"><iframe loading=\"lazy\" title=\"Os Benef\u00edcios do Buriti: Tudo sobre a fruta Buriti e suas propriedades!\" width=\"500\" height=\"281\" src=\"https:\/\/www.youtube.com\/embed\/3_vYUPC3wgc?feature=oembed\" frameborder=\"0\" allow=\"accelerometer; autoplay; clipboard-write; encrypted-media; gyroscope; picture-in-picture; web-share\" referrerpolicy=\"strict-origin-when-cross-origin\" allowfullscreen><\/iframe><\/div>\n<\/div><\/figure>\n\n\n\n<h2 class=\"wp-block-heading\">Como incluir o buriti na alimenta\u00e7\u00e3o do dia a dia<\/h2>\n\n\n\n<p>Mesmo quem nunca experimentou o <b>buriti<\/b> pode come\u00e7ar com prepara\u00e7\u00f5es simples, aproveitando o sabor doce e marcante da fruta. Em cada <b>regi\u00e3o<\/b>, surgem jeitos diferentes de usar a polpa, o que permite adaptar o consumo ao gosto de cada pessoa e ao que est\u00e1 dispon\u00edvel em <b>casa<\/b>.<\/p>\n\n\n\n<p>Veja algumas formas pr\u00e1ticas de consumir o fruto no <b>cotidiano<\/b>:<\/p>\n\n\n\n<ul class=\"wp-block-list\">\n<li><b>Suco<\/b> ou n\u00e9ctar de buriti: polpa batida com \u00e1gua, pura ou misturada com outras <b>frutas<\/b>.<\/li>\n\n\n\n<li>Sobremesas: sorvetes, <b>mousses<\/b> e cremes preparados com a polpa.<\/li>\n\n\n\n<li>Doces caseiros: geleias, compotas e <b>cocadas<\/b> com buriti.<\/li>\n\n\n\n<li><b>\u00d3leo<\/b> de buriti: usado em pequenas quantidades em receitas regionais.<\/li>\n<\/ul>\n\n\n\n<h2 class=\"wp-block-heading\">Como aproveitar melhor a vitamina A do buriti na rotina<\/h2>\n\n\n\n<p>Para aproveitar melhor a <b>vitamina A<\/b> do buriti, \u00e9 interessante associar o fruto a fontes de gorduras de boa qualidade, como <b>castanhas<\/b>, sementes ou mesmo o pr\u00f3prio \u00f3leo de buriti. Como essa <b>vitamina<\/b> \u00e9 lipossol\u00favel, a presen\u00e7a de gordura ajuda o corpo a absorv\u00ea-la com mais efici\u00eancia.<\/p>\n\n\n\n<p>O consumo deve respeitar as necessidades de cada <b>pessoa<\/b> e, quando poss\u00edvel, seguir a orienta\u00e7\u00e3o de profissionais de sa\u00fade, principalmente em caso de doen\u00e7as espec\u00edficas ou uso cont\u00ednuo de <b>medicamentos<\/b>. Em regi\u00f5es onde o <b>buriti<\/b> \u00e9 abundante e acess\u00edvel, ele se torna um grande aliado para fortalecer a alimenta\u00e7\u00e3o do dia a dia.<\/p>\n\n\n\n<h2 class=\"wp-block-heading\">Tabela nutricional aproximada do buriti polpa in natura<\/h2>\n\n\n\n<p>Os valores abaixo s\u00e3o <b>estimativas<\/b> m\u00e9dias por 100 g de polpa de buriti e podem variar conforme a origem do fruto, o ponto de matura\u00e7\u00e3o e o m\u00e9todo de an\u00e1lise utilizado em cada <b>estudo<\/b>.<\/p>\n\n\n\n<div class=\"google-auto-ads-ignore\" style=\"box-sizing: border-box; display: flex; flex-direction: column; width: 100%; max-width: 800px; margin: 30px auto; background-color: #ffffff; color: #1f1f1f; border-radius: 12px; overflow: hidden; font-family: 'Segoe UI', Roboto, Helvetica, Arial, sans-serif; box-shadow: 0 4px 15px rgba(0,0,0,0.08); border: 1px solid #e0e0e0; position: relative; z-index: 5;\">\n\n  <div style=\"background-color: #f8f9fa; padding: 20px; border-bottom: 2px solid #eeeeee; display: flex; justify-content: space-between; align-items: center;\">\n    <h2 style=\"margin: 0; color: #333; font-size: 1.2rem; font-weight: 700;\">Informa\u00e7\u00e3o Nutricional<\/h2>\n    <span style=\"font-size: 0.85rem; color: #666; font-style: italic;\">Valores m\u00e9dios calculados<\/span>\n  <\/div>\n\n  <div style=\"padding: 10px 25px;\">\n    <table style=\"width: 100%; border-collapse: collapse; margin: 15px 0; font-size: 0.95rem;\">\n      <thead>\n        <tr style=\"border-bottom: 2px solid #333;\">\n          <th style=\"text-align: left; padding: 12px 0; color: #555; font-weight: 600;\">Componente<\/th>\n          <th style=\"text-align: right; padding: 12px 0; color: #555; font-weight: 600;\">Quantidade aproximada por 100 g<\/th>\n        <\/tr>\n      <\/thead>\n      <tbody>\n        <tr style=\"border-bottom: 1px solid #f0f0f0;\">\n          <td style=\"padding: 12px 0; font-weight: bold; color: #222;\">Energia<\/td>\n          <td style=\"padding: 12px 0; text-align: right; color: #444;\">~120 kcal<\/td>\n        <\/tr>\n        <tr style=\"border-bottom: 1px solid #f0f0f0;\">\n          <td style=\"padding: 12px 0; color: #555;\">Carboidratos totais<\/td>\n          <td style=\"padding: 12px 0; text-align: right; color: #444;\">~15 g<\/td>\n        <\/tr>\n        <tr style=\"border-bottom: 1px solid #f0f0f0;\">\n          <td style=\"padding: 12px 0; color: #555;\">Prote\u00ednas<\/td>\n          <td style=\"padding: 12px 0; text-align: right; color: #444;\">~2 g<\/td>\n        <\/tr>\n        <tr style=\"border-bottom: 1px solid #f0f0f0;\">\n          <td style=\"padding: 12px 0; color: #555;\">Gorduras totais<\/td>\n          <td style=\"padding: 12px 0; text-align: right; color: #444;\">~5 g<\/td>\n        <\/tr>\n        <tr style=\"border-bottom: 1px solid #f0f0f0;\">\n          <td style=\"padding: 12px 0; color: #555;\">Fibras alimentares<\/td>\n          <td style=\"padding: 12px 0; text-align: right; color: #444;\">~8 g<\/td>\n        <\/tr>\n        <tr style=\"border-bottom: 1px solid #f0f0f0;\">\n          <td style=\"padding: 12px 0; color: #555;\">Vitamina A (equivalentes de retinol)<\/td>\n          <td style=\"padding: 12px 0; text-align: right; color: #444;\">at\u00e9 ~20.000 \u00b5g RE*<\/td>\n        <\/tr>\n        <tr style=\"border-bottom: 1px solid #f0f0f0;\">\n          <td style=\"padding: 12px 0; color: #555;\">Vitamina C<\/td>\n          <td style=\"padding: 12px 0; text-align: right; color: #444;\">~10 mg<\/td>\n        <\/tr>\n        <tr>\n          <td style=\"padding: 12px 0; font-weight: bold; color: #222;\">Pot\u00e1ssio<\/td>\n          <td style=\"padding: 12px 0; text-align: right; color: #444;\">~300 mg<\/td>\n        <\/tr>\n      <\/tbody>\n    <\/table>\n  <\/div>\n\n  <div style=\"background-color: #fafafa; padding: 15px 25px; border-top: 1px solid #eeeeee;\">\n    <p style=\"margin: 0; font-size: 0.75rem; color: #888; line-height: 1.4;\">\n      *RE = Retinol Equivalent. Os valores podem variar dependendo da matura\u00e7\u00e3o e origem do produto.\n    <\/p>\n  <\/div>\n<\/div>\n\n\n\n<p><em>*Valor estimado com base em dados de pesquisas sobre frutos do Cerrado; representa teores de pr\u00f3-vitamina A convertidos em equivalentes de <b>retinol<\/b>.<\/em><\/p>\n\n\n\n<p>O interesse crescente pelo <b>buriti<\/b> mostra como frutos regionais podem ser aliados importantes na oferta de nutrientes <b>essenciais<\/b>. Ao ser incorporado com equil\u00edbrio \u00e0 <b>alimenta\u00e7\u00e3o<\/b>, o buriti contribui para o aporte de vitamina A e de outros compostos \u00fateis ao organismo, valorizando ao mesmo tempo a biodiversidade do <b>Cerrado<\/b>.<\/p>\n","protected":false},"excerpt":{"rendered":"<p>Imagine chegar em uma feira do interior e encontrar uma bancada cheia de frutos alaranjados, com cheiro doce e marcante: muitos moradores j\u00e1 conhecem bem o buriti, mas ele ainda \u00e9 uma descoberta para quem vive nas grandes cidades, mesmo sendo uma fruta riqu\u00edssima em nutrientes e aliada da sa\u00fade dos olhos. Buriti \u00e9 uma [&hellip;]<\/p>\n","protected":false},"author":9,"featured_media":206297,"comment_status":"open","ping_status":"open","sticky":false,"template":"","format":"standard","meta":{"_yoast_wpseo_focuskw":"principais benef\u00edcios do buriti","_yoast_wpseo_title":"","_yoast_wpseo_metadesc":"Fruto t\u00edpico do Cerrado chama aten\u00e7\u00e3o pela grande quantidade de nutrientes e pelo poss\u00edvel papel no cuidado com a vis\u00e3o.","jnews-multi-image_gallery":[],"jnews_single_post":{"format":"standard"},"jnews_primary_category":[],"jnews_social_meta":[],"jnews_override_counter":[],"footnotes":""},"categories":[119,4404],"post_tag":[15931,615,3634],"class_list":["post-205945","post","type-post","status-publish","format-standard","has-post-thumbnail","hentry","category-bem-estar","category-saude","tag-buriti","tag-fruta","tag-vitamina"],"yoast_head":"<!-- This site is optimized with the Yoast SEO plugin v24.6 - https:\/\/yoast.com\/wordpress\/plugins\/seo\/ -->\n<title>Essa fruta alaranjada do interior tem tanta vitamina A que muita gente passou a us\u00e1-la para cuidar da vis\u00e3o - Correio Braziliense - Radar<\/title>\n<meta name=\"description\" content=\"Fruto t\u00edpico do Cerrado chama aten\u00e7\u00e3o pela grande quantidade de nutrientes e pelo poss\u00edvel papel no cuidado com a vis\u00e3o.\" \/>\n<meta name=\"robots\" content=\"index, follow, max-snippet:-1, max-image-preview:large, max-video-preview:-1\" \/>\n<link rel=\"canonical\" href=\"https:\/\/www.correiobraziliense.com.br\/cbradar\/essa-fruta-alaranjada-do-interior-tem-tanta-vitamina-a-que-muita-gente-passou-a-usa-la-para-cuidar-da-visao\/\" \/>\n<meta property=\"og:locale\" content=\"pt_BR\" \/>\n<meta property=\"og:type\" content=\"article\" \/>\n<meta property=\"og:title\" content=\"Essa fruta alaranjada do interior tem tanta vitamina A que muita gente passou a us\u00e1-la para cuidar da vis\u00e3o - Correio Braziliense - Radar\" \/>\n<meta property=\"og:description\" content=\"Fruto t\u00edpico do Cerrado chama aten\u00e7\u00e3o pela grande quantidade de nutrientes e pelo poss\u00edvel papel no cuidado com a vis\u00e3o.\" \/>\n<meta property=\"og:url\" content=\"https:\/\/www.correiobraziliense.com.br\/cbradar\/essa-fruta-alaranjada-do-interior-tem-tanta-vitamina-a-que-muita-gente-passou-a-usa-la-para-cuidar-da-visao\/\" \/>\n<meta property=\"og:site_name\" content=\"Correio Braziliense - Radar\" \/>\n<meta property=\"article:published_time\" content=\"2026-03-11T12:25:30+00:00\" \/>\n<meta property=\"og:image\" content=\"https:\/\/www.correiobraziliense.com.br\/cbradar\/wp-content\/uploads\/2026\/03\/freepik__fruta-buriti__97661.jpeg\" \/>\n\t<meta property=\"og:image:width\" content=\"1280\" \/>\n\t<meta property=\"og:image:height\" content=\"720\" \/>\n\t<meta property=\"og:image:type\" content=\"image\/jpeg\" \/>\n<meta name=\"author\" content=\"Daniely Cardoso\" \/>\n<meta name=\"twitter:card\" content=\"summary_large_image\" \/>\n<meta name=\"twitter:label1\" content=\"Escrito por\" \/>\n\t<meta name=\"twitter:data1\" content=\"Daniely Cardoso\" \/>\n\t<meta name=\"twitter:label2\" content=\"Est. tempo de leitura\" \/>\n\t<meta name=\"twitter:data2\" content=\"5 minutos\" \/>\n<!-- \/ Yoast SEO plugin. -->","yoast_head_json":{"title":"Essa fruta alaranjada do interior tem tanta vitamina A que muita gente passou a us\u00e1-la para cuidar da vis\u00e3o - Correio Braziliense - Radar","description":"Fruto t\u00edpico do Cerrado chama aten\u00e7\u00e3o pela grande quantidade de nutrientes e pelo poss\u00edvel papel no cuidado com a vis\u00e3o.","robots":{"index":"index","follow":"follow","max-snippet":"max-snippet:-1","max-image-preview":"max-image-preview:large","max-video-preview":"max-video-preview:-1"},"canonical":"https:\/\/www.correiobraziliense.com.br\/cbradar\/essa-fruta-alaranjada-do-interior-tem-tanta-vitamina-a-que-muita-gente-passou-a-usa-la-para-cuidar-da-visao\/","og_locale":"pt_BR","og_type":"article","og_title":"Essa fruta alaranjada do interior tem tanta vitamina A que muita gente passou a us\u00e1-la para cuidar da vis\u00e3o - Correio Braziliense - Radar","og_description":"Fruto t\u00edpico do Cerrado chama aten\u00e7\u00e3o pela grande quantidade de nutrientes e pelo poss\u00edvel papel no cuidado com a vis\u00e3o.","og_url":"https:\/\/www.correiobraziliense.com.br\/cbradar\/essa-fruta-alaranjada-do-interior-tem-tanta-vitamina-a-que-muita-gente-passou-a-usa-la-para-cuidar-da-visao\/","og_site_name":"Correio Braziliense - Radar","article_published_time":"2026-03-11T12:25:30+00:00","og_image":[{"width":1280,"height":720,"url":"https:\/\/www.correiobraziliense.com.br\/cbradar\/wp-content\/uploads\/2026\/03\/freepik__fruta-buriti__97661.jpeg","type":"image\/jpeg"}],"author":"Daniely Cardoso","twitter_card":"summary_large_image","twitter_misc":{"Escrito por":"Daniely Cardoso","Est. tempo de leitura":"5 minutos"},"schema":{"@context":"https:\/\/schema.org","@graph":[{"@type":"WebPage","@id":"https:\/\/www.correiobraziliense.com.br\/cbradar\/essa-fruta-alaranjada-do-interior-tem-tanta-vitamina-a-que-muita-gente-passou-a-usa-la-para-cuidar-da-visao\/","url":"https:\/\/www.correiobraziliense.com.br\/cbradar\/essa-fruta-alaranjada-do-interior-tem-tanta-vitamina-a-que-muita-gente-passou-a-usa-la-para-cuidar-da-visao\/","name":"Essa fruta alaranjada do interior tem tanta vitamina A que muita gente passou a us\u00e1-la para cuidar da vis\u00e3o - Correio Braziliense - Radar","isPartOf":{"@id":"https:\/\/www.correiobraziliense.com.br\/cbradar\/#website"},"primaryImageOfPage":{"@id":"https:\/\/www.correiobraziliense.com.br\/cbradar\/essa-fruta-alaranjada-do-interior-tem-tanta-vitamina-a-que-muita-gente-passou-a-usa-la-para-cuidar-da-visao\/#primaryimage"},"image":{"@id":"https:\/\/www.correiobraziliense.com.br\/cbradar\/essa-fruta-alaranjada-do-interior-tem-tanta-vitamina-a-que-muita-gente-passou-a-usa-la-para-cuidar-da-visao\/#primaryimage"},"thumbnailUrl":"https:\/\/www.correiobraziliense.com.br\/cbradar\/wp-content\/uploads\/2026\/03\/freepik__fruta-buriti__97661.jpeg","datePublished":"2026-03-11T12:25:30+00:00","author":{"@id":"https:\/\/www.correiobraziliense.com.br\/cbradar\/#\/schema\/person\/7356666e12ec0ee53f348ee5db227032"},"description":"Fruto t\u00edpico do Cerrado chama aten\u00e7\u00e3o pela grande quantidade de nutrientes e pelo poss\u00edvel papel no cuidado com a vis\u00e3o.","breadcrumb":{"@id":"https:\/\/www.correiobraziliense.com.br\/cbradar\/essa-fruta-alaranjada-do-interior-tem-tanta-vitamina-a-que-muita-gente-passou-a-usa-la-para-cuidar-da-visao\/#breadcrumb"},"inLanguage":"pt-BR","potentialAction":[{"@type":"ReadAction","target":["https:\/\/www.correiobraziliense.com.br\/cbradar\/essa-fruta-alaranjada-do-interior-tem-tanta-vitamina-a-que-muita-gente-passou-a-usa-la-para-cuidar-da-visao\/"]}]},{"@type":"ImageObject","inLanguage":"pt-BR","@id":"https:\/\/www.correiobraziliense.com.br\/cbradar\/essa-fruta-alaranjada-do-interior-tem-tanta-vitamina-a-que-muita-gente-passou-a-usa-la-para-cuidar-da-visao\/#primaryimage","url":"https:\/\/www.correiobraziliense.com.br\/cbradar\/wp-content\/uploads\/2026\/03\/freepik__fruta-buriti__97661.jpeg","contentUrl":"https:\/\/www.correiobraziliense.com.br\/cbradar\/wp-content\/uploads\/2026\/03\/freepik__fruta-buriti__97661.jpeg","width":1280,"height":720,"caption":"O buriti \u00e9 uma fruta t\u00edpica do Cerrado e da regi\u00e3o amaz\u00f4nica brasileira"},{"@type":"BreadcrumbList","@id":"https:\/\/www.correiobraziliense.com.br\/cbradar\/essa-fruta-alaranjada-do-interior-tem-tanta-vitamina-a-que-muita-gente-passou-a-usa-la-para-cuidar-da-visao\/#breadcrumb","itemListElement":[{"@type":"ListItem","position":1,"name":"In\u00edcio","item":"https:\/\/www.correiobraziliense.com.br\/cbradar\/"},{"@type":"ListItem","position":2,"name":"Essa fruta alaranjada do interior tem tanta vitamina A que muita gente passou a us\u00e1-la para cuidar da vis\u00e3o"}]},{"@type":"WebSite","@id":"https:\/\/www.correiobraziliense.com.br\/cbradar\/#website","url":"https:\/\/www.correiobraziliense.com.br\/cbradar\/","name":"Correio Braziliense - Radar","description":"Acompanhe as \u00faltimas not\u00edcias e fique bem informado sobre tudo o que acontece no Brasil e no mundo.","potentialAction":[{"@type":"SearchAction","target":{"@type":"EntryPoint","urlTemplate":"https:\/\/www.correiobraziliense.com.br\/cbradar\/?s={search_term_string}"},"query-input":{"@type":"PropertyValueSpecification","valueRequired":true,"valueName":"search_term_string"}}],"inLanguage":"pt-BR"},{"@type":"Person","@id":"https:\/\/www.correiobraziliense.com.br\/cbradar\/#\/schema\/person\/7356666e12ec0ee53f348ee5db227032","name":"Daniely Cardoso","image":{"@type":"ImageObject","inLanguage":"pt-BR","@id":"https:\/\/www.correiobraziliense.com.br\/cbradar\/#\/schema\/person\/image\/","url":"https:\/\/secure.gravatar.com\/avatar\/4b80ddbd124d1f071b626d52d62e5dff?s=96&d=mm&r=g","contentUrl":"https:\/\/secure.gravatar.com\/avatar\/4b80ddbd124d1f071b626d52d62e5dff?s=96&d=mm&r=g","caption":"Daniely Cardoso"},"description":"Redatora nos portais CB Radar e EM Foco, formada pela Universidade Federal de Goi\u00e1s, em Goi\u00e2nia. Apaixonada por comunica\u00e7\u00e3o, arte, decora\u00e7\u00e3o e tend\u00eancias, atuo na produ\u00e7\u00e3o de conte\u00fados envolventes sobre curiosidades, moda, beleza e paisagismo, sempre com um olhar atento \u00e0s novidades do momento.","sameAs":["https:\/\/www.correiobraziliense.com.br\/cbradar"],"url":"https:\/\/www.correiobraziliense.com.br\/cbradar\/author\/danielymyth\/"}]}},"_links":{"self":[{"href":"https:\/\/www.correiobraziliense.com.br\/cbradar\/wp-json\/wp\/v2\/posts\/205945","targetHints":{"allow":["GET"]}}],"collection":[{"href":"https:\/\/www.correiobraziliense.com.br\/cbradar\/wp-json\/wp\/v2\/posts"}],"about":[{"href":"https:\/\/www.correiobraziliense.com.br\/cbradar\/wp-json\/wp\/v2\/types\/post"}],"author":[{"embeddable":true,"href":"https:\/\/www.correiobraziliense.com.br\/cbradar\/wp-json\/wp\/v2\/users\/9"}],"replies":[{"embeddable":true,"href":"https:\/\/www.correiobraziliense.com.br\/cbradar\/wp-json\/wp\/v2\/comments?post=205945"}],"version-history":[{"count":2,"href":"https:\/\/www.correiobraziliense.com.br\/cbradar\/wp-json\/wp\/v2\/posts\/205945\/revisions"}],"predecessor-version":[{"id":206030,"href":"https:\/\/www.correiobraziliense.com.br\/cbradar\/wp-json\/wp\/v2\/posts\/205945\/revisions\/206030"}],"wp:featuredmedia":[{"embeddable":true,"href":"https:\/\/www.correiobraziliense.com.br\/cbradar\/wp-json\/wp\/v2\/media\/206297"}],"wp:attachment":[{"href":"https:\/\/www.correiobraziliense.com.br\/cbradar\/wp-json\/wp\/v2\/media?parent=205945"}],"wp:term":[{"taxonomy":"category","embeddable":true,"href":"https:\/\/www.correiobraziliense.com.br\/cbradar\/wp-json\/wp\/v2\/categories?post=205945"},{"taxonomy":"post_tag","embeddable":true,"href":"https:\/\/www.correiobraziliense.com.br\/cbradar\/wp-json\/wp\/v2\/post_tag?post=205945"}],"curies":[{"name":"wp","href":"https:\/\/api.w.org\/{rel}","templated":true}]}}