{"id":205948,"date":"2026-03-11T13:05:49","date_gmt":"2026-03-11T16:05:49","guid":{"rendered":"https:\/\/www.correiobraziliense.com.br\/cbradar\/?p=205948"},"modified":"2026-03-10T16:12:40","modified_gmt":"2026-03-10T19:12:40","slug":"esse-alimento-alaranjado-muito-usado-em-sopas-pode-ajudar-a-fortalecer-a-saude-dos-olhos","status":"publish","type":"post","link":"https:\/\/www.correiobraziliense.com.br\/cbradar\/esse-alimento-alaranjado-muito-usado-em-sopas-pode-ajudar-a-fortalecer-a-saude-dos-olhos\/","title":{"rendered":"Esse alimento alaranjado muito usado em sopas pode ajudar a fortalecer a sa\u00fade dos olhos"},"content":{"rendered":"\n<p>Voc\u00ea j\u00e1 reparou como a <b>ab\u00f3bora moranga<\/b> aparece em receitas de <b>fam\u00edlia<\/b>, sopas de inverno e at\u00e9 em pratos de festa? Esse legume simples, de cor alaranjada e sabor suave, ganhou destaque nos \u00faltimos anos n\u00e3o s\u00f3 pelo gosto, mas tamb\u00e9m pelos benef\u00edcios para a <b>sa\u00fade<\/b>, especialmente para os olhos e para quem busca uma alimenta\u00e7\u00e3o mais equilibrada no dia a dia.<\/p>\n\n\n\n<h2 class=\"wp-block-heading\">Ab\u00f3bora moranga e betacaroteno ajudam mesmo a cuidar dos olhos?<\/h2>\n\n\n\n<p>A ab\u00f3bora moranga \u00e9 naturalmente rica em <b>betacaroteno<\/b>, um pigmento que o corpo transforma em <b>vitamina A<\/b>, nutriente essencial para a vis\u00e3o. Essa vitamina ajuda os olhos a se adaptarem melhor \u00e0 <b>claridade<\/b> e \u00e0 escurid\u00e3o, algo importante, por exemplo, para dirigir \u00e0 noite ou ler em ambientes pouco iluminados.<\/p>\n\n\n\n<p>Esse carotenoide tamb\u00e9m contribui para manter a <b>retina<\/b> e a c\u00f3rnea mais protegidas, atuando contra o desgaste causado pelo tempo e pelo estresse <b>oxidativo<\/b>. Consumida com frequ\u00eancia, dentro de uma alimenta\u00e7\u00e3o variada, a ab\u00f3bora moranga pode ser uma <b>aliada<\/b> na preven\u00e7\u00e3o de dificuldades visuais ligadas \u00e0 falta de vitamina A.<\/p>\n\n\n<div class=\"wp-block-image\">\n<figure class=\"aligncenter size-large\"><img decoding=\"async\" width=\"1024\" height=\"576\" src=\"https:\/\/www.correiobraziliense.com.br\/cbradar\/wp-content\/uploads\/2025\/12\/Gemini_Generated_Image_hr4sk4hr4sk4hr4s-1-1024x576.png\" alt=\"\" class=\"wp-image-162268\" srcset=\"https:\/\/www.correiobraziliense.com.br\/cbradar\/wp-content\/uploads\/2025\/12\/Gemini_Generated_Image_hr4sk4hr4sk4hr4s-1-1024x576.png 1024w, https:\/\/www.correiobraziliense.com.br\/cbradar\/wp-content\/uploads\/2025\/12\/Gemini_Generated_Image_hr4sk4hr4sk4hr4s-1-300x169.png 300w, https:\/\/www.correiobraziliense.com.br\/cbradar\/wp-content\/uploads\/2025\/12\/Gemini_Generated_Image_hr4sk4hr4sk4hr4s-1-768x432.png 768w, https:\/\/www.correiobraziliense.com.br\/cbradar\/wp-content\/uploads\/2025\/12\/Gemini_Generated_Image_hr4sk4hr4sk4hr4s-1-750x422.png 750w, https:\/\/www.correiobraziliense.com.br\/cbradar\/wp-content\/uploads\/2025\/12\/Gemini_Generated_Image_hr4sk4hr4sk4hr4s-1-1140x641.png 1140w, https:\/\/www.correiobraziliense.com.br\/cbradar\/wp-content\/uploads\/2025\/12\/Gemini_Generated_Image_hr4sk4hr4sk4hr4s-1.png 1280w\" sizes=\"(max-width: 1024px) 100vw, 1024px\" \/><figcaption class=\"wp-element-caption\">Entre os diversos vegetais alaranjados dispon\u00edveis no mercado, a ab\u00f3bora moranga se destaca pela alta concentra\u00e7\u00e3o de carotenoides<\/figcaption><\/figure><\/div>\n\n\n<p>Leia tamb\u00e9m:&nbsp;<a href=\"https:\/\/www.correiobraziliense.com.br\/cbradar\/a-planta-poderosa-que-ajuda-a-eliminar-liquidos-e-proteger-os-rins\/\" target=\"_blank\" rel=\"noopener\">A planta poderosa que ajuda a eliminar l\u00edquidos e proteger os rins<\/a><\/p>\n\n\n\n<h2 class=\"wp-block-heading\">De que forma o betacaroteno da ab\u00f3bora protege a vis\u00e3o<\/h2>\n\n\n\n<p>\u00c9 o betacaroteno que d\u00e1 \u00e0 <b>ab\u00f3bora moranga<\/b> sua colora\u00e7\u00e3o alaranjada t\u00e3o marcante. Ao entrar no organismo, ele ajuda a preservar as <b>c\u00e9lulas<\/b> dos olhos, reduzindo o impacto de radicais livres, que est\u00e3o ligados ao envelhecimento ocular e a alguns problemas de <b>vis\u00e3o<\/b> ao longo da vida.<\/p>\n\n\n\n<p>Como esse nutriente \u00e9 <b>lipossol\u00favel<\/b>, ele \u00e9 melhor aproveitado quando a ab\u00f3bora \u00e9 consumida junto com uma pequena quantidade de gordura boa, como <b>azeite<\/b> de oliva ou \u00f3leo vegetal. Isso permite aumentar a ingest\u00e3o de <b>carotenoides<\/b> sem elevar demais as calorias da refei\u00e7\u00e3o.<\/p>\n\n\n\n<h2 class=\"wp-block-heading\">Quais s\u00e3o os principais nutrientes da ab\u00f3bora moranga<\/h2>\n\n\n\n<p>Al\u00e9m do betacaroteno, a ab\u00f3bora moranga oferece um conjunto de <b>vitaminas<\/b> e minerais que ajudam em v\u00e1rias fun\u00e7\u00f5es do corpo. Entre eles est\u00e3o vitamina C, vitaminas do complexo B, <b>pot\u00e1ssio<\/b> e fibras, que colaboram com a imunidade, o controle da press\u00e3o arterial e o bom <b>funcionamento<\/b> do intestino.<\/p>\n\n\n\n<p>As fibras presentes na polpa ajudam na sensa\u00e7\u00e3o de <b>saciedade<\/b> e no controle da glicemia, principalmente quando a ab\u00f3bora \u00e9 consumida em prepara\u00e7\u00f5es simples, como cozida em peda\u00e7os ou em sopas pouco <b>processadas<\/b>. J\u00e1 o pot\u00e1ssio auxilia na contra\u00e7\u00e3o muscular e no equil\u00edbrio de <b>l\u00edquidos<\/b> do organismo.<\/p>\n\n\n\n<figure class=\"wp-block-table\"><table class=\"has-fixed-layout\"><tbody><tr><th>Nutriente<\/th><th>Quantidade aproximada por 100 g<\/th><\/tr><tr><td>Energia (calorias)<\/td><td>\u2248 40 kcal<\/td><\/tr><tr><td>Carboidratos totais<\/td><td>\u2248 9 g<\/td><\/tr><tr><td>Prote\u00ednas<\/td><td>\u2248 1 g<\/td><\/tr><tr><td>Gorduras totais<\/td><td>&lt; 0,5 g<\/td><\/tr><tr><td>Fibras alimentares<\/td><td>\u2248 2 g<\/td><\/tr><tr><td>Vitamina A (equivalente de retinol, a partir do betacaroteno)<\/td><td>\u2248 350\u2013430 \u00b5g<\/td><\/tr><tr><td>Vitamina C<\/td><td>\u2248 7\u20139 mg<\/td><\/tr><tr><td>Pot\u00e1ssio<\/td><td>\u2248 200\u2013250 mg<\/td><\/tr><\/tbody><\/table><\/figure>\n\n\n\n<h2 class=\"wp-block-heading\">Como incluir a ab\u00f3bora moranga na alimenta\u00e7\u00e3o do dia a dia<\/h2>\n\n\n\n<p>Inserir a ab\u00f3bora moranga na rotina n\u00e3o precisa ser complicado: ela combina com preparos simples e tamb\u00e9m com pratos mais <b>elaborados<\/b>. Por ter sabor suave e textura cremosa quando cozida, pode substituir ingredientes mais cal\u00f3ricos, como alguns tipos de <b>creme<\/b>, e enriquecer receitas j\u00e1 conhecidas da <b>fam\u00edlia<\/b>.<\/p>\n\n\n\n<p>Veja algumas formas pr\u00e1ticas de usar a ab\u00f3bora moranga no cotidiano, aproveitando bem seu <b>sabor<\/b> e seus nutrientes:<\/p>\n\n\n\n<ul class=\"wp-block-list\">\n<li><strong>Sopas e caldos:<\/strong> polpa cozida e batida com \u00e1gua ou caldo <b>caseiro<\/b>, junto de outros legumes e <b>ervas<\/b>.<\/li>\n\n\n\n<li><strong>Pur\u00eas:<\/strong> acompanhamento de carnes, aves ou <b>leguminosas<\/b>, no lugar da batata ou misturada a <b>ela<\/b>.<\/li>\n\n\n\n<li><strong>Recheios:<\/strong> para tortas, panquecas, nhoques e <b>escondidinhos<\/b>, combinada com queijo branco ou frango <b>desfiado<\/b>.<\/li>\n\n\n\n<li><strong>Prepara\u00e7\u00f5es assadas:<\/strong> peda\u00e7os assados com alho, ervas e um fio de <b>azeite<\/b>, servidos como <b>guarni\u00e7\u00e3o<\/b>.<\/li>\n<\/ul>\n\n\n\n<p>Se voc\u00ea gosta de ouvir especialistas, separamos esse v\u00eddeo da nutricionista <strong>Esther Costa <\/strong>do canal <a href=\"https:\/\/www.youtube.com\/@MundoBoaFormaTV\" target=\"_blank\" rel=\"noreferrer noopener\">MundoBoaForma<\/a> mostrando com mais detalhes os benef\u00edcios da ab\u00f3bora na sa\u00fade:<\/p>\n\n\n\n<figure class=\"wp-block-embed is-type-video is-provider-youtube wp-block-embed-youtube wp-embed-aspect-16-9 wp-has-aspect-ratio\"><div class=\"wp-block-embed__wrapper\">\n<div class=\"jeg_video_container jeg_video_content\"><iframe loading=\"lazy\" title=\"7 Incr\u00edveis BENEF\u00cdCIOS DA AB\u00d3BORA para Sa\u00fade e Boa Forma (Tipos, Dicas e Receitas)\" width=\"500\" height=\"281\" src=\"https:\/\/www.youtube.com\/embed\/pYKvcjhbDrI?start=3&#038;feature=oembed\" frameborder=\"0\" allow=\"accelerometer; autoplay; clipboard-write; encrypted-media; gyroscope; picture-in-picture; web-share\" referrerpolicy=\"strict-origin-when-cross-origin\" allowfullscreen><\/iframe><\/div>\n<\/div><\/figure>\n\n\n\n<h2 class=\"wp-block-heading\">A ab\u00f3bora moranga realmente ajuda na sa\u00fade ocular<\/h2>\n\n\n\n<p>Pesquisas indicam que o betacaroteno e outros <b>carotenoides<\/b> presentes em alimentos de cor alaranjada, amarela e verde-escura participam da prote\u00e7\u00e3o das estruturas delicadas dos <b>olhos<\/b>. A ab\u00f3bora moranga, quando consumida com frequ\u00eancia e combinada com frutas e hortali\u00e7as variadas, pode fazer parte de uma <b>estrat\u00e9gia<\/b> de cuidado com a vis\u00e3o ao longo da vida.<\/p>\n\n\n\n<p>Ela n\u00e3o \u00e9 um \u201crem\u00e9dio\u201d isolado, mas contribui para uma alimenta\u00e7\u00e3o amig\u00e1vel \u00e0 <b>sa\u00fade ocular<\/b>, especialmente quando entra no prato junto com cenoura, manga, espinafre, couve e outros vegetais <b>coloridos<\/b>. Assim, al\u00e9m de deixar as refei\u00e7\u00f5es mais bonitas e saborosas, ajuda a cuidar dos <b>olhos<\/b> e do organismo como um todo.<\/p>\n","protected":false},"excerpt":{"rendered":"<p>Voc\u00ea j\u00e1 reparou como a ab\u00f3bora moranga aparece em receitas de fam\u00edlia, sopas de inverno e at\u00e9 em pratos de festa? Esse legume simples, de cor alaranjada e sabor suave, ganhou destaque nos \u00faltimos anos n\u00e3o s\u00f3 pelo gosto, mas tamb\u00e9m pelos benef\u00edcios para a sa\u00fade, especialmente para os olhos e para quem busca uma [&hellip;]<\/p>\n","protected":false},"author":9,"featured_media":206311,"comment_status":"open","ping_status":"open","sticky":false,"template":"","format":"standard","meta":{"_yoast_wpseo_focuskw":"ab\u00f3bora moranga","_yoast_wpseo_title":"","_yoast_wpseo_metadesc":"Alimento comum em sopas e receitas caseiras chama aten\u00e7\u00e3o por conter nutrientes ligados \u00e0 sa\u00fade dos olhos.","jnews-multi-image_gallery":[],"jnews_single_post":{"format":"standard"},"jnews_primary_category":[],"jnews_social_meta":[],"jnews_override_counter":[],"footnotes":""},"categories":[119,4404],"post_tag":[11818,15504,9797],"class_list":["post-205948","post","type-post","status-publish","format-standard","has-post-thumbnail","hentry","category-bem-estar","category-saude","tag-abobora-moranga","tag-betacaroteno","tag-saude-dos-olhos"],"yoast_head":"<!-- This site is optimized with the Yoast SEO plugin v24.6 - https:\/\/yoast.com\/wordpress\/plugins\/seo\/ -->\n<title>Esse alimento alaranjado muito usado em sopas pode ajudar a fortalecer a sa\u00fade dos olhos - Correio Braziliense - Radar<\/title>\n<meta name=\"description\" content=\"Alimento comum em sopas e receitas caseiras chama aten\u00e7\u00e3o por conter nutrientes ligados \u00e0 sa\u00fade dos olhos.\" \/>\n<meta name=\"robots\" content=\"index, follow, max-snippet:-1, max-image-preview:large, max-video-preview:-1\" \/>\n<link rel=\"canonical\" href=\"https:\/\/www.correiobraziliense.com.br\/cbradar\/esse-alimento-alaranjado-muito-usado-em-sopas-pode-ajudar-a-fortalecer-a-saude-dos-olhos\/\" \/>\n<meta property=\"og:locale\" content=\"pt_BR\" \/>\n<meta property=\"og:type\" content=\"article\" \/>\n<meta property=\"og:title\" content=\"Esse alimento alaranjado muito usado em sopas pode ajudar a fortalecer a sa\u00fade dos olhos - Correio Braziliense - Radar\" \/>\n<meta property=\"og:description\" content=\"Alimento comum em sopas e receitas caseiras chama aten\u00e7\u00e3o por conter nutrientes ligados \u00e0 sa\u00fade dos olhos.\" \/>\n<meta property=\"og:url\" content=\"https:\/\/www.correiobraziliense.com.br\/cbradar\/esse-alimento-alaranjado-muito-usado-em-sopas-pode-ajudar-a-fortalecer-a-saude-dos-olhos\/\" \/>\n<meta property=\"og:site_name\" content=\"Correio Braziliense - Radar\" \/>\n<meta property=\"article:published_time\" content=\"2026-03-11T16:05:49+00:00\" \/>\n<meta property=\"og:image\" content=\"https:\/\/www.correiobraziliense.com.br\/cbradar\/wp-content\/uploads\/2026\/03\/freepik__abbora-moranga-cortada-ao-meio-mostrando-polpa-lar__97666.jpeg\" \/>\n\t<meta property=\"og:image:width\" content=\"1280\" \/>\n\t<meta property=\"og:image:height\" content=\"720\" \/>\n\t<meta property=\"og:image:type\" content=\"image\/jpeg\" \/>\n<meta name=\"author\" content=\"Daniely Cardoso\" \/>\n<meta name=\"twitter:card\" content=\"summary_large_image\" \/>\n<meta name=\"twitter:label1\" content=\"Escrito por\" \/>\n\t<meta name=\"twitter:data1\" content=\"Daniely Cardoso\" \/>\n\t<meta name=\"twitter:label2\" content=\"Est. tempo de leitura\" \/>\n\t<meta name=\"twitter:data2\" content=\"5 minutos\" \/>\n<!-- \/ Yoast SEO plugin. -->","yoast_head_json":{"title":"Esse alimento alaranjado muito usado em sopas pode ajudar a fortalecer a sa\u00fade dos olhos - Correio Braziliense - Radar","description":"Alimento comum em sopas e receitas caseiras chama aten\u00e7\u00e3o por conter nutrientes ligados \u00e0 sa\u00fade dos olhos.","robots":{"index":"index","follow":"follow","max-snippet":"max-snippet:-1","max-image-preview":"max-image-preview:large","max-video-preview":"max-video-preview:-1"},"canonical":"https:\/\/www.correiobraziliense.com.br\/cbradar\/esse-alimento-alaranjado-muito-usado-em-sopas-pode-ajudar-a-fortalecer-a-saude-dos-olhos\/","og_locale":"pt_BR","og_type":"article","og_title":"Esse alimento alaranjado muito usado em sopas pode ajudar a fortalecer a sa\u00fade dos olhos - Correio Braziliense - Radar","og_description":"Alimento comum em sopas e receitas caseiras chama aten\u00e7\u00e3o por conter nutrientes ligados \u00e0 sa\u00fade dos olhos.","og_url":"https:\/\/www.correiobraziliense.com.br\/cbradar\/esse-alimento-alaranjado-muito-usado-em-sopas-pode-ajudar-a-fortalecer-a-saude-dos-olhos\/","og_site_name":"Correio Braziliense - Radar","article_published_time":"2026-03-11T16:05:49+00:00","og_image":[{"width":1280,"height":720,"url":"https:\/\/www.correiobraziliense.com.br\/cbradar\/wp-content\/uploads\/2026\/03\/freepik__abbora-moranga-cortada-ao-meio-mostrando-polpa-lar__97666.jpeg","type":"image\/jpeg"}],"author":"Daniely Cardoso","twitter_card":"summary_large_image","twitter_misc":{"Escrito por":"Daniely Cardoso","Est. tempo de leitura":"5 minutos"},"schema":{"@context":"https:\/\/schema.org","@graph":[{"@type":"WebPage","@id":"https:\/\/www.correiobraziliense.com.br\/cbradar\/esse-alimento-alaranjado-muito-usado-em-sopas-pode-ajudar-a-fortalecer-a-saude-dos-olhos\/","url":"https:\/\/www.correiobraziliense.com.br\/cbradar\/esse-alimento-alaranjado-muito-usado-em-sopas-pode-ajudar-a-fortalecer-a-saude-dos-olhos\/","name":"Esse alimento alaranjado muito usado em sopas pode ajudar a fortalecer a sa\u00fade dos olhos - Correio Braziliense - Radar","isPartOf":{"@id":"https:\/\/www.correiobraziliense.com.br\/cbradar\/#website"},"primaryImageOfPage":{"@id":"https:\/\/www.correiobraziliense.com.br\/cbradar\/esse-alimento-alaranjado-muito-usado-em-sopas-pode-ajudar-a-fortalecer-a-saude-dos-olhos\/#primaryimage"},"image":{"@id":"https:\/\/www.correiobraziliense.com.br\/cbradar\/esse-alimento-alaranjado-muito-usado-em-sopas-pode-ajudar-a-fortalecer-a-saude-dos-olhos\/#primaryimage"},"thumbnailUrl":"https:\/\/www.correiobraziliense.com.br\/cbradar\/wp-content\/uploads\/2026\/03\/freepik__abbora-moranga-cortada-ao-meio-mostrando-polpa-lar__97666.jpeg","datePublished":"2026-03-11T16:05:49+00:00","author":{"@id":"https:\/\/www.correiobraziliense.com.br\/cbradar\/#\/schema\/person\/7356666e12ec0ee53f348ee5db227032"},"description":"Alimento comum em sopas e receitas caseiras chama aten\u00e7\u00e3o por conter nutrientes ligados \u00e0 sa\u00fade dos olhos.","breadcrumb":{"@id":"https:\/\/www.correiobraziliense.com.br\/cbradar\/esse-alimento-alaranjado-muito-usado-em-sopas-pode-ajudar-a-fortalecer-a-saude-dos-olhos\/#breadcrumb"},"inLanguage":"pt-BR","potentialAction":[{"@type":"ReadAction","target":["https:\/\/www.correiobraziliense.com.br\/cbradar\/esse-alimento-alaranjado-muito-usado-em-sopas-pode-ajudar-a-fortalecer-a-saude-dos-olhos\/"]}]},{"@type":"ImageObject","inLanguage":"pt-BR","@id":"https:\/\/www.correiobraziliense.com.br\/cbradar\/esse-alimento-alaranjado-muito-usado-em-sopas-pode-ajudar-a-fortalecer-a-saude-dos-olhos\/#primaryimage","url":"https:\/\/www.correiobraziliense.com.br\/cbradar\/wp-content\/uploads\/2026\/03\/freepik__abbora-moranga-cortada-ao-meio-mostrando-polpa-lar__97666.jpeg","contentUrl":"https:\/\/www.correiobraziliense.com.br\/cbradar\/wp-content\/uploads\/2026\/03\/freepik__abbora-moranga-cortada-ao-meio-mostrando-polpa-lar__97666.jpeg","width":1280,"height":720,"caption":"A ab\u00f3bora moranga \u00e9 rica em betacaroteno, que o corpo converte em vitamina A"},{"@type":"BreadcrumbList","@id":"https:\/\/www.correiobraziliense.com.br\/cbradar\/esse-alimento-alaranjado-muito-usado-em-sopas-pode-ajudar-a-fortalecer-a-saude-dos-olhos\/#breadcrumb","itemListElement":[{"@type":"ListItem","position":1,"name":"In\u00edcio","item":"https:\/\/www.correiobraziliense.com.br\/cbradar\/"},{"@type":"ListItem","position":2,"name":"Esse alimento alaranjado muito usado em sopas pode ajudar a fortalecer a sa\u00fade dos olhos"}]},{"@type":"WebSite","@id":"https:\/\/www.correiobraziliense.com.br\/cbradar\/#website","url":"https:\/\/www.correiobraziliense.com.br\/cbradar\/","name":"Correio Braziliense - Radar","description":"Acompanhe as \u00faltimas not\u00edcias e fique bem informado sobre tudo o que acontece no Brasil e no mundo.","potentialAction":[{"@type":"SearchAction","target":{"@type":"EntryPoint","urlTemplate":"https:\/\/www.correiobraziliense.com.br\/cbradar\/?s={search_term_string}"},"query-input":{"@type":"PropertyValueSpecification","valueRequired":true,"valueName":"search_term_string"}}],"inLanguage":"pt-BR"},{"@type":"Person","@id":"https:\/\/www.correiobraziliense.com.br\/cbradar\/#\/schema\/person\/7356666e12ec0ee53f348ee5db227032","name":"Daniely Cardoso","image":{"@type":"ImageObject","inLanguage":"pt-BR","@id":"https:\/\/www.correiobraziliense.com.br\/cbradar\/#\/schema\/person\/image\/","url":"https:\/\/secure.gravatar.com\/avatar\/4b80ddbd124d1f071b626d52d62e5dff?s=96&d=mm&r=g","contentUrl":"https:\/\/secure.gravatar.com\/avatar\/4b80ddbd124d1f071b626d52d62e5dff?s=96&d=mm&r=g","caption":"Daniely Cardoso"},"description":"Redatora nos portais CB Radar e EM Foco, formada pela Universidade Federal de Goi\u00e1s, em Goi\u00e2nia. Apaixonada por comunica\u00e7\u00e3o, arte, decora\u00e7\u00e3o e tend\u00eancias, atuo na produ\u00e7\u00e3o de conte\u00fados envolventes sobre curiosidades, moda, beleza e paisagismo, sempre com um olhar atento \u00e0s novidades do momento.","sameAs":["https:\/\/www.correiobraziliense.com.br\/cbradar"],"url":"https:\/\/www.correiobraziliense.com.br\/cbradar\/author\/danielymyth\/"}]}},"_links":{"self":[{"href":"https:\/\/www.correiobraziliense.com.br\/cbradar\/wp-json\/wp\/v2\/posts\/205948","targetHints":{"allow":["GET"]}}],"collection":[{"href":"https:\/\/www.correiobraziliense.com.br\/cbradar\/wp-json\/wp\/v2\/posts"}],"about":[{"href":"https:\/\/www.correiobraziliense.com.br\/cbradar\/wp-json\/wp\/v2\/types\/post"}],"author":[{"embeddable":true,"href":"https:\/\/www.correiobraziliense.com.br\/cbradar\/wp-json\/wp\/v2\/users\/9"}],"replies":[{"embeddable":true,"href":"https:\/\/www.correiobraziliense.com.br\/cbradar\/wp-json\/wp\/v2\/comments?post=205948"}],"version-history":[{"count":2,"href":"https:\/\/www.correiobraziliense.com.br\/cbradar\/wp-json\/wp\/v2\/posts\/205948\/revisions"}],"predecessor-version":[{"id":206033,"href":"https:\/\/www.correiobraziliense.com.br\/cbradar\/wp-json\/wp\/v2\/posts\/205948\/revisions\/206033"}],"wp:featuredmedia":[{"embeddable":true,"href":"https:\/\/www.correiobraziliense.com.br\/cbradar\/wp-json\/wp\/v2\/media\/206311"}],"wp:attachment":[{"href":"https:\/\/www.correiobraziliense.com.br\/cbradar\/wp-json\/wp\/v2\/media?parent=205948"}],"wp:term":[{"taxonomy":"category","embeddable":true,"href":"https:\/\/www.correiobraziliense.com.br\/cbradar\/wp-json\/wp\/v2\/categories?post=205948"},{"taxonomy":"post_tag","embeddable":true,"href":"https:\/\/www.correiobraziliense.com.br\/cbradar\/wp-json\/wp\/v2\/post_tag?post=205948"}],"curies":[{"name":"wp","href":"https:\/\/api.w.org\/{rel}","templated":true}]}}