{"id":205949,"date":"2026-03-11T14:55:55","date_gmt":"2026-03-11T17:55:55","guid":{"rendered":"https:\/\/www.correiobraziliense.com.br\/cbradar\/?p=205949"},"modified":"2026-03-10T16:14:14","modified_gmt":"2026-03-10T19:14:14","slug":"esse-vegetal-crocante-muito-usado-em-saladas-pode-ajudar-a-melhorar-a-digestao-e-favorecer-a-circulacao","status":"publish","type":"post","link":"https:\/\/www.correiobraziliense.com.br\/cbradar\/esse-vegetal-crocante-muito-usado-em-saladas-pode-ajudar-a-melhorar-a-digestao-e-favorecer-a-circulacao\/","title":{"rendered":"Esse vegetal crocante muito usado em saladas pode ajudar a melhorar a digest\u00e3o e favorecer a circula\u00e7\u00e3o"},"content":{"rendered":"\n<p>Voc\u00ea j\u00e1 reparou como um simples <b>rabanete crocante<\/b> pode transformar uma <b>salada fresca<\/b> sem muito esfor\u00e7o? Pequeno, crocante e cheio de sabor, ele vem ganhando espa\u00e7o n\u00e3o s\u00f3 no prato, mas tamb\u00e9m nas recomenda\u00e7\u00f5es de sa\u00fade, especialmente para quem quer melhorar a <b>digest\u00e3o di\u00e1ria<\/b> e cuidar da circula\u00e7\u00e3o no dia a dia.<\/p>\n\n\n\n<h2 class=\"wp-block-heading\">Rabanete faz bem para qu\u00ea na rotina alimentar<\/h2>\n\n\n\n<p>O rabanete \u00e9 um <b>vegetal simples<\/b>, de preparo r\u00e1pido, que costuma aparecer em <b>saladas leves<\/b> e pratos leves. Apesar do tamanho pequeno, ele concentra compostos que chamam a aten\u00e7\u00e3o de <b>profissionais de sa\u00fade<\/b>, principalmente pela rela\u00e7\u00e3o com a digest\u00e3o, a circula\u00e7\u00e3o sangu\u00ednea e o bem-estar intestinal.<\/p>\n\n\n\n<p>A raiz, de sabor <b>levemente picante<\/b>, \u00e9 consumida crua, em conserva ou salteada, e acompanha bem refei\u00e7\u00f5es do dia a dia. Al\u00e9m de ser <b>acess\u00edvel economicamente<\/b> em grande parte do Brasil, se adapta a diferentes receitas sem alterar muito o <b>valor cal\u00f3rico<\/b> do prato, ajudando quem busca uma alimenta\u00e7\u00e3o mais equilibrada.<\/p>\n\n\n<div class=\"wp-block-image\">\n<figure class=\"aligncenter size-full\"><img decoding=\"async\" width=\"1280\" height=\"720\" src=\"https:\/\/www.correiobraziliense.com.br\/cbradar\/wp-content\/uploads\/2026\/03\/Gemini_Generated_Image_ergmbeergmbeergm-1.png\" alt=\"\" class=\"wp-image-206034\" srcset=\"https:\/\/www.correiobraziliense.com.br\/cbradar\/wp-content\/uploads\/2026\/03\/Gemini_Generated_Image_ergmbeergmbeergm-1.png 1280w, https:\/\/www.correiobraziliense.com.br\/cbradar\/wp-content\/uploads\/2026\/03\/Gemini_Generated_Image_ergmbeergmbeergm-1-300x169.png 300w, https:\/\/www.correiobraziliense.com.br\/cbradar\/wp-content\/uploads\/2026\/03\/Gemini_Generated_Image_ergmbeergmbeergm-1-768x432.png 768w, https:\/\/www.correiobraziliense.com.br\/cbradar\/wp-content\/uploads\/2026\/03\/Gemini_Generated_Image_ergmbeergmbeergm-1-750x422.png 750w, https:\/\/www.correiobraziliense.com.br\/cbradar\/wp-content\/uploads\/2026\/03\/Gemini_Generated_Image_ergmbeergmbeergm-1-1140x641.png 1140w\" sizes=\"(max-width: 1280px) 100vw, 1280px\" \/><figcaption class=\"wp-element-caption\">O rabanete \u00e9 um vegetal simples, de preparo r\u00e1pido, que costuma aparecer em saladas leves e pratos leves<\/figcaption><\/figure><\/div>\n\n\n<p>Leia tamb\u00e9m:&nbsp;<a href=\"https:\/\/www.correiobraziliense.com.br\/cbradar\/a-planta-poderosa-que-ajuda-a-eliminar-liquidos-e-proteger-os-rins\/\" target=\"_blank\" rel=\"noopener\">A planta poderosa que ajuda a eliminar l\u00edquidos e proteger os rins<\/a><\/p>\n\n\n\n<h2 class=\"wp-block-heading\">Quais s\u00e3o os benef\u00edcios do rabanete para digest\u00e3o e sa\u00fade intestinal<\/h2>\n\n\n\n<p>O principal destaque do rabanete \u00e9 a combina\u00e7\u00e3o de <b>fibras alimentares<\/b>, \u00e1gua e compostos sulfurados, que ajudam o intestino a funcionar de forma mais organizada. As fibras aumentam o volume do bolo fecal e, quando acompanhadas de boa ingest\u00e3o de <b>\u00e1gua di\u00e1ria<\/b>, costumam reduzir epis\u00f3dios de <b>pris\u00e3o de ventre<\/b>.<\/p>\n\n\n\n<p>Na pr\u00e1tica, ele tamb\u00e9m pode dar sensa\u00e7\u00e3o de <b>leveza digestiva<\/b> ap\u00f3s as refei\u00e7\u00f5es, pois sua textura crocante exige mastiga\u00e7\u00e3o mais lenta, o que facilita a digest\u00e3o. Al\u00e9m disso, muitas pessoas relatam menor <b>desconforto abdominal<\/b> ao incluir vegetais ricos em fibras, como o rabanete, em pequenas por\u00e7\u00f5es ao longo da <b>semana alimentar<\/b>.<\/p>\n\n\n\n<h2 class=\"wp-block-heading\">Como o rabanete ajuda na digest\u00e3o no dia a dia<\/h2>\n\n\n\n<p>Na rotina, o rabanete favorece a <b>digest\u00e3o saud\u00e1vel<\/b> por diferentes caminhos. A mastiga\u00e7\u00e3o mais demorada estimula a produ\u00e7\u00e3o de <b>saliva digestiva<\/b>, iniciando a quebra dos alimentos ainda na boca e ajudando est\u00f4mago e intestino a trabalharem com menos <b>esfor\u00e7o mec\u00e2nico<\/b>.<\/p>\n\n\n\n<p>As fibras presentes na raiz contribuem para:<\/p>\n\n\n\n<ul class=\"wp-block-list\">\n<li><strong>Regular o tr\u00e2nsito intestinal<\/strong>, reduzindo epis\u00f3dios de <b>pris\u00e3o intestinal<\/b> de ventre;<\/li>\n\n\n\n<li><strong>Alimentar a microbiota intestinal<\/strong>, servindo de alimento para <b>bact\u00e9rias ben\u00e9ficas<\/b> e favorecendo um ambiente <b>intestinal equilibrado<\/b>;<\/li>\n\n\n\n<li><strong>Ajudar no controle da glicemia<\/strong>, pois retardam a absor\u00e7\u00e3o de <b>carboidratos simples<\/b> da refei\u00e7\u00e3o;<\/li>\n\n\n\n<li><strong>Prolongar a saciedade<\/strong>, o que pode apoiar o controle do <b>apetite di\u00e1rio<\/b> e do peso.<\/li>\n<\/ul>\n\n\n\n<p>Se voc\u00ea gosta de ouvir especialistas, separamos esse v\u00eddeo do canal da <a href=\"https:\/\/www.youtube.com\/@AngelaXavier\" target=\"_blank\" rel=\"noreferrer noopener\">Angela Xavier<\/a> mostrando mais detalhes do rabanete na sa\u00fade:<\/p>\n\n\n\n<figure class=\"wp-block-embed is-type-video is-provider-youtube wp-block-embed-youtube wp-embed-aspect-16-9 wp-has-aspect-ratio\"><div class=\"wp-block-embed__wrapper\">\n<div class=\"jeg_video_container jeg_video_content\"><iframe loading=\"lazy\" title=\"Rabanete: emagrece, previne o envelhecimento, melhora o intestino...\" width=\"500\" height=\"281\" src=\"https:\/\/www.youtube.com\/embed\/WNgYHSDn2Uk?start=70&#038;feature=oembed\" frameborder=\"0\" allow=\"accelerometer; autoplay; clipboard-write; encrypted-media; gyroscope; picture-in-picture; web-share\" referrerpolicy=\"strict-origin-when-cross-origin\" allowfullscreen><\/iframe><\/div>\n<\/div><\/figure>\n\n\n\n<h2 class=\"wp-block-heading\">Rabanete faz bem para a circula\u00e7\u00e3o sangu\u00ednea<\/h2>\n\n\n\n<p>Quando o assunto \u00e9 circula\u00e7\u00e3o sangu\u00ednea, o rabanete entra na lista de vegetais que podem somar na prote\u00e7\u00e3o dos <b>vasos sangu\u00edneos<\/b>. O <b>pot\u00e1ssio presente<\/b> na raiz ajuda a equilibrar l\u00edquidos no organismo e pode colaborar com a regula\u00e7\u00e3o da <b>press\u00e3o arterial<\/b>, sobretudo quando o consumo de sal \u00e9 moderado.<\/p>\n\n\n\n<p>Os antioxidantes, como a <b>vitamina C<\/b> e os pigmentos da casca avermelhada, ajudam a proteger as c\u00e9lulas contra o estresse oxidativo, processo ligado ao <b>envelhecimento vascular<\/b>. Dentro de um conjunto de h\u00e1bitos saud\u00e1veis, o consumo regular do rabanete pode contribuir para a sa\u00fade do <b>cora\u00e7\u00e3o humano<\/b> e das art\u00e9rias.<\/p>\n\n\n\n<h2 class=\"wp-block-heading\">Como incluir rabanete nas refei\u00e7\u00f5es de forma pr\u00e1tica<\/h2>\n\n\n\n<p>Para aproveitar melhor o rabanete, vale pensar em formas simples de inseri-lo no <b>card\u00e1pio di\u00e1rio<\/b>. Pequenas por\u00e7\u00f5es ao longo da semana j\u00e1 podem fazer diferen\u00e7a, sem necessidade de grandes mudan\u00e7as na <b>rotina alimentar<\/b> e ajudando a manter uma <b>dieta variada<\/b>.<\/p>\n\n\n\n<ol class=\"wp-block-list\">\n<li>Adicionar <b>fatias cruas<\/b> em saladas com folhas verde-escuras;<\/li>\n\n\n\n<li>Usar a raiz <b>laminada fina<\/b> em sandu\u00edches naturais e wraps;<\/li>\n\n\n\n<li>Preparar conservas com <b>pouco sal<\/b>, usando ervas frescas para temperar;<\/li>\n\n\n\n<li>Incluir o rabanete em pratos quentes r\u00e1pidos, <b>salteado levemente<\/b> com azeite e legumes variados.<\/li>\n<\/ol>\n\n\n\n<h2 class=\"wp-block-heading\">Tabela nutricional do rabanete por 100 g crus<\/h2>\n\n\n\n<p>A seguir, uma tabela aproximada com informa\u00e7\u00f5es <b>nutricionais b\u00e1sicas<\/b> do rabanete cru por 100 gramas, que ajuda a entender melhor suas contribui\u00e7\u00f5es para digest\u00e3o, saciedade e circula\u00e7\u00e3o. Os valores podem variar conforme <b>solo cultivado<\/b>, safra e m\u00e9todo de <b>cultivo agr\u00edcola<\/b>.<\/p>\n\n\n\n<div class=\"google-auto-ads-ignore\" style=\"box-sizing: border-box; display: flex; flex-direction: column; width: 100%; max-width: 800px; margin: 30px auto; background-color: #ffffff; color: #1f1f1f; border-radius: 12px; overflow: hidden; font-family: 'Segoe UI', Roboto, Helvetica, Arial, sans-serif; box-shadow: 0 4px 15px rgba(0,0,0,0.08); border: 1px solid #e0e0e0; position: relative; z-index: 5;\">\n\n  <div style=\"background-color: #fcfcfc; padding: 25px; border-bottom: 3px solid #00b894; text-align: left;\">\n    <h2 style=\"margin: 0; color: #2d3436; font-size: 1.4rem; line-height: 1.3;\">\ud83d\udcca Composi\u00e7\u00e3o Detalhada de Nutrientes<\/h2>\n    <div style=\"font-size: 0.9rem; margin-top: 8px; color: #636e72;\">An\u00e1lise laboratorial estimada por cada 100 gramas de por\u00e7\u00e3o consumida<\/div>\n  <\/div>\n\n  <div style=\"padding: 10px 25px;\">\n    <table style=\"width: 100%; border-collapse: collapse; margin: 15px 0; font-size: 0.95rem;\">\n      <thead>\n        <tr style=\"border-bottom: 2px solid #00b894;\">\n          <th style=\"text-align: left; padding: 12px 10px; color: #2d3436; font-weight: 700; text-transform: uppercase; font-size: 0.8rem; letter-spacing: 0.5px;\">Nutriente<\/th>\n          <th style=\"text-align: right; padding: 12px 10px; color: #2d3436; font-weight: 700; text-transform: uppercase; font-size: 0.8rem; letter-spacing: 0.5px;\">Quantidade aproximada por 100 g<\/th>\n        <\/tr>\n      <\/thead>\n      <tbody>\n        <tr style=\"border-bottom: 1px solid #f1f2f6;\">\n          <td style=\"padding: 12px 10px; color: #2d3436; font-weight: 500;\">Calorias<\/td>\n          <td style=\"padding: 12px 10px; text-align: right; color: #2d3436;\">15 a 20 <strong style=\"color: #636e72;\">kcal totais<\/strong><\/td>\n        <\/tr>\n        <tr style=\"border-bottom: 1px solid #f1f2f6; background-color: #fafafa;\">\n          <td style=\"padding: 12px 10px; color: #2d3436;\">Carboidratos totais<\/td>\n          <td style=\"padding: 12px 10px; text-align: right; color: #2d3436;\">3,0 a 3,5 g de <strong style=\"color: #636e72;\">carboidratos digest\u00edveis<\/strong><\/td>\n        <\/tr>\n        <tr style=\"border-bottom: 1px solid #f1f2f6;\">\n          <td style=\"padding: 12px 10px; color: #2d3436;\">Prote\u00ednas<\/td>\n          <td style=\"padding: 12px 10px; text-align: right; color: #2d3436;\">0,7 a 1,0 g de <strong style=\"color: #636e72;\">prote\u00ednas vegetais<\/strong><\/td>\n        <\/tr>\n        <tr style=\"border-bottom: 1px solid #f1f2f6; background-color: #fafafa;\">\n          <td style=\"padding: 12px 10px; color: #2d3436;\">Gorduras totais<\/td>\n          <td style=\"padding: 12px 10px; text-align: right; color: #2d3436;\">0,1 a 0,2 g de <strong style=\"color: #636e72;\">gorduras baixas<\/strong><\/td>\n        <\/tr>\n        <tr style=\"border-bottom: 1px solid #f1f2f6;\">\n          <td style=\"padding: 12px 10px; color: #2d3436;\">Fibras alimentares<\/td>\n          <td style=\"padding: 12px 10px; text-align: right; color: #2d3436;\">1,5 a 2,0 g de <strong style=\"color: #636e72;\">fibras totais<\/strong><\/td>\n        <\/tr>\n        <tr style=\"border-bottom: 1px solid #f1f2f6; background-color: #fafafa;\">\n          <td style=\"padding: 12px 10px; color: #2d3436;\">\u00c1gua<\/td>\n          <td style=\"padding: 12px 10px; text-align: right; color: #2d3436;\">cerca de 95 g de <strong style=\"color: #636e72;\">\u00e1gua natural<\/strong><\/td>\n        <\/tr>\n        <tr style=\"border-bottom: 1px solid #f1f2f6;\">\n          <td style=\"padding: 12px 10px; color: #2d3436;\">Vitamina C<\/td>\n          <td style=\"padding: 12px 10px; text-align: right; color: #2d3436;\">13 a 18 mg de <strong style=\"color: #636e72;\">\u00e1cido asc\u00f3rbico<\/strong><\/td>\n        <\/tr>\n        <tr style=\"border-bottom: 1px solid #f1f2f6; background-color: #fafafa;\">\n          <td style=\"padding: 12px 10px; color: #2d3436;\">Folato (vitamina B9)<\/td>\n          <td style=\"padding: 12px 10px; text-align: right; color: #2d3436;\">20 a 30 \u00b5g de <strong style=\"color: #636e72;\">folato alimentar<\/strong><\/td>\n        <\/tr>\n        <tr style=\"border-bottom: 1px solid #f1f2f6;\">\n          <td style=\"padding: 12px 10px; color: #2d3436;\">Pot\u00e1ssio<\/td>\n          <td style=\"padding: 12px 10px; text-align: right; color: #2d3436;\">230 a 250 mg de <strong style=\"color: #636e72;\">pot\u00e1ssio mineral<\/strong><\/td>\n        <\/tr>\n        <tr style=\"border-bottom: 1px solid #f1f2f6; background-color: #fafafa;\">\n          <td style=\"padding: 12px 10px; color: #2d3436;\">C\u00e1lcio<\/td>\n          <td style=\"padding: 12px 10px; text-align: right; color: #2d3436;\">20 a 30 mg de <strong style=\"color: #636e72;\">c\u00e1lcio vegetal<\/strong><\/td>\n        <\/tr>\n        <tr>\n          <td style=\"padding: 12px 10px; color: #2d3436;\">S\u00f3dio<\/td>\n          <td style=\"padding: 12px 10px; text-align: right; color: #2d3436;\">10 a 40 mg de <strong style=\"color: #636e72;\">s\u00f3dio natural<\/strong><\/td>\n        <\/tr>\n      <\/tbody>\n    <\/table>\n  <\/div>\n\n  <div style=\"background-color: #f1f2f6; padding: 12px 25px; border-top: 1px solid #e0e0e0; text-align: center;\">\n    <span style=\"font-size: 0.75rem; color: #636e72; font-style: italic;\">Dados baseados em refer\u00eancias nutricionais padr\u00e3o.<\/span>\n  <\/div>\n<\/div>\n\n\n\n<p>Com base nesses dados, o rabanete se mostra um alimento de <b>baixa caloria<\/b>, rico em \u00e1gua e com fibras, vitamina C e pot\u00e1ssio em boa quantidade para o tamanho da por\u00e7\u00e3o. Inclu\u00eddo em uma <b>alimenta\u00e7\u00e3o variada<\/b>, com atividade f\u00edsica regular e acompanhamento profissional quando necess\u00e1rio, pode ser um aliado simples e acess\u00edvel para cuidar da digest\u00e3o e da <b>circula\u00e7\u00e3o sangu\u00ednea<\/b>.<\/p>\n","protected":false},"excerpt":{"rendered":"<p>Voc\u00ea j\u00e1 reparou como um simples rabanete crocante pode transformar uma salada fresca sem muito esfor\u00e7o? Pequeno, crocante e cheio de sabor, ele vem ganhando espa\u00e7o n\u00e3o s\u00f3 no prato, mas tamb\u00e9m nas recomenda\u00e7\u00f5es de sa\u00fade, especialmente para quem quer melhorar a digest\u00e3o di\u00e1ria e cuidar da circula\u00e7\u00e3o no dia a dia. Rabanete faz bem [&hellip;]<\/p>\n","protected":false},"author":9,"featured_media":206309,"comment_status":"open","ping_status":"open","sticky":false,"template":"","format":"standard","meta":{"_yoast_wpseo_focuskw":"Rabanete","_yoast_wpseo_title":"","_yoast_wpseo_metadesc":"Vegetal crocante e pouco cal\u00f3rico chama aten\u00e7\u00e3o por ajudar na digest\u00e3o e contribuir para a sa\u00fade da circula\u00e7\u00e3o.","jnews-multi-image_gallery":[],"jnews_single_post":{"format":"standard"},"jnews_primary_category":[],"jnews_social_meta":[],"jnews_override_counter":[],"footnotes":""},"categories":[119,4404],"post_tag":[5500,3051,1398],"class_list":["post-205949","post","type-post","status-publish","format-standard","has-post-thumbnail","hentry","category-bem-estar","category-saude","tag-circulacao","tag-digestao","tag-rabanete"],"yoast_head":"<!-- This site is optimized with the Yoast SEO plugin v24.6 - https:\/\/yoast.com\/wordpress\/plugins\/seo\/ -->\n<title>Esse vegetal crocante muito usado em saladas pode ajudar a melhorar a digest\u00e3o e favorecer a circula\u00e7\u00e3o - Correio Braziliense - Radar<\/title>\n<meta name=\"description\" content=\"Vegetal crocante e pouco cal\u00f3rico chama aten\u00e7\u00e3o por ajudar na digest\u00e3o e contribuir para a sa\u00fade da circula\u00e7\u00e3o.\" \/>\n<meta name=\"robots\" content=\"index, follow, max-snippet:-1, max-image-preview:large, max-video-preview:-1\" \/>\n<link rel=\"canonical\" href=\"https:\/\/www.correiobraziliense.com.br\/cbradar\/esse-vegetal-crocante-muito-usado-em-saladas-pode-ajudar-a-melhorar-a-digestao-e-favorecer-a-circulacao\/\" \/>\n<meta property=\"og:locale\" content=\"pt_BR\" \/>\n<meta property=\"og:type\" content=\"article\" \/>\n<meta property=\"og:title\" content=\"Esse vegetal crocante muito usado em saladas pode ajudar a melhorar a digest\u00e3o e favorecer a circula\u00e7\u00e3o - Correio Braziliense - Radar\" \/>\n<meta property=\"og:description\" content=\"Vegetal crocante e pouco cal\u00f3rico chama aten\u00e7\u00e3o por ajudar na digest\u00e3o e contribuir para a sa\u00fade da circula\u00e7\u00e3o.\" \/>\n<meta property=\"og:url\" content=\"https:\/\/www.correiobraziliense.com.br\/cbradar\/esse-vegetal-crocante-muito-usado-em-saladas-pode-ajudar-a-melhorar-a-digestao-e-favorecer-a-circulacao\/\" \/>\n<meta property=\"og:site_name\" content=\"Correio Braziliense - Radar\" \/>\n<meta property=\"article:published_time\" content=\"2026-03-11T17:55:55+00:00\" \/>\n<meta property=\"og:image\" content=\"https:\/\/www.correiobraziliense.com.br\/cbradar\/wp-content\/uploads\/2026\/03\/freepik__rabanetes-vermelhos-frescos-com-folhas-verdes-aind__97668.jpeg\" \/>\n\t<meta property=\"og:image:width\" content=\"1280\" \/>\n\t<meta property=\"og:image:height\" content=\"720\" \/>\n\t<meta property=\"og:image:type\" content=\"image\/jpeg\" \/>\n<meta name=\"author\" content=\"Daniely Cardoso\" \/>\n<meta name=\"twitter:card\" content=\"summary_large_image\" \/>\n<meta name=\"twitter:label1\" content=\"Escrito por\" \/>\n\t<meta name=\"twitter:data1\" content=\"Daniely Cardoso\" \/>\n\t<meta name=\"twitter:label2\" content=\"Est. tempo de leitura\" \/>\n\t<meta name=\"twitter:data2\" content=\"5 minutos\" \/>\n<!-- \/ Yoast SEO plugin. -->","yoast_head_json":{"title":"Esse vegetal crocante muito usado em saladas pode ajudar a melhorar a digest\u00e3o e favorecer a circula\u00e7\u00e3o - Correio Braziliense - Radar","description":"Vegetal crocante e pouco cal\u00f3rico chama aten\u00e7\u00e3o por ajudar na digest\u00e3o e contribuir para a sa\u00fade da circula\u00e7\u00e3o.","robots":{"index":"index","follow":"follow","max-snippet":"max-snippet:-1","max-image-preview":"max-image-preview:large","max-video-preview":"max-video-preview:-1"},"canonical":"https:\/\/www.correiobraziliense.com.br\/cbradar\/esse-vegetal-crocante-muito-usado-em-saladas-pode-ajudar-a-melhorar-a-digestao-e-favorecer-a-circulacao\/","og_locale":"pt_BR","og_type":"article","og_title":"Esse vegetal crocante muito usado em saladas pode ajudar a melhorar a digest\u00e3o e favorecer a circula\u00e7\u00e3o - Correio Braziliense - Radar","og_description":"Vegetal crocante e pouco cal\u00f3rico chama aten\u00e7\u00e3o por ajudar na digest\u00e3o e contribuir para a sa\u00fade da circula\u00e7\u00e3o.","og_url":"https:\/\/www.correiobraziliense.com.br\/cbradar\/esse-vegetal-crocante-muito-usado-em-saladas-pode-ajudar-a-melhorar-a-digestao-e-favorecer-a-circulacao\/","og_site_name":"Correio Braziliense - Radar","article_published_time":"2026-03-11T17:55:55+00:00","og_image":[{"width":1280,"height":720,"url":"https:\/\/www.correiobraziliense.com.br\/cbradar\/wp-content\/uploads\/2026\/03\/freepik__rabanetes-vermelhos-frescos-com-folhas-verdes-aind__97668.jpeg","type":"image\/jpeg"}],"author":"Daniely Cardoso","twitter_card":"summary_large_image","twitter_misc":{"Escrito por":"Daniely Cardoso","Est. tempo de leitura":"5 minutos"},"schema":{"@context":"https:\/\/schema.org","@graph":[{"@type":"WebPage","@id":"https:\/\/www.correiobraziliense.com.br\/cbradar\/esse-vegetal-crocante-muito-usado-em-saladas-pode-ajudar-a-melhorar-a-digestao-e-favorecer-a-circulacao\/","url":"https:\/\/www.correiobraziliense.com.br\/cbradar\/esse-vegetal-crocante-muito-usado-em-saladas-pode-ajudar-a-melhorar-a-digestao-e-favorecer-a-circulacao\/","name":"Esse vegetal crocante muito usado em saladas pode ajudar a melhorar a digest\u00e3o e favorecer a circula\u00e7\u00e3o - Correio Braziliense - Radar","isPartOf":{"@id":"https:\/\/www.correiobraziliense.com.br\/cbradar\/#website"},"primaryImageOfPage":{"@id":"https:\/\/www.correiobraziliense.com.br\/cbradar\/esse-vegetal-crocante-muito-usado-em-saladas-pode-ajudar-a-melhorar-a-digestao-e-favorecer-a-circulacao\/#primaryimage"},"image":{"@id":"https:\/\/www.correiobraziliense.com.br\/cbradar\/esse-vegetal-crocante-muito-usado-em-saladas-pode-ajudar-a-melhorar-a-digestao-e-favorecer-a-circulacao\/#primaryimage"},"thumbnailUrl":"https:\/\/www.correiobraziliense.com.br\/cbradar\/wp-content\/uploads\/2026\/03\/freepik__rabanetes-vermelhos-frescos-com-folhas-verdes-aind__97668.jpeg","datePublished":"2026-03-11T17:55:55+00:00","author":{"@id":"https:\/\/www.correiobraziliense.com.br\/cbradar\/#\/schema\/person\/7356666e12ec0ee53f348ee5db227032"},"description":"Vegetal crocante e pouco cal\u00f3rico chama aten\u00e7\u00e3o por ajudar na digest\u00e3o e contribuir para a sa\u00fade da circula\u00e7\u00e3o.","breadcrumb":{"@id":"https:\/\/www.correiobraziliense.com.br\/cbradar\/esse-vegetal-crocante-muito-usado-em-saladas-pode-ajudar-a-melhorar-a-digestao-e-favorecer-a-circulacao\/#breadcrumb"},"inLanguage":"pt-BR","potentialAction":[{"@type":"ReadAction","target":["https:\/\/www.correiobraziliense.com.br\/cbradar\/esse-vegetal-crocante-muito-usado-em-saladas-pode-ajudar-a-melhorar-a-digestao-e-favorecer-a-circulacao\/"]}]},{"@type":"ImageObject","inLanguage":"pt-BR","@id":"https:\/\/www.correiobraziliense.com.br\/cbradar\/esse-vegetal-crocante-muito-usado-em-saladas-pode-ajudar-a-melhorar-a-digestao-e-favorecer-a-circulacao\/#primaryimage","url":"https:\/\/www.correiobraziliense.com.br\/cbradar\/wp-content\/uploads\/2026\/03\/freepik__rabanetes-vermelhos-frescos-com-folhas-verdes-aind__97668.jpeg","contentUrl":"https:\/\/www.correiobraziliense.com.br\/cbradar\/wp-content\/uploads\/2026\/03\/freepik__rabanetes-vermelhos-frescos-com-folhas-verdes-aind__97668.jpeg","width":1280,"height":720,"caption":"O rabanete \u00e9 rico em vitamina C e compostos antioxidantes naturais"},{"@type":"BreadcrumbList","@id":"https:\/\/www.correiobraziliense.com.br\/cbradar\/esse-vegetal-crocante-muito-usado-em-saladas-pode-ajudar-a-melhorar-a-digestao-e-favorecer-a-circulacao\/#breadcrumb","itemListElement":[{"@type":"ListItem","position":1,"name":"In\u00edcio","item":"https:\/\/www.correiobraziliense.com.br\/cbradar\/"},{"@type":"ListItem","position":2,"name":"Esse vegetal crocante muito usado em saladas pode ajudar a melhorar a digest\u00e3o e favorecer a circula\u00e7\u00e3o"}]},{"@type":"WebSite","@id":"https:\/\/www.correiobraziliense.com.br\/cbradar\/#website","url":"https:\/\/www.correiobraziliense.com.br\/cbradar\/","name":"Correio Braziliense - Radar","description":"Acompanhe as \u00faltimas not\u00edcias e fique bem informado sobre tudo o que acontece no Brasil e no mundo.","potentialAction":[{"@type":"SearchAction","target":{"@type":"EntryPoint","urlTemplate":"https:\/\/www.correiobraziliense.com.br\/cbradar\/?s={search_term_string}"},"query-input":{"@type":"PropertyValueSpecification","valueRequired":true,"valueName":"search_term_string"}}],"inLanguage":"pt-BR"},{"@type":"Person","@id":"https:\/\/www.correiobraziliense.com.br\/cbradar\/#\/schema\/person\/7356666e12ec0ee53f348ee5db227032","name":"Daniely Cardoso","image":{"@type":"ImageObject","inLanguage":"pt-BR","@id":"https:\/\/www.correiobraziliense.com.br\/cbradar\/#\/schema\/person\/image\/","url":"https:\/\/secure.gravatar.com\/avatar\/4b80ddbd124d1f071b626d52d62e5dff?s=96&d=mm&r=g","contentUrl":"https:\/\/secure.gravatar.com\/avatar\/4b80ddbd124d1f071b626d52d62e5dff?s=96&d=mm&r=g","caption":"Daniely Cardoso"},"description":"Redatora nos portais CB Radar e EM Foco, formada pela Universidade Federal de Goi\u00e1s, em Goi\u00e2nia. Apaixonada por comunica\u00e7\u00e3o, arte, decora\u00e7\u00e3o e tend\u00eancias, atuo na produ\u00e7\u00e3o de conte\u00fados envolventes sobre curiosidades, moda, beleza e paisagismo, sempre com um olhar atento \u00e0s novidades do momento.","sameAs":["https:\/\/www.correiobraziliense.com.br\/cbradar"],"url":"https:\/\/www.correiobraziliense.com.br\/cbradar\/author\/danielymyth\/"}]}},"_links":{"self":[{"href":"https:\/\/www.correiobraziliense.com.br\/cbradar\/wp-json\/wp\/v2\/posts\/205949","targetHints":{"allow":["GET"]}}],"collection":[{"href":"https:\/\/www.correiobraziliense.com.br\/cbradar\/wp-json\/wp\/v2\/posts"}],"about":[{"href":"https:\/\/www.correiobraziliense.com.br\/cbradar\/wp-json\/wp\/v2\/types\/post"}],"author":[{"embeddable":true,"href":"https:\/\/www.correiobraziliense.com.br\/cbradar\/wp-json\/wp\/v2\/users\/9"}],"replies":[{"embeddable":true,"href":"https:\/\/www.correiobraziliense.com.br\/cbradar\/wp-json\/wp\/v2\/comments?post=205949"}],"version-history":[{"count":2,"href":"https:\/\/www.correiobraziliense.com.br\/cbradar\/wp-json\/wp\/v2\/posts\/205949\/revisions"}],"predecessor-version":[{"id":206035,"href":"https:\/\/www.correiobraziliense.com.br\/cbradar\/wp-json\/wp\/v2\/posts\/205949\/revisions\/206035"}],"wp:featuredmedia":[{"embeddable":true,"href":"https:\/\/www.correiobraziliense.com.br\/cbradar\/wp-json\/wp\/v2\/media\/206309"}],"wp:attachment":[{"href":"https:\/\/www.correiobraziliense.com.br\/cbradar\/wp-json\/wp\/v2\/media?parent=205949"}],"wp:term":[{"taxonomy":"category","embeddable":true,"href":"https:\/\/www.correiobraziliense.com.br\/cbradar\/wp-json\/wp\/v2\/categories?post=205949"},{"taxonomy":"post_tag","embeddable":true,"href":"https:\/\/www.correiobraziliense.com.br\/cbradar\/wp-json\/wp\/v2\/post_tag?post=205949"}],"curies":[{"name":"wp","href":"https:\/\/api.w.org\/{rel}","templated":true}]}}