{"id":205951,"date":"2026-03-11T19:05:13","date_gmt":"2026-03-11T22:05:13","guid":{"rendered":"https:\/\/www.correiobraziliense.com.br\/cbradar\/?p=205951"},"modified":"2026-03-10T16:25:53","modified_gmt":"2026-03-10T19:25:53","slug":"o-alimento-crocante-que-muita-gente-coloca-no-iogurte-pode-ajudar-o-intestino-preguicoso-a-funcionar-melhor","status":"publish","type":"post","link":"https:\/\/www.correiobraziliense.com.br\/cbradar\/o-alimento-crocante-que-muita-gente-coloca-no-iogurte-pode-ajudar-o-intestino-preguicoso-a-funcionar-melhor\/","title":{"rendered":"O alimento crocante que muita gente coloca no iogurte pode ajudar o intestino pregui\u00e7oso a funcionar melhor"},"content":{"rendered":"\n<p>Voc\u00ea j\u00e1 reparou como a <b>granola<\/b> apareceu de vez na mesa do caf\u00e9 da manh\u00e3, no lanche da tarde e at\u00e9 por cima daquela <b>frutinha<\/b> r\u00e1pida \u00e0 noite? Pr\u00e1tica, crocante e vers\u00e1til, ela combina cereais, sementes, oleaginosas e, muitas vezes, frutas secas, tornando-se presen\u00e7a frequente na rotina de quem busca <b>equil\u00edbrio<\/b> sem abrir m\u00e3o do sabor. Al\u00e9m de tudo isso, a granola \u00e9 conhecida por ser rica em fibras, o que contribui diretamente para o bom funcionamento do intestino e para aquela sensa\u00e7\u00e3o de bem-estar ao longo do dia.<\/p>\n\n\n\n<h2 class=\"wp-block-heading\">O que \u00e9 uma granola rica em fibras e por que ela faz diferen\u00e7a<\/h2>\n\n\n\n<p>Quando falamos em granola rica em fibras, estamos falando de uma mistura pensada para cuidar, de verdade, do <b>sistema<\/b> digestivo. As fibras insol\u00faveis, vindas principalmente de <b>aveia<\/b>, farelos e sementes, ajudam a dar volume \u00e0s fezes e estimulam o intestino a funcionar com mais <b>regularidade<\/b>.<\/p>\n\n\n\n<p>J\u00e1 as fibras sol\u00faveis, presentes na aveia e em algumas <b>frutas<\/b> secas, formam uma esp\u00e9cie de \u201cgel\u201d no intestino, que facilita a <b>digest\u00e3o<\/b> e prolonga a saciedade. Para quem tem o intestino mais lento, incluir granola no dia a dia pode ser uma boa <b>estrat\u00e9gia<\/b>, desde que junto com bastante \u00e1gua e aten\u00e7\u00e3o \u00e0 quantidade de a\u00e7\u00facar e gorduras na vers\u00e3o escolhida.<\/p>\n\n\n<div class=\"wp-block-image\">\n<figure class=\"aligncenter size-full\"><img decoding=\"async\" width=\"1280\" height=\"720\" src=\"https:\/\/www.correiobraziliense.com.br\/cbradar\/wp-content\/uploads\/2026\/03\/Gemini_Generated_Image_x6zynmx6zynmx6zy-1.png\" alt=\"\" class=\"wp-image-206037\" srcset=\"https:\/\/www.correiobraziliense.com.br\/cbradar\/wp-content\/uploads\/2026\/03\/Gemini_Generated_Image_x6zynmx6zynmx6zy-1.png 1280w, https:\/\/www.correiobraziliense.com.br\/cbradar\/wp-content\/uploads\/2026\/03\/Gemini_Generated_Image_x6zynmx6zynmx6zy-1-300x169.png 300w, https:\/\/www.correiobraziliense.com.br\/cbradar\/wp-content\/uploads\/2026\/03\/Gemini_Generated_Image_x6zynmx6zynmx6zy-1-768x432.png 768w, https:\/\/www.correiobraziliense.com.br\/cbradar\/wp-content\/uploads\/2026\/03\/Gemini_Generated_Image_x6zynmx6zynmx6zy-1-750x422.png 750w, https:\/\/www.correiobraziliense.com.br\/cbradar\/wp-content\/uploads\/2026\/03\/Gemini_Generated_Image_x6zynmx6zynmx6zy-1-1140x641.png 1140w\" sizes=\"(max-width: 1280px) 100vw, 1280px\" \/><figcaption class=\"wp-element-caption\">O alimento crocante que muita gente coloca no iogurte pode ajudar o intestino pregui\u00e7oso a funcionar melhor<\/figcaption><\/figure><\/div>\n\n\n<p>Leia tamb\u00e9m:&nbsp;<a href=\"https:\/\/www.correiobraziliense.com.br\/cbradar\/a-planta-poderosa-que-ajuda-a-eliminar-liquidos-e-proteger-os-rins\/\" target=\"_blank\" rel=\"noopener\">A planta poderosa que ajuda a eliminar l\u00edquidos e proteger os rins<\/a><\/p>\n\n\n\n<h2 class=\"wp-block-heading\">Como a granola pode ajudar no funcionamento do intestino<\/h2>\n\n\n\n<p>O intestino reage diretamente ao que voc\u00ea come todos os dias, e a granola entra como uma aliada justamente por concentrar boas fontes de <b>fibras<\/b>. Esse conjunto de cereais integrais, <b>sementes<\/b> e gr\u00e3os facilita a forma\u00e7\u00e3o e a passagem das fezes, ajudando a diminuir epis\u00f3dios de constipa\u00e7\u00e3o, principalmente quando o consumo de <b>\u00e1gua<\/b> tamb\u00e9m est\u00e1 em dia.<\/p>\n\n\n\n<p>Muitas granolas ainda trazem sementes como linha\u00e7a e chia, que adicionam fibras e gorduras boas, como os \u00f4megas, favorecendo a <b>microbiota<\/b> intestinal. Um intestino com bact\u00e9rias \u201cdo bem\u201d mais equilibradas costuma digerir melhor os <b>alimentos<\/b>, absorver nutrientes de forma mais eficiente e at\u00e9 influenciar no bem-estar <b>geral<\/b>.<\/p>\n\n\n\n<ul class=\"wp-block-list\">\n<li><strong>Fibras insol\u00faveis<\/strong>: presentes em cereais integrais e farelos, estimulam o <b>tr\u00e2nsito<\/b> intestinal.<\/li>\n\n\n\n<li><strong>Fibras sol\u00faveis<\/strong>: ajudam na forma\u00e7\u00e3o de <b>gel<\/b> e colaboram com a digest\u00e3o.<\/li>\n\n\n\n<li><strong>Sementes oleaginosas<\/strong>: acrescentam gorduras boas que podem auxiliar na <b>lubrifica\u00e7\u00e3o<\/b> do trato digestivo.<\/li>\n<\/ul>\n\n\n\n<h2 class=\"wp-block-heading\">Quais cuidados s\u00e3o importantes ao incluir granola na rotina<\/h2>\n\n\n\n<p>Apesar de ser uma op\u00e7\u00e3o interessante, granola n\u00e3o \u00e9 \u201cliberada\u201d sem limites. Ao escolher vers\u00f5es industrializadas, \u00e9 essencial olhar o r\u00f3tulo com calma, porque muitas trazem grandes quantidades de <b>a\u00e7\u00facar<\/b>, melado, xarope de glicose ou \u00f3leos em excesso. Isso aumenta o valor cal\u00f3rico e pode ir na contram\u00e3o de quem busca apenas melhorar o intestino ou manter o <b>peso<\/b>. Se voc\u00ea gosta de ouvir especialistas, separamos esse v\u00eddeo do canal da <a href=\"https:\/\/www.youtube.com\/@NutricionistaPatriciaLeite\" target=\"_blank\" rel=\"noreferrer noopener\">Nutricionista Patricia Leite<\/a> mostrando mais detalhes da granola na sa\u00fade:<\/p>\n\n\n\n<figure class=\"wp-block-embed is-type-video is-provider-youtube wp-block-embed-youtube wp-embed-aspect-16-9 wp-has-aspect-ratio\"><div class=\"wp-block-embed__wrapper\">\n<div class=\"jeg_video_container jeg_video_content\"><iframe loading=\"lazy\" title=\"Granola Engorda ou Emagrece? [DICAS E RECEITAS LIGHT]\" width=\"500\" height=\"281\" src=\"https:\/\/www.youtube.com\/embed\/MEF_DWCaI9s?feature=oembed\" frameborder=\"0\" allow=\"accelerometer; autoplay; clipboard-write; encrypted-media; gyroscope; picture-in-picture; web-share\" referrerpolicy=\"strict-origin-when-cross-origin\" allowfullscreen><\/iframe><\/div>\n<\/div><\/figure>\n\n\n\n<p>Outro ponto \u00e9 a por\u00e7\u00e3o di\u00e1ria. Em geral, as embalagens indicam algo entre 20 g e 40 g por vez, o que costuma ser o suficiente para acompanhar um <b>iogurte<\/b> ou uma fruta. Exagerar na colherada pode somar muitas calorias ao longo do dia, especialmente se a granola vier junto com alimentos mais energ\u00e9ticos, como iogurte integral, leites vegetais <b>ado\u00e7ados<\/b> ou frutas mais <b>cal\u00f3ricas<\/b>.<\/p>\n\n\n\n<ol class=\"wp-block-list\">\n<li>Verificar o teor de <b>fibras<\/b> por por\u00e7\u00e3o.<\/li>\n\n\n\n<li>Observar a quantidade de a\u00e7\u00facar e <b>gorduras<\/b> adicionadas.<\/li>\n\n\n\n<li>Preferir vers\u00f5es com gr\u00e3os integrais e baixo <b>processamento<\/b>.<\/li>\n\n\n\n<li>Adequar a por\u00e7\u00e3o ao plano alimentar <b>di\u00e1rio<\/b>.<\/li>\n<\/ol>\n\n\n\n<h2 class=\"wp-block-heading\">Como escolher uma granola boa para o intestino no dia a dia<\/h2>\n\n\n\n<p>Para escolher uma granola realmente amiga do intestino, vale olhar tanto a lista de <b>ingredientes<\/b> quanto a tabela nutricional. Em geral, quanto menos ingredientes e mais nomes \u201cconhec\u00edveis\u201d (como aveia, sementes e castanhas), menor o grau de <b>processamento<\/b>. Aveia em flocos, farelo de trigo, chia, linha\u00e7a, girassol, castanhas, am\u00eandoas e nozes indicam um perfil mais rico em fibras e gorduras de boa <b>qualidade<\/b>.<\/p>\n\n\n\n<p>Se voc\u00ea prefere algo ainda mais personalizado, preparar granola em casa \u00e9 uma \u00f3tima sa\u00edda para controlar a\u00e7\u00facares e \u00f3leos. D\u00e1 para usar pequenas quantidades de <b>mel<\/b>, a\u00e7\u00facar mascavo ou at\u00e9 fazer vers\u00f5es sem a\u00e7\u00facar adicionado, aproveitando apenas o doce natural de uva-passa, damasco ou outras <b>frutas<\/b> secas. Assim, a granola fica mais alinhada \u00e0s suas necessidades e \u00e0s orienta\u00e7\u00f5es do nutricionista ou <b>m\u00e9dico<\/b>.<\/p>\n\n\n\n<h2 class=\"wp-block-heading\">Qual \u00e9 a tabela nutricional m\u00e9dia da granola rica em fibras<\/h2>\n\n\n\n<p>Abaixo est\u00e1 uma tabela nutricional m\u00e9dia de uma granola tradicional rica em fibras, considerando uma por\u00e7\u00e3o de 30 g. Os n\u00fameros podem variar conforme a <b>marca<\/b> e os ingredientes usados, mas servem como guia para compara\u00e7\u00e3o entre produtos na hora da <b>compra<\/b>.<\/p>\n\n\n\n<div class=\"google-auto-ads-ignore\" style=\"box-sizing: border-box; display: flex; flex-direction: column; width: 100%; max-width: 800px; margin: 30px auto; background-color: #ffffff; color: #1f1f1f; border-radius: 12px; overflow: hidden; font-family: 'Segoe UI', Roboto, Helvetica, Arial, sans-serif; box-shadow: 0 4px 15px rgba(0,0,0,0.08); border: 1px solid #e0e0e0; position: relative; z-index: 5;\">\n\n  <div style=\"background-color: #fcfcfc; padding: 25px; border-bottom: 3px solid #f39c12; text-align: left;\">\n    <h2 style=\"margin: 0; color: #d35400; font-size: 1.4rem; line-height: 1.3;\">\ud83d\udccb Tabela Nutricional: Composi\u00e7\u00e3o por Por\u00e7\u00e3o<\/h2>\n    <div style=\"font-size: 0.9rem; margin-top: 8px; color: #7f8c8d;\">Valores m\u00e9dios calculados para uma por\u00e7\u00e3o de 30 gramas<\/div>\n  <\/div>\n\n  <div style=\"padding: 10px 25px;\">\n    <table style=\"width: 100%; border-collapse: collapse; margin: 15px 0; font-size: 0.95rem;\">\n      <thead>\n        <tr style=\"border-bottom: 2px solid #f39c12;\">\n          <th style=\"text-align: left; padding: 12px 10px; color: #2c3e50; font-weight: 700; text-transform: uppercase; font-size: 0.8rem; letter-spacing: 0.5px;\">Componente<\/th>\n          <th style=\"text-align: right; padding: 12px 10px; color: #2c3e50; font-weight: 700; text-transform: uppercase; font-size: 0.8rem; letter-spacing: 0.5px;\">Quantidade m\u00e9dia por 30 g<\/th>\n        <\/tr>\n      <\/thead>\n      <tbody>\n        <tr style=\"border-bottom: 1px solid #f1f2f6;\">\n          <td style=\"padding: 12px 10px; color: #2d3436; font-weight: 600;\">Valor energ\u00e9tico<\/td>\n          <td style=\"padding: 12px 10px; text-align: right; color: #2d3436;\">120 a 150 <strong style=\"color: #27ae60;\">kcal<\/strong><\/td>\n        <\/tr>\n        <tr style=\"border-bottom: 1px solid #f1f2f6; background-color: #fdfdfd;\">\n          <td style=\"padding: 12px 10px; color: #2d3436;\">Carboidratos totais<\/td>\n          <td style=\"padding: 12px 10px; text-align: right; color: #2d3436;\">18 g a 22 g<\/td>\n        <\/tr>\n        <tr style=\"border-bottom: 1px solid #f1f2f6;\">\n          <td style=\"padding: 12px 10px; color: #2d3436;\">Fibras alimentares<\/td>\n          <td style=\"padding: 12px 10px; text-align: right; color: #2d3436;\">3 g a 5 g<\/td>\n        <\/tr>\n        <tr style=\"border-bottom: 1px solid #f1f2f6; background-color: #fdfdfd;\">\n          <td style=\"padding: 12px 10px; color: #2d3436;\">Prote\u00ednas<\/td>\n          <td style=\"padding: 12px 10px; text-align: right; color: #2d3436;\">3 g a 5 g<\/td>\n        <\/tr>\n        <tr style=\"border-bottom: 1px solid #f1f2f6;\">\n          <td style=\"padding: 12px 10px; color: #2d3436;\">Gorduras totais<\/td>\n          <td style=\"padding: 12px 10px; text-align: right; color: #2d3436;\">3 g a 7 g<\/td>\n        <\/tr>\n        <tr style=\"border-bottom: 1px solid #f1f2f6; background-color: #fdfdfd;\">\n          <td style=\"padding: 12px 10px; color: #2d3436;\">Gorduras saturadas<\/td>\n          <td style=\"padding: 12px 10px; text-align: right; color: #2d3436;\">0,5 g a 2 g<\/td>\n        <\/tr>\n        <tr style=\"border-bottom: 1px solid #f1f2f6;\">\n          <td style=\"padding: 12px 10px; color: #2d3436;\">A\u00e7\u00facares totais <span style=\"font-size: 0.85rem; color: #7f8c8d;\">(incluindo adicionados)<\/span><\/td>\n          <td style=\"padding: 12px 10px; text-align: right; color: #2d3436;\">4 g a 10 g<\/td>\n        <\/tr>\n        <tr>\n          <td style=\"padding: 12px 10px; color: #2d3436;\">S\u00f3dio<\/td>\n          <td style=\"padding: 12px 10px; text-align: right; color: #2d3436;\">10 mg a 80 mg<\/td>\n        <\/tr>\n      <\/tbody>\n    <\/table>\n  <\/div>\n\n  <div style=\"background-color: #fef5e7; padding: 12px 25px; border-top: 1px solid #f39c12; text-align: right;\">\n    <span style=\"font-size: 0.75rem; color: #d35400; font-style: italic;\">*Percentuais baseados em uma dieta de 2.000 kcal.<\/span>\n  <\/div>\n<\/div>\n\n\n\n<p>Com esses dados em m\u00e3os, fica mais f\u00e1cil optar por vers\u00f5es com mais <b>fibras<\/b>, menos a\u00e7\u00facares adicionados e gorduras em quantidade moderada. Quando a granola entra em uma alimenta\u00e7\u00e3o variada, com frutas, legumes, verduras e boa <b>hidrata\u00e7\u00e3o<\/b>, tende a ser uma parceira importante para manter o intestino funcionando bem ao longo do <b>dia<\/b>.<\/p>\n","protected":false},"excerpt":{"rendered":"<p>Voc\u00ea j\u00e1 reparou como a granola apareceu de vez na mesa do caf\u00e9 da manh\u00e3, no lanche da tarde e at\u00e9 por cima daquela frutinha r\u00e1pida \u00e0 noite? Pr\u00e1tica, crocante e vers\u00e1til, ela combina cereais, sementes, oleaginosas e, muitas vezes, frutas secas, tornando-se presen\u00e7a frequente na rotina de quem busca equil\u00edbrio sem abrir m\u00e3o do [&hellip;]<\/p>\n","protected":false},"author":9,"featured_media":206324,"comment_status":"open","ping_status":"open","sticky":false,"template":"","format":"standard","meta":{"_yoast_wpseo_focuskw":"granola","_yoast_wpseo_title":"","_yoast_wpseo_metadesc":"Um alimento comum do caf\u00e9 da manh\u00e3 pode ajudar o intestino a funcionar melhor e melhorar o bem-estar di\u00e1rio de forma simples.","jnews-multi-image_gallery":[],"jnews_single_post":{"format":"standard"},"jnews_primary_category":[],"jnews_social_meta":[],"jnews_override_counter":[],"footnotes":""},"categories":[119,4404],"post_tag":[15933,1422,15934],"class_list":["post-205951","post","type-post","status-publish","format-standard","has-post-thumbnail","hentry","category-bem-estar","category-saude","tag-granola","tag-intestino","tag-supercereal"],"yoast_head":"<!-- This site is optimized with the Yoast SEO plugin v24.6 - https:\/\/yoast.com\/wordpress\/plugins\/seo\/ -->\n<title>O alimento crocante que muita gente coloca no iogurte pode ajudar o intestino pregui\u00e7oso a funcionar melhor - Correio Braziliense - Radar<\/title>\n<meta name=\"description\" content=\"Um alimento comum do caf\u00e9 da manh\u00e3 pode ajudar o intestino a funcionar melhor e melhorar o bem-estar di\u00e1rio de forma simples.\" \/>\n<meta name=\"robots\" content=\"index, follow, max-snippet:-1, max-image-preview:large, max-video-preview:-1\" \/>\n<link rel=\"canonical\" href=\"https:\/\/www.correiobraziliense.com.br\/cbradar\/o-alimento-crocante-que-muita-gente-coloca-no-iogurte-pode-ajudar-o-intestino-preguicoso-a-funcionar-melhor\/\" \/>\n<meta property=\"og:locale\" content=\"pt_BR\" \/>\n<meta property=\"og:type\" content=\"article\" \/>\n<meta property=\"og:title\" content=\"O alimento crocante que muita gente coloca no iogurte pode ajudar o intestino pregui\u00e7oso a funcionar melhor - Correio Braziliense - Radar\" \/>\n<meta property=\"og:description\" content=\"Um alimento comum do caf\u00e9 da manh\u00e3 pode ajudar o intestino a funcionar melhor e melhorar o bem-estar di\u00e1rio de forma simples.\" \/>\n<meta property=\"og:url\" content=\"https:\/\/www.correiobraziliense.com.br\/cbradar\/o-alimento-crocante-que-muita-gente-coloca-no-iogurte-pode-ajudar-o-intestino-preguicoso-a-funcionar-melhor\/\" \/>\n<meta property=\"og:site_name\" content=\"Correio Braziliense - Radar\" \/>\n<meta property=\"article:published_time\" content=\"2026-03-11T22:05:13+00:00\" \/>\n<meta property=\"og:image\" content=\"https:\/\/www.correiobraziliense.com.br\/cbradar\/wp-content\/uploads\/2026\/03\/freepik__tigela-de-iogurte-natural-coberto-com-granola-rica__97672.jpeg\" \/>\n\t<meta property=\"og:image:width\" content=\"1280\" \/>\n\t<meta property=\"og:image:height\" content=\"720\" \/>\n\t<meta property=\"og:image:type\" content=\"image\/jpeg\" \/>\n<meta name=\"author\" content=\"Daniely Cardoso\" \/>\n<meta name=\"twitter:card\" content=\"summary_large_image\" \/>\n<meta name=\"twitter:label1\" content=\"Escrito por\" \/>\n\t<meta name=\"twitter:data1\" content=\"Daniely Cardoso\" \/>\n\t<meta name=\"twitter:label2\" content=\"Est. tempo de leitura\" \/>\n\t<meta name=\"twitter:data2\" content=\"6 minutos\" \/>\n<!-- \/ Yoast SEO plugin. -->","yoast_head_json":{"title":"O alimento crocante que muita gente coloca no iogurte pode ajudar o intestino pregui\u00e7oso a funcionar melhor - Correio Braziliense - Radar","description":"Um alimento comum do caf\u00e9 da manh\u00e3 pode ajudar o intestino a funcionar melhor e melhorar o bem-estar di\u00e1rio de forma simples.","robots":{"index":"index","follow":"follow","max-snippet":"max-snippet:-1","max-image-preview":"max-image-preview:large","max-video-preview":"max-video-preview:-1"},"canonical":"https:\/\/www.correiobraziliense.com.br\/cbradar\/o-alimento-crocante-que-muita-gente-coloca-no-iogurte-pode-ajudar-o-intestino-preguicoso-a-funcionar-melhor\/","og_locale":"pt_BR","og_type":"article","og_title":"O alimento crocante que muita gente coloca no iogurte pode ajudar o intestino pregui\u00e7oso a funcionar melhor - Correio Braziliense - Radar","og_description":"Um alimento comum do caf\u00e9 da manh\u00e3 pode ajudar o intestino a funcionar melhor e melhorar o bem-estar di\u00e1rio de forma simples.","og_url":"https:\/\/www.correiobraziliense.com.br\/cbradar\/o-alimento-crocante-que-muita-gente-coloca-no-iogurte-pode-ajudar-o-intestino-preguicoso-a-funcionar-melhor\/","og_site_name":"Correio Braziliense - Radar","article_published_time":"2026-03-11T22:05:13+00:00","og_image":[{"width":1280,"height":720,"url":"https:\/\/www.correiobraziliense.com.br\/cbradar\/wp-content\/uploads\/2026\/03\/freepik__tigela-de-iogurte-natural-coberto-com-granola-rica__97672.jpeg","type":"image\/jpeg"}],"author":"Daniely Cardoso","twitter_card":"summary_large_image","twitter_misc":{"Escrito por":"Daniely Cardoso","Est. tempo de leitura":"6 minutos"},"schema":{"@context":"https:\/\/schema.org","@graph":[{"@type":"WebPage","@id":"https:\/\/www.correiobraziliense.com.br\/cbradar\/o-alimento-crocante-que-muita-gente-coloca-no-iogurte-pode-ajudar-o-intestino-preguicoso-a-funcionar-melhor\/","url":"https:\/\/www.correiobraziliense.com.br\/cbradar\/o-alimento-crocante-que-muita-gente-coloca-no-iogurte-pode-ajudar-o-intestino-preguicoso-a-funcionar-melhor\/","name":"O alimento crocante que muita gente coloca no iogurte pode ajudar o intestino pregui\u00e7oso a funcionar melhor - Correio Braziliense - Radar","isPartOf":{"@id":"https:\/\/www.correiobraziliense.com.br\/cbradar\/#website"},"primaryImageOfPage":{"@id":"https:\/\/www.correiobraziliense.com.br\/cbradar\/o-alimento-crocante-que-muita-gente-coloca-no-iogurte-pode-ajudar-o-intestino-preguicoso-a-funcionar-melhor\/#primaryimage"},"image":{"@id":"https:\/\/www.correiobraziliense.com.br\/cbradar\/o-alimento-crocante-que-muita-gente-coloca-no-iogurte-pode-ajudar-o-intestino-preguicoso-a-funcionar-melhor\/#primaryimage"},"thumbnailUrl":"https:\/\/www.correiobraziliense.com.br\/cbradar\/wp-content\/uploads\/2026\/03\/freepik__tigela-de-iogurte-natural-coberto-com-granola-rica__97672.jpeg","datePublished":"2026-03-11T22:05:13+00:00","author":{"@id":"https:\/\/www.correiobraziliense.com.br\/cbradar\/#\/schema\/person\/7356666e12ec0ee53f348ee5db227032"},"description":"Um alimento comum do caf\u00e9 da manh\u00e3 pode ajudar o intestino a funcionar melhor e melhorar o bem-estar di\u00e1rio de forma simples.","breadcrumb":{"@id":"https:\/\/www.correiobraziliense.com.br\/cbradar\/o-alimento-crocante-que-muita-gente-coloca-no-iogurte-pode-ajudar-o-intestino-preguicoso-a-funcionar-melhor\/#breadcrumb"},"inLanguage":"pt-BR","potentialAction":[{"@type":"ReadAction","target":["https:\/\/www.correiobraziliense.com.br\/cbradar\/o-alimento-crocante-que-muita-gente-coloca-no-iogurte-pode-ajudar-o-intestino-preguicoso-a-funcionar-melhor\/"]}]},{"@type":"ImageObject","inLanguage":"pt-BR","@id":"https:\/\/www.correiobraziliense.com.br\/cbradar\/o-alimento-crocante-que-muita-gente-coloca-no-iogurte-pode-ajudar-o-intestino-preguicoso-a-funcionar-melhor\/#primaryimage","url":"https:\/\/www.correiobraziliense.com.br\/cbradar\/wp-content\/uploads\/2026\/03\/freepik__tigela-de-iogurte-natural-coberto-com-granola-rica__97672.jpeg","contentUrl":"https:\/\/www.correiobraziliense.com.br\/cbradar\/wp-content\/uploads\/2026\/03\/freepik__tigela-de-iogurte-natural-coberto-com-granola-rica__97672.jpeg","width":1280,"height":720,"caption":"A granola costuma ser feita com aveia, castanhas, sementes e frutas secas"},{"@type":"BreadcrumbList","@id":"https:\/\/www.correiobraziliense.com.br\/cbradar\/o-alimento-crocante-que-muita-gente-coloca-no-iogurte-pode-ajudar-o-intestino-preguicoso-a-funcionar-melhor\/#breadcrumb","itemListElement":[{"@type":"ListItem","position":1,"name":"In\u00edcio","item":"https:\/\/www.correiobraziliense.com.br\/cbradar\/"},{"@type":"ListItem","position":2,"name":"O alimento crocante que muita gente coloca no iogurte pode ajudar o intestino pregui\u00e7oso a funcionar melhor"}]},{"@type":"WebSite","@id":"https:\/\/www.correiobraziliense.com.br\/cbradar\/#website","url":"https:\/\/www.correiobraziliense.com.br\/cbradar\/","name":"Correio Braziliense - Radar","description":"Acompanhe as \u00faltimas not\u00edcias e fique bem informado sobre tudo o que acontece no Brasil e no mundo.","potentialAction":[{"@type":"SearchAction","target":{"@type":"EntryPoint","urlTemplate":"https:\/\/www.correiobraziliense.com.br\/cbradar\/?s={search_term_string}"},"query-input":{"@type":"PropertyValueSpecification","valueRequired":true,"valueName":"search_term_string"}}],"inLanguage":"pt-BR"},{"@type":"Person","@id":"https:\/\/www.correiobraziliense.com.br\/cbradar\/#\/schema\/person\/7356666e12ec0ee53f348ee5db227032","name":"Daniely Cardoso","image":{"@type":"ImageObject","inLanguage":"pt-BR","@id":"https:\/\/www.correiobraziliense.com.br\/cbradar\/#\/schema\/person\/image\/","url":"https:\/\/secure.gravatar.com\/avatar\/4b80ddbd124d1f071b626d52d62e5dff?s=96&d=mm&r=g","contentUrl":"https:\/\/secure.gravatar.com\/avatar\/4b80ddbd124d1f071b626d52d62e5dff?s=96&d=mm&r=g","caption":"Daniely Cardoso"},"description":"Redatora nos portais CB Radar e EM Foco, formada pela Universidade Federal de Goi\u00e1s, em Goi\u00e2nia. Apaixonada por comunica\u00e7\u00e3o, arte, decora\u00e7\u00e3o e tend\u00eancias, atuo na produ\u00e7\u00e3o de conte\u00fados envolventes sobre curiosidades, moda, beleza e paisagismo, sempre com um olhar atento \u00e0s novidades do momento.","sameAs":["https:\/\/www.correiobraziliense.com.br\/cbradar"],"url":"https:\/\/www.correiobraziliense.com.br\/cbradar\/author\/danielymyth\/"}]}},"_links":{"self":[{"href":"https:\/\/www.correiobraziliense.com.br\/cbradar\/wp-json\/wp\/v2\/posts\/205951","targetHints":{"allow":["GET"]}}],"collection":[{"href":"https:\/\/www.correiobraziliense.com.br\/cbradar\/wp-json\/wp\/v2\/posts"}],"about":[{"href":"https:\/\/www.correiobraziliense.com.br\/cbradar\/wp-json\/wp\/v2\/types\/post"}],"author":[{"embeddable":true,"href":"https:\/\/www.correiobraziliense.com.br\/cbradar\/wp-json\/wp\/v2\/users\/9"}],"replies":[{"embeddable":true,"href":"https:\/\/www.correiobraziliense.com.br\/cbradar\/wp-json\/wp\/v2\/comments?post=205951"}],"version-history":[{"count":2,"href":"https:\/\/www.correiobraziliense.com.br\/cbradar\/wp-json\/wp\/v2\/posts\/205951\/revisions"}],"predecessor-version":[{"id":206038,"href":"https:\/\/www.correiobraziliense.com.br\/cbradar\/wp-json\/wp\/v2\/posts\/205951\/revisions\/206038"}],"wp:featuredmedia":[{"embeddable":true,"href":"https:\/\/www.correiobraziliense.com.br\/cbradar\/wp-json\/wp\/v2\/media\/206324"}],"wp:attachment":[{"href":"https:\/\/www.correiobraziliense.com.br\/cbradar\/wp-json\/wp\/v2\/media?parent=205951"}],"wp:term":[{"taxonomy":"category","embeddable":true,"href":"https:\/\/www.correiobraziliense.com.br\/cbradar\/wp-json\/wp\/v2\/categories?post=205951"},{"taxonomy":"post_tag","embeddable":true,"href":"https:\/\/www.correiobraziliense.com.br\/cbradar\/wp-json\/wp\/v2\/post_tag?post=205951"}],"curies":[{"name":"wp","href":"https:\/\/api.w.org\/{rel}","templated":true}]}}